{"id":337,"date":"2017-06-08T22:29:34","date_gmt":"2017-06-09T01:29:34","guid":{"rendered":"http:\/\/caririemdestaque.com\/cd\/?p=337"},"modified":"2017-06-08T22:35:17","modified_gmt":"2017-06-09T01:35:17","slug":"dida-alves-participa-da-conferencia-municipal-de-assistencia-social-de-sume","status":"publish","type":"post","link":"https:\/\/noticiasemdestaque.com\/cd\/?p=337","title":{"rendered":"Dida Alves participa da Confer\u00eancia Municipal de Assist\u00eancia Social de Sum\u00e9."},"content":{"rendered":"<p><a href=\"http:\/\/caririemdestaque.com\/cd\/wp-content\/uploads\/2017\/06\/DSC_0051.jpg\"><img fetchpriority=\"high\" decoding=\"async\" class=\"wp-image-340 aligncenter\" src=\"http:\/\/caririemdestaque.com\/cd\/wp-content\/uploads\/2017\/06\/DSC_0051-300x200.jpg\" alt=\"\" width=\"401\" height=\"267\" srcset=\"https:\/\/noticiasemdestaque.com\/cd\/wp-content\/uploads\/2017\/06\/DSC_0051-300x200.jpg 300w, https:\/\/noticiasemdestaque.com\/cd\/wp-content\/uploads\/2017\/06\/DSC_0051-768x511.jpg 768w, https:\/\/noticiasemdestaque.com\/cd\/wp-content\/uploads\/2017\/06\/DSC_0051-480x320.jpg 480w, https:\/\/noticiasemdestaque.com\/cd\/wp-content\/uploads\/2017\/06\/DSC_0051.jpg 800w\" sizes=\"(max-width: 401px) 100vw, 401px\" \/><\/a><\/p>\n<p>O suplente de vereador e presidente Municipal do PP (Partido Progressista) Dida Alves, participou nesta quinta-feira (08\/06) da Confer\u00eancia Municipal de Assist\u00eancia Social de Sum\u00e9.<\/p>\n<p style=\"text-align: center;\"><a href=\"http:\/\/caririemdestaque.com\/cd\/wp-content\/uploads\/2017\/06\/DSC_0063.jpg\"><img decoding=\"async\" class=\"alignnone wp-image-341\" src=\"http:\/\/caririemdestaque.com\/cd\/wp-content\/uploads\/2017\/06\/DSC_0063-300x199.jpg\" alt=\"\" width=\"401\" height=\"266\" srcset=\"https:\/\/noticiasemdestaque.com\/cd\/wp-content\/uploads\/2017\/06\/DSC_0063-300x199.jpg 300w, https:\/\/noticiasemdestaque.com\/cd\/wp-content\/uploads\/2017\/06\/DSC_0063-768x511.jpg 768w, https:\/\/noticiasemdestaque.com\/cd\/wp-content\/uploads\/2017\/06\/DSC_0063-1024x681.jpg 1024w, https:\/\/noticiasemdestaque.com\/cd\/wp-content\/uploads\/2017\/06\/DSC_0063-480x320.jpg 480w\" sizes=\"(max-width: 401px) 100vw, 401px\" \/><\/a><\/p>\n<p>O evento aconteceu na C\u00e2mara de Vereadores e contou com a participa\u00e7\u00e3o de representantes da Secretaria de Assist\u00eancia Social, da secret\u00e1ria Tanniery L\u00eala, o prefeito \u00c9den Duarte, vereadores e a participa\u00e7\u00e3o popular.<\/p>\n<p><a href=\"http:\/\/caririemdestaque.com\/cd\/wp-content\/uploads\/2017\/06\/DSC_0057.jpg\"><img decoding=\"async\" class=\"wp-image-338 aligncenter\" src=\"http:\/\/caririemdestaque.com\/cd\/wp-content\/uploads\/2017\/06\/DSC_0057-300x199.jpg\" alt=\"\" width=\"403\" height=\"267\" srcset=\"https:\/\/noticiasemdestaque.com\/cd\/wp-content\/uploads\/2017\/06\/DSC_0057-300x199.jpg 300w, https:\/\/noticiasemdestaque.com\/cd\/wp-content\/uploads\/2017\/06\/DSC_0057-768x511.jpg 768w, https:\/\/noticiasemdestaque.com\/cd\/wp-content\/uploads\/2017\/06\/DSC_0057-1024x681.jpg 1024w\" sizes=\"(max-width: 403px) 100vw, 403px\" \/><\/a><\/p>\n<p>De acordo com Dida Alves, a Confer\u00eancia de Assist\u00eancia Social \u00e9 uma oportunidade da popula\u00e7\u00e3o escolher as a\u00e7\u00f5es que ser\u00e3o desenvolvidas na \u00e1rea da Assist\u00eancia Social.<\/p>\n<p><strong><em>Cariri em Destaque <\/em><\/strong><\/p>\n<p>&nbsp;<\/p>\n<p>&nbsp;<\/p>\n","protected":false},"excerpt":{"rendered":"<p>O suplente de vereador e presidente Municipal do PP (Partido Progressista) Dida Alves, participou nesta quinta-feira (08\/06) da Confer\u00eancia Municipal de Assist\u00eancia Social de Sum\u00e9. O evento aconteceu na C\u00e2mara de Vereadores e contou com a participa\u00e7\u00e3o de representantes da Secretaria de Assist\u00eancia Social, da secret\u00e1ria Tanniery L\u00eala, o prefeito \u00c9den Duarte, vereadores e a participa\u00e7\u00e3o popular. De acordo com Dida Alves, a Confer\u00eancia de Assist\u00eancia Social \u00e9 uma oportunidade da popula\u00e7\u00e3o escolher as a\u00e7\u00f5es que ser\u00e3o desenvolvidas na \u00e1rea da Assist\u00eancia Social. Cariri em Destaque &nbsp; &nbsp;<\/p>\n","protected":false},"author":2,"featured_media":338,"comment_status":"closed","ping_status":"open","sticky":false,"template":"","format":"standard","meta":{"_eb_attr":"","_jetpack_memberships_contains_paid_content":false,"footnotes":""},"categories":[4],"tags":[],"class_list":["post-337","post","type-post","status-publish","format-standard","has-post-thumbnail","hentry","category-politica"],"yoast_head":"<!-- This site is optimized with the Yoast SEO plugin v26.5 - https:\/\/yoast.com\/wordpress\/plugins\/seo\/ -->\n<title>Dida Alves participa da Confer\u00eancia Municipal de Assist\u00eancia Social de Sum\u00e9. - Not&iacute;cias em Destaque<\/title>\n<meta name=\"robots\" content=\"index, follow, max-snippet:-1, max-image-preview:large, max-video-preview:-1\" \/>\n<link rel=\"canonical\" href=\"https:\/\/noticiasemdestaque.com\/cd\/?p=337\" \/>\n<meta property=\"og:locale\" content=\"pt_BR\" \/>\n<meta property=\"og:type\" content=\"article\" \/>\n<meta property=\"og:title\" content=\"Dida Alves participa da Confer\u00eancia Municipal de Assist\u00eancia Social de Sum\u00e9. - Not&iacute;cias em Destaque\" \/>\n<meta property=\"og:description\" content=\"O suplente de vereador e presidente Municipal do PP (Partido Progressista) Dida Alves, participou nesta quinta-feira (08\/06) da Confer\u00eancia Municipal de Assist\u00eancia Social de Sum\u00e9. O evento aconteceu na C\u00e2mara de Vereadores e contou com a participa\u00e7\u00e3o de representantes da Secretaria de Assist\u00eancia Social, da secret\u00e1ria Tanniery L\u00eala, o prefeito \u00c9den Duarte, vereadores e a participa\u00e7\u00e3o popular. De acordo com Dida Alves, a Confer\u00eancia de Assist\u00eancia Social \u00e9 uma oportunidade da popula\u00e7\u00e3o escolher as a\u00e7\u00f5es que ser\u00e3o desenvolvidas na \u00e1rea da Assist\u00eancia Social. Cariri em Destaque &nbsp; &nbsp;\" \/>\n<meta property=\"og:url\" content=\"https:\/\/noticiasemdestaque.com\/cd\/?p=337\" \/>\n<meta property=\"og:site_name\" content=\"Not&iacute;cias em Destaque\" \/>\n<meta property=\"article:published_time\" content=\"2017-06-09T01:29:34+00:00\" \/>\n<meta property=\"article:modified_time\" content=\"2017-06-09T01:35:17+00:00\" \/>\n<meta property=\"og:image\" content=\"https:\/\/noticiasemdestaque.com\/cd\/wp-content\/uploads\/2017\/06\/DSC_0057-1024x681.jpg\" \/>\n\t<meta property=\"og:image:width\" content=\"1024\" \/>\n\t<meta property=\"og:image:height\" content=\"681\" \/>\n\t<meta property=\"og:image:type\" content=\"image\/jpeg\" \/>\n<meta name=\"author\" content=\"Not\u00edcias em Destaque\" \/>\n<meta name=\"twitter:card\" content=\"summary_large_image\" \/>\n<meta name=\"twitter:label1\" content=\"Escrito por\" \/>\n\t<meta name=\"twitter:data1\" content=\"Not\u00edcias em Destaque\" \/>\n\t<meta name=\"twitter:label2\" content=\"Est. tempo de leitura\" \/>\n\t<meta name=\"twitter:data2\" content=\"1 minuto\" \/>\n<script type=\"application\/ld+json\" class=\"yoast-schema-graph\">{\"@context\":\"https:\/\/schema.org\",\"@graph\":[{\"@type\":\"Article\",\"@id\":\"https:\/\/noticiasemdestaque.com\/cd\/?p=337#article\",\"isPartOf\":{\"@id\":\"https:\/\/noticiasemdestaque.com\/cd\/?p=337\"},\"author\":{\"name\":\"Not\u00edcias em Destaque\",\"@id\":\"https:\/\/noticiasemdestaque.com\/cd\/#\/schema\/person\/47f7d4f55eec17c6b2ca036c5500f6ce\"},\"headline\":\"Dida Alves participa da Confer\u00eancia Municipal de Assist\u00eancia Social de Sum\u00e9.\",\"datePublished\":\"2017-06-09T01:29:34+00:00\",\"dateModified\":\"2017-06-09T01:35:17+00:00\",\"mainEntityOfPage\":{\"@id\":\"https:\/\/noticiasemdestaque.com\/cd\/?p=337\"},\"wordCount\":113,\"publisher\":{\"@id\":\"https:\/\/noticiasemdestaque.com\/cd\/#organization\"},\"image\":{\"@id\":\"https:\/\/noticiasemdestaque.com\/cd\/?p=337#primaryimage\"},\"thumbnailUrl\":\"https:\/\/noticiasemdestaque.com\/cd\/wp-content\/uploads\/2017\/06\/DSC_0057.jpg\",\"articleSection\":[\"Pol\u00edtica\"],\"inLanguage\":\"pt-BR\"},{\"@type\":\"WebPage\",\"@id\":\"https:\/\/noticiasemdestaque.com\/cd\/?p=337\",\"url\":\"https:\/\/noticiasemdestaque.com\/cd\/?p=337\",\"name\":\"Dida Alves participa da Confer\u00eancia Municipal de Assist\u00eancia Social de Sum\u00e9. - Not&iacute;cias em Destaque\",\"isPartOf\":{\"@id\":\"https:\/\/noticiasemdestaque.com\/cd\/#website\"},\"primaryImageOfPage\":{\"@id\":\"https:\/\/noticiasemdestaque.com\/cd\/?p=337#primaryimage\"},\"image\":{\"@id\":\"https:\/\/noticiasemdestaque.com\/cd\/?p=337#primaryimage\"},\"thumbnailUrl\":\"https:\/\/noticiasemdestaque.com\/cd\/wp-content\/uploads\/2017\/06\/DSC_0057.jpg\",\"datePublished\":\"2017-06-09T01:29:34+00:00\",\"dateModified\":\"2017-06-09T01:35:17+00:00\",\"breadcrumb\":{\"@id\":\"https:\/\/noticiasemdestaque.com\/cd\/?p=337#breadcrumb\"},\"inLanguage\":\"pt-BR\",\"potentialAction\":[{\"@type\":\"ReadAction\",\"target\":[\"https:\/\/noticiasemdestaque.com\/cd\/?p=337\"]}]},{\"@type\":\"ImageObject\",\"inLanguage\":\"pt-BR\",\"@id\":\"https:\/\/noticiasemdestaque.com\/cd\/?p=337#primaryimage\",\"url\":\"https:\/\/noticiasemdestaque.com\/cd\/wp-content\/uploads\/2017\/06\/DSC_0057.jpg\",\"contentUrl\":\"https:\/\/noticiasemdestaque.com\/cd\/wp-content\/uploads\/2017\/06\/DSC_0057.jpg\",\"width\":6016,\"height\":4000},{\"@type\":\"BreadcrumbList\",\"@id\":\"https:\/\/noticiasemdestaque.com\/cd\/?p=337#breadcrumb\",\"itemListElement\":[{\"@type\":\"ListItem\",\"position\":1,\"name\":\"In\u00edcio\",\"item\":\"https:\/\/noticiasemdestaque.com\/cd\/\"},{\"@type\":\"ListItem\",\"position\":2,\"name\":\"Dida Alves participa da Confer\u00eancia Municipal de Assist\u00eancia Social de Sum\u00e9.\"}]},{\"@type\":\"WebSite\",\"@id\":\"https:\/\/noticiasemdestaque.com\/cd\/#website\",\"url\":\"https:\/\/noticiasemdestaque.com\/cd\/\",\"name\":\"Not&iacute;cias em Destaque\",\"description\":\"\",\"publisher\":{\"@id\":\"https:\/\/noticiasemdestaque.com\/cd\/#organization\"},\"potentialAction\":[{\"@type\":\"SearchAction\",\"target\":{\"@type\":\"EntryPoint\",\"urlTemplate\":\"https:\/\/noticiasemdestaque.com\/cd\/?s={search_term_string}\"},\"query-input\":{\"@type\":\"PropertyValueSpecification\",\"valueRequired\":true,\"valueName\":\"search_term_string\"}}],\"inLanguage\":\"pt-BR\"},{\"@type\":\"Organization\",\"@id\":\"https:\/\/noticiasemdestaque.com\/cd\/#organization\",\"name\":\"Not\u00edcias em Destaque\",\"url\":\"https:\/\/noticiasemdestaque.com\/cd\/\",\"logo\":{\"@type\":\"ImageObject\",\"inLanguage\":\"pt-BR\",\"@id\":\"https:\/\/noticiasemdestaque.com\/cd\/#\/schema\/logo\/image\/\",\"url\":\"https:\/\/noticiasemdestaque.com\/cd\/wp-content\/uploads\/2022\/05\/imagem-base-noticiasemdestaque.png\",\"contentUrl\":\"https:\/\/noticiasemdestaque.com\/cd\/wp-content\/uploads\/2022\/05\/imagem-base-noticiasemdestaque.png\",\"width\":1200,\"height\":630,\"caption\":\"Not\u00edcias em Destaque\"},\"image\":{\"@id\":\"https:\/\/noticiasemdestaque.com\/cd\/#\/schema\/logo\/image\/\"}},{\"@type\":\"Person\",\"@id\":\"https:\/\/noticiasemdestaque.com\/cd\/#\/schema\/person\/47f7d4f55eec17c6b2ca036c5500f6ce\",\"name\":\"Not\u00edcias em Destaque\",\"url\":\"https:\/\/noticiasemdestaque.com\/cd\/?author=2\"}]}<\/script>\n<!-- \/ Yoast SEO plugin. -->","yoast_head_json":{"title":"Dida Alves participa da Confer\u00eancia Municipal de Assist\u00eancia Social de Sum\u00e9. - Not&iacute;cias em Destaque","robots":{"index":"index","follow":"follow","max-snippet":"max-snippet:-1","max-image-preview":"max-image-preview:large","max-video-preview":"max-video-preview:-1"},"canonical":"https:\/\/noticiasemdestaque.com\/cd\/?p=337","og_locale":"pt_BR","og_type":"article","og_title":"Dida Alves participa da Confer\u00eancia Municipal de Assist\u00eancia Social de Sum\u00e9. - Not&iacute;cias em Destaque","og_description":"O suplente de vereador e presidente Municipal do PP (Partido Progressista) Dida Alves, participou nesta quinta-feira (08\/06) da Confer\u00eancia Municipal de Assist\u00eancia Social de Sum\u00e9. O evento aconteceu na C\u00e2mara de Vereadores e contou com a participa\u00e7\u00e3o de representantes da Secretaria de Assist\u00eancia Social, da secret\u00e1ria Tanniery L\u00eala, o prefeito \u00c9den Duarte, vereadores e a participa\u00e7\u00e3o popular. De acordo com Dida Alves, a Confer\u00eancia de Assist\u00eancia Social \u00e9 uma oportunidade da popula\u00e7\u00e3o escolher as a\u00e7\u00f5es que ser\u00e3o desenvolvidas na \u00e1rea da Assist\u00eancia Social. Cariri em Destaque &nbsp; &nbsp;","og_url":"https:\/\/noticiasemdestaque.com\/cd\/?p=337","og_site_name":"Not&iacute;cias em Destaque","article_published_time":"2017-06-09T01:29:34+00:00","article_modified_time":"2017-06-09T01:35:17+00:00","og_image":[{"width":1024,"height":681,"url":"https:\/\/noticiasemdestaque.com\/cd\/wp-content\/uploads\/2017\/06\/DSC_0057-1024x681.jpg","type":"image\/jpeg"}],"author":"Not\u00edcias em Destaque","twitter_card":"summary_large_image","twitter_misc":{"Escrito por":"Not\u00edcias em Destaque","Est. tempo de leitura":"1 minuto"},"schema":{"@context":"https:\/\/schema.org","@graph":[{"@type":"Article","@id":"https:\/\/noticiasemdestaque.com\/cd\/?p=337#article","isPartOf":{"@id":"https:\/\/noticiasemdestaque.com\/cd\/?p=337"},"author":{"name":"Not\u00edcias em Destaque","@id":"https:\/\/noticiasemdestaque.com\/cd\/#\/schema\/person\/47f7d4f55eec17c6b2ca036c5500f6ce"},"headline":"Dida Alves participa da Confer\u00eancia Municipal de Assist\u00eancia Social de Sum\u00e9.","datePublished":"2017-06-09T01:29:34+00:00","dateModified":"2017-06-09T01:35:17+00:00","mainEntityOfPage":{"@id":"https:\/\/noticiasemdestaque.com\/cd\/?p=337"},"wordCount":113,"publisher":{"@id":"https:\/\/noticiasemdestaque.com\/cd\/#organization"},"image":{"@id":"https:\/\/noticiasemdestaque.com\/cd\/?p=337#primaryimage"},"thumbnailUrl":"https:\/\/noticiasemdestaque.com\/cd\/wp-content\/uploads\/2017\/06\/DSC_0057.jpg","articleSection":["Pol\u00edtica"],"inLanguage":"pt-BR"},{"@type":"WebPage","@id":"https:\/\/noticiasemdestaque.com\/cd\/?p=337","url":"https:\/\/noticiasemdestaque.com\/cd\/?p=337","name":"Dida Alves participa da Confer\u00eancia Municipal de Assist\u00eancia Social de Sum\u00e9. - Not&iacute;cias em Destaque","isPartOf":{"@id":"https:\/\/noticiasemdestaque.com\/cd\/#website"},"primaryImageOfPage":{"@id":"https:\/\/noticiasemdestaque.com\/cd\/?p=337#primaryimage"},"image":{"@id":"https:\/\/noticiasemdestaque.com\/cd\/?p=337#primaryimage"},"thumbnailUrl":"https:\/\/noticiasemdestaque.com\/cd\/wp-content\/uploads\/2017\/06\/DSC_0057.jpg","datePublished":"2017-06-09T01:29:34+00:00","dateModified":"2017-06-09T01:35:17+00:00","breadcrumb":{"@id":"https:\/\/noticiasemdestaque.com\/cd\/?p=337#breadcrumb"},"inLanguage":"pt-BR","potentialAction":[{"@type":"ReadAction","target":["https:\/\/noticiasemdestaque.com\/cd\/?p=337"]}]},{"@type":"ImageObject","inLanguage":"pt-BR","@id":"https:\/\/noticiasemdestaque.com\/cd\/?p=337#primaryimage","url":"https:\/\/noticiasemdestaque.com\/cd\/wp-content\/uploads\/2017\/06\/DSC_0057.jpg","contentUrl":"https:\/\/noticiasemdestaque.com\/cd\/wp-content\/uploads\/2017\/06\/DSC_0057.jpg","width":6016,"height":4000},{"@type":"BreadcrumbList","@id":"https:\/\/noticiasemdestaque.com\/cd\/?p=337#breadcrumb","itemListElement":[{"@type":"ListItem","position":1,"name":"In\u00edcio","item":"https:\/\/noticiasemdestaque.com\/cd\/"},{"@type":"ListItem","position":2,"name":"Dida Alves participa da Confer\u00eancia Municipal de Assist\u00eancia Social de Sum\u00e9."}]},{"@type":"WebSite","@id":"https:\/\/noticiasemdestaque.com\/cd\/#website","url":"https:\/\/noticiasemdestaque.com\/cd\/","name":"Not&iacute;cias em Destaque","description":"","publisher":{"@id":"https:\/\/noticiasemdestaque.com\/cd\/#organization"},"potentialAction":[{"@type":"SearchAction","target":{"@type":"EntryPoint","urlTemplate":"https:\/\/noticiasemdestaque.com\/cd\/?s={search_term_string}"},"query-input":{"@type":"PropertyValueSpecification","valueRequired":true,"valueName":"search_term_string"}}],"inLanguage":"pt-BR"},{"@type":"Organization","@id":"https:\/\/noticiasemdestaque.com\/cd\/#organization","name":"Not\u00edcias em Destaque","url":"https:\/\/noticiasemdestaque.com\/cd\/","logo":{"@type":"ImageObject","inLanguage":"pt-BR","@id":"https:\/\/noticiasemdestaque.com\/cd\/#\/schema\/logo\/image\/","url":"https:\/\/noticiasemdestaque.com\/cd\/wp-content\/uploads\/2022\/05\/imagem-base-noticiasemdestaque.png","contentUrl":"https:\/\/noticiasemdestaque.com\/cd\/wp-content\/uploads\/2022\/05\/imagem-base-noticiasemdestaque.png","width":1200,"height":630,"caption":"Not\u00edcias em Destaque"},"image":{"@id":"https:\/\/noticiasemdestaque.com\/cd\/#\/schema\/logo\/image\/"}},{"@type":"Person","@id":"https:\/\/noticiasemdestaque.com\/cd\/#\/schema\/person\/47f7d4f55eec17c6b2ca036c5500f6ce","name":"Not\u00edcias em Destaque","url":"https:\/\/noticiasemdestaque.com\/cd\/?author=2"}]}},"jetpack_featured_media_url":"https:\/\/noticiasemdestaque.com\/cd\/wp-content\/uploads\/2017\/06\/DSC_0057.jpg","jetpack_sharing_enabled":true,"_links":{"self":[{"href":"https:\/\/noticiasemdestaque.com\/cd\/index.php?rest_route=\/wp\/v2\/posts\/337","targetHints":{"allow":["GET"]}}],"collection":[{"href":"https:\/\/noticiasemdestaque.com\/cd\/index.php?rest_route=\/wp\/v2\/posts"}],"about":[{"href":"https:\/\/noticiasemdestaque.com\/cd\/index.php?rest_route=\/wp\/v2\/types\/post"}],"author":[{"embeddable":true,"href":"https:\/\/noticiasemdestaque.com\/cd\/index.php?rest_route=\/wp\/v2\/users\/2"}],"replies":[{"embeddable":true,"href":"https:\/\/noticiasemdestaque.com\/cd\/index.php?rest_route=%2Fwp%2Fv2%2Fcomments&post=337"}],"version-history":[{"count":2,"href":"https:\/\/noticiasemdestaque.com\/cd\/index.php?rest_route=\/wp\/v2\/posts\/337\/revisions"}],"predecessor-version":[{"id":343,"href":"https:\/\/noticiasemdestaque.com\/cd\/index.php?rest_route=\/wp\/v2\/posts\/337\/revisions\/343"}],"wp:featuredmedia":[{"embeddable":true,"href":"https:\/\/noticiasemdestaque.com\/cd\/index.php?rest_route=\/wp\/v2\/media\/338"}],"wp:attachment":[{"href":"https:\/\/noticiasemdestaque.com\/cd\/index.php?rest_route=%2Fwp%2Fv2%2Fmedia&parent=337"}],"wp:term":[{"taxonomy":"category","embeddable":true,"href":"https:\/\/noticiasemdestaque.com\/cd\/index.php?rest_route=%2Fwp%2Fv2%2Fcategories&post=337"},{"taxonomy":"post_tag","embeddable":true,"href":"https:\/\/noticiasemdestaque.com\/cd\/index.php?rest_route=%2Fwp%2Fv2%2Ftags&post=337"}],"curies":[{"name":"wp","href":"https:\/\/api.w.org\/{rel}","templated":true}]}}