{"id":3283,"date":"2017-08-18T08:49:44","date_gmt":"2017-08-18T11:49:44","guid":{"rendered":"http:\/\/caririemdestaque.com\/cd\/?p=3283"},"modified":"2017-08-18T08:49:44","modified_gmt":"2017-08-18T11:49:44","slug":"presidente-temer-assina-decreto-para-supermercados-abrirem-aos-domingos-e-feriados","status":"publish","type":"post","link":"https:\/\/noticiasemdestaque.com\/cd\/?p=3283","title":{"rendered":"Presidente Temer assina decreto para supermercados abrirem aos domingos e feriados"},"content":{"rendered":"<p><a href=\"http:\/\/caririemdestaque.com\/cd\/wp-content\/uploads\/2017\/08\/1465223074179-caixa-supermercado.jpg\"><img fetchpriority=\"high\" decoding=\"async\" class=\"size-medium wp-image-3284 alignleft\" src=\"http:\/\/caririemdestaque.com\/cd\/wp-content\/uploads\/2017\/08\/1465223074179-caixa-supermercado-300x169.jpg\" alt=\"\" width=\"300\" height=\"169\" srcset=\"https:\/\/noticiasemdestaque.com\/cd\/wp-content\/uploads\/2017\/08\/1465223074179-caixa-supermercado-300x169.jpg 300w, https:\/\/noticiasemdestaque.com\/cd\/wp-content\/uploads\/2017\/08\/1465223074179-caixa-supermercado-768x431.jpg 768w, https:\/\/noticiasemdestaque.com\/cd\/wp-content\/uploads\/2017\/08\/1465223074179-caixa-supermercado.jpg 867w\" sizes=\"(max-width: 300px) 100vw, 300px\" \/><\/a>Supermercados ter\u00e3o menos entraves para abrir aos domingos e feriados. Nessa quarta-feira (16), o presidente Michel Temer assinou decreto dando ao setor o status de servi\u00e7o essencial. At\u00e9 ent\u00e3o, os estabelecimentos necessitavam de uma lei municipal e de acordos com sindicatos para abrir nesses dias.<\/p>\n<p>O decreto original, de 1949, trazia, por exemplo, padarias e peixarias como atividades essenciais, ao contr\u00e1rio dos supermercados. Depois, esses estabelecimentos foram incorporados aos supermercados, mas n\u00e3o poderiam funcionar aos domingos e feriados. \u201cHoje tem acordo, tem multa, tem isso, tem aquilo\u201d, disse Temer, em refer\u00eancia aos supermercados que abrem aos domingos.<\/p>\n<p>De acordo com o governo, o decreto desta quarta-feira n\u00e3o retira a necessidade de acordo entre patr\u00f5es e empregados, mas d\u00e1 mais seguran\u00e7a jur\u00eddica na negocia\u00e7\u00e3o e diminui a depend\u00eancia de aprova\u00e7\u00e3o da prefeitura. A medida valer\u00e1 em todo o pa\u00eds.<\/p>\n<p>A Associa\u00e7\u00e3o Brasileira de Supermercados (Abras) estima que o Brasil tenha 89 mil supermercados, com cerca de 1,8 milh\u00e3o de empregos diretos. Ainda segundo a Abras, o faturamento do setor no ano passado representou 5,4% do Produto Interno Bruto.<\/p>\n<p>Com Valor Econ\u00f4mico<\/p>\n","protected":false},"excerpt":{"rendered":"<p>Supermercados ter\u00e3o menos entraves para abrir aos domingos e feriados. Nessa quarta-feira (16), o presidente Michel Temer assinou decreto dando ao setor o status de servi\u00e7o essencial. At\u00e9 ent\u00e3o, os estabelecimentos necessitavam de uma lei municipal e de acordos com sindicatos para abrir nesses dias. O decreto original, de 1949, trazia, por exemplo, padarias e peixarias como atividades essenciais, ao contr\u00e1rio dos supermercados. Depois, esses estabelecimentos foram incorporados aos supermercados, mas n\u00e3o poderiam funcionar aos domingos e feriados. \u201cHoje tem acordo, tem multa, tem isso, tem aquilo\u201d, disse Temer, em refer\u00eancia aos supermercados que abrem aos domingos. De acordo com o governo, o decreto desta quarta-feira n\u00e3o retira a necessidade de acordo entre patr\u00f5es e empregados, mas d\u00e1 mais seguran\u00e7a jur\u00eddica na negocia\u00e7\u00e3o e diminui a depend\u00eancia de aprova\u00e7\u00e3o da prefeitura. A medida valer\u00e1 em todo o pa\u00eds. A Associa\u00e7\u00e3o Brasileira de Supermercados (Abras) estima que o Brasil tenha 89 mil supermercados, com cerca de 1,8 milh\u00e3o de empregos diretos. Ainda segundo a Abras, o faturamento do setor no ano passado representou 5,4% do Produto Interno Bruto. Com Valor Econ\u00f4mico<\/p>\n","protected":false},"author":2,"featured_media":3284,"comment_status":"closed","ping_status":"open","sticky":false,"template":"","format":"standard","meta":{"_eb_attr":"","_jetpack_memberships_contains_paid_content":false,"footnotes":""},"categories":[4],"tags":[],"class_list":["post-3283","post","type-post","status-publish","format-standard","has-post-thumbnail","hentry","category-politica"],"yoast_head":"<!-- This site is optimized with the Yoast SEO plugin v26.5 - https:\/\/yoast.com\/wordpress\/plugins\/seo\/ -->\n<title>Presidente Temer assina decreto para supermercados abrirem aos domingos e feriados - Not&iacute;cias em Destaque<\/title>\n<meta name=\"robots\" content=\"index, follow, max-snippet:-1, max-image-preview:large, max-video-preview:-1\" \/>\n<link rel=\"canonical\" href=\"https:\/\/noticiasemdestaque.com\/cd\/?p=3283\" \/>\n<meta property=\"og:locale\" content=\"pt_BR\" \/>\n<meta property=\"og:type\" content=\"article\" \/>\n<meta property=\"og:title\" content=\"Presidente Temer assina decreto para supermercados abrirem aos domingos e feriados - Not&iacute;cias em Destaque\" \/>\n<meta property=\"og:description\" content=\"Supermercados ter\u00e3o menos entraves para abrir aos domingos e feriados. Nessa quarta-feira (16), o presidente Michel Temer assinou decreto dando ao setor o status de servi\u00e7o essencial. At\u00e9 ent\u00e3o, os estabelecimentos necessitavam de uma lei municipal e de acordos com sindicatos para abrir nesses dias. O decreto original, de 1949, trazia, por exemplo, padarias e peixarias como atividades essenciais, ao contr\u00e1rio dos supermercados. Depois, esses estabelecimentos foram incorporados aos supermercados, mas n\u00e3o poderiam funcionar aos domingos e feriados. \u201cHoje tem acordo, tem multa, tem isso, tem aquilo\u201d, disse Temer, em refer\u00eancia aos supermercados que abrem aos domingos. De acordo com o governo, o decreto desta quarta-feira n\u00e3o retira a necessidade de acordo entre patr\u00f5es e empregados, mas d\u00e1 mais seguran\u00e7a jur\u00eddica na negocia\u00e7\u00e3o e diminui a depend\u00eancia de aprova\u00e7\u00e3o da prefeitura. A medida valer\u00e1 em todo o pa\u00eds. A Associa\u00e7\u00e3o Brasileira de Supermercados (Abras) estima que o Brasil tenha 89 mil supermercados, com cerca de 1,8 milh\u00e3o de empregos diretos. Ainda segundo a Abras, o faturamento do setor no ano passado representou 5,4% do Produto Interno Bruto. Com Valor Econ\u00f4mico\" \/>\n<meta property=\"og:url\" content=\"https:\/\/noticiasemdestaque.com\/cd\/?p=3283\" \/>\n<meta property=\"og:site_name\" content=\"Not&iacute;cias em Destaque\" \/>\n<meta property=\"article:published_time\" content=\"2017-08-18T11:49:44+00:00\" \/>\n<meta property=\"og:image\" content=\"https:\/\/noticiasemdestaque.com\/cd\/wp-content\/uploads\/2017\/08\/1465223074179-caixa-supermercado.jpg\" \/>\n\t<meta property=\"og:image:width\" content=\"867\" \/>\n\t<meta property=\"og:image:height\" content=\"487\" \/>\n\t<meta property=\"og:image:type\" content=\"image\/jpeg\" \/>\n<meta name=\"author\" content=\"Not\u00edcias em Destaque\" \/>\n<meta name=\"twitter:card\" content=\"summary_large_image\" \/>\n<meta name=\"twitter:label1\" content=\"Escrito por\" \/>\n\t<meta name=\"twitter:data1\" content=\"Not\u00edcias em Destaque\" \/>\n\t<meta name=\"twitter:label2\" content=\"Est. tempo de leitura\" \/>\n\t<meta name=\"twitter:data2\" content=\"1 minuto\" \/>\n<script type=\"application\/ld+json\" class=\"yoast-schema-graph\">{\"@context\":\"https:\/\/schema.org\",\"@graph\":[{\"@type\":\"Article\",\"@id\":\"https:\/\/noticiasemdestaque.com\/cd\/?p=3283#article\",\"isPartOf\":{\"@id\":\"https:\/\/noticiasemdestaque.com\/cd\/?p=3283\"},\"author\":{\"name\":\"Not\u00edcias em Destaque\",\"@id\":\"https:\/\/noticiasemdestaque.com\/cd\/#\/schema\/person\/4a81fb71f77579d059c3045891fa1786\"},\"headline\":\"Presidente Temer assina decreto para supermercados abrirem aos domingos e feriados\",\"datePublished\":\"2017-08-18T11:49:44+00:00\",\"mainEntityOfPage\":{\"@id\":\"https:\/\/noticiasemdestaque.com\/cd\/?p=3283\"},\"wordCount\":203,\"publisher\":{\"@id\":\"https:\/\/noticiasemdestaque.com\/cd\/#organization\"},\"image\":{\"@id\":\"https:\/\/noticiasemdestaque.com\/cd\/?p=3283#primaryimage\"},\"thumbnailUrl\":\"https:\/\/noticiasemdestaque.com\/cd\/wp-content\/uploads\/2017\/08\/1465223074179-caixa-supermercado.jpg\",\"articleSection\":[\"Pol\u00edtica\"],\"inLanguage\":\"pt-BR\"},{\"@type\":\"WebPage\",\"@id\":\"https:\/\/noticiasemdestaque.com\/cd\/?p=3283\",\"url\":\"https:\/\/noticiasemdestaque.com\/cd\/?p=3283\",\"name\":\"Presidente Temer assina decreto para supermercados abrirem aos domingos e feriados - Not&iacute;cias em Destaque\",\"isPartOf\":{\"@id\":\"https:\/\/noticiasemdestaque.com\/cd\/#website\"},\"primaryImageOfPage\":{\"@id\":\"https:\/\/noticiasemdestaque.com\/cd\/?p=3283#primaryimage\"},\"image\":{\"@id\":\"https:\/\/noticiasemdestaque.com\/cd\/?p=3283#primaryimage\"},\"thumbnailUrl\":\"https:\/\/noticiasemdestaque.com\/cd\/wp-content\/uploads\/2017\/08\/1465223074179-caixa-supermercado.jpg\",\"datePublished\":\"2017-08-18T11:49:44+00:00\",\"breadcrumb\":{\"@id\":\"https:\/\/noticiasemdestaque.com\/cd\/?p=3283#breadcrumb\"},\"inLanguage\":\"pt-BR\",\"potentialAction\":[{\"@type\":\"ReadAction\",\"target\":[\"https:\/\/noticiasemdestaque.com\/cd\/?p=3283\"]}]},{\"@type\":\"ImageObject\",\"inLanguage\":\"pt-BR\",\"@id\":\"https:\/\/noticiasemdestaque.com\/cd\/?p=3283#primaryimage\",\"url\":\"https:\/\/noticiasemdestaque.com\/cd\/wp-content\/uploads\/2017\/08\/1465223074179-caixa-supermercado.jpg\",\"contentUrl\":\"https:\/\/noticiasemdestaque.com\/cd\/wp-content\/uploads\/2017\/08\/1465223074179-caixa-supermercado.jpg\",\"width\":867,\"height\":487},{\"@type\":\"BreadcrumbList\",\"@id\":\"https:\/\/noticiasemdestaque.com\/cd\/?p=3283#breadcrumb\",\"itemListElement\":[{\"@type\":\"ListItem\",\"position\":1,\"name\":\"In\u00edcio\",\"item\":\"https:\/\/noticiasemdestaque.com\/cd\/\"},{\"@type\":\"ListItem\",\"position\":2,\"name\":\"Presidente Temer assina decreto para supermercados abrirem aos domingos e feriados\"}]},{\"@type\":\"WebSite\",\"@id\":\"https:\/\/noticiasemdestaque.com\/cd\/#website\",\"url\":\"https:\/\/noticiasemdestaque.com\/cd\/\",\"name\":\"Not&iacute;cias em Destaque\",\"description\":\"\",\"publisher\":{\"@id\":\"https:\/\/noticiasemdestaque.com\/cd\/#organization\"},\"potentialAction\":[{\"@type\":\"SearchAction\",\"target\":{\"@type\":\"EntryPoint\",\"urlTemplate\":\"https:\/\/noticiasemdestaque.com\/cd\/?s={search_term_string}\"},\"query-input\":{\"@type\":\"PropertyValueSpecification\",\"valueRequired\":true,\"valueName\":\"search_term_string\"}}],\"inLanguage\":\"pt-BR\"},{\"@type\":\"Organization\",\"@id\":\"https:\/\/noticiasemdestaque.com\/cd\/#organization\",\"name\":\"Not\u00edcias em Destaque\",\"url\":\"https:\/\/noticiasemdestaque.com\/cd\/\",\"logo\":{\"@type\":\"ImageObject\",\"inLanguage\":\"pt-BR\",\"@id\":\"https:\/\/noticiasemdestaque.com\/cd\/#\/schema\/logo\/image\/\",\"url\":\"https:\/\/noticiasemdestaque.com\/cd\/wp-content\/uploads\/2022\/05\/imagem-base-noticiasemdestaque.png\",\"contentUrl\":\"https:\/\/noticiasemdestaque.com\/cd\/wp-content\/uploads\/2022\/05\/imagem-base-noticiasemdestaque.png\",\"width\":1200,\"height\":630,\"caption\":\"Not\u00edcias em Destaque\"},\"image\":{\"@id\":\"https:\/\/noticiasemdestaque.com\/cd\/#\/schema\/logo\/image\/\"}},{\"@type\":\"Person\",\"@id\":\"https:\/\/noticiasemdestaque.com\/cd\/#\/schema\/person\/4a81fb71f77579d059c3045891fa1786\",\"name\":\"Not\u00edcias em Destaque\",\"url\":\"https:\/\/noticiasemdestaque.com\/cd\/?author=2\"}]}<\/script>\n<!-- \/ Yoast SEO plugin. -->","yoast_head_json":{"title":"Presidente Temer assina decreto para supermercados abrirem aos domingos e feriados - Not&iacute;cias em Destaque","robots":{"index":"index","follow":"follow","max-snippet":"max-snippet:-1","max-image-preview":"max-image-preview:large","max-video-preview":"max-video-preview:-1"},"canonical":"https:\/\/noticiasemdestaque.com\/cd\/?p=3283","og_locale":"pt_BR","og_type":"article","og_title":"Presidente Temer assina decreto para supermercados abrirem aos domingos e feriados - Not&iacute;cias em Destaque","og_description":"Supermercados ter\u00e3o menos entraves para abrir aos domingos e feriados. Nessa quarta-feira (16), o presidente Michel Temer assinou decreto dando ao setor o status de servi\u00e7o essencial. At\u00e9 ent\u00e3o, os estabelecimentos necessitavam de uma lei municipal e de acordos com sindicatos para abrir nesses dias. O decreto original, de 1949, trazia, por exemplo, padarias e peixarias como atividades essenciais, ao contr\u00e1rio dos supermercados. Depois, esses estabelecimentos foram incorporados aos supermercados, mas n\u00e3o poderiam funcionar aos domingos e feriados. \u201cHoje tem acordo, tem multa, tem isso, tem aquilo\u201d, disse Temer, em refer\u00eancia aos supermercados que abrem aos domingos. De acordo com o governo, o decreto desta quarta-feira n\u00e3o retira a necessidade de acordo entre patr\u00f5es e empregados, mas d\u00e1 mais seguran\u00e7a jur\u00eddica na negocia\u00e7\u00e3o e diminui a depend\u00eancia de aprova\u00e7\u00e3o da prefeitura. A medida valer\u00e1 em todo o pa\u00eds. A Associa\u00e7\u00e3o Brasileira de Supermercados (Abras) estima que o Brasil tenha 89 mil supermercados, com cerca de 1,8 milh\u00e3o de empregos diretos. Ainda segundo a Abras, o faturamento do setor no ano passado representou 5,4% do Produto Interno Bruto. Com Valor Econ\u00f4mico","og_url":"https:\/\/noticiasemdestaque.com\/cd\/?p=3283","og_site_name":"Not&iacute;cias em Destaque","article_published_time":"2017-08-18T11:49:44+00:00","og_image":[{"width":867,"height":487,"url":"https:\/\/noticiasemdestaque.com\/cd\/wp-content\/uploads\/2017\/08\/1465223074179-caixa-supermercado.jpg","type":"image\/jpeg"}],"author":"Not\u00edcias em Destaque","twitter_card":"summary_large_image","twitter_misc":{"Escrito por":"Not\u00edcias em Destaque","Est. tempo de leitura":"1 minuto"},"schema":{"@context":"https:\/\/schema.org","@graph":[{"@type":"Article","@id":"https:\/\/noticiasemdestaque.com\/cd\/?p=3283#article","isPartOf":{"@id":"https:\/\/noticiasemdestaque.com\/cd\/?p=3283"},"author":{"name":"Not\u00edcias em Destaque","@id":"https:\/\/noticiasemdestaque.com\/cd\/#\/schema\/person\/4a81fb71f77579d059c3045891fa1786"},"headline":"Presidente Temer assina decreto para supermercados abrirem aos domingos e feriados","datePublished":"2017-08-18T11:49:44+00:00","mainEntityOfPage":{"@id":"https:\/\/noticiasemdestaque.com\/cd\/?p=3283"},"wordCount":203,"publisher":{"@id":"https:\/\/noticiasemdestaque.com\/cd\/#organization"},"image":{"@id":"https:\/\/noticiasemdestaque.com\/cd\/?p=3283#primaryimage"},"thumbnailUrl":"https:\/\/noticiasemdestaque.com\/cd\/wp-content\/uploads\/2017\/08\/1465223074179-caixa-supermercado.jpg","articleSection":["Pol\u00edtica"],"inLanguage":"pt-BR"},{"@type":"WebPage","@id":"https:\/\/noticiasemdestaque.com\/cd\/?p=3283","url":"https:\/\/noticiasemdestaque.com\/cd\/?p=3283","name":"Presidente Temer assina decreto para supermercados abrirem aos domingos e feriados - Not&iacute;cias em Destaque","isPartOf":{"@id":"https:\/\/noticiasemdestaque.com\/cd\/#website"},"primaryImageOfPage":{"@id":"https:\/\/noticiasemdestaque.com\/cd\/?p=3283#primaryimage"},"image":{"@id":"https:\/\/noticiasemdestaque.com\/cd\/?p=3283#primaryimage"},"thumbnailUrl":"https:\/\/noticiasemdestaque.com\/cd\/wp-content\/uploads\/2017\/08\/1465223074179-caixa-supermercado.jpg","datePublished":"2017-08-18T11:49:44+00:00","breadcrumb":{"@id":"https:\/\/noticiasemdestaque.com\/cd\/?p=3283#breadcrumb"},"inLanguage":"pt-BR","potentialAction":[{"@type":"ReadAction","target":["https:\/\/noticiasemdestaque.com\/cd\/?p=3283"]}]},{"@type":"ImageObject","inLanguage":"pt-BR","@id":"https:\/\/noticiasemdestaque.com\/cd\/?p=3283#primaryimage","url":"https:\/\/noticiasemdestaque.com\/cd\/wp-content\/uploads\/2017\/08\/1465223074179-caixa-supermercado.jpg","contentUrl":"https:\/\/noticiasemdestaque.com\/cd\/wp-content\/uploads\/2017\/08\/1465223074179-caixa-supermercado.jpg","width":867,"height":487},{"@type":"BreadcrumbList","@id":"https:\/\/noticiasemdestaque.com\/cd\/?p=3283#breadcrumb","itemListElement":[{"@type":"ListItem","position":1,"name":"In\u00edcio","item":"https:\/\/noticiasemdestaque.com\/cd\/"},{"@type":"ListItem","position":2,"name":"Presidente Temer assina decreto para supermercados abrirem aos domingos e feriados"}]},{"@type":"WebSite","@id":"https:\/\/noticiasemdestaque.com\/cd\/#website","url":"https:\/\/noticiasemdestaque.com\/cd\/","name":"Not&iacute;cias em Destaque","description":"","publisher":{"@id":"https:\/\/noticiasemdestaque.com\/cd\/#organization"},"potentialAction":[{"@type":"SearchAction","target":{"@type":"EntryPoint","urlTemplate":"https:\/\/noticiasemdestaque.com\/cd\/?s={search_term_string}"},"query-input":{"@type":"PropertyValueSpecification","valueRequired":true,"valueName":"search_term_string"}}],"inLanguage":"pt-BR"},{"@type":"Organization","@id":"https:\/\/noticiasemdestaque.com\/cd\/#organization","name":"Not\u00edcias em Destaque","url":"https:\/\/noticiasemdestaque.com\/cd\/","logo":{"@type":"ImageObject","inLanguage":"pt-BR","@id":"https:\/\/noticiasemdestaque.com\/cd\/#\/schema\/logo\/image\/","url":"https:\/\/noticiasemdestaque.com\/cd\/wp-content\/uploads\/2022\/05\/imagem-base-noticiasemdestaque.png","contentUrl":"https:\/\/noticiasemdestaque.com\/cd\/wp-content\/uploads\/2022\/05\/imagem-base-noticiasemdestaque.png","width":1200,"height":630,"caption":"Not\u00edcias em Destaque"},"image":{"@id":"https:\/\/noticiasemdestaque.com\/cd\/#\/schema\/logo\/image\/"}},{"@type":"Person","@id":"https:\/\/noticiasemdestaque.com\/cd\/#\/schema\/person\/4a81fb71f77579d059c3045891fa1786","name":"Not\u00edcias em Destaque","url":"https:\/\/noticiasemdestaque.com\/cd\/?author=2"}]}},"jetpack_featured_media_url":"https:\/\/noticiasemdestaque.com\/cd\/wp-content\/uploads\/2017\/08\/1465223074179-caixa-supermercado.jpg","jetpack_sharing_enabled":true,"_links":{"self":[{"href":"https:\/\/noticiasemdestaque.com\/cd\/index.php?rest_route=\/wp\/v2\/posts\/3283","targetHints":{"allow":["GET"]}}],"collection":[{"href":"https:\/\/noticiasemdestaque.com\/cd\/index.php?rest_route=\/wp\/v2\/posts"}],"about":[{"href":"https:\/\/noticiasemdestaque.com\/cd\/index.php?rest_route=\/wp\/v2\/types\/post"}],"author":[{"embeddable":true,"href":"https:\/\/noticiasemdestaque.com\/cd\/index.php?rest_route=\/wp\/v2\/users\/2"}],"replies":[{"embeddable":true,"href":"https:\/\/noticiasemdestaque.com\/cd\/index.php?rest_route=%2Fwp%2Fv2%2Fcomments&post=3283"}],"version-history":[{"count":1,"href":"https:\/\/noticiasemdestaque.com\/cd\/index.php?rest_route=\/wp\/v2\/posts\/3283\/revisions"}],"predecessor-version":[{"id":3285,"href":"https:\/\/noticiasemdestaque.com\/cd\/index.php?rest_route=\/wp\/v2\/posts\/3283\/revisions\/3285"}],"wp:featuredmedia":[{"embeddable":true,"href":"https:\/\/noticiasemdestaque.com\/cd\/index.php?rest_route=\/wp\/v2\/media\/3284"}],"wp:attachment":[{"href":"https:\/\/noticiasemdestaque.com\/cd\/index.php?rest_route=%2Fwp%2Fv2%2Fmedia&parent=3283"}],"wp:term":[{"taxonomy":"category","embeddable":true,"href":"https:\/\/noticiasemdestaque.com\/cd\/index.php?rest_route=%2Fwp%2Fv2%2Fcategories&post=3283"},{"taxonomy":"post_tag","embeddable":true,"href":"https:\/\/noticiasemdestaque.com\/cd\/index.php?rest_route=%2Fwp%2Fv2%2Ftags&post=3283"}],"curies":[{"name":"wp","href":"https:\/\/api.w.org\/{rel}","templated":true}]}}