{"id":3280,"date":"2017-08-18T08:48:19","date_gmt":"2017-08-18T11:48:19","guid":{"rendered":"http:\/\/caririemdestaque.com\/cd\/?p=3280"},"modified":"2017-08-18T08:48:19","modified_gmt":"2017-08-18T11:48:19","slug":"inscricoes-para-o-encceja-podem-ser-realizadas-ate-hoje","status":"publish","type":"post","link":"https:\/\/noticiasemdestaque.com\/cd\/?p=3280","title":{"rendered":"Inscri\u00e7\u00f5es para o Encceja podem ser realizadas at\u00e9 hoje"},"content":{"rendered":"<p><a href=\"http:\/\/caririemdestaque.com\/cd\/wp-content\/uploads\/2017\/08\/cronograma-oficial-encceja-2017-4.png\"><img decoding=\"async\" class=\"size-medium wp-image-3281 alignleft\" src=\"http:\/\/caririemdestaque.com\/cd\/wp-content\/uploads\/2017\/08\/cronograma-oficial-encceja-2017-4-300x136.png\" alt=\"\" width=\"300\" height=\"136\" srcset=\"https:\/\/noticiasemdestaque.com\/cd\/wp-content\/uploads\/2017\/08\/cronograma-oficial-encceja-2017-4-300x136.png 300w, https:\/\/noticiasemdestaque.com\/cd\/wp-content\/uploads\/2017\/08\/cronograma-oficial-encceja-2017-4.png 600w\" sizes=\"(max-width: 300px) 100vw, 300px\" \/><\/a>As inscri\u00e7\u00f5es para o Exame Nacional para Certifica\u00e7\u00e3o de Compet\u00eancias de Jovens e Adultos (Encceja) ser\u00e3o realizadas at\u00e9 \u00e0s 23h59 desta sexta-feira (18). Para fazer o Encceja \u00e9 preciso ter, no m\u00ednimo, 15 anos completos na data de realiza\u00e7\u00e3o do exame, para quem busca a certifica\u00e7\u00e3o do ensino fundamental; ou ter no m\u00ednimo 18 anos completos, para quem busca a certifica\u00e7\u00e3o do ensino m\u00e9dio. Para se inscrever \u00e9 preciso informar o n\u00famero do Cadastro de Pessoa F\u00edsica (CPF), e-mail e celular v\u00e1lidos. As inscri\u00e7\u00f5es poder\u00e3o ser feitas no portal do Inep: http:\/\/enccejanacional.inep.gov.br\/encceja\/#!\/primeiroAcesso.<\/p>\n<p>As provas ser\u00e3o aplicadas em 22 de outubro em todas as unidades da Federa\u00e7\u00e3o. Na Para\u00edba a aplica\u00e7\u00e3o ocorrer\u00e1 nas cidades de Jo\u00e3o Pessoa, Campina Grande, Patos, Sousa e Cajazeiras.<\/p>\n<p>Se o participante precisar de atendimento especializado e\/ou espec\u00edfico deve fazer a solicita\u00e7\u00e3o, e comprovar a necessidade, durante o per\u00edodo de inscri\u00e7\u00e3o. Durante a inscri\u00e7\u00e3o tamb\u00e9m \u00e9 necess\u00e1rio indicar a certifica\u00e7\u00e3o de conclus\u00e3o de interesse, se para ensino fundamental ou para ensino m\u00e9dio. O participante deve indicar tamb\u00e9m a prova com a qual deseja obter certifica\u00e7\u00e3o, no ensino fundamental ou ensino m\u00e9dio. Isso ocorre porque algumas pessoas j\u00e1 t\u00eam uma declara\u00e7\u00e3o parcial de profici\u00eancia, n\u00e3o precisando repetir a prova da \u00e1rea.<\/p>\n<p>Tamb\u00e9m deve ser indicada em qual Secretaria Estadual de Educa\u00e7\u00e3o ou Instituto Federal de Educa\u00e7\u00e3o Ci\u00eancia e Tecnologia o participante deseja solicitar o certificado de conclus\u00e3o do ensino fundamental ou do ensino m\u00e9dio ou a declara\u00e7\u00e3o parcial de profici\u00eancia. Por fim, \u00e9 preciso escolher a cidade onde realizar\u00e1 as provas.<\/p>\n<p>O Encceja tem como principal objetivo construir uma refer\u00eancia nacional de educa\u00e7\u00e3o para jovens e adultos por meio da avalia\u00e7\u00e3o de compet\u00eancias, habilidades e saberes adquiridos no processo escolar ou nos processos formativos que se desenvolvem na vida familiar, na conviv\u00eancia humana, no trabalho, nos movimentos sociais e organiza\u00e7\u00f5es da sociedade civil e nas manifesta\u00e7\u00f5es culturais, entre outros.<\/p>\n<p>A participa\u00e7\u00e3o no Encceja \u00e9 volunt\u00e1ria e gratuita, destinada aos jovens e adultos residentes no Brasil e no Exterior, inclusive \u00e0s pessoas privadas de liberdade, que n\u00e3o tiveram oportunidade de concluir seus estudos na idade apropriada.<\/p>\n<p>O Encceja constitui-se de provas elaboradas para o ensino fundamental: L\u00edngua Portuguesa, L\u00edngua Estrangeira Moderna, Artes, Educa\u00e7\u00e3o F\u00edsica e Reda\u00e7\u00e3o; Matem\u00e1tica; Hist\u00f3ria e Geografia; Ci\u00eancias Naturais. E para o ensino m\u00e9dio (apenas para os brasileiros residentes no Exterior): Linguagens, C\u00f3digos e suas Tecnologias e Reda\u00e7\u00e3o; Matem\u00e1tica e suas Tecnologias; Ci\u00eancias Humanas e suas Tecnologias; Ci\u00eancias da Natureza e suas Tecnologias. Essas \u00e1reas do conhecimento foram estabelecidas a partir do curr\u00edculo da Base Nacional Comum, de acordo com os Par\u00e2metros Curriculares Nacionais (PCN&#8217;s).<\/p>\n<p>Todos aqueles que tenham realizado o Encceja Nacional em anos anteriores e n\u00e3o obtiveram m\u00e9dia para aprova\u00e7\u00e3o na \u00e1rea de conhecimento, poder\u00e3o inscrever-se novamente no Exame para elimina\u00e7\u00e3o do componente curricular desejado, caso tenham interesse.<\/p>\n","protected":false},"excerpt":{"rendered":"<p>As inscri\u00e7\u00f5es para o Exame Nacional para Certifica\u00e7\u00e3o de Compet\u00eancias de Jovens e Adultos (Encceja) ser\u00e3o realizadas at\u00e9 \u00e0s 23h59 desta sexta-feira (18). Para fazer o Encceja \u00e9 preciso ter, no m\u00ednimo, 15 anos completos na data de realiza\u00e7\u00e3o do exame, para quem busca a certifica\u00e7\u00e3o do ensino fundamental; ou ter no m\u00ednimo 18 anos completos, para quem busca a certifica\u00e7\u00e3o do ensino m\u00e9dio. Para se inscrever \u00e9 preciso informar o n\u00famero do Cadastro de Pessoa F\u00edsica (CPF), e-mail e celular v\u00e1lidos. As inscri\u00e7\u00f5es poder\u00e3o ser feitas no portal do Inep: http:\/\/enccejanacional.inep.gov.br\/encceja\/#!\/primeiroAcesso. As provas ser\u00e3o aplicadas em 22 de outubro em todas as unidades da Federa\u00e7\u00e3o. Na Para\u00edba a aplica\u00e7\u00e3o ocorrer\u00e1 nas cidades de Jo\u00e3o Pessoa, Campina Grande, Patos, Sousa e Cajazeiras. Se o participante precisar de atendimento especializado e\/ou espec\u00edfico deve fazer a solicita\u00e7\u00e3o, e comprovar a necessidade, durante o per\u00edodo de inscri\u00e7\u00e3o. Durante a inscri\u00e7\u00e3o tamb\u00e9m \u00e9 necess\u00e1rio indicar a certifica\u00e7\u00e3o de conclus\u00e3o de interesse, se para ensino fundamental ou para ensino m\u00e9dio. O participante deve indicar tamb\u00e9m a prova com a qual deseja obter certifica\u00e7\u00e3o, no ensino fundamental ou ensino m\u00e9dio. Isso ocorre porque algumas pessoas j\u00e1 t\u00eam uma declara\u00e7\u00e3o parcial de profici\u00eancia, n\u00e3o precisando repetir a prova da \u00e1rea. Tamb\u00e9m deve ser indicada em qual Secretaria Estadual de Educa\u00e7\u00e3o ou Instituto Federal de Educa\u00e7\u00e3o Ci\u00eancia e Tecnologia o participante deseja solicitar o certificado de conclus\u00e3o do ensino fundamental ou do ensino m\u00e9dio ou a declara\u00e7\u00e3o parcial de profici\u00eancia. Por fim, \u00e9 preciso escolher a cidade onde realizar\u00e1 as provas. O Encceja tem como principal objetivo construir uma refer\u00eancia nacional de educa\u00e7\u00e3o para jovens e adultos por meio da avalia\u00e7\u00e3o de compet\u00eancias, habilidades e saberes adquiridos no processo escolar ou nos processos formativos que se desenvolvem na vida familiar, na conviv\u00eancia humana, no trabalho, nos movimentos sociais e organiza\u00e7\u00f5es da sociedade civil e nas manifesta\u00e7\u00f5es culturais, entre outros. A participa\u00e7\u00e3o no Encceja \u00e9 volunt\u00e1ria e gratuita, destinada aos jovens e adultos residentes no Brasil e no Exterior, inclusive \u00e0s pessoas privadas de liberdade, que n\u00e3o tiveram oportunidade de concluir seus estudos na idade apropriada. O Encceja constitui-se de provas elaboradas para o ensino fundamental: L\u00edngua Portuguesa, L\u00edngua Estrangeira Moderna, Artes, Educa\u00e7\u00e3o F\u00edsica e Reda\u00e7\u00e3o; Matem\u00e1tica; Hist\u00f3ria e Geografia; Ci\u00eancias Naturais. E para o ensino m\u00e9dio (apenas para os brasileiros residentes no Exterior): Linguagens, C\u00f3digos e suas Tecnologias e Reda\u00e7\u00e3o; Matem\u00e1tica e suas Tecnologias; Ci\u00eancias Humanas e suas Tecnologias; Ci\u00eancias da Natureza e suas Tecnologias. Essas \u00e1reas do conhecimento foram estabelecidas a partir do curr\u00edculo da Base Nacional Comum, de acordo com os Par\u00e2metros Curriculares Nacionais (PCN&#8217;s). Todos aqueles que tenham realizado o Encceja Nacional em anos anteriores e n\u00e3o obtiveram m\u00e9dia para aprova\u00e7\u00e3o na \u00e1rea de conhecimento, poder\u00e3o inscrever-se novamente no Exame para elimina\u00e7\u00e3o do componente curricular desejado, caso tenham interesse.<\/p>\n","protected":false},"author":2,"featured_media":3281,"comment_status":"closed","ping_status":"open","sticky":false,"template":"","format":"standard","meta":{"_eb_attr":"","_jetpack_memberships_contains_paid_content":false,"footnotes":""},"categories":[6],"tags":[],"class_list":["post-3280","post","type-post","status-publish","format-standard","has-post-thumbnail","hentry","category-educacao"],"yoast_head":"<!-- This site is optimized with the Yoast SEO plugin v26.5 - https:\/\/yoast.com\/wordpress\/plugins\/seo\/ -->\n<title>Inscri\u00e7\u00f5es para o Encceja podem ser realizadas at\u00e9 hoje - Not&iacute;cias em Destaque<\/title>\n<meta name=\"robots\" content=\"index, follow, max-snippet:-1, max-image-preview:large, max-video-preview:-1\" \/>\n<link rel=\"canonical\" href=\"https:\/\/noticiasemdestaque.com\/cd\/?p=3280\" \/>\n<meta property=\"og:locale\" content=\"pt_BR\" \/>\n<meta property=\"og:type\" content=\"article\" \/>\n<meta property=\"og:title\" content=\"Inscri\u00e7\u00f5es para o Encceja podem ser realizadas at\u00e9 hoje - Not&iacute;cias em Destaque\" \/>\n<meta property=\"og:description\" content=\"As inscri\u00e7\u00f5es para o Exame Nacional para Certifica\u00e7\u00e3o de Compet\u00eancias de Jovens e Adultos (Encceja) ser\u00e3o realizadas at\u00e9 \u00e0s 23h59 desta sexta-feira (18). Para fazer o Encceja \u00e9 preciso ter, no m\u00ednimo, 15 anos completos na data de realiza\u00e7\u00e3o do exame, para quem busca a certifica\u00e7\u00e3o do ensino fundamental; ou ter no m\u00ednimo 18 anos completos, para quem busca a certifica\u00e7\u00e3o do ensino m\u00e9dio. Para se inscrever \u00e9 preciso informar o n\u00famero do Cadastro de Pessoa F\u00edsica (CPF), e-mail e celular v\u00e1lidos. As inscri\u00e7\u00f5es poder\u00e3o ser feitas no portal do Inep: http:\/\/enccejanacional.inep.gov.br\/encceja\/#!\/primeiroAcesso. As provas ser\u00e3o aplicadas em 22 de outubro em todas as unidades da Federa\u00e7\u00e3o. Na Para\u00edba a aplica\u00e7\u00e3o ocorrer\u00e1 nas cidades de Jo\u00e3o Pessoa, Campina Grande, Patos, Sousa e Cajazeiras. Se o participante precisar de atendimento especializado e\/ou espec\u00edfico deve fazer a solicita\u00e7\u00e3o, e comprovar a necessidade, durante o per\u00edodo de inscri\u00e7\u00e3o. Durante a inscri\u00e7\u00e3o tamb\u00e9m \u00e9 necess\u00e1rio indicar a certifica\u00e7\u00e3o de conclus\u00e3o de interesse, se para ensino fundamental ou para ensino m\u00e9dio. O participante deve indicar tamb\u00e9m a prova com a qual deseja obter certifica\u00e7\u00e3o, no ensino fundamental ou ensino m\u00e9dio. Isso ocorre porque algumas pessoas j\u00e1 t\u00eam uma declara\u00e7\u00e3o parcial de profici\u00eancia, n\u00e3o precisando repetir a prova da \u00e1rea. Tamb\u00e9m deve ser indicada em qual Secretaria Estadual de Educa\u00e7\u00e3o ou Instituto Federal de Educa\u00e7\u00e3o Ci\u00eancia e Tecnologia o participante deseja solicitar o certificado de conclus\u00e3o do ensino fundamental ou do ensino m\u00e9dio ou a declara\u00e7\u00e3o parcial de profici\u00eancia. Por fim, \u00e9 preciso escolher a cidade onde realizar\u00e1 as provas. O Encceja tem como principal objetivo construir uma refer\u00eancia nacional de educa\u00e7\u00e3o para jovens e adultos por meio da avalia\u00e7\u00e3o de compet\u00eancias, habilidades e saberes adquiridos no processo escolar ou nos processos formativos que se desenvolvem na vida familiar, na conviv\u00eancia humana, no trabalho, nos movimentos sociais e organiza\u00e7\u00f5es da sociedade civil e nas manifesta\u00e7\u00f5es culturais, entre outros. A participa\u00e7\u00e3o no Encceja \u00e9 volunt\u00e1ria e gratuita, destinada aos jovens e adultos residentes no Brasil e no Exterior, inclusive \u00e0s pessoas privadas de liberdade, que n\u00e3o tiveram oportunidade de concluir seus estudos na idade apropriada. O Encceja constitui-se de provas elaboradas para o ensino fundamental: L\u00edngua Portuguesa, L\u00edngua Estrangeira Moderna, Artes, Educa\u00e7\u00e3o F\u00edsica e Reda\u00e7\u00e3o; Matem\u00e1tica; Hist\u00f3ria e Geografia; Ci\u00eancias Naturais. E para o ensino m\u00e9dio (apenas para os brasileiros residentes no Exterior): Linguagens, C\u00f3digos e suas Tecnologias e Reda\u00e7\u00e3o; Matem\u00e1tica e suas Tecnologias; Ci\u00eancias Humanas e suas Tecnologias; Ci\u00eancias da Natureza e suas Tecnologias. Essas \u00e1reas do conhecimento foram estabelecidas a partir do curr\u00edculo da Base Nacional Comum, de acordo com os Par\u00e2metros Curriculares Nacionais (PCN&#8217;s). Todos aqueles que tenham realizado o Encceja Nacional em anos anteriores e n\u00e3o obtiveram m\u00e9dia para aprova\u00e7\u00e3o na \u00e1rea de conhecimento, poder\u00e3o inscrever-se novamente no Exame para elimina\u00e7\u00e3o do componente curricular desejado, caso tenham interesse.\" \/>\n<meta property=\"og:url\" content=\"https:\/\/noticiasemdestaque.com\/cd\/?p=3280\" \/>\n<meta property=\"og:site_name\" content=\"Not&iacute;cias em Destaque\" \/>\n<meta property=\"article:published_time\" content=\"2017-08-18T11:48:19+00:00\" \/>\n<meta property=\"og:image\" content=\"https:\/\/noticiasemdestaque.com\/cd\/wp-content\/uploads\/2017\/08\/cronograma-oficial-encceja-2017-4.png\" \/>\n\t<meta property=\"og:image:width\" content=\"600\" \/>\n\t<meta property=\"og:image:height\" content=\"272\" \/>\n\t<meta property=\"og:image:type\" content=\"image\/png\" \/>\n<meta name=\"author\" content=\"Not\u00edcias em Destaque\" \/>\n<meta name=\"twitter:card\" content=\"summary_large_image\" \/>\n<meta name=\"twitter:label1\" content=\"Escrito por\" \/>\n\t<meta name=\"twitter:data1\" content=\"Not\u00edcias em Destaque\" \/>\n\t<meta name=\"twitter:label2\" content=\"Est. tempo de leitura\" \/>\n\t<meta name=\"twitter:data2\" content=\"3 minutos\" \/>\n<script type=\"application\/ld+json\" class=\"yoast-schema-graph\">{\"@context\":\"https:\/\/schema.org\",\"@graph\":[{\"@type\":\"Article\",\"@id\":\"https:\/\/noticiasemdestaque.com\/cd\/?p=3280#article\",\"isPartOf\":{\"@id\":\"https:\/\/noticiasemdestaque.com\/cd\/?p=3280\"},\"author\":{\"name\":\"Not\u00edcias em Destaque\",\"@id\":\"https:\/\/noticiasemdestaque.com\/cd\/#\/schema\/person\/4a81fb71f77579d059c3045891fa1786\"},\"headline\":\"Inscri\u00e7\u00f5es para o Encceja podem ser realizadas at\u00e9 hoje\",\"datePublished\":\"2017-08-18T11:48:19+00:00\",\"mainEntityOfPage\":{\"@id\":\"https:\/\/noticiasemdestaque.com\/cd\/?p=3280\"},\"wordCount\":548,\"publisher\":{\"@id\":\"https:\/\/noticiasemdestaque.com\/cd\/#organization\"},\"image\":{\"@id\":\"https:\/\/noticiasemdestaque.com\/cd\/?p=3280#primaryimage\"},\"thumbnailUrl\":\"https:\/\/noticiasemdestaque.com\/cd\/wp-content\/uploads\/2017\/08\/cronograma-oficial-encceja-2017-4.png\",\"articleSection\":[\"Educa\u00e7\u00e3o\"],\"inLanguage\":\"pt-BR\"},{\"@type\":\"WebPage\",\"@id\":\"https:\/\/noticiasemdestaque.com\/cd\/?p=3280\",\"url\":\"https:\/\/noticiasemdestaque.com\/cd\/?p=3280\",\"name\":\"Inscri\u00e7\u00f5es para o Encceja podem ser realizadas at\u00e9 hoje - Not&iacute;cias em Destaque\",\"isPartOf\":{\"@id\":\"https:\/\/noticiasemdestaque.com\/cd\/#website\"},\"primaryImageOfPage\":{\"@id\":\"https:\/\/noticiasemdestaque.com\/cd\/?p=3280#primaryimage\"},\"image\":{\"@id\":\"https:\/\/noticiasemdestaque.com\/cd\/?p=3280#primaryimage\"},\"thumbnailUrl\":\"https:\/\/noticiasemdestaque.com\/cd\/wp-content\/uploads\/2017\/08\/cronograma-oficial-encceja-2017-4.png\",\"datePublished\":\"2017-08-18T11:48:19+00:00\",\"breadcrumb\":{\"@id\":\"https:\/\/noticiasemdestaque.com\/cd\/?p=3280#breadcrumb\"},\"inLanguage\":\"pt-BR\",\"potentialAction\":[{\"@type\":\"ReadAction\",\"target\":[\"https:\/\/noticiasemdestaque.com\/cd\/?p=3280\"]}]},{\"@type\":\"ImageObject\",\"inLanguage\":\"pt-BR\",\"@id\":\"https:\/\/noticiasemdestaque.com\/cd\/?p=3280#primaryimage\",\"url\":\"https:\/\/noticiasemdestaque.com\/cd\/wp-content\/uploads\/2017\/08\/cronograma-oficial-encceja-2017-4.png\",\"contentUrl\":\"https:\/\/noticiasemdestaque.com\/cd\/wp-content\/uploads\/2017\/08\/cronograma-oficial-encceja-2017-4.png\",\"width\":600,\"height\":272},{\"@type\":\"BreadcrumbList\",\"@id\":\"https:\/\/noticiasemdestaque.com\/cd\/?p=3280#breadcrumb\",\"itemListElement\":[{\"@type\":\"ListItem\",\"position\":1,\"name\":\"In\u00edcio\",\"item\":\"https:\/\/noticiasemdestaque.com\/cd\/\"},{\"@type\":\"ListItem\",\"position\":2,\"name\":\"Inscri\u00e7\u00f5es para o Encceja podem ser realizadas at\u00e9 hoje\"}]},{\"@type\":\"WebSite\",\"@id\":\"https:\/\/noticiasemdestaque.com\/cd\/#website\",\"url\":\"https:\/\/noticiasemdestaque.com\/cd\/\",\"name\":\"Not&iacute;cias em Destaque\",\"description\":\"\",\"publisher\":{\"@id\":\"https:\/\/noticiasemdestaque.com\/cd\/#organization\"},\"potentialAction\":[{\"@type\":\"SearchAction\",\"target\":{\"@type\":\"EntryPoint\",\"urlTemplate\":\"https:\/\/noticiasemdestaque.com\/cd\/?s={search_term_string}\"},\"query-input\":{\"@type\":\"PropertyValueSpecification\",\"valueRequired\":true,\"valueName\":\"search_term_string\"}}],\"inLanguage\":\"pt-BR\"},{\"@type\":\"Organization\",\"@id\":\"https:\/\/noticiasemdestaque.com\/cd\/#organization\",\"name\":\"Not\u00edcias em Destaque\",\"url\":\"https:\/\/noticiasemdestaque.com\/cd\/\",\"logo\":{\"@type\":\"ImageObject\",\"inLanguage\":\"pt-BR\",\"@id\":\"https:\/\/noticiasemdestaque.com\/cd\/#\/schema\/logo\/image\/\",\"url\":\"https:\/\/noticiasemdestaque.com\/cd\/wp-content\/uploads\/2022\/05\/imagem-base-noticiasemdestaque.png\",\"contentUrl\":\"https:\/\/noticiasemdestaque.com\/cd\/wp-content\/uploads\/2022\/05\/imagem-base-noticiasemdestaque.png\",\"width\":1200,\"height\":630,\"caption\":\"Not\u00edcias em Destaque\"},\"image\":{\"@id\":\"https:\/\/noticiasemdestaque.com\/cd\/#\/schema\/logo\/image\/\"}},{\"@type\":\"Person\",\"@id\":\"https:\/\/noticiasemdestaque.com\/cd\/#\/schema\/person\/4a81fb71f77579d059c3045891fa1786\",\"name\":\"Not\u00edcias em Destaque\",\"url\":\"https:\/\/noticiasemdestaque.com\/cd\/?author=2\"}]}<\/script>\n<!-- \/ Yoast SEO plugin. -->","yoast_head_json":{"title":"Inscri\u00e7\u00f5es para o Encceja podem ser realizadas at\u00e9 hoje - Not&iacute;cias em Destaque","robots":{"index":"index","follow":"follow","max-snippet":"max-snippet:-1","max-image-preview":"max-image-preview:large","max-video-preview":"max-video-preview:-1"},"canonical":"https:\/\/noticiasemdestaque.com\/cd\/?p=3280","og_locale":"pt_BR","og_type":"article","og_title":"Inscri\u00e7\u00f5es para o Encceja podem ser realizadas at\u00e9 hoje - Not&iacute;cias em Destaque","og_description":"As inscri\u00e7\u00f5es para o Exame Nacional para Certifica\u00e7\u00e3o de Compet\u00eancias de Jovens e Adultos (Encceja) ser\u00e3o realizadas at\u00e9 \u00e0s 23h59 desta sexta-feira (18). Para fazer o Encceja \u00e9 preciso ter, no m\u00ednimo, 15 anos completos na data de realiza\u00e7\u00e3o do exame, para quem busca a certifica\u00e7\u00e3o do ensino fundamental; ou ter no m\u00ednimo 18 anos completos, para quem busca a certifica\u00e7\u00e3o do ensino m\u00e9dio. Para se inscrever \u00e9 preciso informar o n\u00famero do Cadastro de Pessoa F\u00edsica (CPF), e-mail e celular v\u00e1lidos. As inscri\u00e7\u00f5es poder\u00e3o ser feitas no portal do Inep: http:\/\/enccejanacional.inep.gov.br\/encceja\/#!\/primeiroAcesso. As provas ser\u00e3o aplicadas em 22 de outubro em todas as unidades da Federa\u00e7\u00e3o. Na Para\u00edba a aplica\u00e7\u00e3o ocorrer\u00e1 nas cidades de Jo\u00e3o Pessoa, Campina Grande, Patos, Sousa e Cajazeiras. Se o participante precisar de atendimento especializado e\/ou espec\u00edfico deve fazer a solicita\u00e7\u00e3o, e comprovar a necessidade, durante o per\u00edodo de inscri\u00e7\u00e3o. Durante a inscri\u00e7\u00e3o tamb\u00e9m \u00e9 necess\u00e1rio indicar a certifica\u00e7\u00e3o de conclus\u00e3o de interesse, se para ensino fundamental ou para ensino m\u00e9dio. O participante deve indicar tamb\u00e9m a prova com a qual deseja obter certifica\u00e7\u00e3o, no ensino fundamental ou ensino m\u00e9dio. Isso ocorre porque algumas pessoas j\u00e1 t\u00eam uma declara\u00e7\u00e3o parcial de profici\u00eancia, n\u00e3o precisando repetir a prova da \u00e1rea. Tamb\u00e9m deve ser indicada em qual Secretaria Estadual de Educa\u00e7\u00e3o ou Instituto Federal de Educa\u00e7\u00e3o Ci\u00eancia e Tecnologia o participante deseja solicitar o certificado de conclus\u00e3o do ensino fundamental ou do ensino m\u00e9dio ou a declara\u00e7\u00e3o parcial de profici\u00eancia. Por fim, \u00e9 preciso escolher a cidade onde realizar\u00e1 as provas. O Encceja tem como principal objetivo construir uma refer\u00eancia nacional de educa\u00e7\u00e3o para jovens e adultos por meio da avalia\u00e7\u00e3o de compet\u00eancias, habilidades e saberes adquiridos no processo escolar ou nos processos formativos que se desenvolvem na vida familiar, na conviv\u00eancia humana, no trabalho, nos movimentos sociais e organiza\u00e7\u00f5es da sociedade civil e nas manifesta\u00e7\u00f5es culturais, entre outros. A participa\u00e7\u00e3o no Encceja \u00e9 volunt\u00e1ria e gratuita, destinada aos jovens e adultos residentes no Brasil e no Exterior, inclusive \u00e0s pessoas privadas de liberdade, que n\u00e3o tiveram oportunidade de concluir seus estudos na idade apropriada. O Encceja constitui-se de provas elaboradas para o ensino fundamental: L\u00edngua Portuguesa, L\u00edngua Estrangeira Moderna, Artes, Educa\u00e7\u00e3o F\u00edsica e Reda\u00e7\u00e3o; Matem\u00e1tica; Hist\u00f3ria e Geografia; Ci\u00eancias Naturais. E para o ensino m\u00e9dio (apenas para os brasileiros residentes no Exterior): Linguagens, C\u00f3digos e suas Tecnologias e Reda\u00e7\u00e3o; Matem\u00e1tica e suas Tecnologias; Ci\u00eancias Humanas e suas Tecnologias; Ci\u00eancias da Natureza e suas Tecnologias. Essas \u00e1reas do conhecimento foram estabelecidas a partir do curr\u00edculo da Base Nacional Comum, de acordo com os Par\u00e2metros Curriculares Nacionais (PCN&#8217;s). Todos aqueles que tenham realizado o Encceja Nacional em anos anteriores e n\u00e3o obtiveram m\u00e9dia para aprova\u00e7\u00e3o na \u00e1rea de conhecimento, poder\u00e3o inscrever-se novamente no Exame para elimina\u00e7\u00e3o do componente curricular desejado, caso tenham interesse.","og_url":"https:\/\/noticiasemdestaque.com\/cd\/?p=3280","og_site_name":"Not&iacute;cias em Destaque","article_published_time":"2017-08-18T11:48:19+00:00","og_image":[{"width":600,"height":272,"url":"https:\/\/noticiasemdestaque.com\/cd\/wp-content\/uploads\/2017\/08\/cronograma-oficial-encceja-2017-4.png","type":"image\/png"}],"author":"Not\u00edcias em Destaque","twitter_card":"summary_large_image","twitter_misc":{"Escrito por":"Not\u00edcias em Destaque","Est. tempo de leitura":"3 minutos"},"schema":{"@context":"https:\/\/schema.org","@graph":[{"@type":"Article","@id":"https:\/\/noticiasemdestaque.com\/cd\/?p=3280#article","isPartOf":{"@id":"https:\/\/noticiasemdestaque.com\/cd\/?p=3280"},"author":{"name":"Not\u00edcias em Destaque","@id":"https:\/\/noticiasemdestaque.com\/cd\/#\/schema\/person\/4a81fb71f77579d059c3045891fa1786"},"headline":"Inscri\u00e7\u00f5es para o Encceja podem ser realizadas at\u00e9 hoje","datePublished":"2017-08-18T11:48:19+00:00","mainEntityOfPage":{"@id":"https:\/\/noticiasemdestaque.com\/cd\/?p=3280"},"wordCount":548,"publisher":{"@id":"https:\/\/noticiasemdestaque.com\/cd\/#organization"},"image":{"@id":"https:\/\/noticiasemdestaque.com\/cd\/?p=3280#primaryimage"},"thumbnailUrl":"https:\/\/noticiasemdestaque.com\/cd\/wp-content\/uploads\/2017\/08\/cronograma-oficial-encceja-2017-4.png","articleSection":["Educa\u00e7\u00e3o"],"inLanguage":"pt-BR"},{"@type":"WebPage","@id":"https:\/\/noticiasemdestaque.com\/cd\/?p=3280","url":"https:\/\/noticiasemdestaque.com\/cd\/?p=3280","name":"Inscri\u00e7\u00f5es para o Encceja podem ser realizadas at\u00e9 hoje - Not&iacute;cias em Destaque","isPartOf":{"@id":"https:\/\/noticiasemdestaque.com\/cd\/#website"},"primaryImageOfPage":{"@id":"https:\/\/noticiasemdestaque.com\/cd\/?p=3280#primaryimage"},"image":{"@id":"https:\/\/noticiasemdestaque.com\/cd\/?p=3280#primaryimage"},"thumbnailUrl":"https:\/\/noticiasemdestaque.com\/cd\/wp-content\/uploads\/2017\/08\/cronograma-oficial-encceja-2017-4.png","datePublished":"2017-08-18T11:48:19+00:00","breadcrumb":{"@id":"https:\/\/noticiasemdestaque.com\/cd\/?p=3280#breadcrumb"},"inLanguage":"pt-BR","potentialAction":[{"@type":"ReadAction","target":["https:\/\/noticiasemdestaque.com\/cd\/?p=3280"]}]},{"@type":"ImageObject","inLanguage":"pt-BR","@id":"https:\/\/noticiasemdestaque.com\/cd\/?p=3280#primaryimage","url":"https:\/\/noticiasemdestaque.com\/cd\/wp-content\/uploads\/2017\/08\/cronograma-oficial-encceja-2017-4.png","contentUrl":"https:\/\/noticiasemdestaque.com\/cd\/wp-content\/uploads\/2017\/08\/cronograma-oficial-encceja-2017-4.png","width":600,"height":272},{"@type":"BreadcrumbList","@id":"https:\/\/noticiasemdestaque.com\/cd\/?p=3280#breadcrumb","itemListElement":[{"@type":"ListItem","position":1,"name":"In\u00edcio","item":"https:\/\/noticiasemdestaque.com\/cd\/"},{"@type":"ListItem","position":2,"name":"Inscri\u00e7\u00f5es para o Encceja podem ser realizadas at\u00e9 hoje"}]},{"@type":"WebSite","@id":"https:\/\/noticiasemdestaque.com\/cd\/#website","url":"https:\/\/noticiasemdestaque.com\/cd\/","name":"Not&iacute;cias em Destaque","description":"","publisher":{"@id":"https:\/\/noticiasemdestaque.com\/cd\/#organization"},"potentialAction":[{"@type":"SearchAction","target":{"@type":"EntryPoint","urlTemplate":"https:\/\/noticiasemdestaque.com\/cd\/?s={search_term_string}"},"query-input":{"@type":"PropertyValueSpecification","valueRequired":true,"valueName":"search_term_string"}}],"inLanguage":"pt-BR"},{"@type":"Organization","@id":"https:\/\/noticiasemdestaque.com\/cd\/#organization","name":"Not\u00edcias em Destaque","url":"https:\/\/noticiasemdestaque.com\/cd\/","logo":{"@type":"ImageObject","inLanguage":"pt-BR","@id":"https:\/\/noticiasemdestaque.com\/cd\/#\/schema\/logo\/image\/","url":"https:\/\/noticiasemdestaque.com\/cd\/wp-content\/uploads\/2022\/05\/imagem-base-noticiasemdestaque.png","contentUrl":"https:\/\/noticiasemdestaque.com\/cd\/wp-content\/uploads\/2022\/05\/imagem-base-noticiasemdestaque.png","width":1200,"height":630,"caption":"Not\u00edcias em Destaque"},"image":{"@id":"https:\/\/noticiasemdestaque.com\/cd\/#\/schema\/logo\/image\/"}},{"@type":"Person","@id":"https:\/\/noticiasemdestaque.com\/cd\/#\/schema\/person\/4a81fb71f77579d059c3045891fa1786","name":"Not\u00edcias em Destaque","url":"https:\/\/noticiasemdestaque.com\/cd\/?author=2"}]}},"jetpack_featured_media_url":"https:\/\/noticiasemdestaque.com\/cd\/wp-content\/uploads\/2017\/08\/cronograma-oficial-encceja-2017-4.png","jetpack_sharing_enabled":true,"_links":{"self":[{"href":"https:\/\/noticiasemdestaque.com\/cd\/index.php?rest_route=\/wp\/v2\/posts\/3280","targetHints":{"allow":["GET"]}}],"collection":[{"href":"https:\/\/noticiasemdestaque.com\/cd\/index.php?rest_route=\/wp\/v2\/posts"}],"about":[{"href":"https:\/\/noticiasemdestaque.com\/cd\/index.php?rest_route=\/wp\/v2\/types\/post"}],"author":[{"embeddable":true,"href":"https:\/\/noticiasemdestaque.com\/cd\/index.php?rest_route=\/wp\/v2\/users\/2"}],"replies":[{"embeddable":true,"href":"https:\/\/noticiasemdestaque.com\/cd\/index.php?rest_route=%2Fwp%2Fv2%2Fcomments&post=3280"}],"version-history":[{"count":1,"href":"https:\/\/noticiasemdestaque.com\/cd\/index.php?rest_route=\/wp\/v2\/posts\/3280\/revisions"}],"predecessor-version":[{"id":3282,"href":"https:\/\/noticiasemdestaque.com\/cd\/index.php?rest_route=\/wp\/v2\/posts\/3280\/revisions\/3282"}],"wp:featuredmedia":[{"embeddable":true,"href":"https:\/\/noticiasemdestaque.com\/cd\/index.php?rest_route=\/wp\/v2\/media\/3281"}],"wp:attachment":[{"href":"https:\/\/noticiasemdestaque.com\/cd\/index.php?rest_route=%2Fwp%2Fv2%2Fmedia&parent=3280"}],"wp:term":[{"taxonomy":"category","embeddable":true,"href":"https:\/\/noticiasemdestaque.com\/cd\/index.php?rest_route=%2Fwp%2Fv2%2Fcategories&post=3280"},{"taxonomy":"post_tag","embeddable":true,"href":"https:\/\/noticiasemdestaque.com\/cd\/index.php?rest_route=%2Fwp%2Fv2%2Ftags&post=3280"}],"curies":[{"name":"wp","href":"https:\/\/api.w.org\/{rel}","templated":true}]}}