{"id":32453,"date":"2021-07-06T21:54:35","date_gmt":"2021-07-07T00:54:35","guid":{"rendered":"http:\/\/noticiasemdestaque.com\/cd\/?p=32453"},"modified":"2021-07-06T21:54:35","modified_gmt":"2021-07-07T00:54:35","slug":"vacinacao-covid19-em-sume-imuniza-de-50-a-52-anos-sem-comorbidades","status":"publish","type":"post","link":"https:\/\/noticiasemdestaque.com\/cd\/?p=32453","title":{"rendered":"Vacina\u00e7\u00e3o Covid19 em Sum\u00e9 imuniza de 50 a 52 anos sem comorbidades"},"content":{"rendered":"<p data-uw-styling-context=\"true\"><a href=\"https:\/\/noticiasemdestaque.com\/cd\/wp-content\/uploads\/2021\/07\/IMG_0113-scaled-1.jpg\"><img fetchpriority=\"high\" decoding=\"async\" class=\"size-medium wp-image-32454 aligncenter\" src=\"https:\/\/noticiasemdestaque.com\/cd\/wp-content\/uploads\/2021\/07\/IMG_0113-scaled-1-300x258.jpg\" alt=\"\" width=\"300\" height=\"258\" srcset=\"https:\/\/noticiasemdestaque.com\/cd\/wp-content\/uploads\/2021\/07\/IMG_0113-scaled-1-300x258.jpg 300w, https:\/\/noticiasemdestaque.com\/cd\/wp-content\/uploads\/2021\/07\/IMG_0113-scaled-1-1024x880.jpg 1024w, https:\/\/noticiasemdestaque.com\/cd\/wp-content\/uploads\/2021\/07\/IMG_0113-scaled-1-768x660.jpg 768w, https:\/\/noticiasemdestaque.com\/cd\/wp-content\/uploads\/2021\/07\/IMG_0113-scaled-1-1536x1321.jpg 1536w, https:\/\/noticiasemdestaque.com\/cd\/wp-content\/uploads\/2021\/07\/IMG_0113-scaled-1-2048x1761.jpg 2048w\" sizes=\"(max-width: 300px) 100vw, 300px\" \/><\/a><\/p>\n<p data-uw-styling-context=\"true\">Segue avan\u00e7ada a vacina\u00e7\u00e3o contra Covid19 no munic\u00edpio de Sum\u00e9. Nesta quarta-feira (07) tomar\u00e3o a 1\u00aa dose o seguinte grupo\/idade:<\/p>\n<ul>\n<li data-uw-styling-context=\"true\">Pessoas\u00a0<strong data-uw-styling-context=\"true\">sem<\/strong>\u00a0<strong data-uw-styling-context=\"true\">comorbidades<\/strong>\u00a0com\u00a0<strong data-uw-styling-context=\"true\">50, 51 e 52 anos<\/strong>;<\/li>\n<li data-uw-styling-context=\"true\">Gr\u00e1vidas e pu\u00e9rperas\u00a0<strong data-uw-styling-context=\"true\">com comorbidades\u00a0<\/strong>e com o laudo m\u00e9dico;<\/li>\n<li data-uw-styling-context=\"true\">Gr\u00e1vidas e pu\u00e9rperas\u00a0<strong data-uw-styling-context=\"true\">sem comorbidades\u00a0<\/strong>mas com autoriza\u00e7\u00e3o do seu m\u00e9dico.<\/li>\n<\/ul>\n<p data-uw-styling-context=\"true\">A vacina\u00e7\u00e3o acontecer\u00e1 no Gin\u00e1sio de Esportes municipal, das 8h ao meio dia, com distribui\u00e7\u00e3o de\u00a0<strong data-uw-styling-context=\"true\">200 senhas<\/strong>\u00a0no pr\u00f3prio local da vacina\u00e7\u00e3o.<\/p>\n<p data-uw-styling-context=\"true\">\u00c9 importante lembrar de levar o seguintes documentos:\u00a0<strong data-uw-styling-context=\"true\">CFP, RG, comprovante de resid\u00eancia e cart\u00e3o do SUS.<\/strong><\/p>\n<p data-uw-styling-context=\"true\">Quanto aquelas pessoas que ir\u00e3o tomar a 2\u00aa dose, os Agentes Comunit\u00e1rios de Sa\u00fade (ACS) permanecer\u00e3o contactando cada um.<\/p>\n<p data-uw-styling-context=\"true\">D\u00favidas e Informa\u00e7\u00f5es:<\/p>\n<p data-uw-styling-context=\"true\">83 \u2013 9 9982 1811 (Vigil\u00e2ncia Epidemiol\u00f3gica)<\/p>\n<p data-uw-styling-context=\"true\">83 \u2013 9 9413 0950 (Coordena\u00e7\u00e3o de Imuniza\u00e7\u00e3o)<\/p>\n<p data-uw-styling-context=\"true\">0800 083 1403 (Ouvidoria)<\/p>\n<p data-uw-styling-context=\"true\">Ascom<\/p>\n<p data-uw-styling-context=\"true\">06\/07\/2021<\/p>\n","protected":false},"excerpt":{"rendered":"<p>Segue avan\u00e7ada a vacina\u00e7\u00e3o contra Covid19 no munic\u00edpio de Sum\u00e9. Nesta quarta-feira (07) tomar\u00e3o a 1\u00aa dose o seguinte grupo\/idade: Pessoas\u00a0sem\u00a0comorbidades\u00a0com\u00a050, 51 e 52 anos; Gr\u00e1vidas e pu\u00e9rperas\u00a0com comorbidades\u00a0e com o laudo m\u00e9dico; Gr\u00e1vidas e pu\u00e9rperas\u00a0sem comorbidades\u00a0mas com autoriza\u00e7\u00e3o do seu m\u00e9dico. A vacina\u00e7\u00e3o acontecer\u00e1 no Gin\u00e1sio de Esportes municipal, das 8h ao meio dia, com distribui\u00e7\u00e3o de\u00a0200 senhas\u00a0no pr\u00f3prio local da vacina\u00e7\u00e3o. \u00c9 importante lembrar de levar o seguintes documentos:\u00a0CFP, RG, comprovante de resid\u00eancia e cart\u00e3o do SUS. Quanto aquelas pessoas que ir\u00e3o tomar a 2\u00aa dose, os Agentes Comunit\u00e1rios de Sa\u00fade (ACS) permanecer\u00e3o contactando cada um. D\u00favidas e Informa\u00e7\u00f5es: 83 \u2013 9 9982 1811 (Vigil\u00e2ncia Epidemiol\u00f3gica) 83 \u2013 9 9413 0950 (Coordena\u00e7\u00e3o de Imuniza\u00e7\u00e3o) 0800 083 1403 (Ouvidoria) Ascom 06\/07\/2021<\/p>\n","protected":false},"author":2,"featured_media":32454,"comment_status":"closed","ping_status":"open","sticky":false,"template":"","format":"standard","meta":{"_eb_attr":"","_jetpack_memberships_contains_paid_content":false,"footnotes":""},"categories":[3],"tags":[],"class_list":["post-32453","post","type-post","status-publish","format-standard","has-post-thumbnail","hentry","category-cidades"],"yoast_head":"<!-- This site is optimized with the Yoast SEO plugin v26.5 - https:\/\/yoast.com\/wordpress\/plugins\/seo\/ -->\n<title>Vacina\u00e7\u00e3o Covid19 em Sum\u00e9 imuniza de 50 a 52 anos sem comorbidades - Not&iacute;cias em Destaque<\/title>\n<meta name=\"robots\" content=\"index, follow, max-snippet:-1, max-image-preview:large, max-video-preview:-1\" \/>\n<link rel=\"canonical\" href=\"https:\/\/noticiasemdestaque.com\/cd\/?p=32453\" \/>\n<meta property=\"og:locale\" content=\"pt_BR\" \/>\n<meta property=\"og:type\" content=\"article\" \/>\n<meta property=\"og:title\" content=\"Vacina\u00e7\u00e3o Covid19 em Sum\u00e9 imuniza de 50 a 52 anos sem comorbidades - Not&iacute;cias em Destaque\" \/>\n<meta property=\"og:description\" content=\"Segue avan\u00e7ada a vacina\u00e7\u00e3o contra Covid19 no munic\u00edpio de Sum\u00e9. Nesta quarta-feira (07) tomar\u00e3o a 1\u00aa dose o seguinte grupo\/idade: Pessoas\u00a0sem\u00a0comorbidades\u00a0com\u00a050, 51 e 52 anos; Gr\u00e1vidas e pu\u00e9rperas\u00a0com comorbidades\u00a0e com o laudo m\u00e9dico; Gr\u00e1vidas e pu\u00e9rperas\u00a0sem comorbidades\u00a0mas com autoriza\u00e7\u00e3o do seu m\u00e9dico. A vacina\u00e7\u00e3o acontecer\u00e1 no Gin\u00e1sio de Esportes municipal, das 8h ao meio dia, com distribui\u00e7\u00e3o de\u00a0200 senhas\u00a0no pr\u00f3prio local da vacina\u00e7\u00e3o. \u00c9 importante lembrar de levar o seguintes documentos:\u00a0CFP, RG, comprovante de resid\u00eancia e cart\u00e3o do SUS. Quanto aquelas pessoas que ir\u00e3o tomar a 2\u00aa dose, os Agentes Comunit\u00e1rios de Sa\u00fade (ACS) permanecer\u00e3o contactando cada um. D\u00favidas e Informa\u00e7\u00f5es: 83 \u2013 9 9982 1811 (Vigil\u00e2ncia Epidemiol\u00f3gica) 83 \u2013 9 9413 0950 (Coordena\u00e7\u00e3o de Imuniza\u00e7\u00e3o) 0800 083 1403 (Ouvidoria) Ascom 06\/07\/2021\" \/>\n<meta property=\"og:url\" content=\"https:\/\/noticiasemdestaque.com\/cd\/?p=32453\" \/>\n<meta property=\"og:site_name\" content=\"Not&iacute;cias em Destaque\" \/>\n<meta property=\"article:published_time\" content=\"2021-07-07T00:54:35+00:00\" \/>\n<meta property=\"og:image\" content=\"https:\/\/noticiasemdestaque.com\/cd\/wp-content\/uploads\/2021\/07\/IMG_0113-scaled-1.jpg\" \/>\n\t<meta property=\"og:image:width\" content=\"2560\" \/>\n\t<meta property=\"og:image:height\" content=\"2201\" \/>\n\t<meta property=\"og:image:type\" content=\"image\/jpeg\" \/>\n<meta name=\"author\" content=\"Not\u00edcias em Destaque\" \/>\n<meta name=\"twitter:card\" content=\"summary_large_image\" \/>\n<meta name=\"twitter:label1\" content=\"Escrito por\" \/>\n\t<meta name=\"twitter:data1\" content=\"Not\u00edcias em Destaque\" \/>\n\t<meta name=\"twitter:label2\" content=\"Est. tempo de leitura\" \/>\n\t<meta name=\"twitter:data2\" content=\"1 minuto\" \/>\n<script type=\"application\/ld+json\" class=\"yoast-schema-graph\">{\"@context\":\"https:\/\/schema.org\",\"@graph\":[{\"@type\":\"Article\",\"@id\":\"https:\/\/noticiasemdestaque.com\/cd\/?p=32453#article\",\"isPartOf\":{\"@id\":\"https:\/\/noticiasemdestaque.com\/cd\/?p=32453\"},\"author\":{\"name\":\"Not\u00edcias em Destaque\",\"@id\":\"https:\/\/noticiasemdestaque.com\/cd\/#\/schema\/person\/9c05c6816b191977f47499b3494ace52\"},\"headline\":\"Vacina\u00e7\u00e3o Covid19 em Sum\u00e9 imuniza de 50 a 52 anos sem comorbidades\",\"datePublished\":\"2021-07-07T00:54:35+00:00\",\"mainEntityOfPage\":{\"@id\":\"https:\/\/noticiasemdestaque.com\/cd\/?p=32453\"},\"wordCount\":151,\"publisher\":{\"@id\":\"https:\/\/noticiasemdestaque.com\/cd\/#organization\"},\"image\":{\"@id\":\"https:\/\/noticiasemdestaque.com\/cd\/?p=32453#primaryimage\"},\"thumbnailUrl\":\"https:\/\/noticiasemdestaque.com\/cd\/wp-content\/uploads\/2021\/07\/IMG_0113-scaled-1.jpg\",\"articleSection\":[\"Cidades\"],\"inLanguage\":\"pt-BR\"},{\"@type\":\"WebPage\",\"@id\":\"https:\/\/noticiasemdestaque.com\/cd\/?p=32453\",\"url\":\"https:\/\/noticiasemdestaque.com\/cd\/?p=32453\",\"name\":\"Vacina\u00e7\u00e3o Covid19 em Sum\u00e9 imuniza de 50 a 52 anos sem comorbidades - Not&iacute;cias em Destaque\",\"isPartOf\":{\"@id\":\"https:\/\/noticiasemdestaque.com\/cd\/#website\"},\"primaryImageOfPage\":{\"@id\":\"https:\/\/noticiasemdestaque.com\/cd\/?p=32453#primaryimage\"},\"image\":{\"@id\":\"https:\/\/noticiasemdestaque.com\/cd\/?p=32453#primaryimage\"},\"thumbnailUrl\":\"https:\/\/noticiasemdestaque.com\/cd\/wp-content\/uploads\/2021\/07\/IMG_0113-scaled-1.jpg\",\"datePublished\":\"2021-07-07T00:54:35+00:00\",\"breadcrumb\":{\"@id\":\"https:\/\/noticiasemdestaque.com\/cd\/?p=32453#breadcrumb\"},\"inLanguage\":\"pt-BR\",\"potentialAction\":[{\"@type\":\"ReadAction\",\"target\":[\"https:\/\/noticiasemdestaque.com\/cd\/?p=32453\"]}]},{\"@type\":\"ImageObject\",\"inLanguage\":\"pt-BR\",\"@id\":\"https:\/\/noticiasemdestaque.com\/cd\/?p=32453#primaryimage\",\"url\":\"https:\/\/noticiasemdestaque.com\/cd\/wp-content\/uploads\/2021\/07\/IMG_0113-scaled-1.jpg\",\"contentUrl\":\"https:\/\/noticiasemdestaque.com\/cd\/wp-content\/uploads\/2021\/07\/IMG_0113-scaled-1.jpg\",\"width\":2560,\"height\":2201},{\"@type\":\"BreadcrumbList\",\"@id\":\"https:\/\/noticiasemdestaque.com\/cd\/?p=32453#breadcrumb\",\"itemListElement\":[{\"@type\":\"ListItem\",\"position\":1,\"name\":\"In\u00edcio\",\"item\":\"https:\/\/noticiasemdestaque.com\/cd\/\"},{\"@type\":\"ListItem\",\"position\":2,\"name\":\"Vacina\u00e7\u00e3o Covid19 em Sum\u00e9 imuniza de 50 a 52 anos sem comorbidades\"}]},{\"@type\":\"WebSite\",\"@id\":\"https:\/\/noticiasemdestaque.com\/cd\/#website\",\"url\":\"https:\/\/noticiasemdestaque.com\/cd\/\",\"name\":\"Not&iacute;cias em Destaque\",\"description\":\"\",\"publisher\":{\"@id\":\"https:\/\/noticiasemdestaque.com\/cd\/#organization\"},\"potentialAction\":[{\"@type\":\"SearchAction\",\"target\":{\"@type\":\"EntryPoint\",\"urlTemplate\":\"https:\/\/noticiasemdestaque.com\/cd\/?s={search_term_string}\"},\"query-input\":{\"@type\":\"PropertyValueSpecification\",\"valueRequired\":true,\"valueName\":\"search_term_string\"}}],\"inLanguage\":\"pt-BR\"},{\"@type\":\"Organization\",\"@id\":\"https:\/\/noticiasemdestaque.com\/cd\/#organization\",\"name\":\"Not\u00edcias em Destaque\",\"url\":\"https:\/\/noticiasemdestaque.com\/cd\/\",\"logo\":{\"@type\":\"ImageObject\",\"inLanguage\":\"pt-BR\",\"@id\":\"https:\/\/noticiasemdestaque.com\/cd\/#\/schema\/logo\/image\/\",\"url\":\"https:\/\/noticiasemdestaque.com\/cd\/wp-content\/uploads\/2022\/05\/imagem-base-noticiasemdestaque.png\",\"contentUrl\":\"https:\/\/noticiasemdestaque.com\/cd\/wp-content\/uploads\/2022\/05\/imagem-base-noticiasemdestaque.png\",\"width\":1200,\"height\":630,\"caption\":\"Not\u00edcias em Destaque\"},\"image\":{\"@id\":\"https:\/\/noticiasemdestaque.com\/cd\/#\/schema\/logo\/image\/\"}},{\"@type\":\"Person\",\"@id\":\"https:\/\/noticiasemdestaque.com\/cd\/#\/schema\/person\/9c05c6816b191977f47499b3494ace52\",\"name\":\"Not\u00edcias em Destaque\",\"url\":\"https:\/\/noticiasemdestaque.com\/cd\/?author=2\"}]}<\/script>\n<!-- \/ Yoast SEO plugin. -->","yoast_head_json":{"title":"Vacina\u00e7\u00e3o Covid19 em Sum\u00e9 imuniza de 50 a 52 anos sem comorbidades - Not&iacute;cias em Destaque","robots":{"index":"index","follow":"follow","max-snippet":"max-snippet:-1","max-image-preview":"max-image-preview:large","max-video-preview":"max-video-preview:-1"},"canonical":"https:\/\/noticiasemdestaque.com\/cd\/?p=32453","og_locale":"pt_BR","og_type":"article","og_title":"Vacina\u00e7\u00e3o Covid19 em Sum\u00e9 imuniza de 50 a 52 anos sem comorbidades - Not&iacute;cias em Destaque","og_description":"Segue avan\u00e7ada a vacina\u00e7\u00e3o contra Covid19 no munic\u00edpio de Sum\u00e9. Nesta quarta-feira (07) tomar\u00e3o a 1\u00aa dose o seguinte grupo\/idade: Pessoas\u00a0sem\u00a0comorbidades\u00a0com\u00a050, 51 e 52 anos; Gr\u00e1vidas e pu\u00e9rperas\u00a0com comorbidades\u00a0e com o laudo m\u00e9dico; Gr\u00e1vidas e pu\u00e9rperas\u00a0sem comorbidades\u00a0mas com autoriza\u00e7\u00e3o do seu m\u00e9dico. A vacina\u00e7\u00e3o acontecer\u00e1 no Gin\u00e1sio de Esportes municipal, das 8h ao meio dia, com distribui\u00e7\u00e3o de\u00a0200 senhas\u00a0no pr\u00f3prio local da vacina\u00e7\u00e3o. \u00c9 importante lembrar de levar o seguintes documentos:\u00a0CFP, RG, comprovante de resid\u00eancia e cart\u00e3o do SUS. Quanto aquelas pessoas que ir\u00e3o tomar a 2\u00aa dose, os Agentes Comunit\u00e1rios de Sa\u00fade (ACS) permanecer\u00e3o contactando cada um. D\u00favidas e Informa\u00e7\u00f5es: 83 \u2013 9 9982 1811 (Vigil\u00e2ncia Epidemiol\u00f3gica) 83 \u2013 9 9413 0950 (Coordena\u00e7\u00e3o de Imuniza\u00e7\u00e3o) 0800 083 1403 (Ouvidoria) Ascom 06\/07\/2021","og_url":"https:\/\/noticiasemdestaque.com\/cd\/?p=32453","og_site_name":"Not&iacute;cias em Destaque","article_published_time":"2021-07-07T00:54:35+00:00","og_image":[{"width":2560,"height":2201,"url":"https:\/\/noticiasemdestaque.com\/cd\/wp-content\/uploads\/2021\/07\/IMG_0113-scaled-1.jpg","type":"image\/jpeg"}],"author":"Not\u00edcias em Destaque","twitter_card":"summary_large_image","twitter_misc":{"Escrito por":"Not\u00edcias em Destaque","Est. tempo de leitura":"1 minuto"},"schema":{"@context":"https:\/\/schema.org","@graph":[{"@type":"Article","@id":"https:\/\/noticiasemdestaque.com\/cd\/?p=32453#article","isPartOf":{"@id":"https:\/\/noticiasemdestaque.com\/cd\/?p=32453"},"author":{"name":"Not\u00edcias em Destaque","@id":"https:\/\/noticiasemdestaque.com\/cd\/#\/schema\/person\/9c05c6816b191977f47499b3494ace52"},"headline":"Vacina\u00e7\u00e3o Covid19 em Sum\u00e9 imuniza de 50 a 52 anos sem comorbidades","datePublished":"2021-07-07T00:54:35+00:00","mainEntityOfPage":{"@id":"https:\/\/noticiasemdestaque.com\/cd\/?p=32453"},"wordCount":151,"publisher":{"@id":"https:\/\/noticiasemdestaque.com\/cd\/#organization"},"image":{"@id":"https:\/\/noticiasemdestaque.com\/cd\/?p=32453#primaryimage"},"thumbnailUrl":"https:\/\/noticiasemdestaque.com\/cd\/wp-content\/uploads\/2021\/07\/IMG_0113-scaled-1.jpg","articleSection":["Cidades"],"inLanguage":"pt-BR"},{"@type":"WebPage","@id":"https:\/\/noticiasemdestaque.com\/cd\/?p=32453","url":"https:\/\/noticiasemdestaque.com\/cd\/?p=32453","name":"Vacina\u00e7\u00e3o Covid19 em Sum\u00e9 imuniza de 50 a 52 anos sem comorbidades - Not&iacute;cias em Destaque","isPartOf":{"@id":"https:\/\/noticiasemdestaque.com\/cd\/#website"},"primaryImageOfPage":{"@id":"https:\/\/noticiasemdestaque.com\/cd\/?p=32453#primaryimage"},"image":{"@id":"https:\/\/noticiasemdestaque.com\/cd\/?p=32453#primaryimage"},"thumbnailUrl":"https:\/\/noticiasemdestaque.com\/cd\/wp-content\/uploads\/2021\/07\/IMG_0113-scaled-1.jpg","datePublished":"2021-07-07T00:54:35+00:00","breadcrumb":{"@id":"https:\/\/noticiasemdestaque.com\/cd\/?p=32453#breadcrumb"},"inLanguage":"pt-BR","potentialAction":[{"@type":"ReadAction","target":["https:\/\/noticiasemdestaque.com\/cd\/?p=32453"]}]},{"@type":"ImageObject","inLanguage":"pt-BR","@id":"https:\/\/noticiasemdestaque.com\/cd\/?p=32453#primaryimage","url":"https:\/\/noticiasemdestaque.com\/cd\/wp-content\/uploads\/2021\/07\/IMG_0113-scaled-1.jpg","contentUrl":"https:\/\/noticiasemdestaque.com\/cd\/wp-content\/uploads\/2021\/07\/IMG_0113-scaled-1.jpg","width":2560,"height":2201},{"@type":"BreadcrumbList","@id":"https:\/\/noticiasemdestaque.com\/cd\/?p=32453#breadcrumb","itemListElement":[{"@type":"ListItem","position":1,"name":"In\u00edcio","item":"https:\/\/noticiasemdestaque.com\/cd\/"},{"@type":"ListItem","position":2,"name":"Vacina\u00e7\u00e3o Covid19 em Sum\u00e9 imuniza de 50 a 52 anos sem comorbidades"}]},{"@type":"WebSite","@id":"https:\/\/noticiasemdestaque.com\/cd\/#website","url":"https:\/\/noticiasemdestaque.com\/cd\/","name":"Not&iacute;cias em Destaque","description":"","publisher":{"@id":"https:\/\/noticiasemdestaque.com\/cd\/#organization"},"potentialAction":[{"@type":"SearchAction","target":{"@type":"EntryPoint","urlTemplate":"https:\/\/noticiasemdestaque.com\/cd\/?s={search_term_string}"},"query-input":{"@type":"PropertyValueSpecification","valueRequired":true,"valueName":"search_term_string"}}],"inLanguage":"pt-BR"},{"@type":"Organization","@id":"https:\/\/noticiasemdestaque.com\/cd\/#organization","name":"Not\u00edcias em Destaque","url":"https:\/\/noticiasemdestaque.com\/cd\/","logo":{"@type":"ImageObject","inLanguage":"pt-BR","@id":"https:\/\/noticiasemdestaque.com\/cd\/#\/schema\/logo\/image\/","url":"https:\/\/noticiasemdestaque.com\/cd\/wp-content\/uploads\/2022\/05\/imagem-base-noticiasemdestaque.png","contentUrl":"https:\/\/noticiasemdestaque.com\/cd\/wp-content\/uploads\/2022\/05\/imagem-base-noticiasemdestaque.png","width":1200,"height":630,"caption":"Not\u00edcias em Destaque"},"image":{"@id":"https:\/\/noticiasemdestaque.com\/cd\/#\/schema\/logo\/image\/"}},{"@type":"Person","@id":"https:\/\/noticiasemdestaque.com\/cd\/#\/schema\/person\/9c05c6816b191977f47499b3494ace52","name":"Not\u00edcias em Destaque","url":"https:\/\/noticiasemdestaque.com\/cd\/?author=2"}]}},"jetpack_featured_media_url":"https:\/\/noticiasemdestaque.com\/cd\/wp-content\/uploads\/2021\/07\/IMG_0113-scaled-1.jpg","jetpack_sharing_enabled":true,"_links":{"self":[{"href":"https:\/\/noticiasemdestaque.com\/cd\/index.php?rest_route=\/wp\/v2\/posts\/32453","targetHints":{"allow":["GET"]}}],"collection":[{"href":"https:\/\/noticiasemdestaque.com\/cd\/index.php?rest_route=\/wp\/v2\/posts"}],"about":[{"href":"https:\/\/noticiasemdestaque.com\/cd\/index.php?rest_route=\/wp\/v2\/types\/post"}],"author":[{"embeddable":true,"href":"https:\/\/noticiasemdestaque.com\/cd\/index.php?rest_route=\/wp\/v2\/users\/2"}],"replies":[{"embeddable":true,"href":"https:\/\/noticiasemdestaque.com\/cd\/index.php?rest_route=%2Fwp%2Fv2%2Fcomments&post=32453"}],"version-history":[{"count":1,"href":"https:\/\/noticiasemdestaque.com\/cd\/index.php?rest_route=\/wp\/v2\/posts\/32453\/revisions"}],"predecessor-version":[{"id":32455,"href":"https:\/\/noticiasemdestaque.com\/cd\/index.php?rest_route=\/wp\/v2\/posts\/32453\/revisions\/32455"}],"wp:featuredmedia":[{"embeddable":true,"href":"https:\/\/noticiasemdestaque.com\/cd\/index.php?rest_route=\/wp\/v2\/media\/32454"}],"wp:attachment":[{"href":"https:\/\/noticiasemdestaque.com\/cd\/index.php?rest_route=%2Fwp%2Fv2%2Fmedia&parent=32453"}],"wp:term":[{"taxonomy":"category","embeddable":true,"href":"https:\/\/noticiasemdestaque.com\/cd\/index.php?rest_route=%2Fwp%2Fv2%2Fcategories&post=32453"},{"taxonomy":"post_tag","embeddable":true,"href":"https:\/\/noticiasemdestaque.com\/cd\/index.php?rest_route=%2Fwp%2Fv2%2Ftags&post=32453"}],"curies":[{"name":"wp","href":"https:\/\/api.w.org\/{rel}","templated":true}]}}