{"id":32450,"date":"2021-07-06T20:39:31","date_gmt":"2021-07-06T23:39:31","guid":{"rendered":"http:\/\/noticiasemdestaque.com\/cd\/?p=32450"},"modified":"2021-07-06T20:39:31","modified_gmt":"2021-07-06T23:39:31","slug":"saude-anuncia-vacina-para-bancarios-e-trabalhadores-dos-correios","status":"publish","type":"post","link":"https:\/\/noticiasemdestaque.com\/cd\/?p=32450","title":{"rendered":"Sa\u00fade anuncia vacina para banc\u00e1rios e trabalhadores dos Correios"},"content":{"rendered":"<p><a href=\"https:\/\/noticiasemdestaque.com\/cd\/wp-content\/uploads\/2021\/07\/Sem-titulo-1.png\"><img fetchpriority=\"high\" decoding=\"async\" class=\"wp-image-32451 size-full aligncenter\" src=\"https:\/\/noticiasemdestaque.com\/cd\/wp-content\/uploads\/2021\/07\/Sem-titulo-1.png\" alt=\"\" width=\"565\" height=\"507\" srcset=\"https:\/\/noticiasemdestaque.com\/cd\/wp-content\/uploads\/2021\/07\/Sem-titulo-1.png 565w, https:\/\/noticiasemdestaque.com\/cd\/wp-content\/uploads\/2021\/07\/Sem-titulo-1-300x269.png 300w\" sizes=\"(max-width: 565px) 100vw, 565px\" \/><\/a><\/p>\n<p>O Minist\u00e9rio da Sa\u00fade informou hoje (6) que incluiu as categorias dos banc\u00e1rios e dos trabalhadores dos Correios entre os grupos priorit\u00e1rios do Plano de Operacionaliza\u00e7\u00e3o da campanha de vacina\u00e7\u00e3o contra a covid-19.<img decoding=\"async\" src=\"https:\/\/agenciabrasil.ebc.com.br\/ebc.png?id=1414819&amp;o=node\" \/><img decoding=\"async\" src=\"https:\/\/agenciabrasil.ebc.com.br\/ebc.gif?id=1414819&amp;o=node\" \/><\/p>\n<p>O an\u00fancio foi feito no Pal\u00e1cio do Planalto pelo ministro Marcelo Queiroga, ao lado de outros ministros, e comunicado por meio das redes sociais da pasta.<\/p>\n<p>N\u00e3o foi detalhado nos comunicados pelas redes sociais em que ordem de prioridade essas categorias foram inseridas.<\/p>\n<p>O Minist\u00e9rio da Sa\u00fade informou que ainda nesta semana deve ser divulgada uma nota t\u00e9cnica detalhando os procedimentos e crit\u00e9rios para imuniza\u00e7\u00e3o dessas categorias. Em seguida, a pasta afirmou que j\u00e1 deve come\u00e7ar a enviar doses para dar in\u00edcio \u00e0 imuniza\u00e7\u00e3o.<\/p>\n<p>O presidente do Banco do Brasil, Fausto Ribeiro, lembrou durante a entrevista do ministro Marcelo Queiroga que os trabalhadores da institui\u00e7\u00e3o mantiveram o atendimento durante a pandemia. &#8220;Estivemos \u00e0 frente dos atendimentos junto da popula\u00e7\u00e3o brasileira durante toda a pandemia. \u00c9 uma vit\u00f3ria de todos os banc\u00e1rios\u201d, comentou.<\/p>\n<p>&#8220;Essa vacina\u00e7\u00e3o contempla uma categoria que n\u00e3o parou em nenhum dia desde o in\u00edcio da pandemia para que a sociedade continuasse sendo atendida&#8221;, completou o presidente dos Correios, Floriano Peixoto.<\/p>\n<p>Com EBC<\/p>\n","protected":false},"excerpt":{"rendered":"<p>O Minist\u00e9rio da Sa\u00fade informou hoje (6) que incluiu as categorias dos banc\u00e1rios e dos trabalhadores dos Correios entre os grupos priorit\u00e1rios do Plano de Operacionaliza\u00e7\u00e3o da campanha de vacina\u00e7\u00e3o contra a covid-19. O an\u00fancio foi feito no Pal\u00e1cio do Planalto pelo ministro Marcelo Queiroga, ao lado de outros ministros, e comunicado por meio das redes sociais da pasta. N\u00e3o foi detalhado nos comunicados pelas redes sociais em que ordem de prioridade essas categorias foram inseridas. O Minist\u00e9rio da Sa\u00fade informou que ainda nesta semana deve ser divulgada uma nota t\u00e9cnica detalhando os procedimentos e crit\u00e9rios para imuniza\u00e7\u00e3o dessas categorias. Em seguida, a pasta afirmou que j\u00e1 deve come\u00e7ar a enviar doses para dar in\u00edcio \u00e0 imuniza\u00e7\u00e3o. O presidente do Banco do Brasil, Fausto Ribeiro, lembrou durante a entrevista do ministro Marcelo Queiroga que os trabalhadores da institui\u00e7\u00e3o mantiveram o atendimento durante a pandemia. &#8220;Estivemos \u00e0 frente dos atendimentos junto da popula\u00e7\u00e3o brasileira durante toda a pandemia. \u00c9 uma vit\u00f3ria de todos os banc\u00e1rios\u201d, comentou. &#8220;Essa vacina\u00e7\u00e3o contempla uma categoria que n\u00e3o parou em nenhum dia desde o in\u00edcio da pandemia para que a sociedade continuasse sendo atendida&#8221;, completou o presidente dos Correios, Floriano Peixoto. Com EBC<\/p>\n","protected":false},"author":2,"featured_media":32451,"comment_status":"closed","ping_status":"open","sticky":false,"template":"","format":"standard","meta":{"_eb_attr":"","_jetpack_memberships_contains_paid_content":false,"footnotes":""},"categories":[12],"tags":[],"class_list":["post-32450","post","type-post","status-publish","format-standard","has-post-thumbnail","hentry","category-geral"],"yoast_head":"<!-- This site is optimized with the Yoast SEO plugin v26.5 - https:\/\/yoast.com\/wordpress\/plugins\/seo\/ -->\n<title>Sa\u00fade anuncia vacina para banc\u00e1rios e trabalhadores dos Correios - Not&iacute;cias em Destaque<\/title>\n<meta name=\"robots\" content=\"index, follow, max-snippet:-1, max-image-preview:large, max-video-preview:-1\" \/>\n<link rel=\"canonical\" href=\"https:\/\/noticiasemdestaque.com\/cd\/?p=32450\" \/>\n<meta property=\"og:locale\" content=\"pt_BR\" \/>\n<meta property=\"og:type\" content=\"article\" \/>\n<meta property=\"og:title\" content=\"Sa\u00fade anuncia vacina para banc\u00e1rios e trabalhadores dos Correios - Not&iacute;cias em Destaque\" \/>\n<meta property=\"og:description\" content=\"O Minist\u00e9rio da Sa\u00fade informou hoje (6) que incluiu as categorias dos banc\u00e1rios e dos trabalhadores dos Correios entre os grupos priorit\u00e1rios do Plano de Operacionaliza\u00e7\u00e3o da campanha de vacina\u00e7\u00e3o contra a covid-19. O an\u00fancio foi feito no Pal\u00e1cio do Planalto pelo ministro Marcelo Queiroga, ao lado de outros ministros, e comunicado por meio das redes sociais da pasta. N\u00e3o foi detalhado nos comunicados pelas redes sociais em que ordem de prioridade essas categorias foram inseridas. O Minist\u00e9rio da Sa\u00fade informou que ainda nesta semana deve ser divulgada uma nota t\u00e9cnica detalhando os procedimentos e crit\u00e9rios para imuniza\u00e7\u00e3o dessas categorias. Em seguida, a pasta afirmou que j\u00e1 deve come\u00e7ar a enviar doses para dar in\u00edcio \u00e0 imuniza\u00e7\u00e3o. O presidente do Banco do Brasil, Fausto Ribeiro, lembrou durante a entrevista do ministro Marcelo Queiroga que os trabalhadores da institui\u00e7\u00e3o mantiveram o atendimento durante a pandemia. &#8220;Estivemos \u00e0 frente dos atendimentos junto da popula\u00e7\u00e3o brasileira durante toda a pandemia. \u00c9 uma vit\u00f3ria de todos os banc\u00e1rios\u201d, comentou. &#8220;Essa vacina\u00e7\u00e3o contempla uma categoria que n\u00e3o parou em nenhum dia desde o in\u00edcio da pandemia para que a sociedade continuasse sendo atendida&#8221;, completou o presidente dos Correios, Floriano Peixoto. Com EBC\" \/>\n<meta property=\"og:url\" content=\"https:\/\/noticiasemdestaque.com\/cd\/?p=32450\" \/>\n<meta property=\"og:site_name\" content=\"Not&iacute;cias em Destaque\" \/>\n<meta property=\"article:published_time\" content=\"2021-07-06T23:39:31+00:00\" \/>\n<meta property=\"og:image\" content=\"https:\/\/noticiasemdestaque.com\/cd\/wp-content\/uploads\/2021\/07\/Sem-titulo-1.png\" \/>\n\t<meta property=\"og:image:width\" content=\"565\" \/>\n\t<meta property=\"og:image:height\" content=\"507\" \/>\n\t<meta property=\"og:image:type\" content=\"image\/png\" \/>\n<meta name=\"author\" content=\"Not\u00edcias em Destaque\" \/>\n<meta name=\"twitter:card\" content=\"summary_large_image\" \/>\n<meta name=\"twitter:label1\" content=\"Escrito por\" \/>\n\t<meta name=\"twitter:data1\" content=\"Not\u00edcias em Destaque\" \/>\n\t<meta name=\"twitter:label2\" content=\"Est. tempo de leitura\" \/>\n\t<meta name=\"twitter:data2\" content=\"1 minuto\" \/>\n<script type=\"application\/ld+json\" class=\"yoast-schema-graph\">{\"@context\":\"https:\/\/schema.org\",\"@graph\":[{\"@type\":\"Article\",\"@id\":\"https:\/\/noticiasemdestaque.com\/cd\/?p=32450#article\",\"isPartOf\":{\"@id\":\"https:\/\/noticiasemdestaque.com\/cd\/?p=32450\"},\"author\":{\"name\":\"Not\u00edcias em Destaque\",\"@id\":\"https:\/\/noticiasemdestaque.com\/cd\/#\/schema\/person\/9c05c6816b191977f47499b3494ace52\"},\"headline\":\"Sa\u00fade anuncia vacina para banc\u00e1rios e trabalhadores dos Correios\",\"datePublished\":\"2021-07-06T23:39:31+00:00\",\"mainEntityOfPage\":{\"@id\":\"https:\/\/noticiasemdestaque.com\/cd\/?p=32450\"},\"wordCount\":228,\"publisher\":{\"@id\":\"https:\/\/noticiasemdestaque.com\/cd\/#organization\"},\"image\":{\"@id\":\"https:\/\/noticiasemdestaque.com\/cd\/?p=32450#primaryimage\"},\"thumbnailUrl\":\"https:\/\/noticiasemdestaque.com\/cd\/wp-content\/uploads\/2021\/07\/Sem-titulo-1.png\",\"articleSection\":[\"Geral\"],\"inLanguage\":\"pt-BR\"},{\"@type\":\"WebPage\",\"@id\":\"https:\/\/noticiasemdestaque.com\/cd\/?p=32450\",\"url\":\"https:\/\/noticiasemdestaque.com\/cd\/?p=32450\",\"name\":\"Sa\u00fade anuncia vacina para banc\u00e1rios e trabalhadores dos Correios - Not&iacute;cias em Destaque\",\"isPartOf\":{\"@id\":\"https:\/\/noticiasemdestaque.com\/cd\/#website\"},\"primaryImageOfPage\":{\"@id\":\"https:\/\/noticiasemdestaque.com\/cd\/?p=32450#primaryimage\"},\"image\":{\"@id\":\"https:\/\/noticiasemdestaque.com\/cd\/?p=32450#primaryimage\"},\"thumbnailUrl\":\"https:\/\/noticiasemdestaque.com\/cd\/wp-content\/uploads\/2021\/07\/Sem-titulo-1.png\",\"datePublished\":\"2021-07-06T23:39:31+00:00\",\"breadcrumb\":{\"@id\":\"https:\/\/noticiasemdestaque.com\/cd\/?p=32450#breadcrumb\"},\"inLanguage\":\"pt-BR\",\"potentialAction\":[{\"@type\":\"ReadAction\",\"target\":[\"https:\/\/noticiasemdestaque.com\/cd\/?p=32450\"]}]},{\"@type\":\"ImageObject\",\"inLanguage\":\"pt-BR\",\"@id\":\"https:\/\/noticiasemdestaque.com\/cd\/?p=32450#primaryimage\",\"url\":\"https:\/\/noticiasemdestaque.com\/cd\/wp-content\/uploads\/2021\/07\/Sem-titulo-1.png\",\"contentUrl\":\"https:\/\/noticiasemdestaque.com\/cd\/wp-content\/uploads\/2021\/07\/Sem-titulo-1.png\",\"width\":565,\"height\":507},{\"@type\":\"BreadcrumbList\",\"@id\":\"https:\/\/noticiasemdestaque.com\/cd\/?p=32450#breadcrumb\",\"itemListElement\":[{\"@type\":\"ListItem\",\"position\":1,\"name\":\"In\u00edcio\",\"item\":\"https:\/\/noticiasemdestaque.com\/cd\/\"},{\"@type\":\"ListItem\",\"position\":2,\"name\":\"Sa\u00fade anuncia vacina para banc\u00e1rios e trabalhadores dos Correios\"}]},{\"@type\":\"WebSite\",\"@id\":\"https:\/\/noticiasemdestaque.com\/cd\/#website\",\"url\":\"https:\/\/noticiasemdestaque.com\/cd\/\",\"name\":\"Not&iacute;cias em Destaque\",\"description\":\"\",\"publisher\":{\"@id\":\"https:\/\/noticiasemdestaque.com\/cd\/#organization\"},\"potentialAction\":[{\"@type\":\"SearchAction\",\"target\":{\"@type\":\"EntryPoint\",\"urlTemplate\":\"https:\/\/noticiasemdestaque.com\/cd\/?s={search_term_string}\"},\"query-input\":{\"@type\":\"PropertyValueSpecification\",\"valueRequired\":true,\"valueName\":\"search_term_string\"}}],\"inLanguage\":\"pt-BR\"},{\"@type\":\"Organization\",\"@id\":\"https:\/\/noticiasemdestaque.com\/cd\/#organization\",\"name\":\"Not\u00edcias em Destaque\",\"url\":\"https:\/\/noticiasemdestaque.com\/cd\/\",\"logo\":{\"@type\":\"ImageObject\",\"inLanguage\":\"pt-BR\",\"@id\":\"https:\/\/noticiasemdestaque.com\/cd\/#\/schema\/logo\/image\/\",\"url\":\"https:\/\/noticiasemdestaque.com\/cd\/wp-content\/uploads\/2022\/05\/imagem-base-noticiasemdestaque.png\",\"contentUrl\":\"https:\/\/noticiasemdestaque.com\/cd\/wp-content\/uploads\/2022\/05\/imagem-base-noticiasemdestaque.png\",\"width\":1200,\"height\":630,\"caption\":\"Not\u00edcias em Destaque\"},\"image\":{\"@id\":\"https:\/\/noticiasemdestaque.com\/cd\/#\/schema\/logo\/image\/\"}},{\"@type\":\"Person\",\"@id\":\"https:\/\/noticiasemdestaque.com\/cd\/#\/schema\/person\/9c05c6816b191977f47499b3494ace52\",\"name\":\"Not\u00edcias em Destaque\",\"url\":\"https:\/\/noticiasemdestaque.com\/cd\/?author=2\"}]}<\/script>\n<!-- \/ Yoast SEO plugin. -->","yoast_head_json":{"title":"Sa\u00fade anuncia vacina para banc\u00e1rios e trabalhadores dos Correios - Not&iacute;cias em Destaque","robots":{"index":"index","follow":"follow","max-snippet":"max-snippet:-1","max-image-preview":"max-image-preview:large","max-video-preview":"max-video-preview:-1"},"canonical":"https:\/\/noticiasemdestaque.com\/cd\/?p=32450","og_locale":"pt_BR","og_type":"article","og_title":"Sa\u00fade anuncia vacina para banc\u00e1rios e trabalhadores dos Correios - Not&iacute;cias em Destaque","og_description":"O Minist\u00e9rio da Sa\u00fade informou hoje (6) que incluiu as categorias dos banc\u00e1rios e dos trabalhadores dos Correios entre os grupos priorit\u00e1rios do Plano de Operacionaliza\u00e7\u00e3o da campanha de vacina\u00e7\u00e3o contra a covid-19. O an\u00fancio foi feito no Pal\u00e1cio do Planalto pelo ministro Marcelo Queiroga, ao lado de outros ministros, e comunicado por meio das redes sociais da pasta. N\u00e3o foi detalhado nos comunicados pelas redes sociais em que ordem de prioridade essas categorias foram inseridas. O Minist\u00e9rio da Sa\u00fade informou que ainda nesta semana deve ser divulgada uma nota t\u00e9cnica detalhando os procedimentos e crit\u00e9rios para imuniza\u00e7\u00e3o dessas categorias. Em seguida, a pasta afirmou que j\u00e1 deve come\u00e7ar a enviar doses para dar in\u00edcio \u00e0 imuniza\u00e7\u00e3o. O presidente do Banco do Brasil, Fausto Ribeiro, lembrou durante a entrevista do ministro Marcelo Queiroga que os trabalhadores da institui\u00e7\u00e3o mantiveram o atendimento durante a pandemia. &#8220;Estivemos \u00e0 frente dos atendimentos junto da popula\u00e7\u00e3o brasileira durante toda a pandemia. \u00c9 uma vit\u00f3ria de todos os banc\u00e1rios\u201d, comentou. &#8220;Essa vacina\u00e7\u00e3o contempla uma categoria que n\u00e3o parou em nenhum dia desde o in\u00edcio da pandemia para que a sociedade continuasse sendo atendida&#8221;, completou o presidente dos Correios, Floriano Peixoto. Com EBC","og_url":"https:\/\/noticiasemdestaque.com\/cd\/?p=32450","og_site_name":"Not&iacute;cias em Destaque","article_published_time":"2021-07-06T23:39:31+00:00","og_image":[{"width":565,"height":507,"url":"https:\/\/noticiasemdestaque.com\/cd\/wp-content\/uploads\/2021\/07\/Sem-titulo-1.png","type":"image\/png"}],"author":"Not\u00edcias em Destaque","twitter_card":"summary_large_image","twitter_misc":{"Escrito por":"Not\u00edcias em Destaque","Est. tempo de leitura":"1 minuto"},"schema":{"@context":"https:\/\/schema.org","@graph":[{"@type":"Article","@id":"https:\/\/noticiasemdestaque.com\/cd\/?p=32450#article","isPartOf":{"@id":"https:\/\/noticiasemdestaque.com\/cd\/?p=32450"},"author":{"name":"Not\u00edcias em Destaque","@id":"https:\/\/noticiasemdestaque.com\/cd\/#\/schema\/person\/9c05c6816b191977f47499b3494ace52"},"headline":"Sa\u00fade anuncia vacina para banc\u00e1rios e trabalhadores dos Correios","datePublished":"2021-07-06T23:39:31+00:00","mainEntityOfPage":{"@id":"https:\/\/noticiasemdestaque.com\/cd\/?p=32450"},"wordCount":228,"publisher":{"@id":"https:\/\/noticiasemdestaque.com\/cd\/#organization"},"image":{"@id":"https:\/\/noticiasemdestaque.com\/cd\/?p=32450#primaryimage"},"thumbnailUrl":"https:\/\/noticiasemdestaque.com\/cd\/wp-content\/uploads\/2021\/07\/Sem-titulo-1.png","articleSection":["Geral"],"inLanguage":"pt-BR"},{"@type":"WebPage","@id":"https:\/\/noticiasemdestaque.com\/cd\/?p=32450","url":"https:\/\/noticiasemdestaque.com\/cd\/?p=32450","name":"Sa\u00fade anuncia vacina para banc\u00e1rios e trabalhadores dos Correios - Not&iacute;cias em Destaque","isPartOf":{"@id":"https:\/\/noticiasemdestaque.com\/cd\/#website"},"primaryImageOfPage":{"@id":"https:\/\/noticiasemdestaque.com\/cd\/?p=32450#primaryimage"},"image":{"@id":"https:\/\/noticiasemdestaque.com\/cd\/?p=32450#primaryimage"},"thumbnailUrl":"https:\/\/noticiasemdestaque.com\/cd\/wp-content\/uploads\/2021\/07\/Sem-titulo-1.png","datePublished":"2021-07-06T23:39:31+00:00","breadcrumb":{"@id":"https:\/\/noticiasemdestaque.com\/cd\/?p=32450#breadcrumb"},"inLanguage":"pt-BR","potentialAction":[{"@type":"ReadAction","target":["https:\/\/noticiasemdestaque.com\/cd\/?p=32450"]}]},{"@type":"ImageObject","inLanguage":"pt-BR","@id":"https:\/\/noticiasemdestaque.com\/cd\/?p=32450#primaryimage","url":"https:\/\/noticiasemdestaque.com\/cd\/wp-content\/uploads\/2021\/07\/Sem-titulo-1.png","contentUrl":"https:\/\/noticiasemdestaque.com\/cd\/wp-content\/uploads\/2021\/07\/Sem-titulo-1.png","width":565,"height":507},{"@type":"BreadcrumbList","@id":"https:\/\/noticiasemdestaque.com\/cd\/?p=32450#breadcrumb","itemListElement":[{"@type":"ListItem","position":1,"name":"In\u00edcio","item":"https:\/\/noticiasemdestaque.com\/cd\/"},{"@type":"ListItem","position":2,"name":"Sa\u00fade anuncia vacina para banc\u00e1rios e trabalhadores dos Correios"}]},{"@type":"WebSite","@id":"https:\/\/noticiasemdestaque.com\/cd\/#website","url":"https:\/\/noticiasemdestaque.com\/cd\/","name":"Not&iacute;cias em Destaque","description":"","publisher":{"@id":"https:\/\/noticiasemdestaque.com\/cd\/#organization"},"potentialAction":[{"@type":"SearchAction","target":{"@type":"EntryPoint","urlTemplate":"https:\/\/noticiasemdestaque.com\/cd\/?s={search_term_string}"},"query-input":{"@type":"PropertyValueSpecification","valueRequired":true,"valueName":"search_term_string"}}],"inLanguage":"pt-BR"},{"@type":"Organization","@id":"https:\/\/noticiasemdestaque.com\/cd\/#organization","name":"Not\u00edcias em Destaque","url":"https:\/\/noticiasemdestaque.com\/cd\/","logo":{"@type":"ImageObject","inLanguage":"pt-BR","@id":"https:\/\/noticiasemdestaque.com\/cd\/#\/schema\/logo\/image\/","url":"https:\/\/noticiasemdestaque.com\/cd\/wp-content\/uploads\/2022\/05\/imagem-base-noticiasemdestaque.png","contentUrl":"https:\/\/noticiasemdestaque.com\/cd\/wp-content\/uploads\/2022\/05\/imagem-base-noticiasemdestaque.png","width":1200,"height":630,"caption":"Not\u00edcias em Destaque"},"image":{"@id":"https:\/\/noticiasemdestaque.com\/cd\/#\/schema\/logo\/image\/"}},{"@type":"Person","@id":"https:\/\/noticiasemdestaque.com\/cd\/#\/schema\/person\/9c05c6816b191977f47499b3494ace52","name":"Not\u00edcias em Destaque","url":"https:\/\/noticiasemdestaque.com\/cd\/?author=2"}]}},"jetpack_featured_media_url":"https:\/\/noticiasemdestaque.com\/cd\/wp-content\/uploads\/2021\/07\/Sem-titulo-1.png","jetpack_sharing_enabled":true,"_links":{"self":[{"href":"https:\/\/noticiasemdestaque.com\/cd\/index.php?rest_route=\/wp\/v2\/posts\/32450","targetHints":{"allow":["GET"]}}],"collection":[{"href":"https:\/\/noticiasemdestaque.com\/cd\/index.php?rest_route=\/wp\/v2\/posts"}],"about":[{"href":"https:\/\/noticiasemdestaque.com\/cd\/index.php?rest_route=\/wp\/v2\/types\/post"}],"author":[{"embeddable":true,"href":"https:\/\/noticiasemdestaque.com\/cd\/index.php?rest_route=\/wp\/v2\/users\/2"}],"replies":[{"embeddable":true,"href":"https:\/\/noticiasemdestaque.com\/cd\/index.php?rest_route=%2Fwp%2Fv2%2Fcomments&post=32450"}],"version-history":[{"count":1,"href":"https:\/\/noticiasemdestaque.com\/cd\/index.php?rest_route=\/wp\/v2\/posts\/32450\/revisions"}],"predecessor-version":[{"id":32452,"href":"https:\/\/noticiasemdestaque.com\/cd\/index.php?rest_route=\/wp\/v2\/posts\/32450\/revisions\/32452"}],"wp:featuredmedia":[{"embeddable":true,"href":"https:\/\/noticiasemdestaque.com\/cd\/index.php?rest_route=\/wp\/v2\/media\/32451"}],"wp:attachment":[{"href":"https:\/\/noticiasemdestaque.com\/cd\/index.php?rest_route=%2Fwp%2Fv2%2Fmedia&parent=32450"}],"wp:term":[{"taxonomy":"category","embeddable":true,"href":"https:\/\/noticiasemdestaque.com\/cd\/index.php?rest_route=%2Fwp%2Fv2%2Fcategories&post=32450"},{"taxonomy":"post_tag","embeddable":true,"href":"https:\/\/noticiasemdestaque.com\/cd\/index.php?rest_route=%2Fwp%2Fv2%2Ftags&post=32450"}],"curies":[{"name":"wp","href":"https:\/\/api.w.org\/{rel}","templated":true}]}}