{"id":32446,"date":"2021-07-06T20:23:31","date_gmt":"2021-07-06T23:23:31","guid":{"rendered":"http:\/\/noticiasemdestaque.com\/cd\/?p=32446"},"modified":"2021-07-06T20:24:05","modified_gmt":"2021-07-06T23:24:05","slug":"prefeito-eden-investe-forte-na-agricultura-e-recuperacao-de-estradas","status":"publish","type":"post","link":"https:\/\/noticiasemdestaque.com\/cd\/?p=32446","title":{"rendered":"Prefeito \u00c9den investe forte na agricultura e recupera\u00e7\u00e3o de estradas em Sum\u00e9"},"content":{"rendered":"<p data-uw-styling-context=\"true\"><a href=\"https:\/\/noticiasemdestaque.com\/cd\/wp-content\/uploads\/2021\/07\/CILO-5.jpg\"><img fetchpriority=\"high\" decoding=\"async\" class=\"wp-image-32447 size-large aligncenter\" src=\"https:\/\/noticiasemdestaque.com\/cd\/wp-content\/uploads\/2021\/07\/CILO-5-1024x498.jpg\" alt=\"\" width=\"1024\" height=\"498\" srcset=\"https:\/\/noticiasemdestaque.com\/cd\/wp-content\/uploads\/2021\/07\/CILO-5-1024x498.jpg 1024w, https:\/\/noticiasemdestaque.com\/cd\/wp-content\/uploads\/2021\/07\/CILO-5-300x146.jpg 300w, https:\/\/noticiasemdestaque.com\/cd\/wp-content\/uploads\/2021\/07\/CILO-5-768x373.jpg 768w, https:\/\/noticiasemdestaque.com\/cd\/wp-content\/uploads\/2021\/07\/CILO-5.jpg 1280w\" sizes=\"(max-width: 1024px) 100vw, 1024px\" \/><\/a><\/p>\n<p data-uw-styling-context=\"true\">A Prefeitura de Sum\u00e9 por meio da Secretaria de Agricultura est\u00e1 realizando o agendamento para confec\u00e7\u00e3o de silos. At\u00e9 o momento, j\u00e1 foram atendidas as demandas nos s\u00edtios: Jaguaribe, Olho d\u2019\u00e1gua Branco, Sacada, Balan\u00e7o, Po\u00e7o da Pedra, V\u00e1rzea do Estev\u00e3o e Riacho da Ro\u00e7a, atendendo cerca de 19 horas\/m\u00e1quina trabalhadas e produzindo uma quantidade de 57 toneladas de ra\u00e7\u00e3o.<\/p>\n<p data-uw-styling-context=\"true\">A\u00a0ensilagem\u00a0\u00e9 um processo de\u00a0conserva\u00e7\u00e3o de forragem amplamente utilizado, com a finalidade de produ\u00e7\u00e3o de\u00a0alimento volumoso\u00a0(silagem) de boa qualidade,\u00a0durante todo\u00a0o ano,\u00a0permitindo o aproveitamento do excesso de forragens do per\u00edodo das \u00e1guas para fornecimento aos animais, durante o per\u00edodo seco, quando ocorre uma diminui\u00e7\u00e3o qualitativa e quantitativa das\u00a0forrageiras.<\/p>\n<p data-uw-styling-context=\"true\">Foram retomados tamb\u00e9m os trabalhos de confec\u00e7\u00e3o de cacimbas, atendendo as demandas da regi\u00e3o da bacia do a\u00e7ude \u2013 Riach\u00e3o e Po\u00e7o do Quincas. Ap\u00f3s a conclus\u00e3o, a atividade seguir\u00e1 para outras regi\u00f5es.<\/p>\n<p data-uw-styling-context=\"true\">Recome\u00e7aram os abastecimentos das comunidades atrav\u00e9s da opera\u00e7\u00e3o carro pipa coordenada pelo ex\u00e9rcito, isso, ap\u00f3s o reconhecimento e publica\u00e7\u00e3o do decreto municipal de situa\u00e7\u00e3o de emerg\u00eancia por estiagem pelo Governo do Estado e a Secretaria Nacional de Prote\u00e7\u00e3o e Defesa Civil.<\/p>\n<p data-uw-styling-context=\"true\">Quanto \u00e0 recupera\u00e7\u00e3o de estradas, o secret\u00e1rio D\u00e9cio Bezerra (Obras) solicita \u00e0 popula\u00e7\u00e3o da zona rural um pouco de paci\u00eancia, visto que Sum\u00e9 \u00e9 o terceiro munic\u00edpio em extens\u00e3o territorial da Para\u00edba, com mais de 600 km de estradas e que, embora as m\u00e1quinas estejam todas sendo utilizadas no ro\u00e7o das estradas, nesse momento, \u00e9 necess\u00e1rio aguardar o cessar das chuvas para que o trabalho apresente resultados.<\/p>\n<p><strong data-uw-styling-context=\"true\">D\u00favidas e Informa\u00e7\u00f5es:<\/strong><\/p>\n<p data-uw-styling-context=\"true\">(83) 9 9412 7224 (Secretarias de Obras e Agricultura)<\/p>\n<p data-uw-styling-context=\"true\">0800 083 1403 (Ouvidoria)<\/p>\n<p data-uw-styling-context=\"true\">Ascom<\/p>\n","protected":false},"excerpt":{"rendered":"<p>A Prefeitura de Sum\u00e9 por meio da Secretaria de Agricultura est\u00e1 realizando o agendamento para confec\u00e7\u00e3o de silos. At\u00e9 o momento, j\u00e1 foram atendidas as demandas nos s\u00edtios: Jaguaribe, Olho d\u2019\u00e1gua Branco, Sacada, Balan\u00e7o, Po\u00e7o da Pedra, V\u00e1rzea do Estev\u00e3o e Riacho da Ro\u00e7a, atendendo cerca de 19 horas\/m\u00e1quina trabalhadas e produzindo uma quantidade de 57 toneladas de ra\u00e7\u00e3o. A\u00a0ensilagem\u00a0\u00e9 um processo de\u00a0conserva\u00e7\u00e3o de forragem amplamente utilizado, com a finalidade de produ\u00e7\u00e3o de\u00a0alimento volumoso\u00a0(silagem) de boa qualidade,\u00a0durante todo\u00a0o ano,\u00a0permitindo o aproveitamento do excesso de forragens do per\u00edodo das \u00e1guas para fornecimento aos animais, durante o per\u00edodo seco, quando ocorre uma diminui\u00e7\u00e3o qualitativa e quantitativa das\u00a0forrageiras. Foram retomados tamb\u00e9m os trabalhos de confec\u00e7\u00e3o de cacimbas, atendendo as demandas da regi\u00e3o da bacia do a\u00e7ude \u2013 Riach\u00e3o e Po\u00e7o do Quincas. Ap\u00f3s a conclus\u00e3o, a atividade seguir\u00e1 para outras regi\u00f5es. Recome\u00e7aram os abastecimentos das comunidades atrav\u00e9s da opera\u00e7\u00e3o carro pipa coordenada pelo ex\u00e9rcito, isso, ap\u00f3s o reconhecimento e publica\u00e7\u00e3o do decreto municipal de situa\u00e7\u00e3o de emerg\u00eancia por estiagem pelo Governo do Estado e a Secretaria Nacional de Prote\u00e7\u00e3o e Defesa Civil. Quanto \u00e0 recupera\u00e7\u00e3o de estradas, o secret\u00e1rio D\u00e9cio Bezerra (Obras) solicita \u00e0 popula\u00e7\u00e3o da zona rural um pouco de paci\u00eancia, visto que Sum\u00e9 \u00e9 o terceiro munic\u00edpio em extens\u00e3o territorial da Para\u00edba, com mais de 600 km de estradas e que, embora as m\u00e1quinas estejam todas sendo utilizadas no ro\u00e7o das estradas, nesse momento, \u00e9 necess\u00e1rio aguardar o cessar das chuvas para que o trabalho apresente resultados. D\u00favidas e Informa\u00e7\u00f5es: (83) 9 9412 7224 (Secretarias de Obras e Agricultura) 0800 083 1403 (Ouvidoria) Ascom<\/p>\n","protected":false},"author":2,"featured_media":32447,"comment_status":"closed","ping_status":"open","sticky":false,"template":"","format":"standard","meta":{"_eb_attr":"","_jetpack_memberships_contains_paid_content":false,"footnotes":""},"categories":[3],"tags":[],"class_list":["post-32446","post","type-post","status-publish","format-standard","has-post-thumbnail","hentry","category-cidades"],"yoast_head":"<!-- This site is optimized with the Yoast SEO plugin v26.5 - https:\/\/yoast.com\/wordpress\/plugins\/seo\/ -->\n<title>Prefeito \u00c9den investe forte na agricultura e recupera\u00e7\u00e3o de estradas em Sum\u00e9 - Not&iacute;cias em Destaque<\/title>\n<meta name=\"robots\" content=\"index, follow, max-snippet:-1, max-image-preview:large, max-video-preview:-1\" \/>\n<link rel=\"canonical\" href=\"https:\/\/noticiasemdestaque.com\/cd\/?p=32446\" \/>\n<meta property=\"og:locale\" content=\"pt_BR\" \/>\n<meta property=\"og:type\" content=\"article\" \/>\n<meta property=\"og:title\" content=\"Prefeito \u00c9den investe forte na agricultura e recupera\u00e7\u00e3o de estradas em Sum\u00e9 - Not&iacute;cias em Destaque\" \/>\n<meta property=\"og:description\" content=\"A Prefeitura de Sum\u00e9 por meio da Secretaria de Agricultura est\u00e1 realizando o agendamento para confec\u00e7\u00e3o de silos. At\u00e9 o momento, j\u00e1 foram atendidas as demandas nos s\u00edtios: Jaguaribe, Olho d\u2019\u00e1gua Branco, Sacada, Balan\u00e7o, Po\u00e7o da Pedra, V\u00e1rzea do Estev\u00e3o e Riacho da Ro\u00e7a, atendendo cerca de 19 horas\/m\u00e1quina trabalhadas e produzindo uma quantidade de 57 toneladas de ra\u00e7\u00e3o. A\u00a0ensilagem\u00a0\u00e9 um processo de\u00a0conserva\u00e7\u00e3o de forragem amplamente utilizado, com a finalidade de produ\u00e7\u00e3o de\u00a0alimento volumoso\u00a0(silagem) de boa qualidade,\u00a0durante todo\u00a0o ano,\u00a0permitindo o aproveitamento do excesso de forragens do per\u00edodo das \u00e1guas para fornecimento aos animais, durante o per\u00edodo seco, quando ocorre uma diminui\u00e7\u00e3o qualitativa e quantitativa das\u00a0forrageiras. Foram retomados tamb\u00e9m os trabalhos de confec\u00e7\u00e3o de cacimbas, atendendo as demandas da regi\u00e3o da bacia do a\u00e7ude \u2013 Riach\u00e3o e Po\u00e7o do Quincas. Ap\u00f3s a conclus\u00e3o, a atividade seguir\u00e1 para outras regi\u00f5es. Recome\u00e7aram os abastecimentos das comunidades atrav\u00e9s da opera\u00e7\u00e3o carro pipa coordenada pelo ex\u00e9rcito, isso, ap\u00f3s o reconhecimento e publica\u00e7\u00e3o do decreto municipal de situa\u00e7\u00e3o de emerg\u00eancia por estiagem pelo Governo do Estado e a Secretaria Nacional de Prote\u00e7\u00e3o e Defesa Civil. Quanto \u00e0 recupera\u00e7\u00e3o de estradas, o secret\u00e1rio D\u00e9cio Bezerra (Obras) solicita \u00e0 popula\u00e7\u00e3o da zona rural um pouco de paci\u00eancia, visto que Sum\u00e9 \u00e9 o terceiro munic\u00edpio em extens\u00e3o territorial da Para\u00edba, com mais de 600 km de estradas e que, embora as m\u00e1quinas estejam todas sendo utilizadas no ro\u00e7o das estradas, nesse momento, \u00e9 necess\u00e1rio aguardar o cessar das chuvas para que o trabalho apresente resultados. D\u00favidas e Informa\u00e7\u00f5es: (83) 9 9412 7224 (Secretarias de Obras e Agricultura) 0800 083 1403 (Ouvidoria) Ascom\" \/>\n<meta property=\"og:url\" content=\"https:\/\/noticiasemdestaque.com\/cd\/?p=32446\" \/>\n<meta property=\"og:site_name\" content=\"Not&iacute;cias em Destaque\" \/>\n<meta property=\"article:published_time\" content=\"2021-07-06T23:23:31+00:00\" \/>\n<meta property=\"article:modified_time\" content=\"2021-07-06T23:24:05+00:00\" \/>\n<meta property=\"og:image\" content=\"https:\/\/noticiasemdestaque.com\/cd\/wp-content\/uploads\/2021\/07\/CILO-5.jpg\" \/>\n\t<meta property=\"og:image:width\" content=\"1280\" \/>\n\t<meta property=\"og:image:height\" content=\"622\" \/>\n\t<meta property=\"og:image:type\" content=\"image\/jpeg\" \/>\n<meta name=\"author\" content=\"Not\u00edcias em Destaque\" \/>\n<meta name=\"twitter:card\" content=\"summary_large_image\" \/>\n<meta name=\"twitter:label1\" content=\"Escrito por\" \/>\n\t<meta name=\"twitter:data1\" content=\"Not\u00edcias em Destaque\" \/>\n\t<meta name=\"twitter:label2\" content=\"Est. tempo de leitura\" \/>\n\t<meta name=\"twitter:data2\" content=\"2 minutos\" \/>\n<script type=\"application\/ld+json\" class=\"yoast-schema-graph\">{\"@context\":\"https:\/\/schema.org\",\"@graph\":[{\"@type\":\"Article\",\"@id\":\"https:\/\/noticiasemdestaque.com\/cd\/?p=32446#article\",\"isPartOf\":{\"@id\":\"https:\/\/noticiasemdestaque.com\/cd\/?p=32446\"},\"author\":{\"name\":\"Not\u00edcias em Destaque\",\"@id\":\"https:\/\/noticiasemdestaque.com\/cd\/#\/schema\/person\/9c05c6816b191977f47499b3494ace52\"},\"headline\":\"Prefeito \u00c9den investe forte na agricultura e recupera\u00e7\u00e3o de estradas em Sum\u00e9\",\"datePublished\":\"2021-07-06T23:23:31+00:00\",\"dateModified\":\"2021-07-06T23:24:05+00:00\",\"mainEntityOfPage\":{\"@id\":\"https:\/\/noticiasemdestaque.com\/cd\/?p=32446\"},\"wordCount\":316,\"publisher\":{\"@id\":\"https:\/\/noticiasemdestaque.com\/cd\/#organization\"},\"image\":{\"@id\":\"https:\/\/noticiasemdestaque.com\/cd\/?p=32446#primaryimage\"},\"thumbnailUrl\":\"https:\/\/noticiasemdestaque.com\/cd\/wp-content\/uploads\/2021\/07\/CILO-5.jpg\",\"articleSection\":[\"Cidades\"],\"inLanguage\":\"pt-BR\"},{\"@type\":\"WebPage\",\"@id\":\"https:\/\/noticiasemdestaque.com\/cd\/?p=32446\",\"url\":\"https:\/\/noticiasemdestaque.com\/cd\/?p=32446\",\"name\":\"Prefeito \u00c9den investe forte na agricultura e recupera\u00e7\u00e3o de estradas em Sum\u00e9 - Not&iacute;cias em Destaque\",\"isPartOf\":{\"@id\":\"https:\/\/noticiasemdestaque.com\/cd\/#website\"},\"primaryImageOfPage\":{\"@id\":\"https:\/\/noticiasemdestaque.com\/cd\/?p=32446#primaryimage\"},\"image\":{\"@id\":\"https:\/\/noticiasemdestaque.com\/cd\/?p=32446#primaryimage\"},\"thumbnailUrl\":\"https:\/\/noticiasemdestaque.com\/cd\/wp-content\/uploads\/2021\/07\/CILO-5.jpg\",\"datePublished\":\"2021-07-06T23:23:31+00:00\",\"dateModified\":\"2021-07-06T23:24:05+00:00\",\"breadcrumb\":{\"@id\":\"https:\/\/noticiasemdestaque.com\/cd\/?p=32446#breadcrumb\"},\"inLanguage\":\"pt-BR\",\"potentialAction\":[{\"@type\":\"ReadAction\",\"target\":[\"https:\/\/noticiasemdestaque.com\/cd\/?p=32446\"]}]},{\"@type\":\"ImageObject\",\"inLanguage\":\"pt-BR\",\"@id\":\"https:\/\/noticiasemdestaque.com\/cd\/?p=32446#primaryimage\",\"url\":\"https:\/\/noticiasemdestaque.com\/cd\/wp-content\/uploads\/2021\/07\/CILO-5.jpg\",\"contentUrl\":\"https:\/\/noticiasemdestaque.com\/cd\/wp-content\/uploads\/2021\/07\/CILO-5.jpg\",\"width\":1280,\"height\":622},{\"@type\":\"BreadcrumbList\",\"@id\":\"https:\/\/noticiasemdestaque.com\/cd\/?p=32446#breadcrumb\",\"itemListElement\":[{\"@type\":\"ListItem\",\"position\":1,\"name\":\"In\u00edcio\",\"item\":\"https:\/\/noticiasemdestaque.com\/cd\/\"},{\"@type\":\"ListItem\",\"position\":2,\"name\":\"Prefeito \u00c9den investe forte na agricultura e recupera\u00e7\u00e3o de estradas em Sum\u00e9\"}]},{\"@type\":\"WebSite\",\"@id\":\"https:\/\/noticiasemdestaque.com\/cd\/#website\",\"url\":\"https:\/\/noticiasemdestaque.com\/cd\/\",\"name\":\"Not&iacute;cias em Destaque\",\"description\":\"\",\"publisher\":{\"@id\":\"https:\/\/noticiasemdestaque.com\/cd\/#organization\"},\"potentialAction\":[{\"@type\":\"SearchAction\",\"target\":{\"@type\":\"EntryPoint\",\"urlTemplate\":\"https:\/\/noticiasemdestaque.com\/cd\/?s={search_term_string}\"},\"query-input\":{\"@type\":\"PropertyValueSpecification\",\"valueRequired\":true,\"valueName\":\"search_term_string\"}}],\"inLanguage\":\"pt-BR\"},{\"@type\":\"Organization\",\"@id\":\"https:\/\/noticiasemdestaque.com\/cd\/#organization\",\"name\":\"Not\u00edcias em Destaque\",\"url\":\"https:\/\/noticiasemdestaque.com\/cd\/\",\"logo\":{\"@type\":\"ImageObject\",\"inLanguage\":\"pt-BR\",\"@id\":\"https:\/\/noticiasemdestaque.com\/cd\/#\/schema\/logo\/image\/\",\"url\":\"https:\/\/noticiasemdestaque.com\/cd\/wp-content\/uploads\/2022\/05\/imagem-base-noticiasemdestaque.png\",\"contentUrl\":\"https:\/\/noticiasemdestaque.com\/cd\/wp-content\/uploads\/2022\/05\/imagem-base-noticiasemdestaque.png\",\"width\":1200,\"height\":630,\"caption\":\"Not\u00edcias em Destaque\"},\"image\":{\"@id\":\"https:\/\/noticiasemdestaque.com\/cd\/#\/schema\/logo\/image\/\"}},{\"@type\":\"Person\",\"@id\":\"https:\/\/noticiasemdestaque.com\/cd\/#\/schema\/person\/9c05c6816b191977f47499b3494ace52\",\"name\":\"Not\u00edcias em Destaque\",\"url\":\"https:\/\/noticiasemdestaque.com\/cd\/?author=2\"}]}<\/script>\n<!-- \/ Yoast SEO plugin. -->","yoast_head_json":{"title":"Prefeito \u00c9den investe forte na agricultura e recupera\u00e7\u00e3o de estradas em Sum\u00e9 - Not&iacute;cias em Destaque","robots":{"index":"index","follow":"follow","max-snippet":"max-snippet:-1","max-image-preview":"max-image-preview:large","max-video-preview":"max-video-preview:-1"},"canonical":"https:\/\/noticiasemdestaque.com\/cd\/?p=32446","og_locale":"pt_BR","og_type":"article","og_title":"Prefeito \u00c9den investe forte na agricultura e recupera\u00e7\u00e3o de estradas em Sum\u00e9 - Not&iacute;cias em Destaque","og_description":"A Prefeitura de Sum\u00e9 por meio da Secretaria de Agricultura est\u00e1 realizando o agendamento para confec\u00e7\u00e3o de silos. At\u00e9 o momento, j\u00e1 foram atendidas as demandas nos s\u00edtios: Jaguaribe, Olho d\u2019\u00e1gua Branco, Sacada, Balan\u00e7o, Po\u00e7o da Pedra, V\u00e1rzea do Estev\u00e3o e Riacho da Ro\u00e7a, atendendo cerca de 19 horas\/m\u00e1quina trabalhadas e produzindo uma quantidade de 57 toneladas de ra\u00e7\u00e3o. A\u00a0ensilagem\u00a0\u00e9 um processo de\u00a0conserva\u00e7\u00e3o de forragem amplamente utilizado, com a finalidade de produ\u00e7\u00e3o de\u00a0alimento volumoso\u00a0(silagem) de boa qualidade,\u00a0durante todo\u00a0o ano,\u00a0permitindo o aproveitamento do excesso de forragens do per\u00edodo das \u00e1guas para fornecimento aos animais, durante o per\u00edodo seco, quando ocorre uma diminui\u00e7\u00e3o qualitativa e quantitativa das\u00a0forrageiras. Foram retomados tamb\u00e9m os trabalhos de confec\u00e7\u00e3o de cacimbas, atendendo as demandas da regi\u00e3o da bacia do a\u00e7ude \u2013 Riach\u00e3o e Po\u00e7o do Quincas. Ap\u00f3s a conclus\u00e3o, a atividade seguir\u00e1 para outras regi\u00f5es. Recome\u00e7aram os abastecimentos das comunidades atrav\u00e9s da opera\u00e7\u00e3o carro pipa coordenada pelo ex\u00e9rcito, isso, ap\u00f3s o reconhecimento e publica\u00e7\u00e3o do decreto municipal de situa\u00e7\u00e3o de emerg\u00eancia por estiagem pelo Governo do Estado e a Secretaria Nacional de Prote\u00e7\u00e3o e Defesa Civil. Quanto \u00e0 recupera\u00e7\u00e3o de estradas, o secret\u00e1rio D\u00e9cio Bezerra (Obras) solicita \u00e0 popula\u00e7\u00e3o da zona rural um pouco de paci\u00eancia, visto que Sum\u00e9 \u00e9 o terceiro munic\u00edpio em extens\u00e3o territorial da Para\u00edba, com mais de 600 km de estradas e que, embora as m\u00e1quinas estejam todas sendo utilizadas no ro\u00e7o das estradas, nesse momento, \u00e9 necess\u00e1rio aguardar o cessar das chuvas para que o trabalho apresente resultados. D\u00favidas e Informa\u00e7\u00f5es: (83) 9 9412 7224 (Secretarias de Obras e Agricultura) 0800 083 1403 (Ouvidoria) Ascom","og_url":"https:\/\/noticiasemdestaque.com\/cd\/?p=32446","og_site_name":"Not&iacute;cias em Destaque","article_published_time":"2021-07-06T23:23:31+00:00","article_modified_time":"2021-07-06T23:24:05+00:00","og_image":[{"width":1280,"height":622,"url":"https:\/\/noticiasemdestaque.com\/cd\/wp-content\/uploads\/2021\/07\/CILO-5.jpg","type":"image\/jpeg"}],"author":"Not\u00edcias em Destaque","twitter_card":"summary_large_image","twitter_misc":{"Escrito por":"Not\u00edcias em Destaque","Est. tempo de leitura":"2 minutos"},"schema":{"@context":"https:\/\/schema.org","@graph":[{"@type":"Article","@id":"https:\/\/noticiasemdestaque.com\/cd\/?p=32446#article","isPartOf":{"@id":"https:\/\/noticiasemdestaque.com\/cd\/?p=32446"},"author":{"name":"Not\u00edcias em Destaque","@id":"https:\/\/noticiasemdestaque.com\/cd\/#\/schema\/person\/9c05c6816b191977f47499b3494ace52"},"headline":"Prefeito \u00c9den investe forte na agricultura e recupera\u00e7\u00e3o de estradas em Sum\u00e9","datePublished":"2021-07-06T23:23:31+00:00","dateModified":"2021-07-06T23:24:05+00:00","mainEntityOfPage":{"@id":"https:\/\/noticiasemdestaque.com\/cd\/?p=32446"},"wordCount":316,"publisher":{"@id":"https:\/\/noticiasemdestaque.com\/cd\/#organization"},"image":{"@id":"https:\/\/noticiasemdestaque.com\/cd\/?p=32446#primaryimage"},"thumbnailUrl":"https:\/\/noticiasemdestaque.com\/cd\/wp-content\/uploads\/2021\/07\/CILO-5.jpg","articleSection":["Cidades"],"inLanguage":"pt-BR"},{"@type":"WebPage","@id":"https:\/\/noticiasemdestaque.com\/cd\/?p=32446","url":"https:\/\/noticiasemdestaque.com\/cd\/?p=32446","name":"Prefeito \u00c9den investe forte na agricultura e recupera\u00e7\u00e3o de estradas em Sum\u00e9 - Not&iacute;cias em Destaque","isPartOf":{"@id":"https:\/\/noticiasemdestaque.com\/cd\/#website"},"primaryImageOfPage":{"@id":"https:\/\/noticiasemdestaque.com\/cd\/?p=32446#primaryimage"},"image":{"@id":"https:\/\/noticiasemdestaque.com\/cd\/?p=32446#primaryimage"},"thumbnailUrl":"https:\/\/noticiasemdestaque.com\/cd\/wp-content\/uploads\/2021\/07\/CILO-5.jpg","datePublished":"2021-07-06T23:23:31+00:00","dateModified":"2021-07-06T23:24:05+00:00","breadcrumb":{"@id":"https:\/\/noticiasemdestaque.com\/cd\/?p=32446#breadcrumb"},"inLanguage":"pt-BR","potentialAction":[{"@type":"ReadAction","target":["https:\/\/noticiasemdestaque.com\/cd\/?p=32446"]}]},{"@type":"ImageObject","inLanguage":"pt-BR","@id":"https:\/\/noticiasemdestaque.com\/cd\/?p=32446#primaryimage","url":"https:\/\/noticiasemdestaque.com\/cd\/wp-content\/uploads\/2021\/07\/CILO-5.jpg","contentUrl":"https:\/\/noticiasemdestaque.com\/cd\/wp-content\/uploads\/2021\/07\/CILO-5.jpg","width":1280,"height":622},{"@type":"BreadcrumbList","@id":"https:\/\/noticiasemdestaque.com\/cd\/?p=32446#breadcrumb","itemListElement":[{"@type":"ListItem","position":1,"name":"In\u00edcio","item":"https:\/\/noticiasemdestaque.com\/cd\/"},{"@type":"ListItem","position":2,"name":"Prefeito \u00c9den investe forte na agricultura e recupera\u00e7\u00e3o de estradas em Sum\u00e9"}]},{"@type":"WebSite","@id":"https:\/\/noticiasemdestaque.com\/cd\/#website","url":"https:\/\/noticiasemdestaque.com\/cd\/","name":"Not&iacute;cias em Destaque","description":"","publisher":{"@id":"https:\/\/noticiasemdestaque.com\/cd\/#organization"},"potentialAction":[{"@type":"SearchAction","target":{"@type":"EntryPoint","urlTemplate":"https:\/\/noticiasemdestaque.com\/cd\/?s={search_term_string}"},"query-input":{"@type":"PropertyValueSpecification","valueRequired":true,"valueName":"search_term_string"}}],"inLanguage":"pt-BR"},{"@type":"Organization","@id":"https:\/\/noticiasemdestaque.com\/cd\/#organization","name":"Not\u00edcias em Destaque","url":"https:\/\/noticiasemdestaque.com\/cd\/","logo":{"@type":"ImageObject","inLanguage":"pt-BR","@id":"https:\/\/noticiasemdestaque.com\/cd\/#\/schema\/logo\/image\/","url":"https:\/\/noticiasemdestaque.com\/cd\/wp-content\/uploads\/2022\/05\/imagem-base-noticiasemdestaque.png","contentUrl":"https:\/\/noticiasemdestaque.com\/cd\/wp-content\/uploads\/2022\/05\/imagem-base-noticiasemdestaque.png","width":1200,"height":630,"caption":"Not\u00edcias em Destaque"},"image":{"@id":"https:\/\/noticiasemdestaque.com\/cd\/#\/schema\/logo\/image\/"}},{"@type":"Person","@id":"https:\/\/noticiasemdestaque.com\/cd\/#\/schema\/person\/9c05c6816b191977f47499b3494ace52","name":"Not\u00edcias em Destaque","url":"https:\/\/noticiasemdestaque.com\/cd\/?author=2"}]}},"jetpack_featured_media_url":"https:\/\/noticiasemdestaque.com\/cd\/wp-content\/uploads\/2021\/07\/CILO-5.jpg","jetpack_sharing_enabled":true,"_links":{"self":[{"href":"https:\/\/noticiasemdestaque.com\/cd\/index.php?rest_route=\/wp\/v2\/posts\/32446","targetHints":{"allow":["GET"]}}],"collection":[{"href":"https:\/\/noticiasemdestaque.com\/cd\/index.php?rest_route=\/wp\/v2\/posts"}],"about":[{"href":"https:\/\/noticiasemdestaque.com\/cd\/index.php?rest_route=\/wp\/v2\/types\/post"}],"author":[{"embeddable":true,"href":"https:\/\/noticiasemdestaque.com\/cd\/index.php?rest_route=\/wp\/v2\/users\/2"}],"replies":[{"embeddable":true,"href":"https:\/\/noticiasemdestaque.com\/cd\/index.php?rest_route=%2Fwp%2Fv2%2Fcomments&post=32446"}],"version-history":[{"count":2,"href":"https:\/\/noticiasemdestaque.com\/cd\/index.php?rest_route=\/wp\/v2\/posts\/32446\/revisions"}],"predecessor-version":[{"id":32449,"href":"https:\/\/noticiasemdestaque.com\/cd\/index.php?rest_route=\/wp\/v2\/posts\/32446\/revisions\/32449"}],"wp:featuredmedia":[{"embeddable":true,"href":"https:\/\/noticiasemdestaque.com\/cd\/index.php?rest_route=\/wp\/v2\/media\/32447"}],"wp:attachment":[{"href":"https:\/\/noticiasemdestaque.com\/cd\/index.php?rest_route=%2Fwp%2Fv2%2Fmedia&parent=32446"}],"wp:term":[{"taxonomy":"category","embeddable":true,"href":"https:\/\/noticiasemdestaque.com\/cd\/index.php?rest_route=%2Fwp%2Fv2%2Fcategories&post=32446"},{"taxonomy":"post_tag","embeddable":true,"href":"https:\/\/noticiasemdestaque.com\/cd\/index.php?rest_route=%2Fwp%2Fv2%2Ftags&post=32446"}],"curies":[{"name":"wp","href":"https:\/\/api.w.org\/{rel}","templated":true}]}}