{"id":32443,"date":"2021-07-06T19:33:52","date_gmt":"2021-07-06T22:33:52","guid":{"rendered":"http:\/\/noticiasemdestaque.com\/cd\/?p=32443"},"modified":"2021-07-06T19:33:52","modified_gmt":"2021-07-06T22:33:52","slug":"michel-henrique-confirma-que-disputara-vaga-de-deputado-estadual-e-conquista-apoios-importantes-rumo-a-alpb","status":"publish","type":"post","link":"https:\/\/noticiasemdestaque.com\/cd\/?p=32443","title":{"rendered":"Michel Henrique confirma que disputar\u00e1 vaga de deputado estadual e conquista apoios importantes rumo \u00e0 ALPB"},"content":{"rendered":"<p><a href=\"https:\/\/noticiasemdestaque.com\/cd\/wp-content\/uploads\/2021\/07\/0AC23044-FA9D-4643-B5F5-60280C65A4DC.jpeg\"><img fetchpriority=\"high\" decoding=\"async\" class=\"size-medium wp-image-32444 aligncenter\" src=\"https:\/\/noticiasemdestaque.com\/cd\/wp-content\/uploads\/2021\/07\/0AC23044-FA9D-4643-B5F5-60280C65A4DC-300x239.jpeg\" alt=\"\" width=\"300\" height=\"239\" srcset=\"https:\/\/noticiasemdestaque.com\/cd\/wp-content\/uploads\/2021\/07\/0AC23044-FA9D-4643-B5F5-60280C65A4DC-300x239.jpeg 300w, https:\/\/noticiasemdestaque.com\/cd\/wp-content\/uploads\/2021\/07\/0AC23044-FA9D-4643-B5F5-60280C65A4DC.jpeg 584w\" sizes=\"(max-width: 300px) 100vw, 300px\" \/><\/a><\/p>\n<p class=\"p1\"><span class=\"s1\">Filho do saudoso deputado estadual Jo\u00e3o Henrique, o advogado e articulador pol\u00edtico Michel Henrique, confirmou que disputar\u00e1 uma vaga na Assembleia Legislativa da Para\u00edba, assumindo assim o legado de lutas e conquistas na atua\u00e7\u00e3o pol\u00edtica em defesa do Cariri e de toda Para\u00edba deixado pelo seu pai que estava no quarto mandato.<\/span><\/p>\n<p class=\"p1\"><span class=\"s1\">Neste fim de semana, Michel visitou diversos munic\u00edpios na regi\u00e3o de Princesa Isabel ao lado da deputada federal Edna Henrique, onde recebeu apoios importantes rumo ao legislativo paraibano, a exemplo do grupo pol\u00edtico liderado pelo ex-prefeito de Princesa Isabel Dr. Sidney Oliveira que confirmou apoio a Michel Henrique para deputado estadual.<\/span><\/p>\n<p class=\"p1\"><span class=\"s1\">M\u00e3e e filho tamb\u00e9m estiveram em Juru e Mana\u00edra, cidades contempladas com emendas parlamentares da deputada Edna Henrique.<\/span><\/p>\n<p class=\"p1\"><span class=\"s1\">\u201cEstamos visitando algumas cidades e apresentando nossa plataforma de trabalho em parceria com a atua\u00e7\u00e3o da nossa deputada federal Edna Henrique que vem sendo exemplo de trabalho pela Para\u00edba. O objetivo \u00e9 manter as bases eleitorais que temos e conquistar outras, para isso, estamos trabalhando muito, pois ap\u00f3s di\u00e1logos com amigos, familiares e lideran\u00e7as pol\u00edticas, decidimos dar continuidade ao trabalho desenvolvido com maestria pelo meu saudoso pai, o deputado Jo\u00e3o Henrique que ter\u00e1 em mim o seu sonho cada vez mais vivo\u201d, afirmou Michel.<\/span><\/p>\n<p class=\"p1\"><span class=\"s1\">Com grande experi\u00eancia na articula\u00e7\u00e3o pol\u00edtica, Michel Henrique foi respons\u00e1vel por coordenar as campanhas vitoriosas de Jo\u00e3o Henrique e Edna Henrique em toda Para\u00edba.<\/span><\/p>\n<p>Portal Litoral PB<\/p>\n","protected":false},"excerpt":{"rendered":"<p>Filho do saudoso deputado estadual Jo\u00e3o Henrique, o advogado e articulador pol\u00edtico Michel Henrique, confirmou que disputar\u00e1 uma vaga na Assembleia Legislativa da Para\u00edba, assumindo assim o legado de lutas e conquistas na atua\u00e7\u00e3o pol\u00edtica em defesa do Cariri e de toda Para\u00edba deixado pelo seu pai que estava no quarto mandato. Neste fim de semana, Michel visitou diversos munic\u00edpios na regi\u00e3o de Princesa Isabel ao lado da deputada federal Edna Henrique, onde recebeu apoios importantes rumo ao legislativo paraibano, a exemplo do grupo pol\u00edtico liderado pelo ex-prefeito de Princesa Isabel Dr. Sidney Oliveira que confirmou apoio a Michel Henrique para deputado estadual. M\u00e3e e filho tamb\u00e9m estiveram em Juru e Mana\u00edra, cidades contempladas com emendas parlamentares da deputada Edna Henrique. \u201cEstamos visitando algumas cidades e apresentando nossa plataforma de trabalho em parceria com a atua\u00e7\u00e3o da nossa deputada federal Edna Henrique que vem sendo exemplo de trabalho pela Para\u00edba. O objetivo \u00e9 manter as bases eleitorais que temos e conquistar outras, para isso, estamos trabalhando muito, pois ap\u00f3s di\u00e1logos com amigos, familiares e lideran\u00e7as pol\u00edticas, decidimos dar continuidade ao trabalho desenvolvido com maestria pelo meu saudoso pai, o deputado Jo\u00e3o Henrique que ter\u00e1 em mim o seu sonho cada vez mais vivo\u201d, afirmou Michel. Com grande experi\u00eancia na articula\u00e7\u00e3o pol\u00edtica, Michel Henrique foi respons\u00e1vel por coordenar as campanhas vitoriosas de Jo\u00e3o Henrique e Edna Henrique em toda Para\u00edba. Portal Litoral PB<\/p>\n","protected":false},"author":2,"featured_media":32444,"comment_status":"closed","ping_status":"open","sticky":false,"template":"","format":"standard","meta":{"_eb_attr":"","_jetpack_memberships_contains_paid_content":false,"footnotes":""},"categories":[4],"tags":[],"class_list":["post-32443","post","type-post","status-publish","format-standard","has-post-thumbnail","hentry","category-politica"],"yoast_head":"<!-- This site is optimized with the Yoast SEO plugin v26.5 - https:\/\/yoast.com\/wordpress\/plugins\/seo\/ -->\n<title>Michel Henrique confirma que disputar\u00e1 vaga de deputado estadual e conquista apoios importantes rumo \u00e0 ALPB - Not&iacute;cias em Destaque<\/title>\n<meta name=\"robots\" content=\"index, follow, max-snippet:-1, max-image-preview:large, max-video-preview:-1\" \/>\n<link rel=\"canonical\" href=\"https:\/\/noticiasemdestaque.com\/cd\/?p=32443\" \/>\n<meta property=\"og:locale\" content=\"pt_BR\" \/>\n<meta property=\"og:type\" content=\"article\" \/>\n<meta property=\"og:title\" content=\"Michel Henrique confirma que disputar\u00e1 vaga de deputado estadual e conquista apoios importantes rumo \u00e0 ALPB - Not&iacute;cias em Destaque\" \/>\n<meta property=\"og:description\" content=\"Filho do saudoso deputado estadual Jo\u00e3o Henrique, o advogado e articulador pol\u00edtico Michel Henrique, confirmou que disputar\u00e1 uma vaga na Assembleia Legislativa da Para\u00edba, assumindo assim o legado de lutas e conquistas na atua\u00e7\u00e3o pol\u00edtica em defesa do Cariri e de toda Para\u00edba deixado pelo seu pai que estava no quarto mandato. Neste fim de semana, Michel visitou diversos munic\u00edpios na regi\u00e3o de Princesa Isabel ao lado da deputada federal Edna Henrique, onde recebeu apoios importantes rumo ao legislativo paraibano, a exemplo do grupo pol\u00edtico liderado pelo ex-prefeito de Princesa Isabel Dr. Sidney Oliveira que confirmou apoio a Michel Henrique para deputado estadual. M\u00e3e e filho tamb\u00e9m estiveram em Juru e Mana\u00edra, cidades contempladas com emendas parlamentares da deputada Edna Henrique. \u201cEstamos visitando algumas cidades e apresentando nossa plataforma de trabalho em parceria com a atua\u00e7\u00e3o da nossa deputada federal Edna Henrique que vem sendo exemplo de trabalho pela Para\u00edba. O objetivo \u00e9 manter as bases eleitorais que temos e conquistar outras, para isso, estamos trabalhando muito, pois ap\u00f3s di\u00e1logos com amigos, familiares e lideran\u00e7as pol\u00edticas, decidimos dar continuidade ao trabalho desenvolvido com maestria pelo meu saudoso pai, o deputado Jo\u00e3o Henrique que ter\u00e1 em mim o seu sonho cada vez mais vivo\u201d, afirmou Michel. Com grande experi\u00eancia na articula\u00e7\u00e3o pol\u00edtica, Michel Henrique foi respons\u00e1vel por coordenar as campanhas vitoriosas de Jo\u00e3o Henrique e Edna Henrique em toda Para\u00edba. Portal Litoral PB\" \/>\n<meta property=\"og:url\" content=\"https:\/\/noticiasemdestaque.com\/cd\/?p=32443\" \/>\n<meta property=\"og:site_name\" content=\"Not&iacute;cias em Destaque\" \/>\n<meta property=\"article:published_time\" content=\"2021-07-06T22:33:52+00:00\" \/>\n<meta property=\"og:image\" content=\"https:\/\/noticiasemdestaque.com\/cd\/wp-content\/uploads\/2021\/07\/0AC23044-FA9D-4643-B5F5-60280C65A4DC.jpeg\" \/>\n\t<meta property=\"og:image:width\" content=\"584\" \/>\n\t<meta property=\"og:image:height\" content=\"465\" \/>\n\t<meta property=\"og:image:type\" content=\"image\/jpeg\" \/>\n<meta name=\"author\" content=\"Not\u00edcias em Destaque\" \/>\n<meta name=\"twitter:card\" content=\"summary_large_image\" \/>\n<meta name=\"twitter:label1\" content=\"Escrito por\" \/>\n\t<meta name=\"twitter:data1\" content=\"Not\u00edcias em Destaque\" \/>\n\t<meta name=\"twitter:label2\" content=\"Est. tempo de leitura\" \/>\n\t<meta name=\"twitter:data2\" content=\"1 minuto\" \/>\n<script type=\"application\/ld+json\" class=\"yoast-schema-graph\">{\"@context\":\"https:\/\/schema.org\",\"@graph\":[{\"@type\":\"Article\",\"@id\":\"https:\/\/noticiasemdestaque.com\/cd\/?p=32443#article\",\"isPartOf\":{\"@id\":\"https:\/\/noticiasemdestaque.com\/cd\/?p=32443\"},\"author\":{\"name\":\"Not\u00edcias em Destaque\",\"@id\":\"https:\/\/noticiasemdestaque.com\/cd\/#\/schema\/person\/9c05c6816b191977f47499b3494ace52\"},\"headline\":\"Michel Henrique confirma que disputar\u00e1 vaga de deputado estadual e conquista apoios importantes rumo \u00e0 ALPB\",\"datePublished\":\"2021-07-06T22:33:52+00:00\",\"mainEntityOfPage\":{\"@id\":\"https:\/\/noticiasemdestaque.com\/cd\/?p=32443\"},\"wordCount\":271,\"publisher\":{\"@id\":\"https:\/\/noticiasemdestaque.com\/cd\/#organization\"},\"image\":{\"@id\":\"https:\/\/noticiasemdestaque.com\/cd\/?p=32443#primaryimage\"},\"thumbnailUrl\":\"https:\/\/noticiasemdestaque.com\/cd\/wp-content\/uploads\/2021\/07\/0AC23044-FA9D-4643-B5F5-60280C65A4DC.jpeg\",\"articleSection\":[\"Pol\u00edtica\"],\"inLanguage\":\"pt-BR\"},{\"@type\":\"WebPage\",\"@id\":\"https:\/\/noticiasemdestaque.com\/cd\/?p=32443\",\"url\":\"https:\/\/noticiasemdestaque.com\/cd\/?p=32443\",\"name\":\"Michel Henrique confirma que disputar\u00e1 vaga de deputado estadual e conquista apoios importantes rumo \u00e0 ALPB - Not&iacute;cias em Destaque\",\"isPartOf\":{\"@id\":\"https:\/\/noticiasemdestaque.com\/cd\/#website\"},\"primaryImageOfPage\":{\"@id\":\"https:\/\/noticiasemdestaque.com\/cd\/?p=32443#primaryimage\"},\"image\":{\"@id\":\"https:\/\/noticiasemdestaque.com\/cd\/?p=32443#primaryimage\"},\"thumbnailUrl\":\"https:\/\/noticiasemdestaque.com\/cd\/wp-content\/uploads\/2021\/07\/0AC23044-FA9D-4643-B5F5-60280C65A4DC.jpeg\",\"datePublished\":\"2021-07-06T22:33:52+00:00\",\"breadcrumb\":{\"@id\":\"https:\/\/noticiasemdestaque.com\/cd\/?p=32443#breadcrumb\"},\"inLanguage\":\"pt-BR\",\"potentialAction\":[{\"@type\":\"ReadAction\",\"target\":[\"https:\/\/noticiasemdestaque.com\/cd\/?p=32443\"]}]},{\"@type\":\"ImageObject\",\"inLanguage\":\"pt-BR\",\"@id\":\"https:\/\/noticiasemdestaque.com\/cd\/?p=32443#primaryimage\",\"url\":\"https:\/\/noticiasemdestaque.com\/cd\/wp-content\/uploads\/2021\/07\/0AC23044-FA9D-4643-B5F5-60280C65A4DC.jpeg\",\"contentUrl\":\"https:\/\/noticiasemdestaque.com\/cd\/wp-content\/uploads\/2021\/07\/0AC23044-FA9D-4643-B5F5-60280C65A4DC.jpeg\",\"width\":584,\"height\":465},{\"@type\":\"BreadcrumbList\",\"@id\":\"https:\/\/noticiasemdestaque.com\/cd\/?p=32443#breadcrumb\",\"itemListElement\":[{\"@type\":\"ListItem\",\"position\":1,\"name\":\"In\u00edcio\",\"item\":\"https:\/\/noticiasemdestaque.com\/cd\/\"},{\"@type\":\"ListItem\",\"position\":2,\"name\":\"Michel Henrique confirma que disputar\u00e1 vaga de deputado estadual e conquista apoios importantes rumo \u00e0 ALPB\"}]},{\"@type\":\"WebSite\",\"@id\":\"https:\/\/noticiasemdestaque.com\/cd\/#website\",\"url\":\"https:\/\/noticiasemdestaque.com\/cd\/\",\"name\":\"Not&iacute;cias em Destaque\",\"description\":\"\",\"publisher\":{\"@id\":\"https:\/\/noticiasemdestaque.com\/cd\/#organization\"},\"potentialAction\":[{\"@type\":\"SearchAction\",\"target\":{\"@type\":\"EntryPoint\",\"urlTemplate\":\"https:\/\/noticiasemdestaque.com\/cd\/?s={search_term_string}\"},\"query-input\":{\"@type\":\"PropertyValueSpecification\",\"valueRequired\":true,\"valueName\":\"search_term_string\"}}],\"inLanguage\":\"pt-BR\"},{\"@type\":\"Organization\",\"@id\":\"https:\/\/noticiasemdestaque.com\/cd\/#organization\",\"name\":\"Not\u00edcias em Destaque\",\"url\":\"https:\/\/noticiasemdestaque.com\/cd\/\",\"logo\":{\"@type\":\"ImageObject\",\"inLanguage\":\"pt-BR\",\"@id\":\"https:\/\/noticiasemdestaque.com\/cd\/#\/schema\/logo\/image\/\",\"url\":\"https:\/\/noticiasemdestaque.com\/cd\/wp-content\/uploads\/2022\/05\/imagem-base-noticiasemdestaque.png\",\"contentUrl\":\"https:\/\/noticiasemdestaque.com\/cd\/wp-content\/uploads\/2022\/05\/imagem-base-noticiasemdestaque.png\",\"width\":1200,\"height\":630,\"caption\":\"Not\u00edcias em Destaque\"},\"image\":{\"@id\":\"https:\/\/noticiasemdestaque.com\/cd\/#\/schema\/logo\/image\/\"}},{\"@type\":\"Person\",\"@id\":\"https:\/\/noticiasemdestaque.com\/cd\/#\/schema\/person\/9c05c6816b191977f47499b3494ace52\",\"name\":\"Not\u00edcias em Destaque\",\"url\":\"https:\/\/noticiasemdestaque.com\/cd\/?author=2\"}]}<\/script>\n<!-- \/ Yoast SEO plugin. -->","yoast_head_json":{"title":"Michel Henrique confirma que disputar\u00e1 vaga de deputado estadual e conquista apoios importantes rumo \u00e0 ALPB - Not&iacute;cias em Destaque","robots":{"index":"index","follow":"follow","max-snippet":"max-snippet:-1","max-image-preview":"max-image-preview:large","max-video-preview":"max-video-preview:-1"},"canonical":"https:\/\/noticiasemdestaque.com\/cd\/?p=32443","og_locale":"pt_BR","og_type":"article","og_title":"Michel Henrique confirma que disputar\u00e1 vaga de deputado estadual e conquista apoios importantes rumo \u00e0 ALPB - Not&iacute;cias em Destaque","og_description":"Filho do saudoso deputado estadual Jo\u00e3o Henrique, o advogado e articulador pol\u00edtico Michel Henrique, confirmou que disputar\u00e1 uma vaga na Assembleia Legislativa da Para\u00edba, assumindo assim o legado de lutas e conquistas na atua\u00e7\u00e3o pol\u00edtica em defesa do Cariri e de toda Para\u00edba deixado pelo seu pai que estava no quarto mandato. Neste fim de semana, Michel visitou diversos munic\u00edpios na regi\u00e3o de Princesa Isabel ao lado da deputada federal Edna Henrique, onde recebeu apoios importantes rumo ao legislativo paraibano, a exemplo do grupo pol\u00edtico liderado pelo ex-prefeito de Princesa Isabel Dr. Sidney Oliveira que confirmou apoio a Michel Henrique para deputado estadual. M\u00e3e e filho tamb\u00e9m estiveram em Juru e Mana\u00edra, cidades contempladas com emendas parlamentares da deputada Edna Henrique. \u201cEstamos visitando algumas cidades e apresentando nossa plataforma de trabalho em parceria com a atua\u00e7\u00e3o da nossa deputada federal Edna Henrique que vem sendo exemplo de trabalho pela Para\u00edba. O objetivo \u00e9 manter as bases eleitorais que temos e conquistar outras, para isso, estamos trabalhando muito, pois ap\u00f3s di\u00e1logos com amigos, familiares e lideran\u00e7as pol\u00edticas, decidimos dar continuidade ao trabalho desenvolvido com maestria pelo meu saudoso pai, o deputado Jo\u00e3o Henrique que ter\u00e1 em mim o seu sonho cada vez mais vivo\u201d, afirmou Michel. Com grande experi\u00eancia na articula\u00e7\u00e3o pol\u00edtica, Michel Henrique foi respons\u00e1vel por coordenar as campanhas vitoriosas de Jo\u00e3o Henrique e Edna Henrique em toda Para\u00edba. Portal Litoral PB","og_url":"https:\/\/noticiasemdestaque.com\/cd\/?p=32443","og_site_name":"Not&iacute;cias em Destaque","article_published_time":"2021-07-06T22:33:52+00:00","og_image":[{"width":584,"height":465,"url":"https:\/\/noticiasemdestaque.com\/cd\/wp-content\/uploads\/2021\/07\/0AC23044-FA9D-4643-B5F5-60280C65A4DC.jpeg","type":"image\/jpeg"}],"author":"Not\u00edcias em Destaque","twitter_card":"summary_large_image","twitter_misc":{"Escrito por":"Not\u00edcias em Destaque","Est. tempo de leitura":"1 minuto"},"schema":{"@context":"https:\/\/schema.org","@graph":[{"@type":"Article","@id":"https:\/\/noticiasemdestaque.com\/cd\/?p=32443#article","isPartOf":{"@id":"https:\/\/noticiasemdestaque.com\/cd\/?p=32443"},"author":{"name":"Not\u00edcias em Destaque","@id":"https:\/\/noticiasemdestaque.com\/cd\/#\/schema\/person\/9c05c6816b191977f47499b3494ace52"},"headline":"Michel Henrique confirma que disputar\u00e1 vaga de deputado estadual e conquista apoios importantes rumo \u00e0 ALPB","datePublished":"2021-07-06T22:33:52+00:00","mainEntityOfPage":{"@id":"https:\/\/noticiasemdestaque.com\/cd\/?p=32443"},"wordCount":271,"publisher":{"@id":"https:\/\/noticiasemdestaque.com\/cd\/#organization"},"image":{"@id":"https:\/\/noticiasemdestaque.com\/cd\/?p=32443#primaryimage"},"thumbnailUrl":"https:\/\/noticiasemdestaque.com\/cd\/wp-content\/uploads\/2021\/07\/0AC23044-FA9D-4643-B5F5-60280C65A4DC.jpeg","articleSection":["Pol\u00edtica"],"inLanguage":"pt-BR"},{"@type":"WebPage","@id":"https:\/\/noticiasemdestaque.com\/cd\/?p=32443","url":"https:\/\/noticiasemdestaque.com\/cd\/?p=32443","name":"Michel Henrique confirma que disputar\u00e1 vaga de deputado estadual e conquista apoios importantes rumo \u00e0 ALPB - Not&iacute;cias em Destaque","isPartOf":{"@id":"https:\/\/noticiasemdestaque.com\/cd\/#website"},"primaryImageOfPage":{"@id":"https:\/\/noticiasemdestaque.com\/cd\/?p=32443#primaryimage"},"image":{"@id":"https:\/\/noticiasemdestaque.com\/cd\/?p=32443#primaryimage"},"thumbnailUrl":"https:\/\/noticiasemdestaque.com\/cd\/wp-content\/uploads\/2021\/07\/0AC23044-FA9D-4643-B5F5-60280C65A4DC.jpeg","datePublished":"2021-07-06T22:33:52+00:00","breadcrumb":{"@id":"https:\/\/noticiasemdestaque.com\/cd\/?p=32443#breadcrumb"},"inLanguage":"pt-BR","potentialAction":[{"@type":"ReadAction","target":["https:\/\/noticiasemdestaque.com\/cd\/?p=32443"]}]},{"@type":"ImageObject","inLanguage":"pt-BR","@id":"https:\/\/noticiasemdestaque.com\/cd\/?p=32443#primaryimage","url":"https:\/\/noticiasemdestaque.com\/cd\/wp-content\/uploads\/2021\/07\/0AC23044-FA9D-4643-B5F5-60280C65A4DC.jpeg","contentUrl":"https:\/\/noticiasemdestaque.com\/cd\/wp-content\/uploads\/2021\/07\/0AC23044-FA9D-4643-B5F5-60280C65A4DC.jpeg","width":584,"height":465},{"@type":"BreadcrumbList","@id":"https:\/\/noticiasemdestaque.com\/cd\/?p=32443#breadcrumb","itemListElement":[{"@type":"ListItem","position":1,"name":"In\u00edcio","item":"https:\/\/noticiasemdestaque.com\/cd\/"},{"@type":"ListItem","position":2,"name":"Michel Henrique confirma que disputar\u00e1 vaga de deputado estadual e conquista apoios importantes rumo \u00e0 ALPB"}]},{"@type":"WebSite","@id":"https:\/\/noticiasemdestaque.com\/cd\/#website","url":"https:\/\/noticiasemdestaque.com\/cd\/","name":"Not&iacute;cias em Destaque","description":"","publisher":{"@id":"https:\/\/noticiasemdestaque.com\/cd\/#organization"},"potentialAction":[{"@type":"SearchAction","target":{"@type":"EntryPoint","urlTemplate":"https:\/\/noticiasemdestaque.com\/cd\/?s={search_term_string}"},"query-input":{"@type":"PropertyValueSpecification","valueRequired":true,"valueName":"search_term_string"}}],"inLanguage":"pt-BR"},{"@type":"Organization","@id":"https:\/\/noticiasemdestaque.com\/cd\/#organization","name":"Not\u00edcias em Destaque","url":"https:\/\/noticiasemdestaque.com\/cd\/","logo":{"@type":"ImageObject","inLanguage":"pt-BR","@id":"https:\/\/noticiasemdestaque.com\/cd\/#\/schema\/logo\/image\/","url":"https:\/\/noticiasemdestaque.com\/cd\/wp-content\/uploads\/2022\/05\/imagem-base-noticiasemdestaque.png","contentUrl":"https:\/\/noticiasemdestaque.com\/cd\/wp-content\/uploads\/2022\/05\/imagem-base-noticiasemdestaque.png","width":1200,"height":630,"caption":"Not\u00edcias em Destaque"},"image":{"@id":"https:\/\/noticiasemdestaque.com\/cd\/#\/schema\/logo\/image\/"}},{"@type":"Person","@id":"https:\/\/noticiasemdestaque.com\/cd\/#\/schema\/person\/9c05c6816b191977f47499b3494ace52","name":"Not\u00edcias em Destaque","url":"https:\/\/noticiasemdestaque.com\/cd\/?author=2"}]}},"jetpack_featured_media_url":"https:\/\/noticiasemdestaque.com\/cd\/wp-content\/uploads\/2021\/07\/0AC23044-FA9D-4643-B5F5-60280C65A4DC.jpeg","jetpack_sharing_enabled":true,"_links":{"self":[{"href":"https:\/\/noticiasemdestaque.com\/cd\/index.php?rest_route=\/wp\/v2\/posts\/32443","targetHints":{"allow":["GET"]}}],"collection":[{"href":"https:\/\/noticiasemdestaque.com\/cd\/index.php?rest_route=\/wp\/v2\/posts"}],"about":[{"href":"https:\/\/noticiasemdestaque.com\/cd\/index.php?rest_route=\/wp\/v2\/types\/post"}],"author":[{"embeddable":true,"href":"https:\/\/noticiasemdestaque.com\/cd\/index.php?rest_route=\/wp\/v2\/users\/2"}],"replies":[{"embeddable":true,"href":"https:\/\/noticiasemdestaque.com\/cd\/index.php?rest_route=%2Fwp%2Fv2%2Fcomments&post=32443"}],"version-history":[{"count":1,"href":"https:\/\/noticiasemdestaque.com\/cd\/index.php?rest_route=\/wp\/v2\/posts\/32443\/revisions"}],"predecessor-version":[{"id":32445,"href":"https:\/\/noticiasemdestaque.com\/cd\/index.php?rest_route=\/wp\/v2\/posts\/32443\/revisions\/32445"}],"wp:featuredmedia":[{"embeddable":true,"href":"https:\/\/noticiasemdestaque.com\/cd\/index.php?rest_route=\/wp\/v2\/media\/32444"}],"wp:attachment":[{"href":"https:\/\/noticiasemdestaque.com\/cd\/index.php?rest_route=%2Fwp%2Fv2%2Fmedia&parent=32443"}],"wp:term":[{"taxonomy":"category","embeddable":true,"href":"https:\/\/noticiasemdestaque.com\/cd\/index.php?rest_route=%2Fwp%2Fv2%2Fcategories&post=32443"},{"taxonomy":"post_tag","embeddable":true,"href":"https:\/\/noticiasemdestaque.com\/cd\/index.php?rest_route=%2Fwp%2Fv2%2Ftags&post=32443"}],"curies":[{"name":"wp","href":"https:\/\/api.w.org\/{rel}","templated":true}]}}