{"id":3175,"date":"2017-08-16T06:30:46","date_gmt":"2017-08-16T09:30:46","guid":{"rendered":"http:\/\/caririemdestaque.com\/cd\/?p=3175"},"modified":"2017-08-16T07:08:03","modified_gmt":"2017-08-16T10:08:03","slug":"prefeito-inacio-tem-audiencia-com-conselheiro-do-tribunal-de-contas","status":"publish","type":"post","link":"https:\/\/noticiasemdestaque.com\/cd\/?p=3175","title":{"rendered":"Prefeito In\u00e1cio Tem Audi\u00eancia Com Conselheiro do Tribunal de Contas"},"content":{"rendered":"<p><a href=\"http:\/\/caririemdestaque.com\/cd\/wp-content\/uploads\/2017\/08\/NOOTMLZTBW082MP3Z5FW.jpg\"><img decoding=\"async\" class=\"size-medium wp-image-3176 alignleft\" src=\"http:\/\/caririemdestaque.com\/cd\/wp-content\/uploads\/2017\/08\/NOOTMLZTBW082MP3Z5FW-300x125.jpg\" alt=\"\" width=\"300\" height=\"125\" srcset=\"https:\/\/noticiasemdestaque.com\/cd\/wp-content\/uploads\/2017\/08\/NOOTMLZTBW082MP3Z5FW-300x125.jpg 300w, https:\/\/noticiasemdestaque.com\/cd\/wp-content\/uploads\/2017\/08\/NOOTMLZTBW082MP3Z5FW-768x319.jpg 768w, https:\/\/noticiasemdestaque.com\/cd\/wp-content\/uploads\/2017\/08\/NOOTMLZTBW082MP3Z5FW.jpg 878w\" sizes=\"(max-width: 300px) 100vw, 300px\" \/><\/a>Com o objetivo de dar maior transpar\u00eancia \u00e1 sua gest\u00e3o administrativa, o prefeito In\u00e1cio N\u00f3brega esteve durante esta ter\u00e7a-feira (15\/08), na sede do Tribunal de Contas do Estado(TCE). Em audi\u00eancia com o Conselheiro Fernando Rodrigues Cat\u00e3o, estiveram acompanhando o prefeito In\u00e1cio N\u00f3brega, o contador da prefeitura municipal de Amparo &#8211; Fabr\u00edcio Martins e Rob\u00e9rio Magno &#8211; respons\u00e1vel pelo setor de licita\u00e7\u00e3o.<\/p>\n<p>Na pauta da audi\u00eancia o prefeito In\u00e1cio e sua equipe, fizeram uma consulta sobre o processo 00024\/17 que trata do acompanhamento de gest\u00e3o, o qual emitiu nota de alerta a gest\u00e3o municipal quanto \u00e0 necessidade de adotar provid\u00eancias para identificar e corrigir poss\u00edveis inconsist\u00eancias no tocante aos recursos do FUNDEB, o qual ser\u00e1 objeto de exame de auditoria do referido \u00f3rg\u00e3o.<\/p>\n<p>Para In\u00e1cio e sua equipe, quanto mais pr\u00f3ximo a sua gest\u00e3o administrativa estiver do TCE mais transparente ficar\u00e1 a sua administra\u00e7\u00e3o.<\/p>\n<p>O Prefeito disse: \u201cSabemos das nossas responsabilidades quanto gestor e buscamos deixar \u00e1 luz da transpar\u00eancia todos os nossos atos administrativos. O Tribunal de Contas como \u00f3rg\u00e3o fiscalizador \u00e9 tamb\u00e9m um \u00f3rg\u00e3o auxiliar de controle externo da administra\u00e7\u00e3o p\u00fablica e estamos sempre realizando este tipo de consulta para n\u00e3o incorrermos em erros\u201d.<\/p>\n<p>Com Ascom &#8211; Wanderley Paulo<\/p>\n","protected":false},"excerpt":{"rendered":"<p>Com o objetivo de dar maior transpar\u00eancia \u00e1 sua gest\u00e3o administrativa, o prefeito In\u00e1cio N\u00f3brega esteve durante esta ter\u00e7a-feira (15\/08), na sede do Tribunal de Contas do Estado(TCE). Em audi\u00eancia com o Conselheiro Fernando Rodrigues Cat\u00e3o, estiveram acompanhando o prefeito In\u00e1cio N\u00f3brega, o contador da prefeitura municipal de Amparo &#8211; Fabr\u00edcio Martins e Rob\u00e9rio Magno &#8211; respons\u00e1vel pelo setor de licita\u00e7\u00e3o. Na pauta da audi\u00eancia o prefeito In\u00e1cio e sua equipe, fizeram uma consulta sobre o processo 00024\/17 que trata do acompanhamento de gest\u00e3o, o qual emitiu nota de alerta a gest\u00e3o municipal quanto \u00e0 necessidade de adotar provid\u00eancias para identificar e corrigir poss\u00edveis inconsist\u00eancias no tocante aos recursos do FUNDEB, o qual ser\u00e1 objeto de exame de auditoria do referido \u00f3rg\u00e3o. Para In\u00e1cio e sua equipe, quanto mais pr\u00f3ximo a sua gest\u00e3o administrativa estiver do TCE mais transparente ficar\u00e1 a sua administra\u00e7\u00e3o. O Prefeito disse: \u201cSabemos das nossas responsabilidades quanto gestor e buscamos deixar \u00e1 luz da transpar\u00eancia todos os nossos atos administrativos. O Tribunal de Contas como \u00f3rg\u00e3o fiscalizador \u00e9 tamb\u00e9m um \u00f3rg\u00e3o auxiliar de controle externo da administra\u00e7\u00e3o p\u00fablica e estamos sempre realizando este tipo de consulta para n\u00e3o incorrermos em erros\u201d. Com Ascom &#8211; Wanderley Paulo<\/p>\n","protected":false},"author":2,"featured_media":3176,"comment_status":"closed","ping_status":"open","sticky":false,"template":"","format":"standard","meta":{"_eb_attr":"","_jetpack_memberships_contains_paid_content":false,"footnotes":""},"categories":[3],"tags":[],"class_list":["post-3175","post","type-post","status-publish","format-standard","has-post-thumbnail","hentry","category-cidades"],"yoast_head":"<!-- This site is optimized with the Yoast SEO plugin v26.5 - https:\/\/yoast.com\/wordpress\/plugins\/seo\/ -->\n<title>Prefeito In\u00e1cio Tem Audi\u00eancia Com Conselheiro do Tribunal de Contas - Not&iacute;cias em Destaque<\/title>\n<meta name=\"robots\" content=\"index, follow, max-snippet:-1, max-image-preview:large, max-video-preview:-1\" \/>\n<link rel=\"canonical\" href=\"https:\/\/noticiasemdestaque.com\/cd\/?p=3175\" \/>\n<meta property=\"og:locale\" content=\"pt_BR\" \/>\n<meta property=\"og:type\" content=\"article\" \/>\n<meta property=\"og:title\" content=\"Prefeito In\u00e1cio Tem Audi\u00eancia Com Conselheiro do Tribunal de Contas - Not&iacute;cias em Destaque\" \/>\n<meta property=\"og:description\" content=\"Com o objetivo de dar maior transpar\u00eancia \u00e1 sua gest\u00e3o administrativa, o prefeito In\u00e1cio N\u00f3brega esteve durante esta ter\u00e7a-feira (15\/08), na sede do Tribunal de Contas do Estado(TCE). Em audi\u00eancia com o Conselheiro Fernando Rodrigues Cat\u00e3o, estiveram acompanhando o prefeito In\u00e1cio N\u00f3brega, o contador da prefeitura municipal de Amparo &#8211; Fabr\u00edcio Martins e Rob\u00e9rio Magno &#8211; respons\u00e1vel pelo setor de licita\u00e7\u00e3o. Na pauta da audi\u00eancia o prefeito In\u00e1cio e sua equipe, fizeram uma consulta sobre o processo 00024\/17 que trata do acompanhamento de gest\u00e3o, o qual emitiu nota de alerta a gest\u00e3o municipal quanto \u00e0 necessidade de adotar provid\u00eancias para identificar e corrigir poss\u00edveis inconsist\u00eancias no tocante aos recursos do FUNDEB, o qual ser\u00e1 objeto de exame de auditoria do referido \u00f3rg\u00e3o. Para In\u00e1cio e sua equipe, quanto mais pr\u00f3ximo a sua gest\u00e3o administrativa estiver do TCE mais transparente ficar\u00e1 a sua administra\u00e7\u00e3o. O Prefeito disse: \u201cSabemos das nossas responsabilidades quanto gestor e buscamos deixar \u00e1 luz da transpar\u00eancia todos os nossos atos administrativos. O Tribunal de Contas como \u00f3rg\u00e3o fiscalizador \u00e9 tamb\u00e9m um \u00f3rg\u00e3o auxiliar de controle externo da administra\u00e7\u00e3o p\u00fablica e estamos sempre realizando este tipo de consulta para n\u00e3o incorrermos em erros\u201d. Com Ascom &#8211; Wanderley Paulo\" \/>\n<meta property=\"og:url\" content=\"https:\/\/noticiasemdestaque.com\/cd\/?p=3175\" \/>\n<meta property=\"og:site_name\" content=\"Not&iacute;cias em Destaque\" \/>\n<meta property=\"article:published_time\" content=\"2017-08-16T09:30:46+00:00\" \/>\n<meta property=\"article:modified_time\" content=\"2017-08-16T10:08:03+00:00\" \/>\n<meta property=\"og:image\" content=\"https:\/\/noticiasemdestaque.com\/cd\/wp-content\/uploads\/2017\/08\/NOOTMLZTBW082MP3Z5FW.jpg\" \/>\n\t<meta property=\"og:image:width\" content=\"878\" \/>\n\t<meta property=\"og:image:height\" content=\"365\" \/>\n\t<meta property=\"og:image:type\" content=\"image\/jpeg\" \/>\n<meta name=\"author\" content=\"Not\u00edcias em Destaque\" \/>\n<meta name=\"twitter:card\" content=\"summary_large_image\" \/>\n<meta name=\"twitter:label1\" content=\"Escrito por\" \/>\n\t<meta name=\"twitter:data1\" content=\"Not\u00edcias em Destaque\" \/>\n\t<meta name=\"twitter:label2\" content=\"Est. tempo de leitura\" \/>\n\t<meta name=\"twitter:data2\" content=\"1 minuto\" \/>\n<script type=\"application\/ld+json\" class=\"yoast-schema-graph\">{\"@context\":\"https:\/\/schema.org\",\"@graph\":[{\"@type\":\"Article\",\"@id\":\"https:\/\/noticiasemdestaque.com\/cd\/?p=3175#article\",\"isPartOf\":{\"@id\":\"https:\/\/noticiasemdestaque.com\/cd\/?p=3175\"},\"author\":{\"name\":\"Not\u00edcias em Destaque\",\"@id\":\"https:\/\/noticiasemdestaque.com\/cd\/#\/schema\/person\/4a81fb71f77579d059c3045891fa1786\"},\"headline\":\"Prefeito In\u00e1cio Tem Audi\u00eancia Com Conselheiro do Tribunal de Contas\",\"datePublished\":\"2017-08-16T09:30:46+00:00\",\"dateModified\":\"2017-08-16T10:08:03+00:00\",\"mainEntityOfPage\":{\"@id\":\"https:\/\/noticiasemdestaque.com\/cd\/?p=3175\"},\"wordCount\":239,\"publisher\":{\"@id\":\"https:\/\/noticiasemdestaque.com\/cd\/#organization\"},\"image\":{\"@id\":\"https:\/\/noticiasemdestaque.com\/cd\/?p=3175#primaryimage\"},\"thumbnailUrl\":\"https:\/\/noticiasemdestaque.com\/cd\/wp-content\/uploads\/2017\/08\/NOOTMLZTBW082MP3Z5FW.jpg\",\"articleSection\":[\"Cidades\"],\"inLanguage\":\"pt-BR\"},{\"@type\":\"WebPage\",\"@id\":\"https:\/\/noticiasemdestaque.com\/cd\/?p=3175\",\"url\":\"https:\/\/noticiasemdestaque.com\/cd\/?p=3175\",\"name\":\"Prefeito In\u00e1cio Tem Audi\u00eancia Com Conselheiro do Tribunal de Contas - Not&iacute;cias em Destaque\",\"isPartOf\":{\"@id\":\"https:\/\/noticiasemdestaque.com\/cd\/#website\"},\"primaryImageOfPage\":{\"@id\":\"https:\/\/noticiasemdestaque.com\/cd\/?p=3175#primaryimage\"},\"image\":{\"@id\":\"https:\/\/noticiasemdestaque.com\/cd\/?p=3175#primaryimage\"},\"thumbnailUrl\":\"https:\/\/noticiasemdestaque.com\/cd\/wp-content\/uploads\/2017\/08\/NOOTMLZTBW082MP3Z5FW.jpg\",\"datePublished\":\"2017-08-16T09:30:46+00:00\",\"dateModified\":\"2017-08-16T10:08:03+00:00\",\"breadcrumb\":{\"@id\":\"https:\/\/noticiasemdestaque.com\/cd\/?p=3175#breadcrumb\"},\"inLanguage\":\"pt-BR\",\"potentialAction\":[{\"@type\":\"ReadAction\",\"target\":[\"https:\/\/noticiasemdestaque.com\/cd\/?p=3175\"]}]},{\"@type\":\"ImageObject\",\"inLanguage\":\"pt-BR\",\"@id\":\"https:\/\/noticiasemdestaque.com\/cd\/?p=3175#primaryimage\",\"url\":\"https:\/\/noticiasemdestaque.com\/cd\/wp-content\/uploads\/2017\/08\/NOOTMLZTBW082MP3Z5FW.jpg\",\"contentUrl\":\"https:\/\/noticiasemdestaque.com\/cd\/wp-content\/uploads\/2017\/08\/NOOTMLZTBW082MP3Z5FW.jpg\",\"width\":878,\"height\":365},{\"@type\":\"BreadcrumbList\",\"@id\":\"https:\/\/noticiasemdestaque.com\/cd\/?p=3175#breadcrumb\",\"itemListElement\":[{\"@type\":\"ListItem\",\"position\":1,\"name\":\"In\u00edcio\",\"item\":\"https:\/\/noticiasemdestaque.com\/cd\/\"},{\"@type\":\"ListItem\",\"position\":2,\"name\":\"Prefeito In\u00e1cio Tem Audi\u00eancia Com Conselheiro do Tribunal de Contas\"}]},{\"@type\":\"WebSite\",\"@id\":\"https:\/\/noticiasemdestaque.com\/cd\/#website\",\"url\":\"https:\/\/noticiasemdestaque.com\/cd\/\",\"name\":\"Not&iacute;cias em Destaque\",\"description\":\"\",\"publisher\":{\"@id\":\"https:\/\/noticiasemdestaque.com\/cd\/#organization\"},\"potentialAction\":[{\"@type\":\"SearchAction\",\"target\":{\"@type\":\"EntryPoint\",\"urlTemplate\":\"https:\/\/noticiasemdestaque.com\/cd\/?s={search_term_string}\"},\"query-input\":{\"@type\":\"PropertyValueSpecification\",\"valueRequired\":true,\"valueName\":\"search_term_string\"}}],\"inLanguage\":\"pt-BR\"},{\"@type\":\"Organization\",\"@id\":\"https:\/\/noticiasemdestaque.com\/cd\/#organization\",\"name\":\"Not\u00edcias em Destaque\",\"url\":\"https:\/\/noticiasemdestaque.com\/cd\/\",\"logo\":{\"@type\":\"ImageObject\",\"inLanguage\":\"pt-BR\",\"@id\":\"https:\/\/noticiasemdestaque.com\/cd\/#\/schema\/logo\/image\/\",\"url\":\"https:\/\/noticiasemdestaque.com\/cd\/wp-content\/uploads\/2022\/05\/imagem-base-noticiasemdestaque.png\",\"contentUrl\":\"https:\/\/noticiasemdestaque.com\/cd\/wp-content\/uploads\/2022\/05\/imagem-base-noticiasemdestaque.png\",\"width\":1200,\"height\":630,\"caption\":\"Not\u00edcias em Destaque\"},\"image\":{\"@id\":\"https:\/\/noticiasemdestaque.com\/cd\/#\/schema\/logo\/image\/\"}},{\"@type\":\"Person\",\"@id\":\"https:\/\/noticiasemdestaque.com\/cd\/#\/schema\/person\/4a81fb71f77579d059c3045891fa1786\",\"name\":\"Not\u00edcias em Destaque\",\"url\":\"https:\/\/noticiasemdestaque.com\/cd\/?author=2\"}]}<\/script>\n<!-- \/ Yoast SEO plugin. -->","yoast_head_json":{"title":"Prefeito In\u00e1cio Tem Audi\u00eancia Com Conselheiro do Tribunal de Contas - Not&iacute;cias em Destaque","robots":{"index":"index","follow":"follow","max-snippet":"max-snippet:-1","max-image-preview":"max-image-preview:large","max-video-preview":"max-video-preview:-1"},"canonical":"https:\/\/noticiasemdestaque.com\/cd\/?p=3175","og_locale":"pt_BR","og_type":"article","og_title":"Prefeito In\u00e1cio Tem Audi\u00eancia Com Conselheiro do Tribunal de Contas - Not&iacute;cias em Destaque","og_description":"Com o objetivo de dar maior transpar\u00eancia \u00e1 sua gest\u00e3o administrativa, o prefeito In\u00e1cio N\u00f3brega esteve durante esta ter\u00e7a-feira (15\/08), na sede do Tribunal de Contas do Estado(TCE). Em audi\u00eancia com o Conselheiro Fernando Rodrigues Cat\u00e3o, estiveram acompanhando o prefeito In\u00e1cio N\u00f3brega, o contador da prefeitura municipal de Amparo &#8211; Fabr\u00edcio Martins e Rob\u00e9rio Magno &#8211; respons\u00e1vel pelo setor de licita\u00e7\u00e3o. Na pauta da audi\u00eancia o prefeito In\u00e1cio e sua equipe, fizeram uma consulta sobre o processo 00024\/17 que trata do acompanhamento de gest\u00e3o, o qual emitiu nota de alerta a gest\u00e3o municipal quanto \u00e0 necessidade de adotar provid\u00eancias para identificar e corrigir poss\u00edveis inconsist\u00eancias no tocante aos recursos do FUNDEB, o qual ser\u00e1 objeto de exame de auditoria do referido \u00f3rg\u00e3o. Para In\u00e1cio e sua equipe, quanto mais pr\u00f3ximo a sua gest\u00e3o administrativa estiver do TCE mais transparente ficar\u00e1 a sua administra\u00e7\u00e3o. O Prefeito disse: \u201cSabemos das nossas responsabilidades quanto gestor e buscamos deixar \u00e1 luz da transpar\u00eancia todos os nossos atos administrativos. O Tribunal de Contas como \u00f3rg\u00e3o fiscalizador \u00e9 tamb\u00e9m um \u00f3rg\u00e3o auxiliar de controle externo da administra\u00e7\u00e3o p\u00fablica e estamos sempre realizando este tipo de consulta para n\u00e3o incorrermos em erros\u201d. Com Ascom &#8211; Wanderley Paulo","og_url":"https:\/\/noticiasemdestaque.com\/cd\/?p=3175","og_site_name":"Not&iacute;cias em Destaque","article_published_time":"2017-08-16T09:30:46+00:00","article_modified_time":"2017-08-16T10:08:03+00:00","og_image":[{"width":878,"height":365,"url":"https:\/\/noticiasemdestaque.com\/cd\/wp-content\/uploads\/2017\/08\/NOOTMLZTBW082MP3Z5FW.jpg","type":"image\/jpeg"}],"author":"Not\u00edcias em Destaque","twitter_card":"summary_large_image","twitter_misc":{"Escrito por":"Not\u00edcias em Destaque","Est. tempo de leitura":"1 minuto"},"schema":{"@context":"https:\/\/schema.org","@graph":[{"@type":"Article","@id":"https:\/\/noticiasemdestaque.com\/cd\/?p=3175#article","isPartOf":{"@id":"https:\/\/noticiasemdestaque.com\/cd\/?p=3175"},"author":{"name":"Not\u00edcias em Destaque","@id":"https:\/\/noticiasemdestaque.com\/cd\/#\/schema\/person\/4a81fb71f77579d059c3045891fa1786"},"headline":"Prefeito In\u00e1cio Tem Audi\u00eancia Com Conselheiro do Tribunal de Contas","datePublished":"2017-08-16T09:30:46+00:00","dateModified":"2017-08-16T10:08:03+00:00","mainEntityOfPage":{"@id":"https:\/\/noticiasemdestaque.com\/cd\/?p=3175"},"wordCount":239,"publisher":{"@id":"https:\/\/noticiasemdestaque.com\/cd\/#organization"},"image":{"@id":"https:\/\/noticiasemdestaque.com\/cd\/?p=3175#primaryimage"},"thumbnailUrl":"https:\/\/noticiasemdestaque.com\/cd\/wp-content\/uploads\/2017\/08\/NOOTMLZTBW082MP3Z5FW.jpg","articleSection":["Cidades"],"inLanguage":"pt-BR"},{"@type":"WebPage","@id":"https:\/\/noticiasemdestaque.com\/cd\/?p=3175","url":"https:\/\/noticiasemdestaque.com\/cd\/?p=3175","name":"Prefeito In\u00e1cio Tem Audi\u00eancia Com Conselheiro do Tribunal de Contas - Not&iacute;cias em Destaque","isPartOf":{"@id":"https:\/\/noticiasemdestaque.com\/cd\/#website"},"primaryImageOfPage":{"@id":"https:\/\/noticiasemdestaque.com\/cd\/?p=3175#primaryimage"},"image":{"@id":"https:\/\/noticiasemdestaque.com\/cd\/?p=3175#primaryimage"},"thumbnailUrl":"https:\/\/noticiasemdestaque.com\/cd\/wp-content\/uploads\/2017\/08\/NOOTMLZTBW082MP3Z5FW.jpg","datePublished":"2017-08-16T09:30:46+00:00","dateModified":"2017-08-16T10:08:03+00:00","breadcrumb":{"@id":"https:\/\/noticiasemdestaque.com\/cd\/?p=3175#breadcrumb"},"inLanguage":"pt-BR","potentialAction":[{"@type":"ReadAction","target":["https:\/\/noticiasemdestaque.com\/cd\/?p=3175"]}]},{"@type":"ImageObject","inLanguage":"pt-BR","@id":"https:\/\/noticiasemdestaque.com\/cd\/?p=3175#primaryimage","url":"https:\/\/noticiasemdestaque.com\/cd\/wp-content\/uploads\/2017\/08\/NOOTMLZTBW082MP3Z5FW.jpg","contentUrl":"https:\/\/noticiasemdestaque.com\/cd\/wp-content\/uploads\/2017\/08\/NOOTMLZTBW082MP3Z5FW.jpg","width":878,"height":365},{"@type":"BreadcrumbList","@id":"https:\/\/noticiasemdestaque.com\/cd\/?p=3175#breadcrumb","itemListElement":[{"@type":"ListItem","position":1,"name":"In\u00edcio","item":"https:\/\/noticiasemdestaque.com\/cd\/"},{"@type":"ListItem","position":2,"name":"Prefeito In\u00e1cio Tem Audi\u00eancia Com Conselheiro do Tribunal de Contas"}]},{"@type":"WebSite","@id":"https:\/\/noticiasemdestaque.com\/cd\/#website","url":"https:\/\/noticiasemdestaque.com\/cd\/","name":"Not&iacute;cias em Destaque","description":"","publisher":{"@id":"https:\/\/noticiasemdestaque.com\/cd\/#organization"},"potentialAction":[{"@type":"SearchAction","target":{"@type":"EntryPoint","urlTemplate":"https:\/\/noticiasemdestaque.com\/cd\/?s={search_term_string}"},"query-input":{"@type":"PropertyValueSpecification","valueRequired":true,"valueName":"search_term_string"}}],"inLanguage":"pt-BR"},{"@type":"Organization","@id":"https:\/\/noticiasemdestaque.com\/cd\/#organization","name":"Not\u00edcias em Destaque","url":"https:\/\/noticiasemdestaque.com\/cd\/","logo":{"@type":"ImageObject","inLanguage":"pt-BR","@id":"https:\/\/noticiasemdestaque.com\/cd\/#\/schema\/logo\/image\/","url":"https:\/\/noticiasemdestaque.com\/cd\/wp-content\/uploads\/2022\/05\/imagem-base-noticiasemdestaque.png","contentUrl":"https:\/\/noticiasemdestaque.com\/cd\/wp-content\/uploads\/2022\/05\/imagem-base-noticiasemdestaque.png","width":1200,"height":630,"caption":"Not\u00edcias em Destaque"},"image":{"@id":"https:\/\/noticiasemdestaque.com\/cd\/#\/schema\/logo\/image\/"}},{"@type":"Person","@id":"https:\/\/noticiasemdestaque.com\/cd\/#\/schema\/person\/4a81fb71f77579d059c3045891fa1786","name":"Not\u00edcias em Destaque","url":"https:\/\/noticiasemdestaque.com\/cd\/?author=2"}]}},"jetpack_featured_media_url":"https:\/\/noticiasemdestaque.com\/cd\/wp-content\/uploads\/2017\/08\/NOOTMLZTBW082MP3Z5FW.jpg","jetpack_sharing_enabled":true,"_links":{"self":[{"href":"https:\/\/noticiasemdestaque.com\/cd\/index.php?rest_route=\/wp\/v2\/posts\/3175","targetHints":{"allow":["GET"]}}],"collection":[{"href":"https:\/\/noticiasemdestaque.com\/cd\/index.php?rest_route=\/wp\/v2\/posts"}],"about":[{"href":"https:\/\/noticiasemdestaque.com\/cd\/index.php?rest_route=\/wp\/v2\/types\/post"}],"author":[{"embeddable":true,"href":"https:\/\/noticiasemdestaque.com\/cd\/index.php?rest_route=\/wp\/v2\/users\/2"}],"replies":[{"embeddable":true,"href":"https:\/\/noticiasemdestaque.com\/cd\/index.php?rest_route=%2Fwp%2Fv2%2Fcomments&post=3175"}],"version-history":[{"count":3,"href":"https:\/\/noticiasemdestaque.com\/cd\/index.php?rest_route=\/wp\/v2\/posts\/3175\/revisions"}],"predecessor-version":[{"id":3179,"href":"https:\/\/noticiasemdestaque.com\/cd\/index.php?rest_route=\/wp\/v2\/posts\/3175\/revisions\/3179"}],"wp:featuredmedia":[{"embeddable":true,"href":"https:\/\/noticiasemdestaque.com\/cd\/index.php?rest_route=\/wp\/v2\/media\/3176"}],"wp:attachment":[{"href":"https:\/\/noticiasemdestaque.com\/cd\/index.php?rest_route=%2Fwp%2Fv2%2Fmedia&parent=3175"}],"wp:term":[{"taxonomy":"category","embeddable":true,"href":"https:\/\/noticiasemdestaque.com\/cd\/index.php?rest_route=%2Fwp%2Fv2%2Fcategories&post=3175"},{"taxonomy":"post_tag","embeddable":true,"href":"https:\/\/noticiasemdestaque.com\/cd\/index.php?rest_route=%2Fwp%2Fv2%2Ftags&post=3175"}],"curies":[{"name":"wp","href":"https:\/\/api.w.org\/{rel}","templated":true}]}}