{"id":3128,"date":"2017-08-15T08:00:19","date_gmt":"2017-08-15T11:00:19","guid":{"rendered":"http:\/\/caririemdestaque.com\/cd\/?p=3128"},"modified":"2017-08-15T08:00:19","modified_gmt":"2017-08-15T11:00:19","slug":"tre-reduz-9-zonas-eleitorais-no-estado","status":"publish","type":"post","link":"https:\/\/noticiasemdestaque.com\/cd\/?p=3128","title":{"rendered":"TRE reduz 9 zonas eleitorais no Estado"},"content":{"rendered":"<p><a href=\"http:\/\/caririemdestaque.com\/cd\/wp-content\/uploads\/2017\/08\/aa70dcce0d0dcccf7a1a392b73437625.jpg\"><img decoding=\"async\" class=\"size-medium wp-image-3129 alignleft\" src=\"http:\/\/caririemdestaque.com\/cd\/wp-content\/uploads\/2017\/08\/aa70dcce0d0dcccf7a1a392b73437625-300x142.jpg\" alt=\"\" width=\"300\" height=\"142\" srcset=\"https:\/\/noticiasemdestaque.com\/cd\/wp-content\/uploads\/2017\/08\/aa70dcce0d0dcccf7a1a392b73437625-300x142.jpg 300w, https:\/\/noticiasemdestaque.com\/cd\/wp-content\/uploads\/2017\/08\/aa70dcce0d0dcccf7a1a392b73437625-768x364.jpg 768w, https:\/\/noticiasemdestaque.com\/cd\/wp-content\/uploads\/2017\/08\/aa70dcce0d0dcccf7a1a392b73437625-1024x485.jpg 1024w, https:\/\/noticiasemdestaque.com\/cd\/wp-content\/uploads\/2017\/08\/aa70dcce0d0dcccf7a1a392b73437625.jpg 1900w\" sizes=\"(max-width: 300px) 100vw, 300px\" \/><\/a><\/p>\n<p>O Tribunal Regional Eleitoral aprovou na sess\u00e3o desta segunda-feira (14) a redu\u00e7\u00e3o de 9 zonas eleitorais no Estado, em atendimento a uma determina\u00e7\u00e3o do Tribunal Superior Eleitoral (TSE). O \u00fanico a votar contra foi o juiz Breno Wanderley, para quem a justificativa do TSE de conten\u00e7\u00e3o de gastos n\u00e3o lhe convence. \u201cN\u00e3o me convenci de que a redu\u00e7\u00e3o de zonas venha a reduzir gastos. Entendo \u00e9 que os gastos ir\u00e3o aumentar, principalmente com di\u00e1rias de funcion\u00e1rios\u201d, afirmou.<\/p>\n<p>O magistrado fez quest\u00e3o de dizer que a culpa n\u00e3o era do TRE-PB, nem da presidente do \u00f3rg\u00e3o, a desembargadora Maria das Gra\u00e7as Morais Guedes, que tudo fez para evitar a extin\u00e7\u00e3o das zonas eleitorais. \u201cEu sou testemunha de sua luta aqui e das tentativas de Vossa Excel\u00eancia, diversas vezes, no sentido de marcar audi\u00eancia com o ministro Gilmar Mendes e sensibiliz\u00e1-lo no sentido de n\u00e3o reduzir as zonas eleitorais da Para\u00edba. Presenciei o esfor\u00e7o de Vossa Excel\u00eancia diversas vezes e de que tamb\u00e9m o ministro n\u00e3o abriu um cent\u00edmetro de suas pretens\u00f5es. N\u00e3o atendeu aos apelos de Vossa Excel\u00eancia\u201d.<\/p>\n<p>Para ele, a redu\u00e7\u00e3o de zonas n\u00e3o trar\u00e1 nenhuma economia para o judici\u00e1rio. \u201cTemos no pa\u00eds verbas para est\u00e1dios de futebol. N\u00e3o temos verbas para hospitais, n\u00e3o temos verbas para estradas, n\u00e3o temos verbas para escolas e agora n\u00e3o h\u00e1 dinheiro para que a Justi\u00e7a Eleitoral trabalhe com dignidade. Eu n\u00e3o estou concordando com a justificativa do TSE e por esse motivo estou votando pela desaprova\u00e7\u00e3o\u201d, disse o juiz Breno Wanderley.<\/p>\n<p>A Resolu\u00e7\u00e3o aprovada pelo TRE ainda ser\u00e1 publicada no di\u00e1rio eletr\u00f4nico. Mas pelo que foi aprovado, ser\u00e3o extintas as seguintes zonas eleitorais: 5\u00aa Zona Eleitoral (sede em Pilar); 12\u00aa Zona Eleitoral (sede em Serraria); 15\u00aa Zona Eleitoral (sede em Cai\u00e7ara); 21\u00aa Zona Eleitoral (sede em Cabaceiras); 39\u00aa Eleitoral (sede em Bonito de Santa F\u00e9); 45\u00aa Zona Eleitoral (sede em Pil\u00f5es); 46\u00aa Zona Eleitoral (sede em Alagoinha); 54\u00aa Zona Eleitoral (sede em Bel\u00e9m) e 71\u00aa Zona Eleitoral (sede em Campina Grande).<\/p>\n<p>Ser\u00e3o transferidas as seguintes Zonas Eleitorais: a 3\u00aa Zona Eleitoral \u00e9 transferida de Cruz do Esp\u00edrito Santo para Santa Rita; a 42\u00aa Zona Eleitoral \u00e9 transferida de Cajazeiras para Itaporanga; a 51\u00aa Zona Eleitoral \u00e9 transferida de Malta para Patos; a 52\u00aa Zona Eleitoral \u00e9 transferida de Coremas para Pombal; e a 74\u00aa Zona Eleitoral \u00e9 transferida de Prata para \u00c1gua Branca.<\/p>\n","protected":false},"excerpt":{"rendered":"<p>O Tribunal Regional Eleitoral aprovou na sess\u00e3o desta segunda-feira (14) a redu\u00e7\u00e3o de 9 zonas eleitorais no Estado, em atendimento a uma determina\u00e7\u00e3o do Tribunal Superior Eleitoral (TSE). O \u00fanico a votar contra foi o juiz Breno Wanderley, para quem a justificativa do TSE de conten\u00e7\u00e3o de gastos n\u00e3o lhe convence. \u201cN\u00e3o me convenci de que a redu\u00e7\u00e3o de zonas venha a reduzir gastos. Entendo \u00e9 que os gastos ir\u00e3o aumentar, principalmente com di\u00e1rias de funcion\u00e1rios\u201d, afirmou. O magistrado fez quest\u00e3o de dizer que a culpa n\u00e3o era do TRE-PB, nem da presidente do \u00f3rg\u00e3o, a desembargadora Maria das Gra\u00e7as Morais Guedes, que tudo fez para evitar a extin\u00e7\u00e3o das zonas eleitorais. \u201cEu sou testemunha de sua luta aqui e das tentativas de Vossa Excel\u00eancia, diversas vezes, no sentido de marcar audi\u00eancia com o ministro Gilmar Mendes e sensibiliz\u00e1-lo no sentido de n\u00e3o reduzir as zonas eleitorais da Para\u00edba. Presenciei o esfor\u00e7o de Vossa Excel\u00eancia diversas vezes e de que tamb\u00e9m o ministro n\u00e3o abriu um cent\u00edmetro de suas pretens\u00f5es. N\u00e3o atendeu aos apelos de Vossa Excel\u00eancia\u201d. Para ele, a redu\u00e7\u00e3o de zonas n\u00e3o trar\u00e1 nenhuma economia para o judici\u00e1rio. \u201cTemos no pa\u00eds verbas para est\u00e1dios de futebol. N\u00e3o temos verbas para hospitais, n\u00e3o temos verbas para estradas, n\u00e3o temos verbas para escolas e agora n\u00e3o h\u00e1 dinheiro para que a Justi\u00e7a Eleitoral trabalhe com dignidade. Eu n\u00e3o estou concordando com a justificativa do TSE e por esse motivo estou votando pela desaprova\u00e7\u00e3o\u201d, disse o juiz Breno Wanderley. A Resolu\u00e7\u00e3o aprovada pelo TRE ainda ser\u00e1 publicada no di\u00e1rio eletr\u00f4nico. Mas pelo que foi aprovado, ser\u00e3o extintas as seguintes zonas eleitorais: 5\u00aa Zona Eleitoral (sede em Pilar); 12\u00aa Zona Eleitoral (sede em Serraria); 15\u00aa Zona Eleitoral (sede em Cai\u00e7ara); 21\u00aa Zona Eleitoral (sede em Cabaceiras); 39\u00aa Eleitoral (sede em Bonito de Santa F\u00e9); 45\u00aa Zona Eleitoral (sede em Pil\u00f5es); 46\u00aa Zona Eleitoral (sede em Alagoinha); 54\u00aa Zona Eleitoral (sede em Bel\u00e9m) e 71\u00aa Zona Eleitoral (sede em Campina Grande). Ser\u00e3o transferidas as seguintes Zonas Eleitorais: a 3\u00aa Zona Eleitoral \u00e9 transferida de Cruz do Esp\u00edrito Santo para Santa Rita; a 42\u00aa Zona Eleitoral \u00e9 transferida de Cajazeiras para Itaporanga; a 51\u00aa Zona Eleitoral \u00e9 transferida de Malta para Patos; a 52\u00aa Zona Eleitoral \u00e9 transferida de Coremas para Pombal; e a 74\u00aa Zona Eleitoral \u00e9 transferida de Prata para \u00c1gua Branca.<\/p>\n","protected":false},"author":2,"featured_media":3129,"comment_status":"closed","ping_status":"open","sticky":false,"template":"","format":"standard","meta":{"_eb_attr":"","_jetpack_memberships_contains_paid_content":false,"footnotes":""},"categories":[4],"tags":[],"class_list":["post-3128","post","type-post","status-publish","format-standard","has-post-thumbnail","hentry","category-politica"],"yoast_head":"<!-- This site is optimized with the Yoast SEO plugin v26.5 - https:\/\/yoast.com\/wordpress\/plugins\/seo\/ -->\n<title>TRE reduz 9 zonas eleitorais no Estado - Not&iacute;cias em Destaque<\/title>\n<meta name=\"robots\" content=\"index, follow, max-snippet:-1, max-image-preview:large, max-video-preview:-1\" \/>\n<link rel=\"canonical\" href=\"https:\/\/noticiasemdestaque.com\/cd\/?p=3128\" \/>\n<meta property=\"og:locale\" content=\"pt_BR\" \/>\n<meta property=\"og:type\" content=\"article\" \/>\n<meta property=\"og:title\" content=\"TRE reduz 9 zonas eleitorais no Estado - Not&iacute;cias em Destaque\" \/>\n<meta property=\"og:description\" content=\"O Tribunal Regional Eleitoral aprovou na sess\u00e3o desta segunda-feira (14) a redu\u00e7\u00e3o de 9 zonas eleitorais no Estado, em atendimento a uma determina\u00e7\u00e3o do Tribunal Superior Eleitoral (TSE). O \u00fanico a votar contra foi o juiz Breno Wanderley, para quem a justificativa do TSE de conten\u00e7\u00e3o de gastos n\u00e3o lhe convence. \u201cN\u00e3o me convenci de que a redu\u00e7\u00e3o de zonas venha a reduzir gastos. Entendo \u00e9 que os gastos ir\u00e3o aumentar, principalmente com di\u00e1rias de funcion\u00e1rios\u201d, afirmou. O magistrado fez quest\u00e3o de dizer que a culpa n\u00e3o era do TRE-PB, nem da presidente do \u00f3rg\u00e3o, a desembargadora Maria das Gra\u00e7as Morais Guedes, que tudo fez para evitar a extin\u00e7\u00e3o das zonas eleitorais. \u201cEu sou testemunha de sua luta aqui e das tentativas de Vossa Excel\u00eancia, diversas vezes, no sentido de marcar audi\u00eancia com o ministro Gilmar Mendes e sensibiliz\u00e1-lo no sentido de n\u00e3o reduzir as zonas eleitorais da Para\u00edba. Presenciei o esfor\u00e7o de Vossa Excel\u00eancia diversas vezes e de que tamb\u00e9m o ministro n\u00e3o abriu um cent\u00edmetro de suas pretens\u00f5es. N\u00e3o atendeu aos apelos de Vossa Excel\u00eancia\u201d. Para ele, a redu\u00e7\u00e3o de zonas n\u00e3o trar\u00e1 nenhuma economia para o judici\u00e1rio. \u201cTemos no pa\u00eds verbas para est\u00e1dios de futebol. N\u00e3o temos verbas para hospitais, n\u00e3o temos verbas para estradas, n\u00e3o temos verbas para escolas e agora n\u00e3o h\u00e1 dinheiro para que a Justi\u00e7a Eleitoral trabalhe com dignidade. Eu n\u00e3o estou concordando com a justificativa do TSE e por esse motivo estou votando pela desaprova\u00e7\u00e3o\u201d, disse o juiz Breno Wanderley. A Resolu\u00e7\u00e3o aprovada pelo TRE ainda ser\u00e1 publicada no di\u00e1rio eletr\u00f4nico. Mas pelo que foi aprovado, ser\u00e3o extintas as seguintes zonas eleitorais: 5\u00aa Zona Eleitoral (sede em Pilar); 12\u00aa Zona Eleitoral (sede em Serraria); 15\u00aa Zona Eleitoral (sede em Cai\u00e7ara); 21\u00aa Zona Eleitoral (sede em Cabaceiras); 39\u00aa Eleitoral (sede em Bonito de Santa F\u00e9); 45\u00aa Zona Eleitoral (sede em Pil\u00f5es); 46\u00aa Zona Eleitoral (sede em Alagoinha); 54\u00aa Zona Eleitoral (sede em Bel\u00e9m) e 71\u00aa Zona Eleitoral (sede em Campina Grande). Ser\u00e3o transferidas as seguintes Zonas Eleitorais: a 3\u00aa Zona Eleitoral \u00e9 transferida de Cruz do Esp\u00edrito Santo para Santa Rita; a 42\u00aa Zona Eleitoral \u00e9 transferida de Cajazeiras para Itaporanga; a 51\u00aa Zona Eleitoral \u00e9 transferida de Malta para Patos; a 52\u00aa Zona Eleitoral \u00e9 transferida de Coremas para Pombal; e a 74\u00aa Zona Eleitoral \u00e9 transferida de Prata para \u00c1gua Branca.\" \/>\n<meta property=\"og:url\" content=\"https:\/\/noticiasemdestaque.com\/cd\/?p=3128\" \/>\n<meta property=\"og:site_name\" content=\"Not&iacute;cias em Destaque\" \/>\n<meta property=\"article:published_time\" content=\"2017-08-15T11:00:19+00:00\" \/>\n<meta property=\"og:image\" content=\"https:\/\/noticiasemdestaque.com\/cd\/wp-content\/uploads\/2017\/08\/aa70dcce0d0dcccf7a1a392b73437625.jpg\" \/>\n\t<meta property=\"og:image:width\" content=\"1900\" \/>\n\t<meta property=\"og:image:height\" content=\"900\" \/>\n\t<meta property=\"og:image:type\" content=\"image\/jpeg\" \/>\n<meta name=\"author\" content=\"Not\u00edcias em Destaque\" \/>\n<meta name=\"twitter:card\" content=\"summary_large_image\" \/>\n<meta name=\"twitter:label1\" content=\"Escrito por\" \/>\n\t<meta name=\"twitter:data1\" content=\"Not\u00edcias em Destaque\" \/>\n\t<meta name=\"twitter:label2\" content=\"Est. tempo de leitura\" \/>\n\t<meta name=\"twitter:data2\" content=\"2 minutos\" \/>\n<script type=\"application\/ld+json\" class=\"yoast-schema-graph\">{\"@context\":\"https:\/\/schema.org\",\"@graph\":[{\"@type\":\"Article\",\"@id\":\"https:\/\/noticiasemdestaque.com\/cd\/?p=3128#article\",\"isPartOf\":{\"@id\":\"https:\/\/noticiasemdestaque.com\/cd\/?p=3128\"},\"author\":{\"name\":\"Not\u00edcias em Destaque\",\"@id\":\"https:\/\/noticiasemdestaque.com\/cd\/#\/schema\/person\/4a81fb71f77579d059c3045891fa1786\"},\"headline\":\"TRE reduz 9 zonas eleitorais no Estado\",\"datePublished\":\"2017-08-15T11:00:19+00:00\",\"mainEntityOfPage\":{\"@id\":\"https:\/\/noticiasemdestaque.com\/cd\/?p=3128\"},\"wordCount\":423,\"publisher\":{\"@id\":\"https:\/\/noticiasemdestaque.com\/cd\/#organization\"},\"image\":{\"@id\":\"https:\/\/noticiasemdestaque.com\/cd\/?p=3128#primaryimage\"},\"thumbnailUrl\":\"https:\/\/noticiasemdestaque.com\/cd\/wp-content\/uploads\/2017\/08\/aa70dcce0d0dcccf7a1a392b73437625.jpg\",\"articleSection\":[\"Pol\u00edtica\"],\"inLanguage\":\"pt-BR\"},{\"@type\":\"WebPage\",\"@id\":\"https:\/\/noticiasemdestaque.com\/cd\/?p=3128\",\"url\":\"https:\/\/noticiasemdestaque.com\/cd\/?p=3128\",\"name\":\"TRE reduz 9 zonas eleitorais no Estado - Not&iacute;cias em Destaque\",\"isPartOf\":{\"@id\":\"https:\/\/noticiasemdestaque.com\/cd\/#website\"},\"primaryImageOfPage\":{\"@id\":\"https:\/\/noticiasemdestaque.com\/cd\/?p=3128#primaryimage\"},\"image\":{\"@id\":\"https:\/\/noticiasemdestaque.com\/cd\/?p=3128#primaryimage\"},\"thumbnailUrl\":\"https:\/\/noticiasemdestaque.com\/cd\/wp-content\/uploads\/2017\/08\/aa70dcce0d0dcccf7a1a392b73437625.jpg\",\"datePublished\":\"2017-08-15T11:00:19+00:00\",\"breadcrumb\":{\"@id\":\"https:\/\/noticiasemdestaque.com\/cd\/?p=3128#breadcrumb\"},\"inLanguage\":\"pt-BR\",\"potentialAction\":[{\"@type\":\"ReadAction\",\"target\":[\"https:\/\/noticiasemdestaque.com\/cd\/?p=3128\"]}]},{\"@type\":\"ImageObject\",\"inLanguage\":\"pt-BR\",\"@id\":\"https:\/\/noticiasemdestaque.com\/cd\/?p=3128#primaryimage\",\"url\":\"https:\/\/noticiasemdestaque.com\/cd\/wp-content\/uploads\/2017\/08\/aa70dcce0d0dcccf7a1a392b73437625.jpg\",\"contentUrl\":\"https:\/\/noticiasemdestaque.com\/cd\/wp-content\/uploads\/2017\/08\/aa70dcce0d0dcccf7a1a392b73437625.jpg\",\"width\":1900,\"height\":900},{\"@type\":\"BreadcrumbList\",\"@id\":\"https:\/\/noticiasemdestaque.com\/cd\/?p=3128#breadcrumb\",\"itemListElement\":[{\"@type\":\"ListItem\",\"position\":1,\"name\":\"In\u00edcio\",\"item\":\"https:\/\/noticiasemdestaque.com\/cd\/\"},{\"@type\":\"ListItem\",\"position\":2,\"name\":\"TRE reduz 9 zonas eleitorais no Estado\"}]},{\"@type\":\"WebSite\",\"@id\":\"https:\/\/noticiasemdestaque.com\/cd\/#website\",\"url\":\"https:\/\/noticiasemdestaque.com\/cd\/\",\"name\":\"Not&iacute;cias em Destaque\",\"description\":\"\",\"publisher\":{\"@id\":\"https:\/\/noticiasemdestaque.com\/cd\/#organization\"},\"potentialAction\":[{\"@type\":\"SearchAction\",\"target\":{\"@type\":\"EntryPoint\",\"urlTemplate\":\"https:\/\/noticiasemdestaque.com\/cd\/?s={search_term_string}\"},\"query-input\":{\"@type\":\"PropertyValueSpecification\",\"valueRequired\":true,\"valueName\":\"search_term_string\"}}],\"inLanguage\":\"pt-BR\"},{\"@type\":\"Organization\",\"@id\":\"https:\/\/noticiasemdestaque.com\/cd\/#organization\",\"name\":\"Not\u00edcias em Destaque\",\"url\":\"https:\/\/noticiasemdestaque.com\/cd\/\",\"logo\":{\"@type\":\"ImageObject\",\"inLanguage\":\"pt-BR\",\"@id\":\"https:\/\/noticiasemdestaque.com\/cd\/#\/schema\/logo\/image\/\",\"url\":\"https:\/\/noticiasemdestaque.com\/cd\/wp-content\/uploads\/2022\/05\/imagem-base-noticiasemdestaque.png\",\"contentUrl\":\"https:\/\/noticiasemdestaque.com\/cd\/wp-content\/uploads\/2022\/05\/imagem-base-noticiasemdestaque.png\",\"width\":1200,\"height\":630,\"caption\":\"Not\u00edcias em Destaque\"},\"image\":{\"@id\":\"https:\/\/noticiasemdestaque.com\/cd\/#\/schema\/logo\/image\/\"}},{\"@type\":\"Person\",\"@id\":\"https:\/\/noticiasemdestaque.com\/cd\/#\/schema\/person\/4a81fb71f77579d059c3045891fa1786\",\"name\":\"Not\u00edcias em Destaque\",\"url\":\"https:\/\/noticiasemdestaque.com\/cd\/?author=2\"}]}<\/script>\n<!-- \/ Yoast SEO plugin. -->","yoast_head_json":{"title":"TRE reduz 9 zonas eleitorais no Estado - Not&iacute;cias em Destaque","robots":{"index":"index","follow":"follow","max-snippet":"max-snippet:-1","max-image-preview":"max-image-preview:large","max-video-preview":"max-video-preview:-1"},"canonical":"https:\/\/noticiasemdestaque.com\/cd\/?p=3128","og_locale":"pt_BR","og_type":"article","og_title":"TRE reduz 9 zonas eleitorais no Estado - Not&iacute;cias em Destaque","og_description":"O Tribunal Regional Eleitoral aprovou na sess\u00e3o desta segunda-feira (14) a redu\u00e7\u00e3o de 9 zonas eleitorais no Estado, em atendimento a uma determina\u00e7\u00e3o do Tribunal Superior Eleitoral (TSE). O \u00fanico a votar contra foi o juiz Breno Wanderley, para quem a justificativa do TSE de conten\u00e7\u00e3o de gastos n\u00e3o lhe convence. \u201cN\u00e3o me convenci de que a redu\u00e7\u00e3o de zonas venha a reduzir gastos. Entendo \u00e9 que os gastos ir\u00e3o aumentar, principalmente com di\u00e1rias de funcion\u00e1rios\u201d, afirmou. O magistrado fez quest\u00e3o de dizer que a culpa n\u00e3o era do TRE-PB, nem da presidente do \u00f3rg\u00e3o, a desembargadora Maria das Gra\u00e7as Morais Guedes, que tudo fez para evitar a extin\u00e7\u00e3o das zonas eleitorais. \u201cEu sou testemunha de sua luta aqui e das tentativas de Vossa Excel\u00eancia, diversas vezes, no sentido de marcar audi\u00eancia com o ministro Gilmar Mendes e sensibiliz\u00e1-lo no sentido de n\u00e3o reduzir as zonas eleitorais da Para\u00edba. Presenciei o esfor\u00e7o de Vossa Excel\u00eancia diversas vezes e de que tamb\u00e9m o ministro n\u00e3o abriu um cent\u00edmetro de suas pretens\u00f5es. N\u00e3o atendeu aos apelos de Vossa Excel\u00eancia\u201d. Para ele, a redu\u00e7\u00e3o de zonas n\u00e3o trar\u00e1 nenhuma economia para o judici\u00e1rio. \u201cTemos no pa\u00eds verbas para est\u00e1dios de futebol. N\u00e3o temos verbas para hospitais, n\u00e3o temos verbas para estradas, n\u00e3o temos verbas para escolas e agora n\u00e3o h\u00e1 dinheiro para que a Justi\u00e7a Eleitoral trabalhe com dignidade. Eu n\u00e3o estou concordando com a justificativa do TSE e por esse motivo estou votando pela desaprova\u00e7\u00e3o\u201d, disse o juiz Breno Wanderley. A Resolu\u00e7\u00e3o aprovada pelo TRE ainda ser\u00e1 publicada no di\u00e1rio eletr\u00f4nico. Mas pelo que foi aprovado, ser\u00e3o extintas as seguintes zonas eleitorais: 5\u00aa Zona Eleitoral (sede em Pilar); 12\u00aa Zona Eleitoral (sede em Serraria); 15\u00aa Zona Eleitoral (sede em Cai\u00e7ara); 21\u00aa Zona Eleitoral (sede em Cabaceiras); 39\u00aa Eleitoral (sede em Bonito de Santa F\u00e9); 45\u00aa Zona Eleitoral (sede em Pil\u00f5es); 46\u00aa Zona Eleitoral (sede em Alagoinha); 54\u00aa Zona Eleitoral (sede em Bel\u00e9m) e 71\u00aa Zona Eleitoral (sede em Campina Grande). Ser\u00e3o transferidas as seguintes Zonas Eleitorais: a 3\u00aa Zona Eleitoral \u00e9 transferida de Cruz do Esp\u00edrito Santo para Santa Rita; a 42\u00aa Zona Eleitoral \u00e9 transferida de Cajazeiras para Itaporanga; a 51\u00aa Zona Eleitoral \u00e9 transferida de Malta para Patos; a 52\u00aa Zona Eleitoral \u00e9 transferida de Coremas para Pombal; e a 74\u00aa Zona Eleitoral \u00e9 transferida de Prata para \u00c1gua Branca.","og_url":"https:\/\/noticiasemdestaque.com\/cd\/?p=3128","og_site_name":"Not&iacute;cias em Destaque","article_published_time":"2017-08-15T11:00:19+00:00","og_image":[{"width":1900,"height":900,"url":"https:\/\/noticiasemdestaque.com\/cd\/wp-content\/uploads\/2017\/08\/aa70dcce0d0dcccf7a1a392b73437625.jpg","type":"image\/jpeg"}],"author":"Not\u00edcias em Destaque","twitter_card":"summary_large_image","twitter_misc":{"Escrito por":"Not\u00edcias em Destaque","Est. tempo de leitura":"2 minutos"},"schema":{"@context":"https:\/\/schema.org","@graph":[{"@type":"Article","@id":"https:\/\/noticiasemdestaque.com\/cd\/?p=3128#article","isPartOf":{"@id":"https:\/\/noticiasemdestaque.com\/cd\/?p=3128"},"author":{"name":"Not\u00edcias em Destaque","@id":"https:\/\/noticiasemdestaque.com\/cd\/#\/schema\/person\/4a81fb71f77579d059c3045891fa1786"},"headline":"TRE reduz 9 zonas eleitorais no Estado","datePublished":"2017-08-15T11:00:19+00:00","mainEntityOfPage":{"@id":"https:\/\/noticiasemdestaque.com\/cd\/?p=3128"},"wordCount":423,"publisher":{"@id":"https:\/\/noticiasemdestaque.com\/cd\/#organization"},"image":{"@id":"https:\/\/noticiasemdestaque.com\/cd\/?p=3128#primaryimage"},"thumbnailUrl":"https:\/\/noticiasemdestaque.com\/cd\/wp-content\/uploads\/2017\/08\/aa70dcce0d0dcccf7a1a392b73437625.jpg","articleSection":["Pol\u00edtica"],"inLanguage":"pt-BR"},{"@type":"WebPage","@id":"https:\/\/noticiasemdestaque.com\/cd\/?p=3128","url":"https:\/\/noticiasemdestaque.com\/cd\/?p=3128","name":"TRE reduz 9 zonas eleitorais no Estado - Not&iacute;cias em Destaque","isPartOf":{"@id":"https:\/\/noticiasemdestaque.com\/cd\/#website"},"primaryImageOfPage":{"@id":"https:\/\/noticiasemdestaque.com\/cd\/?p=3128#primaryimage"},"image":{"@id":"https:\/\/noticiasemdestaque.com\/cd\/?p=3128#primaryimage"},"thumbnailUrl":"https:\/\/noticiasemdestaque.com\/cd\/wp-content\/uploads\/2017\/08\/aa70dcce0d0dcccf7a1a392b73437625.jpg","datePublished":"2017-08-15T11:00:19+00:00","breadcrumb":{"@id":"https:\/\/noticiasemdestaque.com\/cd\/?p=3128#breadcrumb"},"inLanguage":"pt-BR","potentialAction":[{"@type":"ReadAction","target":["https:\/\/noticiasemdestaque.com\/cd\/?p=3128"]}]},{"@type":"ImageObject","inLanguage":"pt-BR","@id":"https:\/\/noticiasemdestaque.com\/cd\/?p=3128#primaryimage","url":"https:\/\/noticiasemdestaque.com\/cd\/wp-content\/uploads\/2017\/08\/aa70dcce0d0dcccf7a1a392b73437625.jpg","contentUrl":"https:\/\/noticiasemdestaque.com\/cd\/wp-content\/uploads\/2017\/08\/aa70dcce0d0dcccf7a1a392b73437625.jpg","width":1900,"height":900},{"@type":"BreadcrumbList","@id":"https:\/\/noticiasemdestaque.com\/cd\/?p=3128#breadcrumb","itemListElement":[{"@type":"ListItem","position":1,"name":"In\u00edcio","item":"https:\/\/noticiasemdestaque.com\/cd\/"},{"@type":"ListItem","position":2,"name":"TRE reduz 9 zonas eleitorais no Estado"}]},{"@type":"WebSite","@id":"https:\/\/noticiasemdestaque.com\/cd\/#website","url":"https:\/\/noticiasemdestaque.com\/cd\/","name":"Not&iacute;cias em Destaque","description":"","publisher":{"@id":"https:\/\/noticiasemdestaque.com\/cd\/#organization"},"potentialAction":[{"@type":"SearchAction","target":{"@type":"EntryPoint","urlTemplate":"https:\/\/noticiasemdestaque.com\/cd\/?s={search_term_string}"},"query-input":{"@type":"PropertyValueSpecification","valueRequired":true,"valueName":"search_term_string"}}],"inLanguage":"pt-BR"},{"@type":"Organization","@id":"https:\/\/noticiasemdestaque.com\/cd\/#organization","name":"Not\u00edcias em Destaque","url":"https:\/\/noticiasemdestaque.com\/cd\/","logo":{"@type":"ImageObject","inLanguage":"pt-BR","@id":"https:\/\/noticiasemdestaque.com\/cd\/#\/schema\/logo\/image\/","url":"https:\/\/noticiasemdestaque.com\/cd\/wp-content\/uploads\/2022\/05\/imagem-base-noticiasemdestaque.png","contentUrl":"https:\/\/noticiasemdestaque.com\/cd\/wp-content\/uploads\/2022\/05\/imagem-base-noticiasemdestaque.png","width":1200,"height":630,"caption":"Not\u00edcias em Destaque"},"image":{"@id":"https:\/\/noticiasemdestaque.com\/cd\/#\/schema\/logo\/image\/"}},{"@type":"Person","@id":"https:\/\/noticiasemdestaque.com\/cd\/#\/schema\/person\/4a81fb71f77579d059c3045891fa1786","name":"Not\u00edcias em Destaque","url":"https:\/\/noticiasemdestaque.com\/cd\/?author=2"}]}},"jetpack_featured_media_url":"https:\/\/noticiasemdestaque.com\/cd\/wp-content\/uploads\/2017\/08\/aa70dcce0d0dcccf7a1a392b73437625.jpg","jetpack_sharing_enabled":true,"_links":{"self":[{"href":"https:\/\/noticiasemdestaque.com\/cd\/index.php?rest_route=\/wp\/v2\/posts\/3128","targetHints":{"allow":["GET"]}}],"collection":[{"href":"https:\/\/noticiasemdestaque.com\/cd\/index.php?rest_route=\/wp\/v2\/posts"}],"about":[{"href":"https:\/\/noticiasemdestaque.com\/cd\/index.php?rest_route=\/wp\/v2\/types\/post"}],"author":[{"embeddable":true,"href":"https:\/\/noticiasemdestaque.com\/cd\/index.php?rest_route=\/wp\/v2\/users\/2"}],"replies":[{"embeddable":true,"href":"https:\/\/noticiasemdestaque.com\/cd\/index.php?rest_route=%2Fwp%2Fv2%2Fcomments&post=3128"}],"version-history":[{"count":1,"href":"https:\/\/noticiasemdestaque.com\/cd\/index.php?rest_route=\/wp\/v2\/posts\/3128\/revisions"}],"predecessor-version":[{"id":3130,"href":"https:\/\/noticiasemdestaque.com\/cd\/index.php?rest_route=\/wp\/v2\/posts\/3128\/revisions\/3130"}],"wp:featuredmedia":[{"embeddable":true,"href":"https:\/\/noticiasemdestaque.com\/cd\/index.php?rest_route=\/wp\/v2\/media\/3129"}],"wp:attachment":[{"href":"https:\/\/noticiasemdestaque.com\/cd\/index.php?rest_route=%2Fwp%2Fv2%2Fmedia&parent=3128"}],"wp:term":[{"taxonomy":"category","embeddable":true,"href":"https:\/\/noticiasemdestaque.com\/cd\/index.php?rest_route=%2Fwp%2Fv2%2Fcategories&post=3128"},{"taxonomy":"post_tag","embeddable":true,"href":"https:\/\/noticiasemdestaque.com\/cd\/index.php?rest_route=%2Fwp%2Fv2%2Ftags&post=3128"}],"curies":[{"name":"wp","href":"https:\/\/api.w.org\/{rel}","templated":true}]}}