{"id":3120,"date":"2017-08-14T21:58:34","date_gmt":"2017-08-15T00:58:34","guid":{"rendered":"http:\/\/caririemdestaque.com\/cd\/?p=3120"},"modified":"2017-08-14T21:58:34","modified_gmt":"2017-08-15T00:58:34","slug":"unidades-basicas-de-saude-estarao-informatizadas-ate-o-fim-de-2018-diz-ministro","status":"publish","type":"post","link":"https:\/\/noticiasemdestaque.com\/cd\/?p=3120","title":{"rendered":"Unidades b\u00e1sicas de sa\u00fade estar\u00e3o informatizadas at\u00e9 o fim de 2018, diz ministro"},"content":{"rendered":"<p><a href=\"http:\/\/caririemdestaque.com\/cd\/wp-content\/uploads\/2017\/08\/1019727-13.05.2016-5985_1.jpg\"><img fetchpriority=\"high\" decoding=\"async\" class=\"size-medium wp-image-3121 alignleft\" src=\"http:\/\/caririemdestaque.com\/cd\/wp-content\/uploads\/2017\/08\/1019727-13.05.2016-5985_1-300x188.jpg\" alt=\"\" width=\"300\" height=\"188\" srcset=\"https:\/\/noticiasemdestaque.com\/cd\/wp-content\/uploads\/2017\/08\/1019727-13.05.2016-5985_1-300x188.jpg 300w, https:\/\/noticiasemdestaque.com\/cd\/wp-content\/uploads\/2017\/08\/1019727-13.05.2016-5985_1.jpg 560w\" sizes=\"(max-width: 300px) 100vw, 300px\" \/><\/a>At\u00e9 2018, todas as Unidades B\u00e1sicas de Sa\u00fade (UBSs) do pa\u00eds estar\u00e3o informatizadas, disse hoje (14) o ministro da Sa\u00fade, Ricardo Barros. Segundo ele, cerca de 15 mil UBSs j\u00e1 s\u00e3o informatizadas atualmente e a previs\u00e3o \u00e9 que mais 27 mil se somem a este n\u00famero at\u00e9 o final do ano que vem.<\/p>\n<p>\u201cA meta \u00e9 informatizar 100% das Unidades B\u00e1sicas de Sa\u00fade at\u00e9 o final do pr\u00f3ximo ano. Credenciaremos todas as empresas que quiserem trabalhar com a informatiza\u00e7\u00e3o das UBSs \u201d, disse Barros. O ministro participou hoje da cerim\u00f4nia de abertura do Summit Sa\u00fade Brasil 2017, evento promovido pelo Grupo Estado, em S\u00e3o Paulo.<\/p>\n<p>\u201cHoje, financiamos doen\u00e7a e temos que passar a financiar sa\u00fade. Temos que dispor da rede, mas quanto menos ela for usada, menos custo. Investir em preven\u00e7\u00e3o e promo\u00e7\u00e3o ser\u00e1 a palavra de ordem. Hoje gastamos R$ 50 bilh\u00f5es por ano sem necessidade\u201d, disse o ministro.<\/p>\n<p>Em julho, o Minist\u00e9rio da Sa\u00fade lan\u00e7ou uma consulta p\u00fablica direcionada a empresas que queiram se credenciar para levar solu\u00e7\u00f5es de inform\u00e1tica \u00e0s UBSs de todo o pa\u00eds. O objetivo \u00e9 cadastrar digitalmente todas as informa\u00e7\u00f5es dos usu\u00e1rios do SUS, facilitando o acesso aos dados do cidad\u00e3o em todas as unidades de sa\u00fade. Segundo o Minist\u00e9rio, o Brasil possui 42.488 UBS em funcionamento. Deste total, 15.158 (35,7 %) UBSs enviam dados por meio do Prontu\u00e1rio Eletr\u00f4nico dos pacientes.<\/p>\n<p><em><strong>Cariri em Destaque<\/strong><\/em><\/p>\n<p>Com EBC<\/p>\n<p>&nbsp;<\/p>\n","protected":false},"excerpt":{"rendered":"<p>At\u00e9 2018, todas as Unidades B\u00e1sicas de Sa\u00fade (UBSs) do pa\u00eds estar\u00e3o informatizadas, disse hoje (14) o ministro da Sa\u00fade, Ricardo Barros. Segundo ele, cerca de 15 mil UBSs j\u00e1 s\u00e3o informatizadas atualmente e a previs\u00e3o \u00e9 que mais 27 mil se somem a este n\u00famero at\u00e9 o final do ano que vem. \u201cA meta \u00e9 informatizar 100% das Unidades B\u00e1sicas de Sa\u00fade at\u00e9 o final do pr\u00f3ximo ano. Credenciaremos todas as empresas que quiserem trabalhar com a informatiza\u00e7\u00e3o das UBSs \u201d, disse Barros. O ministro participou hoje da cerim\u00f4nia de abertura do Summit Sa\u00fade Brasil 2017, evento promovido pelo Grupo Estado, em S\u00e3o Paulo. \u201cHoje, financiamos doen\u00e7a e temos que passar a financiar sa\u00fade. Temos que dispor da rede, mas quanto menos ela for usada, menos custo. Investir em preven\u00e7\u00e3o e promo\u00e7\u00e3o ser\u00e1 a palavra de ordem. Hoje gastamos R$ 50 bilh\u00f5es por ano sem necessidade\u201d, disse o ministro. Em julho, o Minist\u00e9rio da Sa\u00fade lan\u00e7ou uma consulta p\u00fablica direcionada a empresas que queiram se credenciar para levar solu\u00e7\u00f5es de inform\u00e1tica \u00e0s UBSs de todo o pa\u00eds. O objetivo \u00e9 cadastrar digitalmente todas as informa\u00e7\u00f5es dos usu\u00e1rios do SUS, facilitando o acesso aos dados do cidad\u00e3o em todas as unidades de sa\u00fade. Segundo o Minist\u00e9rio, o Brasil possui 42.488 UBS em funcionamento. Deste total, 15.158 (35,7 %) UBSs enviam dados por meio do Prontu\u00e1rio Eletr\u00f4nico dos pacientes. Cariri em Destaque Com EBC &nbsp;<\/p>\n","protected":false},"author":2,"featured_media":3121,"comment_status":"closed","ping_status":"open","sticky":false,"template":"","format":"standard","meta":{"_eb_attr":"","_jetpack_memberships_contains_paid_content":false,"footnotes":""},"categories":[8],"tags":[],"class_list":["post-3120","post","type-post","status-publish","format-standard","has-post-thumbnail","hentry","category-saude"],"yoast_head":"<!-- This site is optimized with the Yoast SEO plugin v26.5 - https:\/\/yoast.com\/wordpress\/plugins\/seo\/ -->\n<title>Unidades b\u00e1sicas de sa\u00fade estar\u00e3o informatizadas at\u00e9 o fim de 2018, diz ministro - Not&iacute;cias em Destaque<\/title>\n<meta name=\"robots\" content=\"index, follow, max-snippet:-1, max-image-preview:large, max-video-preview:-1\" \/>\n<link rel=\"canonical\" href=\"https:\/\/noticiasemdestaque.com\/cd\/?p=3120\" \/>\n<meta property=\"og:locale\" content=\"pt_BR\" \/>\n<meta property=\"og:type\" content=\"article\" \/>\n<meta property=\"og:title\" content=\"Unidades b\u00e1sicas de sa\u00fade estar\u00e3o informatizadas at\u00e9 o fim de 2018, diz ministro - Not&iacute;cias em Destaque\" \/>\n<meta property=\"og:description\" content=\"At\u00e9 2018, todas as Unidades B\u00e1sicas de Sa\u00fade (UBSs) do pa\u00eds estar\u00e3o informatizadas, disse hoje (14) o ministro da Sa\u00fade, Ricardo Barros. Segundo ele, cerca de 15 mil UBSs j\u00e1 s\u00e3o informatizadas atualmente e a previs\u00e3o \u00e9 que mais 27 mil se somem a este n\u00famero at\u00e9 o final do ano que vem. \u201cA meta \u00e9 informatizar 100% das Unidades B\u00e1sicas de Sa\u00fade at\u00e9 o final do pr\u00f3ximo ano. Credenciaremos todas as empresas que quiserem trabalhar com a informatiza\u00e7\u00e3o das UBSs \u201d, disse Barros. O ministro participou hoje da cerim\u00f4nia de abertura do Summit Sa\u00fade Brasil 2017, evento promovido pelo Grupo Estado, em S\u00e3o Paulo. \u201cHoje, financiamos doen\u00e7a e temos que passar a financiar sa\u00fade. Temos que dispor da rede, mas quanto menos ela for usada, menos custo. Investir em preven\u00e7\u00e3o e promo\u00e7\u00e3o ser\u00e1 a palavra de ordem. Hoje gastamos R$ 50 bilh\u00f5es por ano sem necessidade\u201d, disse o ministro. Em julho, o Minist\u00e9rio da Sa\u00fade lan\u00e7ou uma consulta p\u00fablica direcionada a empresas que queiram se credenciar para levar solu\u00e7\u00f5es de inform\u00e1tica \u00e0s UBSs de todo o pa\u00eds. O objetivo \u00e9 cadastrar digitalmente todas as informa\u00e7\u00f5es dos usu\u00e1rios do SUS, facilitando o acesso aos dados do cidad\u00e3o em todas as unidades de sa\u00fade. Segundo o Minist\u00e9rio, o Brasil possui 42.488 UBS em funcionamento. Deste total, 15.158 (35,7 %) UBSs enviam dados por meio do Prontu\u00e1rio Eletr\u00f4nico dos pacientes. Cariri em Destaque Com EBC &nbsp;\" \/>\n<meta property=\"og:url\" content=\"https:\/\/noticiasemdestaque.com\/cd\/?p=3120\" \/>\n<meta property=\"og:site_name\" content=\"Not&iacute;cias em Destaque\" \/>\n<meta property=\"article:published_time\" content=\"2017-08-15T00:58:34+00:00\" \/>\n<meta property=\"og:image\" content=\"https:\/\/noticiasemdestaque.com\/cd\/wp-content\/uploads\/2017\/08\/1019727-13.05.2016-5985_1.jpg\" \/>\n\t<meta property=\"og:image:width\" content=\"560\" \/>\n\t<meta property=\"og:image:height\" content=\"350\" \/>\n\t<meta property=\"og:image:type\" content=\"image\/jpeg\" \/>\n<meta name=\"author\" content=\"Not\u00edcias em Destaque\" \/>\n<meta name=\"twitter:card\" content=\"summary_large_image\" \/>\n<meta name=\"twitter:label1\" content=\"Escrito por\" \/>\n\t<meta name=\"twitter:data1\" content=\"Not\u00edcias em Destaque\" \/>\n\t<meta name=\"twitter:label2\" content=\"Est. tempo de leitura\" \/>\n\t<meta name=\"twitter:data2\" content=\"1 minuto\" \/>\n<script type=\"application\/ld+json\" class=\"yoast-schema-graph\">{\"@context\":\"https:\/\/schema.org\",\"@graph\":[{\"@type\":\"Article\",\"@id\":\"https:\/\/noticiasemdestaque.com\/cd\/?p=3120#article\",\"isPartOf\":{\"@id\":\"https:\/\/noticiasemdestaque.com\/cd\/?p=3120\"},\"author\":{\"name\":\"Not\u00edcias em Destaque\",\"@id\":\"https:\/\/noticiasemdestaque.com\/cd\/#\/schema\/person\/4a81fb71f77579d059c3045891fa1786\"},\"headline\":\"Unidades b\u00e1sicas de sa\u00fade estar\u00e3o informatizadas at\u00e9 o fim de 2018, diz ministro\",\"datePublished\":\"2017-08-15T00:58:34+00:00\",\"mainEntityOfPage\":{\"@id\":\"https:\/\/noticiasemdestaque.com\/cd\/?p=3120\"},\"wordCount\":268,\"publisher\":{\"@id\":\"https:\/\/noticiasemdestaque.com\/cd\/#organization\"},\"image\":{\"@id\":\"https:\/\/noticiasemdestaque.com\/cd\/?p=3120#primaryimage\"},\"thumbnailUrl\":\"https:\/\/noticiasemdestaque.com\/cd\/wp-content\/uploads\/2017\/08\/1019727-13.05.2016-5985_1.jpg\",\"articleSection\":[\"Sa\u00fade\"],\"inLanguage\":\"pt-BR\"},{\"@type\":\"WebPage\",\"@id\":\"https:\/\/noticiasemdestaque.com\/cd\/?p=3120\",\"url\":\"https:\/\/noticiasemdestaque.com\/cd\/?p=3120\",\"name\":\"Unidades b\u00e1sicas de sa\u00fade estar\u00e3o informatizadas at\u00e9 o fim de 2018, diz ministro - Not&iacute;cias em Destaque\",\"isPartOf\":{\"@id\":\"https:\/\/noticiasemdestaque.com\/cd\/#website\"},\"primaryImageOfPage\":{\"@id\":\"https:\/\/noticiasemdestaque.com\/cd\/?p=3120#primaryimage\"},\"image\":{\"@id\":\"https:\/\/noticiasemdestaque.com\/cd\/?p=3120#primaryimage\"},\"thumbnailUrl\":\"https:\/\/noticiasemdestaque.com\/cd\/wp-content\/uploads\/2017\/08\/1019727-13.05.2016-5985_1.jpg\",\"datePublished\":\"2017-08-15T00:58:34+00:00\",\"breadcrumb\":{\"@id\":\"https:\/\/noticiasemdestaque.com\/cd\/?p=3120#breadcrumb\"},\"inLanguage\":\"pt-BR\",\"potentialAction\":[{\"@type\":\"ReadAction\",\"target\":[\"https:\/\/noticiasemdestaque.com\/cd\/?p=3120\"]}]},{\"@type\":\"ImageObject\",\"inLanguage\":\"pt-BR\",\"@id\":\"https:\/\/noticiasemdestaque.com\/cd\/?p=3120#primaryimage\",\"url\":\"https:\/\/noticiasemdestaque.com\/cd\/wp-content\/uploads\/2017\/08\/1019727-13.05.2016-5985_1.jpg\",\"contentUrl\":\"https:\/\/noticiasemdestaque.com\/cd\/wp-content\/uploads\/2017\/08\/1019727-13.05.2016-5985_1.jpg\",\"width\":560,\"height\":350},{\"@type\":\"BreadcrumbList\",\"@id\":\"https:\/\/noticiasemdestaque.com\/cd\/?p=3120#breadcrumb\",\"itemListElement\":[{\"@type\":\"ListItem\",\"position\":1,\"name\":\"In\u00edcio\",\"item\":\"https:\/\/noticiasemdestaque.com\/cd\/\"},{\"@type\":\"ListItem\",\"position\":2,\"name\":\"Unidades b\u00e1sicas de sa\u00fade estar\u00e3o informatizadas at\u00e9 o fim de 2018, diz ministro\"}]},{\"@type\":\"WebSite\",\"@id\":\"https:\/\/noticiasemdestaque.com\/cd\/#website\",\"url\":\"https:\/\/noticiasemdestaque.com\/cd\/\",\"name\":\"Not&iacute;cias em Destaque\",\"description\":\"\",\"publisher\":{\"@id\":\"https:\/\/noticiasemdestaque.com\/cd\/#organization\"},\"potentialAction\":[{\"@type\":\"SearchAction\",\"target\":{\"@type\":\"EntryPoint\",\"urlTemplate\":\"https:\/\/noticiasemdestaque.com\/cd\/?s={search_term_string}\"},\"query-input\":{\"@type\":\"PropertyValueSpecification\",\"valueRequired\":true,\"valueName\":\"search_term_string\"}}],\"inLanguage\":\"pt-BR\"},{\"@type\":\"Organization\",\"@id\":\"https:\/\/noticiasemdestaque.com\/cd\/#organization\",\"name\":\"Not\u00edcias em Destaque\",\"url\":\"https:\/\/noticiasemdestaque.com\/cd\/\",\"logo\":{\"@type\":\"ImageObject\",\"inLanguage\":\"pt-BR\",\"@id\":\"https:\/\/noticiasemdestaque.com\/cd\/#\/schema\/logo\/image\/\",\"url\":\"https:\/\/noticiasemdestaque.com\/cd\/wp-content\/uploads\/2022\/05\/imagem-base-noticiasemdestaque.png\",\"contentUrl\":\"https:\/\/noticiasemdestaque.com\/cd\/wp-content\/uploads\/2022\/05\/imagem-base-noticiasemdestaque.png\",\"width\":1200,\"height\":630,\"caption\":\"Not\u00edcias em Destaque\"},\"image\":{\"@id\":\"https:\/\/noticiasemdestaque.com\/cd\/#\/schema\/logo\/image\/\"}},{\"@type\":\"Person\",\"@id\":\"https:\/\/noticiasemdestaque.com\/cd\/#\/schema\/person\/4a81fb71f77579d059c3045891fa1786\",\"name\":\"Not\u00edcias em Destaque\",\"url\":\"https:\/\/noticiasemdestaque.com\/cd\/?author=2\"}]}<\/script>\n<!-- \/ Yoast SEO plugin. -->","yoast_head_json":{"title":"Unidades b\u00e1sicas de sa\u00fade estar\u00e3o informatizadas at\u00e9 o fim de 2018, diz ministro - Not&iacute;cias em Destaque","robots":{"index":"index","follow":"follow","max-snippet":"max-snippet:-1","max-image-preview":"max-image-preview:large","max-video-preview":"max-video-preview:-1"},"canonical":"https:\/\/noticiasemdestaque.com\/cd\/?p=3120","og_locale":"pt_BR","og_type":"article","og_title":"Unidades b\u00e1sicas de sa\u00fade estar\u00e3o informatizadas at\u00e9 o fim de 2018, diz ministro - Not&iacute;cias em Destaque","og_description":"At\u00e9 2018, todas as Unidades B\u00e1sicas de Sa\u00fade (UBSs) do pa\u00eds estar\u00e3o informatizadas, disse hoje (14) o ministro da Sa\u00fade, Ricardo Barros. Segundo ele, cerca de 15 mil UBSs j\u00e1 s\u00e3o informatizadas atualmente e a previs\u00e3o \u00e9 que mais 27 mil se somem a este n\u00famero at\u00e9 o final do ano que vem. \u201cA meta \u00e9 informatizar 100% das Unidades B\u00e1sicas de Sa\u00fade at\u00e9 o final do pr\u00f3ximo ano. Credenciaremos todas as empresas que quiserem trabalhar com a informatiza\u00e7\u00e3o das UBSs \u201d, disse Barros. O ministro participou hoje da cerim\u00f4nia de abertura do Summit Sa\u00fade Brasil 2017, evento promovido pelo Grupo Estado, em S\u00e3o Paulo. \u201cHoje, financiamos doen\u00e7a e temos que passar a financiar sa\u00fade. Temos que dispor da rede, mas quanto menos ela for usada, menos custo. Investir em preven\u00e7\u00e3o e promo\u00e7\u00e3o ser\u00e1 a palavra de ordem. Hoje gastamos R$ 50 bilh\u00f5es por ano sem necessidade\u201d, disse o ministro. Em julho, o Minist\u00e9rio da Sa\u00fade lan\u00e7ou uma consulta p\u00fablica direcionada a empresas que queiram se credenciar para levar solu\u00e7\u00f5es de inform\u00e1tica \u00e0s UBSs de todo o pa\u00eds. O objetivo \u00e9 cadastrar digitalmente todas as informa\u00e7\u00f5es dos usu\u00e1rios do SUS, facilitando o acesso aos dados do cidad\u00e3o em todas as unidades de sa\u00fade. Segundo o Minist\u00e9rio, o Brasil possui 42.488 UBS em funcionamento. Deste total, 15.158 (35,7 %) UBSs enviam dados por meio do Prontu\u00e1rio Eletr\u00f4nico dos pacientes. Cariri em Destaque Com EBC &nbsp;","og_url":"https:\/\/noticiasemdestaque.com\/cd\/?p=3120","og_site_name":"Not&iacute;cias em Destaque","article_published_time":"2017-08-15T00:58:34+00:00","og_image":[{"width":560,"height":350,"url":"https:\/\/noticiasemdestaque.com\/cd\/wp-content\/uploads\/2017\/08\/1019727-13.05.2016-5985_1.jpg","type":"image\/jpeg"}],"author":"Not\u00edcias em Destaque","twitter_card":"summary_large_image","twitter_misc":{"Escrito por":"Not\u00edcias em Destaque","Est. tempo de leitura":"1 minuto"},"schema":{"@context":"https:\/\/schema.org","@graph":[{"@type":"Article","@id":"https:\/\/noticiasemdestaque.com\/cd\/?p=3120#article","isPartOf":{"@id":"https:\/\/noticiasemdestaque.com\/cd\/?p=3120"},"author":{"name":"Not\u00edcias em Destaque","@id":"https:\/\/noticiasemdestaque.com\/cd\/#\/schema\/person\/4a81fb71f77579d059c3045891fa1786"},"headline":"Unidades b\u00e1sicas de sa\u00fade estar\u00e3o informatizadas at\u00e9 o fim de 2018, diz ministro","datePublished":"2017-08-15T00:58:34+00:00","mainEntityOfPage":{"@id":"https:\/\/noticiasemdestaque.com\/cd\/?p=3120"},"wordCount":268,"publisher":{"@id":"https:\/\/noticiasemdestaque.com\/cd\/#organization"},"image":{"@id":"https:\/\/noticiasemdestaque.com\/cd\/?p=3120#primaryimage"},"thumbnailUrl":"https:\/\/noticiasemdestaque.com\/cd\/wp-content\/uploads\/2017\/08\/1019727-13.05.2016-5985_1.jpg","articleSection":["Sa\u00fade"],"inLanguage":"pt-BR"},{"@type":"WebPage","@id":"https:\/\/noticiasemdestaque.com\/cd\/?p=3120","url":"https:\/\/noticiasemdestaque.com\/cd\/?p=3120","name":"Unidades b\u00e1sicas de sa\u00fade estar\u00e3o informatizadas at\u00e9 o fim de 2018, diz ministro - Not&iacute;cias em Destaque","isPartOf":{"@id":"https:\/\/noticiasemdestaque.com\/cd\/#website"},"primaryImageOfPage":{"@id":"https:\/\/noticiasemdestaque.com\/cd\/?p=3120#primaryimage"},"image":{"@id":"https:\/\/noticiasemdestaque.com\/cd\/?p=3120#primaryimage"},"thumbnailUrl":"https:\/\/noticiasemdestaque.com\/cd\/wp-content\/uploads\/2017\/08\/1019727-13.05.2016-5985_1.jpg","datePublished":"2017-08-15T00:58:34+00:00","breadcrumb":{"@id":"https:\/\/noticiasemdestaque.com\/cd\/?p=3120#breadcrumb"},"inLanguage":"pt-BR","potentialAction":[{"@type":"ReadAction","target":["https:\/\/noticiasemdestaque.com\/cd\/?p=3120"]}]},{"@type":"ImageObject","inLanguage":"pt-BR","@id":"https:\/\/noticiasemdestaque.com\/cd\/?p=3120#primaryimage","url":"https:\/\/noticiasemdestaque.com\/cd\/wp-content\/uploads\/2017\/08\/1019727-13.05.2016-5985_1.jpg","contentUrl":"https:\/\/noticiasemdestaque.com\/cd\/wp-content\/uploads\/2017\/08\/1019727-13.05.2016-5985_1.jpg","width":560,"height":350},{"@type":"BreadcrumbList","@id":"https:\/\/noticiasemdestaque.com\/cd\/?p=3120#breadcrumb","itemListElement":[{"@type":"ListItem","position":1,"name":"In\u00edcio","item":"https:\/\/noticiasemdestaque.com\/cd\/"},{"@type":"ListItem","position":2,"name":"Unidades b\u00e1sicas de sa\u00fade estar\u00e3o informatizadas at\u00e9 o fim de 2018, diz ministro"}]},{"@type":"WebSite","@id":"https:\/\/noticiasemdestaque.com\/cd\/#website","url":"https:\/\/noticiasemdestaque.com\/cd\/","name":"Not&iacute;cias em Destaque","description":"","publisher":{"@id":"https:\/\/noticiasemdestaque.com\/cd\/#organization"},"potentialAction":[{"@type":"SearchAction","target":{"@type":"EntryPoint","urlTemplate":"https:\/\/noticiasemdestaque.com\/cd\/?s={search_term_string}"},"query-input":{"@type":"PropertyValueSpecification","valueRequired":true,"valueName":"search_term_string"}}],"inLanguage":"pt-BR"},{"@type":"Organization","@id":"https:\/\/noticiasemdestaque.com\/cd\/#organization","name":"Not\u00edcias em Destaque","url":"https:\/\/noticiasemdestaque.com\/cd\/","logo":{"@type":"ImageObject","inLanguage":"pt-BR","@id":"https:\/\/noticiasemdestaque.com\/cd\/#\/schema\/logo\/image\/","url":"https:\/\/noticiasemdestaque.com\/cd\/wp-content\/uploads\/2022\/05\/imagem-base-noticiasemdestaque.png","contentUrl":"https:\/\/noticiasemdestaque.com\/cd\/wp-content\/uploads\/2022\/05\/imagem-base-noticiasemdestaque.png","width":1200,"height":630,"caption":"Not\u00edcias em Destaque"},"image":{"@id":"https:\/\/noticiasemdestaque.com\/cd\/#\/schema\/logo\/image\/"}},{"@type":"Person","@id":"https:\/\/noticiasemdestaque.com\/cd\/#\/schema\/person\/4a81fb71f77579d059c3045891fa1786","name":"Not\u00edcias em Destaque","url":"https:\/\/noticiasemdestaque.com\/cd\/?author=2"}]}},"jetpack_featured_media_url":"https:\/\/noticiasemdestaque.com\/cd\/wp-content\/uploads\/2017\/08\/1019727-13.05.2016-5985_1.jpg","jetpack_sharing_enabled":true,"_links":{"self":[{"href":"https:\/\/noticiasemdestaque.com\/cd\/index.php?rest_route=\/wp\/v2\/posts\/3120","targetHints":{"allow":["GET"]}}],"collection":[{"href":"https:\/\/noticiasemdestaque.com\/cd\/index.php?rest_route=\/wp\/v2\/posts"}],"about":[{"href":"https:\/\/noticiasemdestaque.com\/cd\/index.php?rest_route=\/wp\/v2\/types\/post"}],"author":[{"embeddable":true,"href":"https:\/\/noticiasemdestaque.com\/cd\/index.php?rest_route=\/wp\/v2\/users\/2"}],"replies":[{"embeddable":true,"href":"https:\/\/noticiasemdestaque.com\/cd\/index.php?rest_route=%2Fwp%2Fv2%2Fcomments&post=3120"}],"version-history":[{"count":1,"href":"https:\/\/noticiasemdestaque.com\/cd\/index.php?rest_route=\/wp\/v2\/posts\/3120\/revisions"}],"predecessor-version":[{"id":3122,"href":"https:\/\/noticiasemdestaque.com\/cd\/index.php?rest_route=\/wp\/v2\/posts\/3120\/revisions\/3122"}],"wp:featuredmedia":[{"embeddable":true,"href":"https:\/\/noticiasemdestaque.com\/cd\/index.php?rest_route=\/wp\/v2\/media\/3121"}],"wp:attachment":[{"href":"https:\/\/noticiasemdestaque.com\/cd\/index.php?rest_route=%2Fwp%2Fv2%2Fmedia&parent=3120"}],"wp:term":[{"taxonomy":"category","embeddable":true,"href":"https:\/\/noticiasemdestaque.com\/cd\/index.php?rest_route=%2Fwp%2Fv2%2Fcategories&post=3120"},{"taxonomy":"post_tag","embeddable":true,"href":"https:\/\/noticiasemdestaque.com\/cd\/index.php?rest_route=%2Fwp%2Fv2%2Ftags&post=3120"}],"curies":[{"name":"wp","href":"https:\/\/api.w.org\/{rel}","templated":true}]}}