{"id":3117,"date":"2017-08-14T21:50:52","date_gmt":"2017-08-15T00:50:52","guid":{"rendered":"http:\/\/caririemdestaque.com\/cd\/?p=3117"},"modified":"2017-08-14T21:50:52","modified_gmt":"2017-08-15T00:50:52","slug":"santander-microcredito-realiza-evento-e-inicia-atendimento-em-sume-e-monteiro","status":"publish","type":"post","link":"https:\/\/noticiasemdestaque.com\/cd\/?p=3117","title":{"rendered":"Santander Microcr\u00e9dito realiza evento e inicia atendimento em Sum\u00e9 e Monteiro"},"content":{"rendered":"<p><a href=\"http:\/\/caririemdestaque.com\/cd\/wp-content\/uploads\/2017\/08\/607d86f1-af72-4fa5-8f2c-81340bc52d93.jpg\"><img decoding=\"async\" class=\"wp-image-3118 alignleft\" src=\"http:\/\/caririemdestaque.com\/cd\/wp-content\/uploads\/2017\/08\/607d86f1-af72-4fa5-8f2c-81340bc52d93-300x230.jpg\" alt=\"\" width=\"247\" height=\"189\" srcset=\"https:\/\/noticiasemdestaque.com\/cd\/wp-content\/uploads\/2017\/08\/607d86f1-af72-4fa5-8f2c-81340bc52d93-300x230.jpg 300w, https:\/\/noticiasemdestaque.com\/cd\/wp-content\/uploads\/2017\/08\/607d86f1-af72-4fa5-8f2c-81340bc52d93-768x590.jpg 768w, https:\/\/noticiasemdestaque.com\/cd\/wp-content\/uploads\/2017\/08\/607d86f1-af72-4fa5-8f2c-81340bc52d93-1024x786.jpg 1024w, https:\/\/noticiasemdestaque.com\/cd\/wp-content\/uploads\/2017\/08\/607d86f1-af72-4fa5-8f2c-81340bc52d93.jpg 1280w\" sizes=\"(max-width: 247px) 100vw, 247px\" \/><\/a>A equipe do Prospera Santander, linha de Microcr\u00e9dito, promoveu nesta segunda-feira (14), no munic\u00edpio de Sum\u00e9, um evento voltado para clientes da cidade e regi\u00e3o.<\/p>\n<p>O Santander Microcr\u00e9dito conta com cr\u00e9ditos sem burocracia, com as menores taxas do mercado em cr\u00e9ditos de 500,00 a 60.000,00, com grupos solid\u00e1rios de 3 a 4 componentes e individuais.<\/p>\n<p>Em Monteiro-PB os interessados procurar\u00a0 funcion\u00e1rio \u00a0Rodrigo atrav\u00e9s do contato; (083)999351822.<\/p>\n<p>J\u00e1 em Sum\u00e9: Andr\u00e9 \u00e9 Diogo (083)99907-6159 ou (083)99667-0709<\/p>\n<p><strong><em>Cariri em Destaque <\/em><\/strong><\/p>\n","protected":false},"excerpt":{"rendered":"<p>A equipe do Prospera Santander, linha de Microcr\u00e9dito, promoveu nesta segunda-feira (14), no munic\u00edpio de Sum\u00e9, um evento voltado para clientes da cidade e regi\u00e3o. O Santander Microcr\u00e9dito conta com cr\u00e9ditos sem burocracia, com as menores taxas do mercado em cr\u00e9ditos de 500,00 a 60.000,00, com grupos solid\u00e1rios de 3 a 4 componentes e individuais. Em Monteiro-PB os interessados procurar\u00a0 funcion\u00e1rio \u00a0Rodrigo atrav\u00e9s do contato; (083)999351822. J\u00e1 em Sum\u00e9: Andr\u00e9 \u00e9 Diogo (083)99907-6159 ou (083)99667-0709 Cariri em Destaque<\/p>\n","protected":false},"author":2,"featured_media":3118,"comment_status":"closed","ping_status":"open","sticky":false,"template":"","format":"standard","meta":{"_eb_attr":"","_jetpack_memberships_contains_paid_content":false,"footnotes":""},"categories":[11],"tags":[],"class_list":["post-3117","post","type-post","status-publish","format-standard","has-post-thumbnail","hentry","category-economia"],"yoast_head":"<!-- This site is optimized with the Yoast SEO plugin v26.5 - https:\/\/yoast.com\/wordpress\/plugins\/seo\/ -->\n<title>Santander Microcr\u00e9dito realiza evento e inicia atendimento em Sum\u00e9 e Monteiro - Not&iacute;cias em Destaque<\/title>\n<meta name=\"robots\" content=\"index, follow, max-snippet:-1, max-image-preview:large, max-video-preview:-1\" \/>\n<link rel=\"canonical\" href=\"https:\/\/noticiasemdestaque.com\/cd\/?p=3117\" \/>\n<meta property=\"og:locale\" content=\"pt_BR\" \/>\n<meta property=\"og:type\" content=\"article\" \/>\n<meta property=\"og:title\" content=\"Santander Microcr\u00e9dito realiza evento e inicia atendimento em Sum\u00e9 e Monteiro - Not&iacute;cias em Destaque\" \/>\n<meta property=\"og:description\" content=\"A equipe do Prospera Santander, linha de Microcr\u00e9dito, promoveu nesta segunda-feira (14), no munic\u00edpio de Sum\u00e9, um evento voltado para clientes da cidade e regi\u00e3o. O Santander Microcr\u00e9dito conta com cr\u00e9ditos sem burocracia, com as menores taxas do mercado em cr\u00e9ditos de 500,00 a 60.000,00, com grupos solid\u00e1rios de 3 a 4 componentes e individuais. Em Monteiro-PB os interessados procurar\u00a0 funcion\u00e1rio \u00a0Rodrigo atrav\u00e9s do contato; (083)999351822. J\u00e1 em Sum\u00e9: Andr\u00e9 \u00e9 Diogo (083)99907-6159 ou (083)99667-0709 Cariri em Destaque\" \/>\n<meta property=\"og:url\" content=\"https:\/\/noticiasemdestaque.com\/cd\/?p=3117\" \/>\n<meta property=\"og:site_name\" content=\"Not&iacute;cias em Destaque\" \/>\n<meta property=\"article:published_time\" content=\"2017-08-15T00:50:52+00:00\" \/>\n<meta property=\"og:image\" content=\"https:\/\/noticiasemdestaque.com\/cd\/wp-content\/uploads\/2017\/08\/607d86f1-af72-4fa5-8f2c-81340bc52d93.jpg\" \/>\n\t<meta property=\"og:image:width\" content=\"1280\" \/>\n\t<meta property=\"og:image:height\" content=\"983\" \/>\n\t<meta property=\"og:image:type\" content=\"image\/jpeg\" \/>\n<meta name=\"author\" content=\"Not\u00edcias em Destaque\" \/>\n<meta name=\"twitter:card\" content=\"summary_large_image\" \/>\n<meta name=\"twitter:label1\" content=\"Escrito por\" \/>\n\t<meta name=\"twitter:data1\" content=\"Not\u00edcias em Destaque\" \/>\n<script type=\"application\/ld+json\" class=\"yoast-schema-graph\">{\"@context\":\"https:\/\/schema.org\",\"@graph\":[{\"@type\":\"Article\",\"@id\":\"https:\/\/noticiasemdestaque.com\/cd\/?p=3117#article\",\"isPartOf\":{\"@id\":\"https:\/\/noticiasemdestaque.com\/cd\/?p=3117\"},\"author\":{\"name\":\"Not\u00edcias em Destaque\",\"@id\":\"https:\/\/noticiasemdestaque.com\/cd\/#\/schema\/person\/4a81fb71f77579d059c3045891fa1786\"},\"headline\":\"Santander Microcr\u00e9dito realiza evento e inicia atendimento em Sum\u00e9 e Monteiro\",\"datePublished\":\"2017-08-15T00:50:52+00:00\",\"mainEntityOfPage\":{\"@id\":\"https:\/\/noticiasemdestaque.com\/cd\/?p=3117\"},\"wordCount\":92,\"publisher\":{\"@id\":\"https:\/\/noticiasemdestaque.com\/cd\/#organization\"},\"image\":{\"@id\":\"https:\/\/noticiasemdestaque.com\/cd\/?p=3117#primaryimage\"},\"thumbnailUrl\":\"https:\/\/noticiasemdestaque.com\/cd\/wp-content\/uploads\/2017\/08\/607d86f1-af72-4fa5-8f2c-81340bc52d93.jpg\",\"articleSection\":[\"Economia\"],\"inLanguage\":\"pt-BR\"},{\"@type\":\"WebPage\",\"@id\":\"https:\/\/noticiasemdestaque.com\/cd\/?p=3117\",\"url\":\"https:\/\/noticiasemdestaque.com\/cd\/?p=3117\",\"name\":\"Santander Microcr\u00e9dito realiza evento e inicia atendimento em Sum\u00e9 e Monteiro - Not&iacute;cias em Destaque\",\"isPartOf\":{\"@id\":\"https:\/\/noticiasemdestaque.com\/cd\/#website\"},\"primaryImageOfPage\":{\"@id\":\"https:\/\/noticiasemdestaque.com\/cd\/?p=3117#primaryimage\"},\"image\":{\"@id\":\"https:\/\/noticiasemdestaque.com\/cd\/?p=3117#primaryimage\"},\"thumbnailUrl\":\"https:\/\/noticiasemdestaque.com\/cd\/wp-content\/uploads\/2017\/08\/607d86f1-af72-4fa5-8f2c-81340bc52d93.jpg\",\"datePublished\":\"2017-08-15T00:50:52+00:00\",\"breadcrumb\":{\"@id\":\"https:\/\/noticiasemdestaque.com\/cd\/?p=3117#breadcrumb\"},\"inLanguage\":\"pt-BR\",\"potentialAction\":[{\"@type\":\"ReadAction\",\"target\":[\"https:\/\/noticiasemdestaque.com\/cd\/?p=3117\"]}]},{\"@type\":\"ImageObject\",\"inLanguage\":\"pt-BR\",\"@id\":\"https:\/\/noticiasemdestaque.com\/cd\/?p=3117#primaryimage\",\"url\":\"https:\/\/noticiasemdestaque.com\/cd\/wp-content\/uploads\/2017\/08\/607d86f1-af72-4fa5-8f2c-81340bc52d93.jpg\",\"contentUrl\":\"https:\/\/noticiasemdestaque.com\/cd\/wp-content\/uploads\/2017\/08\/607d86f1-af72-4fa5-8f2c-81340bc52d93.jpg\",\"width\":1280,\"height\":983},{\"@type\":\"BreadcrumbList\",\"@id\":\"https:\/\/noticiasemdestaque.com\/cd\/?p=3117#breadcrumb\",\"itemListElement\":[{\"@type\":\"ListItem\",\"position\":1,\"name\":\"In\u00edcio\",\"item\":\"https:\/\/noticiasemdestaque.com\/cd\/\"},{\"@type\":\"ListItem\",\"position\":2,\"name\":\"Santander Microcr\u00e9dito realiza evento e inicia atendimento em Sum\u00e9 e Monteiro\"}]},{\"@type\":\"WebSite\",\"@id\":\"https:\/\/noticiasemdestaque.com\/cd\/#website\",\"url\":\"https:\/\/noticiasemdestaque.com\/cd\/\",\"name\":\"Not&iacute;cias em Destaque\",\"description\":\"\",\"publisher\":{\"@id\":\"https:\/\/noticiasemdestaque.com\/cd\/#organization\"},\"potentialAction\":[{\"@type\":\"SearchAction\",\"target\":{\"@type\":\"EntryPoint\",\"urlTemplate\":\"https:\/\/noticiasemdestaque.com\/cd\/?s={search_term_string}\"},\"query-input\":{\"@type\":\"PropertyValueSpecification\",\"valueRequired\":true,\"valueName\":\"search_term_string\"}}],\"inLanguage\":\"pt-BR\"},{\"@type\":\"Organization\",\"@id\":\"https:\/\/noticiasemdestaque.com\/cd\/#organization\",\"name\":\"Not\u00edcias em Destaque\",\"url\":\"https:\/\/noticiasemdestaque.com\/cd\/\",\"logo\":{\"@type\":\"ImageObject\",\"inLanguage\":\"pt-BR\",\"@id\":\"https:\/\/noticiasemdestaque.com\/cd\/#\/schema\/logo\/image\/\",\"url\":\"https:\/\/noticiasemdestaque.com\/cd\/wp-content\/uploads\/2022\/05\/imagem-base-noticiasemdestaque.png\",\"contentUrl\":\"https:\/\/noticiasemdestaque.com\/cd\/wp-content\/uploads\/2022\/05\/imagem-base-noticiasemdestaque.png\",\"width\":1200,\"height\":630,\"caption\":\"Not\u00edcias em Destaque\"},\"image\":{\"@id\":\"https:\/\/noticiasemdestaque.com\/cd\/#\/schema\/logo\/image\/\"}},{\"@type\":\"Person\",\"@id\":\"https:\/\/noticiasemdestaque.com\/cd\/#\/schema\/person\/4a81fb71f77579d059c3045891fa1786\",\"name\":\"Not\u00edcias em Destaque\",\"url\":\"https:\/\/noticiasemdestaque.com\/cd\/?author=2\"}]}<\/script>\n<!-- \/ Yoast SEO plugin. -->","yoast_head_json":{"title":"Santander Microcr\u00e9dito realiza evento e inicia atendimento em Sum\u00e9 e Monteiro - Not&iacute;cias em Destaque","robots":{"index":"index","follow":"follow","max-snippet":"max-snippet:-1","max-image-preview":"max-image-preview:large","max-video-preview":"max-video-preview:-1"},"canonical":"https:\/\/noticiasemdestaque.com\/cd\/?p=3117","og_locale":"pt_BR","og_type":"article","og_title":"Santander Microcr\u00e9dito realiza evento e inicia atendimento em Sum\u00e9 e Monteiro - Not&iacute;cias em Destaque","og_description":"A equipe do Prospera Santander, linha de Microcr\u00e9dito, promoveu nesta segunda-feira (14), no munic\u00edpio de Sum\u00e9, um evento voltado para clientes da cidade e regi\u00e3o. O Santander Microcr\u00e9dito conta com cr\u00e9ditos sem burocracia, com as menores taxas do mercado em cr\u00e9ditos de 500,00 a 60.000,00, com grupos solid\u00e1rios de 3 a 4 componentes e individuais. Em Monteiro-PB os interessados procurar\u00a0 funcion\u00e1rio \u00a0Rodrigo atrav\u00e9s do contato; (083)999351822. J\u00e1 em Sum\u00e9: Andr\u00e9 \u00e9 Diogo (083)99907-6159 ou (083)99667-0709 Cariri em Destaque","og_url":"https:\/\/noticiasemdestaque.com\/cd\/?p=3117","og_site_name":"Not&iacute;cias em Destaque","article_published_time":"2017-08-15T00:50:52+00:00","og_image":[{"width":1280,"height":983,"url":"https:\/\/noticiasemdestaque.com\/cd\/wp-content\/uploads\/2017\/08\/607d86f1-af72-4fa5-8f2c-81340bc52d93.jpg","type":"image\/jpeg"}],"author":"Not\u00edcias em Destaque","twitter_card":"summary_large_image","twitter_misc":{"Escrito por":"Not\u00edcias em Destaque"},"schema":{"@context":"https:\/\/schema.org","@graph":[{"@type":"Article","@id":"https:\/\/noticiasemdestaque.com\/cd\/?p=3117#article","isPartOf":{"@id":"https:\/\/noticiasemdestaque.com\/cd\/?p=3117"},"author":{"name":"Not\u00edcias em Destaque","@id":"https:\/\/noticiasemdestaque.com\/cd\/#\/schema\/person\/4a81fb71f77579d059c3045891fa1786"},"headline":"Santander Microcr\u00e9dito realiza evento e inicia atendimento em Sum\u00e9 e Monteiro","datePublished":"2017-08-15T00:50:52+00:00","mainEntityOfPage":{"@id":"https:\/\/noticiasemdestaque.com\/cd\/?p=3117"},"wordCount":92,"publisher":{"@id":"https:\/\/noticiasemdestaque.com\/cd\/#organization"},"image":{"@id":"https:\/\/noticiasemdestaque.com\/cd\/?p=3117#primaryimage"},"thumbnailUrl":"https:\/\/noticiasemdestaque.com\/cd\/wp-content\/uploads\/2017\/08\/607d86f1-af72-4fa5-8f2c-81340bc52d93.jpg","articleSection":["Economia"],"inLanguage":"pt-BR"},{"@type":"WebPage","@id":"https:\/\/noticiasemdestaque.com\/cd\/?p=3117","url":"https:\/\/noticiasemdestaque.com\/cd\/?p=3117","name":"Santander Microcr\u00e9dito realiza evento e inicia atendimento em Sum\u00e9 e Monteiro - Not&iacute;cias em Destaque","isPartOf":{"@id":"https:\/\/noticiasemdestaque.com\/cd\/#website"},"primaryImageOfPage":{"@id":"https:\/\/noticiasemdestaque.com\/cd\/?p=3117#primaryimage"},"image":{"@id":"https:\/\/noticiasemdestaque.com\/cd\/?p=3117#primaryimage"},"thumbnailUrl":"https:\/\/noticiasemdestaque.com\/cd\/wp-content\/uploads\/2017\/08\/607d86f1-af72-4fa5-8f2c-81340bc52d93.jpg","datePublished":"2017-08-15T00:50:52+00:00","breadcrumb":{"@id":"https:\/\/noticiasemdestaque.com\/cd\/?p=3117#breadcrumb"},"inLanguage":"pt-BR","potentialAction":[{"@type":"ReadAction","target":["https:\/\/noticiasemdestaque.com\/cd\/?p=3117"]}]},{"@type":"ImageObject","inLanguage":"pt-BR","@id":"https:\/\/noticiasemdestaque.com\/cd\/?p=3117#primaryimage","url":"https:\/\/noticiasemdestaque.com\/cd\/wp-content\/uploads\/2017\/08\/607d86f1-af72-4fa5-8f2c-81340bc52d93.jpg","contentUrl":"https:\/\/noticiasemdestaque.com\/cd\/wp-content\/uploads\/2017\/08\/607d86f1-af72-4fa5-8f2c-81340bc52d93.jpg","width":1280,"height":983},{"@type":"BreadcrumbList","@id":"https:\/\/noticiasemdestaque.com\/cd\/?p=3117#breadcrumb","itemListElement":[{"@type":"ListItem","position":1,"name":"In\u00edcio","item":"https:\/\/noticiasemdestaque.com\/cd\/"},{"@type":"ListItem","position":2,"name":"Santander Microcr\u00e9dito realiza evento e inicia atendimento em Sum\u00e9 e Monteiro"}]},{"@type":"WebSite","@id":"https:\/\/noticiasemdestaque.com\/cd\/#website","url":"https:\/\/noticiasemdestaque.com\/cd\/","name":"Not&iacute;cias em Destaque","description":"","publisher":{"@id":"https:\/\/noticiasemdestaque.com\/cd\/#organization"},"potentialAction":[{"@type":"SearchAction","target":{"@type":"EntryPoint","urlTemplate":"https:\/\/noticiasemdestaque.com\/cd\/?s={search_term_string}"},"query-input":{"@type":"PropertyValueSpecification","valueRequired":true,"valueName":"search_term_string"}}],"inLanguage":"pt-BR"},{"@type":"Organization","@id":"https:\/\/noticiasemdestaque.com\/cd\/#organization","name":"Not\u00edcias em Destaque","url":"https:\/\/noticiasemdestaque.com\/cd\/","logo":{"@type":"ImageObject","inLanguage":"pt-BR","@id":"https:\/\/noticiasemdestaque.com\/cd\/#\/schema\/logo\/image\/","url":"https:\/\/noticiasemdestaque.com\/cd\/wp-content\/uploads\/2022\/05\/imagem-base-noticiasemdestaque.png","contentUrl":"https:\/\/noticiasemdestaque.com\/cd\/wp-content\/uploads\/2022\/05\/imagem-base-noticiasemdestaque.png","width":1200,"height":630,"caption":"Not\u00edcias em Destaque"},"image":{"@id":"https:\/\/noticiasemdestaque.com\/cd\/#\/schema\/logo\/image\/"}},{"@type":"Person","@id":"https:\/\/noticiasemdestaque.com\/cd\/#\/schema\/person\/4a81fb71f77579d059c3045891fa1786","name":"Not\u00edcias em Destaque","url":"https:\/\/noticiasemdestaque.com\/cd\/?author=2"}]}},"jetpack_featured_media_url":"https:\/\/noticiasemdestaque.com\/cd\/wp-content\/uploads\/2017\/08\/607d86f1-af72-4fa5-8f2c-81340bc52d93.jpg","jetpack_sharing_enabled":true,"_links":{"self":[{"href":"https:\/\/noticiasemdestaque.com\/cd\/index.php?rest_route=\/wp\/v2\/posts\/3117","targetHints":{"allow":["GET"]}}],"collection":[{"href":"https:\/\/noticiasemdestaque.com\/cd\/index.php?rest_route=\/wp\/v2\/posts"}],"about":[{"href":"https:\/\/noticiasemdestaque.com\/cd\/index.php?rest_route=\/wp\/v2\/types\/post"}],"author":[{"embeddable":true,"href":"https:\/\/noticiasemdestaque.com\/cd\/index.php?rest_route=\/wp\/v2\/users\/2"}],"replies":[{"embeddable":true,"href":"https:\/\/noticiasemdestaque.com\/cd\/index.php?rest_route=%2Fwp%2Fv2%2Fcomments&post=3117"}],"version-history":[{"count":1,"href":"https:\/\/noticiasemdestaque.com\/cd\/index.php?rest_route=\/wp\/v2\/posts\/3117\/revisions"}],"predecessor-version":[{"id":3119,"href":"https:\/\/noticiasemdestaque.com\/cd\/index.php?rest_route=\/wp\/v2\/posts\/3117\/revisions\/3119"}],"wp:featuredmedia":[{"embeddable":true,"href":"https:\/\/noticiasemdestaque.com\/cd\/index.php?rest_route=\/wp\/v2\/media\/3118"}],"wp:attachment":[{"href":"https:\/\/noticiasemdestaque.com\/cd\/index.php?rest_route=%2Fwp%2Fv2%2Fmedia&parent=3117"}],"wp:term":[{"taxonomy":"category","embeddable":true,"href":"https:\/\/noticiasemdestaque.com\/cd\/index.php?rest_route=%2Fwp%2Fv2%2Fcategories&post=3117"},{"taxonomy":"post_tag","embeddable":true,"href":"https:\/\/noticiasemdestaque.com\/cd\/index.php?rest_route=%2Fwp%2Fv2%2Ftags&post=3117"}],"curies":[{"name":"wp","href":"https:\/\/api.w.org\/{rel}","templated":true}]}}