{"id":3094,"date":"2017-08-14T18:25:40","date_gmt":"2017-08-14T21:25:40","guid":{"rendered":"http:\/\/caririemdestaque.com\/cd\/?p=3094"},"modified":"2017-08-14T18:25:40","modified_gmt":"2017-08-14T21:25:40","slug":"transposicao-podera-passar-seis-meses-sem-bombear-agua-diz-vereador","status":"publish","type":"post","link":"https:\/\/noticiasemdestaque.com\/cd\/?p=3094","title":{"rendered":"Transposi\u00e7\u00e3o poder\u00e1 passar seis meses sem bombear \u00e1gua, diz vereador"},"content":{"rendered":"<p><a href=\"http:\/\/caririemdestaque.com\/cd\/wp-content\/uploads\/2017\/08\/20170814123345.jpg\"><img fetchpriority=\"high\" decoding=\"async\" class=\"size-medium wp-image-3095 alignleft\" src=\"http:\/\/caririemdestaque.com\/cd\/wp-content\/uploads\/2017\/08\/20170814123345-300x225.jpg\" alt=\"\" width=\"300\" height=\"225\" srcset=\"https:\/\/noticiasemdestaque.com\/cd\/wp-content\/uploads\/2017\/08\/20170814123345-300x225.jpg 300w, https:\/\/noticiasemdestaque.com\/cd\/wp-content\/uploads\/2017\/08\/20170814123345.jpg 400w\" sizes=\"(max-width: 300px) 100vw, 300px\" \/><\/a>Depois de ter criticado o fim do racionamento em Campina Grande e avaliado a medida do Estado como equivocada e tem car\u00e1ter pol\u00edtico, o vereador campinense Alexandre do Sindicato, disse que transposi\u00e7\u00e3o poder\u00e1 passar por um per\u00edodo de quatro a seis meses sem bombear \u00e1gua para a Para\u00edba, devido a um conserto dos pared\u00f5es das barragens de Po\u00e7\u00f5es, em Monteiro, e Camala\u00fa, na cidade de mesmo nome.<\/p>\n<p>A interven\u00e7\u00e3o segundo ele, foi confirmada pela Ag\u00eancia Nacional das \u00c1guas (ANA) e pelo Departamento de Obras Contra a Seca (DNOCS).<\/p>\n<p>Segundo Alexandre, se isto ocorrer e o racionamento realmente for finalizado, a situa\u00e7\u00e3o da popula\u00e7\u00e3o ficar\u00e1 pior, pois o a\u00e7ude Epit\u00e1cio Pessoa n\u00e3o receber\u00e1 recarga, a n\u00e3o ser das chuvas, e ter\u00e1 perdas com a evapora\u00e7\u00e3o e o consumo. segundo o vereador, a interrup\u00e7\u00e3o do bombeamento das \u00e1guas da transposi\u00e7\u00e3o ter\u00e1 que ser feita ainda no ano em curso, pois a ANA teme que, caso ocorra grande quantidade de chuvas no in\u00edcio do pr\u00f3ximo ano, as barragens possam se romper.<\/p>\n<p>\u2013 A determina\u00e7\u00e3o da ANA diz que a \u00e1gua dever\u00e1 ser suspensa por quatro meses, mas se houver algum percal\u00e7o poder\u00e1 ser em at\u00e9 seis, para conserto dos pared\u00f5es das barragens que tiveram que ser rebaixados para o fluxo da \u00e1gua do S\u00e3o Francisco chegar mais r\u00e1pido a Boqueir\u00e3o. A altura dos pared\u00f5es ter\u00e1 que ser refeita, pois se chover muito no in\u00edcio do pr\u00f3ximo ano, as barragens podem se romper. A obra deveria ter sido feita pelo governo do Estado em 2015 e no momento em que a \u00e1gua do S\u00e3o Francisco chegou foi feito apenas um paliativo. O governo do Estado j\u00e1 sabe da determina\u00e7\u00e3o da ANA e Dnocs \u2013 afirmou.<\/p>\n<p>Alguns vereadores da oposi\u00e7\u00e3o acham que a cr\u00edtica de Alexandre tem rela\u00e7\u00e3o pol\u00edtica.<\/p>\n<p>Alexandre do Sindicato j\u00e1 foi aliado do ex-prefeito Veneziano Vital do R\u00eago (PMDB), e oposi\u00e7\u00e3o a Romero Rodrigues (PSDB). Quando assumiu o mandato, ele aderiu ao tucano, e atualmente \u00e9 uma das vezes na C\u00e2mara Municipal de Campina Grande, que \u201cgritam\u201d contra o governador Ricardo Coutinho.<\/p>\n<p>Com PB Agora<\/p>\n","protected":false},"excerpt":{"rendered":"<p>Depois de ter criticado o fim do racionamento em Campina Grande e avaliado a medida do Estado como equivocada e tem car\u00e1ter pol\u00edtico, o vereador campinense Alexandre do Sindicato, disse que transposi\u00e7\u00e3o poder\u00e1 passar por um per\u00edodo de quatro a seis meses sem bombear \u00e1gua para a Para\u00edba, devido a um conserto dos pared\u00f5es das barragens de Po\u00e7\u00f5es, em Monteiro, e Camala\u00fa, na cidade de mesmo nome. A interven\u00e7\u00e3o segundo ele, foi confirmada pela Ag\u00eancia Nacional das \u00c1guas (ANA) e pelo Departamento de Obras Contra a Seca (DNOCS). Segundo Alexandre, se isto ocorrer e o racionamento realmente for finalizado, a situa\u00e7\u00e3o da popula\u00e7\u00e3o ficar\u00e1 pior, pois o a\u00e7ude Epit\u00e1cio Pessoa n\u00e3o receber\u00e1 recarga, a n\u00e3o ser das chuvas, e ter\u00e1 perdas com a evapora\u00e7\u00e3o e o consumo. segundo o vereador, a interrup\u00e7\u00e3o do bombeamento das \u00e1guas da transposi\u00e7\u00e3o ter\u00e1 que ser feita ainda no ano em curso, pois a ANA teme que, caso ocorra grande quantidade de chuvas no in\u00edcio do pr\u00f3ximo ano, as barragens possam se romper. \u2013 A determina\u00e7\u00e3o da ANA diz que a \u00e1gua dever\u00e1 ser suspensa por quatro meses, mas se houver algum percal\u00e7o poder\u00e1 ser em at\u00e9 seis, para conserto dos pared\u00f5es das barragens que tiveram que ser rebaixados para o fluxo da \u00e1gua do S\u00e3o Francisco chegar mais r\u00e1pido a Boqueir\u00e3o. A altura dos pared\u00f5es ter\u00e1 que ser refeita, pois se chover muito no in\u00edcio do pr\u00f3ximo ano, as barragens podem se romper. A obra deveria ter sido feita pelo governo do Estado em 2015 e no momento em que a \u00e1gua do S\u00e3o Francisco chegou foi feito apenas um paliativo. O governo do Estado j\u00e1 sabe da determina\u00e7\u00e3o da ANA e Dnocs \u2013 afirmou. Alguns vereadores da oposi\u00e7\u00e3o acham que a cr\u00edtica de Alexandre tem rela\u00e7\u00e3o pol\u00edtica. Alexandre do Sindicato j\u00e1 foi aliado do ex-prefeito Veneziano Vital do R\u00eago (PMDB), e oposi\u00e7\u00e3o a Romero Rodrigues (PSDB). Quando assumiu o mandato, ele aderiu ao tucano, e atualmente \u00e9 uma das vezes na C\u00e2mara Municipal de Campina Grande, que \u201cgritam\u201d contra o governador Ricardo Coutinho. Com PB Agora<\/p>\n","protected":false},"author":2,"featured_media":3095,"comment_status":"closed","ping_status":"open","sticky":false,"template":"","format":"standard","meta":{"_eb_attr":"","_jetpack_memberships_contains_paid_content":false,"footnotes":""},"categories":[4],"tags":[],"class_list":["post-3094","post","type-post","status-publish","format-standard","has-post-thumbnail","hentry","category-politica"],"yoast_head":"<!-- This site is optimized with the Yoast SEO plugin v26.5 - https:\/\/yoast.com\/wordpress\/plugins\/seo\/ -->\n<title>Transposi\u00e7\u00e3o poder\u00e1 passar seis meses sem bombear \u00e1gua, diz vereador - Not&iacute;cias em Destaque<\/title>\n<meta name=\"robots\" content=\"index, follow, max-snippet:-1, max-image-preview:large, max-video-preview:-1\" \/>\n<link rel=\"canonical\" href=\"https:\/\/noticiasemdestaque.com\/cd\/?p=3094\" \/>\n<meta property=\"og:locale\" content=\"pt_BR\" \/>\n<meta property=\"og:type\" content=\"article\" \/>\n<meta property=\"og:title\" content=\"Transposi\u00e7\u00e3o poder\u00e1 passar seis meses sem bombear \u00e1gua, diz vereador - Not&iacute;cias em Destaque\" \/>\n<meta property=\"og:description\" content=\"Depois de ter criticado o fim do racionamento em Campina Grande e avaliado a medida do Estado como equivocada e tem car\u00e1ter pol\u00edtico, o vereador campinense Alexandre do Sindicato, disse que transposi\u00e7\u00e3o poder\u00e1 passar por um per\u00edodo de quatro a seis meses sem bombear \u00e1gua para a Para\u00edba, devido a um conserto dos pared\u00f5es das barragens de Po\u00e7\u00f5es, em Monteiro, e Camala\u00fa, na cidade de mesmo nome. A interven\u00e7\u00e3o segundo ele, foi confirmada pela Ag\u00eancia Nacional das \u00c1guas (ANA) e pelo Departamento de Obras Contra a Seca (DNOCS). Segundo Alexandre, se isto ocorrer e o racionamento realmente for finalizado, a situa\u00e7\u00e3o da popula\u00e7\u00e3o ficar\u00e1 pior, pois o a\u00e7ude Epit\u00e1cio Pessoa n\u00e3o receber\u00e1 recarga, a n\u00e3o ser das chuvas, e ter\u00e1 perdas com a evapora\u00e7\u00e3o e o consumo. segundo o vereador, a interrup\u00e7\u00e3o do bombeamento das \u00e1guas da transposi\u00e7\u00e3o ter\u00e1 que ser feita ainda no ano em curso, pois a ANA teme que, caso ocorra grande quantidade de chuvas no in\u00edcio do pr\u00f3ximo ano, as barragens possam se romper. \u2013 A determina\u00e7\u00e3o da ANA diz que a \u00e1gua dever\u00e1 ser suspensa por quatro meses, mas se houver algum percal\u00e7o poder\u00e1 ser em at\u00e9 seis, para conserto dos pared\u00f5es das barragens que tiveram que ser rebaixados para o fluxo da \u00e1gua do S\u00e3o Francisco chegar mais r\u00e1pido a Boqueir\u00e3o. A altura dos pared\u00f5es ter\u00e1 que ser refeita, pois se chover muito no in\u00edcio do pr\u00f3ximo ano, as barragens podem se romper. A obra deveria ter sido feita pelo governo do Estado em 2015 e no momento em que a \u00e1gua do S\u00e3o Francisco chegou foi feito apenas um paliativo. O governo do Estado j\u00e1 sabe da determina\u00e7\u00e3o da ANA e Dnocs \u2013 afirmou. Alguns vereadores da oposi\u00e7\u00e3o acham que a cr\u00edtica de Alexandre tem rela\u00e7\u00e3o pol\u00edtica. Alexandre do Sindicato j\u00e1 foi aliado do ex-prefeito Veneziano Vital do R\u00eago (PMDB), e oposi\u00e7\u00e3o a Romero Rodrigues (PSDB). Quando assumiu o mandato, ele aderiu ao tucano, e atualmente \u00e9 uma das vezes na C\u00e2mara Municipal de Campina Grande, que \u201cgritam\u201d contra o governador Ricardo Coutinho. Com PB Agora\" \/>\n<meta property=\"og:url\" content=\"https:\/\/noticiasemdestaque.com\/cd\/?p=3094\" \/>\n<meta property=\"og:site_name\" content=\"Not&iacute;cias em Destaque\" \/>\n<meta property=\"article:published_time\" content=\"2017-08-14T21:25:40+00:00\" \/>\n<meta property=\"og:image\" content=\"https:\/\/noticiasemdestaque.com\/cd\/wp-content\/uploads\/2017\/08\/20170814123345.jpg\" \/>\n\t<meta property=\"og:image:width\" content=\"400\" \/>\n\t<meta property=\"og:image:height\" content=\"300\" \/>\n\t<meta property=\"og:image:type\" content=\"image\/jpeg\" \/>\n<meta name=\"author\" content=\"Not\u00edcias em Destaque\" \/>\n<meta name=\"twitter:card\" content=\"summary_large_image\" \/>\n<meta name=\"twitter:label1\" content=\"Escrito por\" \/>\n\t<meta name=\"twitter:data1\" content=\"Not\u00edcias em Destaque\" \/>\n\t<meta name=\"twitter:label2\" content=\"Est. tempo de leitura\" \/>\n\t<meta name=\"twitter:data2\" content=\"2 minutos\" \/>\n<script type=\"application\/ld+json\" class=\"yoast-schema-graph\">{\"@context\":\"https:\/\/schema.org\",\"@graph\":[{\"@type\":\"Article\",\"@id\":\"https:\/\/noticiasemdestaque.com\/cd\/?p=3094#article\",\"isPartOf\":{\"@id\":\"https:\/\/noticiasemdestaque.com\/cd\/?p=3094\"},\"author\":{\"name\":\"Not\u00edcias em Destaque\",\"@id\":\"https:\/\/noticiasemdestaque.com\/cd\/#\/schema\/person\/4a81fb71f77579d059c3045891fa1786\"},\"headline\":\"Transposi\u00e7\u00e3o poder\u00e1 passar seis meses sem bombear \u00e1gua, diz vereador\",\"datePublished\":\"2017-08-14T21:25:40+00:00\",\"mainEntityOfPage\":{\"@id\":\"https:\/\/noticiasemdestaque.com\/cd\/?p=3094\"},\"wordCount\":388,\"publisher\":{\"@id\":\"https:\/\/noticiasemdestaque.com\/cd\/#organization\"},\"image\":{\"@id\":\"https:\/\/noticiasemdestaque.com\/cd\/?p=3094#primaryimage\"},\"thumbnailUrl\":\"https:\/\/noticiasemdestaque.com\/cd\/wp-content\/uploads\/2017\/08\/20170814123345.jpg\",\"articleSection\":[\"Pol\u00edtica\"],\"inLanguage\":\"pt-BR\"},{\"@type\":\"WebPage\",\"@id\":\"https:\/\/noticiasemdestaque.com\/cd\/?p=3094\",\"url\":\"https:\/\/noticiasemdestaque.com\/cd\/?p=3094\",\"name\":\"Transposi\u00e7\u00e3o poder\u00e1 passar seis meses sem bombear \u00e1gua, diz vereador - Not&iacute;cias em Destaque\",\"isPartOf\":{\"@id\":\"https:\/\/noticiasemdestaque.com\/cd\/#website\"},\"primaryImageOfPage\":{\"@id\":\"https:\/\/noticiasemdestaque.com\/cd\/?p=3094#primaryimage\"},\"image\":{\"@id\":\"https:\/\/noticiasemdestaque.com\/cd\/?p=3094#primaryimage\"},\"thumbnailUrl\":\"https:\/\/noticiasemdestaque.com\/cd\/wp-content\/uploads\/2017\/08\/20170814123345.jpg\",\"datePublished\":\"2017-08-14T21:25:40+00:00\",\"breadcrumb\":{\"@id\":\"https:\/\/noticiasemdestaque.com\/cd\/?p=3094#breadcrumb\"},\"inLanguage\":\"pt-BR\",\"potentialAction\":[{\"@type\":\"ReadAction\",\"target\":[\"https:\/\/noticiasemdestaque.com\/cd\/?p=3094\"]}]},{\"@type\":\"ImageObject\",\"inLanguage\":\"pt-BR\",\"@id\":\"https:\/\/noticiasemdestaque.com\/cd\/?p=3094#primaryimage\",\"url\":\"https:\/\/noticiasemdestaque.com\/cd\/wp-content\/uploads\/2017\/08\/20170814123345.jpg\",\"contentUrl\":\"https:\/\/noticiasemdestaque.com\/cd\/wp-content\/uploads\/2017\/08\/20170814123345.jpg\",\"width\":400,\"height\":300},{\"@type\":\"BreadcrumbList\",\"@id\":\"https:\/\/noticiasemdestaque.com\/cd\/?p=3094#breadcrumb\",\"itemListElement\":[{\"@type\":\"ListItem\",\"position\":1,\"name\":\"In\u00edcio\",\"item\":\"https:\/\/noticiasemdestaque.com\/cd\/\"},{\"@type\":\"ListItem\",\"position\":2,\"name\":\"Transposi\u00e7\u00e3o poder\u00e1 passar seis meses sem bombear \u00e1gua, diz vereador\"}]},{\"@type\":\"WebSite\",\"@id\":\"https:\/\/noticiasemdestaque.com\/cd\/#website\",\"url\":\"https:\/\/noticiasemdestaque.com\/cd\/\",\"name\":\"Not&iacute;cias em Destaque\",\"description\":\"\",\"publisher\":{\"@id\":\"https:\/\/noticiasemdestaque.com\/cd\/#organization\"},\"potentialAction\":[{\"@type\":\"SearchAction\",\"target\":{\"@type\":\"EntryPoint\",\"urlTemplate\":\"https:\/\/noticiasemdestaque.com\/cd\/?s={search_term_string}\"},\"query-input\":{\"@type\":\"PropertyValueSpecification\",\"valueRequired\":true,\"valueName\":\"search_term_string\"}}],\"inLanguage\":\"pt-BR\"},{\"@type\":\"Organization\",\"@id\":\"https:\/\/noticiasemdestaque.com\/cd\/#organization\",\"name\":\"Not\u00edcias em Destaque\",\"url\":\"https:\/\/noticiasemdestaque.com\/cd\/\",\"logo\":{\"@type\":\"ImageObject\",\"inLanguage\":\"pt-BR\",\"@id\":\"https:\/\/noticiasemdestaque.com\/cd\/#\/schema\/logo\/image\/\",\"url\":\"https:\/\/noticiasemdestaque.com\/cd\/wp-content\/uploads\/2022\/05\/imagem-base-noticiasemdestaque.png\",\"contentUrl\":\"https:\/\/noticiasemdestaque.com\/cd\/wp-content\/uploads\/2022\/05\/imagem-base-noticiasemdestaque.png\",\"width\":1200,\"height\":630,\"caption\":\"Not\u00edcias em Destaque\"},\"image\":{\"@id\":\"https:\/\/noticiasemdestaque.com\/cd\/#\/schema\/logo\/image\/\"}},{\"@type\":\"Person\",\"@id\":\"https:\/\/noticiasemdestaque.com\/cd\/#\/schema\/person\/4a81fb71f77579d059c3045891fa1786\",\"name\":\"Not\u00edcias em Destaque\",\"url\":\"https:\/\/noticiasemdestaque.com\/cd\/?author=2\"}]}<\/script>\n<!-- \/ Yoast SEO plugin. -->","yoast_head_json":{"title":"Transposi\u00e7\u00e3o poder\u00e1 passar seis meses sem bombear \u00e1gua, diz vereador - Not&iacute;cias em Destaque","robots":{"index":"index","follow":"follow","max-snippet":"max-snippet:-1","max-image-preview":"max-image-preview:large","max-video-preview":"max-video-preview:-1"},"canonical":"https:\/\/noticiasemdestaque.com\/cd\/?p=3094","og_locale":"pt_BR","og_type":"article","og_title":"Transposi\u00e7\u00e3o poder\u00e1 passar seis meses sem bombear \u00e1gua, diz vereador - Not&iacute;cias em Destaque","og_description":"Depois de ter criticado o fim do racionamento em Campina Grande e avaliado a medida do Estado como equivocada e tem car\u00e1ter pol\u00edtico, o vereador campinense Alexandre do Sindicato, disse que transposi\u00e7\u00e3o poder\u00e1 passar por um per\u00edodo de quatro a seis meses sem bombear \u00e1gua para a Para\u00edba, devido a um conserto dos pared\u00f5es das barragens de Po\u00e7\u00f5es, em Monteiro, e Camala\u00fa, na cidade de mesmo nome. A interven\u00e7\u00e3o segundo ele, foi confirmada pela Ag\u00eancia Nacional das \u00c1guas (ANA) e pelo Departamento de Obras Contra a Seca (DNOCS). Segundo Alexandre, se isto ocorrer e o racionamento realmente for finalizado, a situa\u00e7\u00e3o da popula\u00e7\u00e3o ficar\u00e1 pior, pois o a\u00e7ude Epit\u00e1cio Pessoa n\u00e3o receber\u00e1 recarga, a n\u00e3o ser das chuvas, e ter\u00e1 perdas com a evapora\u00e7\u00e3o e o consumo. segundo o vereador, a interrup\u00e7\u00e3o do bombeamento das \u00e1guas da transposi\u00e7\u00e3o ter\u00e1 que ser feita ainda no ano em curso, pois a ANA teme que, caso ocorra grande quantidade de chuvas no in\u00edcio do pr\u00f3ximo ano, as barragens possam se romper. \u2013 A determina\u00e7\u00e3o da ANA diz que a \u00e1gua dever\u00e1 ser suspensa por quatro meses, mas se houver algum percal\u00e7o poder\u00e1 ser em at\u00e9 seis, para conserto dos pared\u00f5es das barragens que tiveram que ser rebaixados para o fluxo da \u00e1gua do S\u00e3o Francisco chegar mais r\u00e1pido a Boqueir\u00e3o. A altura dos pared\u00f5es ter\u00e1 que ser refeita, pois se chover muito no in\u00edcio do pr\u00f3ximo ano, as barragens podem se romper. A obra deveria ter sido feita pelo governo do Estado em 2015 e no momento em que a \u00e1gua do S\u00e3o Francisco chegou foi feito apenas um paliativo. O governo do Estado j\u00e1 sabe da determina\u00e7\u00e3o da ANA e Dnocs \u2013 afirmou. Alguns vereadores da oposi\u00e7\u00e3o acham que a cr\u00edtica de Alexandre tem rela\u00e7\u00e3o pol\u00edtica. Alexandre do Sindicato j\u00e1 foi aliado do ex-prefeito Veneziano Vital do R\u00eago (PMDB), e oposi\u00e7\u00e3o a Romero Rodrigues (PSDB). Quando assumiu o mandato, ele aderiu ao tucano, e atualmente \u00e9 uma das vezes na C\u00e2mara Municipal de Campina Grande, que \u201cgritam\u201d contra o governador Ricardo Coutinho. Com PB Agora","og_url":"https:\/\/noticiasemdestaque.com\/cd\/?p=3094","og_site_name":"Not&iacute;cias em Destaque","article_published_time":"2017-08-14T21:25:40+00:00","og_image":[{"width":400,"height":300,"url":"https:\/\/noticiasemdestaque.com\/cd\/wp-content\/uploads\/2017\/08\/20170814123345.jpg","type":"image\/jpeg"}],"author":"Not\u00edcias em Destaque","twitter_card":"summary_large_image","twitter_misc":{"Escrito por":"Not\u00edcias em Destaque","Est. tempo de leitura":"2 minutos"},"schema":{"@context":"https:\/\/schema.org","@graph":[{"@type":"Article","@id":"https:\/\/noticiasemdestaque.com\/cd\/?p=3094#article","isPartOf":{"@id":"https:\/\/noticiasemdestaque.com\/cd\/?p=3094"},"author":{"name":"Not\u00edcias em Destaque","@id":"https:\/\/noticiasemdestaque.com\/cd\/#\/schema\/person\/4a81fb71f77579d059c3045891fa1786"},"headline":"Transposi\u00e7\u00e3o poder\u00e1 passar seis meses sem bombear \u00e1gua, diz vereador","datePublished":"2017-08-14T21:25:40+00:00","mainEntityOfPage":{"@id":"https:\/\/noticiasemdestaque.com\/cd\/?p=3094"},"wordCount":388,"publisher":{"@id":"https:\/\/noticiasemdestaque.com\/cd\/#organization"},"image":{"@id":"https:\/\/noticiasemdestaque.com\/cd\/?p=3094#primaryimage"},"thumbnailUrl":"https:\/\/noticiasemdestaque.com\/cd\/wp-content\/uploads\/2017\/08\/20170814123345.jpg","articleSection":["Pol\u00edtica"],"inLanguage":"pt-BR"},{"@type":"WebPage","@id":"https:\/\/noticiasemdestaque.com\/cd\/?p=3094","url":"https:\/\/noticiasemdestaque.com\/cd\/?p=3094","name":"Transposi\u00e7\u00e3o poder\u00e1 passar seis meses sem bombear \u00e1gua, diz vereador - Not&iacute;cias em Destaque","isPartOf":{"@id":"https:\/\/noticiasemdestaque.com\/cd\/#website"},"primaryImageOfPage":{"@id":"https:\/\/noticiasemdestaque.com\/cd\/?p=3094#primaryimage"},"image":{"@id":"https:\/\/noticiasemdestaque.com\/cd\/?p=3094#primaryimage"},"thumbnailUrl":"https:\/\/noticiasemdestaque.com\/cd\/wp-content\/uploads\/2017\/08\/20170814123345.jpg","datePublished":"2017-08-14T21:25:40+00:00","breadcrumb":{"@id":"https:\/\/noticiasemdestaque.com\/cd\/?p=3094#breadcrumb"},"inLanguage":"pt-BR","potentialAction":[{"@type":"ReadAction","target":["https:\/\/noticiasemdestaque.com\/cd\/?p=3094"]}]},{"@type":"ImageObject","inLanguage":"pt-BR","@id":"https:\/\/noticiasemdestaque.com\/cd\/?p=3094#primaryimage","url":"https:\/\/noticiasemdestaque.com\/cd\/wp-content\/uploads\/2017\/08\/20170814123345.jpg","contentUrl":"https:\/\/noticiasemdestaque.com\/cd\/wp-content\/uploads\/2017\/08\/20170814123345.jpg","width":400,"height":300},{"@type":"BreadcrumbList","@id":"https:\/\/noticiasemdestaque.com\/cd\/?p=3094#breadcrumb","itemListElement":[{"@type":"ListItem","position":1,"name":"In\u00edcio","item":"https:\/\/noticiasemdestaque.com\/cd\/"},{"@type":"ListItem","position":2,"name":"Transposi\u00e7\u00e3o poder\u00e1 passar seis meses sem bombear \u00e1gua, diz vereador"}]},{"@type":"WebSite","@id":"https:\/\/noticiasemdestaque.com\/cd\/#website","url":"https:\/\/noticiasemdestaque.com\/cd\/","name":"Not&iacute;cias em Destaque","description":"","publisher":{"@id":"https:\/\/noticiasemdestaque.com\/cd\/#organization"},"potentialAction":[{"@type":"SearchAction","target":{"@type":"EntryPoint","urlTemplate":"https:\/\/noticiasemdestaque.com\/cd\/?s={search_term_string}"},"query-input":{"@type":"PropertyValueSpecification","valueRequired":true,"valueName":"search_term_string"}}],"inLanguage":"pt-BR"},{"@type":"Organization","@id":"https:\/\/noticiasemdestaque.com\/cd\/#organization","name":"Not\u00edcias em Destaque","url":"https:\/\/noticiasemdestaque.com\/cd\/","logo":{"@type":"ImageObject","inLanguage":"pt-BR","@id":"https:\/\/noticiasemdestaque.com\/cd\/#\/schema\/logo\/image\/","url":"https:\/\/noticiasemdestaque.com\/cd\/wp-content\/uploads\/2022\/05\/imagem-base-noticiasemdestaque.png","contentUrl":"https:\/\/noticiasemdestaque.com\/cd\/wp-content\/uploads\/2022\/05\/imagem-base-noticiasemdestaque.png","width":1200,"height":630,"caption":"Not\u00edcias em Destaque"},"image":{"@id":"https:\/\/noticiasemdestaque.com\/cd\/#\/schema\/logo\/image\/"}},{"@type":"Person","@id":"https:\/\/noticiasemdestaque.com\/cd\/#\/schema\/person\/4a81fb71f77579d059c3045891fa1786","name":"Not\u00edcias em Destaque","url":"https:\/\/noticiasemdestaque.com\/cd\/?author=2"}]}},"jetpack_featured_media_url":"https:\/\/noticiasemdestaque.com\/cd\/wp-content\/uploads\/2017\/08\/20170814123345.jpg","jetpack_sharing_enabled":true,"_links":{"self":[{"href":"https:\/\/noticiasemdestaque.com\/cd\/index.php?rest_route=\/wp\/v2\/posts\/3094","targetHints":{"allow":["GET"]}}],"collection":[{"href":"https:\/\/noticiasemdestaque.com\/cd\/index.php?rest_route=\/wp\/v2\/posts"}],"about":[{"href":"https:\/\/noticiasemdestaque.com\/cd\/index.php?rest_route=\/wp\/v2\/types\/post"}],"author":[{"embeddable":true,"href":"https:\/\/noticiasemdestaque.com\/cd\/index.php?rest_route=\/wp\/v2\/users\/2"}],"replies":[{"embeddable":true,"href":"https:\/\/noticiasemdestaque.com\/cd\/index.php?rest_route=%2Fwp%2Fv2%2Fcomments&post=3094"}],"version-history":[{"count":1,"href":"https:\/\/noticiasemdestaque.com\/cd\/index.php?rest_route=\/wp\/v2\/posts\/3094\/revisions"}],"predecessor-version":[{"id":3096,"href":"https:\/\/noticiasemdestaque.com\/cd\/index.php?rest_route=\/wp\/v2\/posts\/3094\/revisions\/3096"}],"wp:featuredmedia":[{"embeddable":true,"href":"https:\/\/noticiasemdestaque.com\/cd\/index.php?rest_route=\/wp\/v2\/media\/3095"}],"wp:attachment":[{"href":"https:\/\/noticiasemdestaque.com\/cd\/index.php?rest_route=%2Fwp%2Fv2%2Fmedia&parent=3094"}],"wp:term":[{"taxonomy":"category","embeddable":true,"href":"https:\/\/noticiasemdestaque.com\/cd\/index.php?rest_route=%2Fwp%2Fv2%2Fcategories&post=3094"},{"taxonomy":"post_tag","embeddable":true,"href":"https:\/\/noticiasemdestaque.com\/cd\/index.php?rest_route=%2Fwp%2Fv2%2Ftags&post=3094"}],"curies":[{"name":"wp","href":"https:\/\/api.w.org\/{rel}","templated":true}]}}