{"id":3073,"date":"2017-08-13T13:39:02","date_gmt":"2017-08-13T16:39:02","guid":{"rendered":"http:\/\/caririemdestaque.com\/cd\/?p=3073"},"modified":"2017-08-13T13:39:02","modified_gmt":"2017-08-13T16:39:02","slug":"ricardo-autoriza-chamada-publica-de-curso-sobre-sexualidade-prevencao-as-isthivaidshepatites","status":"publish","type":"post","link":"https:\/\/noticiasemdestaque.com\/cd\/?p=3073","title":{"rendered":"Ricardo autoriza chamada p\u00fablica de curso sobre sexualidade, preven\u00e7\u00e3o \u00e0s IST\/HIV\/Aids\/Hepatites"},"content":{"rendered":"<p>O governador Ricardo Coutinho assinou, nesta sexta-feira (11), a chamada p\u00fablica para realiza\u00e7\u00e3o de dois cursos de aperfei\u00e7oamento, sendo um de Sexualidade, Preven\u00e7\u00e3o as IST\/HIV\/Aids\/Hepatites Virais para professores da Rede Estadual de ensino e outro de Forma\u00e7\u00e3o em Jovens Lideran\u00e7as, capacita\u00e7\u00e3o e aperfei\u00e7oamento para estudantes do ensino M\u00e9dio, tamb\u00e9m da Rede Estadual. A solenidade aconteceu, no final da manh\u00e3, no Centro de Forma\u00e7\u00e3o de Educadores Eliza Mineiros, em Mangabeira, na capital, durante evento alusivo ao dia do estudante, quando foi lan\u00e7ado o M\u00eas da Juventude.<\/p>\n<p>As inscri\u00e7\u00f5es para os dois cursos, na plataforma Ensino \u00e0 Dist\u00e2ncia (EAD), j\u00e1 est\u00e3o abertas e permanecem at\u00e9 o pr\u00f3ximo dia 20 de agosto, exclusivamente, pelo e-mail cursoseadpbsaude@gmail.com . Os cursos ter\u00e3o dura\u00e7\u00e3o de seis meses e o in\u00edcio das aulas est\u00e1 previsto para o pr\u00f3ximo dia 28 de agosto.<\/p>\n<p>\u201cAs tem\u00e1ticas trazidas pelos dois cursos s\u00e3o muito relevantes para serem debatidas entre professores e estudantes e, al\u00e9m disso, as discuss\u00f5es devem contribuir para a preven\u00e7\u00e3o de doen\u00e7as\u201d, disse a secret\u00e1ria de Estado da Sa\u00fade, Claudia Veras. Est\u00e3o sendo oferecidas 200 vagas para o Curso de Sexualidade, Preven\u00e7\u00e3o \u00e0s IST\/HIV\/Aids\/Hepatites Virais para os P\u00f3los de Cajazeiras, Patos e Campina Grande, sendo 60 para Cajazeiras (Regionais de ensino de Cajazeiras, Sousa, Catol\u00e9 do Rocha e Pombal); 60 para Patos (Regionais de ensino de Patos, Itaporanga e Princesa Isabel)\u00a0 e 80 para Campina Grande (Regionais de ensino de Campina Grande, Guarabira, Cuit\u00e9, Itabaiana, Monteiro Tapero\u00e1, Livramento e S\u00e3o Jos\u00e9 dos Cordeiros).<\/p>\n<p>Para o Curso de Forma\u00e7\u00e3o em Jovens Lideran\u00e7as est\u00e3o sendo disponibilizadas 100 vagas apenas para o P\u00f3lo de Educa\u00e7\u00e3o de Campina Grande (Regionais de ensino de Campina Grande, Guarabira, Cuit\u00e9, Itabaiana, Monteiro, Tapero\u00e1, Livramento e S\u00e3o Jos\u00e9 dos Cordeiros), sendo 80 para alunos da zona urbana e 20 para jovens da zona rural.<\/p>\n<p>\u201cCaso sobrem vagas, ap\u00f3s o per\u00edodo de inscri\u00e7\u00e3o para professores e estudantes do interior, ser\u00e3o abertas inscri\u00e7\u00f5es para profissionais e alunos do polo de Educa\u00e7\u00e3o da capital, no per\u00edodo de 21 a 23 de agosto\u201d, informou a gerente operacional das IST\/AIDS e Hepatites Virais, da SES, Ivoneide Lucena.<\/p>\n<p>\u201cEstes cursos ser\u00e3o muito importantes porque v\u00e3o esclarecer sobre temas bastante corriqueiros e de dif\u00edcil abordagem, muitas vezes. A mim, os alunos sempre fazem perguntas, mas talvez seja porque ensino biologia, disciplina ligada \u00e0 sa\u00fade e isso os deixa mais \u00e0 vontade. Na maioria das vezes, n\u00e3o t\u00eam a mesma liberdade em casa, porque n\u00e3o sabem como abordar, o que pode ser adquirida com as qualifica\u00e7\u00f5es\u201d, disse a professora Camila de Ara\u00fajo.<\/p>\n<p>A estudante Raianny Lima, de 19 anos, elogiou a iniciativa. \u201cAcredito na proposta dos cursos porque oferecer\u00e3o intera\u00e7\u00e3o entre os jovens, pois n\u00e3o adianta vir com ensinamento de \u201ccima pra baixo\u201d. N\u00f3s, estudantes, temos que ser os protagonistas desses estudos\u201d, falou.<\/p>\n<p>Como fazer \u2013 No ato da inscri\u00e7\u00e3o, o candidato dever\u00e1 anexar o formul\u00e1rio de inscri\u00e7\u00e3o, devidamente preenchido; c\u00f3pias do RG, CPF e do comprovante de resid\u00eancia (em seu nome, do c\u00f4njuge ou de um dos pais); declara\u00e7\u00e3o de atua\u00e7\u00e3o para o professor e declara\u00e7\u00e3o de aluno regular da Rede Estadual.<\/p>\n<p>A inscri\u00e7\u00e3o dever\u00e1 acontecer em um \u00fanico e-mail (cursoseadpbsaude@gmail.com), com a documenta\u00e7\u00e3o anexada, sendo cada documento num arquivo, separadamente, com seus respectivos nomes identificados (ex: ficha de inscri\u00e7\u00e3o em um arquivo, RG em outro, CPF em outro e assim sucessivamente). Ainda deve constar o nome do curso no assunto do e-mail.<\/p>\n<p>O car\u00e1ter eliminat\u00f3rio do inscrito ser\u00e1 com base na an\u00e1lise comprovada dos documentos enviados, no ato na inscri\u00e7\u00e3o. Ser\u00e3o considerados, somente, os dados devidamente comprovados. As inscri\u00e7\u00f5es homologadas ser\u00e3o publicadas no Di\u00e1rio Oficial do Estado e disponibilizadas no portal do Governo do Estado (www.paraiba.pb.gov.br)<\/p>\n<p>O mesmo procedimento vale para o resultado final do processo de inscri\u00e7\u00e3o, que ser\u00e1 homologado pela Ger\u00eancia de IST\/HIV\/Aids\/Hepatites Virais.<\/p>\n<p>O Edital ter\u00e1 prazo de validade de\u00a0 um ano. A qualquer tempo poder\u00e1 ser revogado ou anulado, no todo ou em parte, por motivo de interesse p\u00fablico, sem que isso implique direito \u00e0 indeniza\u00e7\u00e3o de qualquer natureza.<\/p>\n<p>Reserva-se a comiss\u00e3o organizadora o direito de realizar outro processo para inscri\u00e7\u00e3o se os inscritos n\u00e3o atenderem aos requisitos t\u00e9cnicos inerentes \u00e0 execu\u00e7\u00e3o do curso.<\/p>\n<p><em><strong>Cariri em Destaque<\/strong><\/em><\/p>\n<p>Com Secom-PB<\/p>\n","protected":false},"excerpt":{"rendered":"<p>O governador Ricardo Coutinho assinou, nesta sexta-feira (11), a chamada p\u00fablica para realiza\u00e7\u00e3o de dois cursos de aperfei\u00e7oamento, sendo um de Sexualidade, Preven\u00e7\u00e3o as IST\/HIV\/Aids\/Hepatites Virais para professores da Rede Estadual de ensino e outro de Forma\u00e7\u00e3o em Jovens Lideran\u00e7as, capacita\u00e7\u00e3o e aperfei\u00e7oamento para estudantes do ensino M\u00e9dio, tamb\u00e9m da Rede Estadual. A solenidade aconteceu, no final da manh\u00e3, no Centro de Forma\u00e7\u00e3o de Educadores Eliza Mineiros, em Mangabeira, na capital, durante evento alusivo ao dia do estudante, quando foi lan\u00e7ado o M\u00eas da Juventude. As inscri\u00e7\u00f5es para os dois cursos, na plataforma Ensino \u00e0 Dist\u00e2ncia (EAD), j\u00e1 est\u00e3o abertas e permanecem at\u00e9 o pr\u00f3ximo dia 20 de agosto, exclusivamente, pelo e-mail cursoseadpbsaude@gmail.com . Os cursos ter\u00e3o dura\u00e7\u00e3o de seis meses e o in\u00edcio das aulas est\u00e1 previsto para o pr\u00f3ximo dia 28 de agosto. \u201cAs tem\u00e1ticas trazidas pelos dois cursos s\u00e3o muito relevantes para serem debatidas entre professores e estudantes e, al\u00e9m disso, as discuss\u00f5es devem contribuir para a preven\u00e7\u00e3o de doen\u00e7as\u201d, disse a secret\u00e1ria de Estado da Sa\u00fade, Claudia Veras. Est\u00e3o sendo oferecidas 200 vagas para o Curso de Sexualidade, Preven\u00e7\u00e3o \u00e0s IST\/HIV\/Aids\/Hepatites Virais para os P\u00f3los de Cajazeiras, Patos e Campina Grande, sendo 60 para Cajazeiras (Regionais de ensino de Cajazeiras, Sousa, Catol\u00e9 do Rocha e Pombal); 60 para Patos (Regionais de ensino de Patos, Itaporanga e Princesa Isabel)\u00a0 e 80 para Campina Grande (Regionais de ensino de Campina Grande, Guarabira, Cuit\u00e9, Itabaiana, Monteiro Tapero\u00e1, Livramento e S\u00e3o Jos\u00e9 dos Cordeiros). Para o Curso de Forma\u00e7\u00e3o em Jovens Lideran\u00e7as est\u00e3o sendo disponibilizadas 100 vagas apenas para o P\u00f3lo de Educa\u00e7\u00e3o de Campina Grande (Regionais de ensino de Campina Grande, Guarabira, Cuit\u00e9, Itabaiana, Monteiro, Tapero\u00e1, Livramento e S\u00e3o Jos\u00e9 dos Cordeiros), sendo 80 para alunos da zona urbana e 20 para jovens da zona rural. \u201cCaso sobrem vagas, ap\u00f3s o per\u00edodo de inscri\u00e7\u00e3o para professores e estudantes do interior, ser\u00e3o abertas inscri\u00e7\u00f5es para profissionais e alunos do polo de Educa\u00e7\u00e3o da capital, no per\u00edodo de 21 a 23 de agosto\u201d, informou a gerente operacional das IST\/AIDS e Hepatites Virais, da SES, Ivoneide Lucena. \u201cEstes cursos ser\u00e3o muito importantes porque v\u00e3o esclarecer sobre temas bastante corriqueiros e de dif\u00edcil abordagem, muitas vezes. A mim, os alunos sempre fazem perguntas, mas talvez seja porque ensino biologia, disciplina ligada \u00e0 sa\u00fade e isso os deixa mais \u00e0 vontade. Na maioria das vezes, n\u00e3o t\u00eam a mesma liberdade em casa, porque n\u00e3o sabem como abordar, o que pode ser adquirida com as qualifica\u00e7\u00f5es\u201d, disse a professora Camila de Ara\u00fajo. A estudante Raianny Lima, de 19 anos, elogiou a iniciativa. \u201cAcredito na proposta dos cursos porque oferecer\u00e3o intera\u00e7\u00e3o entre os jovens, pois n\u00e3o adianta vir com ensinamento de \u201ccima pra baixo\u201d. N\u00f3s, estudantes, temos que ser os protagonistas desses estudos\u201d, falou. Como fazer \u2013 No ato da inscri\u00e7\u00e3o, o candidato dever\u00e1 anexar o formul\u00e1rio de inscri\u00e7\u00e3o, devidamente preenchido; c\u00f3pias do RG, CPF e do comprovante de resid\u00eancia (em seu nome, do c\u00f4njuge ou de um dos pais); declara\u00e7\u00e3o de atua\u00e7\u00e3o para o professor e declara\u00e7\u00e3o de aluno regular da Rede Estadual. A inscri\u00e7\u00e3o dever\u00e1 acontecer em um \u00fanico e-mail (cursoseadpbsaude@gmail.com), com a documenta\u00e7\u00e3o anexada, sendo cada documento num arquivo, separadamente, com seus respectivos nomes identificados (ex: ficha de inscri\u00e7\u00e3o em um arquivo, RG em outro, CPF em outro e assim sucessivamente). Ainda deve constar o nome do curso no assunto do e-mail. O car\u00e1ter eliminat\u00f3rio do inscrito ser\u00e1 com base na an\u00e1lise comprovada dos documentos enviados, no ato na inscri\u00e7\u00e3o. Ser\u00e3o considerados, somente, os dados devidamente comprovados. As inscri\u00e7\u00f5es homologadas ser\u00e3o publicadas no Di\u00e1rio Oficial do Estado e disponibilizadas no portal do Governo do Estado (www.paraiba.pb.gov.br) O mesmo procedimento vale para o resultado final do processo de inscri\u00e7\u00e3o, que ser\u00e1 homologado pela Ger\u00eancia de IST\/HIV\/Aids\/Hepatites Virais. O Edital ter\u00e1 prazo de validade de\u00a0 um ano. A qualquer tempo poder\u00e1 ser revogado ou anulado, no todo ou em parte, por motivo de interesse p\u00fablico, sem que isso implique direito \u00e0 indeniza\u00e7\u00e3o de qualquer natureza. Reserva-se a comiss\u00e3o organizadora o direito de realizar outro processo para inscri\u00e7\u00e3o se os inscritos n\u00e3o atenderem aos requisitos t\u00e9cnicos inerentes \u00e0 execu\u00e7\u00e3o do curso. Cariri em Destaque Com Secom-PB<\/p>\n","protected":false},"author":2,"featured_media":3075,"comment_status":"closed","ping_status":"open","sticky":false,"template":"","format":"standard","meta":{"_eb_attr":"","_jetpack_memberships_contains_paid_content":false,"footnotes":""},"categories":[6],"tags":[],"class_list":["post-3073","post","type-post","status-publish","format-standard","has-post-thumbnail","hentry","category-educacao"],"yoast_head":"<!-- This site is optimized with the Yoast SEO plugin v26.5 - https:\/\/yoast.com\/wordpress\/plugins\/seo\/ -->\n<title>Ricardo autoriza chamada p\u00fablica de curso sobre sexualidade, preven\u00e7\u00e3o \u00e0s IST\/HIV\/Aids\/Hepatites - Not&iacute;cias em Destaque<\/title>\n<meta name=\"robots\" content=\"index, follow, max-snippet:-1, max-image-preview:large, max-video-preview:-1\" \/>\n<link rel=\"canonical\" href=\"https:\/\/noticiasemdestaque.com\/cd\/?p=3073\" \/>\n<meta property=\"og:locale\" content=\"pt_BR\" \/>\n<meta property=\"og:type\" content=\"article\" \/>\n<meta property=\"og:title\" content=\"Ricardo autoriza chamada p\u00fablica de curso sobre sexualidade, preven\u00e7\u00e3o \u00e0s IST\/HIV\/Aids\/Hepatites - Not&iacute;cias em Destaque\" \/>\n<meta property=\"og:description\" content=\"O governador Ricardo Coutinho assinou, nesta sexta-feira (11), a chamada p\u00fablica para realiza\u00e7\u00e3o de dois cursos de aperfei\u00e7oamento, sendo um de Sexualidade, Preven\u00e7\u00e3o as IST\/HIV\/Aids\/Hepatites Virais para professores da Rede Estadual de ensino e outro de Forma\u00e7\u00e3o em Jovens Lideran\u00e7as, capacita\u00e7\u00e3o e aperfei\u00e7oamento para estudantes do ensino M\u00e9dio, tamb\u00e9m da Rede Estadual. A solenidade aconteceu, no final da manh\u00e3, no Centro de Forma\u00e7\u00e3o de Educadores Eliza Mineiros, em Mangabeira, na capital, durante evento alusivo ao dia do estudante, quando foi lan\u00e7ado o M\u00eas da Juventude. As inscri\u00e7\u00f5es para os dois cursos, na plataforma Ensino \u00e0 Dist\u00e2ncia (EAD), j\u00e1 est\u00e3o abertas e permanecem at\u00e9 o pr\u00f3ximo dia 20 de agosto, exclusivamente, pelo e-mail cursoseadpbsaude@gmail.com . Os cursos ter\u00e3o dura\u00e7\u00e3o de seis meses e o in\u00edcio das aulas est\u00e1 previsto para o pr\u00f3ximo dia 28 de agosto. \u201cAs tem\u00e1ticas trazidas pelos dois cursos s\u00e3o muito relevantes para serem debatidas entre professores e estudantes e, al\u00e9m disso, as discuss\u00f5es devem contribuir para a preven\u00e7\u00e3o de doen\u00e7as\u201d, disse a secret\u00e1ria de Estado da Sa\u00fade, Claudia Veras. Est\u00e3o sendo oferecidas 200 vagas para o Curso de Sexualidade, Preven\u00e7\u00e3o \u00e0s IST\/HIV\/Aids\/Hepatites Virais para os P\u00f3los de Cajazeiras, Patos e Campina Grande, sendo 60 para Cajazeiras (Regionais de ensino de Cajazeiras, Sousa, Catol\u00e9 do Rocha e Pombal); 60 para Patos (Regionais de ensino de Patos, Itaporanga e Princesa Isabel)\u00a0 e 80 para Campina Grande (Regionais de ensino de Campina Grande, Guarabira, Cuit\u00e9, Itabaiana, Monteiro Tapero\u00e1, Livramento e S\u00e3o Jos\u00e9 dos Cordeiros). Para o Curso de Forma\u00e7\u00e3o em Jovens Lideran\u00e7as est\u00e3o sendo disponibilizadas 100 vagas apenas para o P\u00f3lo de Educa\u00e7\u00e3o de Campina Grande (Regionais de ensino de Campina Grande, Guarabira, Cuit\u00e9, Itabaiana, Monteiro, Tapero\u00e1, Livramento e S\u00e3o Jos\u00e9 dos Cordeiros), sendo 80 para alunos da zona urbana e 20 para jovens da zona rural. \u201cCaso sobrem vagas, ap\u00f3s o per\u00edodo de inscri\u00e7\u00e3o para professores e estudantes do interior, ser\u00e3o abertas inscri\u00e7\u00f5es para profissionais e alunos do polo de Educa\u00e7\u00e3o da capital, no per\u00edodo de 21 a 23 de agosto\u201d, informou a gerente operacional das IST\/AIDS e Hepatites Virais, da SES, Ivoneide Lucena. \u201cEstes cursos ser\u00e3o muito importantes porque v\u00e3o esclarecer sobre temas bastante corriqueiros e de dif\u00edcil abordagem, muitas vezes. A mim, os alunos sempre fazem perguntas, mas talvez seja porque ensino biologia, disciplina ligada \u00e0 sa\u00fade e isso os deixa mais \u00e0 vontade. Na maioria das vezes, n\u00e3o t\u00eam a mesma liberdade em casa, porque n\u00e3o sabem como abordar, o que pode ser adquirida com as qualifica\u00e7\u00f5es\u201d, disse a professora Camila de Ara\u00fajo. A estudante Raianny Lima, de 19 anos, elogiou a iniciativa. \u201cAcredito na proposta dos cursos porque oferecer\u00e3o intera\u00e7\u00e3o entre os jovens, pois n\u00e3o adianta vir com ensinamento de \u201ccima pra baixo\u201d. N\u00f3s, estudantes, temos que ser os protagonistas desses estudos\u201d, falou. Como fazer \u2013 No ato da inscri\u00e7\u00e3o, o candidato dever\u00e1 anexar o formul\u00e1rio de inscri\u00e7\u00e3o, devidamente preenchido; c\u00f3pias do RG, CPF e do comprovante de resid\u00eancia (em seu nome, do c\u00f4njuge ou de um dos pais); declara\u00e7\u00e3o de atua\u00e7\u00e3o para o professor e declara\u00e7\u00e3o de aluno regular da Rede Estadual. A inscri\u00e7\u00e3o dever\u00e1 acontecer em um \u00fanico e-mail (cursoseadpbsaude@gmail.com), com a documenta\u00e7\u00e3o anexada, sendo cada documento num arquivo, separadamente, com seus respectivos nomes identificados (ex: ficha de inscri\u00e7\u00e3o em um arquivo, RG em outro, CPF em outro e assim sucessivamente). Ainda deve constar o nome do curso no assunto do e-mail. O car\u00e1ter eliminat\u00f3rio do inscrito ser\u00e1 com base na an\u00e1lise comprovada dos documentos enviados, no ato na inscri\u00e7\u00e3o. Ser\u00e3o considerados, somente, os dados devidamente comprovados. As inscri\u00e7\u00f5es homologadas ser\u00e3o publicadas no Di\u00e1rio Oficial do Estado e disponibilizadas no portal do Governo do Estado (www.paraiba.pb.gov.br) O mesmo procedimento vale para o resultado final do processo de inscri\u00e7\u00e3o, que ser\u00e1 homologado pela Ger\u00eancia de IST\/HIV\/Aids\/Hepatites Virais. O Edital ter\u00e1 prazo de validade de\u00a0 um ano. A qualquer tempo poder\u00e1 ser revogado ou anulado, no todo ou em parte, por motivo de interesse p\u00fablico, sem que isso implique direito \u00e0 indeniza\u00e7\u00e3o de qualquer natureza. Reserva-se a comiss\u00e3o organizadora o direito de realizar outro processo para inscri\u00e7\u00e3o se os inscritos n\u00e3o atenderem aos requisitos t\u00e9cnicos inerentes \u00e0 execu\u00e7\u00e3o do curso. Cariri em Destaque Com Secom-PB\" \/>\n<meta property=\"og:url\" content=\"https:\/\/noticiasemdestaque.com\/cd\/?p=3073\" \/>\n<meta property=\"og:site_name\" content=\"Not&iacute;cias em Destaque\" \/>\n<meta property=\"article:published_time\" content=\"2017-08-13T16:39:02+00:00\" \/>\n<meta property=\"og:image\" content=\"https:\/\/noticiasemdestaque.com\/cd\/wp-content\/uploads\/2017\/08\/ricardo-assina-chamada-publica-de-cursos-sobre-sexualidade-foto-jose-marques-3.jpg\" \/>\n\t<meta property=\"og:image:width\" content=\"480\" \/>\n\t<meta property=\"og:image:height\" content=\"340\" \/>\n\t<meta property=\"og:image:type\" content=\"image\/jpeg\" \/>\n<meta name=\"author\" content=\"Not\u00edcias em Destaque\" \/>\n<meta name=\"twitter:card\" content=\"summary_large_image\" \/>\n<meta name=\"twitter:label1\" content=\"Escrito por\" \/>\n\t<meta name=\"twitter:data1\" content=\"Not\u00edcias em Destaque\" \/>\n\t<meta name=\"twitter:label2\" content=\"Est. tempo de leitura\" \/>\n\t<meta name=\"twitter:data2\" content=\"4 minutos\" \/>\n<script type=\"application\/ld+json\" class=\"yoast-schema-graph\">{\"@context\":\"https:\/\/schema.org\",\"@graph\":[{\"@type\":\"Article\",\"@id\":\"https:\/\/noticiasemdestaque.com\/cd\/?p=3073#article\",\"isPartOf\":{\"@id\":\"https:\/\/noticiasemdestaque.com\/cd\/?p=3073\"},\"author\":{\"name\":\"Not\u00edcias em Destaque\",\"@id\":\"https:\/\/noticiasemdestaque.com\/cd\/#\/schema\/person\/4a81fb71f77579d059c3045891fa1786\"},\"headline\":\"Ricardo autoriza chamada p\u00fablica de curso sobre sexualidade, preven\u00e7\u00e3o \u00e0s IST\/HIV\/Aids\/Hepatites\",\"datePublished\":\"2017-08-13T16:39:02+00:00\",\"mainEntityOfPage\":{\"@id\":\"https:\/\/noticiasemdestaque.com\/cd\/?p=3073\"},\"wordCount\":792,\"publisher\":{\"@id\":\"https:\/\/noticiasemdestaque.com\/cd\/#organization\"},\"image\":{\"@id\":\"https:\/\/noticiasemdestaque.com\/cd\/?p=3073#primaryimage\"},\"thumbnailUrl\":\"https:\/\/noticiasemdestaque.com\/cd\/wp-content\/uploads\/2017\/08\/ricardo-assina-chamada-publica-de-cursos-sobre-sexualidade-foto-jose-marques-3.jpg\",\"articleSection\":[\"Educa\u00e7\u00e3o\"],\"inLanguage\":\"pt-BR\"},{\"@type\":\"WebPage\",\"@id\":\"https:\/\/noticiasemdestaque.com\/cd\/?p=3073\",\"url\":\"https:\/\/noticiasemdestaque.com\/cd\/?p=3073\",\"name\":\"Ricardo autoriza chamada p\u00fablica de curso sobre sexualidade, preven\u00e7\u00e3o \u00e0s IST\/HIV\/Aids\/Hepatites - Not&iacute;cias em Destaque\",\"isPartOf\":{\"@id\":\"https:\/\/noticiasemdestaque.com\/cd\/#website\"},\"primaryImageOfPage\":{\"@id\":\"https:\/\/noticiasemdestaque.com\/cd\/?p=3073#primaryimage\"},\"image\":{\"@id\":\"https:\/\/noticiasemdestaque.com\/cd\/?p=3073#primaryimage\"},\"thumbnailUrl\":\"https:\/\/noticiasemdestaque.com\/cd\/wp-content\/uploads\/2017\/08\/ricardo-assina-chamada-publica-de-cursos-sobre-sexualidade-foto-jose-marques-3.jpg\",\"datePublished\":\"2017-08-13T16:39:02+00:00\",\"breadcrumb\":{\"@id\":\"https:\/\/noticiasemdestaque.com\/cd\/?p=3073#breadcrumb\"},\"inLanguage\":\"pt-BR\",\"potentialAction\":[{\"@type\":\"ReadAction\",\"target\":[\"https:\/\/noticiasemdestaque.com\/cd\/?p=3073\"]}]},{\"@type\":\"ImageObject\",\"inLanguage\":\"pt-BR\",\"@id\":\"https:\/\/noticiasemdestaque.com\/cd\/?p=3073#primaryimage\",\"url\":\"https:\/\/noticiasemdestaque.com\/cd\/wp-content\/uploads\/2017\/08\/ricardo-assina-chamada-publica-de-cursos-sobre-sexualidade-foto-jose-marques-3.jpg\",\"contentUrl\":\"https:\/\/noticiasemdestaque.com\/cd\/wp-content\/uploads\/2017\/08\/ricardo-assina-chamada-publica-de-cursos-sobre-sexualidade-foto-jose-marques-3.jpg\",\"width\":480,\"height\":340},{\"@type\":\"BreadcrumbList\",\"@id\":\"https:\/\/noticiasemdestaque.com\/cd\/?p=3073#breadcrumb\",\"itemListElement\":[{\"@type\":\"ListItem\",\"position\":1,\"name\":\"In\u00edcio\",\"item\":\"https:\/\/noticiasemdestaque.com\/cd\/\"},{\"@type\":\"ListItem\",\"position\":2,\"name\":\"Ricardo autoriza chamada p\u00fablica de curso sobre sexualidade, preven\u00e7\u00e3o \u00e0s IST\/HIV\/Aids\/Hepatites\"}]},{\"@type\":\"WebSite\",\"@id\":\"https:\/\/noticiasemdestaque.com\/cd\/#website\",\"url\":\"https:\/\/noticiasemdestaque.com\/cd\/\",\"name\":\"Not&iacute;cias em Destaque\",\"description\":\"\",\"publisher\":{\"@id\":\"https:\/\/noticiasemdestaque.com\/cd\/#organization\"},\"potentialAction\":[{\"@type\":\"SearchAction\",\"target\":{\"@type\":\"EntryPoint\",\"urlTemplate\":\"https:\/\/noticiasemdestaque.com\/cd\/?s={search_term_string}\"},\"query-input\":{\"@type\":\"PropertyValueSpecification\",\"valueRequired\":true,\"valueName\":\"search_term_string\"}}],\"inLanguage\":\"pt-BR\"},{\"@type\":\"Organization\",\"@id\":\"https:\/\/noticiasemdestaque.com\/cd\/#organization\",\"name\":\"Not\u00edcias em Destaque\",\"url\":\"https:\/\/noticiasemdestaque.com\/cd\/\",\"logo\":{\"@type\":\"ImageObject\",\"inLanguage\":\"pt-BR\",\"@id\":\"https:\/\/noticiasemdestaque.com\/cd\/#\/schema\/logo\/image\/\",\"url\":\"https:\/\/noticiasemdestaque.com\/cd\/wp-content\/uploads\/2022\/05\/imagem-base-noticiasemdestaque.png\",\"contentUrl\":\"https:\/\/noticiasemdestaque.com\/cd\/wp-content\/uploads\/2022\/05\/imagem-base-noticiasemdestaque.png\",\"width\":1200,\"height\":630,\"caption\":\"Not\u00edcias em Destaque\"},\"image\":{\"@id\":\"https:\/\/noticiasemdestaque.com\/cd\/#\/schema\/logo\/image\/\"}},{\"@type\":\"Person\",\"@id\":\"https:\/\/noticiasemdestaque.com\/cd\/#\/schema\/person\/4a81fb71f77579d059c3045891fa1786\",\"name\":\"Not\u00edcias em Destaque\",\"url\":\"https:\/\/noticiasemdestaque.com\/cd\/?author=2\"}]}<\/script>\n<!-- \/ Yoast SEO plugin. -->","yoast_head_json":{"title":"Ricardo autoriza chamada p\u00fablica de curso sobre sexualidade, preven\u00e7\u00e3o \u00e0s IST\/HIV\/Aids\/Hepatites - Not&iacute;cias em Destaque","robots":{"index":"index","follow":"follow","max-snippet":"max-snippet:-1","max-image-preview":"max-image-preview:large","max-video-preview":"max-video-preview:-1"},"canonical":"https:\/\/noticiasemdestaque.com\/cd\/?p=3073","og_locale":"pt_BR","og_type":"article","og_title":"Ricardo autoriza chamada p\u00fablica de curso sobre sexualidade, preven\u00e7\u00e3o \u00e0s IST\/HIV\/Aids\/Hepatites - Not&iacute;cias em Destaque","og_description":"O governador Ricardo Coutinho assinou, nesta sexta-feira (11), a chamada p\u00fablica para realiza\u00e7\u00e3o de dois cursos de aperfei\u00e7oamento, sendo um de Sexualidade, Preven\u00e7\u00e3o as IST\/HIV\/Aids\/Hepatites Virais para professores da Rede Estadual de ensino e outro de Forma\u00e7\u00e3o em Jovens Lideran\u00e7as, capacita\u00e7\u00e3o e aperfei\u00e7oamento para estudantes do ensino M\u00e9dio, tamb\u00e9m da Rede Estadual. A solenidade aconteceu, no final da manh\u00e3, no Centro de Forma\u00e7\u00e3o de Educadores Eliza Mineiros, em Mangabeira, na capital, durante evento alusivo ao dia do estudante, quando foi lan\u00e7ado o M\u00eas da Juventude. As inscri\u00e7\u00f5es para os dois cursos, na plataforma Ensino \u00e0 Dist\u00e2ncia (EAD), j\u00e1 est\u00e3o abertas e permanecem at\u00e9 o pr\u00f3ximo dia 20 de agosto, exclusivamente, pelo e-mail cursoseadpbsaude@gmail.com . Os cursos ter\u00e3o dura\u00e7\u00e3o de seis meses e o in\u00edcio das aulas est\u00e1 previsto para o pr\u00f3ximo dia 28 de agosto. \u201cAs tem\u00e1ticas trazidas pelos dois cursos s\u00e3o muito relevantes para serem debatidas entre professores e estudantes e, al\u00e9m disso, as discuss\u00f5es devem contribuir para a preven\u00e7\u00e3o de doen\u00e7as\u201d, disse a secret\u00e1ria de Estado da Sa\u00fade, Claudia Veras. Est\u00e3o sendo oferecidas 200 vagas para o Curso de Sexualidade, Preven\u00e7\u00e3o \u00e0s IST\/HIV\/Aids\/Hepatites Virais para os P\u00f3los de Cajazeiras, Patos e Campina Grande, sendo 60 para Cajazeiras (Regionais de ensino de Cajazeiras, Sousa, Catol\u00e9 do Rocha e Pombal); 60 para Patos (Regionais de ensino de Patos, Itaporanga e Princesa Isabel)\u00a0 e 80 para Campina Grande (Regionais de ensino de Campina Grande, Guarabira, Cuit\u00e9, Itabaiana, Monteiro Tapero\u00e1, Livramento e S\u00e3o Jos\u00e9 dos Cordeiros). Para o Curso de Forma\u00e7\u00e3o em Jovens Lideran\u00e7as est\u00e3o sendo disponibilizadas 100 vagas apenas para o P\u00f3lo de Educa\u00e7\u00e3o de Campina Grande (Regionais de ensino de Campina Grande, Guarabira, Cuit\u00e9, Itabaiana, Monteiro, Tapero\u00e1, Livramento e S\u00e3o Jos\u00e9 dos Cordeiros), sendo 80 para alunos da zona urbana e 20 para jovens da zona rural. \u201cCaso sobrem vagas, ap\u00f3s o per\u00edodo de inscri\u00e7\u00e3o para professores e estudantes do interior, ser\u00e3o abertas inscri\u00e7\u00f5es para profissionais e alunos do polo de Educa\u00e7\u00e3o da capital, no per\u00edodo de 21 a 23 de agosto\u201d, informou a gerente operacional das IST\/AIDS e Hepatites Virais, da SES, Ivoneide Lucena. \u201cEstes cursos ser\u00e3o muito importantes porque v\u00e3o esclarecer sobre temas bastante corriqueiros e de dif\u00edcil abordagem, muitas vezes. A mim, os alunos sempre fazem perguntas, mas talvez seja porque ensino biologia, disciplina ligada \u00e0 sa\u00fade e isso os deixa mais \u00e0 vontade. Na maioria das vezes, n\u00e3o t\u00eam a mesma liberdade em casa, porque n\u00e3o sabem como abordar, o que pode ser adquirida com as qualifica\u00e7\u00f5es\u201d, disse a professora Camila de Ara\u00fajo. A estudante Raianny Lima, de 19 anos, elogiou a iniciativa. \u201cAcredito na proposta dos cursos porque oferecer\u00e3o intera\u00e7\u00e3o entre os jovens, pois n\u00e3o adianta vir com ensinamento de \u201ccima pra baixo\u201d. N\u00f3s, estudantes, temos que ser os protagonistas desses estudos\u201d, falou. Como fazer \u2013 No ato da inscri\u00e7\u00e3o, o candidato dever\u00e1 anexar o formul\u00e1rio de inscri\u00e7\u00e3o, devidamente preenchido; c\u00f3pias do RG, CPF e do comprovante de resid\u00eancia (em seu nome, do c\u00f4njuge ou de um dos pais); declara\u00e7\u00e3o de atua\u00e7\u00e3o para o professor e declara\u00e7\u00e3o de aluno regular da Rede Estadual. A inscri\u00e7\u00e3o dever\u00e1 acontecer em um \u00fanico e-mail (cursoseadpbsaude@gmail.com), com a documenta\u00e7\u00e3o anexada, sendo cada documento num arquivo, separadamente, com seus respectivos nomes identificados (ex: ficha de inscri\u00e7\u00e3o em um arquivo, RG em outro, CPF em outro e assim sucessivamente). Ainda deve constar o nome do curso no assunto do e-mail. O car\u00e1ter eliminat\u00f3rio do inscrito ser\u00e1 com base na an\u00e1lise comprovada dos documentos enviados, no ato na inscri\u00e7\u00e3o. Ser\u00e3o considerados, somente, os dados devidamente comprovados. As inscri\u00e7\u00f5es homologadas ser\u00e3o publicadas no Di\u00e1rio Oficial do Estado e disponibilizadas no portal do Governo do Estado (www.paraiba.pb.gov.br) O mesmo procedimento vale para o resultado final do processo de inscri\u00e7\u00e3o, que ser\u00e1 homologado pela Ger\u00eancia de IST\/HIV\/Aids\/Hepatites Virais. O Edital ter\u00e1 prazo de validade de\u00a0 um ano. A qualquer tempo poder\u00e1 ser revogado ou anulado, no todo ou em parte, por motivo de interesse p\u00fablico, sem que isso implique direito \u00e0 indeniza\u00e7\u00e3o de qualquer natureza. Reserva-se a comiss\u00e3o organizadora o direito de realizar outro processo para inscri\u00e7\u00e3o se os inscritos n\u00e3o atenderem aos requisitos t\u00e9cnicos inerentes \u00e0 execu\u00e7\u00e3o do curso. Cariri em Destaque Com Secom-PB","og_url":"https:\/\/noticiasemdestaque.com\/cd\/?p=3073","og_site_name":"Not&iacute;cias em Destaque","article_published_time":"2017-08-13T16:39:02+00:00","og_image":[{"width":480,"height":340,"url":"https:\/\/noticiasemdestaque.com\/cd\/wp-content\/uploads\/2017\/08\/ricardo-assina-chamada-publica-de-cursos-sobre-sexualidade-foto-jose-marques-3.jpg","type":"image\/jpeg"}],"author":"Not\u00edcias em Destaque","twitter_card":"summary_large_image","twitter_misc":{"Escrito por":"Not\u00edcias em Destaque","Est. tempo de leitura":"4 minutos"},"schema":{"@context":"https:\/\/schema.org","@graph":[{"@type":"Article","@id":"https:\/\/noticiasemdestaque.com\/cd\/?p=3073#article","isPartOf":{"@id":"https:\/\/noticiasemdestaque.com\/cd\/?p=3073"},"author":{"name":"Not\u00edcias em Destaque","@id":"https:\/\/noticiasemdestaque.com\/cd\/#\/schema\/person\/4a81fb71f77579d059c3045891fa1786"},"headline":"Ricardo autoriza chamada p\u00fablica de curso sobre sexualidade, preven\u00e7\u00e3o \u00e0s IST\/HIV\/Aids\/Hepatites","datePublished":"2017-08-13T16:39:02+00:00","mainEntityOfPage":{"@id":"https:\/\/noticiasemdestaque.com\/cd\/?p=3073"},"wordCount":792,"publisher":{"@id":"https:\/\/noticiasemdestaque.com\/cd\/#organization"},"image":{"@id":"https:\/\/noticiasemdestaque.com\/cd\/?p=3073#primaryimage"},"thumbnailUrl":"https:\/\/noticiasemdestaque.com\/cd\/wp-content\/uploads\/2017\/08\/ricardo-assina-chamada-publica-de-cursos-sobre-sexualidade-foto-jose-marques-3.jpg","articleSection":["Educa\u00e7\u00e3o"],"inLanguage":"pt-BR"},{"@type":"WebPage","@id":"https:\/\/noticiasemdestaque.com\/cd\/?p=3073","url":"https:\/\/noticiasemdestaque.com\/cd\/?p=3073","name":"Ricardo autoriza chamada p\u00fablica de curso sobre sexualidade, preven\u00e7\u00e3o \u00e0s IST\/HIV\/Aids\/Hepatites - Not&iacute;cias em Destaque","isPartOf":{"@id":"https:\/\/noticiasemdestaque.com\/cd\/#website"},"primaryImageOfPage":{"@id":"https:\/\/noticiasemdestaque.com\/cd\/?p=3073#primaryimage"},"image":{"@id":"https:\/\/noticiasemdestaque.com\/cd\/?p=3073#primaryimage"},"thumbnailUrl":"https:\/\/noticiasemdestaque.com\/cd\/wp-content\/uploads\/2017\/08\/ricardo-assina-chamada-publica-de-cursos-sobre-sexualidade-foto-jose-marques-3.jpg","datePublished":"2017-08-13T16:39:02+00:00","breadcrumb":{"@id":"https:\/\/noticiasemdestaque.com\/cd\/?p=3073#breadcrumb"},"inLanguage":"pt-BR","potentialAction":[{"@type":"ReadAction","target":["https:\/\/noticiasemdestaque.com\/cd\/?p=3073"]}]},{"@type":"ImageObject","inLanguage":"pt-BR","@id":"https:\/\/noticiasemdestaque.com\/cd\/?p=3073#primaryimage","url":"https:\/\/noticiasemdestaque.com\/cd\/wp-content\/uploads\/2017\/08\/ricardo-assina-chamada-publica-de-cursos-sobre-sexualidade-foto-jose-marques-3.jpg","contentUrl":"https:\/\/noticiasemdestaque.com\/cd\/wp-content\/uploads\/2017\/08\/ricardo-assina-chamada-publica-de-cursos-sobre-sexualidade-foto-jose-marques-3.jpg","width":480,"height":340},{"@type":"BreadcrumbList","@id":"https:\/\/noticiasemdestaque.com\/cd\/?p=3073#breadcrumb","itemListElement":[{"@type":"ListItem","position":1,"name":"In\u00edcio","item":"https:\/\/noticiasemdestaque.com\/cd\/"},{"@type":"ListItem","position":2,"name":"Ricardo autoriza chamada p\u00fablica de curso sobre sexualidade, preven\u00e7\u00e3o \u00e0s IST\/HIV\/Aids\/Hepatites"}]},{"@type":"WebSite","@id":"https:\/\/noticiasemdestaque.com\/cd\/#website","url":"https:\/\/noticiasemdestaque.com\/cd\/","name":"Not&iacute;cias em Destaque","description":"","publisher":{"@id":"https:\/\/noticiasemdestaque.com\/cd\/#organization"},"potentialAction":[{"@type":"SearchAction","target":{"@type":"EntryPoint","urlTemplate":"https:\/\/noticiasemdestaque.com\/cd\/?s={search_term_string}"},"query-input":{"@type":"PropertyValueSpecification","valueRequired":true,"valueName":"search_term_string"}}],"inLanguage":"pt-BR"},{"@type":"Organization","@id":"https:\/\/noticiasemdestaque.com\/cd\/#organization","name":"Not\u00edcias em Destaque","url":"https:\/\/noticiasemdestaque.com\/cd\/","logo":{"@type":"ImageObject","inLanguage":"pt-BR","@id":"https:\/\/noticiasemdestaque.com\/cd\/#\/schema\/logo\/image\/","url":"https:\/\/noticiasemdestaque.com\/cd\/wp-content\/uploads\/2022\/05\/imagem-base-noticiasemdestaque.png","contentUrl":"https:\/\/noticiasemdestaque.com\/cd\/wp-content\/uploads\/2022\/05\/imagem-base-noticiasemdestaque.png","width":1200,"height":630,"caption":"Not\u00edcias em Destaque"},"image":{"@id":"https:\/\/noticiasemdestaque.com\/cd\/#\/schema\/logo\/image\/"}},{"@type":"Person","@id":"https:\/\/noticiasemdestaque.com\/cd\/#\/schema\/person\/4a81fb71f77579d059c3045891fa1786","name":"Not\u00edcias em Destaque","url":"https:\/\/noticiasemdestaque.com\/cd\/?author=2"}]}},"jetpack_featured_media_url":"https:\/\/noticiasemdestaque.com\/cd\/wp-content\/uploads\/2017\/08\/ricardo-assina-chamada-publica-de-cursos-sobre-sexualidade-foto-jose-marques-3.jpg","jetpack_sharing_enabled":true,"_links":{"self":[{"href":"https:\/\/noticiasemdestaque.com\/cd\/index.php?rest_route=\/wp\/v2\/posts\/3073","targetHints":{"allow":["GET"]}}],"collection":[{"href":"https:\/\/noticiasemdestaque.com\/cd\/index.php?rest_route=\/wp\/v2\/posts"}],"about":[{"href":"https:\/\/noticiasemdestaque.com\/cd\/index.php?rest_route=\/wp\/v2\/types\/post"}],"author":[{"embeddable":true,"href":"https:\/\/noticiasemdestaque.com\/cd\/index.php?rest_route=\/wp\/v2\/users\/2"}],"replies":[{"embeddable":true,"href":"https:\/\/noticiasemdestaque.com\/cd\/index.php?rest_route=%2Fwp%2Fv2%2Fcomments&post=3073"}],"version-history":[{"count":1,"href":"https:\/\/noticiasemdestaque.com\/cd\/index.php?rest_route=\/wp\/v2\/posts\/3073\/revisions"}],"predecessor-version":[{"id":3076,"href":"https:\/\/noticiasemdestaque.com\/cd\/index.php?rest_route=\/wp\/v2\/posts\/3073\/revisions\/3076"}],"wp:featuredmedia":[{"embeddable":true,"href":"https:\/\/noticiasemdestaque.com\/cd\/index.php?rest_route=\/wp\/v2\/media\/3075"}],"wp:attachment":[{"href":"https:\/\/noticiasemdestaque.com\/cd\/index.php?rest_route=%2Fwp%2Fv2%2Fmedia&parent=3073"}],"wp:term":[{"taxonomy":"category","embeddable":true,"href":"https:\/\/noticiasemdestaque.com\/cd\/index.php?rest_route=%2Fwp%2Fv2%2Fcategories&post=3073"},{"taxonomy":"post_tag","embeddable":true,"href":"https:\/\/noticiasemdestaque.com\/cd\/index.php?rest_route=%2Fwp%2Fv2%2Ftags&post=3073"}],"curies":[{"name":"wp","href":"https:\/\/api.w.org\/{rel}","templated":true}]}}