{"id":3049,"date":"2017-08-13T12:22:10","date_gmt":"2017-08-13T15:22:10","guid":{"rendered":"http:\/\/caririemdestaque.com\/cd\/?p=3049"},"modified":"2017-08-13T12:22:10","modified_gmt":"2017-08-13T15:22:10","slug":"convocados-para-revisao-do-auxilio-doenca-tem-ate-dia-21-para-agendar-pericia","status":"publish","type":"post","link":"https:\/\/noticiasemdestaque.com\/cd\/?p=3049","title":{"rendered":"Convocados para revis\u00e3o do aux\u00edlio-doen\u00e7a t\u00eam at\u00e9 dia 21 para agendar per\u00edcia"},"content":{"rendered":"<p><a href=\"http:\/\/caririemdestaque.com\/cd\/wp-content\/uploads\/2017\/08\/csm_inss-previdencia-vanessarodrigues_f2d54474e1.jpg\"><img fetchpriority=\"high\" decoding=\"async\" class=\"size-medium wp-image-3050 alignleft\" src=\"http:\/\/caririemdestaque.com\/cd\/wp-content\/uploads\/2017\/08\/csm_inss-previdencia-vanessarodrigues_f2d54474e1-300x200.jpg\" alt=\"\" width=\"300\" height=\"200\" srcset=\"https:\/\/noticiasemdestaque.com\/cd\/wp-content\/uploads\/2017\/08\/csm_inss-previdencia-vanessarodrigues_f2d54474e1-300x200.jpg 300w, https:\/\/noticiasemdestaque.com\/cd\/wp-content\/uploads\/2017\/08\/csm_inss-previdencia-vanessarodrigues_f2d54474e1-480x320.jpg 480w, https:\/\/noticiasemdestaque.com\/cd\/wp-content\/uploads\/2017\/08\/csm_inss-previdencia-vanessarodrigues_f2d54474e1.jpg 620w\" sizes=\"(max-width: 300px) 100vw, 300px\" \/><\/a>Os benefici\u00e1rios do aux\u00edlio-doen\u00e7a convocados pelo Instituto Nacional do Seguro Social (INSS) em 1\u00ba de agosto t\u00eam at\u00e9 o dia 21 deste m\u00eas para agendar a per\u00edcia de revis\u00e3o do benef\u00edcio. Foram chamados 55.152 pessoas que n\u00e3o foram localizados pelo INSS por alguma inconsist\u00eancia no endere\u00e7o.<\/p>\n<p>A lista dos convocados est\u00e1 dispon\u00edvel no site do Minist\u00e9rio do Desenvolvimento Social (MDS) e no Di\u00e1rio Oficial da Uni\u00e3o (DOU). Para o benefici\u00e1rio conferir se o nome consta na lista do DOU, no campo de busca do site ele deve digitar o nome, selecionando apenas a se\u00e7\u00e3o 3 e a data de 1\u00ba de agosto.<\/p>\n<p>Caso tenha sido convocada, a pessoa dever\u00e1 entrar em contato exclusivamente com a central de atendimento, ligando para o n\u00famero 135. N\u00e3o \u00e9 preciso ir at\u00e9 uma ag\u00eancia do INSS para fazer a marca\u00e7\u00e3o da per\u00edcia. Pelo 135, tamb\u00e9m \u00e9 poss\u00edvel atualizar o endere\u00e7o.<\/p>\n<p>Na ocasi\u00e3o da per\u00edcia, dever\u00e1 ser apresentada toda a documenta\u00e7\u00e3o m\u00e9dica que justifique o recebimento do benef\u00edcio, como atestados, laudos, receitas e exames. O segurado que estiver internado ou enfermo e n\u00e3o puder comparecer, dever\u00e1 requerer a per\u00edcia domiciliar ou hospitalar. A solicita\u00e7\u00e3o deve ser feita em uma ag\u00eancia do INSS por um representante, com documento m\u00e9dico indicando a condi\u00e7\u00e3o de impossibilidade.<\/p>\n<p>Se o benefici\u00e1rio n\u00e3o entrar em contato ou n\u00e3o comparecer na data agendada, o aux\u00edlio-doen\u00e7a ser\u00e1 bloqueado. A partir do bloqueio, ele tem 60 dias para marcar a per\u00edcia. Com o agendamento dentro do prazo, o benef\u00edcio \u00e9 liberado at\u00e9 a realiza\u00e7\u00e3o da per\u00edcia. Se passados 60 dias sem que o benefici\u00e1rio se manifeste, o benef\u00edcio \u00e9 cancelado.<\/p>\n<p>Segundo o MDS, o objetivo do pente-fino adotado pelo governo federal \u00e9 garantir que os recursos p\u00fablicos cheguem a quem realmente precisa. Ao todo, 530.191 benef\u00edcios de aux\u00edlio-doen\u00e7a ser\u00e3o revisados.<\/p>\n<p>At\u00e9 14 de julho, foram realizadas 199.981 per\u00edcias. Como resultado, 159.964 pessoas tiveram o benef\u00edcio cancelado por n\u00e3o precisarem mais receb\u00ea-lo. A aus\u00eancia de convocados na per\u00edcia levou ao cancelamento de outros 20.304 benef\u00edcios. Al\u00e9m disso, 31.863 benef\u00edcios foram convertidos em aposentadoria por invalidez, 1.802 em aux\u00edlio-acidente, 1.058 em aposentadoria por invalidez com acr\u00e9scimo de 25% no valor do benef\u00edcio e 5.294 pessoas foram encaminhadas para reabilita\u00e7\u00e3o profissional.<\/p>\n<p>A economia anual estimada at\u00e9 agora \u00e9 de R$ 2,6 bilh\u00f5es.<\/p>\n<p><strong><em>Cariri em Destaque<\/em><\/strong><\/p>\n<p>Com EBC<\/p>\n","protected":false},"excerpt":{"rendered":"<p>Os benefici\u00e1rios do aux\u00edlio-doen\u00e7a convocados pelo Instituto Nacional do Seguro Social (INSS) em 1\u00ba de agosto t\u00eam at\u00e9 o dia 21 deste m\u00eas para agendar a per\u00edcia de revis\u00e3o do benef\u00edcio. Foram chamados 55.152 pessoas que n\u00e3o foram localizados pelo INSS por alguma inconsist\u00eancia no endere\u00e7o. A lista dos convocados est\u00e1 dispon\u00edvel no site do Minist\u00e9rio do Desenvolvimento Social (MDS) e no Di\u00e1rio Oficial da Uni\u00e3o (DOU). Para o benefici\u00e1rio conferir se o nome consta na lista do DOU, no campo de busca do site ele deve digitar o nome, selecionando apenas a se\u00e7\u00e3o 3 e a data de 1\u00ba de agosto. Caso tenha sido convocada, a pessoa dever\u00e1 entrar em contato exclusivamente com a central de atendimento, ligando para o n\u00famero 135. N\u00e3o \u00e9 preciso ir at\u00e9 uma ag\u00eancia do INSS para fazer a marca\u00e7\u00e3o da per\u00edcia. Pelo 135, tamb\u00e9m \u00e9 poss\u00edvel atualizar o endere\u00e7o. Na ocasi\u00e3o da per\u00edcia, dever\u00e1 ser apresentada toda a documenta\u00e7\u00e3o m\u00e9dica que justifique o recebimento do benef\u00edcio, como atestados, laudos, receitas e exames. O segurado que estiver internado ou enfermo e n\u00e3o puder comparecer, dever\u00e1 requerer a per\u00edcia domiciliar ou hospitalar. A solicita\u00e7\u00e3o deve ser feita em uma ag\u00eancia do INSS por um representante, com documento m\u00e9dico indicando a condi\u00e7\u00e3o de impossibilidade. Se o benefici\u00e1rio n\u00e3o entrar em contato ou n\u00e3o comparecer na data agendada, o aux\u00edlio-doen\u00e7a ser\u00e1 bloqueado. A partir do bloqueio, ele tem 60 dias para marcar a per\u00edcia. Com o agendamento dentro do prazo, o benef\u00edcio \u00e9 liberado at\u00e9 a realiza\u00e7\u00e3o da per\u00edcia. Se passados 60 dias sem que o benefici\u00e1rio se manifeste, o benef\u00edcio \u00e9 cancelado. Segundo o MDS, o objetivo do pente-fino adotado pelo governo federal \u00e9 garantir que os recursos p\u00fablicos cheguem a quem realmente precisa. Ao todo, 530.191 benef\u00edcios de aux\u00edlio-doen\u00e7a ser\u00e3o revisados. At\u00e9 14 de julho, foram realizadas 199.981 per\u00edcias. Como resultado, 159.964 pessoas tiveram o benef\u00edcio cancelado por n\u00e3o precisarem mais receb\u00ea-lo. A aus\u00eancia de convocados na per\u00edcia levou ao cancelamento de outros 20.304 benef\u00edcios. Al\u00e9m disso, 31.863 benef\u00edcios foram convertidos em aposentadoria por invalidez, 1.802 em aux\u00edlio-acidente, 1.058 em aposentadoria por invalidez com acr\u00e9scimo de 25% no valor do benef\u00edcio e 5.294 pessoas foram encaminhadas para reabilita\u00e7\u00e3o profissional. A economia anual estimada at\u00e9 agora \u00e9 de R$ 2,6 bilh\u00f5es. Cariri em Destaque Com EBC<\/p>\n","protected":false},"author":2,"featured_media":3050,"comment_status":"closed","ping_status":"open","sticky":false,"template":"","format":"standard","meta":{"_eb_attr":"","_jetpack_memberships_contains_paid_content":false,"footnotes":""},"categories":[11],"tags":[],"class_list":["post-3049","post","type-post","status-publish","format-standard","has-post-thumbnail","hentry","category-economia"],"yoast_head":"<!-- This site is optimized with the Yoast SEO plugin v26.5 - https:\/\/yoast.com\/wordpress\/plugins\/seo\/ -->\n<title>Convocados para revis\u00e3o do aux\u00edlio-doen\u00e7a t\u00eam at\u00e9 dia 21 para agendar per\u00edcia - Not&iacute;cias em Destaque<\/title>\n<meta name=\"robots\" content=\"index, follow, max-snippet:-1, max-image-preview:large, max-video-preview:-1\" \/>\n<link rel=\"canonical\" href=\"https:\/\/noticiasemdestaque.com\/cd\/?p=3049\" \/>\n<meta property=\"og:locale\" content=\"pt_BR\" \/>\n<meta property=\"og:type\" content=\"article\" \/>\n<meta property=\"og:title\" content=\"Convocados para revis\u00e3o do aux\u00edlio-doen\u00e7a t\u00eam at\u00e9 dia 21 para agendar per\u00edcia - Not&iacute;cias em Destaque\" \/>\n<meta property=\"og:description\" content=\"Os benefici\u00e1rios do aux\u00edlio-doen\u00e7a convocados pelo Instituto Nacional do Seguro Social (INSS) em 1\u00ba de agosto t\u00eam at\u00e9 o dia 21 deste m\u00eas para agendar a per\u00edcia de revis\u00e3o do benef\u00edcio. Foram chamados 55.152 pessoas que n\u00e3o foram localizados pelo INSS por alguma inconsist\u00eancia no endere\u00e7o. A lista dos convocados est\u00e1 dispon\u00edvel no site do Minist\u00e9rio do Desenvolvimento Social (MDS) e no Di\u00e1rio Oficial da Uni\u00e3o (DOU). Para o benefici\u00e1rio conferir se o nome consta na lista do DOU, no campo de busca do site ele deve digitar o nome, selecionando apenas a se\u00e7\u00e3o 3 e a data de 1\u00ba de agosto. Caso tenha sido convocada, a pessoa dever\u00e1 entrar em contato exclusivamente com a central de atendimento, ligando para o n\u00famero 135. N\u00e3o \u00e9 preciso ir at\u00e9 uma ag\u00eancia do INSS para fazer a marca\u00e7\u00e3o da per\u00edcia. Pelo 135, tamb\u00e9m \u00e9 poss\u00edvel atualizar o endere\u00e7o. Na ocasi\u00e3o da per\u00edcia, dever\u00e1 ser apresentada toda a documenta\u00e7\u00e3o m\u00e9dica que justifique o recebimento do benef\u00edcio, como atestados, laudos, receitas e exames. O segurado que estiver internado ou enfermo e n\u00e3o puder comparecer, dever\u00e1 requerer a per\u00edcia domiciliar ou hospitalar. A solicita\u00e7\u00e3o deve ser feita em uma ag\u00eancia do INSS por um representante, com documento m\u00e9dico indicando a condi\u00e7\u00e3o de impossibilidade. Se o benefici\u00e1rio n\u00e3o entrar em contato ou n\u00e3o comparecer na data agendada, o aux\u00edlio-doen\u00e7a ser\u00e1 bloqueado. A partir do bloqueio, ele tem 60 dias para marcar a per\u00edcia. Com o agendamento dentro do prazo, o benef\u00edcio \u00e9 liberado at\u00e9 a realiza\u00e7\u00e3o da per\u00edcia. Se passados 60 dias sem que o benefici\u00e1rio se manifeste, o benef\u00edcio \u00e9 cancelado. Segundo o MDS, o objetivo do pente-fino adotado pelo governo federal \u00e9 garantir que os recursos p\u00fablicos cheguem a quem realmente precisa. Ao todo, 530.191 benef\u00edcios de aux\u00edlio-doen\u00e7a ser\u00e3o revisados. At\u00e9 14 de julho, foram realizadas 199.981 per\u00edcias. Como resultado, 159.964 pessoas tiveram o benef\u00edcio cancelado por n\u00e3o precisarem mais receb\u00ea-lo. A aus\u00eancia de convocados na per\u00edcia levou ao cancelamento de outros 20.304 benef\u00edcios. Al\u00e9m disso, 31.863 benef\u00edcios foram convertidos em aposentadoria por invalidez, 1.802 em aux\u00edlio-acidente, 1.058 em aposentadoria por invalidez com acr\u00e9scimo de 25% no valor do benef\u00edcio e 5.294 pessoas foram encaminhadas para reabilita\u00e7\u00e3o profissional. A economia anual estimada at\u00e9 agora \u00e9 de R$ 2,6 bilh\u00f5es. Cariri em Destaque Com EBC\" \/>\n<meta property=\"og:url\" content=\"https:\/\/noticiasemdestaque.com\/cd\/?p=3049\" \/>\n<meta property=\"og:site_name\" content=\"Not&iacute;cias em Destaque\" \/>\n<meta property=\"article:published_time\" content=\"2017-08-13T15:22:10+00:00\" \/>\n<meta property=\"og:image\" content=\"https:\/\/noticiasemdestaque.com\/cd\/wp-content\/uploads\/2017\/08\/csm_inss-previdencia-vanessarodrigues_f2d54474e1.jpg\" \/>\n\t<meta property=\"og:image:width\" content=\"620\" \/>\n\t<meta property=\"og:image:height\" content=\"413\" \/>\n\t<meta property=\"og:image:type\" content=\"image\/jpeg\" \/>\n<meta name=\"author\" content=\"Not\u00edcias em Destaque\" \/>\n<meta name=\"twitter:card\" content=\"summary_large_image\" \/>\n<meta name=\"twitter:label1\" content=\"Escrito por\" \/>\n\t<meta name=\"twitter:data1\" content=\"Not\u00edcias em Destaque\" \/>\n\t<meta name=\"twitter:label2\" content=\"Est. tempo de leitura\" \/>\n\t<meta name=\"twitter:data2\" content=\"2 minutos\" \/>\n<script type=\"application\/ld+json\" class=\"yoast-schema-graph\">{\"@context\":\"https:\/\/schema.org\",\"@graph\":[{\"@type\":\"Article\",\"@id\":\"https:\/\/noticiasemdestaque.com\/cd\/?p=3049#article\",\"isPartOf\":{\"@id\":\"https:\/\/noticiasemdestaque.com\/cd\/?p=3049\"},\"author\":{\"name\":\"Not\u00edcias em Destaque\",\"@id\":\"https:\/\/noticiasemdestaque.com\/cd\/#\/schema\/person\/4a81fb71f77579d059c3045891fa1786\"},\"headline\":\"Convocados para revis\u00e3o do aux\u00edlio-doen\u00e7a t\u00eam at\u00e9 dia 21 para agendar per\u00edcia\",\"datePublished\":\"2017-08-13T15:22:10+00:00\",\"mainEntityOfPage\":{\"@id\":\"https:\/\/noticiasemdestaque.com\/cd\/?p=3049\"},\"wordCount\":436,\"publisher\":{\"@id\":\"https:\/\/noticiasemdestaque.com\/cd\/#organization\"},\"image\":{\"@id\":\"https:\/\/noticiasemdestaque.com\/cd\/?p=3049#primaryimage\"},\"thumbnailUrl\":\"https:\/\/noticiasemdestaque.com\/cd\/wp-content\/uploads\/2017\/08\/csm_inss-previdencia-vanessarodrigues_f2d54474e1.jpg\",\"articleSection\":[\"Economia\"],\"inLanguage\":\"pt-BR\"},{\"@type\":\"WebPage\",\"@id\":\"https:\/\/noticiasemdestaque.com\/cd\/?p=3049\",\"url\":\"https:\/\/noticiasemdestaque.com\/cd\/?p=3049\",\"name\":\"Convocados para revis\u00e3o do aux\u00edlio-doen\u00e7a t\u00eam at\u00e9 dia 21 para agendar per\u00edcia - Not&iacute;cias em Destaque\",\"isPartOf\":{\"@id\":\"https:\/\/noticiasemdestaque.com\/cd\/#website\"},\"primaryImageOfPage\":{\"@id\":\"https:\/\/noticiasemdestaque.com\/cd\/?p=3049#primaryimage\"},\"image\":{\"@id\":\"https:\/\/noticiasemdestaque.com\/cd\/?p=3049#primaryimage\"},\"thumbnailUrl\":\"https:\/\/noticiasemdestaque.com\/cd\/wp-content\/uploads\/2017\/08\/csm_inss-previdencia-vanessarodrigues_f2d54474e1.jpg\",\"datePublished\":\"2017-08-13T15:22:10+00:00\",\"breadcrumb\":{\"@id\":\"https:\/\/noticiasemdestaque.com\/cd\/?p=3049#breadcrumb\"},\"inLanguage\":\"pt-BR\",\"potentialAction\":[{\"@type\":\"ReadAction\",\"target\":[\"https:\/\/noticiasemdestaque.com\/cd\/?p=3049\"]}]},{\"@type\":\"ImageObject\",\"inLanguage\":\"pt-BR\",\"@id\":\"https:\/\/noticiasemdestaque.com\/cd\/?p=3049#primaryimage\",\"url\":\"https:\/\/noticiasemdestaque.com\/cd\/wp-content\/uploads\/2017\/08\/csm_inss-previdencia-vanessarodrigues_f2d54474e1.jpg\",\"contentUrl\":\"https:\/\/noticiasemdestaque.com\/cd\/wp-content\/uploads\/2017\/08\/csm_inss-previdencia-vanessarodrigues_f2d54474e1.jpg\",\"width\":620,\"height\":413},{\"@type\":\"BreadcrumbList\",\"@id\":\"https:\/\/noticiasemdestaque.com\/cd\/?p=3049#breadcrumb\",\"itemListElement\":[{\"@type\":\"ListItem\",\"position\":1,\"name\":\"In\u00edcio\",\"item\":\"https:\/\/noticiasemdestaque.com\/cd\/\"},{\"@type\":\"ListItem\",\"position\":2,\"name\":\"Convocados para revis\u00e3o do aux\u00edlio-doen\u00e7a t\u00eam at\u00e9 dia 21 para agendar per\u00edcia\"}]},{\"@type\":\"WebSite\",\"@id\":\"https:\/\/noticiasemdestaque.com\/cd\/#website\",\"url\":\"https:\/\/noticiasemdestaque.com\/cd\/\",\"name\":\"Not&iacute;cias em Destaque\",\"description\":\"\",\"publisher\":{\"@id\":\"https:\/\/noticiasemdestaque.com\/cd\/#organization\"},\"potentialAction\":[{\"@type\":\"SearchAction\",\"target\":{\"@type\":\"EntryPoint\",\"urlTemplate\":\"https:\/\/noticiasemdestaque.com\/cd\/?s={search_term_string}\"},\"query-input\":{\"@type\":\"PropertyValueSpecification\",\"valueRequired\":true,\"valueName\":\"search_term_string\"}}],\"inLanguage\":\"pt-BR\"},{\"@type\":\"Organization\",\"@id\":\"https:\/\/noticiasemdestaque.com\/cd\/#organization\",\"name\":\"Not\u00edcias em Destaque\",\"url\":\"https:\/\/noticiasemdestaque.com\/cd\/\",\"logo\":{\"@type\":\"ImageObject\",\"inLanguage\":\"pt-BR\",\"@id\":\"https:\/\/noticiasemdestaque.com\/cd\/#\/schema\/logo\/image\/\",\"url\":\"https:\/\/noticiasemdestaque.com\/cd\/wp-content\/uploads\/2022\/05\/imagem-base-noticiasemdestaque.png\",\"contentUrl\":\"https:\/\/noticiasemdestaque.com\/cd\/wp-content\/uploads\/2022\/05\/imagem-base-noticiasemdestaque.png\",\"width\":1200,\"height\":630,\"caption\":\"Not\u00edcias em Destaque\"},\"image\":{\"@id\":\"https:\/\/noticiasemdestaque.com\/cd\/#\/schema\/logo\/image\/\"}},{\"@type\":\"Person\",\"@id\":\"https:\/\/noticiasemdestaque.com\/cd\/#\/schema\/person\/4a81fb71f77579d059c3045891fa1786\",\"name\":\"Not\u00edcias em Destaque\",\"url\":\"https:\/\/noticiasemdestaque.com\/cd\/?author=2\"}]}<\/script>\n<!-- \/ Yoast SEO plugin. -->","yoast_head_json":{"title":"Convocados para revis\u00e3o do aux\u00edlio-doen\u00e7a t\u00eam at\u00e9 dia 21 para agendar per\u00edcia - Not&iacute;cias em Destaque","robots":{"index":"index","follow":"follow","max-snippet":"max-snippet:-1","max-image-preview":"max-image-preview:large","max-video-preview":"max-video-preview:-1"},"canonical":"https:\/\/noticiasemdestaque.com\/cd\/?p=3049","og_locale":"pt_BR","og_type":"article","og_title":"Convocados para revis\u00e3o do aux\u00edlio-doen\u00e7a t\u00eam at\u00e9 dia 21 para agendar per\u00edcia - Not&iacute;cias em Destaque","og_description":"Os benefici\u00e1rios do aux\u00edlio-doen\u00e7a convocados pelo Instituto Nacional do Seguro Social (INSS) em 1\u00ba de agosto t\u00eam at\u00e9 o dia 21 deste m\u00eas para agendar a per\u00edcia de revis\u00e3o do benef\u00edcio. Foram chamados 55.152 pessoas que n\u00e3o foram localizados pelo INSS por alguma inconsist\u00eancia no endere\u00e7o. A lista dos convocados est\u00e1 dispon\u00edvel no site do Minist\u00e9rio do Desenvolvimento Social (MDS) e no Di\u00e1rio Oficial da Uni\u00e3o (DOU). Para o benefici\u00e1rio conferir se o nome consta na lista do DOU, no campo de busca do site ele deve digitar o nome, selecionando apenas a se\u00e7\u00e3o 3 e a data de 1\u00ba de agosto. Caso tenha sido convocada, a pessoa dever\u00e1 entrar em contato exclusivamente com a central de atendimento, ligando para o n\u00famero 135. N\u00e3o \u00e9 preciso ir at\u00e9 uma ag\u00eancia do INSS para fazer a marca\u00e7\u00e3o da per\u00edcia. Pelo 135, tamb\u00e9m \u00e9 poss\u00edvel atualizar o endere\u00e7o. Na ocasi\u00e3o da per\u00edcia, dever\u00e1 ser apresentada toda a documenta\u00e7\u00e3o m\u00e9dica que justifique o recebimento do benef\u00edcio, como atestados, laudos, receitas e exames. O segurado que estiver internado ou enfermo e n\u00e3o puder comparecer, dever\u00e1 requerer a per\u00edcia domiciliar ou hospitalar. A solicita\u00e7\u00e3o deve ser feita em uma ag\u00eancia do INSS por um representante, com documento m\u00e9dico indicando a condi\u00e7\u00e3o de impossibilidade. Se o benefici\u00e1rio n\u00e3o entrar em contato ou n\u00e3o comparecer na data agendada, o aux\u00edlio-doen\u00e7a ser\u00e1 bloqueado. A partir do bloqueio, ele tem 60 dias para marcar a per\u00edcia. Com o agendamento dentro do prazo, o benef\u00edcio \u00e9 liberado at\u00e9 a realiza\u00e7\u00e3o da per\u00edcia. Se passados 60 dias sem que o benefici\u00e1rio se manifeste, o benef\u00edcio \u00e9 cancelado. Segundo o MDS, o objetivo do pente-fino adotado pelo governo federal \u00e9 garantir que os recursos p\u00fablicos cheguem a quem realmente precisa. Ao todo, 530.191 benef\u00edcios de aux\u00edlio-doen\u00e7a ser\u00e3o revisados. At\u00e9 14 de julho, foram realizadas 199.981 per\u00edcias. Como resultado, 159.964 pessoas tiveram o benef\u00edcio cancelado por n\u00e3o precisarem mais receb\u00ea-lo. A aus\u00eancia de convocados na per\u00edcia levou ao cancelamento de outros 20.304 benef\u00edcios. Al\u00e9m disso, 31.863 benef\u00edcios foram convertidos em aposentadoria por invalidez, 1.802 em aux\u00edlio-acidente, 1.058 em aposentadoria por invalidez com acr\u00e9scimo de 25% no valor do benef\u00edcio e 5.294 pessoas foram encaminhadas para reabilita\u00e7\u00e3o profissional. A economia anual estimada at\u00e9 agora \u00e9 de R$ 2,6 bilh\u00f5es. Cariri em Destaque Com EBC","og_url":"https:\/\/noticiasemdestaque.com\/cd\/?p=3049","og_site_name":"Not&iacute;cias em Destaque","article_published_time":"2017-08-13T15:22:10+00:00","og_image":[{"width":620,"height":413,"url":"https:\/\/noticiasemdestaque.com\/cd\/wp-content\/uploads\/2017\/08\/csm_inss-previdencia-vanessarodrigues_f2d54474e1.jpg","type":"image\/jpeg"}],"author":"Not\u00edcias em Destaque","twitter_card":"summary_large_image","twitter_misc":{"Escrito por":"Not\u00edcias em Destaque","Est. tempo de leitura":"2 minutos"},"schema":{"@context":"https:\/\/schema.org","@graph":[{"@type":"Article","@id":"https:\/\/noticiasemdestaque.com\/cd\/?p=3049#article","isPartOf":{"@id":"https:\/\/noticiasemdestaque.com\/cd\/?p=3049"},"author":{"name":"Not\u00edcias em Destaque","@id":"https:\/\/noticiasemdestaque.com\/cd\/#\/schema\/person\/4a81fb71f77579d059c3045891fa1786"},"headline":"Convocados para revis\u00e3o do aux\u00edlio-doen\u00e7a t\u00eam at\u00e9 dia 21 para agendar per\u00edcia","datePublished":"2017-08-13T15:22:10+00:00","mainEntityOfPage":{"@id":"https:\/\/noticiasemdestaque.com\/cd\/?p=3049"},"wordCount":436,"publisher":{"@id":"https:\/\/noticiasemdestaque.com\/cd\/#organization"},"image":{"@id":"https:\/\/noticiasemdestaque.com\/cd\/?p=3049#primaryimage"},"thumbnailUrl":"https:\/\/noticiasemdestaque.com\/cd\/wp-content\/uploads\/2017\/08\/csm_inss-previdencia-vanessarodrigues_f2d54474e1.jpg","articleSection":["Economia"],"inLanguage":"pt-BR"},{"@type":"WebPage","@id":"https:\/\/noticiasemdestaque.com\/cd\/?p=3049","url":"https:\/\/noticiasemdestaque.com\/cd\/?p=3049","name":"Convocados para revis\u00e3o do aux\u00edlio-doen\u00e7a t\u00eam at\u00e9 dia 21 para agendar per\u00edcia - Not&iacute;cias em Destaque","isPartOf":{"@id":"https:\/\/noticiasemdestaque.com\/cd\/#website"},"primaryImageOfPage":{"@id":"https:\/\/noticiasemdestaque.com\/cd\/?p=3049#primaryimage"},"image":{"@id":"https:\/\/noticiasemdestaque.com\/cd\/?p=3049#primaryimage"},"thumbnailUrl":"https:\/\/noticiasemdestaque.com\/cd\/wp-content\/uploads\/2017\/08\/csm_inss-previdencia-vanessarodrigues_f2d54474e1.jpg","datePublished":"2017-08-13T15:22:10+00:00","breadcrumb":{"@id":"https:\/\/noticiasemdestaque.com\/cd\/?p=3049#breadcrumb"},"inLanguage":"pt-BR","potentialAction":[{"@type":"ReadAction","target":["https:\/\/noticiasemdestaque.com\/cd\/?p=3049"]}]},{"@type":"ImageObject","inLanguage":"pt-BR","@id":"https:\/\/noticiasemdestaque.com\/cd\/?p=3049#primaryimage","url":"https:\/\/noticiasemdestaque.com\/cd\/wp-content\/uploads\/2017\/08\/csm_inss-previdencia-vanessarodrigues_f2d54474e1.jpg","contentUrl":"https:\/\/noticiasemdestaque.com\/cd\/wp-content\/uploads\/2017\/08\/csm_inss-previdencia-vanessarodrigues_f2d54474e1.jpg","width":620,"height":413},{"@type":"BreadcrumbList","@id":"https:\/\/noticiasemdestaque.com\/cd\/?p=3049#breadcrumb","itemListElement":[{"@type":"ListItem","position":1,"name":"In\u00edcio","item":"https:\/\/noticiasemdestaque.com\/cd\/"},{"@type":"ListItem","position":2,"name":"Convocados para revis\u00e3o do aux\u00edlio-doen\u00e7a t\u00eam at\u00e9 dia 21 para agendar per\u00edcia"}]},{"@type":"WebSite","@id":"https:\/\/noticiasemdestaque.com\/cd\/#website","url":"https:\/\/noticiasemdestaque.com\/cd\/","name":"Not&iacute;cias em Destaque","description":"","publisher":{"@id":"https:\/\/noticiasemdestaque.com\/cd\/#organization"},"potentialAction":[{"@type":"SearchAction","target":{"@type":"EntryPoint","urlTemplate":"https:\/\/noticiasemdestaque.com\/cd\/?s={search_term_string}"},"query-input":{"@type":"PropertyValueSpecification","valueRequired":true,"valueName":"search_term_string"}}],"inLanguage":"pt-BR"},{"@type":"Organization","@id":"https:\/\/noticiasemdestaque.com\/cd\/#organization","name":"Not\u00edcias em Destaque","url":"https:\/\/noticiasemdestaque.com\/cd\/","logo":{"@type":"ImageObject","inLanguage":"pt-BR","@id":"https:\/\/noticiasemdestaque.com\/cd\/#\/schema\/logo\/image\/","url":"https:\/\/noticiasemdestaque.com\/cd\/wp-content\/uploads\/2022\/05\/imagem-base-noticiasemdestaque.png","contentUrl":"https:\/\/noticiasemdestaque.com\/cd\/wp-content\/uploads\/2022\/05\/imagem-base-noticiasemdestaque.png","width":1200,"height":630,"caption":"Not\u00edcias em Destaque"},"image":{"@id":"https:\/\/noticiasemdestaque.com\/cd\/#\/schema\/logo\/image\/"}},{"@type":"Person","@id":"https:\/\/noticiasemdestaque.com\/cd\/#\/schema\/person\/4a81fb71f77579d059c3045891fa1786","name":"Not\u00edcias em Destaque","url":"https:\/\/noticiasemdestaque.com\/cd\/?author=2"}]}},"jetpack_featured_media_url":"https:\/\/noticiasemdestaque.com\/cd\/wp-content\/uploads\/2017\/08\/csm_inss-previdencia-vanessarodrigues_f2d54474e1.jpg","jetpack_sharing_enabled":true,"_links":{"self":[{"href":"https:\/\/noticiasemdestaque.com\/cd\/index.php?rest_route=\/wp\/v2\/posts\/3049","targetHints":{"allow":["GET"]}}],"collection":[{"href":"https:\/\/noticiasemdestaque.com\/cd\/index.php?rest_route=\/wp\/v2\/posts"}],"about":[{"href":"https:\/\/noticiasemdestaque.com\/cd\/index.php?rest_route=\/wp\/v2\/types\/post"}],"author":[{"embeddable":true,"href":"https:\/\/noticiasemdestaque.com\/cd\/index.php?rest_route=\/wp\/v2\/users\/2"}],"replies":[{"embeddable":true,"href":"https:\/\/noticiasemdestaque.com\/cd\/index.php?rest_route=%2Fwp%2Fv2%2Fcomments&post=3049"}],"version-history":[{"count":1,"href":"https:\/\/noticiasemdestaque.com\/cd\/index.php?rest_route=\/wp\/v2\/posts\/3049\/revisions"}],"predecessor-version":[{"id":3051,"href":"https:\/\/noticiasemdestaque.com\/cd\/index.php?rest_route=\/wp\/v2\/posts\/3049\/revisions\/3051"}],"wp:featuredmedia":[{"embeddable":true,"href":"https:\/\/noticiasemdestaque.com\/cd\/index.php?rest_route=\/wp\/v2\/media\/3050"}],"wp:attachment":[{"href":"https:\/\/noticiasemdestaque.com\/cd\/index.php?rest_route=%2Fwp%2Fv2%2Fmedia&parent=3049"}],"wp:term":[{"taxonomy":"category","embeddable":true,"href":"https:\/\/noticiasemdestaque.com\/cd\/index.php?rest_route=%2Fwp%2Fv2%2Fcategories&post=3049"},{"taxonomy":"post_tag","embeddable":true,"href":"https:\/\/noticiasemdestaque.com\/cd\/index.php?rest_route=%2Fwp%2Fv2%2Ftags&post=3049"}],"curies":[{"name":"wp","href":"https:\/\/api.w.org\/{rel}","templated":true}]}}