{"id":3037,"date":"2017-08-13T11:53:20","date_gmt":"2017-08-13T14:53:20","guid":{"rendered":"http:\/\/caririemdestaque.com\/cd\/?p=3037"},"modified":"2017-08-13T12:52:49","modified_gmt":"2017-08-13T15:52:49","slug":"camara-de-sume-aprova-pl-que-destina-unidades-habitacionais-a-idosos-e-portadores-de-necessidades-especiais","status":"publish","type":"post","link":"https:\/\/noticiasemdestaque.com\/cd\/?p=3037","title":{"rendered":"C\u00e2mara de Sum\u00e9 aprova PL que destina unidades habitacionais a idosos e portadores de necessidades especiais"},"content":{"rendered":"<p><a href=\"http:\/\/caririemdestaque.com\/cd\/wp-content\/uploads\/2017\/08\/DSC_0080.jpg\"><img decoding=\"async\" class=\"wp-image-3039 alignleft\" src=\"http:\/\/caririemdestaque.com\/cd\/wp-content\/uploads\/2017\/08\/DSC_0080-247x300.jpg\" alt=\"\" width=\"168\" height=\"204\" srcset=\"https:\/\/noticiasemdestaque.com\/cd\/wp-content\/uploads\/2017\/08\/DSC_0080-247x300.jpg 247w, https:\/\/noticiasemdestaque.com\/cd\/wp-content\/uploads\/2017\/08\/DSC_0080.jpg 768w\" sizes=\"(max-width: 168px) 100vw, 168px\" \/><\/a><\/p>\n<p>Nesta sexta-feira (11\/08) foi aprovado o Projeto de Lei de autoria do vereador Bonilson T\u00edmoteo, que torna obrigat\u00f3rio a destina\u00e7\u00e3o de pelo menos 10% de unidades habitacionais as pessoas com idade igual ou superior a 60 anos ou portadores de necessidades especiais.<\/p>\n<p>A obrigatoriedade destina-se a casas constru\u00eddas com recursos pr\u00f3prios ou decorrentes de conv\u00eanios, cons\u00f3rcios, parcerias e outras com o Governo do Estado- Companhia Estadual de Habita\u00e7\u00e3o Popular- CEHAP-, com o Governo Federal- Sistema Financeiro de Habita\u00e7\u00e3o, ou equivalente, ou por ele subsidiada.<\/p>\n<p><a href=\"http:\/\/caririemdestaque.com\/cd\/wp-content\/uploads\/2017\/08\/DSC_0076.jpg\"><img decoding=\"async\" class=\"wp-image-3038 alignright\" src=\"http:\/\/caririemdestaque.com\/cd\/wp-content\/uploads\/2017\/08\/DSC_0076-259x300.jpg\" alt=\"\" width=\"154\" height=\"178\" srcset=\"https:\/\/noticiasemdestaque.com\/cd\/wp-content\/uploads\/2017\/08\/DSC_0076-259x300.jpg 259w, https:\/\/noticiasemdestaque.com\/cd\/wp-content\/uploads\/2017\/08\/DSC_0076.jpg 768w\" sizes=\"(max-width: 154px) 100vw, 154px\" \/><\/a><\/p>\n<p>Durante a reuni\u00e3o foi aprovado o Projeto de Lei 420\/2017, de autoria do Jeffeson Menezes, que altera o artigo 1\u00ba da Lei 203\/2016, passando a vigorar a seguinte rela\u00e7\u00e3o;<\/p>\n<p>&#8211; As escolas p\u00fablicas e privadas da educa\u00e7\u00e3o b\u00e1sica do munic\u00edpio de Sum\u00e9 dever\u00e3o incluir em seus projetos pedag\u00f3gicos medidas de conscientiza\u00e7\u00e3o, preven\u00e7\u00e3o e combate ao Bullyng escolar.<\/p>\n<p><a href=\"http:\/\/caririemdestaque.com\/cd\/wp-content\/uploads\/2017\/08\/DSC_0064-1.jpg\"><img decoding=\"async\" class=\"wp-image-3041 alignleft\" src=\"http:\/\/caririemdestaque.com\/cd\/wp-content\/uploads\/2017\/08\/DSC_0064-1-300x200.jpg\" alt=\"\" width=\"188\" height=\"125\" srcset=\"https:\/\/noticiasemdestaque.com\/cd\/wp-content\/uploads\/2017\/08\/DSC_0064-1-300x200.jpg 300w, https:\/\/noticiasemdestaque.com\/cd\/wp-content\/uploads\/2017\/08\/DSC_0064-1-768x511.jpg 768w, https:\/\/noticiasemdestaque.com\/cd\/wp-content\/uploads\/2017\/08\/DSC_0064-1.jpg 1024w, https:\/\/noticiasemdestaque.com\/cd\/wp-content\/uploads\/2017\/08\/DSC_0064-1-480x320.jpg 480w\" sizes=\"(max-width: 188px) 100vw, 188px\" \/><\/a><\/p>\n<p>Os vereadores receberam durante a reuni\u00e3o os Agentes de Endemias do munic\u00edpio que solicitaram apoio do Legislativo, para a classe consiga junto ao Executivo a inclus\u00e3o da insalubridade dos profissionais.<\/p>\n<p><strong><em>Cariri em Destaque \u00a0<\/em><\/strong><\/p>\n<p>Ascom<\/p>\n","protected":false},"excerpt":{"rendered":"<p>Nesta sexta-feira (11\/08) foi aprovado o Projeto de Lei de autoria do vereador Bonilson T\u00edmoteo, que torna obrigat\u00f3rio a destina\u00e7\u00e3o de pelo menos 10% de unidades habitacionais as pessoas com idade igual ou superior a 60 anos ou portadores de necessidades especiais. A obrigatoriedade destina-se a casas constru\u00eddas com recursos pr\u00f3prios ou decorrentes de conv\u00eanios, cons\u00f3rcios, parcerias e outras com o Governo do Estado- Companhia Estadual de Habita\u00e7\u00e3o Popular- CEHAP-, com o Governo Federal- Sistema Financeiro de Habita\u00e7\u00e3o, ou equivalente, ou por ele subsidiada. Durante a reuni\u00e3o foi aprovado o Projeto de Lei 420\/2017, de autoria do Jeffeson Menezes, que altera o artigo 1\u00ba da Lei 203\/2016, passando a vigorar a seguinte rela\u00e7\u00e3o; &#8211; As escolas p\u00fablicas e privadas da educa\u00e7\u00e3o b\u00e1sica do munic\u00edpio de Sum\u00e9 dever\u00e3o incluir em seus projetos pedag\u00f3gicos medidas de conscientiza\u00e7\u00e3o, preven\u00e7\u00e3o e combate ao Bullyng escolar. Os vereadores receberam durante a reuni\u00e3o os Agentes de Endemias do munic\u00edpio que solicitaram apoio do Legislativo, para a classe consiga junto ao Executivo a inclus\u00e3o da insalubridade dos profissionais. Cariri em Destaque \u00a0 Ascom<\/p>\n","protected":false},"author":2,"featured_media":3040,"comment_status":"closed","ping_status":"open","sticky":false,"template":"","format":"standard","meta":{"_eb_attr":"","_jetpack_memberships_contains_paid_content":false,"footnotes":""},"categories":[4],"tags":[],"class_list":["post-3037","post","type-post","status-publish","format-standard","has-post-thumbnail","hentry","category-politica"],"yoast_head":"<!-- This site is optimized with the Yoast SEO plugin v26.5 - https:\/\/yoast.com\/wordpress\/plugins\/seo\/ -->\n<title>C\u00e2mara de Sum\u00e9 aprova PL que destina unidades habitacionais a idosos e portadores de necessidades especiais - Not&iacute;cias em Destaque<\/title>\n<meta name=\"robots\" content=\"index, follow, max-snippet:-1, max-image-preview:large, max-video-preview:-1\" \/>\n<link rel=\"canonical\" href=\"https:\/\/noticiasemdestaque.com\/cd\/?p=3037\" \/>\n<meta property=\"og:locale\" content=\"pt_BR\" \/>\n<meta property=\"og:type\" content=\"article\" \/>\n<meta property=\"og:title\" content=\"C\u00e2mara de Sum\u00e9 aprova PL que destina unidades habitacionais a idosos e portadores de necessidades especiais - Not&iacute;cias em Destaque\" \/>\n<meta property=\"og:description\" content=\"Nesta sexta-feira (11\/08) foi aprovado o Projeto de Lei de autoria do vereador Bonilson T\u00edmoteo, que torna obrigat\u00f3rio a destina\u00e7\u00e3o de pelo menos 10% de unidades habitacionais as pessoas com idade igual ou superior a 60 anos ou portadores de necessidades especiais. A obrigatoriedade destina-se a casas constru\u00eddas com recursos pr\u00f3prios ou decorrentes de conv\u00eanios, cons\u00f3rcios, parcerias e outras com o Governo do Estado- Companhia Estadual de Habita\u00e7\u00e3o Popular- CEHAP-, com o Governo Federal- Sistema Financeiro de Habita\u00e7\u00e3o, ou equivalente, ou por ele subsidiada. Durante a reuni\u00e3o foi aprovado o Projeto de Lei 420\/2017, de autoria do Jeffeson Menezes, que altera o artigo 1\u00ba da Lei 203\/2016, passando a vigorar a seguinte rela\u00e7\u00e3o; &#8211; As escolas p\u00fablicas e privadas da educa\u00e7\u00e3o b\u00e1sica do munic\u00edpio de Sum\u00e9 dever\u00e3o incluir em seus projetos pedag\u00f3gicos medidas de conscientiza\u00e7\u00e3o, preven\u00e7\u00e3o e combate ao Bullyng escolar. Os vereadores receberam durante a reuni\u00e3o os Agentes de Endemias do munic\u00edpio que solicitaram apoio do Legislativo, para a classe consiga junto ao Executivo a inclus\u00e3o da insalubridade dos profissionais. Cariri em Destaque \u00a0 Ascom\" \/>\n<meta property=\"og:url\" content=\"https:\/\/noticiasemdestaque.com\/cd\/?p=3037\" \/>\n<meta property=\"og:site_name\" content=\"Not&iacute;cias em Destaque\" \/>\n<meta property=\"article:published_time\" content=\"2017-08-13T14:53:20+00:00\" \/>\n<meta property=\"article:modified_time\" content=\"2017-08-13T15:52:49+00:00\" \/>\n<meta property=\"og:image\" content=\"https:\/\/noticiasemdestaque.com\/cd\/wp-content\/uploads\/2017\/08\/DSC_0084.jpg\" \/>\n\t<meta property=\"og:image:width\" content=\"1024\" \/>\n\t<meta property=\"og:image:height\" content=\"681\" \/>\n\t<meta property=\"og:image:type\" content=\"image\/jpeg\" \/>\n<meta name=\"author\" content=\"Not\u00edcias em Destaque\" \/>\n<meta name=\"twitter:card\" content=\"summary_large_image\" \/>\n<meta name=\"twitter:label1\" content=\"Escrito por\" \/>\n\t<meta name=\"twitter:data1\" content=\"Not\u00edcias em Destaque\" \/>\n\t<meta name=\"twitter:label2\" content=\"Est. tempo de leitura\" \/>\n\t<meta name=\"twitter:data2\" content=\"1 minuto\" \/>\n<script type=\"application\/ld+json\" class=\"yoast-schema-graph\">{\"@context\":\"https:\/\/schema.org\",\"@graph\":[{\"@type\":\"Article\",\"@id\":\"https:\/\/noticiasemdestaque.com\/cd\/?p=3037#article\",\"isPartOf\":{\"@id\":\"https:\/\/noticiasemdestaque.com\/cd\/?p=3037\"},\"author\":{\"name\":\"Not\u00edcias em Destaque\",\"@id\":\"https:\/\/noticiasemdestaque.com\/cd\/#\/schema\/person\/4a81fb71f77579d059c3045891fa1786\"},\"headline\":\"C\u00e2mara de Sum\u00e9 aprova PL que destina unidades habitacionais a idosos e portadores de necessidades especiais\",\"datePublished\":\"2017-08-13T14:53:20+00:00\",\"dateModified\":\"2017-08-13T15:52:49+00:00\",\"mainEntityOfPage\":{\"@id\":\"https:\/\/noticiasemdestaque.com\/cd\/?p=3037\"},\"wordCount\":208,\"publisher\":{\"@id\":\"https:\/\/noticiasemdestaque.com\/cd\/#organization\"},\"image\":{\"@id\":\"https:\/\/noticiasemdestaque.com\/cd\/?p=3037#primaryimage\"},\"thumbnailUrl\":\"https:\/\/noticiasemdestaque.com\/cd\/wp-content\/uploads\/2017\/08\/DSC_0084.jpg\",\"articleSection\":[\"Pol\u00edtica\"],\"inLanguage\":\"pt-BR\"},{\"@type\":\"WebPage\",\"@id\":\"https:\/\/noticiasemdestaque.com\/cd\/?p=3037\",\"url\":\"https:\/\/noticiasemdestaque.com\/cd\/?p=3037\",\"name\":\"C\u00e2mara de Sum\u00e9 aprova PL que destina unidades habitacionais a idosos e portadores de necessidades especiais - Not&iacute;cias em Destaque\",\"isPartOf\":{\"@id\":\"https:\/\/noticiasemdestaque.com\/cd\/#website\"},\"primaryImageOfPage\":{\"@id\":\"https:\/\/noticiasemdestaque.com\/cd\/?p=3037#primaryimage\"},\"image\":{\"@id\":\"https:\/\/noticiasemdestaque.com\/cd\/?p=3037#primaryimage\"},\"thumbnailUrl\":\"https:\/\/noticiasemdestaque.com\/cd\/wp-content\/uploads\/2017\/08\/DSC_0084.jpg\",\"datePublished\":\"2017-08-13T14:53:20+00:00\",\"dateModified\":\"2017-08-13T15:52:49+00:00\",\"breadcrumb\":{\"@id\":\"https:\/\/noticiasemdestaque.com\/cd\/?p=3037#breadcrumb\"},\"inLanguage\":\"pt-BR\",\"potentialAction\":[{\"@type\":\"ReadAction\",\"target\":[\"https:\/\/noticiasemdestaque.com\/cd\/?p=3037\"]}]},{\"@type\":\"ImageObject\",\"inLanguage\":\"pt-BR\",\"@id\":\"https:\/\/noticiasemdestaque.com\/cd\/?p=3037#primaryimage\",\"url\":\"https:\/\/noticiasemdestaque.com\/cd\/wp-content\/uploads\/2017\/08\/DSC_0084.jpg\",\"contentUrl\":\"https:\/\/noticiasemdestaque.com\/cd\/wp-content\/uploads\/2017\/08\/DSC_0084.jpg\",\"width\":1024,\"height\":681,\"caption\":\"????????????????????????????????????\"},{\"@type\":\"BreadcrumbList\",\"@id\":\"https:\/\/noticiasemdestaque.com\/cd\/?p=3037#breadcrumb\",\"itemListElement\":[{\"@type\":\"ListItem\",\"position\":1,\"name\":\"In\u00edcio\",\"item\":\"https:\/\/noticiasemdestaque.com\/cd\/\"},{\"@type\":\"ListItem\",\"position\":2,\"name\":\"C\u00e2mara de Sum\u00e9 aprova PL que destina unidades habitacionais a idosos e portadores de necessidades especiais\"}]},{\"@type\":\"WebSite\",\"@id\":\"https:\/\/noticiasemdestaque.com\/cd\/#website\",\"url\":\"https:\/\/noticiasemdestaque.com\/cd\/\",\"name\":\"Not&iacute;cias em Destaque\",\"description\":\"\",\"publisher\":{\"@id\":\"https:\/\/noticiasemdestaque.com\/cd\/#organization\"},\"potentialAction\":[{\"@type\":\"SearchAction\",\"target\":{\"@type\":\"EntryPoint\",\"urlTemplate\":\"https:\/\/noticiasemdestaque.com\/cd\/?s={search_term_string}\"},\"query-input\":{\"@type\":\"PropertyValueSpecification\",\"valueRequired\":true,\"valueName\":\"search_term_string\"}}],\"inLanguage\":\"pt-BR\"},{\"@type\":\"Organization\",\"@id\":\"https:\/\/noticiasemdestaque.com\/cd\/#organization\",\"name\":\"Not\u00edcias em Destaque\",\"url\":\"https:\/\/noticiasemdestaque.com\/cd\/\",\"logo\":{\"@type\":\"ImageObject\",\"inLanguage\":\"pt-BR\",\"@id\":\"https:\/\/noticiasemdestaque.com\/cd\/#\/schema\/logo\/image\/\",\"url\":\"https:\/\/noticiasemdestaque.com\/cd\/wp-content\/uploads\/2022\/05\/imagem-base-noticiasemdestaque.png\",\"contentUrl\":\"https:\/\/noticiasemdestaque.com\/cd\/wp-content\/uploads\/2022\/05\/imagem-base-noticiasemdestaque.png\",\"width\":1200,\"height\":630,\"caption\":\"Not\u00edcias em Destaque\"},\"image\":{\"@id\":\"https:\/\/noticiasemdestaque.com\/cd\/#\/schema\/logo\/image\/\"}},{\"@type\":\"Person\",\"@id\":\"https:\/\/noticiasemdestaque.com\/cd\/#\/schema\/person\/4a81fb71f77579d059c3045891fa1786\",\"name\":\"Not\u00edcias em Destaque\",\"url\":\"https:\/\/noticiasemdestaque.com\/cd\/?author=2\"}]}<\/script>\n<!-- \/ Yoast SEO plugin. -->","yoast_head_json":{"title":"C\u00e2mara de Sum\u00e9 aprova PL que destina unidades habitacionais a idosos e portadores de necessidades especiais - Not&iacute;cias em Destaque","robots":{"index":"index","follow":"follow","max-snippet":"max-snippet:-1","max-image-preview":"max-image-preview:large","max-video-preview":"max-video-preview:-1"},"canonical":"https:\/\/noticiasemdestaque.com\/cd\/?p=3037","og_locale":"pt_BR","og_type":"article","og_title":"C\u00e2mara de Sum\u00e9 aprova PL que destina unidades habitacionais a idosos e portadores de necessidades especiais - Not&iacute;cias em Destaque","og_description":"Nesta sexta-feira (11\/08) foi aprovado o Projeto de Lei de autoria do vereador Bonilson T\u00edmoteo, que torna obrigat\u00f3rio a destina\u00e7\u00e3o de pelo menos 10% de unidades habitacionais as pessoas com idade igual ou superior a 60 anos ou portadores de necessidades especiais. A obrigatoriedade destina-se a casas constru\u00eddas com recursos pr\u00f3prios ou decorrentes de conv\u00eanios, cons\u00f3rcios, parcerias e outras com o Governo do Estado- Companhia Estadual de Habita\u00e7\u00e3o Popular- CEHAP-, com o Governo Federal- Sistema Financeiro de Habita\u00e7\u00e3o, ou equivalente, ou por ele subsidiada. Durante a reuni\u00e3o foi aprovado o Projeto de Lei 420\/2017, de autoria do Jeffeson Menezes, que altera o artigo 1\u00ba da Lei 203\/2016, passando a vigorar a seguinte rela\u00e7\u00e3o; &#8211; As escolas p\u00fablicas e privadas da educa\u00e7\u00e3o b\u00e1sica do munic\u00edpio de Sum\u00e9 dever\u00e3o incluir em seus projetos pedag\u00f3gicos medidas de conscientiza\u00e7\u00e3o, preven\u00e7\u00e3o e combate ao Bullyng escolar. Os vereadores receberam durante a reuni\u00e3o os Agentes de Endemias do munic\u00edpio que solicitaram apoio do Legislativo, para a classe consiga junto ao Executivo a inclus\u00e3o da insalubridade dos profissionais. Cariri em Destaque \u00a0 Ascom","og_url":"https:\/\/noticiasemdestaque.com\/cd\/?p=3037","og_site_name":"Not&iacute;cias em Destaque","article_published_time":"2017-08-13T14:53:20+00:00","article_modified_time":"2017-08-13T15:52:49+00:00","og_image":[{"width":1024,"height":681,"url":"https:\/\/noticiasemdestaque.com\/cd\/wp-content\/uploads\/2017\/08\/DSC_0084.jpg","type":"image\/jpeg"}],"author":"Not\u00edcias em Destaque","twitter_card":"summary_large_image","twitter_misc":{"Escrito por":"Not\u00edcias em Destaque","Est. tempo de leitura":"1 minuto"},"schema":{"@context":"https:\/\/schema.org","@graph":[{"@type":"Article","@id":"https:\/\/noticiasemdestaque.com\/cd\/?p=3037#article","isPartOf":{"@id":"https:\/\/noticiasemdestaque.com\/cd\/?p=3037"},"author":{"name":"Not\u00edcias em Destaque","@id":"https:\/\/noticiasemdestaque.com\/cd\/#\/schema\/person\/4a81fb71f77579d059c3045891fa1786"},"headline":"C\u00e2mara de Sum\u00e9 aprova PL que destina unidades habitacionais a idosos e portadores de necessidades especiais","datePublished":"2017-08-13T14:53:20+00:00","dateModified":"2017-08-13T15:52:49+00:00","mainEntityOfPage":{"@id":"https:\/\/noticiasemdestaque.com\/cd\/?p=3037"},"wordCount":208,"publisher":{"@id":"https:\/\/noticiasemdestaque.com\/cd\/#organization"},"image":{"@id":"https:\/\/noticiasemdestaque.com\/cd\/?p=3037#primaryimage"},"thumbnailUrl":"https:\/\/noticiasemdestaque.com\/cd\/wp-content\/uploads\/2017\/08\/DSC_0084.jpg","articleSection":["Pol\u00edtica"],"inLanguage":"pt-BR"},{"@type":"WebPage","@id":"https:\/\/noticiasemdestaque.com\/cd\/?p=3037","url":"https:\/\/noticiasemdestaque.com\/cd\/?p=3037","name":"C\u00e2mara de Sum\u00e9 aprova PL que destina unidades habitacionais a idosos e portadores de necessidades especiais - Not&iacute;cias em Destaque","isPartOf":{"@id":"https:\/\/noticiasemdestaque.com\/cd\/#website"},"primaryImageOfPage":{"@id":"https:\/\/noticiasemdestaque.com\/cd\/?p=3037#primaryimage"},"image":{"@id":"https:\/\/noticiasemdestaque.com\/cd\/?p=3037#primaryimage"},"thumbnailUrl":"https:\/\/noticiasemdestaque.com\/cd\/wp-content\/uploads\/2017\/08\/DSC_0084.jpg","datePublished":"2017-08-13T14:53:20+00:00","dateModified":"2017-08-13T15:52:49+00:00","breadcrumb":{"@id":"https:\/\/noticiasemdestaque.com\/cd\/?p=3037#breadcrumb"},"inLanguage":"pt-BR","potentialAction":[{"@type":"ReadAction","target":["https:\/\/noticiasemdestaque.com\/cd\/?p=3037"]}]},{"@type":"ImageObject","inLanguage":"pt-BR","@id":"https:\/\/noticiasemdestaque.com\/cd\/?p=3037#primaryimage","url":"https:\/\/noticiasemdestaque.com\/cd\/wp-content\/uploads\/2017\/08\/DSC_0084.jpg","contentUrl":"https:\/\/noticiasemdestaque.com\/cd\/wp-content\/uploads\/2017\/08\/DSC_0084.jpg","width":1024,"height":681,"caption":"????????????????????????????????????"},{"@type":"BreadcrumbList","@id":"https:\/\/noticiasemdestaque.com\/cd\/?p=3037#breadcrumb","itemListElement":[{"@type":"ListItem","position":1,"name":"In\u00edcio","item":"https:\/\/noticiasemdestaque.com\/cd\/"},{"@type":"ListItem","position":2,"name":"C\u00e2mara de Sum\u00e9 aprova PL que destina unidades habitacionais a idosos e portadores de necessidades especiais"}]},{"@type":"WebSite","@id":"https:\/\/noticiasemdestaque.com\/cd\/#website","url":"https:\/\/noticiasemdestaque.com\/cd\/","name":"Not&iacute;cias em Destaque","description":"","publisher":{"@id":"https:\/\/noticiasemdestaque.com\/cd\/#organization"},"potentialAction":[{"@type":"SearchAction","target":{"@type":"EntryPoint","urlTemplate":"https:\/\/noticiasemdestaque.com\/cd\/?s={search_term_string}"},"query-input":{"@type":"PropertyValueSpecification","valueRequired":true,"valueName":"search_term_string"}}],"inLanguage":"pt-BR"},{"@type":"Organization","@id":"https:\/\/noticiasemdestaque.com\/cd\/#organization","name":"Not\u00edcias em Destaque","url":"https:\/\/noticiasemdestaque.com\/cd\/","logo":{"@type":"ImageObject","inLanguage":"pt-BR","@id":"https:\/\/noticiasemdestaque.com\/cd\/#\/schema\/logo\/image\/","url":"https:\/\/noticiasemdestaque.com\/cd\/wp-content\/uploads\/2022\/05\/imagem-base-noticiasemdestaque.png","contentUrl":"https:\/\/noticiasemdestaque.com\/cd\/wp-content\/uploads\/2022\/05\/imagem-base-noticiasemdestaque.png","width":1200,"height":630,"caption":"Not\u00edcias em Destaque"},"image":{"@id":"https:\/\/noticiasemdestaque.com\/cd\/#\/schema\/logo\/image\/"}},{"@type":"Person","@id":"https:\/\/noticiasemdestaque.com\/cd\/#\/schema\/person\/4a81fb71f77579d059c3045891fa1786","name":"Not\u00edcias em Destaque","url":"https:\/\/noticiasemdestaque.com\/cd\/?author=2"}]}},"jetpack_featured_media_url":"https:\/\/noticiasemdestaque.com\/cd\/wp-content\/uploads\/2017\/08\/DSC_0084.jpg","jetpack_sharing_enabled":true,"_links":{"self":[{"href":"https:\/\/noticiasemdestaque.com\/cd\/index.php?rest_route=\/wp\/v2\/posts\/3037","targetHints":{"allow":["GET"]}}],"collection":[{"href":"https:\/\/noticiasemdestaque.com\/cd\/index.php?rest_route=\/wp\/v2\/posts"}],"about":[{"href":"https:\/\/noticiasemdestaque.com\/cd\/index.php?rest_route=\/wp\/v2\/types\/post"}],"author":[{"embeddable":true,"href":"https:\/\/noticiasemdestaque.com\/cd\/index.php?rest_route=\/wp\/v2\/users\/2"}],"replies":[{"embeddable":true,"href":"https:\/\/noticiasemdestaque.com\/cd\/index.php?rest_route=%2Fwp%2Fv2%2Fcomments&post=3037"}],"version-history":[{"count":4,"href":"https:\/\/noticiasemdestaque.com\/cd\/index.php?rest_route=\/wp\/v2\/posts\/3037\/revisions"}],"predecessor-version":[{"id":3045,"href":"https:\/\/noticiasemdestaque.com\/cd\/index.php?rest_route=\/wp\/v2\/posts\/3037\/revisions\/3045"}],"wp:featuredmedia":[{"embeddable":true,"href":"https:\/\/noticiasemdestaque.com\/cd\/index.php?rest_route=\/wp\/v2\/media\/3040"}],"wp:attachment":[{"href":"https:\/\/noticiasemdestaque.com\/cd\/index.php?rest_route=%2Fwp%2Fv2%2Fmedia&parent=3037"}],"wp:term":[{"taxonomy":"category","embeddable":true,"href":"https:\/\/noticiasemdestaque.com\/cd\/index.php?rest_route=%2Fwp%2Fv2%2Fcategories&post=3037"},{"taxonomy":"post_tag","embeddable":true,"href":"https:\/\/noticiasemdestaque.com\/cd\/index.php?rest_route=%2Fwp%2Fv2%2Ftags&post=3037"}],"curies":[{"name":"wp","href":"https:\/\/api.w.org\/{rel}","templated":true}]}}