{"id":303,"date":"2017-06-08T15:35:06","date_gmt":"2017-06-08T18:35:06","guid":{"rendered":"http:\/\/caririemdestaque.com\/cd\/?p=303"},"modified":"2017-06-08T15:37:03","modified_gmt":"2017-06-08T18:37:03","slug":"ccj-da-camara-aprova-criacao-de-programa-para-estimular-uso-de-bicicletas","status":"publish","type":"post","link":"https:\/\/noticiasemdestaque.com\/cd\/?p=303","title":{"rendered":"CCJ da C\u00e2mara aprova cria\u00e7\u00e3o de programa para estimular uso de bicicletas"},"content":{"rendered":"<figure id=\"attachment_306\" aria-describedby=\"caption-attachment-306\" style=\"width: 300px\" class=\"wp-caption aligncenter\"><a href=\"http:\/\/caririemdestaque.com\/cd\/wp-content\/uploads\/2017\/06\/976781-dia20mundial20sem20carro20281329.jpg\"><img decoding=\"async\" class=\"size-medium wp-image-306\" src=\"http:\/\/caririemdestaque.com\/cd\/wp-content\/uploads\/2017\/06\/976781-dia20mundial20sem20carro20281329-300x158.jpg\" alt=\"\" width=\"300\" height=\"158\" srcset=\"https:\/\/noticiasemdestaque.com\/cd\/wp-content\/uploads\/2017\/06\/976781-dia20mundial20sem20carro20281329-300x158.jpg 300w, https:\/\/noticiasemdestaque.com\/cd\/wp-content\/uploads\/2017\/06\/976781-dia20mundial20sem20carro20281329.jpg 700w\" sizes=\"(max-width: 300px) 100vw, 300px\" \/><\/a><figcaption id=\"caption-attachment-306\" class=\"wp-caption-text\">\u00a0(Jos\u00e9 Cruz\/Ag\u00eancia Brasil)<\/figcaption><\/figure>\n<p>A Comiss\u00e3o de Constitui\u00e7\u00e3o e Justi\u00e7a (CCJ) da C\u00e2mara dos Deputados aprovou nesta quinta-feira (7) projeto de lei que cria o Programa Bicicleta Brasil, a ser implantado em munic\u00edpios com mais de 20 mil habitantes. De autoria do deputado Jaime Martins (PSD-MG), o texto foi aprovado em car\u00e1ter conclusivo e deve seguir para aprecia\u00e7\u00e3o do Senado, a n\u00e3o ser que haja recurso para sua delibera\u00e7\u00e3o pelo plen\u00e1rio da C\u00e2mara. Comente no fim da mat\u00e9ria.<\/p>\n<p>De acordo com o projeto, o Programa Bicicleta Brasil ser\u00e1 financiado com um percentual de 15 % do valor arrecadado com multas de tr\u00e2nsito.<\/p>\n<p>Segundo Martins, a proposta visa promover a integra\u00e7\u00e3o das bicicletas ao sistema de transporte p\u00fablico coletivo, apoiar estados e munic\u00edpios na constru\u00e7\u00e3o de biciclet\u00e1rios em terminais do sistema de transporte p\u00fablico coletivo e na constru\u00e7\u00e3o de ciclovias e ciclofaixas, instala\u00e7\u00e3o de banheiros p\u00fablicos e bebedouros em locais estrat\u00e9gicos para ciclistas, al\u00e9m da promo\u00e7\u00e3o de campanhas de divulga\u00e7\u00e3o dos benef\u00edcios do uso da bicicleta.<\/p>\n<p>O projeto estabelece que essas iniciativas tamb\u00e9m podem ser financiadas com recursos da Contribui\u00e7\u00e3o sobre Interven\u00e7\u00e3o no Dom\u00ednio Econ\u00f4mico (Cide-combust\u00edveis), por meio de altera\u00e7\u00e3o na lei que fixa os crit\u00e9rios desse tributo e no C\u00f3digo de Tr\u00e2nsito Brasileiro. A execu\u00e7\u00e3o do programa caber\u00e1 aos setores p\u00fablico e privado ligados ao tr\u00e2nsito e \u00e0 mobilidade urbana.<\/p>\n<p>Pelo texto, tamb\u00e9m poder\u00e3o ser utilizadas para implanta\u00e7\u00e3o do Bicicleta Brasil dota\u00e7\u00f5es espec\u00edficas dos or\u00e7amentos da Uni\u00e3o, dos estados, do Distrito Federal e dos munic\u00edpios que forem atribu\u00eddas ao programa nos termos das respectivas legisla\u00e7\u00f5es e contribui\u00e7\u00f5es e doa\u00e7\u00f5es de pessoas f\u00edsicas ou jur\u00eddicas, entidades e organismos de coopera\u00e7\u00e3o nacionais ou internacionais.<\/p>\n","protected":false},"excerpt":{"rendered":"<p>A Comiss\u00e3o de Constitui\u00e7\u00e3o e Justi\u00e7a (CCJ) da C\u00e2mara dos Deputados aprovou nesta quinta-feira (7) projeto de lei que cria o Programa Bicicleta Brasil, a ser implantado em munic\u00edpios com mais de 20 mil habitantes. De autoria do deputado Jaime Martins (PSD-MG), o texto foi aprovado em car\u00e1ter conclusivo e deve seguir para aprecia\u00e7\u00e3o do Senado, a n\u00e3o ser que haja recurso para sua delibera\u00e7\u00e3o pelo plen\u00e1rio da C\u00e2mara. Comente no fim da mat\u00e9ria. De acordo com o projeto, o Programa Bicicleta Brasil ser\u00e1 financiado com um percentual de 15 % do valor arrecadado com multas de tr\u00e2nsito. Segundo Martins, a proposta visa promover a integra\u00e7\u00e3o das bicicletas ao sistema de transporte p\u00fablico coletivo, apoiar estados e munic\u00edpios na constru\u00e7\u00e3o de biciclet\u00e1rios em terminais do sistema de transporte p\u00fablico coletivo e na constru\u00e7\u00e3o de ciclovias e ciclofaixas, instala\u00e7\u00e3o de banheiros p\u00fablicos e bebedouros em locais estrat\u00e9gicos para ciclistas, al\u00e9m da promo\u00e7\u00e3o de campanhas de divulga\u00e7\u00e3o dos benef\u00edcios do uso da bicicleta. O projeto estabelece que essas iniciativas tamb\u00e9m podem ser financiadas com recursos da Contribui\u00e7\u00e3o sobre Interven\u00e7\u00e3o no Dom\u00ednio Econ\u00f4mico (Cide-combust\u00edveis), por meio de altera\u00e7\u00e3o na lei que fixa os crit\u00e9rios desse tributo e no C\u00f3digo de Tr\u00e2nsito Brasileiro. A execu\u00e7\u00e3o do programa caber\u00e1 aos setores p\u00fablico e privado ligados ao tr\u00e2nsito e \u00e0 mobilidade urbana. Pelo texto, tamb\u00e9m poder\u00e3o ser utilizadas para implanta\u00e7\u00e3o do Bicicleta Brasil dota\u00e7\u00f5es espec\u00edficas dos or\u00e7amentos da Uni\u00e3o, dos estados, do Distrito Federal e dos munic\u00edpios que forem atribu\u00eddas ao programa nos termos das respectivas legisla\u00e7\u00f5es e contribui\u00e7\u00f5es e doa\u00e7\u00f5es de pessoas f\u00edsicas ou jur\u00eddicas, entidades e organismos de coopera\u00e7\u00e3o nacionais ou internacionais.<\/p>\n","protected":false},"author":2,"featured_media":306,"comment_status":"closed","ping_status":"open","sticky":false,"template":"","format":"standard","meta":{"_eb_attr":"","_jetpack_memberships_contains_paid_content":false,"footnotes":""},"categories":[4],"tags":[],"class_list":["post-303","post","type-post","status-publish","format-standard","has-post-thumbnail","hentry","category-politica"],"yoast_head":"<!-- This site is optimized with the Yoast SEO plugin v26.5 - https:\/\/yoast.com\/wordpress\/plugins\/seo\/ -->\n<title>CCJ da C\u00e2mara aprova cria\u00e7\u00e3o de programa para estimular uso de bicicletas - Not&iacute;cias em Destaque<\/title>\n<meta name=\"robots\" content=\"index, follow, max-snippet:-1, max-image-preview:large, max-video-preview:-1\" \/>\n<link rel=\"canonical\" href=\"https:\/\/noticiasemdestaque.com\/cd\/?p=303\" \/>\n<meta property=\"og:locale\" content=\"pt_BR\" \/>\n<meta property=\"og:type\" content=\"article\" \/>\n<meta property=\"og:title\" content=\"CCJ da C\u00e2mara aprova cria\u00e7\u00e3o de programa para estimular uso de bicicletas - Not&iacute;cias em Destaque\" \/>\n<meta property=\"og:description\" content=\"A Comiss\u00e3o de Constitui\u00e7\u00e3o e Justi\u00e7a (CCJ) da C\u00e2mara dos Deputados aprovou nesta quinta-feira (7) projeto de lei que cria o Programa Bicicleta Brasil, a ser implantado em munic\u00edpios com mais de 20 mil habitantes. De autoria do deputado Jaime Martins (PSD-MG), o texto foi aprovado em car\u00e1ter conclusivo e deve seguir para aprecia\u00e7\u00e3o do Senado, a n\u00e3o ser que haja recurso para sua delibera\u00e7\u00e3o pelo plen\u00e1rio da C\u00e2mara. Comente no fim da mat\u00e9ria. De acordo com o projeto, o Programa Bicicleta Brasil ser\u00e1 financiado com um percentual de 15 % do valor arrecadado com multas de tr\u00e2nsito. Segundo Martins, a proposta visa promover a integra\u00e7\u00e3o das bicicletas ao sistema de transporte p\u00fablico coletivo, apoiar estados e munic\u00edpios na constru\u00e7\u00e3o de biciclet\u00e1rios em terminais do sistema de transporte p\u00fablico coletivo e na constru\u00e7\u00e3o de ciclovias e ciclofaixas, instala\u00e7\u00e3o de banheiros p\u00fablicos e bebedouros em locais estrat\u00e9gicos para ciclistas, al\u00e9m da promo\u00e7\u00e3o de campanhas de divulga\u00e7\u00e3o dos benef\u00edcios do uso da bicicleta. O projeto estabelece que essas iniciativas tamb\u00e9m podem ser financiadas com recursos da Contribui\u00e7\u00e3o sobre Interven\u00e7\u00e3o no Dom\u00ednio Econ\u00f4mico (Cide-combust\u00edveis), por meio de altera\u00e7\u00e3o na lei que fixa os crit\u00e9rios desse tributo e no C\u00f3digo de Tr\u00e2nsito Brasileiro. A execu\u00e7\u00e3o do programa caber\u00e1 aos setores p\u00fablico e privado ligados ao tr\u00e2nsito e \u00e0 mobilidade urbana. Pelo texto, tamb\u00e9m poder\u00e3o ser utilizadas para implanta\u00e7\u00e3o do Bicicleta Brasil dota\u00e7\u00f5es espec\u00edficas dos or\u00e7amentos da Uni\u00e3o, dos estados, do Distrito Federal e dos munic\u00edpios que forem atribu\u00eddas ao programa nos termos das respectivas legisla\u00e7\u00f5es e contribui\u00e7\u00f5es e doa\u00e7\u00f5es de pessoas f\u00edsicas ou jur\u00eddicas, entidades e organismos de coopera\u00e7\u00e3o nacionais ou internacionais.\" \/>\n<meta property=\"og:url\" content=\"https:\/\/noticiasemdestaque.com\/cd\/?p=303\" \/>\n<meta property=\"og:site_name\" content=\"Not&iacute;cias em Destaque\" \/>\n<meta property=\"article:published_time\" content=\"2017-06-08T18:35:06+00:00\" \/>\n<meta property=\"article:modified_time\" content=\"2017-06-08T18:37:03+00:00\" \/>\n<meta property=\"og:image\" content=\"https:\/\/noticiasemdestaque.com\/cd\/wp-content\/uploads\/2017\/06\/976781-dia20mundial20sem20carro20281329.jpg\" \/>\n\t<meta property=\"og:image:width\" content=\"700\" \/>\n\t<meta property=\"og:image:height\" content=\"368\" \/>\n\t<meta property=\"og:image:type\" content=\"image\/jpeg\" \/>\n<meta name=\"author\" content=\"Not\u00edcias em Destaque\" \/>\n<meta name=\"twitter:card\" content=\"summary_large_image\" \/>\n<meta name=\"twitter:label1\" content=\"Escrito por\" \/>\n\t<meta name=\"twitter:data1\" content=\"Not\u00edcias em Destaque\" \/>\n\t<meta name=\"twitter:label2\" content=\"Est. tempo de leitura\" \/>\n\t<meta name=\"twitter:data2\" content=\"2 minutos\" \/>\n<script type=\"application\/ld+json\" class=\"yoast-schema-graph\">{\"@context\":\"https:\/\/schema.org\",\"@graph\":[{\"@type\":\"Article\",\"@id\":\"https:\/\/noticiasemdestaque.com\/cd\/?p=303#article\",\"isPartOf\":{\"@id\":\"https:\/\/noticiasemdestaque.com\/cd\/?p=303\"},\"author\":{\"name\":\"Not\u00edcias em Destaque\",\"@id\":\"https:\/\/noticiasemdestaque.com\/cd\/#\/schema\/person\/47f7d4f55eec17c6b2ca036c5500f6ce\"},\"headline\":\"CCJ da C\u00e2mara aprova cria\u00e7\u00e3o de programa para estimular uso de bicicletas\",\"datePublished\":\"2017-06-08T18:35:06+00:00\",\"dateModified\":\"2017-06-08T18:37:03+00:00\",\"mainEntityOfPage\":{\"@id\":\"https:\/\/noticiasemdestaque.com\/cd\/?p=303\"},\"wordCount\":344,\"publisher\":{\"@id\":\"https:\/\/noticiasemdestaque.com\/cd\/#organization\"},\"image\":{\"@id\":\"https:\/\/noticiasemdestaque.com\/cd\/?p=303#primaryimage\"},\"thumbnailUrl\":\"https:\/\/noticiasemdestaque.com\/cd\/wp-content\/uploads\/2017\/06\/976781-dia20mundial20sem20carro20281329.jpg\",\"articleSection\":[\"Pol\u00edtica\"],\"inLanguage\":\"pt-BR\"},{\"@type\":\"WebPage\",\"@id\":\"https:\/\/noticiasemdestaque.com\/cd\/?p=303\",\"url\":\"https:\/\/noticiasemdestaque.com\/cd\/?p=303\",\"name\":\"CCJ da C\u00e2mara aprova cria\u00e7\u00e3o de programa para estimular uso de bicicletas - Not&iacute;cias em Destaque\",\"isPartOf\":{\"@id\":\"https:\/\/noticiasemdestaque.com\/cd\/#website\"},\"primaryImageOfPage\":{\"@id\":\"https:\/\/noticiasemdestaque.com\/cd\/?p=303#primaryimage\"},\"image\":{\"@id\":\"https:\/\/noticiasemdestaque.com\/cd\/?p=303#primaryimage\"},\"thumbnailUrl\":\"https:\/\/noticiasemdestaque.com\/cd\/wp-content\/uploads\/2017\/06\/976781-dia20mundial20sem20carro20281329.jpg\",\"datePublished\":\"2017-06-08T18:35:06+00:00\",\"dateModified\":\"2017-06-08T18:37:03+00:00\",\"breadcrumb\":{\"@id\":\"https:\/\/noticiasemdestaque.com\/cd\/?p=303#breadcrumb\"},\"inLanguage\":\"pt-BR\",\"potentialAction\":[{\"@type\":\"ReadAction\",\"target\":[\"https:\/\/noticiasemdestaque.com\/cd\/?p=303\"]}]},{\"@type\":\"ImageObject\",\"inLanguage\":\"pt-BR\",\"@id\":\"https:\/\/noticiasemdestaque.com\/cd\/?p=303#primaryimage\",\"url\":\"https:\/\/noticiasemdestaque.com\/cd\/wp-content\/uploads\/2017\/06\/976781-dia20mundial20sem20carro20281329.jpg\",\"contentUrl\":\"https:\/\/noticiasemdestaque.com\/cd\/wp-content\/uploads\/2017\/06\/976781-dia20mundial20sem20carro20281329.jpg\",\"width\":700,\"height\":368,\"caption\":\"Na esplanada dos minist\u00e9rios, pessoas utilizam suas bicicletas no dia de comemora\u00e7\u00e3o ao Dia Mundial Sem Carro (Jos\u00e9 Cruz\/Ag\u00eancia Brasil\/Ag\u00eancia Brasil)\"},{\"@type\":\"BreadcrumbList\",\"@id\":\"https:\/\/noticiasemdestaque.com\/cd\/?p=303#breadcrumb\",\"itemListElement\":[{\"@type\":\"ListItem\",\"position\":1,\"name\":\"In\u00edcio\",\"item\":\"https:\/\/noticiasemdestaque.com\/cd\/\"},{\"@type\":\"ListItem\",\"position\":2,\"name\":\"CCJ da C\u00e2mara aprova cria\u00e7\u00e3o de programa para estimular uso de bicicletas\"}]},{\"@type\":\"WebSite\",\"@id\":\"https:\/\/noticiasemdestaque.com\/cd\/#website\",\"url\":\"https:\/\/noticiasemdestaque.com\/cd\/\",\"name\":\"Not&iacute;cias em Destaque\",\"description\":\"\",\"publisher\":{\"@id\":\"https:\/\/noticiasemdestaque.com\/cd\/#organization\"},\"potentialAction\":[{\"@type\":\"SearchAction\",\"target\":{\"@type\":\"EntryPoint\",\"urlTemplate\":\"https:\/\/noticiasemdestaque.com\/cd\/?s={search_term_string}\"},\"query-input\":{\"@type\":\"PropertyValueSpecification\",\"valueRequired\":true,\"valueName\":\"search_term_string\"}}],\"inLanguage\":\"pt-BR\"},{\"@type\":\"Organization\",\"@id\":\"https:\/\/noticiasemdestaque.com\/cd\/#organization\",\"name\":\"Not\u00edcias em Destaque\",\"url\":\"https:\/\/noticiasemdestaque.com\/cd\/\",\"logo\":{\"@type\":\"ImageObject\",\"inLanguage\":\"pt-BR\",\"@id\":\"https:\/\/noticiasemdestaque.com\/cd\/#\/schema\/logo\/image\/\",\"url\":\"https:\/\/noticiasemdestaque.com\/cd\/wp-content\/uploads\/2022\/05\/imagem-base-noticiasemdestaque.png\",\"contentUrl\":\"https:\/\/noticiasemdestaque.com\/cd\/wp-content\/uploads\/2022\/05\/imagem-base-noticiasemdestaque.png\",\"width\":1200,\"height\":630,\"caption\":\"Not\u00edcias em Destaque\"},\"image\":{\"@id\":\"https:\/\/noticiasemdestaque.com\/cd\/#\/schema\/logo\/image\/\"}},{\"@type\":\"Person\",\"@id\":\"https:\/\/noticiasemdestaque.com\/cd\/#\/schema\/person\/47f7d4f55eec17c6b2ca036c5500f6ce\",\"name\":\"Not\u00edcias em Destaque\",\"url\":\"https:\/\/noticiasemdestaque.com\/cd\/?author=2\"}]}<\/script>\n<!-- \/ Yoast SEO plugin. -->","yoast_head_json":{"title":"CCJ da C\u00e2mara aprova cria\u00e7\u00e3o de programa para estimular uso de bicicletas - Not&iacute;cias em Destaque","robots":{"index":"index","follow":"follow","max-snippet":"max-snippet:-1","max-image-preview":"max-image-preview:large","max-video-preview":"max-video-preview:-1"},"canonical":"https:\/\/noticiasemdestaque.com\/cd\/?p=303","og_locale":"pt_BR","og_type":"article","og_title":"CCJ da C\u00e2mara aprova cria\u00e7\u00e3o de programa para estimular uso de bicicletas - Not&iacute;cias em Destaque","og_description":"A Comiss\u00e3o de Constitui\u00e7\u00e3o e Justi\u00e7a (CCJ) da C\u00e2mara dos Deputados aprovou nesta quinta-feira (7) projeto de lei que cria o Programa Bicicleta Brasil, a ser implantado em munic\u00edpios com mais de 20 mil habitantes. De autoria do deputado Jaime Martins (PSD-MG), o texto foi aprovado em car\u00e1ter conclusivo e deve seguir para aprecia\u00e7\u00e3o do Senado, a n\u00e3o ser que haja recurso para sua delibera\u00e7\u00e3o pelo plen\u00e1rio da C\u00e2mara. Comente no fim da mat\u00e9ria. De acordo com o projeto, o Programa Bicicleta Brasil ser\u00e1 financiado com um percentual de 15 % do valor arrecadado com multas de tr\u00e2nsito. Segundo Martins, a proposta visa promover a integra\u00e7\u00e3o das bicicletas ao sistema de transporte p\u00fablico coletivo, apoiar estados e munic\u00edpios na constru\u00e7\u00e3o de biciclet\u00e1rios em terminais do sistema de transporte p\u00fablico coletivo e na constru\u00e7\u00e3o de ciclovias e ciclofaixas, instala\u00e7\u00e3o de banheiros p\u00fablicos e bebedouros em locais estrat\u00e9gicos para ciclistas, al\u00e9m da promo\u00e7\u00e3o de campanhas de divulga\u00e7\u00e3o dos benef\u00edcios do uso da bicicleta. O projeto estabelece que essas iniciativas tamb\u00e9m podem ser financiadas com recursos da Contribui\u00e7\u00e3o sobre Interven\u00e7\u00e3o no Dom\u00ednio Econ\u00f4mico (Cide-combust\u00edveis), por meio de altera\u00e7\u00e3o na lei que fixa os crit\u00e9rios desse tributo e no C\u00f3digo de Tr\u00e2nsito Brasileiro. A execu\u00e7\u00e3o do programa caber\u00e1 aos setores p\u00fablico e privado ligados ao tr\u00e2nsito e \u00e0 mobilidade urbana. Pelo texto, tamb\u00e9m poder\u00e3o ser utilizadas para implanta\u00e7\u00e3o do Bicicleta Brasil dota\u00e7\u00f5es espec\u00edficas dos or\u00e7amentos da Uni\u00e3o, dos estados, do Distrito Federal e dos munic\u00edpios que forem atribu\u00eddas ao programa nos termos das respectivas legisla\u00e7\u00f5es e contribui\u00e7\u00f5es e doa\u00e7\u00f5es de pessoas f\u00edsicas ou jur\u00eddicas, entidades e organismos de coopera\u00e7\u00e3o nacionais ou internacionais.","og_url":"https:\/\/noticiasemdestaque.com\/cd\/?p=303","og_site_name":"Not&iacute;cias em Destaque","article_published_time":"2017-06-08T18:35:06+00:00","article_modified_time":"2017-06-08T18:37:03+00:00","og_image":[{"width":700,"height":368,"url":"https:\/\/noticiasemdestaque.com\/cd\/wp-content\/uploads\/2017\/06\/976781-dia20mundial20sem20carro20281329.jpg","type":"image\/jpeg"}],"author":"Not\u00edcias em Destaque","twitter_card":"summary_large_image","twitter_misc":{"Escrito por":"Not\u00edcias em Destaque","Est. tempo de leitura":"2 minutos"},"schema":{"@context":"https:\/\/schema.org","@graph":[{"@type":"Article","@id":"https:\/\/noticiasemdestaque.com\/cd\/?p=303#article","isPartOf":{"@id":"https:\/\/noticiasemdestaque.com\/cd\/?p=303"},"author":{"name":"Not\u00edcias em Destaque","@id":"https:\/\/noticiasemdestaque.com\/cd\/#\/schema\/person\/47f7d4f55eec17c6b2ca036c5500f6ce"},"headline":"CCJ da C\u00e2mara aprova cria\u00e7\u00e3o de programa para estimular uso de bicicletas","datePublished":"2017-06-08T18:35:06+00:00","dateModified":"2017-06-08T18:37:03+00:00","mainEntityOfPage":{"@id":"https:\/\/noticiasemdestaque.com\/cd\/?p=303"},"wordCount":344,"publisher":{"@id":"https:\/\/noticiasemdestaque.com\/cd\/#organization"},"image":{"@id":"https:\/\/noticiasemdestaque.com\/cd\/?p=303#primaryimage"},"thumbnailUrl":"https:\/\/noticiasemdestaque.com\/cd\/wp-content\/uploads\/2017\/06\/976781-dia20mundial20sem20carro20281329.jpg","articleSection":["Pol\u00edtica"],"inLanguage":"pt-BR"},{"@type":"WebPage","@id":"https:\/\/noticiasemdestaque.com\/cd\/?p=303","url":"https:\/\/noticiasemdestaque.com\/cd\/?p=303","name":"CCJ da C\u00e2mara aprova cria\u00e7\u00e3o de programa para estimular uso de bicicletas - Not&iacute;cias em Destaque","isPartOf":{"@id":"https:\/\/noticiasemdestaque.com\/cd\/#website"},"primaryImageOfPage":{"@id":"https:\/\/noticiasemdestaque.com\/cd\/?p=303#primaryimage"},"image":{"@id":"https:\/\/noticiasemdestaque.com\/cd\/?p=303#primaryimage"},"thumbnailUrl":"https:\/\/noticiasemdestaque.com\/cd\/wp-content\/uploads\/2017\/06\/976781-dia20mundial20sem20carro20281329.jpg","datePublished":"2017-06-08T18:35:06+00:00","dateModified":"2017-06-08T18:37:03+00:00","breadcrumb":{"@id":"https:\/\/noticiasemdestaque.com\/cd\/?p=303#breadcrumb"},"inLanguage":"pt-BR","potentialAction":[{"@type":"ReadAction","target":["https:\/\/noticiasemdestaque.com\/cd\/?p=303"]}]},{"@type":"ImageObject","inLanguage":"pt-BR","@id":"https:\/\/noticiasemdestaque.com\/cd\/?p=303#primaryimage","url":"https:\/\/noticiasemdestaque.com\/cd\/wp-content\/uploads\/2017\/06\/976781-dia20mundial20sem20carro20281329.jpg","contentUrl":"https:\/\/noticiasemdestaque.com\/cd\/wp-content\/uploads\/2017\/06\/976781-dia20mundial20sem20carro20281329.jpg","width":700,"height":368,"caption":"Na esplanada dos minist\u00e9rios, pessoas utilizam suas bicicletas no dia de comemora\u00e7\u00e3o ao Dia Mundial Sem Carro (Jos\u00e9 Cruz\/Ag\u00eancia Brasil\/Ag\u00eancia Brasil)"},{"@type":"BreadcrumbList","@id":"https:\/\/noticiasemdestaque.com\/cd\/?p=303#breadcrumb","itemListElement":[{"@type":"ListItem","position":1,"name":"In\u00edcio","item":"https:\/\/noticiasemdestaque.com\/cd\/"},{"@type":"ListItem","position":2,"name":"CCJ da C\u00e2mara aprova cria\u00e7\u00e3o de programa para estimular uso de bicicletas"}]},{"@type":"WebSite","@id":"https:\/\/noticiasemdestaque.com\/cd\/#website","url":"https:\/\/noticiasemdestaque.com\/cd\/","name":"Not&iacute;cias em Destaque","description":"","publisher":{"@id":"https:\/\/noticiasemdestaque.com\/cd\/#organization"},"potentialAction":[{"@type":"SearchAction","target":{"@type":"EntryPoint","urlTemplate":"https:\/\/noticiasemdestaque.com\/cd\/?s={search_term_string}"},"query-input":{"@type":"PropertyValueSpecification","valueRequired":true,"valueName":"search_term_string"}}],"inLanguage":"pt-BR"},{"@type":"Organization","@id":"https:\/\/noticiasemdestaque.com\/cd\/#organization","name":"Not\u00edcias em Destaque","url":"https:\/\/noticiasemdestaque.com\/cd\/","logo":{"@type":"ImageObject","inLanguage":"pt-BR","@id":"https:\/\/noticiasemdestaque.com\/cd\/#\/schema\/logo\/image\/","url":"https:\/\/noticiasemdestaque.com\/cd\/wp-content\/uploads\/2022\/05\/imagem-base-noticiasemdestaque.png","contentUrl":"https:\/\/noticiasemdestaque.com\/cd\/wp-content\/uploads\/2022\/05\/imagem-base-noticiasemdestaque.png","width":1200,"height":630,"caption":"Not\u00edcias em Destaque"},"image":{"@id":"https:\/\/noticiasemdestaque.com\/cd\/#\/schema\/logo\/image\/"}},{"@type":"Person","@id":"https:\/\/noticiasemdestaque.com\/cd\/#\/schema\/person\/47f7d4f55eec17c6b2ca036c5500f6ce","name":"Not\u00edcias em Destaque","url":"https:\/\/noticiasemdestaque.com\/cd\/?author=2"}]}},"jetpack_featured_media_url":"https:\/\/noticiasemdestaque.com\/cd\/wp-content\/uploads\/2017\/06\/976781-dia20mundial20sem20carro20281329.jpg","jetpack_sharing_enabled":true,"_links":{"self":[{"href":"https:\/\/noticiasemdestaque.com\/cd\/index.php?rest_route=\/wp\/v2\/posts\/303","targetHints":{"allow":["GET"]}}],"collection":[{"href":"https:\/\/noticiasemdestaque.com\/cd\/index.php?rest_route=\/wp\/v2\/posts"}],"about":[{"href":"https:\/\/noticiasemdestaque.com\/cd\/index.php?rest_route=\/wp\/v2\/types\/post"}],"author":[{"embeddable":true,"href":"https:\/\/noticiasemdestaque.com\/cd\/index.php?rest_route=\/wp\/v2\/users\/2"}],"replies":[{"embeddable":true,"href":"https:\/\/noticiasemdestaque.com\/cd\/index.php?rest_route=%2Fwp%2Fv2%2Fcomments&post=303"}],"version-history":[{"count":3,"href":"https:\/\/noticiasemdestaque.com\/cd\/index.php?rest_route=\/wp\/v2\/posts\/303\/revisions"}],"predecessor-version":[{"id":307,"href":"https:\/\/noticiasemdestaque.com\/cd\/index.php?rest_route=\/wp\/v2\/posts\/303\/revisions\/307"}],"wp:featuredmedia":[{"embeddable":true,"href":"https:\/\/noticiasemdestaque.com\/cd\/index.php?rest_route=\/wp\/v2\/media\/306"}],"wp:attachment":[{"href":"https:\/\/noticiasemdestaque.com\/cd\/index.php?rest_route=%2Fwp%2Fv2%2Fmedia&parent=303"}],"wp:term":[{"taxonomy":"category","embeddable":true,"href":"https:\/\/noticiasemdestaque.com\/cd\/index.php?rest_route=%2Fwp%2Fv2%2Fcategories&post=303"},{"taxonomy":"post_tag","embeddable":true,"href":"https:\/\/noticiasemdestaque.com\/cd\/index.php?rest_route=%2Fwp%2Fv2%2Ftags&post=303"}],"curies":[{"name":"wp","href":"https:\/\/api.w.org\/{rel}","templated":true}]}}