{"id":300,"date":"2017-06-08T15:31:28","date_gmt":"2017-06-08T18:31:28","guid":{"rendered":"http:\/\/caririemdestaque.com\/cd\/?p=300"},"modified":"2017-06-08T15:31:28","modified_gmt":"2017-06-08T18:31:28","slug":"senac-pb-abre-matriculas-para-525-vagas-em-17-cursos-profissionalizantes","status":"publish","type":"post","link":"https:\/\/noticiasemdestaque.com\/cd\/?p=300","title":{"rendered":"Senac PB abre matr\u00edculas para 525 vagas em 17 cursos profissionalizantes"},"content":{"rendered":"<p><a href=\"http:\/\/caririemdestaque.com\/cd\/wp-content\/uploads\/2017\/06\/cursos-senac-2.jpg\"><img fetchpriority=\"high\" decoding=\"async\" class=\"size-medium wp-image-301 aligncenter\" src=\"http:\/\/caririemdestaque.com\/cd\/wp-content\/uploads\/2017\/06\/cursos-senac-2-300x176.jpg\" alt=\"\" width=\"300\" height=\"176\" srcset=\"https:\/\/noticiasemdestaque.com\/cd\/wp-content\/uploads\/2017\/06\/cursos-senac-2-300x176.jpg 300w, https:\/\/noticiasemdestaque.com\/cd\/wp-content\/uploads\/2017\/06\/cursos-senac-2.jpg 468w\" sizes=\"(max-width: 300px) 100vw, 300px\" \/><\/a>Est\u00e3o abertas as matr\u00edculas para 525 vagas em 17 cursos profissionalizantes oferecidos pelo Senac Para\u00edba. As forma\u00e7\u00f5es acontecem no Centro de Educa\u00e7\u00e3o Profissional (CEP\/JP) e Centro de Desenvolvimento Gerencial (Cendege), em Jo\u00e3o Pessoa, e as aulas come\u00e7am este m\u00eas.<\/p>\n<p>Os cursos s\u00e3o nas \u00e1reas de inform\u00e1tica, gest\u00e3o, beleza, sa\u00fade, moda, artes, com\u00e9rcio e comunica\u00e7\u00e3o. Os interessados devem comparecer \u00e0s unidades onde os cursos s\u00e3o oferecidos e apresentar RG, CPF e Comprovante de Pr\u00e9-Requisito. Os comerci\u00e1rios com carteira do Sesc Para\u00edba e do Sindicato dos Empregados do Com\u00e9rcio recebem um desconto de 20%.<\/p>\n<p>No CEP\/JP s\u00e3o 17 cursos: Programador Web, Montador e Reparador de Computadores; Operador de Computador; Assistente administrativo; Recepcionista; T\u00e9cnicas de Recep\u00e7\u00e3o e Secretariado; Gest\u00e3o Financeira; Rotinas de Escrit\u00f3rio; Cabelereiro Assistente; Manicure e Pedicure; Atualiza\u00e7\u00e3o em Corte e Escova; Recepcionista em servi\u00e7os de Sa\u00fade; Recep\u00e7\u00e3o e atendimento em ambiente hospitalar; T\u00e9cnicas de Balconista de Farm\u00e1cia; Aperfei\u00e7oamento em Corte e Costura; Ilumina\u00e7\u00e3o para est\u00fadio; Estrat\u00e9gia em Vendas e Vendedor.<\/p>\n<p>A unidade funciona na Avenida Dom Pedro I, 389, Centro. Mais informa\u00e7\u00f5es podem ser obtidas nos telefones (83) 3214-2330\/ 3214-2331\/ 3214-2332.<\/p>\n<p>J\u00e1 no Cendege os cursos oferecidos s\u00e3o: Orat\u00f3ria B\u00e1sica e Avan\u00e7ada, Excel com VBA e E-Social: Sistema de Escritura\u00e7\u00e3o Fiscal Digital das Obriga\u00e7\u00f5es Fiscais, Previdenci\u00e1rias e Trabalhistas. A unidade est\u00e1 situada na Rua Desembargador Souto Maior, 115, no Centro da Capital. Os contatos da unidade s\u00e3o (83) 3214-2340\/ 3214 \u2013 2341\/ 3214 \u2013 2342.<\/p>\n<p>&nbsp;<\/p>\n","protected":false},"excerpt":{"rendered":"<p>Est\u00e3o abertas as matr\u00edculas para 525 vagas em 17 cursos profissionalizantes oferecidos pelo Senac Para\u00edba. As forma\u00e7\u00f5es acontecem no Centro de Educa\u00e7\u00e3o Profissional (CEP\/JP) e Centro de Desenvolvimento Gerencial (Cendege), em Jo\u00e3o Pessoa, e as aulas come\u00e7am este m\u00eas. Os cursos s\u00e3o nas \u00e1reas de inform\u00e1tica, gest\u00e3o, beleza, sa\u00fade, moda, artes, com\u00e9rcio e comunica\u00e7\u00e3o. Os interessados devem comparecer \u00e0s unidades onde os cursos s\u00e3o oferecidos e apresentar RG, CPF e Comprovante de Pr\u00e9-Requisito. Os comerci\u00e1rios com carteira do Sesc Para\u00edba e do Sindicato dos Empregados do Com\u00e9rcio recebem um desconto de 20%. No CEP\/JP s\u00e3o 17 cursos: Programador Web, Montador e Reparador de Computadores; Operador de Computador; Assistente administrativo; Recepcionista; T\u00e9cnicas de Recep\u00e7\u00e3o e Secretariado; Gest\u00e3o Financeira; Rotinas de Escrit\u00f3rio; Cabelereiro Assistente; Manicure e Pedicure; Atualiza\u00e7\u00e3o em Corte e Escova; Recepcionista em servi\u00e7os de Sa\u00fade; Recep\u00e7\u00e3o e atendimento em ambiente hospitalar; T\u00e9cnicas de Balconista de Farm\u00e1cia; Aperfei\u00e7oamento em Corte e Costura; Ilumina\u00e7\u00e3o para est\u00fadio; Estrat\u00e9gia em Vendas e Vendedor. A unidade funciona na Avenida Dom Pedro I, 389, Centro. Mais informa\u00e7\u00f5es podem ser obtidas nos telefones (83) 3214-2330\/ 3214-2331\/ 3214-2332. J\u00e1 no Cendege os cursos oferecidos s\u00e3o: Orat\u00f3ria B\u00e1sica e Avan\u00e7ada, Excel com VBA e E-Social: Sistema de Escritura\u00e7\u00e3o Fiscal Digital das Obriga\u00e7\u00f5es Fiscais, Previdenci\u00e1rias e Trabalhistas. A unidade est\u00e1 situada na Rua Desembargador Souto Maior, 115, no Centro da Capital. Os contatos da unidade s\u00e3o (83) 3214-2340\/ 3214 \u2013 2341\/ 3214 \u2013 2342. &nbsp;<\/p>\n","protected":false},"author":2,"featured_media":301,"comment_status":"closed","ping_status":"open","sticky":false,"template":"","format":"standard","meta":{"_eb_attr":"","_jetpack_memberships_contains_paid_content":false,"footnotes":""},"categories":[3],"tags":[],"class_list":["post-300","post","type-post","status-publish","format-standard","has-post-thumbnail","hentry","category-cidades"],"yoast_head":"<!-- This site is optimized with the Yoast SEO plugin v26.5 - https:\/\/yoast.com\/wordpress\/plugins\/seo\/ -->\n<title>Senac PB abre matr\u00edculas para 525 vagas em 17 cursos profissionalizantes - Not&iacute;cias em Destaque<\/title>\n<meta name=\"robots\" content=\"index, follow, max-snippet:-1, max-image-preview:large, max-video-preview:-1\" \/>\n<link rel=\"canonical\" href=\"https:\/\/noticiasemdestaque.com\/cd\/?p=300\" \/>\n<meta property=\"og:locale\" content=\"pt_BR\" \/>\n<meta property=\"og:type\" content=\"article\" \/>\n<meta property=\"og:title\" content=\"Senac PB abre matr\u00edculas para 525 vagas em 17 cursos profissionalizantes - Not&iacute;cias em Destaque\" \/>\n<meta property=\"og:description\" content=\"Est\u00e3o abertas as matr\u00edculas para 525 vagas em 17 cursos profissionalizantes oferecidos pelo Senac Para\u00edba. As forma\u00e7\u00f5es acontecem no Centro de Educa\u00e7\u00e3o Profissional (CEP\/JP) e Centro de Desenvolvimento Gerencial (Cendege), em Jo\u00e3o Pessoa, e as aulas come\u00e7am este m\u00eas. Os cursos s\u00e3o nas \u00e1reas de inform\u00e1tica, gest\u00e3o, beleza, sa\u00fade, moda, artes, com\u00e9rcio e comunica\u00e7\u00e3o. Os interessados devem comparecer \u00e0s unidades onde os cursos s\u00e3o oferecidos e apresentar RG, CPF e Comprovante de Pr\u00e9-Requisito. Os comerci\u00e1rios com carteira do Sesc Para\u00edba e do Sindicato dos Empregados do Com\u00e9rcio recebem um desconto de 20%. No CEP\/JP s\u00e3o 17 cursos: Programador Web, Montador e Reparador de Computadores; Operador de Computador; Assistente administrativo; Recepcionista; T\u00e9cnicas de Recep\u00e7\u00e3o e Secretariado; Gest\u00e3o Financeira; Rotinas de Escrit\u00f3rio; Cabelereiro Assistente; Manicure e Pedicure; Atualiza\u00e7\u00e3o em Corte e Escova; Recepcionista em servi\u00e7os de Sa\u00fade; Recep\u00e7\u00e3o e atendimento em ambiente hospitalar; T\u00e9cnicas de Balconista de Farm\u00e1cia; Aperfei\u00e7oamento em Corte e Costura; Ilumina\u00e7\u00e3o para est\u00fadio; Estrat\u00e9gia em Vendas e Vendedor. A unidade funciona na Avenida Dom Pedro I, 389, Centro. Mais informa\u00e7\u00f5es podem ser obtidas nos telefones (83) 3214-2330\/ 3214-2331\/ 3214-2332. J\u00e1 no Cendege os cursos oferecidos s\u00e3o: Orat\u00f3ria B\u00e1sica e Avan\u00e7ada, Excel com VBA e E-Social: Sistema de Escritura\u00e7\u00e3o Fiscal Digital das Obriga\u00e7\u00f5es Fiscais, Previdenci\u00e1rias e Trabalhistas. A unidade est\u00e1 situada na Rua Desembargador Souto Maior, 115, no Centro da Capital. Os contatos da unidade s\u00e3o (83) 3214-2340\/ 3214 \u2013 2341\/ 3214 \u2013 2342. &nbsp;\" \/>\n<meta property=\"og:url\" content=\"https:\/\/noticiasemdestaque.com\/cd\/?p=300\" \/>\n<meta property=\"og:site_name\" content=\"Not&iacute;cias em Destaque\" \/>\n<meta property=\"article:published_time\" content=\"2017-06-08T18:31:28+00:00\" \/>\n<meta property=\"og:image\" content=\"https:\/\/noticiasemdestaque.com\/cd\/wp-content\/uploads\/2017\/06\/cursos-senac-2.jpg\" \/>\n\t<meta property=\"og:image:width\" content=\"468\" \/>\n\t<meta property=\"og:image:height\" content=\"274\" \/>\n\t<meta property=\"og:image:type\" content=\"image\/jpeg\" \/>\n<meta name=\"author\" content=\"Not\u00edcias em Destaque\" \/>\n<meta name=\"twitter:card\" content=\"summary_large_image\" \/>\n<meta name=\"twitter:label1\" content=\"Escrito por\" \/>\n\t<meta name=\"twitter:data1\" content=\"Not\u00edcias em Destaque\" \/>\n\t<meta name=\"twitter:label2\" content=\"Est. tempo de leitura\" \/>\n\t<meta name=\"twitter:data2\" content=\"1 minuto\" \/>\n<script type=\"application\/ld+json\" class=\"yoast-schema-graph\">{\"@context\":\"https:\/\/schema.org\",\"@graph\":[{\"@type\":\"Article\",\"@id\":\"https:\/\/noticiasemdestaque.com\/cd\/?p=300#article\",\"isPartOf\":{\"@id\":\"https:\/\/noticiasemdestaque.com\/cd\/?p=300\"},\"author\":{\"name\":\"Not\u00edcias em Destaque\",\"@id\":\"https:\/\/noticiasemdestaque.com\/cd\/#\/schema\/person\/47f7d4f55eec17c6b2ca036c5500f6ce\"},\"headline\":\"Senac PB abre matr\u00edculas para 525 vagas em 17 cursos profissionalizantes\",\"datePublished\":\"2017-06-08T18:31:28+00:00\",\"mainEntityOfPage\":{\"@id\":\"https:\/\/noticiasemdestaque.com\/cd\/?p=300\"},\"wordCount\":276,\"publisher\":{\"@id\":\"https:\/\/noticiasemdestaque.com\/cd\/#organization\"},\"image\":{\"@id\":\"https:\/\/noticiasemdestaque.com\/cd\/?p=300#primaryimage\"},\"thumbnailUrl\":\"https:\/\/noticiasemdestaque.com\/cd\/wp-content\/uploads\/2017\/06\/cursos-senac-2.jpg\",\"articleSection\":[\"Cidades\"],\"inLanguage\":\"pt-BR\"},{\"@type\":\"WebPage\",\"@id\":\"https:\/\/noticiasemdestaque.com\/cd\/?p=300\",\"url\":\"https:\/\/noticiasemdestaque.com\/cd\/?p=300\",\"name\":\"Senac PB abre matr\u00edculas para 525 vagas em 17 cursos profissionalizantes - Not&iacute;cias em Destaque\",\"isPartOf\":{\"@id\":\"https:\/\/noticiasemdestaque.com\/cd\/#website\"},\"primaryImageOfPage\":{\"@id\":\"https:\/\/noticiasemdestaque.com\/cd\/?p=300#primaryimage\"},\"image\":{\"@id\":\"https:\/\/noticiasemdestaque.com\/cd\/?p=300#primaryimage\"},\"thumbnailUrl\":\"https:\/\/noticiasemdestaque.com\/cd\/wp-content\/uploads\/2017\/06\/cursos-senac-2.jpg\",\"datePublished\":\"2017-06-08T18:31:28+00:00\",\"breadcrumb\":{\"@id\":\"https:\/\/noticiasemdestaque.com\/cd\/?p=300#breadcrumb\"},\"inLanguage\":\"pt-BR\",\"potentialAction\":[{\"@type\":\"ReadAction\",\"target\":[\"https:\/\/noticiasemdestaque.com\/cd\/?p=300\"]}]},{\"@type\":\"ImageObject\",\"inLanguage\":\"pt-BR\",\"@id\":\"https:\/\/noticiasemdestaque.com\/cd\/?p=300#primaryimage\",\"url\":\"https:\/\/noticiasemdestaque.com\/cd\/wp-content\/uploads\/2017\/06\/cursos-senac-2.jpg\",\"contentUrl\":\"https:\/\/noticiasemdestaque.com\/cd\/wp-content\/uploads\/2017\/06\/cursos-senac-2.jpg\",\"width\":468,\"height\":274},{\"@type\":\"BreadcrumbList\",\"@id\":\"https:\/\/noticiasemdestaque.com\/cd\/?p=300#breadcrumb\",\"itemListElement\":[{\"@type\":\"ListItem\",\"position\":1,\"name\":\"In\u00edcio\",\"item\":\"https:\/\/noticiasemdestaque.com\/cd\/\"},{\"@type\":\"ListItem\",\"position\":2,\"name\":\"Senac PB abre matr\u00edculas para 525 vagas em 17 cursos profissionalizantes\"}]},{\"@type\":\"WebSite\",\"@id\":\"https:\/\/noticiasemdestaque.com\/cd\/#website\",\"url\":\"https:\/\/noticiasemdestaque.com\/cd\/\",\"name\":\"Not&iacute;cias em Destaque\",\"description\":\"\",\"publisher\":{\"@id\":\"https:\/\/noticiasemdestaque.com\/cd\/#organization\"},\"potentialAction\":[{\"@type\":\"SearchAction\",\"target\":{\"@type\":\"EntryPoint\",\"urlTemplate\":\"https:\/\/noticiasemdestaque.com\/cd\/?s={search_term_string}\"},\"query-input\":{\"@type\":\"PropertyValueSpecification\",\"valueRequired\":true,\"valueName\":\"search_term_string\"}}],\"inLanguage\":\"pt-BR\"},{\"@type\":\"Organization\",\"@id\":\"https:\/\/noticiasemdestaque.com\/cd\/#organization\",\"name\":\"Not\u00edcias em Destaque\",\"url\":\"https:\/\/noticiasemdestaque.com\/cd\/\",\"logo\":{\"@type\":\"ImageObject\",\"inLanguage\":\"pt-BR\",\"@id\":\"https:\/\/noticiasemdestaque.com\/cd\/#\/schema\/logo\/image\/\",\"url\":\"https:\/\/noticiasemdestaque.com\/cd\/wp-content\/uploads\/2022\/05\/imagem-base-noticiasemdestaque.png\",\"contentUrl\":\"https:\/\/noticiasemdestaque.com\/cd\/wp-content\/uploads\/2022\/05\/imagem-base-noticiasemdestaque.png\",\"width\":1200,\"height\":630,\"caption\":\"Not\u00edcias em Destaque\"},\"image\":{\"@id\":\"https:\/\/noticiasemdestaque.com\/cd\/#\/schema\/logo\/image\/\"}},{\"@type\":\"Person\",\"@id\":\"https:\/\/noticiasemdestaque.com\/cd\/#\/schema\/person\/47f7d4f55eec17c6b2ca036c5500f6ce\",\"name\":\"Not\u00edcias em Destaque\",\"url\":\"https:\/\/noticiasemdestaque.com\/cd\/?author=2\"}]}<\/script>\n<!-- \/ Yoast SEO plugin. -->","yoast_head_json":{"title":"Senac PB abre matr\u00edculas para 525 vagas em 17 cursos profissionalizantes - Not&iacute;cias em Destaque","robots":{"index":"index","follow":"follow","max-snippet":"max-snippet:-1","max-image-preview":"max-image-preview:large","max-video-preview":"max-video-preview:-1"},"canonical":"https:\/\/noticiasemdestaque.com\/cd\/?p=300","og_locale":"pt_BR","og_type":"article","og_title":"Senac PB abre matr\u00edculas para 525 vagas em 17 cursos profissionalizantes - Not&iacute;cias em Destaque","og_description":"Est\u00e3o abertas as matr\u00edculas para 525 vagas em 17 cursos profissionalizantes oferecidos pelo Senac Para\u00edba. As forma\u00e7\u00f5es acontecem no Centro de Educa\u00e7\u00e3o Profissional (CEP\/JP) e Centro de Desenvolvimento Gerencial (Cendege), em Jo\u00e3o Pessoa, e as aulas come\u00e7am este m\u00eas. Os cursos s\u00e3o nas \u00e1reas de inform\u00e1tica, gest\u00e3o, beleza, sa\u00fade, moda, artes, com\u00e9rcio e comunica\u00e7\u00e3o. Os interessados devem comparecer \u00e0s unidades onde os cursos s\u00e3o oferecidos e apresentar RG, CPF e Comprovante de Pr\u00e9-Requisito. Os comerci\u00e1rios com carteira do Sesc Para\u00edba e do Sindicato dos Empregados do Com\u00e9rcio recebem um desconto de 20%. No CEP\/JP s\u00e3o 17 cursos: Programador Web, Montador e Reparador de Computadores; Operador de Computador; Assistente administrativo; Recepcionista; T\u00e9cnicas de Recep\u00e7\u00e3o e Secretariado; Gest\u00e3o Financeira; Rotinas de Escrit\u00f3rio; Cabelereiro Assistente; Manicure e Pedicure; Atualiza\u00e7\u00e3o em Corte e Escova; Recepcionista em servi\u00e7os de Sa\u00fade; Recep\u00e7\u00e3o e atendimento em ambiente hospitalar; T\u00e9cnicas de Balconista de Farm\u00e1cia; Aperfei\u00e7oamento em Corte e Costura; Ilumina\u00e7\u00e3o para est\u00fadio; Estrat\u00e9gia em Vendas e Vendedor. A unidade funciona na Avenida Dom Pedro I, 389, Centro. Mais informa\u00e7\u00f5es podem ser obtidas nos telefones (83) 3214-2330\/ 3214-2331\/ 3214-2332. J\u00e1 no Cendege os cursos oferecidos s\u00e3o: Orat\u00f3ria B\u00e1sica e Avan\u00e7ada, Excel com VBA e E-Social: Sistema de Escritura\u00e7\u00e3o Fiscal Digital das Obriga\u00e7\u00f5es Fiscais, Previdenci\u00e1rias e Trabalhistas. A unidade est\u00e1 situada na Rua Desembargador Souto Maior, 115, no Centro da Capital. Os contatos da unidade s\u00e3o (83) 3214-2340\/ 3214 \u2013 2341\/ 3214 \u2013 2342. &nbsp;","og_url":"https:\/\/noticiasemdestaque.com\/cd\/?p=300","og_site_name":"Not&iacute;cias em Destaque","article_published_time":"2017-06-08T18:31:28+00:00","og_image":[{"width":468,"height":274,"url":"https:\/\/noticiasemdestaque.com\/cd\/wp-content\/uploads\/2017\/06\/cursos-senac-2.jpg","type":"image\/jpeg"}],"author":"Not\u00edcias em Destaque","twitter_card":"summary_large_image","twitter_misc":{"Escrito por":"Not\u00edcias em Destaque","Est. tempo de leitura":"1 minuto"},"schema":{"@context":"https:\/\/schema.org","@graph":[{"@type":"Article","@id":"https:\/\/noticiasemdestaque.com\/cd\/?p=300#article","isPartOf":{"@id":"https:\/\/noticiasemdestaque.com\/cd\/?p=300"},"author":{"name":"Not\u00edcias em Destaque","@id":"https:\/\/noticiasemdestaque.com\/cd\/#\/schema\/person\/47f7d4f55eec17c6b2ca036c5500f6ce"},"headline":"Senac PB abre matr\u00edculas para 525 vagas em 17 cursos profissionalizantes","datePublished":"2017-06-08T18:31:28+00:00","mainEntityOfPage":{"@id":"https:\/\/noticiasemdestaque.com\/cd\/?p=300"},"wordCount":276,"publisher":{"@id":"https:\/\/noticiasemdestaque.com\/cd\/#organization"},"image":{"@id":"https:\/\/noticiasemdestaque.com\/cd\/?p=300#primaryimage"},"thumbnailUrl":"https:\/\/noticiasemdestaque.com\/cd\/wp-content\/uploads\/2017\/06\/cursos-senac-2.jpg","articleSection":["Cidades"],"inLanguage":"pt-BR"},{"@type":"WebPage","@id":"https:\/\/noticiasemdestaque.com\/cd\/?p=300","url":"https:\/\/noticiasemdestaque.com\/cd\/?p=300","name":"Senac PB abre matr\u00edculas para 525 vagas em 17 cursos profissionalizantes - Not&iacute;cias em Destaque","isPartOf":{"@id":"https:\/\/noticiasemdestaque.com\/cd\/#website"},"primaryImageOfPage":{"@id":"https:\/\/noticiasemdestaque.com\/cd\/?p=300#primaryimage"},"image":{"@id":"https:\/\/noticiasemdestaque.com\/cd\/?p=300#primaryimage"},"thumbnailUrl":"https:\/\/noticiasemdestaque.com\/cd\/wp-content\/uploads\/2017\/06\/cursos-senac-2.jpg","datePublished":"2017-06-08T18:31:28+00:00","breadcrumb":{"@id":"https:\/\/noticiasemdestaque.com\/cd\/?p=300#breadcrumb"},"inLanguage":"pt-BR","potentialAction":[{"@type":"ReadAction","target":["https:\/\/noticiasemdestaque.com\/cd\/?p=300"]}]},{"@type":"ImageObject","inLanguage":"pt-BR","@id":"https:\/\/noticiasemdestaque.com\/cd\/?p=300#primaryimage","url":"https:\/\/noticiasemdestaque.com\/cd\/wp-content\/uploads\/2017\/06\/cursos-senac-2.jpg","contentUrl":"https:\/\/noticiasemdestaque.com\/cd\/wp-content\/uploads\/2017\/06\/cursos-senac-2.jpg","width":468,"height":274},{"@type":"BreadcrumbList","@id":"https:\/\/noticiasemdestaque.com\/cd\/?p=300#breadcrumb","itemListElement":[{"@type":"ListItem","position":1,"name":"In\u00edcio","item":"https:\/\/noticiasemdestaque.com\/cd\/"},{"@type":"ListItem","position":2,"name":"Senac PB abre matr\u00edculas para 525 vagas em 17 cursos profissionalizantes"}]},{"@type":"WebSite","@id":"https:\/\/noticiasemdestaque.com\/cd\/#website","url":"https:\/\/noticiasemdestaque.com\/cd\/","name":"Not&iacute;cias em Destaque","description":"","publisher":{"@id":"https:\/\/noticiasemdestaque.com\/cd\/#organization"},"potentialAction":[{"@type":"SearchAction","target":{"@type":"EntryPoint","urlTemplate":"https:\/\/noticiasemdestaque.com\/cd\/?s={search_term_string}"},"query-input":{"@type":"PropertyValueSpecification","valueRequired":true,"valueName":"search_term_string"}}],"inLanguage":"pt-BR"},{"@type":"Organization","@id":"https:\/\/noticiasemdestaque.com\/cd\/#organization","name":"Not\u00edcias em Destaque","url":"https:\/\/noticiasemdestaque.com\/cd\/","logo":{"@type":"ImageObject","inLanguage":"pt-BR","@id":"https:\/\/noticiasemdestaque.com\/cd\/#\/schema\/logo\/image\/","url":"https:\/\/noticiasemdestaque.com\/cd\/wp-content\/uploads\/2022\/05\/imagem-base-noticiasemdestaque.png","contentUrl":"https:\/\/noticiasemdestaque.com\/cd\/wp-content\/uploads\/2022\/05\/imagem-base-noticiasemdestaque.png","width":1200,"height":630,"caption":"Not\u00edcias em Destaque"},"image":{"@id":"https:\/\/noticiasemdestaque.com\/cd\/#\/schema\/logo\/image\/"}},{"@type":"Person","@id":"https:\/\/noticiasemdestaque.com\/cd\/#\/schema\/person\/47f7d4f55eec17c6b2ca036c5500f6ce","name":"Not\u00edcias em Destaque","url":"https:\/\/noticiasemdestaque.com\/cd\/?author=2"}]}},"jetpack_featured_media_url":"https:\/\/noticiasemdestaque.com\/cd\/wp-content\/uploads\/2017\/06\/cursos-senac-2.jpg","jetpack_sharing_enabled":true,"_links":{"self":[{"href":"https:\/\/noticiasemdestaque.com\/cd\/index.php?rest_route=\/wp\/v2\/posts\/300","targetHints":{"allow":["GET"]}}],"collection":[{"href":"https:\/\/noticiasemdestaque.com\/cd\/index.php?rest_route=\/wp\/v2\/posts"}],"about":[{"href":"https:\/\/noticiasemdestaque.com\/cd\/index.php?rest_route=\/wp\/v2\/types\/post"}],"author":[{"embeddable":true,"href":"https:\/\/noticiasemdestaque.com\/cd\/index.php?rest_route=\/wp\/v2\/users\/2"}],"replies":[{"embeddable":true,"href":"https:\/\/noticiasemdestaque.com\/cd\/index.php?rest_route=%2Fwp%2Fv2%2Fcomments&post=300"}],"version-history":[{"count":1,"href":"https:\/\/noticiasemdestaque.com\/cd\/index.php?rest_route=\/wp\/v2\/posts\/300\/revisions"}],"predecessor-version":[{"id":302,"href":"https:\/\/noticiasemdestaque.com\/cd\/index.php?rest_route=\/wp\/v2\/posts\/300\/revisions\/302"}],"wp:featuredmedia":[{"embeddable":true,"href":"https:\/\/noticiasemdestaque.com\/cd\/index.php?rest_route=\/wp\/v2\/media\/301"}],"wp:attachment":[{"href":"https:\/\/noticiasemdestaque.com\/cd\/index.php?rest_route=%2Fwp%2Fv2%2Fmedia&parent=300"}],"wp:term":[{"taxonomy":"category","embeddable":true,"href":"https:\/\/noticiasemdestaque.com\/cd\/index.php?rest_route=%2Fwp%2Fv2%2Fcategories&post=300"},{"taxonomy":"post_tag","embeddable":true,"href":"https:\/\/noticiasemdestaque.com\/cd\/index.php?rest_route=%2Fwp%2Fv2%2Ftags&post=300"}],"curies":[{"name":"wp","href":"https:\/\/api.w.org\/{rel}","templated":true}]}}