{"id":296,"date":"2017-06-08T15:22:03","date_gmt":"2017-06-08T18:22:03","guid":{"rendered":"http:\/\/caririemdestaque.com\/cd\/?p=296"},"modified":"2017-06-08T15:22:03","modified_gmt":"2017-06-08T18:22:03","slug":"prouni-inscricoes-terminam-amanha","status":"publish","type":"post","link":"https:\/\/noticiasemdestaque.com\/cd\/?p=296","title":{"rendered":"ProUni: inscri\u00e7\u00f5es terminam amanh\u00e3"},"content":{"rendered":"<p><a href=\"http:\/\/caririemdestaque.com\/cd\/wp-content\/uploads\/2017\/06\/prouni.png\"><img decoding=\"async\" class=\"size-medium wp-image-297 aligncenter\" src=\"http:\/\/caririemdestaque.com\/cd\/wp-content\/uploads\/2017\/06\/prouni-300x158.png\" alt=\"\" width=\"300\" height=\"158\" srcset=\"https:\/\/noticiasemdestaque.com\/cd\/wp-content\/uploads\/2017\/06\/prouni-300x158.png 300w, https:\/\/noticiasemdestaque.com\/cd\/wp-content\/uploads\/2017\/06\/prouni-768x404.png 768w, https:\/\/noticiasemdestaque.com\/cd\/wp-content\/uploads\/2017\/06\/prouni-1024x539.png 1024w, https:\/\/noticiasemdestaque.com\/cd\/wp-content\/uploads\/2017\/06\/prouni.png 1300w\" sizes=\"(max-width: 300px) 100vw, 300px\" \/><\/a>As inscri\u00e7\u00f5es para o Programa Universidade para Todos (ProUni) do segundo semestre de 2017 terminam amanh\u00e3 (9). Os estudantes interessados poder\u00e3o consultar as bolsas oferecidas e se inscrever na p\u00e1gina do ProUni na internet. O Minist\u00e9rio da Educa\u00e7\u00e3o (MEC) informou que ser\u00e3o ofertadas 147.492 bolsas em 1.076 institui\u00e7\u00f5es privadas de educa\u00e7\u00e3o superior, um aumento de 17% em rela\u00e7\u00e3o \u00e0 segunda edi\u00e7\u00e3o do programa do ano passado. Do total de bolsas, 67.603 s\u00e3o integrais e 79.889, parciais.<\/p>\n<p>O ProUni \u00e9 voltado para estudantes da rede p\u00fablica ou bolsistas integrais de escolas particulares. Tamb\u00e9m est\u00e3o inclu\u00eddas as pessoas com defici\u00eancia e professores da educa\u00e7\u00e3o b\u00e1sica em escolas p\u00fablicas que comp\u00f5em o quadro de pessoal permanente da institui\u00e7\u00e3o. S\u00f3 poder\u00e3o participar do processo seletivo os candidatos brasileiros que n\u00e3o tenham diploma de curso superior e que tenha feito o Exame Nacional do Ensino M\u00e9dio (Enem) de 2016. \u00c9 preciso ter obtido no m\u00ednimo 450 pontos na m\u00e9dia das notas do Enem e n\u00e3o ter tirado zero na reda\u00e7\u00e3o.<\/p>\n<p>O estudante pode concorrer a uma bolsa integral se sua renda familiar bruta mensal per capita n\u00e3o exceder a 1,5 sal\u00e1rio-m\u00ednimo. No caso da bolsa parcial, a renda familiar por pessoa n\u00e3o pode ser maior que tr\u00eas sal\u00e1rios-m\u00ednimos. O ProUni possui ainda a\u00e7\u00f5es conjuntas com o Fundo de Financiamento Estudantil (Fies), que permite ao bolsista parcial financiar a parte da mensalidade n\u00e3o coberta.<\/p>\n<p>At\u00e9 as 11h de ter\u00e7a-feira (6), dia que as inscri\u00e7\u00f5es foram abertas, o sistema j\u00e1 havia registrado 71.942 inscritos, num total de 137.761 inscri\u00e7\u00f5es. O estudante pode selecionar at\u00e9 duas op\u00e7\u00f5es de curso.<\/p>\n<p>Ag\u00eancia Brasil<\/p>\n","protected":false},"excerpt":{"rendered":"<p>As inscri\u00e7\u00f5es para o Programa Universidade para Todos (ProUni) do segundo semestre de 2017 terminam amanh\u00e3 (9). Os estudantes interessados poder\u00e3o consultar as bolsas oferecidas e se inscrever na p\u00e1gina do ProUni na internet. O Minist\u00e9rio da Educa\u00e7\u00e3o (MEC) informou que ser\u00e3o ofertadas 147.492 bolsas em 1.076 institui\u00e7\u00f5es privadas de educa\u00e7\u00e3o superior, um aumento de 17% em rela\u00e7\u00e3o \u00e0 segunda edi\u00e7\u00e3o do programa do ano passado. Do total de bolsas, 67.603 s\u00e3o integrais e 79.889, parciais. O ProUni \u00e9 voltado para estudantes da rede p\u00fablica ou bolsistas integrais de escolas particulares. Tamb\u00e9m est\u00e3o inclu\u00eddas as pessoas com defici\u00eancia e professores da educa\u00e7\u00e3o b\u00e1sica em escolas p\u00fablicas que comp\u00f5em o quadro de pessoal permanente da institui\u00e7\u00e3o. S\u00f3 poder\u00e3o participar do processo seletivo os candidatos brasileiros que n\u00e3o tenham diploma de curso superior e que tenha feito o Exame Nacional do Ensino M\u00e9dio (Enem) de 2016. \u00c9 preciso ter obtido no m\u00ednimo 450 pontos na m\u00e9dia das notas do Enem e n\u00e3o ter tirado zero na reda\u00e7\u00e3o. O estudante pode concorrer a uma bolsa integral se sua renda familiar bruta mensal per capita n\u00e3o exceder a 1,5 sal\u00e1rio-m\u00ednimo. No caso da bolsa parcial, a renda familiar por pessoa n\u00e3o pode ser maior que tr\u00eas sal\u00e1rios-m\u00ednimos. O ProUni possui ainda a\u00e7\u00f5es conjuntas com o Fundo de Financiamento Estudantil (Fies), que permite ao bolsista parcial financiar a parte da mensalidade n\u00e3o coberta. At\u00e9 as 11h de ter\u00e7a-feira (6), dia que as inscri\u00e7\u00f5es foram abertas, o sistema j\u00e1 havia registrado 71.942 inscritos, num total de 137.761 inscri\u00e7\u00f5es. O estudante pode selecionar at\u00e9 duas op\u00e7\u00f5es de curso. Ag\u00eancia Brasil<\/p>\n","protected":false},"author":2,"featured_media":297,"comment_status":"closed","ping_status":"open","sticky":false,"template":"","format":"standard","meta":{"_eb_attr":"","_jetpack_memberships_contains_paid_content":false,"footnotes":""},"categories":[6],"tags":[],"class_list":["post-296","post","type-post","status-publish","format-standard","has-post-thumbnail","hentry","category-educacao"],"yoast_head":"<!-- This site is optimized with the Yoast SEO plugin v26.5 - https:\/\/yoast.com\/wordpress\/plugins\/seo\/ -->\n<title>ProUni: inscri\u00e7\u00f5es terminam amanh\u00e3 - Not&iacute;cias em Destaque<\/title>\n<meta name=\"robots\" content=\"index, follow, max-snippet:-1, max-image-preview:large, max-video-preview:-1\" \/>\n<link rel=\"canonical\" href=\"https:\/\/noticiasemdestaque.com\/cd\/?p=296\" \/>\n<meta property=\"og:locale\" content=\"pt_BR\" \/>\n<meta property=\"og:type\" content=\"article\" \/>\n<meta property=\"og:title\" content=\"ProUni: inscri\u00e7\u00f5es terminam amanh\u00e3 - Not&iacute;cias em Destaque\" \/>\n<meta property=\"og:description\" content=\"As inscri\u00e7\u00f5es para o Programa Universidade para Todos (ProUni) do segundo semestre de 2017 terminam amanh\u00e3 (9). Os estudantes interessados poder\u00e3o consultar as bolsas oferecidas e se inscrever na p\u00e1gina do ProUni na internet. O Minist\u00e9rio da Educa\u00e7\u00e3o (MEC) informou que ser\u00e3o ofertadas 147.492 bolsas em 1.076 institui\u00e7\u00f5es privadas de educa\u00e7\u00e3o superior, um aumento de 17% em rela\u00e7\u00e3o \u00e0 segunda edi\u00e7\u00e3o do programa do ano passado. Do total de bolsas, 67.603 s\u00e3o integrais e 79.889, parciais. O ProUni \u00e9 voltado para estudantes da rede p\u00fablica ou bolsistas integrais de escolas particulares. Tamb\u00e9m est\u00e3o inclu\u00eddas as pessoas com defici\u00eancia e professores da educa\u00e7\u00e3o b\u00e1sica em escolas p\u00fablicas que comp\u00f5em o quadro de pessoal permanente da institui\u00e7\u00e3o. S\u00f3 poder\u00e3o participar do processo seletivo os candidatos brasileiros que n\u00e3o tenham diploma de curso superior e que tenha feito o Exame Nacional do Ensino M\u00e9dio (Enem) de 2016. \u00c9 preciso ter obtido no m\u00ednimo 450 pontos na m\u00e9dia das notas do Enem e n\u00e3o ter tirado zero na reda\u00e7\u00e3o. O estudante pode concorrer a uma bolsa integral se sua renda familiar bruta mensal per capita n\u00e3o exceder a 1,5 sal\u00e1rio-m\u00ednimo. No caso da bolsa parcial, a renda familiar por pessoa n\u00e3o pode ser maior que tr\u00eas sal\u00e1rios-m\u00ednimos. O ProUni possui ainda a\u00e7\u00f5es conjuntas com o Fundo de Financiamento Estudantil (Fies), que permite ao bolsista parcial financiar a parte da mensalidade n\u00e3o coberta. At\u00e9 as 11h de ter\u00e7a-feira (6), dia que as inscri\u00e7\u00f5es foram abertas, o sistema j\u00e1 havia registrado 71.942 inscritos, num total de 137.761 inscri\u00e7\u00f5es. O estudante pode selecionar at\u00e9 duas op\u00e7\u00f5es de curso. Ag\u00eancia Brasil\" \/>\n<meta property=\"og:url\" content=\"https:\/\/noticiasemdestaque.com\/cd\/?p=296\" \/>\n<meta property=\"og:site_name\" content=\"Not&iacute;cias em Destaque\" \/>\n<meta property=\"article:published_time\" content=\"2017-06-08T18:22:03+00:00\" \/>\n<meta property=\"og:image\" content=\"https:\/\/noticiasemdestaque.com\/cd\/wp-content\/uploads\/2017\/06\/prouni.png\" \/>\n\t<meta property=\"og:image:width\" content=\"1300\" \/>\n\t<meta property=\"og:image:height\" content=\"684\" \/>\n\t<meta property=\"og:image:type\" content=\"image\/png\" \/>\n<meta name=\"author\" content=\"Not\u00edcias em Destaque\" \/>\n<meta name=\"twitter:card\" content=\"summary_large_image\" \/>\n<meta name=\"twitter:label1\" content=\"Escrito por\" \/>\n\t<meta name=\"twitter:data1\" content=\"Not\u00edcias em Destaque\" \/>\n\t<meta name=\"twitter:label2\" content=\"Est. tempo de leitura\" \/>\n\t<meta name=\"twitter:data2\" content=\"1 minuto\" \/>\n<script type=\"application\/ld+json\" class=\"yoast-schema-graph\">{\"@context\":\"https:\/\/schema.org\",\"@graph\":[{\"@type\":\"Article\",\"@id\":\"https:\/\/noticiasemdestaque.com\/cd\/?p=296#article\",\"isPartOf\":{\"@id\":\"https:\/\/noticiasemdestaque.com\/cd\/?p=296\"},\"author\":{\"name\":\"Not\u00edcias em Destaque\",\"@id\":\"https:\/\/noticiasemdestaque.com\/cd\/#\/schema\/person\/47f7d4f55eec17c6b2ca036c5500f6ce\"},\"headline\":\"ProUni: inscri\u00e7\u00f5es terminam amanh\u00e3\",\"datePublished\":\"2017-06-08T18:22:03+00:00\",\"mainEntityOfPage\":{\"@id\":\"https:\/\/noticiasemdestaque.com\/cd\/?p=296\"},\"wordCount\":294,\"publisher\":{\"@id\":\"https:\/\/noticiasemdestaque.com\/cd\/#organization\"},\"image\":{\"@id\":\"https:\/\/noticiasemdestaque.com\/cd\/?p=296#primaryimage\"},\"thumbnailUrl\":\"https:\/\/noticiasemdestaque.com\/cd\/wp-content\/uploads\/2017\/06\/prouni.png\",\"articleSection\":[\"Educa\u00e7\u00e3o\"],\"inLanguage\":\"pt-BR\"},{\"@type\":\"WebPage\",\"@id\":\"https:\/\/noticiasemdestaque.com\/cd\/?p=296\",\"url\":\"https:\/\/noticiasemdestaque.com\/cd\/?p=296\",\"name\":\"ProUni: inscri\u00e7\u00f5es terminam amanh\u00e3 - Not&iacute;cias em Destaque\",\"isPartOf\":{\"@id\":\"https:\/\/noticiasemdestaque.com\/cd\/#website\"},\"primaryImageOfPage\":{\"@id\":\"https:\/\/noticiasemdestaque.com\/cd\/?p=296#primaryimage\"},\"image\":{\"@id\":\"https:\/\/noticiasemdestaque.com\/cd\/?p=296#primaryimage\"},\"thumbnailUrl\":\"https:\/\/noticiasemdestaque.com\/cd\/wp-content\/uploads\/2017\/06\/prouni.png\",\"datePublished\":\"2017-06-08T18:22:03+00:00\",\"breadcrumb\":{\"@id\":\"https:\/\/noticiasemdestaque.com\/cd\/?p=296#breadcrumb\"},\"inLanguage\":\"pt-BR\",\"potentialAction\":[{\"@type\":\"ReadAction\",\"target\":[\"https:\/\/noticiasemdestaque.com\/cd\/?p=296\"]}]},{\"@type\":\"ImageObject\",\"inLanguage\":\"pt-BR\",\"@id\":\"https:\/\/noticiasemdestaque.com\/cd\/?p=296#primaryimage\",\"url\":\"https:\/\/noticiasemdestaque.com\/cd\/wp-content\/uploads\/2017\/06\/prouni.png\",\"contentUrl\":\"https:\/\/noticiasemdestaque.com\/cd\/wp-content\/uploads\/2017\/06\/prouni.png\",\"width\":1300,\"height\":684},{\"@type\":\"BreadcrumbList\",\"@id\":\"https:\/\/noticiasemdestaque.com\/cd\/?p=296#breadcrumb\",\"itemListElement\":[{\"@type\":\"ListItem\",\"position\":1,\"name\":\"In\u00edcio\",\"item\":\"https:\/\/noticiasemdestaque.com\/cd\/\"},{\"@type\":\"ListItem\",\"position\":2,\"name\":\"ProUni: inscri\u00e7\u00f5es terminam amanh\u00e3\"}]},{\"@type\":\"WebSite\",\"@id\":\"https:\/\/noticiasemdestaque.com\/cd\/#website\",\"url\":\"https:\/\/noticiasemdestaque.com\/cd\/\",\"name\":\"Not&iacute;cias em Destaque\",\"description\":\"\",\"publisher\":{\"@id\":\"https:\/\/noticiasemdestaque.com\/cd\/#organization\"},\"potentialAction\":[{\"@type\":\"SearchAction\",\"target\":{\"@type\":\"EntryPoint\",\"urlTemplate\":\"https:\/\/noticiasemdestaque.com\/cd\/?s={search_term_string}\"},\"query-input\":{\"@type\":\"PropertyValueSpecification\",\"valueRequired\":true,\"valueName\":\"search_term_string\"}}],\"inLanguage\":\"pt-BR\"},{\"@type\":\"Organization\",\"@id\":\"https:\/\/noticiasemdestaque.com\/cd\/#organization\",\"name\":\"Not\u00edcias em Destaque\",\"url\":\"https:\/\/noticiasemdestaque.com\/cd\/\",\"logo\":{\"@type\":\"ImageObject\",\"inLanguage\":\"pt-BR\",\"@id\":\"https:\/\/noticiasemdestaque.com\/cd\/#\/schema\/logo\/image\/\",\"url\":\"https:\/\/noticiasemdestaque.com\/cd\/wp-content\/uploads\/2022\/05\/imagem-base-noticiasemdestaque.png\",\"contentUrl\":\"https:\/\/noticiasemdestaque.com\/cd\/wp-content\/uploads\/2022\/05\/imagem-base-noticiasemdestaque.png\",\"width\":1200,\"height\":630,\"caption\":\"Not\u00edcias em Destaque\"},\"image\":{\"@id\":\"https:\/\/noticiasemdestaque.com\/cd\/#\/schema\/logo\/image\/\"}},{\"@type\":\"Person\",\"@id\":\"https:\/\/noticiasemdestaque.com\/cd\/#\/schema\/person\/47f7d4f55eec17c6b2ca036c5500f6ce\",\"name\":\"Not\u00edcias em Destaque\",\"url\":\"https:\/\/noticiasemdestaque.com\/cd\/?author=2\"}]}<\/script>\n<!-- \/ Yoast SEO plugin. -->","yoast_head_json":{"title":"ProUni: inscri\u00e7\u00f5es terminam amanh\u00e3 - Not&iacute;cias em Destaque","robots":{"index":"index","follow":"follow","max-snippet":"max-snippet:-1","max-image-preview":"max-image-preview:large","max-video-preview":"max-video-preview:-1"},"canonical":"https:\/\/noticiasemdestaque.com\/cd\/?p=296","og_locale":"pt_BR","og_type":"article","og_title":"ProUni: inscri\u00e7\u00f5es terminam amanh\u00e3 - Not&iacute;cias em Destaque","og_description":"As inscri\u00e7\u00f5es para o Programa Universidade para Todos (ProUni) do segundo semestre de 2017 terminam amanh\u00e3 (9). Os estudantes interessados poder\u00e3o consultar as bolsas oferecidas e se inscrever na p\u00e1gina do ProUni na internet. O Minist\u00e9rio da Educa\u00e7\u00e3o (MEC) informou que ser\u00e3o ofertadas 147.492 bolsas em 1.076 institui\u00e7\u00f5es privadas de educa\u00e7\u00e3o superior, um aumento de 17% em rela\u00e7\u00e3o \u00e0 segunda edi\u00e7\u00e3o do programa do ano passado. Do total de bolsas, 67.603 s\u00e3o integrais e 79.889, parciais. O ProUni \u00e9 voltado para estudantes da rede p\u00fablica ou bolsistas integrais de escolas particulares. Tamb\u00e9m est\u00e3o inclu\u00eddas as pessoas com defici\u00eancia e professores da educa\u00e7\u00e3o b\u00e1sica em escolas p\u00fablicas que comp\u00f5em o quadro de pessoal permanente da institui\u00e7\u00e3o. S\u00f3 poder\u00e3o participar do processo seletivo os candidatos brasileiros que n\u00e3o tenham diploma de curso superior e que tenha feito o Exame Nacional do Ensino M\u00e9dio (Enem) de 2016. \u00c9 preciso ter obtido no m\u00ednimo 450 pontos na m\u00e9dia das notas do Enem e n\u00e3o ter tirado zero na reda\u00e7\u00e3o. O estudante pode concorrer a uma bolsa integral se sua renda familiar bruta mensal per capita n\u00e3o exceder a 1,5 sal\u00e1rio-m\u00ednimo. No caso da bolsa parcial, a renda familiar por pessoa n\u00e3o pode ser maior que tr\u00eas sal\u00e1rios-m\u00ednimos. O ProUni possui ainda a\u00e7\u00f5es conjuntas com o Fundo de Financiamento Estudantil (Fies), que permite ao bolsista parcial financiar a parte da mensalidade n\u00e3o coberta. At\u00e9 as 11h de ter\u00e7a-feira (6), dia que as inscri\u00e7\u00f5es foram abertas, o sistema j\u00e1 havia registrado 71.942 inscritos, num total de 137.761 inscri\u00e7\u00f5es. O estudante pode selecionar at\u00e9 duas op\u00e7\u00f5es de curso. Ag\u00eancia Brasil","og_url":"https:\/\/noticiasemdestaque.com\/cd\/?p=296","og_site_name":"Not&iacute;cias em Destaque","article_published_time":"2017-06-08T18:22:03+00:00","og_image":[{"width":1300,"height":684,"url":"https:\/\/noticiasemdestaque.com\/cd\/wp-content\/uploads\/2017\/06\/prouni.png","type":"image\/png"}],"author":"Not\u00edcias em Destaque","twitter_card":"summary_large_image","twitter_misc":{"Escrito por":"Not\u00edcias em Destaque","Est. tempo de leitura":"1 minuto"},"schema":{"@context":"https:\/\/schema.org","@graph":[{"@type":"Article","@id":"https:\/\/noticiasemdestaque.com\/cd\/?p=296#article","isPartOf":{"@id":"https:\/\/noticiasemdestaque.com\/cd\/?p=296"},"author":{"name":"Not\u00edcias em Destaque","@id":"https:\/\/noticiasemdestaque.com\/cd\/#\/schema\/person\/47f7d4f55eec17c6b2ca036c5500f6ce"},"headline":"ProUni: inscri\u00e7\u00f5es terminam amanh\u00e3","datePublished":"2017-06-08T18:22:03+00:00","mainEntityOfPage":{"@id":"https:\/\/noticiasemdestaque.com\/cd\/?p=296"},"wordCount":294,"publisher":{"@id":"https:\/\/noticiasemdestaque.com\/cd\/#organization"},"image":{"@id":"https:\/\/noticiasemdestaque.com\/cd\/?p=296#primaryimage"},"thumbnailUrl":"https:\/\/noticiasemdestaque.com\/cd\/wp-content\/uploads\/2017\/06\/prouni.png","articleSection":["Educa\u00e7\u00e3o"],"inLanguage":"pt-BR"},{"@type":"WebPage","@id":"https:\/\/noticiasemdestaque.com\/cd\/?p=296","url":"https:\/\/noticiasemdestaque.com\/cd\/?p=296","name":"ProUni: inscri\u00e7\u00f5es terminam amanh\u00e3 - Not&iacute;cias em Destaque","isPartOf":{"@id":"https:\/\/noticiasemdestaque.com\/cd\/#website"},"primaryImageOfPage":{"@id":"https:\/\/noticiasemdestaque.com\/cd\/?p=296#primaryimage"},"image":{"@id":"https:\/\/noticiasemdestaque.com\/cd\/?p=296#primaryimage"},"thumbnailUrl":"https:\/\/noticiasemdestaque.com\/cd\/wp-content\/uploads\/2017\/06\/prouni.png","datePublished":"2017-06-08T18:22:03+00:00","breadcrumb":{"@id":"https:\/\/noticiasemdestaque.com\/cd\/?p=296#breadcrumb"},"inLanguage":"pt-BR","potentialAction":[{"@type":"ReadAction","target":["https:\/\/noticiasemdestaque.com\/cd\/?p=296"]}]},{"@type":"ImageObject","inLanguage":"pt-BR","@id":"https:\/\/noticiasemdestaque.com\/cd\/?p=296#primaryimage","url":"https:\/\/noticiasemdestaque.com\/cd\/wp-content\/uploads\/2017\/06\/prouni.png","contentUrl":"https:\/\/noticiasemdestaque.com\/cd\/wp-content\/uploads\/2017\/06\/prouni.png","width":1300,"height":684},{"@type":"BreadcrumbList","@id":"https:\/\/noticiasemdestaque.com\/cd\/?p=296#breadcrumb","itemListElement":[{"@type":"ListItem","position":1,"name":"In\u00edcio","item":"https:\/\/noticiasemdestaque.com\/cd\/"},{"@type":"ListItem","position":2,"name":"ProUni: inscri\u00e7\u00f5es terminam amanh\u00e3"}]},{"@type":"WebSite","@id":"https:\/\/noticiasemdestaque.com\/cd\/#website","url":"https:\/\/noticiasemdestaque.com\/cd\/","name":"Not&iacute;cias em Destaque","description":"","publisher":{"@id":"https:\/\/noticiasemdestaque.com\/cd\/#organization"},"potentialAction":[{"@type":"SearchAction","target":{"@type":"EntryPoint","urlTemplate":"https:\/\/noticiasemdestaque.com\/cd\/?s={search_term_string}"},"query-input":{"@type":"PropertyValueSpecification","valueRequired":true,"valueName":"search_term_string"}}],"inLanguage":"pt-BR"},{"@type":"Organization","@id":"https:\/\/noticiasemdestaque.com\/cd\/#organization","name":"Not\u00edcias em Destaque","url":"https:\/\/noticiasemdestaque.com\/cd\/","logo":{"@type":"ImageObject","inLanguage":"pt-BR","@id":"https:\/\/noticiasemdestaque.com\/cd\/#\/schema\/logo\/image\/","url":"https:\/\/noticiasemdestaque.com\/cd\/wp-content\/uploads\/2022\/05\/imagem-base-noticiasemdestaque.png","contentUrl":"https:\/\/noticiasemdestaque.com\/cd\/wp-content\/uploads\/2022\/05\/imagem-base-noticiasemdestaque.png","width":1200,"height":630,"caption":"Not\u00edcias em Destaque"},"image":{"@id":"https:\/\/noticiasemdestaque.com\/cd\/#\/schema\/logo\/image\/"}},{"@type":"Person","@id":"https:\/\/noticiasemdestaque.com\/cd\/#\/schema\/person\/47f7d4f55eec17c6b2ca036c5500f6ce","name":"Not\u00edcias em Destaque","url":"https:\/\/noticiasemdestaque.com\/cd\/?author=2"}]}},"jetpack_featured_media_url":"https:\/\/noticiasemdestaque.com\/cd\/wp-content\/uploads\/2017\/06\/prouni.png","jetpack_sharing_enabled":true,"_links":{"self":[{"href":"https:\/\/noticiasemdestaque.com\/cd\/index.php?rest_route=\/wp\/v2\/posts\/296","targetHints":{"allow":["GET"]}}],"collection":[{"href":"https:\/\/noticiasemdestaque.com\/cd\/index.php?rest_route=\/wp\/v2\/posts"}],"about":[{"href":"https:\/\/noticiasemdestaque.com\/cd\/index.php?rest_route=\/wp\/v2\/types\/post"}],"author":[{"embeddable":true,"href":"https:\/\/noticiasemdestaque.com\/cd\/index.php?rest_route=\/wp\/v2\/users\/2"}],"replies":[{"embeddable":true,"href":"https:\/\/noticiasemdestaque.com\/cd\/index.php?rest_route=%2Fwp%2Fv2%2Fcomments&post=296"}],"version-history":[{"count":2,"href":"https:\/\/noticiasemdestaque.com\/cd\/index.php?rest_route=\/wp\/v2\/posts\/296\/revisions"}],"predecessor-version":[{"id":299,"href":"https:\/\/noticiasemdestaque.com\/cd\/index.php?rest_route=\/wp\/v2\/posts\/296\/revisions\/299"}],"wp:featuredmedia":[{"embeddable":true,"href":"https:\/\/noticiasemdestaque.com\/cd\/index.php?rest_route=\/wp\/v2\/media\/297"}],"wp:attachment":[{"href":"https:\/\/noticiasemdestaque.com\/cd\/index.php?rest_route=%2Fwp%2Fv2%2Fmedia&parent=296"}],"wp:term":[{"taxonomy":"category","embeddable":true,"href":"https:\/\/noticiasemdestaque.com\/cd\/index.php?rest_route=%2Fwp%2Fv2%2Fcategories&post=296"},{"taxonomy":"post_tag","embeddable":true,"href":"https:\/\/noticiasemdestaque.com\/cd\/index.php?rest_route=%2Fwp%2Fv2%2Ftags&post=296"}],"curies":[{"name":"wp","href":"https:\/\/api.w.org\/{rel}","templated":true}]}}