{"id":2909,"date":"2017-08-10T19:59:40","date_gmt":"2017-08-10T22:59:40","guid":{"rendered":"http:\/\/caririemdestaque.com\/cd\/?p=2909"},"modified":"2017-08-10T19:59:40","modified_gmt":"2017-08-10T22:59:40","slug":"ligia-destaca-projeto-de-educacao-nos-presidios-do-governo-do-estado-que-foi-tema-de-reportagem-premiada-em-nivel-nacional","status":"publish","type":"post","link":"https:\/\/noticiasemdestaque.com\/cd\/?p=2909","title":{"rendered":"L\u00edgia destaca projeto de educa\u00e7\u00e3o nos pres\u00eddios do Governo do Estado que foi tema de reportagem premiada em n\u00edvel nacional"},"content":{"rendered":"<p><a href=\"http:\/\/caririemdestaque.com\/cd\/wp-content\/uploads\/2017\/08\/Marcelo-Andrade-e-L\u00edgia-Feliciano.jpg\"><img fetchpriority=\"high\" decoding=\"async\" class=\"size-medium wp-image-2910 alignleft\" src=\"http:\/\/caririemdestaque.com\/cd\/wp-content\/uploads\/2017\/08\/Marcelo-Andrade-e-L\u00edgia-Feliciano-169x300.jpg\" alt=\"\" width=\"169\" height=\"300\" srcset=\"https:\/\/noticiasemdestaque.com\/cd\/wp-content\/uploads\/2017\/08\/Marcelo-Andrade-e-L\u00edgia-Feliciano-169x300.jpg 169w, https:\/\/noticiasemdestaque.com\/cd\/wp-content\/uploads\/2017\/08\/Marcelo-Andrade-e-L\u00edgia-Feliciano-576x1024.jpg 576w, https:\/\/noticiasemdestaque.com\/cd\/wp-content\/uploads\/2017\/08\/Marcelo-Andrade-e-L\u00edgia-Feliciano.jpg 720w\" sizes=\"(max-width: 169px) 100vw, 169px\" \/><\/a>O projeto de educa\u00e7\u00e3o nos pres\u00eddios da Para\u00edba, desenvolvido pelo Governo do Estado desde 2011, foi tema da reportagem vencedora do pr\u00eamio ABMES de Jornalismo, categoria radiojornalismo regional. A premia\u00e7\u00e3o da Associa\u00e7\u00e3o Brasileira Mantenedora de Ensino Superior aconteceu ontem em Bras\u00edlia e teve o rep\u00f3rter Marcelo Andrade, da R\u00e1dio CBN Jo\u00e3o Pessoa, como grande vencedor, dentre 233 reportagens nacionais.<\/p>\n<p>A vice-governadora da Para\u00edba L\u00edgia Feliciano, destacou a reportagem produzida pelo jornalista, intitulada \u2018H\u00e1 luz no come\u00e7o do T\u00fanel\u2019, que abordou a trajet\u00f3ria de detentos da Penitenci\u00e1ria M\u00e1xima Geraldo Beltr\u00e3o, em Mangabeira, que alcan\u00e7aram o primeiro lugar no Exame Nacional do Ensino M\u00e9dio (Enem), atrav\u00e9s de um projeto de educa\u00e7\u00e3o de ensino fundamental e m\u00e9dio nos pres\u00eddios paraibanos, desenvolvido pelo Governo do Estado.<\/p>\n<p>\u201c\u00c9 um orgulho grande ver um projeto t\u00e3o importante como esse transformando vidas. Ali\u00e1s, a educa\u00e7\u00e3o tem esse poder. \u00c9 o instrumento mais eficaz de transforma\u00e7\u00e3o social, de qualifica\u00e7\u00e3o e inser\u00e7\u00e3o no mercado de trabalho. Parab\u00e9ns ao jornalista Marcelo Andrade por ter mostrado t\u00e3o bem esse projeto e pela conquista do primeiro lugar\u201d, disse L\u00edgia Feliciano.<\/p>\n<p>Atualmente 82 detentos da Penitenci\u00e1ria M\u00e1xima Geraldo Beltr\u00e3o no est\u00e3o matriculados nas aulas de educa\u00e7\u00e3o. No \u00faltimo Enem, quatro detentos conseguiram o primeiro lugar no exame. Para cada 12 horas de frequ\u00eancia escolar, o detento tem o direito a reduzir um dia do tempo de priva\u00e7\u00e3o de liberdade.<\/p>\n<p><em><strong>Cariri em Destaque<\/strong><\/em><\/p>\n<p>Com Ascom<\/p>\n","protected":false},"excerpt":{"rendered":"<p>O projeto de educa\u00e7\u00e3o nos pres\u00eddios da Para\u00edba, desenvolvido pelo Governo do Estado desde 2011, foi tema da reportagem vencedora do pr\u00eamio ABMES de Jornalismo, categoria radiojornalismo regional. A premia\u00e7\u00e3o da Associa\u00e7\u00e3o Brasileira Mantenedora de Ensino Superior aconteceu ontem em Bras\u00edlia e teve o rep\u00f3rter Marcelo Andrade, da R\u00e1dio CBN Jo\u00e3o Pessoa, como grande vencedor, dentre 233 reportagens nacionais. A vice-governadora da Para\u00edba L\u00edgia Feliciano, destacou a reportagem produzida pelo jornalista, intitulada \u2018H\u00e1 luz no come\u00e7o do T\u00fanel\u2019, que abordou a trajet\u00f3ria de detentos da Penitenci\u00e1ria M\u00e1xima Geraldo Beltr\u00e3o, em Mangabeira, que alcan\u00e7aram o primeiro lugar no Exame Nacional do Ensino M\u00e9dio (Enem), atrav\u00e9s de um projeto de educa\u00e7\u00e3o de ensino fundamental e m\u00e9dio nos pres\u00eddios paraibanos, desenvolvido pelo Governo do Estado. \u201c\u00c9 um orgulho grande ver um projeto t\u00e3o importante como esse transformando vidas. Ali\u00e1s, a educa\u00e7\u00e3o tem esse poder. \u00c9 o instrumento mais eficaz de transforma\u00e7\u00e3o social, de qualifica\u00e7\u00e3o e inser\u00e7\u00e3o no mercado de trabalho. Parab\u00e9ns ao jornalista Marcelo Andrade por ter mostrado t\u00e3o bem esse projeto e pela conquista do primeiro lugar\u201d, disse L\u00edgia Feliciano. Atualmente 82 detentos da Penitenci\u00e1ria M\u00e1xima Geraldo Beltr\u00e3o no est\u00e3o matriculados nas aulas de educa\u00e7\u00e3o. No \u00faltimo Enem, quatro detentos conseguiram o primeiro lugar no exame. Para cada 12 horas de frequ\u00eancia escolar, o detento tem o direito a reduzir um dia do tempo de priva\u00e7\u00e3o de liberdade. Cariri em Destaque Com Ascom<\/p>\n","protected":false},"author":2,"featured_media":2910,"comment_status":"closed","ping_status":"open","sticky":false,"template":"","format":"standard","meta":{"_eb_attr":"","_jetpack_memberships_contains_paid_content":false,"footnotes":""},"categories":[6],"tags":[],"class_list":["post-2909","post","type-post","status-publish","format-standard","has-post-thumbnail","hentry","category-educacao"],"yoast_head":"<!-- This site is optimized with the Yoast SEO plugin v26.5 - https:\/\/yoast.com\/wordpress\/plugins\/seo\/ -->\n<title>L\u00edgia destaca projeto de educa\u00e7\u00e3o nos pres\u00eddios do Governo do Estado que foi tema de reportagem premiada em n\u00edvel nacional - Not&iacute;cias em Destaque<\/title>\n<meta name=\"robots\" content=\"index, follow, max-snippet:-1, max-image-preview:large, max-video-preview:-1\" \/>\n<link rel=\"canonical\" href=\"https:\/\/noticiasemdestaque.com\/cd\/?p=2909\" \/>\n<meta property=\"og:locale\" content=\"pt_BR\" \/>\n<meta property=\"og:type\" content=\"article\" \/>\n<meta property=\"og:title\" content=\"L\u00edgia destaca projeto de educa\u00e7\u00e3o nos pres\u00eddios do Governo do Estado que foi tema de reportagem premiada em n\u00edvel nacional - Not&iacute;cias em Destaque\" \/>\n<meta property=\"og:description\" content=\"O projeto de educa\u00e7\u00e3o nos pres\u00eddios da Para\u00edba, desenvolvido pelo Governo do Estado desde 2011, foi tema da reportagem vencedora do pr\u00eamio ABMES de Jornalismo, categoria radiojornalismo regional. A premia\u00e7\u00e3o da Associa\u00e7\u00e3o Brasileira Mantenedora de Ensino Superior aconteceu ontem em Bras\u00edlia e teve o rep\u00f3rter Marcelo Andrade, da R\u00e1dio CBN Jo\u00e3o Pessoa, como grande vencedor, dentre 233 reportagens nacionais. A vice-governadora da Para\u00edba L\u00edgia Feliciano, destacou a reportagem produzida pelo jornalista, intitulada \u2018H\u00e1 luz no come\u00e7o do T\u00fanel\u2019, que abordou a trajet\u00f3ria de detentos da Penitenci\u00e1ria M\u00e1xima Geraldo Beltr\u00e3o, em Mangabeira, que alcan\u00e7aram o primeiro lugar no Exame Nacional do Ensino M\u00e9dio (Enem), atrav\u00e9s de um projeto de educa\u00e7\u00e3o de ensino fundamental e m\u00e9dio nos pres\u00eddios paraibanos, desenvolvido pelo Governo do Estado. \u201c\u00c9 um orgulho grande ver um projeto t\u00e3o importante como esse transformando vidas. Ali\u00e1s, a educa\u00e7\u00e3o tem esse poder. \u00c9 o instrumento mais eficaz de transforma\u00e7\u00e3o social, de qualifica\u00e7\u00e3o e inser\u00e7\u00e3o no mercado de trabalho. Parab\u00e9ns ao jornalista Marcelo Andrade por ter mostrado t\u00e3o bem esse projeto e pela conquista do primeiro lugar\u201d, disse L\u00edgia Feliciano. Atualmente 82 detentos da Penitenci\u00e1ria M\u00e1xima Geraldo Beltr\u00e3o no est\u00e3o matriculados nas aulas de educa\u00e7\u00e3o. No \u00faltimo Enem, quatro detentos conseguiram o primeiro lugar no exame. Para cada 12 horas de frequ\u00eancia escolar, o detento tem o direito a reduzir um dia do tempo de priva\u00e7\u00e3o de liberdade. Cariri em Destaque Com Ascom\" \/>\n<meta property=\"og:url\" content=\"https:\/\/noticiasemdestaque.com\/cd\/?p=2909\" \/>\n<meta property=\"og:site_name\" content=\"Not&iacute;cias em Destaque\" \/>\n<meta property=\"article:published_time\" content=\"2017-08-10T22:59:40+00:00\" \/>\n<meta property=\"og:image\" content=\"https:\/\/noticiasemdestaque.com\/cd\/wp-content\/uploads\/2017\/08\/Marcelo-Andrade-e-L\u00edgia-Feliciano.jpg\" \/>\n\t<meta property=\"og:image:width\" content=\"720\" \/>\n\t<meta property=\"og:image:height\" content=\"1280\" \/>\n\t<meta property=\"og:image:type\" content=\"image\/jpeg\" \/>\n<meta name=\"author\" content=\"Not\u00edcias em Destaque\" \/>\n<meta name=\"twitter:card\" content=\"summary_large_image\" \/>\n<meta name=\"twitter:label1\" content=\"Escrito por\" \/>\n\t<meta name=\"twitter:data1\" content=\"Not\u00edcias em Destaque\" \/>\n\t<meta name=\"twitter:label2\" content=\"Est. tempo de leitura\" \/>\n\t<meta name=\"twitter:data2\" content=\"1 minuto\" \/>\n<script type=\"application\/ld+json\" class=\"yoast-schema-graph\">{\"@context\":\"https:\/\/schema.org\",\"@graph\":[{\"@type\":\"Article\",\"@id\":\"https:\/\/noticiasemdestaque.com\/cd\/?p=2909#article\",\"isPartOf\":{\"@id\":\"https:\/\/noticiasemdestaque.com\/cd\/?p=2909\"},\"author\":{\"name\":\"Not\u00edcias em Destaque\",\"@id\":\"https:\/\/noticiasemdestaque.com\/cd\/#\/schema\/person\/4a81fb71f77579d059c3045891fa1786\"},\"headline\":\"L\u00edgia destaca projeto de educa\u00e7\u00e3o nos pres\u00eddios do Governo do Estado que foi tema de reportagem premiada em n\u00edvel nacional\",\"datePublished\":\"2017-08-10T22:59:40+00:00\",\"mainEntityOfPage\":{\"@id\":\"https:\/\/noticiasemdestaque.com\/cd\/?p=2909\"},\"wordCount\":289,\"publisher\":{\"@id\":\"https:\/\/noticiasemdestaque.com\/cd\/#organization\"},\"image\":{\"@id\":\"https:\/\/noticiasemdestaque.com\/cd\/?p=2909#primaryimage\"},\"thumbnailUrl\":\"https:\/\/noticiasemdestaque.com\/cd\/wp-content\/uploads\/2017\/08\/Marcelo-Andrade-e-L\u00edgia-Feliciano.jpg\",\"articleSection\":[\"Educa\u00e7\u00e3o\"],\"inLanguage\":\"pt-BR\"},{\"@type\":\"WebPage\",\"@id\":\"https:\/\/noticiasemdestaque.com\/cd\/?p=2909\",\"url\":\"https:\/\/noticiasemdestaque.com\/cd\/?p=2909\",\"name\":\"L\u00edgia destaca projeto de educa\u00e7\u00e3o nos pres\u00eddios do Governo do Estado que foi tema de reportagem premiada em n\u00edvel nacional - Not&iacute;cias em Destaque\",\"isPartOf\":{\"@id\":\"https:\/\/noticiasemdestaque.com\/cd\/#website\"},\"primaryImageOfPage\":{\"@id\":\"https:\/\/noticiasemdestaque.com\/cd\/?p=2909#primaryimage\"},\"image\":{\"@id\":\"https:\/\/noticiasemdestaque.com\/cd\/?p=2909#primaryimage\"},\"thumbnailUrl\":\"https:\/\/noticiasemdestaque.com\/cd\/wp-content\/uploads\/2017\/08\/Marcelo-Andrade-e-L\u00edgia-Feliciano.jpg\",\"datePublished\":\"2017-08-10T22:59:40+00:00\",\"breadcrumb\":{\"@id\":\"https:\/\/noticiasemdestaque.com\/cd\/?p=2909#breadcrumb\"},\"inLanguage\":\"pt-BR\",\"potentialAction\":[{\"@type\":\"ReadAction\",\"target\":[\"https:\/\/noticiasemdestaque.com\/cd\/?p=2909\"]}]},{\"@type\":\"ImageObject\",\"inLanguage\":\"pt-BR\",\"@id\":\"https:\/\/noticiasemdestaque.com\/cd\/?p=2909#primaryimage\",\"url\":\"https:\/\/noticiasemdestaque.com\/cd\/wp-content\/uploads\/2017\/08\/Marcelo-Andrade-e-L\u00edgia-Feliciano.jpg\",\"contentUrl\":\"https:\/\/noticiasemdestaque.com\/cd\/wp-content\/uploads\/2017\/08\/Marcelo-Andrade-e-L\u00edgia-Feliciano.jpg\",\"width\":720,\"height\":1280},{\"@type\":\"BreadcrumbList\",\"@id\":\"https:\/\/noticiasemdestaque.com\/cd\/?p=2909#breadcrumb\",\"itemListElement\":[{\"@type\":\"ListItem\",\"position\":1,\"name\":\"In\u00edcio\",\"item\":\"https:\/\/noticiasemdestaque.com\/cd\/\"},{\"@type\":\"ListItem\",\"position\":2,\"name\":\"L\u00edgia destaca projeto de educa\u00e7\u00e3o nos pres\u00eddios do Governo do Estado que foi tema de reportagem premiada em n\u00edvel nacional\"}]},{\"@type\":\"WebSite\",\"@id\":\"https:\/\/noticiasemdestaque.com\/cd\/#website\",\"url\":\"https:\/\/noticiasemdestaque.com\/cd\/\",\"name\":\"Not&iacute;cias em Destaque\",\"description\":\"\",\"publisher\":{\"@id\":\"https:\/\/noticiasemdestaque.com\/cd\/#organization\"},\"potentialAction\":[{\"@type\":\"SearchAction\",\"target\":{\"@type\":\"EntryPoint\",\"urlTemplate\":\"https:\/\/noticiasemdestaque.com\/cd\/?s={search_term_string}\"},\"query-input\":{\"@type\":\"PropertyValueSpecification\",\"valueRequired\":true,\"valueName\":\"search_term_string\"}}],\"inLanguage\":\"pt-BR\"},{\"@type\":\"Organization\",\"@id\":\"https:\/\/noticiasemdestaque.com\/cd\/#organization\",\"name\":\"Not\u00edcias em Destaque\",\"url\":\"https:\/\/noticiasemdestaque.com\/cd\/\",\"logo\":{\"@type\":\"ImageObject\",\"inLanguage\":\"pt-BR\",\"@id\":\"https:\/\/noticiasemdestaque.com\/cd\/#\/schema\/logo\/image\/\",\"url\":\"https:\/\/noticiasemdestaque.com\/cd\/wp-content\/uploads\/2022\/05\/imagem-base-noticiasemdestaque.png\",\"contentUrl\":\"https:\/\/noticiasemdestaque.com\/cd\/wp-content\/uploads\/2022\/05\/imagem-base-noticiasemdestaque.png\",\"width\":1200,\"height\":630,\"caption\":\"Not\u00edcias em Destaque\"},\"image\":{\"@id\":\"https:\/\/noticiasemdestaque.com\/cd\/#\/schema\/logo\/image\/\"}},{\"@type\":\"Person\",\"@id\":\"https:\/\/noticiasemdestaque.com\/cd\/#\/schema\/person\/4a81fb71f77579d059c3045891fa1786\",\"name\":\"Not\u00edcias em Destaque\",\"url\":\"https:\/\/noticiasemdestaque.com\/cd\/?author=2\"}]}<\/script>\n<!-- \/ Yoast SEO plugin. -->","yoast_head_json":{"title":"L\u00edgia destaca projeto de educa\u00e7\u00e3o nos pres\u00eddios do Governo do Estado que foi tema de reportagem premiada em n\u00edvel nacional - Not&iacute;cias em Destaque","robots":{"index":"index","follow":"follow","max-snippet":"max-snippet:-1","max-image-preview":"max-image-preview:large","max-video-preview":"max-video-preview:-1"},"canonical":"https:\/\/noticiasemdestaque.com\/cd\/?p=2909","og_locale":"pt_BR","og_type":"article","og_title":"L\u00edgia destaca projeto de educa\u00e7\u00e3o nos pres\u00eddios do Governo do Estado que foi tema de reportagem premiada em n\u00edvel nacional - Not&iacute;cias em Destaque","og_description":"O projeto de educa\u00e7\u00e3o nos pres\u00eddios da Para\u00edba, desenvolvido pelo Governo do Estado desde 2011, foi tema da reportagem vencedora do pr\u00eamio ABMES de Jornalismo, categoria radiojornalismo regional. A premia\u00e7\u00e3o da Associa\u00e7\u00e3o Brasileira Mantenedora de Ensino Superior aconteceu ontem em Bras\u00edlia e teve o rep\u00f3rter Marcelo Andrade, da R\u00e1dio CBN Jo\u00e3o Pessoa, como grande vencedor, dentre 233 reportagens nacionais. A vice-governadora da Para\u00edba L\u00edgia Feliciano, destacou a reportagem produzida pelo jornalista, intitulada \u2018H\u00e1 luz no come\u00e7o do T\u00fanel\u2019, que abordou a trajet\u00f3ria de detentos da Penitenci\u00e1ria M\u00e1xima Geraldo Beltr\u00e3o, em Mangabeira, que alcan\u00e7aram o primeiro lugar no Exame Nacional do Ensino M\u00e9dio (Enem), atrav\u00e9s de um projeto de educa\u00e7\u00e3o de ensino fundamental e m\u00e9dio nos pres\u00eddios paraibanos, desenvolvido pelo Governo do Estado. \u201c\u00c9 um orgulho grande ver um projeto t\u00e3o importante como esse transformando vidas. Ali\u00e1s, a educa\u00e7\u00e3o tem esse poder. \u00c9 o instrumento mais eficaz de transforma\u00e7\u00e3o social, de qualifica\u00e7\u00e3o e inser\u00e7\u00e3o no mercado de trabalho. Parab\u00e9ns ao jornalista Marcelo Andrade por ter mostrado t\u00e3o bem esse projeto e pela conquista do primeiro lugar\u201d, disse L\u00edgia Feliciano. Atualmente 82 detentos da Penitenci\u00e1ria M\u00e1xima Geraldo Beltr\u00e3o no est\u00e3o matriculados nas aulas de educa\u00e7\u00e3o. No \u00faltimo Enem, quatro detentos conseguiram o primeiro lugar no exame. Para cada 12 horas de frequ\u00eancia escolar, o detento tem o direito a reduzir um dia do tempo de priva\u00e7\u00e3o de liberdade. Cariri em Destaque Com Ascom","og_url":"https:\/\/noticiasemdestaque.com\/cd\/?p=2909","og_site_name":"Not&iacute;cias em Destaque","article_published_time":"2017-08-10T22:59:40+00:00","og_image":[{"width":720,"height":1280,"url":"https:\/\/noticiasemdestaque.com\/cd\/wp-content\/uploads\/2017\/08\/Marcelo-Andrade-e-L\u00edgia-Feliciano.jpg","type":"image\/jpeg"}],"author":"Not\u00edcias em Destaque","twitter_card":"summary_large_image","twitter_misc":{"Escrito por":"Not\u00edcias em Destaque","Est. tempo de leitura":"1 minuto"},"schema":{"@context":"https:\/\/schema.org","@graph":[{"@type":"Article","@id":"https:\/\/noticiasemdestaque.com\/cd\/?p=2909#article","isPartOf":{"@id":"https:\/\/noticiasemdestaque.com\/cd\/?p=2909"},"author":{"name":"Not\u00edcias em Destaque","@id":"https:\/\/noticiasemdestaque.com\/cd\/#\/schema\/person\/4a81fb71f77579d059c3045891fa1786"},"headline":"L\u00edgia destaca projeto de educa\u00e7\u00e3o nos pres\u00eddios do Governo do Estado que foi tema de reportagem premiada em n\u00edvel nacional","datePublished":"2017-08-10T22:59:40+00:00","mainEntityOfPage":{"@id":"https:\/\/noticiasemdestaque.com\/cd\/?p=2909"},"wordCount":289,"publisher":{"@id":"https:\/\/noticiasemdestaque.com\/cd\/#organization"},"image":{"@id":"https:\/\/noticiasemdestaque.com\/cd\/?p=2909#primaryimage"},"thumbnailUrl":"https:\/\/noticiasemdestaque.com\/cd\/wp-content\/uploads\/2017\/08\/Marcelo-Andrade-e-L\u00edgia-Feliciano.jpg","articleSection":["Educa\u00e7\u00e3o"],"inLanguage":"pt-BR"},{"@type":"WebPage","@id":"https:\/\/noticiasemdestaque.com\/cd\/?p=2909","url":"https:\/\/noticiasemdestaque.com\/cd\/?p=2909","name":"L\u00edgia destaca projeto de educa\u00e7\u00e3o nos pres\u00eddios do Governo do Estado que foi tema de reportagem premiada em n\u00edvel nacional - Not&iacute;cias em Destaque","isPartOf":{"@id":"https:\/\/noticiasemdestaque.com\/cd\/#website"},"primaryImageOfPage":{"@id":"https:\/\/noticiasemdestaque.com\/cd\/?p=2909#primaryimage"},"image":{"@id":"https:\/\/noticiasemdestaque.com\/cd\/?p=2909#primaryimage"},"thumbnailUrl":"https:\/\/noticiasemdestaque.com\/cd\/wp-content\/uploads\/2017\/08\/Marcelo-Andrade-e-L\u00edgia-Feliciano.jpg","datePublished":"2017-08-10T22:59:40+00:00","breadcrumb":{"@id":"https:\/\/noticiasemdestaque.com\/cd\/?p=2909#breadcrumb"},"inLanguage":"pt-BR","potentialAction":[{"@type":"ReadAction","target":["https:\/\/noticiasemdestaque.com\/cd\/?p=2909"]}]},{"@type":"ImageObject","inLanguage":"pt-BR","@id":"https:\/\/noticiasemdestaque.com\/cd\/?p=2909#primaryimage","url":"https:\/\/noticiasemdestaque.com\/cd\/wp-content\/uploads\/2017\/08\/Marcelo-Andrade-e-L\u00edgia-Feliciano.jpg","contentUrl":"https:\/\/noticiasemdestaque.com\/cd\/wp-content\/uploads\/2017\/08\/Marcelo-Andrade-e-L\u00edgia-Feliciano.jpg","width":720,"height":1280},{"@type":"BreadcrumbList","@id":"https:\/\/noticiasemdestaque.com\/cd\/?p=2909#breadcrumb","itemListElement":[{"@type":"ListItem","position":1,"name":"In\u00edcio","item":"https:\/\/noticiasemdestaque.com\/cd\/"},{"@type":"ListItem","position":2,"name":"L\u00edgia destaca projeto de educa\u00e7\u00e3o nos pres\u00eddios do Governo do Estado que foi tema de reportagem premiada em n\u00edvel nacional"}]},{"@type":"WebSite","@id":"https:\/\/noticiasemdestaque.com\/cd\/#website","url":"https:\/\/noticiasemdestaque.com\/cd\/","name":"Not&iacute;cias em Destaque","description":"","publisher":{"@id":"https:\/\/noticiasemdestaque.com\/cd\/#organization"},"potentialAction":[{"@type":"SearchAction","target":{"@type":"EntryPoint","urlTemplate":"https:\/\/noticiasemdestaque.com\/cd\/?s={search_term_string}"},"query-input":{"@type":"PropertyValueSpecification","valueRequired":true,"valueName":"search_term_string"}}],"inLanguage":"pt-BR"},{"@type":"Organization","@id":"https:\/\/noticiasemdestaque.com\/cd\/#organization","name":"Not\u00edcias em Destaque","url":"https:\/\/noticiasemdestaque.com\/cd\/","logo":{"@type":"ImageObject","inLanguage":"pt-BR","@id":"https:\/\/noticiasemdestaque.com\/cd\/#\/schema\/logo\/image\/","url":"https:\/\/noticiasemdestaque.com\/cd\/wp-content\/uploads\/2022\/05\/imagem-base-noticiasemdestaque.png","contentUrl":"https:\/\/noticiasemdestaque.com\/cd\/wp-content\/uploads\/2022\/05\/imagem-base-noticiasemdestaque.png","width":1200,"height":630,"caption":"Not\u00edcias em Destaque"},"image":{"@id":"https:\/\/noticiasemdestaque.com\/cd\/#\/schema\/logo\/image\/"}},{"@type":"Person","@id":"https:\/\/noticiasemdestaque.com\/cd\/#\/schema\/person\/4a81fb71f77579d059c3045891fa1786","name":"Not\u00edcias em Destaque","url":"https:\/\/noticiasemdestaque.com\/cd\/?author=2"}]}},"jetpack_featured_media_url":"https:\/\/noticiasemdestaque.com\/cd\/wp-content\/uploads\/2017\/08\/Marcelo-Andrade-e-L\u00edgia-Feliciano.jpg","jetpack_sharing_enabled":true,"_links":{"self":[{"href":"https:\/\/noticiasemdestaque.com\/cd\/index.php?rest_route=\/wp\/v2\/posts\/2909","targetHints":{"allow":["GET"]}}],"collection":[{"href":"https:\/\/noticiasemdestaque.com\/cd\/index.php?rest_route=\/wp\/v2\/posts"}],"about":[{"href":"https:\/\/noticiasemdestaque.com\/cd\/index.php?rest_route=\/wp\/v2\/types\/post"}],"author":[{"embeddable":true,"href":"https:\/\/noticiasemdestaque.com\/cd\/index.php?rest_route=\/wp\/v2\/users\/2"}],"replies":[{"embeddable":true,"href":"https:\/\/noticiasemdestaque.com\/cd\/index.php?rest_route=%2Fwp%2Fv2%2Fcomments&post=2909"}],"version-history":[{"count":1,"href":"https:\/\/noticiasemdestaque.com\/cd\/index.php?rest_route=\/wp\/v2\/posts\/2909\/revisions"}],"predecessor-version":[{"id":2911,"href":"https:\/\/noticiasemdestaque.com\/cd\/index.php?rest_route=\/wp\/v2\/posts\/2909\/revisions\/2911"}],"wp:featuredmedia":[{"embeddable":true,"href":"https:\/\/noticiasemdestaque.com\/cd\/index.php?rest_route=\/wp\/v2\/media\/2910"}],"wp:attachment":[{"href":"https:\/\/noticiasemdestaque.com\/cd\/index.php?rest_route=%2Fwp%2Fv2%2Fmedia&parent=2909"}],"wp:term":[{"taxonomy":"category","embeddable":true,"href":"https:\/\/noticiasemdestaque.com\/cd\/index.php?rest_route=%2Fwp%2Fv2%2Fcategories&post=2909"},{"taxonomy":"post_tag","embeddable":true,"href":"https:\/\/noticiasemdestaque.com\/cd\/index.php?rest_route=%2Fwp%2Fv2%2Ftags&post=2909"}],"curies":[{"name":"wp","href":"https:\/\/api.w.org\/{rel}","templated":true}]}}