{"id":2906,"date":"2017-08-10T19:52:27","date_gmt":"2017-08-10T22:52:27","guid":{"rendered":"http:\/\/caririemdestaque.com\/cd\/?p=2906"},"modified":"2017-08-10T19:52:27","modified_gmt":"2017-08-10T22:52:27","slug":"agentes-comunitarios-de-saude-recebem-treinamento-para-uso-de-novo-equipamento","status":"publish","type":"post","link":"https:\/\/noticiasemdestaque.com\/cd\/?p=2906","title":{"rendered":"Agentes Comunit\u00e1rios de Sa\u00fade recebem treinamento para uso de novo equipamento"},"content":{"rendered":"<p><a href=\"http:\/\/caririemdestaque.com\/cd\/wp-content\/uploads\/2017\/08\/DSC_0923.jpg\"><img fetchpriority=\"high\" decoding=\"async\" class=\"size-medium wp-image-2907 alignleft\" src=\"http:\/\/caririemdestaque.com\/cd\/wp-content\/uploads\/2017\/08\/DSC_0923-300x199.jpg\" alt=\"\" width=\"300\" height=\"199\" srcset=\"https:\/\/noticiasemdestaque.com\/cd\/wp-content\/uploads\/2017\/08\/DSC_0923-300x199.jpg 300w, https:\/\/noticiasemdestaque.com\/cd\/wp-content\/uploads\/2017\/08\/DSC_0923-768x511.jpg 768w, https:\/\/noticiasemdestaque.com\/cd\/wp-content\/uploads\/2017\/08\/DSC_0923-1024x681.jpg 1024w, https:\/\/noticiasemdestaque.com\/cd\/wp-content\/uploads\/2017\/08\/DSC_0923-480x320.jpg 480w\" sizes=\"(max-width: 300px) 100vw, 300px\" \/><\/a>Em dois dias de treinamento, os agentes comunit\u00e1rios de sa\u00fade e enfermeiros dos PSFs da cidade e zona rural de Monteiro est\u00e3o aptos ao in\u00edcio dos trabalhos usando os novos equipamentos cedidos pela Prefeitura de Monteiro.<\/p>\n<p>A capacita\u00e7\u00e3o foi realizada no audit\u00f3rio do IFPB e foi ministrada pelos representantes da empresa PHealth que \u00e9 a respons\u00e1vel pela implanta\u00e7\u00e3o do sistema utilizado nos tablets dos profissionais de sa\u00fade.<\/p>\n<p>Na aula te\u00f3rica, os agentes tiveram a oportunidade de se familiarizar com a ferramenta que assim como as fichas manuais, oferecem campos de informa\u00e7\u00f5es detalhadas sobre as fam\u00edlias monteirenses e alguns incrementos a mais.<\/p>\n<p>Para o recadastro das fam\u00edlias os agentes buscar\u00e3o informa\u00e7\u00f5es como tipo de domic\u00edlio e o envio de sua localiza\u00e7\u00e3o via GPS para a central, n\u00famero do prontu\u00e1rio da fam\u00edlia, informa\u00e7\u00f5es individuais como controle de sa\u00fade e medica\u00e7\u00e3o. Ao chegar em suas unidades base, os ACS enviar\u00e3o os relat\u00f3rios contendo todas estas informa\u00e7\u00f5es possibilitando assim que sejam feitos relat\u00f3rios baseados nas visitas, situa\u00e7\u00f5es individuais e ocorr\u00eancias.<\/p>\n<p>Durante as aulas pr\u00e1ticas cada um dos ACS tiveram a oportunidade de testar em campo os conhecimentos adquiridos nas aulas. Devido a grande semelhan\u00e7a com aplicativos bastante usados em celulares, as equipes n\u00e3o tiveram dificuldade em executar a atividade.<\/p>\n<p>Cada tablet \u00e9 personalizado com informa\u00e7\u00f5es como nome e dados pessoais dos ACS, onde apenas o profissional poder\u00e1 manusear, sincronizar e validar de maneira on line nos postos de sa\u00fade.<\/p>\n<p>O PEC<\/p>\n<p>Os tablets usados pelos Agentes Comunit\u00e1rios de Sa\u00fade fazem parte da implanta\u00e7\u00e3o do Prontu\u00e1rio Eletr\u00f4nico do Cidad\u00e3o (PEC) do Sistema e-SUS Aten\u00e7\u00e3o B\u00e1sica que \u00e9 um software onde todas as informa\u00e7\u00f5es cl\u00ednicas e administrativas do paciente e que ficam armazenadas, no contexto da Unidade B\u00e1sica de Sa\u00fade (UBS), tendo como principal objetivo informatizar o fluxo de atendimento do cidad\u00e3o realizado pelos profissionais de sa\u00fade.<\/p>\n<p>O PEC \u00e9 uma solu\u00e7\u00e3o capaz de otimizar o fluxo de atendimento das UBS, al\u00e9m de apoiar o processo de coordena\u00e7\u00e3o do cuidado do cidad\u00e3o realizado pelas Equipes de Aten\u00e7\u00e3o B\u00e1sica.<\/p>\n<p>A informatiza\u00e7\u00e3o desses processos nas UBS traz benef\u00edcios importantes como: acesso r\u00e1pido \u00e0s informa\u00e7\u00f5es de sa\u00fade e interven\u00e7\u00f5es realizadas; melhoria na efetividade do cuidado e poss\u00edvel redu\u00e7\u00e3o de custos com otimiza\u00e7\u00e3o dos recursos, al\u00e9m de aprimorar e automatizar o processo de envio de informa\u00e7\u00f5es da AB para o Minist\u00e9rio da Sa\u00fade, impactando na qualifica\u00e7\u00e3o dos sistemas de informa\u00e7\u00f5es. Ou seja, a implanta\u00e7\u00e3o do prontu\u00e1rio eletr\u00f4nico traz benef\u00edcios, ao mesmo tempo, para gestores, profissionais de sa\u00fade e cidad\u00e3os.<\/p>\n<p><em><strong>Cariri em Destaque<\/strong><\/em><\/p>\n<p>Com Ascom<\/p>\n","protected":false},"excerpt":{"rendered":"<p>Em dois dias de treinamento, os agentes comunit\u00e1rios de sa\u00fade e enfermeiros dos PSFs da cidade e zona rural de Monteiro est\u00e3o aptos ao in\u00edcio dos trabalhos usando os novos equipamentos cedidos pela Prefeitura de Monteiro. A capacita\u00e7\u00e3o foi realizada no audit\u00f3rio do IFPB e foi ministrada pelos representantes da empresa PHealth que \u00e9 a respons\u00e1vel pela implanta\u00e7\u00e3o do sistema utilizado nos tablets dos profissionais de sa\u00fade. Na aula te\u00f3rica, os agentes tiveram a oportunidade de se familiarizar com a ferramenta que assim como as fichas manuais, oferecem campos de informa\u00e7\u00f5es detalhadas sobre as fam\u00edlias monteirenses e alguns incrementos a mais. Para o recadastro das fam\u00edlias os agentes buscar\u00e3o informa\u00e7\u00f5es como tipo de domic\u00edlio e o envio de sua localiza\u00e7\u00e3o via GPS para a central, n\u00famero do prontu\u00e1rio da fam\u00edlia, informa\u00e7\u00f5es individuais como controle de sa\u00fade e medica\u00e7\u00e3o. Ao chegar em suas unidades base, os ACS enviar\u00e3o os relat\u00f3rios contendo todas estas informa\u00e7\u00f5es possibilitando assim que sejam feitos relat\u00f3rios baseados nas visitas, situa\u00e7\u00f5es individuais e ocorr\u00eancias. Durante as aulas pr\u00e1ticas cada um dos ACS tiveram a oportunidade de testar em campo os conhecimentos adquiridos nas aulas. Devido a grande semelhan\u00e7a com aplicativos bastante usados em celulares, as equipes n\u00e3o tiveram dificuldade em executar a atividade. Cada tablet \u00e9 personalizado com informa\u00e7\u00f5es como nome e dados pessoais dos ACS, onde apenas o profissional poder\u00e1 manusear, sincronizar e validar de maneira on line nos postos de sa\u00fade. O PEC Os tablets usados pelos Agentes Comunit\u00e1rios de Sa\u00fade fazem parte da implanta\u00e7\u00e3o do Prontu\u00e1rio Eletr\u00f4nico do Cidad\u00e3o (PEC) do Sistema e-SUS Aten\u00e7\u00e3o B\u00e1sica que \u00e9 um software onde todas as informa\u00e7\u00f5es cl\u00ednicas e administrativas do paciente e que ficam armazenadas, no contexto da Unidade B\u00e1sica de Sa\u00fade (UBS), tendo como principal objetivo informatizar o fluxo de atendimento do cidad\u00e3o realizado pelos profissionais de sa\u00fade. O PEC \u00e9 uma solu\u00e7\u00e3o capaz de otimizar o fluxo de atendimento das UBS, al\u00e9m de apoiar o processo de coordena\u00e7\u00e3o do cuidado do cidad\u00e3o realizado pelas Equipes de Aten\u00e7\u00e3o B\u00e1sica. A informatiza\u00e7\u00e3o desses processos nas UBS traz benef\u00edcios importantes como: acesso r\u00e1pido \u00e0s informa\u00e7\u00f5es de sa\u00fade e interven\u00e7\u00f5es realizadas; melhoria na efetividade do cuidado e poss\u00edvel redu\u00e7\u00e3o de custos com otimiza\u00e7\u00e3o dos recursos, al\u00e9m de aprimorar e automatizar o processo de envio de informa\u00e7\u00f5es da AB para o Minist\u00e9rio da Sa\u00fade, impactando na qualifica\u00e7\u00e3o dos sistemas de informa\u00e7\u00f5es. Ou seja, a implanta\u00e7\u00e3o do prontu\u00e1rio eletr\u00f4nico traz benef\u00edcios, ao mesmo tempo, para gestores, profissionais de sa\u00fade e cidad\u00e3os. Cariri em Destaque Com Ascom<\/p>\n","protected":false},"author":2,"featured_media":2907,"comment_status":"closed","ping_status":"open","sticky":false,"template":"","format":"standard","meta":{"_eb_attr":"","_jetpack_memberships_contains_paid_content":false,"footnotes":""},"categories":[8],"tags":[],"class_list":["post-2906","post","type-post","status-publish","format-standard","has-post-thumbnail","hentry","category-saude"],"yoast_head":"<!-- This site is optimized with the Yoast SEO plugin v26.5 - https:\/\/yoast.com\/wordpress\/plugins\/seo\/ -->\n<title>Agentes Comunit\u00e1rios de Sa\u00fade recebem treinamento para uso de novo equipamento - Not&iacute;cias em Destaque<\/title>\n<meta name=\"robots\" content=\"index, follow, max-snippet:-1, max-image-preview:large, max-video-preview:-1\" \/>\n<link rel=\"canonical\" href=\"https:\/\/noticiasemdestaque.com\/cd\/?p=2906\" \/>\n<meta property=\"og:locale\" content=\"pt_BR\" \/>\n<meta property=\"og:type\" content=\"article\" \/>\n<meta property=\"og:title\" content=\"Agentes Comunit\u00e1rios de Sa\u00fade recebem treinamento para uso de novo equipamento - Not&iacute;cias em Destaque\" \/>\n<meta property=\"og:description\" content=\"Em dois dias de treinamento, os agentes comunit\u00e1rios de sa\u00fade e enfermeiros dos PSFs da cidade e zona rural de Monteiro est\u00e3o aptos ao in\u00edcio dos trabalhos usando os novos equipamentos cedidos pela Prefeitura de Monteiro. A capacita\u00e7\u00e3o foi realizada no audit\u00f3rio do IFPB e foi ministrada pelos representantes da empresa PHealth que \u00e9 a respons\u00e1vel pela implanta\u00e7\u00e3o do sistema utilizado nos tablets dos profissionais de sa\u00fade. Na aula te\u00f3rica, os agentes tiveram a oportunidade de se familiarizar com a ferramenta que assim como as fichas manuais, oferecem campos de informa\u00e7\u00f5es detalhadas sobre as fam\u00edlias monteirenses e alguns incrementos a mais. Para o recadastro das fam\u00edlias os agentes buscar\u00e3o informa\u00e7\u00f5es como tipo de domic\u00edlio e o envio de sua localiza\u00e7\u00e3o via GPS para a central, n\u00famero do prontu\u00e1rio da fam\u00edlia, informa\u00e7\u00f5es individuais como controle de sa\u00fade e medica\u00e7\u00e3o. Ao chegar em suas unidades base, os ACS enviar\u00e3o os relat\u00f3rios contendo todas estas informa\u00e7\u00f5es possibilitando assim que sejam feitos relat\u00f3rios baseados nas visitas, situa\u00e7\u00f5es individuais e ocorr\u00eancias. Durante as aulas pr\u00e1ticas cada um dos ACS tiveram a oportunidade de testar em campo os conhecimentos adquiridos nas aulas. Devido a grande semelhan\u00e7a com aplicativos bastante usados em celulares, as equipes n\u00e3o tiveram dificuldade em executar a atividade. Cada tablet \u00e9 personalizado com informa\u00e7\u00f5es como nome e dados pessoais dos ACS, onde apenas o profissional poder\u00e1 manusear, sincronizar e validar de maneira on line nos postos de sa\u00fade. O PEC Os tablets usados pelos Agentes Comunit\u00e1rios de Sa\u00fade fazem parte da implanta\u00e7\u00e3o do Prontu\u00e1rio Eletr\u00f4nico do Cidad\u00e3o (PEC) do Sistema e-SUS Aten\u00e7\u00e3o B\u00e1sica que \u00e9 um software onde todas as informa\u00e7\u00f5es cl\u00ednicas e administrativas do paciente e que ficam armazenadas, no contexto da Unidade B\u00e1sica de Sa\u00fade (UBS), tendo como principal objetivo informatizar o fluxo de atendimento do cidad\u00e3o realizado pelos profissionais de sa\u00fade. O PEC \u00e9 uma solu\u00e7\u00e3o capaz de otimizar o fluxo de atendimento das UBS, al\u00e9m de apoiar o processo de coordena\u00e7\u00e3o do cuidado do cidad\u00e3o realizado pelas Equipes de Aten\u00e7\u00e3o B\u00e1sica. A informatiza\u00e7\u00e3o desses processos nas UBS traz benef\u00edcios importantes como: acesso r\u00e1pido \u00e0s informa\u00e7\u00f5es de sa\u00fade e interven\u00e7\u00f5es realizadas; melhoria na efetividade do cuidado e poss\u00edvel redu\u00e7\u00e3o de custos com otimiza\u00e7\u00e3o dos recursos, al\u00e9m de aprimorar e automatizar o processo de envio de informa\u00e7\u00f5es da AB para o Minist\u00e9rio da Sa\u00fade, impactando na qualifica\u00e7\u00e3o dos sistemas de informa\u00e7\u00f5es. Ou seja, a implanta\u00e7\u00e3o do prontu\u00e1rio eletr\u00f4nico traz benef\u00edcios, ao mesmo tempo, para gestores, profissionais de sa\u00fade e cidad\u00e3os. Cariri em Destaque Com Ascom\" \/>\n<meta property=\"og:url\" content=\"https:\/\/noticiasemdestaque.com\/cd\/?p=2906\" \/>\n<meta property=\"og:site_name\" content=\"Not&iacute;cias em Destaque\" \/>\n<meta property=\"article:published_time\" content=\"2017-08-10T22:52:27+00:00\" \/>\n<meta property=\"og:image\" content=\"https:\/\/noticiasemdestaque.com\/cd\/wp-content\/uploads\/2017\/08\/DSC_0923-1024x681.jpg\" \/>\n\t<meta property=\"og:image:width\" content=\"1024\" \/>\n\t<meta property=\"og:image:height\" content=\"681\" \/>\n\t<meta property=\"og:image:type\" content=\"image\/jpeg\" \/>\n<meta name=\"author\" content=\"Not\u00edcias em Destaque\" \/>\n<meta name=\"twitter:card\" content=\"summary_large_image\" \/>\n<meta name=\"twitter:label1\" content=\"Escrito por\" \/>\n\t<meta name=\"twitter:data1\" content=\"Not\u00edcias em Destaque\" \/>\n\t<meta name=\"twitter:label2\" content=\"Est. tempo de leitura\" \/>\n\t<meta name=\"twitter:data2\" content=\"2 minutos\" \/>\n<script type=\"application\/ld+json\" class=\"yoast-schema-graph\">{\"@context\":\"https:\/\/schema.org\",\"@graph\":[{\"@type\":\"Article\",\"@id\":\"https:\/\/noticiasemdestaque.com\/cd\/?p=2906#article\",\"isPartOf\":{\"@id\":\"https:\/\/noticiasemdestaque.com\/cd\/?p=2906\"},\"author\":{\"name\":\"Not\u00edcias em Destaque\",\"@id\":\"https:\/\/noticiasemdestaque.com\/cd\/#\/schema\/person\/4a81fb71f77579d059c3045891fa1786\"},\"headline\":\"Agentes Comunit\u00e1rios de Sa\u00fade recebem treinamento para uso de novo equipamento\",\"datePublished\":\"2017-08-10T22:52:27+00:00\",\"mainEntityOfPage\":{\"@id\":\"https:\/\/noticiasemdestaque.com\/cd\/?p=2906\"},\"wordCount\":498,\"publisher\":{\"@id\":\"https:\/\/noticiasemdestaque.com\/cd\/#organization\"},\"image\":{\"@id\":\"https:\/\/noticiasemdestaque.com\/cd\/?p=2906#primaryimage\"},\"thumbnailUrl\":\"https:\/\/noticiasemdestaque.com\/cd\/wp-content\/uploads\/2017\/08\/DSC_0923.jpg\",\"articleSection\":[\"Sa\u00fade\"],\"inLanguage\":\"pt-BR\"},{\"@type\":\"WebPage\",\"@id\":\"https:\/\/noticiasemdestaque.com\/cd\/?p=2906\",\"url\":\"https:\/\/noticiasemdestaque.com\/cd\/?p=2906\",\"name\":\"Agentes Comunit\u00e1rios de Sa\u00fade recebem treinamento para uso de novo equipamento - Not&iacute;cias em Destaque\",\"isPartOf\":{\"@id\":\"https:\/\/noticiasemdestaque.com\/cd\/#website\"},\"primaryImageOfPage\":{\"@id\":\"https:\/\/noticiasemdestaque.com\/cd\/?p=2906#primaryimage\"},\"image\":{\"@id\":\"https:\/\/noticiasemdestaque.com\/cd\/?p=2906#primaryimage\"},\"thumbnailUrl\":\"https:\/\/noticiasemdestaque.com\/cd\/wp-content\/uploads\/2017\/08\/DSC_0923.jpg\",\"datePublished\":\"2017-08-10T22:52:27+00:00\",\"breadcrumb\":{\"@id\":\"https:\/\/noticiasemdestaque.com\/cd\/?p=2906#breadcrumb\"},\"inLanguage\":\"pt-BR\",\"potentialAction\":[{\"@type\":\"ReadAction\",\"target\":[\"https:\/\/noticiasemdestaque.com\/cd\/?p=2906\"]}]},{\"@type\":\"ImageObject\",\"inLanguage\":\"pt-BR\",\"@id\":\"https:\/\/noticiasemdestaque.com\/cd\/?p=2906#primaryimage\",\"url\":\"https:\/\/noticiasemdestaque.com\/cd\/wp-content\/uploads\/2017\/08\/DSC_0923.jpg\",\"contentUrl\":\"https:\/\/noticiasemdestaque.com\/cd\/wp-content\/uploads\/2017\/08\/DSC_0923.jpg\",\"width\":3008,\"height\":2000},{\"@type\":\"BreadcrumbList\",\"@id\":\"https:\/\/noticiasemdestaque.com\/cd\/?p=2906#breadcrumb\",\"itemListElement\":[{\"@type\":\"ListItem\",\"position\":1,\"name\":\"In\u00edcio\",\"item\":\"https:\/\/noticiasemdestaque.com\/cd\/\"},{\"@type\":\"ListItem\",\"position\":2,\"name\":\"Agentes Comunit\u00e1rios de Sa\u00fade recebem treinamento para uso de novo equipamento\"}]},{\"@type\":\"WebSite\",\"@id\":\"https:\/\/noticiasemdestaque.com\/cd\/#website\",\"url\":\"https:\/\/noticiasemdestaque.com\/cd\/\",\"name\":\"Not&iacute;cias em Destaque\",\"description\":\"\",\"publisher\":{\"@id\":\"https:\/\/noticiasemdestaque.com\/cd\/#organization\"},\"potentialAction\":[{\"@type\":\"SearchAction\",\"target\":{\"@type\":\"EntryPoint\",\"urlTemplate\":\"https:\/\/noticiasemdestaque.com\/cd\/?s={search_term_string}\"},\"query-input\":{\"@type\":\"PropertyValueSpecification\",\"valueRequired\":true,\"valueName\":\"search_term_string\"}}],\"inLanguage\":\"pt-BR\"},{\"@type\":\"Organization\",\"@id\":\"https:\/\/noticiasemdestaque.com\/cd\/#organization\",\"name\":\"Not\u00edcias em Destaque\",\"url\":\"https:\/\/noticiasemdestaque.com\/cd\/\",\"logo\":{\"@type\":\"ImageObject\",\"inLanguage\":\"pt-BR\",\"@id\":\"https:\/\/noticiasemdestaque.com\/cd\/#\/schema\/logo\/image\/\",\"url\":\"https:\/\/noticiasemdestaque.com\/cd\/wp-content\/uploads\/2022\/05\/imagem-base-noticiasemdestaque.png\",\"contentUrl\":\"https:\/\/noticiasemdestaque.com\/cd\/wp-content\/uploads\/2022\/05\/imagem-base-noticiasemdestaque.png\",\"width\":1200,\"height\":630,\"caption\":\"Not\u00edcias em Destaque\"},\"image\":{\"@id\":\"https:\/\/noticiasemdestaque.com\/cd\/#\/schema\/logo\/image\/\"}},{\"@type\":\"Person\",\"@id\":\"https:\/\/noticiasemdestaque.com\/cd\/#\/schema\/person\/4a81fb71f77579d059c3045891fa1786\",\"name\":\"Not\u00edcias em Destaque\",\"url\":\"https:\/\/noticiasemdestaque.com\/cd\/?author=2\"}]}<\/script>\n<!-- \/ Yoast SEO plugin. -->","yoast_head_json":{"title":"Agentes Comunit\u00e1rios de Sa\u00fade recebem treinamento para uso de novo equipamento - Not&iacute;cias em Destaque","robots":{"index":"index","follow":"follow","max-snippet":"max-snippet:-1","max-image-preview":"max-image-preview:large","max-video-preview":"max-video-preview:-1"},"canonical":"https:\/\/noticiasemdestaque.com\/cd\/?p=2906","og_locale":"pt_BR","og_type":"article","og_title":"Agentes Comunit\u00e1rios de Sa\u00fade recebem treinamento para uso de novo equipamento - Not&iacute;cias em Destaque","og_description":"Em dois dias de treinamento, os agentes comunit\u00e1rios de sa\u00fade e enfermeiros dos PSFs da cidade e zona rural de Monteiro est\u00e3o aptos ao in\u00edcio dos trabalhos usando os novos equipamentos cedidos pela Prefeitura de Monteiro. A capacita\u00e7\u00e3o foi realizada no audit\u00f3rio do IFPB e foi ministrada pelos representantes da empresa PHealth que \u00e9 a respons\u00e1vel pela implanta\u00e7\u00e3o do sistema utilizado nos tablets dos profissionais de sa\u00fade. Na aula te\u00f3rica, os agentes tiveram a oportunidade de se familiarizar com a ferramenta que assim como as fichas manuais, oferecem campos de informa\u00e7\u00f5es detalhadas sobre as fam\u00edlias monteirenses e alguns incrementos a mais. Para o recadastro das fam\u00edlias os agentes buscar\u00e3o informa\u00e7\u00f5es como tipo de domic\u00edlio e o envio de sua localiza\u00e7\u00e3o via GPS para a central, n\u00famero do prontu\u00e1rio da fam\u00edlia, informa\u00e7\u00f5es individuais como controle de sa\u00fade e medica\u00e7\u00e3o. Ao chegar em suas unidades base, os ACS enviar\u00e3o os relat\u00f3rios contendo todas estas informa\u00e7\u00f5es possibilitando assim que sejam feitos relat\u00f3rios baseados nas visitas, situa\u00e7\u00f5es individuais e ocorr\u00eancias. Durante as aulas pr\u00e1ticas cada um dos ACS tiveram a oportunidade de testar em campo os conhecimentos adquiridos nas aulas. Devido a grande semelhan\u00e7a com aplicativos bastante usados em celulares, as equipes n\u00e3o tiveram dificuldade em executar a atividade. Cada tablet \u00e9 personalizado com informa\u00e7\u00f5es como nome e dados pessoais dos ACS, onde apenas o profissional poder\u00e1 manusear, sincronizar e validar de maneira on line nos postos de sa\u00fade. O PEC Os tablets usados pelos Agentes Comunit\u00e1rios de Sa\u00fade fazem parte da implanta\u00e7\u00e3o do Prontu\u00e1rio Eletr\u00f4nico do Cidad\u00e3o (PEC) do Sistema e-SUS Aten\u00e7\u00e3o B\u00e1sica que \u00e9 um software onde todas as informa\u00e7\u00f5es cl\u00ednicas e administrativas do paciente e que ficam armazenadas, no contexto da Unidade B\u00e1sica de Sa\u00fade (UBS), tendo como principal objetivo informatizar o fluxo de atendimento do cidad\u00e3o realizado pelos profissionais de sa\u00fade. O PEC \u00e9 uma solu\u00e7\u00e3o capaz de otimizar o fluxo de atendimento das UBS, al\u00e9m de apoiar o processo de coordena\u00e7\u00e3o do cuidado do cidad\u00e3o realizado pelas Equipes de Aten\u00e7\u00e3o B\u00e1sica. A informatiza\u00e7\u00e3o desses processos nas UBS traz benef\u00edcios importantes como: acesso r\u00e1pido \u00e0s informa\u00e7\u00f5es de sa\u00fade e interven\u00e7\u00f5es realizadas; melhoria na efetividade do cuidado e poss\u00edvel redu\u00e7\u00e3o de custos com otimiza\u00e7\u00e3o dos recursos, al\u00e9m de aprimorar e automatizar o processo de envio de informa\u00e7\u00f5es da AB para o Minist\u00e9rio da Sa\u00fade, impactando na qualifica\u00e7\u00e3o dos sistemas de informa\u00e7\u00f5es. Ou seja, a implanta\u00e7\u00e3o do prontu\u00e1rio eletr\u00f4nico traz benef\u00edcios, ao mesmo tempo, para gestores, profissionais de sa\u00fade e cidad\u00e3os. Cariri em Destaque Com Ascom","og_url":"https:\/\/noticiasemdestaque.com\/cd\/?p=2906","og_site_name":"Not&iacute;cias em Destaque","article_published_time":"2017-08-10T22:52:27+00:00","og_image":[{"width":1024,"height":681,"url":"https:\/\/noticiasemdestaque.com\/cd\/wp-content\/uploads\/2017\/08\/DSC_0923-1024x681.jpg","type":"image\/jpeg"}],"author":"Not\u00edcias em Destaque","twitter_card":"summary_large_image","twitter_misc":{"Escrito por":"Not\u00edcias em Destaque","Est. tempo de leitura":"2 minutos"},"schema":{"@context":"https:\/\/schema.org","@graph":[{"@type":"Article","@id":"https:\/\/noticiasemdestaque.com\/cd\/?p=2906#article","isPartOf":{"@id":"https:\/\/noticiasemdestaque.com\/cd\/?p=2906"},"author":{"name":"Not\u00edcias em Destaque","@id":"https:\/\/noticiasemdestaque.com\/cd\/#\/schema\/person\/4a81fb71f77579d059c3045891fa1786"},"headline":"Agentes Comunit\u00e1rios de Sa\u00fade recebem treinamento para uso de novo equipamento","datePublished":"2017-08-10T22:52:27+00:00","mainEntityOfPage":{"@id":"https:\/\/noticiasemdestaque.com\/cd\/?p=2906"},"wordCount":498,"publisher":{"@id":"https:\/\/noticiasemdestaque.com\/cd\/#organization"},"image":{"@id":"https:\/\/noticiasemdestaque.com\/cd\/?p=2906#primaryimage"},"thumbnailUrl":"https:\/\/noticiasemdestaque.com\/cd\/wp-content\/uploads\/2017\/08\/DSC_0923.jpg","articleSection":["Sa\u00fade"],"inLanguage":"pt-BR"},{"@type":"WebPage","@id":"https:\/\/noticiasemdestaque.com\/cd\/?p=2906","url":"https:\/\/noticiasemdestaque.com\/cd\/?p=2906","name":"Agentes Comunit\u00e1rios de Sa\u00fade recebem treinamento para uso de novo equipamento - Not&iacute;cias em Destaque","isPartOf":{"@id":"https:\/\/noticiasemdestaque.com\/cd\/#website"},"primaryImageOfPage":{"@id":"https:\/\/noticiasemdestaque.com\/cd\/?p=2906#primaryimage"},"image":{"@id":"https:\/\/noticiasemdestaque.com\/cd\/?p=2906#primaryimage"},"thumbnailUrl":"https:\/\/noticiasemdestaque.com\/cd\/wp-content\/uploads\/2017\/08\/DSC_0923.jpg","datePublished":"2017-08-10T22:52:27+00:00","breadcrumb":{"@id":"https:\/\/noticiasemdestaque.com\/cd\/?p=2906#breadcrumb"},"inLanguage":"pt-BR","potentialAction":[{"@type":"ReadAction","target":["https:\/\/noticiasemdestaque.com\/cd\/?p=2906"]}]},{"@type":"ImageObject","inLanguage":"pt-BR","@id":"https:\/\/noticiasemdestaque.com\/cd\/?p=2906#primaryimage","url":"https:\/\/noticiasemdestaque.com\/cd\/wp-content\/uploads\/2017\/08\/DSC_0923.jpg","contentUrl":"https:\/\/noticiasemdestaque.com\/cd\/wp-content\/uploads\/2017\/08\/DSC_0923.jpg","width":3008,"height":2000},{"@type":"BreadcrumbList","@id":"https:\/\/noticiasemdestaque.com\/cd\/?p=2906#breadcrumb","itemListElement":[{"@type":"ListItem","position":1,"name":"In\u00edcio","item":"https:\/\/noticiasemdestaque.com\/cd\/"},{"@type":"ListItem","position":2,"name":"Agentes Comunit\u00e1rios de Sa\u00fade recebem treinamento para uso de novo equipamento"}]},{"@type":"WebSite","@id":"https:\/\/noticiasemdestaque.com\/cd\/#website","url":"https:\/\/noticiasemdestaque.com\/cd\/","name":"Not&iacute;cias em Destaque","description":"","publisher":{"@id":"https:\/\/noticiasemdestaque.com\/cd\/#organization"},"potentialAction":[{"@type":"SearchAction","target":{"@type":"EntryPoint","urlTemplate":"https:\/\/noticiasemdestaque.com\/cd\/?s={search_term_string}"},"query-input":{"@type":"PropertyValueSpecification","valueRequired":true,"valueName":"search_term_string"}}],"inLanguage":"pt-BR"},{"@type":"Organization","@id":"https:\/\/noticiasemdestaque.com\/cd\/#organization","name":"Not\u00edcias em Destaque","url":"https:\/\/noticiasemdestaque.com\/cd\/","logo":{"@type":"ImageObject","inLanguage":"pt-BR","@id":"https:\/\/noticiasemdestaque.com\/cd\/#\/schema\/logo\/image\/","url":"https:\/\/noticiasemdestaque.com\/cd\/wp-content\/uploads\/2022\/05\/imagem-base-noticiasemdestaque.png","contentUrl":"https:\/\/noticiasemdestaque.com\/cd\/wp-content\/uploads\/2022\/05\/imagem-base-noticiasemdestaque.png","width":1200,"height":630,"caption":"Not\u00edcias em Destaque"},"image":{"@id":"https:\/\/noticiasemdestaque.com\/cd\/#\/schema\/logo\/image\/"}},{"@type":"Person","@id":"https:\/\/noticiasemdestaque.com\/cd\/#\/schema\/person\/4a81fb71f77579d059c3045891fa1786","name":"Not\u00edcias em Destaque","url":"https:\/\/noticiasemdestaque.com\/cd\/?author=2"}]}},"jetpack_featured_media_url":"https:\/\/noticiasemdestaque.com\/cd\/wp-content\/uploads\/2017\/08\/DSC_0923.jpg","jetpack_sharing_enabled":true,"_links":{"self":[{"href":"https:\/\/noticiasemdestaque.com\/cd\/index.php?rest_route=\/wp\/v2\/posts\/2906","targetHints":{"allow":["GET"]}}],"collection":[{"href":"https:\/\/noticiasemdestaque.com\/cd\/index.php?rest_route=\/wp\/v2\/posts"}],"about":[{"href":"https:\/\/noticiasemdestaque.com\/cd\/index.php?rest_route=\/wp\/v2\/types\/post"}],"author":[{"embeddable":true,"href":"https:\/\/noticiasemdestaque.com\/cd\/index.php?rest_route=\/wp\/v2\/users\/2"}],"replies":[{"embeddable":true,"href":"https:\/\/noticiasemdestaque.com\/cd\/index.php?rest_route=%2Fwp%2Fv2%2Fcomments&post=2906"}],"version-history":[{"count":1,"href":"https:\/\/noticiasemdestaque.com\/cd\/index.php?rest_route=\/wp\/v2\/posts\/2906\/revisions"}],"predecessor-version":[{"id":2908,"href":"https:\/\/noticiasemdestaque.com\/cd\/index.php?rest_route=\/wp\/v2\/posts\/2906\/revisions\/2908"}],"wp:featuredmedia":[{"embeddable":true,"href":"https:\/\/noticiasemdestaque.com\/cd\/index.php?rest_route=\/wp\/v2\/media\/2907"}],"wp:attachment":[{"href":"https:\/\/noticiasemdestaque.com\/cd\/index.php?rest_route=%2Fwp%2Fv2%2Fmedia&parent=2906"}],"wp:term":[{"taxonomy":"category","embeddable":true,"href":"https:\/\/noticiasemdestaque.com\/cd\/index.php?rest_route=%2Fwp%2Fv2%2Fcategories&post=2906"},{"taxonomy":"post_tag","embeddable":true,"href":"https:\/\/noticiasemdestaque.com\/cd\/index.php?rest_route=%2Fwp%2Fv2%2Ftags&post=2906"}],"curies":[{"name":"wp","href":"https:\/\/api.w.org\/{rel}","templated":true}]}}