{"id":288,"date":"2017-06-08T10:06:05","date_gmt":"2017-06-08T13:06:05","guid":{"rendered":"http:\/\/caririemdestaque.com\/cd\/?p=288"},"modified":"2017-06-08T10:06:05","modified_gmt":"2017-06-08T13:06:05","slug":"tse-emite-nova-resolucao-que-regulamenta-o-funcionamento-das-zonas-eleitorais-veja-como-ficou-as-do-cariri","status":"publish","type":"post","link":"https:\/\/noticiasemdestaque.com\/cd\/?p=288","title":{"rendered":"TSE emite nova resolu\u00e7\u00e3o que regulamenta o funcionamento das Zonas Eleitorais; Veja como ficou as do Cariri \u00a0"},"content":{"rendered":"<p><a href=\"http:\/\/caririemdestaque.com\/cd\/wp-content\/uploads\/2017\/06\/c711b107-957e-44ad-a028-85c6d013a8a0.jpeg\"><img decoding=\"async\" class=\"size-medium wp-image-289 aligncenter\" src=\"http:\/\/caririemdestaque.com\/cd\/wp-content\/uploads\/2017\/06\/c711b107-957e-44ad-a028-85c6d013a8a0-300x145.jpeg\" alt=\"\" width=\"300\" height=\"145\" srcset=\"https:\/\/noticiasemdestaque.com\/cd\/wp-content\/uploads\/2017\/06\/c711b107-957e-44ad-a028-85c6d013a8a0-300x145.jpeg 300w, https:\/\/noticiasemdestaque.com\/cd\/wp-content\/uploads\/2017\/06\/c711b107-957e-44ad-a028-85c6d013a8a0.jpeg 543w\" sizes=\"(max-width: 300px) 100vw, 300px\" \/><\/a>Uma nova resolu\u00e7\u00e3o do Tribunal Superior Eleitoral, traz no Artigo 2 e seu incisos I e II, bem como o Par\u00e1grafo \u00fanico; regulamenta que tem que se levar em conta os crit\u00e9rios o total de eleitores apto a votar em abril de 2017, acrescidos dos eleitores suspensos ou cancelados em virtude da biometria realizado na zona eleitoral. Assim modificado o fechamento das Zonas Eleitorais de Serra Branca, Sum\u00e9, S\u00e3o Jo\u00e3o do Cariri e Prata.<\/p>\n<p>O outro ponto a ser destacado nos par\u00e2metros da nova resolu\u00e7\u00e3o do TSE e o que est\u00e1 no inciso II do art 2, onde coloca a densidade demogr\u00e1fica da \u00e1rea abrangida pelas cidades que comp\u00f5e a Zona Eleitoral<\/p>\n<p>Com rela\u00e7\u00e3o ao Munic\u00edpio de Serra Branca de acordo com os paramentos de meta de eleitores a ser atingido e de 17.000 eleitores e na 58 zona eleitoral que abrange os Munic\u00edpios de Serra Branca, Coxixola, Parari e S\u00e3o Jos\u00e9 Dos Cordeiros atinge um patamar 18.258 eleitores, no caso essa Zona Eleitoral atinge um superafit de 1.258 eleitores a mais do que est\u00e1 sendo exigido pelos par\u00e2metros do Tribunal Regional Eleitoral &#8211; TRE-PB.<\/p>\n<p>E a Zona Eleitoral de Sum\u00e9 permanece, fechando possivelmente a de S\u00e3o Jo\u00e3o do Cariri e Prata.<\/p>\n<p>Cariri em Destaque<\/p>\n","protected":false},"excerpt":{"rendered":"<p>Uma nova resolu\u00e7\u00e3o do Tribunal Superior Eleitoral, traz no Artigo 2 e seu incisos I e II, bem como o Par\u00e1grafo \u00fanico; regulamenta que tem que se levar em conta os crit\u00e9rios o total de eleitores apto a votar em abril de 2017, acrescidos dos eleitores suspensos ou cancelados em virtude da biometria realizado na zona eleitoral. Assim modificado o fechamento das Zonas Eleitorais de Serra Branca, Sum\u00e9, S\u00e3o Jo\u00e3o do Cariri e Prata. O outro ponto a ser destacado nos par\u00e2metros da nova resolu\u00e7\u00e3o do TSE e o que est\u00e1 no inciso II do art 2, onde coloca a densidade demogr\u00e1fica da \u00e1rea abrangida pelas cidades que comp\u00f5e a Zona Eleitoral Com rela\u00e7\u00e3o ao Munic\u00edpio de Serra Branca de acordo com os paramentos de meta de eleitores a ser atingido e de 17.000 eleitores e na 58 zona eleitoral que abrange os Munic\u00edpios de Serra Branca, Coxixola, Parari e S\u00e3o Jos\u00e9 Dos Cordeiros atinge um patamar 18.258 eleitores, no caso essa Zona Eleitoral atinge um superafit de 1.258 eleitores a mais do que est\u00e1 sendo exigido pelos par\u00e2metros do Tribunal Regional Eleitoral &#8211; TRE-PB. E a Zona Eleitoral de Sum\u00e9 permanece, fechando possivelmente a de S\u00e3o Jo\u00e3o do Cariri e Prata. Cariri em Destaque<\/p>\n","protected":false},"author":2,"featured_media":0,"comment_status":"closed","ping_status":"open","sticky":false,"template":"","format":"standard","meta":{"_eb_attr":"","_jetpack_memberships_contains_paid_content":false,"footnotes":""},"categories":[4],"tags":[],"class_list":["post-288","post","type-post","status-publish","format-standard","hentry","category-politica"],"yoast_head":"<!-- This site is optimized with the Yoast SEO plugin v26.5 - https:\/\/yoast.com\/wordpress\/plugins\/seo\/ -->\n<title>TSE emite nova resolu\u00e7\u00e3o que regulamenta o funcionamento das Zonas Eleitorais; Veja como ficou as do Cariri \u00a0 - Not&iacute;cias em Destaque<\/title>\n<meta name=\"robots\" content=\"index, follow, max-snippet:-1, max-image-preview:large, max-video-preview:-1\" \/>\n<link rel=\"canonical\" href=\"https:\/\/noticiasemdestaque.com\/cd\/?p=288\" \/>\n<meta property=\"og:locale\" content=\"pt_BR\" \/>\n<meta property=\"og:type\" content=\"article\" \/>\n<meta property=\"og:title\" content=\"TSE emite nova resolu\u00e7\u00e3o que regulamenta o funcionamento das Zonas Eleitorais; Veja como ficou as do Cariri \u00a0 - Not&iacute;cias em Destaque\" \/>\n<meta property=\"og:description\" content=\"Uma nova resolu\u00e7\u00e3o do Tribunal Superior Eleitoral, traz no Artigo 2 e seu incisos I e II, bem como o Par\u00e1grafo \u00fanico; regulamenta que tem que se levar em conta os crit\u00e9rios o total de eleitores apto a votar em abril de 2017, acrescidos dos eleitores suspensos ou cancelados em virtude da biometria realizado na zona eleitoral. Assim modificado o fechamento das Zonas Eleitorais de Serra Branca, Sum\u00e9, S\u00e3o Jo\u00e3o do Cariri e Prata. O outro ponto a ser destacado nos par\u00e2metros da nova resolu\u00e7\u00e3o do TSE e o que est\u00e1 no inciso II do art 2, onde coloca a densidade demogr\u00e1fica da \u00e1rea abrangida pelas cidades que comp\u00f5e a Zona Eleitoral Com rela\u00e7\u00e3o ao Munic\u00edpio de Serra Branca de acordo com os paramentos de meta de eleitores a ser atingido e de 17.000 eleitores e na 58 zona eleitoral que abrange os Munic\u00edpios de Serra Branca, Coxixola, Parari e S\u00e3o Jos\u00e9 Dos Cordeiros atinge um patamar 18.258 eleitores, no caso essa Zona Eleitoral atinge um superafit de 1.258 eleitores a mais do que est\u00e1 sendo exigido pelos par\u00e2metros do Tribunal Regional Eleitoral &#8211; TRE-PB. E a Zona Eleitoral de Sum\u00e9 permanece, fechando possivelmente a de S\u00e3o Jo\u00e3o do Cariri e Prata. Cariri em Destaque\" \/>\n<meta property=\"og:url\" content=\"https:\/\/noticiasemdestaque.com\/cd\/?p=288\" \/>\n<meta property=\"og:site_name\" content=\"Not&iacute;cias em Destaque\" \/>\n<meta property=\"article:published_time\" content=\"2017-06-08T13:06:05+00:00\" \/>\n<meta property=\"og:image\" content=\"http:\/\/caririemdestaque.com\/cd\/wp-content\/uploads\/2017\/06\/c711b107-957e-44ad-a028-85c6d013a8a0-300x145.jpeg\" \/>\n<meta name=\"author\" content=\"Not\u00edcias em Destaque\" \/>\n<meta name=\"twitter:card\" content=\"summary_large_image\" \/>\n<meta name=\"twitter:label1\" content=\"Escrito por\" \/>\n\t<meta name=\"twitter:data1\" content=\"Not\u00edcias em Destaque\" \/>\n\t<meta name=\"twitter:label2\" content=\"Est. tempo de leitura\" \/>\n\t<meta name=\"twitter:data2\" content=\"1 minuto\" \/>\n<script type=\"application\/ld+json\" class=\"yoast-schema-graph\">{\"@context\":\"https:\/\/schema.org\",\"@graph\":[{\"@type\":\"Article\",\"@id\":\"https:\/\/noticiasemdestaque.com\/cd\/?p=288#article\",\"isPartOf\":{\"@id\":\"https:\/\/noticiasemdestaque.com\/cd\/?p=288\"},\"author\":{\"name\":\"Not\u00edcias em Destaque\",\"@id\":\"https:\/\/noticiasemdestaque.com\/cd\/#\/schema\/person\/47f7d4f55eec17c6b2ca036c5500f6ce\"},\"headline\":\"TSE emite nova resolu\u00e7\u00e3o que regulamenta o funcionamento das Zonas Eleitorais; Veja como ficou as do Cariri \u00a0\",\"datePublished\":\"2017-06-08T13:06:05+00:00\",\"mainEntityOfPage\":{\"@id\":\"https:\/\/noticiasemdestaque.com\/cd\/?p=288\"},\"wordCount\":232,\"publisher\":{\"@id\":\"https:\/\/noticiasemdestaque.com\/cd\/#organization\"},\"image\":{\"@id\":\"https:\/\/noticiasemdestaque.com\/cd\/?p=288#primaryimage\"},\"thumbnailUrl\":\"http:\/\/caririemdestaque.com\/cd\/wp-content\/uploads\/2017\/06\/c711b107-957e-44ad-a028-85c6d013a8a0-300x145.jpeg\",\"articleSection\":[\"Pol\u00edtica\"],\"inLanguage\":\"pt-BR\"},{\"@type\":\"WebPage\",\"@id\":\"https:\/\/noticiasemdestaque.com\/cd\/?p=288\",\"url\":\"https:\/\/noticiasemdestaque.com\/cd\/?p=288\",\"name\":\"TSE emite nova resolu\u00e7\u00e3o que regulamenta o funcionamento das Zonas Eleitorais; Veja como ficou as do Cariri \u00a0 - Not&iacute;cias em Destaque\",\"isPartOf\":{\"@id\":\"https:\/\/noticiasemdestaque.com\/cd\/#website\"},\"primaryImageOfPage\":{\"@id\":\"https:\/\/noticiasemdestaque.com\/cd\/?p=288#primaryimage\"},\"image\":{\"@id\":\"https:\/\/noticiasemdestaque.com\/cd\/?p=288#primaryimage\"},\"thumbnailUrl\":\"http:\/\/caririemdestaque.com\/cd\/wp-content\/uploads\/2017\/06\/c711b107-957e-44ad-a028-85c6d013a8a0-300x145.jpeg\",\"datePublished\":\"2017-06-08T13:06:05+00:00\",\"breadcrumb\":{\"@id\":\"https:\/\/noticiasemdestaque.com\/cd\/?p=288#breadcrumb\"},\"inLanguage\":\"pt-BR\",\"potentialAction\":[{\"@type\":\"ReadAction\",\"target\":[\"https:\/\/noticiasemdestaque.com\/cd\/?p=288\"]}]},{\"@type\":\"ImageObject\",\"inLanguage\":\"pt-BR\",\"@id\":\"https:\/\/noticiasemdestaque.com\/cd\/?p=288#primaryimage\",\"url\":\"http:\/\/caririemdestaque.com\/cd\/wp-content\/uploads\/2017\/06\/c711b107-957e-44ad-a028-85c6d013a8a0-300x145.jpeg\",\"contentUrl\":\"http:\/\/caririemdestaque.com\/cd\/wp-content\/uploads\/2017\/06\/c711b107-957e-44ad-a028-85c6d013a8a0-300x145.jpeg\"},{\"@type\":\"BreadcrumbList\",\"@id\":\"https:\/\/noticiasemdestaque.com\/cd\/?p=288#breadcrumb\",\"itemListElement\":[{\"@type\":\"ListItem\",\"position\":1,\"name\":\"In\u00edcio\",\"item\":\"https:\/\/noticiasemdestaque.com\/cd\/\"},{\"@type\":\"ListItem\",\"position\":2,\"name\":\"TSE emite nova resolu\u00e7\u00e3o que regulamenta o funcionamento das Zonas Eleitorais; Veja como ficou as do Cariri \u00a0\"}]},{\"@type\":\"WebSite\",\"@id\":\"https:\/\/noticiasemdestaque.com\/cd\/#website\",\"url\":\"https:\/\/noticiasemdestaque.com\/cd\/\",\"name\":\"Not&iacute;cias em Destaque\",\"description\":\"\",\"publisher\":{\"@id\":\"https:\/\/noticiasemdestaque.com\/cd\/#organization\"},\"potentialAction\":[{\"@type\":\"SearchAction\",\"target\":{\"@type\":\"EntryPoint\",\"urlTemplate\":\"https:\/\/noticiasemdestaque.com\/cd\/?s={search_term_string}\"},\"query-input\":{\"@type\":\"PropertyValueSpecification\",\"valueRequired\":true,\"valueName\":\"search_term_string\"}}],\"inLanguage\":\"pt-BR\"},{\"@type\":\"Organization\",\"@id\":\"https:\/\/noticiasemdestaque.com\/cd\/#organization\",\"name\":\"Not\u00edcias em Destaque\",\"url\":\"https:\/\/noticiasemdestaque.com\/cd\/\",\"logo\":{\"@type\":\"ImageObject\",\"inLanguage\":\"pt-BR\",\"@id\":\"https:\/\/noticiasemdestaque.com\/cd\/#\/schema\/logo\/image\/\",\"url\":\"https:\/\/noticiasemdestaque.com\/cd\/wp-content\/uploads\/2022\/05\/imagem-base-noticiasemdestaque.png\",\"contentUrl\":\"https:\/\/noticiasemdestaque.com\/cd\/wp-content\/uploads\/2022\/05\/imagem-base-noticiasemdestaque.png\",\"width\":1200,\"height\":630,\"caption\":\"Not\u00edcias em Destaque\"},\"image\":{\"@id\":\"https:\/\/noticiasemdestaque.com\/cd\/#\/schema\/logo\/image\/\"}},{\"@type\":\"Person\",\"@id\":\"https:\/\/noticiasemdestaque.com\/cd\/#\/schema\/person\/47f7d4f55eec17c6b2ca036c5500f6ce\",\"name\":\"Not\u00edcias em Destaque\",\"url\":\"https:\/\/noticiasemdestaque.com\/cd\/?author=2\"}]}<\/script>\n<!-- \/ Yoast SEO plugin. -->","yoast_head_json":{"title":"TSE emite nova resolu\u00e7\u00e3o que regulamenta o funcionamento das Zonas Eleitorais; Veja como ficou as do Cariri \u00a0 - Not&iacute;cias em Destaque","robots":{"index":"index","follow":"follow","max-snippet":"max-snippet:-1","max-image-preview":"max-image-preview:large","max-video-preview":"max-video-preview:-1"},"canonical":"https:\/\/noticiasemdestaque.com\/cd\/?p=288","og_locale":"pt_BR","og_type":"article","og_title":"TSE emite nova resolu\u00e7\u00e3o que regulamenta o funcionamento das Zonas Eleitorais; Veja como ficou as do Cariri \u00a0 - Not&iacute;cias em Destaque","og_description":"Uma nova resolu\u00e7\u00e3o do Tribunal Superior Eleitoral, traz no Artigo 2 e seu incisos I e II, bem como o Par\u00e1grafo \u00fanico; regulamenta que tem que se levar em conta os crit\u00e9rios o total de eleitores apto a votar em abril de 2017, acrescidos dos eleitores suspensos ou cancelados em virtude da biometria realizado na zona eleitoral. Assim modificado o fechamento das Zonas Eleitorais de Serra Branca, Sum\u00e9, S\u00e3o Jo\u00e3o do Cariri e Prata. O outro ponto a ser destacado nos par\u00e2metros da nova resolu\u00e7\u00e3o do TSE e o que est\u00e1 no inciso II do art 2, onde coloca a densidade demogr\u00e1fica da \u00e1rea abrangida pelas cidades que comp\u00f5e a Zona Eleitoral Com rela\u00e7\u00e3o ao Munic\u00edpio de Serra Branca de acordo com os paramentos de meta de eleitores a ser atingido e de 17.000 eleitores e na 58 zona eleitoral que abrange os Munic\u00edpios de Serra Branca, Coxixola, Parari e S\u00e3o Jos\u00e9 Dos Cordeiros atinge um patamar 18.258 eleitores, no caso essa Zona Eleitoral atinge um superafit de 1.258 eleitores a mais do que est\u00e1 sendo exigido pelos par\u00e2metros do Tribunal Regional Eleitoral &#8211; TRE-PB. E a Zona Eleitoral de Sum\u00e9 permanece, fechando possivelmente a de S\u00e3o Jo\u00e3o do Cariri e Prata. Cariri em Destaque","og_url":"https:\/\/noticiasemdestaque.com\/cd\/?p=288","og_site_name":"Not&iacute;cias em Destaque","article_published_time":"2017-06-08T13:06:05+00:00","og_image":[{"url":"http:\/\/caririemdestaque.com\/cd\/wp-content\/uploads\/2017\/06\/c711b107-957e-44ad-a028-85c6d013a8a0-300x145.jpeg","type":"","width":"","height":""}],"author":"Not\u00edcias em Destaque","twitter_card":"summary_large_image","twitter_misc":{"Escrito por":"Not\u00edcias em Destaque","Est. tempo de leitura":"1 minuto"},"schema":{"@context":"https:\/\/schema.org","@graph":[{"@type":"Article","@id":"https:\/\/noticiasemdestaque.com\/cd\/?p=288#article","isPartOf":{"@id":"https:\/\/noticiasemdestaque.com\/cd\/?p=288"},"author":{"name":"Not\u00edcias em Destaque","@id":"https:\/\/noticiasemdestaque.com\/cd\/#\/schema\/person\/47f7d4f55eec17c6b2ca036c5500f6ce"},"headline":"TSE emite nova resolu\u00e7\u00e3o que regulamenta o funcionamento das Zonas Eleitorais; Veja como ficou as do Cariri \u00a0","datePublished":"2017-06-08T13:06:05+00:00","mainEntityOfPage":{"@id":"https:\/\/noticiasemdestaque.com\/cd\/?p=288"},"wordCount":232,"publisher":{"@id":"https:\/\/noticiasemdestaque.com\/cd\/#organization"},"image":{"@id":"https:\/\/noticiasemdestaque.com\/cd\/?p=288#primaryimage"},"thumbnailUrl":"http:\/\/caririemdestaque.com\/cd\/wp-content\/uploads\/2017\/06\/c711b107-957e-44ad-a028-85c6d013a8a0-300x145.jpeg","articleSection":["Pol\u00edtica"],"inLanguage":"pt-BR"},{"@type":"WebPage","@id":"https:\/\/noticiasemdestaque.com\/cd\/?p=288","url":"https:\/\/noticiasemdestaque.com\/cd\/?p=288","name":"TSE emite nova resolu\u00e7\u00e3o que regulamenta o funcionamento das Zonas Eleitorais; Veja como ficou as do Cariri \u00a0 - Not&iacute;cias em Destaque","isPartOf":{"@id":"https:\/\/noticiasemdestaque.com\/cd\/#website"},"primaryImageOfPage":{"@id":"https:\/\/noticiasemdestaque.com\/cd\/?p=288#primaryimage"},"image":{"@id":"https:\/\/noticiasemdestaque.com\/cd\/?p=288#primaryimage"},"thumbnailUrl":"http:\/\/caririemdestaque.com\/cd\/wp-content\/uploads\/2017\/06\/c711b107-957e-44ad-a028-85c6d013a8a0-300x145.jpeg","datePublished":"2017-06-08T13:06:05+00:00","breadcrumb":{"@id":"https:\/\/noticiasemdestaque.com\/cd\/?p=288#breadcrumb"},"inLanguage":"pt-BR","potentialAction":[{"@type":"ReadAction","target":["https:\/\/noticiasemdestaque.com\/cd\/?p=288"]}]},{"@type":"ImageObject","inLanguage":"pt-BR","@id":"https:\/\/noticiasemdestaque.com\/cd\/?p=288#primaryimage","url":"http:\/\/caririemdestaque.com\/cd\/wp-content\/uploads\/2017\/06\/c711b107-957e-44ad-a028-85c6d013a8a0-300x145.jpeg","contentUrl":"http:\/\/caririemdestaque.com\/cd\/wp-content\/uploads\/2017\/06\/c711b107-957e-44ad-a028-85c6d013a8a0-300x145.jpeg"},{"@type":"BreadcrumbList","@id":"https:\/\/noticiasemdestaque.com\/cd\/?p=288#breadcrumb","itemListElement":[{"@type":"ListItem","position":1,"name":"In\u00edcio","item":"https:\/\/noticiasemdestaque.com\/cd\/"},{"@type":"ListItem","position":2,"name":"TSE emite nova resolu\u00e7\u00e3o que regulamenta o funcionamento das Zonas Eleitorais; Veja como ficou as do Cariri \u00a0"}]},{"@type":"WebSite","@id":"https:\/\/noticiasemdestaque.com\/cd\/#website","url":"https:\/\/noticiasemdestaque.com\/cd\/","name":"Not&iacute;cias em Destaque","description":"","publisher":{"@id":"https:\/\/noticiasemdestaque.com\/cd\/#organization"},"potentialAction":[{"@type":"SearchAction","target":{"@type":"EntryPoint","urlTemplate":"https:\/\/noticiasemdestaque.com\/cd\/?s={search_term_string}"},"query-input":{"@type":"PropertyValueSpecification","valueRequired":true,"valueName":"search_term_string"}}],"inLanguage":"pt-BR"},{"@type":"Organization","@id":"https:\/\/noticiasemdestaque.com\/cd\/#organization","name":"Not\u00edcias em Destaque","url":"https:\/\/noticiasemdestaque.com\/cd\/","logo":{"@type":"ImageObject","inLanguage":"pt-BR","@id":"https:\/\/noticiasemdestaque.com\/cd\/#\/schema\/logo\/image\/","url":"https:\/\/noticiasemdestaque.com\/cd\/wp-content\/uploads\/2022\/05\/imagem-base-noticiasemdestaque.png","contentUrl":"https:\/\/noticiasemdestaque.com\/cd\/wp-content\/uploads\/2022\/05\/imagem-base-noticiasemdestaque.png","width":1200,"height":630,"caption":"Not\u00edcias em Destaque"},"image":{"@id":"https:\/\/noticiasemdestaque.com\/cd\/#\/schema\/logo\/image\/"}},{"@type":"Person","@id":"https:\/\/noticiasemdestaque.com\/cd\/#\/schema\/person\/47f7d4f55eec17c6b2ca036c5500f6ce","name":"Not\u00edcias em Destaque","url":"https:\/\/noticiasemdestaque.com\/cd\/?author=2"}]}},"jetpack_featured_media_url":"","jetpack_sharing_enabled":true,"_links":{"self":[{"href":"https:\/\/noticiasemdestaque.com\/cd\/index.php?rest_route=\/wp\/v2\/posts\/288","targetHints":{"allow":["GET"]}}],"collection":[{"href":"https:\/\/noticiasemdestaque.com\/cd\/index.php?rest_route=\/wp\/v2\/posts"}],"about":[{"href":"https:\/\/noticiasemdestaque.com\/cd\/index.php?rest_route=\/wp\/v2\/types\/post"}],"author":[{"embeddable":true,"href":"https:\/\/noticiasemdestaque.com\/cd\/index.php?rest_route=\/wp\/v2\/users\/2"}],"replies":[{"embeddable":true,"href":"https:\/\/noticiasemdestaque.com\/cd\/index.php?rest_route=%2Fwp%2Fv2%2Fcomments&post=288"}],"version-history":[{"count":1,"href":"https:\/\/noticiasemdestaque.com\/cd\/index.php?rest_route=\/wp\/v2\/posts\/288\/revisions"}],"predecessor-version":[{"id":290,"href":"https:\/\/noticiasemdestaque.com\/cd\/index.php?rest_route=\/wp\/v2\/posts\/288\/revisions\/290"}],"wp:attachment":[{"href":"https:\/\/noticiasemdestaque.com\/cd\/index.php?rest_route=%2Fwp%2Fv2%2Fmedia&parent=288"}],"wp:term":[{"taxonomy":"category","embeddable":true,"href":"https:\/\/noticiasemdestaque.com\/cd\/index.php?rest_route=%2Fwp%2Fv2%2Fcategories&post=288"},{"taxonomy":"post_tag","embeddable":true,"href":"https:\/\/noticiasemdestaque.com\/cd\/index.php?rest_route=%2Fwp%2Fv2%2Ftags&post=288"}],"curies":[{"name":"wp","href":"https:\/\/api.w.org\/{rel}","templated":true}]}}