{"id":2857,"date":"2017-08-09T07:51:27","date_gmt":"2017-08-09T10:51:27","guid":{"rendered":"http:\/\/caririemdestaque.com\/cd\/?p=2857"},"modified":"2017-08-09T07:51:27","modified_gmt":"2017-08-09T10:51:27","slug":"governo-prepara-nova-leva-de-aumento-de-impostos-para-2018","status":"publish","type":"post","link":"https:\/\/noticiasemdestaque.com\/cd\/?p=2857","title":{"rendered":"Governo prepara nova leva de aumento de impostos para 2018"},"content":{"rendered":"<p><a href=\"http:\/\/caririemdestaque.com\/cd\/wp-content\/uploads\/2017\/08\/1438364752012-financas-contas.jpg\"><img fetchpriority=\"high\" decoding=\"async\" class=\"size-medium wp-image-2858 alignleft\" src=\"http:\/\/caririemdestaque.com\/cd\/wp-content\/uploads\/2017\/08\/1438364752012-financas-contas-300x193.jpg\" alt=\"\" width=\"300\" height=\"193\" srcset=\"https:\/\/noticiasemdestaque.com\/cd\/wp-content\/uploads\/2017\/08\/1438364752012-financas-contas-300x193.jpg 300w, https:\/\/noticiasemdestaque.com\/cd\/wp-content\/uploads\/2017\/08\/1438364752012-financas-contas-768x494.jpg 768w, https:\/\/noticiasemdestaque.com\/cd\/wp-content\/uploads\/2017\/08\/1438364752012-financas-contas.jpg 867w\" sizes=\"(max-width: 300px) 100vw, 300px\" \/><\/a>Mesmo com todo impasse gerado pelo an\u00fancio do aumento dos impostos dos combust\u00edveis no final do m\u00eas de julho, a equipe econ\u00f4mica do governo continua a analisar outros setores em que a alta dos tributos possa sem empregada para fechar o Or\u00e7amento de 2018.\u00a0 Se o aumento tribut\u00e1rio for colocado em pr\u00e1tica poder\u00e1 refor\u00e7ar os cofres p\u00fablicos em R$ 35,5 bilh\u00f5es.<\/p>\n<p>O primeiro impacto pode ser no Imposto de Renda (IR), j\u00e1 que o governo de Michel Temer estuda a viabilidade de criar uma al\u00edquota ( impostos ) de 30% a 35% que ser\u00e1 aplicada a contribuintes com rendimento mensal superior a R$ 20 mil, ou os brasileiros de alta renda. Se essa al\u00edquota for coloca em pr\u00e1tica, ela seria capaz de reverter aos cofres p\u00fablicos R$ 4 bilh\u00f5es a mais em arrecada\u00e7\u00e3o nessa parcela da popula\u00e7\u00e3o.<\/p>\n<p>Outra medida seria a tributa\u00e7\u00e3o de lucros e dividendos, o que resultaria em R$ 15 bilh\u00f5es. Investimentos hoje isentos de Imposto de Renda, passariam a ter de contribuir como \u00e9 o caso da Letra de Cr\u00e9dito do Agroneg\u00f3cio ( LCA ) e a Letra de Cr\u00e9dito Imobili\u00e1rio ( LCI ), que podem resultar em arrecada\u00e7\u00e3o de R$ 3 bilh\u00f5es e R$ 4 bilh\u00f5es, respectivamente.<\/p>\n<p>Outra revis\u00e3o do governo seria feita na tributa\u00e7\u00e3o dos fundos de investimento imobili\u00e1rio \u2013 atualmente livres de IR sobre o ganho de capital investido. Os investidores estrangeiros , que hoje s\u00e3o beneficiados por diversas vantagens fiscais, podem ter de desembolsar mais para conseguir lucrar no mercado brasileiro.<\/p>\n<p><strong>Proposta<\/strong><\/p>\n<p>A equipe no Minist\u00e9rio da Fazenda, hoje representada pelo ministro Henrique Meirelles , j\u00e1 arquiteta o conjunto de propostas de revis\u00e3o tribut\u00e1ria que ser\u00e3o encaminhadas ao presidente da Rep\u00fablica, Michel Temer , para que o mesmo possa encaminh\u00e1-las ao Congresso. Uma das propostas que encontrar\u00e1 maior resist\u00eancia \u00e9 a da distribui\u00e7\u00e3o de dividendos, uma vez que envolve diversos grupos empres\u00e1rios que n\u00e3o v\u00e3o querer dividir mais uma peda\u00e7o de sua receita com o governo.<\/p>\n<p>Por\u00e9m, ela ganha for\u00e7a j\u00e1 que tem o apoio da Receita Federal. Todas as propostas devem ser analisadas no Congresso e s\u00f3 entram em vigor por meio de projeto de lei ordin\u00e1ria.<\/p>\n<p><strong>Contas p\u00fablicas<\/strong><\/p>\n<p>O governo n\u00e3o tem medido esfor\u00e7as para tentar tirar o Pa\u00eds da recess\u00e3o e organizar as contas p\u00fablicas. Mesmo ap\u00f3s afirmar por diversas vezes que o governo n\u00e3o faria revis\u00e3o da meta fiscal, na segunda-feira (7) Meirelles afirmou que setembro \u00e9 um \u201cbom momento\u201d para tal medida.<\/p>\n<p>\u201c[Ap\u00f3s o per\u00edodo de recupera\u00e7\u00e3o] a\u00ed poderemos avaliar qual \u00e9 o resultado e decidir onde e quando haver\u00e1 ou n\u00e3o uma mudan\u00e7a da meta. N\u00e3o h\u00e1 um prazo definido, vamos analisar. Certamente no relat\u00f3rio bimestral fiscal de setembro ser\u00e1 um bom momento para n\u00f3s avaliarmos essa situa\u00e7\u00e3o\u201d, afirmou ele ap\u00f3s participar de evento na Sala S\u00e3o Paulo, no Centro da capital paulista.<\/p>\n<p>Para tentar fechar a meta fiscal deste ano, que tem deficit prim\u00e1rio previsto de R$ 139 bilh\u00f5es, o governo aumento os impostos \u2013 PIS\/Cofins \u2013 dos combust\u00edveis. O an\u00fancio foi feito em 20 de julho e de l\u00e1 para c\u00e1, j\u00e1 teve de enfrentar disputas na justi\u00e7a para conseguir que o repasse fosse feito.<\/p>\n<p>Com Brasil Econ\u00f4mico<\/p>\n","protected":false},"excerpt":{"rendered":"<p>Mesmo com todo impasse gerado pelo an\u00fancio do aumento dos impostos dos combust\u00edveis no final do m\u00eas de julho, a equipe econ\u00f4mica do governo continua a analisar outros setores em que a alta dos tributos possa sem empregada para fechar o Or\u00e7amento de 2018.\u00a0 Se o aumento tribut\u00e1rio for colocado em pr\u00e1tica poder\u00e1 refor\u00e7ar os cofres p\u00fablicos em R$ 35,5 bilh\u00f5es. O primeiro impacto pode ser no Imposto de Renda (IR), j\u00e1 que o governo de Michel Temer estuda a viabilidade de criar uma al\u00edquota ( impostos ) de 30% a 35% que ser\u00e1 aplicada a contribuintes com rendimento mensal superior a R$ 20 mil, ou os brasileiros de alta renda. Se essa al\u00edquota for coloca em pr\u00e1tica, ela seria capaz de reverter aos cofres p\u00fablicos R$ 4 bilh\u00f5es a mais em arrecada\u00e7\u00e3o nessa parcela da popula\u00e7\u00e3o. Outra medida seria a tributa\u00e7\u00e3o de lucros e dividendos, o que resultaria em R$ 15 bilh\u00f5es. Investimentos hoje isentos de Imposto de Renda, passariam a ter de contribuir como \u00e9 o caso da Letra de Cr\u00e9dito do Agroneg\u00f3cio ( LCA ) e a Letra de Cr\u00e9dito Imobili\u00e1rio ( LCI ), que podem resultar em arrecada\u00e7\u00e3o de R$ 3 bilh\u00f5es e R$ 4 bilh\u00f5es, respectivamente. Outra revis\u00e3o do governo seria feita na tributa\u00e7\u00e3o dos fundos de investimento imobili\u00e1rio \u2013 atualmente livres de IR sobre o ganho de capital investido. Os investidores estrangeiros , que hoje s\u00e3o beneficiados por diversas vantagens fiscais, podem ter de desembolsar mais para conseguir lucrar no mercado brasileiro. Proposta A equipe no Minist\u00e9rio da Fazenda, hoje representada pelo ministro Henrique Meirelles , j\u00e1 arquiteta o conjunto de propostas de revis\u00e3o tribut\u00e1ria que ser\u00e3o encaminhadas ao presidente da Rep\u00fablica, Michel Temer , para que o mesmo possa encaminh\u00e1-las ao Congresso. Uma das propostas que encontrar\u00e1 maior resist\u00eancia \u00e9 a da distribui\u00e7\u00e3o de dividendos, uma vez que envolve diversos grupos empres\u00e1rios que n\u00e3o v\u00e3o querer dividir mais uma peda\u00e7o de sua receita com o governo. Por\u00e9m, ela ganha for\u00e7a j\u00e1 que tem o apoio da Receita Federal. Todas as propostas devem ser analisadas no Congresso e s\u00f3 entram em vigor por meio de projeto de lei ordin\u00e1ria. Contas p\u00fablicas O governo n\u00e3o tem medido esfor\u00e7as para tentar tirar o Pa\u00eds da recess\u00e3o e organizar as contas p\u00fablicas. Mesmo ap\u00f3s afirmar por diversas vezes que o governo n\u00e3o faria revis\u00e3o da meta fiscal, na segunda-feira (7) Meirelles afirmou que setembro \u00e9 um \u201cbom momento\u201d para tal medida. \u201c[Ap\u00f3s o per\u00edodo de recupera\u00e7\u00e3o] a\u00ed poderemos avaliar qual \u00e9 o resultado e decidir onde e quando haver\u00e1 ou n\u00e3o uma mudan\u00e7a da meta. N\u00e3o h\u00e1 um prazo definido, vamos analisar. Certamente no relat\u00f3rio bimestral fiscal de setembro ser\u00e1 um bom momento para n\u00f3s avaliarmos essa situa\u00e7\u00e3o\u201d, afirmou ele ap\u00f3s participar de evento na Sala S\u00e3o Paulo, no Centro da capital paulista. Para tentar fechar a meta fiscal deste ano, que tem deficit prim\u00e1rio previsto de R$ 139 bilh\u00f5es, o governo aumento os impostos \u2013 PIS\/Cofins \u2013 dos combust\u00edveis. O an\u00fancio foi feito em 20 de julho e de l\u00e1 para c\u00e1, j\u00e1 teve de enfrentar disputas na justi\u00e7a para conseguir que o repasse fosse feito. Com Brasil Econ\u00f4mico<\/p>\n","protected":false},"author":2,"featured_media":2858,"comment_status":"closed","ping_status":"open","sticky":false,"template":"","format":"standard","meta":{"_eb_attr":"","_jetpack_memberships_contains_paid_content":false,"footnotes":""},"categories":[11],"tags":[],"class_list":["post-2857","post","type-post","status-publish","format-standard","has-post-thumbnail","hentry","category-economia"],"yoast_head":"<!-- This site is optimized with the Yoast SEO plugin v26.5 - https:\/\/yoast.com\/wordpress\/plugins\/seo\/ -->\n<title>Governo prepara nova leva de aumento de impostos para 2018 - Not&iacute;cias em Destaque<\/title>\n<meta name=\"robots\" content=\"index, follow, max-snippet:-1, max-image-preview:large, max-video-preview:-1\" \/>\n<link rel=\"canonical\" href=\"https:\/\/noticiasemdestaque.com\/cd\/?p=2857\" \/>\n<meta property=\"og:locale\" content=\"pt_BR\" \/>\n<meta property=\"og:type\" content=\"article\" \/>\n<meta property=\"og:title\" content=\"Governo prepara nova leva de aumento de impostos para 2018 - Not&iacute;cias em Destaque\" \/>\n<meta property=\"og:description\" content=\"Mesmo com todo impasse gerado pelo an\u00fancio do aumento dos impostos dos combust\u00edveis no final do m\u00eas de julho, a equipe econ\u00f4mica do governo continua a analisar outros setores em que a alta dos tributos possa sem empregada para fechar o Or\u00e7amento de 2018.\u00a0 Se o aumento tribut\u00e1rio for colocado em pr\u00e1tica poder\u00e1 refor\u00e7ar os cofres p\u00fablicos em R$ 35,5 bilh\u00f5es. O primeiro impacto pode ser no Imposto de Renda (IR), j\u00e1 que o governo de Michel Temer estuda a viabilidade de criar uma al\u00edquota ( impostos ) de 30% a 35% que ser\u00e1 aplicada a contribuintes com rendimento mensal superior a R$ 20 mil, ou os brasileiros de alta renda. Se essa al\u00edquota for coloca em pr\u00e1tica, ela seria capaz de reverter aos cofres p\u00fablicos R$ 4 bilh\u00f5es a mais em arrecada\u00e7\u00e3o nessa parcela da popula\u00e7\u00e3o. Outra medida seria a tributa\u00e7\u00e3o de lucros e dividendos, o que resultaria em R$ 15 bilh\u00f5es. Investimentos hoje isentos de Imposto de Renda, passariam a ter de contribuir como \u00e9 o caso da Letra de Cr\u00e9dito do Agroneg\u00f3cio ( LCA ) e a Letra de Cr\u00e9dito Imobili\u00e1rio ( LCI ), que podem resultar em arrecada\u00e7\u00e3o de R$ 3 bilh\u00f5es e R$ 4 bilh\u00f5es, respectivamente. Outra revis\u00e3o do governo seria feita na tributa\u00e7\u00e3o dos fundos de investimento imobili\u00e1rio \u2013 atualmente livres de IR sobre o ganho de capital investido. Os investidores estrangeiros , que hoje s\u00e3o beneficiados por diversas vantagens fiscais, podem ter de desembolsar mais para conseguir lucrar no mercado brasileiro. Proposta A equipe no Minist\u00e9rio da Fazenda, hoje representada pelo ministro Henrique Meirelles , j\u00e1 arquiteta o conjunto de propostas de revis\u00e3o tribut\u00e1ria que ser\u00e3o encaminhadas ao presidente da Rep\u00fablica, Michel Temer , para que o mesmo possa encaminh\u00e1-las ao Congresso. Uma das propostas que encontrar\u00e1 maior resist\u00eancia \u00e9 a da distribui\u00e7\u00e3o de dividendos, uma vez que envolve diversos grupos empres\u00e1rios que n\u00e3o v\u00e3o querer dividir mais uma peda\u00e7o de sua receita com o governo. Por\u00e9m, ela ganha for\u00e7a j\u00e1 que tem o apoio da Receita Federal. Todas as propostas devem ser analisadas no Congresso e s\u00f3 entram em vigor por meio de projeto de lei ordin\u00e1ria. Contas p\u00fablicas O governo n\u00e3o tem medido esfor\u00e7as para tentar tirar o Pa\u00eds da recess\u00e3o e organizar as contas p\u00fablicas. Mesmo ap\u00f3s afirmar por diversas vezes que o governo n\u00e3o faria revis\u00e3o da meta fiscal, na segunda-feira (7) Meirelles afirmou que setembro \u00e9 um \u201cbom momento\u201d para tal medida. \u201c[Ap\u00f3s o per\u00edodo de recupera\u00e7\u00e3o] a\u00ed poderemos avaliar qual \u00e9 o resultado e decidir onde e quando haver\u00e1 ou n\u00e3o uma mudan\u00e7a da meta. N\u00e3o h\u00e1 um prazo definido, vamos analisar. Certamente no relat\u00f3rio bimestral fiscal de setembro ser\u00e1 um bom momento para n\u00f3s avaliarmos essa situa\u00e7\u00e3o\u201d, afirmou ele ap\u00f3s participar de evento na Sala S\u00e3o Paulo, no Centro da capital paulista. Para tentar fechar a meta fiscal deste ano, que tem deficit prim\u00e1rio previsto de R$ 139 bilh\u00f5es, o governo aumento os impostos \u2013 PIS\/Cofins \u2013 dos combust\u00edveis. O an\u00fancio foi feito em 20 de julho e de l\u00e1 para c\u00e1, j\u00e1 teve de enfrentar disputas na justi\u00e7a para conseguir que o repasse fosse feito. Com Brasil Econ\u00f4mico\" \/>\n<meta property=\"og:url\" content=\"https:\/\/noticiasemdestaque.com\/cd\/?p=2857\" \/>\n<meta property=\"og:site_name\" content=\"Not&iacute;cias em Destaque\" \/>\n<meta property=\"article:published_time\" content=\"2017-08-09T10:51:27+00:00\" \/>\n<meta property=\"og:image\" content=\"https:\/\/noticiasemdestaque.com\/cd\/wp-content\/uploads\/2017\/08\/1438364752012-financas-contas.jpg\" \/>\n\t<meta property=\"og:image:width\" content=\"867\" \/>\n\t<meta property=\"og:image:height\" content=\"558\" \/>\n\t<meta property=\"og:image:type\" content=\"image\/jpeg\" \/>\n<meta name=\"author\" content=\"Not\u00edcias em Destaque\" \/>\n<meta name=\"twitter:card\" content=\"summary_large_image\" \/>\n<meta name=\"twitter:label1\" content=\"Escrito por\" \/>\n\t<meta name=\"twitter:data1\" content=\"Not\u00edcias em Destaque\" \/>\n\t<meta name=\"twitter:label2\" content=\"Est. tempo de leitura\" \/>\n\t<meta name=\"twitter:data2\" content=\"3 minutos\" \/>\n<script type=\"application\/ld+json\" class=\"yoast-schema-graph\">{\"@context\":\"https:\/\/schema.org\",\"@graph\":[{\"@type\":\"Article\",\"@id\":\"https:\/\/noticiasemdestaque.com\/cd\/?p=2857#article\",\"isPartOf\":{\"@id\":\"https:\/\/noticiasemdestaque.com\/cd\/?p=2857\"},\"author\":{\"name\":\"Not\u00edcias em Destaque\",\"@id\":\"https:\/\/noticiasemdestaque.com\/cd\/#\/schema\/person\/4a81fb71f77579d059c3045891fa1786\"},\"headline\":\"Governo prepara nova leva de aumento de impostos para 2018\",\"datePublished\":\"2017-08-09T10:51:27+00:00\",\"mainEntityOfPage\":{\"@id\":\"https:\/\/noticiasemdestaque.com\/cd\/?p=2857\"},\"wordCount\":576,\"publisher\":{\"@id\":\"https:\/\/noticiasemdestaque.com\/cd\/#organization\"},\"image\":{\"@id\":\"https:\/\/noticiasemdestaque.com\/cd\/?p=2857#primaryimage\"},\"thumbnailUrl\":\"https:\/\/noticiasemdestaque.com\/cd\/wp-content\/uploads\/2017\/08\/1438364752012-financas-contas.jpg\",\"articleSection\":[\"Economia\"],\"inLanguage\":\"pt-BR\"},{\"@type\":\"WebPage\",\"@id\":\"https:\/\/noticiasemdestaque.com\/cd\/?p=2857\",\"url\":\"https:\/\/noticiasemdestaque.com\/cd\/?p=2857\",\"name\":\"Governo prepara nova leva de aumento de impostos para 2018 - Not&iacute;cias em Destaque\",\"isPartOf\":{\"@id\":\"https:\/\/noticiasemdestaque.com\/cd\/#website\"},\"primaryImageOfPage\":{\"@id\":\"https:\/\/noticiasemdestaque.com\/cd\/?p=2857#primaryimage\"},\"image\":{\"@id\":\"https:\/\/noticiasemdestaque.com\/cd\/?p=2857#primaryimage\"},\"thumbnailUrl\":\"https:\/\/noticiasemdestaque.com\/cd\/wp-content\/uploads\/2017\/08\/1438364752012-financas-contas.jpg\",\"datePublished\":\"2017-08-09T10:51:27+00:00\",\"breadcrumb\":{\"@id\":\"https:\/\/noticiasemdestaque.com\/cd\/?p=2857#breadcrumb\"},\"inLanguage\":\"pt-BR\",\"potentialAction\":[{\"@type\":\"ReadAction\",\"target\":[\"https:\/\/noticiasemdestaque.com\/cd\/?p=2857\"]}]},{\"@type\":\"ImageObject\",\"inLanguage\":\"pt-BR\",\"@id\":\"https:\/\/noticiasemdestaque.com\/cd\/?p=2857#primaryimage\",\"url\":\"https:\/\/noticiasemdestaque.com\/cd\/wp-content\/uploads\/2017\/08\/1438364752012-financas-contas.jpg\",\"contentUrl\":\"https:\/\/noticiasemdestaque.com\/cd\/wp-content\/uploads\/2017\/08\/1438364752012-financas-contas.jpg\",\"width\":867,\"height\":558},{\"@type\":\"BreadcrumbList\",\"@id\":\"https:\/\/noticiasemdestaque.com\/cd\/?p=2857#breadcrumb\",\"itemListElement\":[{\"@type\":\"ListItem\",\"position\":1,\"name\":\"In\u00edcio\",\"item\":\"https:\/\/noticiasemdestaque.com\/cd\/\"},{\"@type\":\"ListItem\",\"position\":2,\"name\":\"Governo prepara nova leva de aumento de impostos para 2018\"}]},{\"@type\":\"WebSite\",\"@id\":\"https:\/\/noticiasemdestaque.com\/cd\/#website\",\"url\":\"https:\/\/noticiasemdestaque.com\/cd\/\",\"name\":\"Not&iacute;cias em Destaque\",\"description\":\"\",\"publisher\":{\"@id\":\"https:\/\/noticiasemdestaque.com\/cd\/#organization\"},\"potentialAction\":[{\"@type\":\"SearchAction\",\"target\":{\"@type\":\"EntryPoint\",\"urlTemplate\":\"https:\/\/noticiasemdestaque.com\/cd\/?s={search_term_string}\"},\"query-input\":{\"@type\":\"PropertyValueSpecification\",\"valueRequired\":true,\"valueName\":\"search_term_string\"}}],\"inLanguage\":\"pt-BR\"},{\"@type\":\"Organization\",\"@id\":\"https:\/\/noticiasemdestaque.com\/cd\/#organization\",\"name\":\"Not\u00edcias em Destaque\",\"url\":\"https:\/\/noticiasemdestaque.com\/cd\/\",\"logo\":{\"@type\":\"ImageObject\",\"inLanguage\":\"pt-BR\",\"@id\":\"https:\/\/noticiasemdestaque.com\/cd\/#\/schema\/logo\/image\/\",\"url\":\"https:\/\/noticiasemdestaque.com\/cd\/wp-content\/uploads\/2022\/05\/imagem-base-noticiasemdestaque.png\",\"contentUrl\":\"https:\/\/noticiasemdestaque.com\/cd\/wp-content\/uploads\/2022\/05\/imagem-base-noticiasemdestaque.png\",\"width\":1200,\"height\":630,\"caption\":\"Not\u00edcias em Destaque\"},\"image\":{\"@id\":\"https:\/\/noticiasemdestaque.com\/cd\/#\/schema\/logo\/image\/\"}},{\"@type\":\"Person\",\"@id\":\"https:\/\/noticiasemdestaque.com\/cd\/#\/schema\/person\/4a81fb71f77579d059c3045891fa1786\",\"name\":\"Not\u00edcias em Destaque\",\"url\":\"https:\/\/noticiasemdestaque.com\/cd\/?author=2\"}]}<\/script>\n<!-- \/ Yoast SEO plugin. -->","yoast_head_json":{"title":"Governo prepara nova leva de aumento de impostos para 2018 - Not&iacute;cias em Destaque","robots":{"index":"index","follow":"follow","max-snippet":"max-snippet:-1","max-image-preview":"max-image-preview:large","max-video-preview":"max-video-preview:-1"},"canonical":"https:\/\/noticiasemdestaque.com\/cd\/?p=2857","og_locale":"pt_BR","og_type":"article","og_title":"Governo prepara nova leva de aumento de impostos para 2018 - Not&iacute;cias em Destaque","og_description":"Mesmo com todo impasse gerado pelo an\u00fancio do aumento dos impostos dos combust\u00edveis no final do m\u00eas de julho, a equipe econ\u00f4mica do governo continua a analisar outros setores em que a alta dos tributos possa sem empregada para fechar o Or\u00e7amento de 2018.\u00a0 Se o aumento tribut\u00e1rio for colocado em pr\u00e1tica poder\u00e1 refor\u00e7ar os cofres p\u00fablicos em R$ 35,5 bilh\u00f5es. O primeiro impacto pode ser no Imposto de Renda (IR), j\u00e1 que o governo de Michel Temer estuda a viabilidade de criar uma al\u00edquota ( impostos ) de 30% a 35% que ser\u00e1 aplicada a contribuintes com rendimento mensal superior a R$ 20 mil, ou os brasileiros de alta renda. Se essa al\u00edquota for coloca em pr\u00e1tica, ela seria capaz de reverter aos cofres p\u00fablicos R$ 4 bilh\u00f5es a mais em arrecada\u00e7\u00e3o nessa parcela da popula\u00e7\u00e3o. Outra medida seria a tributa\u00e7\u00e3o de lucros e dividendos, o que resultaria em R$ 15 bilh\u00f5es. Investimentos hoje isentos de Imposto de Renda, passariam a ter de contribuir como \u00e9 o caso da Letra de Cr\u00e9dito do Agroneg\u00f3cio ( LCA ) e a Letra de Cr\u00e9dito Imobili\u00e1rio ( LCI ), que podem resultar em arrecada\u00e7\u00e3o de R$ 3 bilh\u00f5es e R$ 4 bilh\u00f5es, respectivamente. Outra revis\u00e3o do governo seria feita na tributa\u00e7\u00e3o dos fundos de investimento imobili\u00e1rio \u2013 atualmente livres de IR sobre o ganho de capital investido. Os investidores estrangeiros , que hoje s\u00e3o beneficiados por diversas vantagens fiscais, podem ter de desembolsar mais para conseguir lucrar no mercado brasileiro. Proposta A equipe no Minist\u00e9rio da Fazenda, hoje representada pelo ministro Henrique Meirelles , j\u00e1 arquiteta o conjunto de propostas de revis\u00e3o tribut\u00e1ria que ser\u00e3o encaminhadas ao presidente da Rep\u00fablica, Michel Temer , para que o mesmo possa encaminh\u00e1-las ao Congresso. Uma das propostas que encontrar\u00e1 maior resist\u00eancia \u00e9 a da distribui\u00e7\u00e3o de dividendos, uma vez que envolve diversos grupos empres\u00e1rios que n\u00e3o v\u00e3o querer dividir mais uma peda\u00e7o de sua receita com o governo. Por\u00e9m, ela ganha for\u00e7a j\u00e1 que tem o apoio da Receita Federal. Todas as propostas devem ser analisadas no Congresso e s\u00f3 entram em vigor por meio de projeto de lei ordin\u00e1ria. Contas p\u00fablicas O governo n\u00e3o tem medido esfor\u00e7as para tentar tirar o Pa\u00eds da recess\u00e3o e organizar as contas p\u00fablicas. Mesmo ap\u00f3s afirmar por diversas vezes que o governo n\u00e3o faria revis\u00e3o da meta fiscal, na segunda-feira (7) Meirelles afirmou que setembro \u00e9 um \u201cbom momento\u201d para tal medida. \u201c[Ap\u00f3s o per\u00edodo de recupera\u00e7\u00e3o] a\u00ed poderemos avaliar qual \u00e9 o resultado e decidir onde e quando haver\u00e1 ou n\u00e3o uma mudan\u00e7a da meta. N\u00e3o h\u00e1 um prazo definido, vamos analisar. Certamente no relat\u00f3rio bimestral fiscal de setembro ser\u00e1 um bom momento para n\u00f3s avaliarmos essa situa\u00e7\u00e3o\u201d, afirmou ele ap\u00f3s participar de evento na Sala S\u00e3o Paulo, no Centro da capital paulista. Para tentar fechar a meta fiscal deste ano, que tem deficit prim\u00e1rio previsto de R$ 139 bilh\u00f5es, o governo aumento os impostos \u2013 PIS\/Cofins \u2013 dos combust\u00edveis. O an\u00fancio foi feito em 20 de julho e de l\u00e1 para c\u00e1, j\u00e1 teve de enfrentar disputas na justi\u00e7a para conseguir que o repasse fosse feito. Com Brasil Econ\u00f4mico","og_url":"https:\/\/noticiasemdestaque.com\/cd\/?p=2857","og_site_name":"Not&iacute;cias em Destaque","article_published_time":"2017-08-09T10:51:27+00:00","og_image":[{"width":867,"height":558,"url":"https:\/\/noticiasemdestaque.com\/cd\/wp-content\/uploads\/2017\/08\/1438364752012-financas-contas.jpg","type":"image\/jpeg"}],"author":"Not\u00edcias em Destaque","twitter_card":"summary_large_image","twitter_misc":{"Escrito por":"Not\u00edcias em Destaque","Est. tempo de leitura":"3 minutos"},"schema":{"@context":"https:\/\/schema.org","@graph":[{"@type":"Article","@id":"https:\/\/noticiasemdestaque.com\/cd\/?p=2857#article","isPartOf":{"@id":"https:\/\/noticiasemdestaque.com\/cd\/?p=2857"},"author":{"name":"Not\u00edcias em Destaque","@id":"https:\/\/noticiasemdestaque.com\/cd\/#\/schema\/person\/4a81fb71f77579d059c3045891fa1786"},"headline":"Governo prepara nova leva de aumento de impostos para 2018","datePublished":"2017-08-09T10:51:27+00:00","mainEntityOfPage":{"@id":"https:\/\/noticiasemdestaque.com\/cd\/?p=2857"},"wordCount":576,"publisher":{"@id":"https:\/\/noticiasemdestaque.com\/cd\/#organization"},"image":{"@id":"https:\/\/noticiasemdestaque.com\/cd\/?p=2857#primaryimage"},"thumbnailUrl":"https:\/\/noticiasemdestaque.com\/cd\/wp-content\/uploads\/2017\/08\/1438364752012-financas-contas.jpg","articleSection":["Economia"],"inLanguage":"pt-BR"},{"@type":"WebPage","@id":"https:\/\/noticiasemdestaque.com\/cd\/?p=2857","url":"https:\/\/noticiasemdestaque.com\/cd\/?p=2857","name":"Governo prepara nova leva de aumento de impostos para 2018 - Not&iacute;cias em Destaque","isPartOf":{"@id":"https:\/\/noticiasemdestaque.com\/cd\/#website"},"primaryImageOfPage":{"@id":"https:\/\/noticiasemdestaque.com\/cd\/?p=2857#primaryimage"},"image":{"@id":"https:\/\/noticiasemdestaque.com\/cd\/?p=2857#primaryimage"},"thumbnailUrl":"https:\/\/noticiasemdestaque.com\/cd\/wp-content\/uploads\/2017\/08\/1438364752012-financas-contas.jpg","datePublished":"2017-08-09T10:51:27+00:00","breadcrumb":{"@id":"https:\/\/noticiasemdestaque.com\/cd\/?p=2857#breadcrumb"},"inLanguage":"pt-BR","potentialAction":[{"@type":"ReadAction","target":["https:\/\/noticiasemdestaque.com\/cd\/?p=2857"]}]},{"@type":"ImageObject","inLanguage":"pt-BR","@id":"https:\/\/noticiasemdestaque.com\/cd\/?p=2857#primaryimage","url":"https:\/\/noticiasemdestaque.com\/cd\/wp-content\/uploads\/2017\/08\/1438364752012-financas-contas.jpg","contentUrl":"https:\/\/noticiasemdestaque.com\/cd\/wp-content\/uploads\/2017\/08\/1438364752012-financas-contas.jpg","width":867,"height":558},{"@type":"BreadcrumbList","@id":"https:\/\/noticiasemdestaque.com\/cd\/?p=2857#breadcrumb","itemListElement":[{"@type":"ListItem","position":1,"name":"In\u00edcio","item":"https:\/\/noticiasemdestaque.com\/cd\/"},{"@type":"ListItem","position":2,"name":"Governo prepara nova leva de aumento de impostos para 2018"}]},{"@type":"WebSite","@id":"https:\/\/noticiasemdestaque.com\/cd\/#website","url":"https:\/\/noticiasemdestaque.com\/cd\/","name":"Not&iacute;cias em Destaque","description":"","publisher":{"@id":"https:\/\/noticiasemdestaque.com\/cd\/#organization"},"potentialAction":[{"@type":"SearchAction","target":{"@type":"EntryPoint","urlTemplate":"https:\/\/noticiasemdestaque.com\/cd\/?s={search_term_string}"},"query-input":{"@type":"PropertyValueSpecification","valueRequired":true,"valueName":"search_term_string"}}],"inLanguage":"pt-BR"},{"@type":"Organization","@id":"https:\/\/noticiasemdestaque.com\/cd\/#organization","name":"Not\u00edcias em Destaque","url":"https:\/\/noticiasemdestaque.com\/cd\/","logo":{"@type":"ImageObject","inLanguage":"pt-BR","@id":"https:\/\/noticiasemdestaque.com\/cd\/#\/schema\/logo\/image\/","url":"https:\/\/noticiasemdestaque.com\/cd\/wp-content\/uploads\/2022\/05\/imagem-base-noticiasemdestaque.png","contentUrl":"https:\/\/noticiasemdestaque.com\/cd\/wp-content\/uploads\/2022\/05\/imagem-base-noticiasemdestaque.png","width":1200,"height":630,"caption":"Not\u00edcias em Destaque"},"image":{"@id":"https:\/\/noticiasemdestaque.com\/cd\/#\/schema\/logo\/image\/"}},{"@type":"Person","@id":"https:\/\/noticiasemdestaque.com\/cd\/#\/schema\/person\/4a81fb71f77579d059c3045891fa1786","name":"Not\u00edcias em Destaque","url":"https:\/\/noticiasemdestaque.com\/cd\/?author=2"}]}},"jetpack_featured_media_url":"https:\/\/noticiasemdestaque.com\/cd\/wp-content\/uploads\/2017\/08\/1438364752012-financas-contas.jpg","jetpack_sharing_enabled":true,"_links":{"self":[{"href":"https:\/\/noticiasemdestaque.com\/cd\/index.php?rest_route=\/wp\/v2\/posts\/2857","targetHints":{"allow":["GET"]}}],"collection":[{"href":"https:\/\/noticiasemdestaque.com\/cd\/index.php?rest_route=\/wp\/v2\/posts"}],"about":[{"href":"https:\/\/noticiasemdestaque.com\/cd\/index.php?rest_route=\/wp\/v2\/types\/post"}],"author":[{"embeddable":true,"href":"https:\/\/noticiasemdestaque.com\/cd\/index.php?rest_route=\/wp\/v2\/users\/2"}],"replies":[{"embeddable":true,"href":"https:\/\/noticiasemdestaque.com\/cd\/index.php?rest_route=%2Fwp%2Fv2%2Fcomments&post=2857"}],"version-history":[{"count":1,"href":"https:\/\/noticiasemdestaque.com\/cd\/index.php?rest_route=\/wp\/v2\/posts\/2857\/revisions"}],"predecessor-version":[{"id":2859,"href":"https:\/\/noticiasemdestaque.com\/cd\/index.php?rest_route=\/wp\/v2\/posts\/2857\/revisions\/2859"}],"wp:featuredmedia":[{"embeddable":true,"href":"https:\/\/noticiasemdestaque.com\/cd\/index.php?rest_route=\/wp\/v2\/media\/2858"}],"wp:attachment":[{"href":"https:\/\/noticiasemdestaque.com\/cd\/index.php?rest_route=%2Fwp%2Fv2%2Fmedia&parent=2857"}],"wp:term":[{"taxonomy":"category","embeddable":true,"href":"https:\/\/noticiasemdestaque.com\/cd\/index.php?rest_route=%2Fwp%2Fv2%2Fcategories&post=2857"},{"taxonomy":"post_tag","embeddable":true,"href":"https:\/\/noticiasemdestaque.com\/cd\/index.php?rest_route=%2Fwp%2Fv2%2Ftags&post=2857"}],"curies":[{"name":"wp","href":"https:\/\/api.w.org\/{rel}","templated":true}]}}