{"id":2827,"date":"2017-08-08T18:48:17","date_gmt":"2017-08-08T21:48:17","guid":{"rendered":"http:\/\/caririemdestaque.com\/cd\/?p=2827"},"modified":"2017-08-08T19:48:24","modified_gmt":"2017-08-08T22:48:24","slug":"com-apoio-da-amcap-apacco-e-prefeitos-sera-implantada-uma-cooperativa-central-de-caprinos-e-ovinos-do-cariri","status":"publish","type":"post","link":"https:\/\/noticiasemdestaque.com\/cd\/?p=2827","title":{"rendered":"Com apoio da AMCAP; APACCO e Prefeitos ser\u00e1 implantada uma Cooperativa Central de Caprinos e Ovinos do Cariri"},"content":{"rendered":"<p><a href=\"http:\/\/caririemdestaque.com\/cd\/wp-content\/uploads\/2017\/08\/461363a5-9ce0-466f-98d9-ba5c97f29c13-1.jpg\"><img decoding=\"async\" class=\"size-medium wp-image-2829 alignleft\" src=\"http:\/\/caririemdestaque.com\/cd\/wp-content\/uploads\/2017\/08\/461363a5-9ce0-466f-98d9-ba5c97f29c13-1-300x128.jpg\" alt=\"\" width=\"300\" height=\"128\" srcset=\"https:\/\/noticiasemdestaque.com\/cd\/wp-content\/uploads\/2017\/08\/461363a5-9ce0-466f-98d9-ba5c97f29c13-1-300x128.jpg 300w, https:\/\/noticiasemdestaque.com\/cd\/wp-content\/uploads\/2017\/08\/461363a5-9ce0-466f-98d9-ba5c97f29c13-1-768x328.jpg 768w, https:\/\/noticiasemdestaque.com\/cd\/wp-content\/uploads\/2017\/08\/461363a5-9ce0-466f-98d9-ba5c97f29c13-1-1024x437.jpg 1024w, https:\/\/noticiasemdestaque.com\/cd\/wp-content\/uploads\/2017\/08\/461363a5-9ce0-466f-98d9-ba5c97f29c13-1.jpg 1177w\" sizes=\"(max-width: 300px) 100vw, 300px\" \/><\/a>Aconteceu na manh\u00e3 desta ter\u00e7a-feira (08\/08), na C\u00e2mara Municipal de Serra Branca, uma audi\u00eancia p\u00fablica destinada aos envolvidos na cria\u00e7\u00e3o de caprinos e ovinos.<\/p>\n<p>A iniciativa se concretizou atrav\u00e9s de uma mobiliza\u00e7\u00e3o a Associa\u00e7\u00e3o dos Munic\u00edpios do Cariri Paraibano \u2013 AMCAP, da Cooperativa Paraibana dos Criadores de Caprinos e Ovinos- COOPACCO e do vereador Guilherme Gaud\u00eancio (PSB), que teve como resultado o surgimento de uma Cooperativa Central de Caprinos e Ovinos do Cariri, que ter\u00e1 sede no Munic\u00edpio de Serra Branca.<\/p>\n<p>Em uma entrevista exclusiva ao <strong>Cariri em Destaque<\/strong>, o vereador Guilherme Gaud\u00eancio disse: \u201cA Cooperativa consiste em d\u00e1 assist\u00eancia t\u00e9cnica a todos os cooperados, bem como ajudar na venda de mat\u00e9rias primas, a exemplo do leite, que inclusive j\u00e1 tem como parceira em potencial a ind\u00fastria Isis\u201d. <em>Ou\u00e7a a entrevista na integra, no fim da mat\u00e9ria.<\/em><\/p>\n<p>O evento contou com as palestras de Pedro Martins Presidente da APACCO e Aldomario Rodrigues da secretaria de Estado e de Desenvolvimento da Agropecu\u00e1ria e da Pesca \u2013 DEDAP.<\/p>\n<p>Estivem presente na reuni\u00e3o: o prefeito de Gurj\u00e3o e Presidente da AMCAP, Ronaldo Queiroz; o prefeito de S\u00e3o Jos\u00e9 dos Cordeiros, Jefferson Roberto; o prefeito de Coxixola, Givaldo Limeira; o prefeito de Cara\u00fabas, Silvano Dudu; o prefeito de Camala\u00fa, Sandro Moco; o prefeito do Congo, Jr. Quirino; o prefeito de Pocinho, Cl\u00e1udio Chaves; e o prefeito anfitri\u00e3o n\u00e3o esteve presente, mas o vice Joda Zuza participou.<\/p>\n<p>Ainda compareceram o Coordenador Regional da Emater, Walmir Azevedo e presidentes de associa\u00e7\u00f5es.<\/p>\n<p>O pr\u00f3ximo encontro est\u00e1 marcado para o dia 25 de agosto.<\/p>\n<p>Ou\u00e7a a entrevista completa com o vereador Guilherme Gaud\u00eancio.<\/p>\n<p><iframe src=\"https:\/\/w.soundcloud.com\/player\/?url=https%3A\/\/soundcloud.com\/wandri-tadeus\/vereador-guilherme-fala-sobre-implantada-de-cooperativa-central-de-caprinos-e-ovinos-do-cariri&amp;auto_play=false&amp;hide_related=false&amp;show_comments=true&amp;show_user=true&amp;show_reposts=false&amp;visual=true\" width=\"100%\" height=\"auto\" frameborder=\"no\" scrolling=\"no\"><\/iframe><\/p>\n<p><em><strong>Cariri em Destaque<\/strong><\/em><\/p>\n<p>&nbsp;<\/p>\n","protected":false},"excerpt":{"rendered":"<p>Aconteceu na manh\u00e3 desta ter\u00e7a-feira (08\/08), na C\u00e2mara Municipal de Serra Branca, uma audi\u00eancia p\u00fablica destinada aos envolvidos na cria\u00e7\u00e3o de caprinos e ovinos. A iniciativa se concretizou atrav\u00e9s de uma mobiliza\u00e7\u00e3o a Associa\u00e7\u00e3o dos Munic\u00edpios do Cariri Paraibano \u2013 AMCAP, da Cooperativa Paraibana dos Criadores de Caprinos e Ovinos- COOPACCO e do vereador Guilherme Gaud\u00eancio (PSB), que teve como resultado o surgimento de uma Cooperativa Central de Caprinos e Ovinos do Cariri, que ter\u00e1 sede no Munic\u00edpio de Serra Branca. Em uma entrevista exclusiva ao Cariri em Destaque, o vereador Guilherme Gaud\u00eancio disse: \u201cA Cooperativa consiste em d\u00e1 assist\u00eancia t\u00e9cnica a todos os cooperados, bem como ajudar na venda de mat\u00e9rias primas, a exemplo do leite, que inclusive j\u00e1 tem como parceira em potencial a ind\u00fastria Isis\u201d. Ou\u00e7a a entrevista na integra, no fim da mat\u00e9ria. O evento contou com as palestras de Pedro Martins Presidente da APACCO e Aldomario Rodrigues da secretaria de Estado e de Desenvolvimento da Agropecu\u00e1ria e da Pesca \u2013 DEDAP. Estivem presente na reuni\u00e3o: o prefeito de Gurj\u00e3o e Presidente da AMCAP, Ronaldo Queiroz; o prefeito de S\u00e3o Jos\u00e9 dos Cordeiros, Jefferson Roberto; o prefeito de Coxixola, Givaldo Limeira; o prefeito de Cara\u00fabas, Silvano Dudu; o prefeito de Camala\u00fa, Sandro Moco; o prefeito do Congo, Jr. Quirino; o prefeito de Pocinho, Cl\u00e1udio Chaves; e o prefeito anfitri\u00e3o n\u00e3o esteve presente, mas o vice Joda Zuza participou. Ainda compareceram o Coordenador Regional da Emater, Walmir Azevedo e presidentes de associa\u00e7\u00f5es. O pr\u00f3ximo encontro est\u00e1 marcado para o dia 25 de agosto. Ou\u00e7a a entrevista completa com o vereador Guilherme Gaud\u00eancio. Cariri em Destaque &nbsp;<\/p>\n","protected":false},"author":2,"featured_media":2829,"comment_status":"closed","ping_status":"open","sticky":false,"template":"","format":"standard","meta":{"_eb_attr":"","_jetpack_memberships_contains_paid_content":false,"footnotes":""},"categories":[3],"tags":[],"class_list":["post-2827","post","type-post","status-publish","format-standard","has-post-thumbnail","hentry","category-cidades"],"yoast_head":"<!-- This site is optimized with the Yoast SEO plugin v26.5 - https:\/\/yoast.com\/wordpress\/plugins\/seo\/ -->\n<title>Com apoio da AMCAP; APACCO e Prefeitos ser\u00e1 implantada uma Cooperativa Central de Caprinos e Ovinos do Cariri - Not&iacute;cias em Destaque<\/title>\n<meta name=\"robots\" content=\"index, follow, max-snippet:-1, max-image-preview:large, max-video-preview:-1\" \/>\n<link rel=\"canonical\" href=\"https:\/\/noticiasemdestaque.com\/cd\/?p=2827\" \/>\n<meta property=\"og:locale\" content=\"pt_BR\" \/>\n<meta property=\"og:type\" content=\"article\" \/>\n<meta property=\"og:title\" content=\"Com apoio da AMCAP; APACCO e Prefeitos ser\u00e1 implantada uma Cooperativa Central de Caprinos e Ovinos do Cariri - Not&iacute;cias em Destaque\" \/>\n<meta property=\"og:description\" content=\"Aconteceu na manh\u00e3 desta ter\u00e7a-feira (08\/08), na C\u00e2mara Municipal de Serra Branca, uma audi\u00eancia p\u00fablica destinada aos envolvidos na cria\u00e7\u00e3o de caprinos e ovinos. A iniciativa se concretizou atrav\u00e9s de uma mobiliza\u00e7\u00e3o a Associa\u00e7\u00e3o dos Munic\u00edpios do Cariri Paraibano \u2013 AMCAP, da Cooperativa Paraibana dos Criadores de Caprinos e Ovinos- COOPACCO e do vereador Guilherme Gaud\u00eancio (PSB), que teve como resultado o surgimento de uma Cooperativa Central de Caprinos e Ovinos do Cariri, que ter\u00e1 sede no Munic\u00edpio de Serra Branca. Em uma entrevista exclusiva ao Cariri em Destaque, o vereador Guilherme Gaud\u00eancio disse: \u201cA Cooperativa consiste em d\u00e1 assist\u00eancia t\u00e9cnica a todos os cooperados, bem como ajudar na venda de mat\u00e9rias primas, a exemplo do leite, que inclusive j\u00e1 tem como parceira em potencial a ind\u00fastria Isis\u201d. Ou\u00e7a a entrevista na integra, no fim da mat\u00e9ria. O evento contou com as palestras de Pedro Martins Presidente da APACCO e Aldomario Rodrigues da secretaria de Estado e de Desenvolvimento da Agropecu\u00e1ria e da Pesca \u2013 DEDAP. Estivem presente na reuni\u00e3o: o prefeito de Gurj\u00e3o e Presidente da AMCAP, Ronaldo Queiroz; o prefeito de S\u00e3o Jos\u00e9 dos Cordeiros, Jefferson Roberto; o prefeito de Coxixola, Givaldo Limeira; o prefeito de Cara\u00fabas, Silvano Dudu; o prefeito de Camala\u00fa, Sandro Moco; o prefeito do Congo, Jr. Quirino; o prefeito de Pocinho, Cl\u00e1udio Chaves; e o prefeito anfitri\u00e3o n\u00e3o esteve presente, mas o vice Joda Zuza participou. Ainda compareceram o Coordenador Regional da Emater, Walmir Azevedo e presidentes de associa\u00e7\u00f5es. O pr\u00f3ximo encontro est\u00e1 marcado para o dia 25 de agosto. Ou\u00e7a a entrevista completa com o vereador Guilherme Gaud\u00eancio. Cariri em Destaque &nbsp;\" \/>\n<meta property=\"og:url\" content=\"https:\/\/noticiasemdestaque.com\/cd\/?p=2827\" \/>\n<meta property=\"og:site_name\" content=\"Not&iacute;cias em Destaque\" \/>\n<meta property=\"article:published_time\" content=\"2017-08-08T21:48:17+00:00\" \/>\n<meta property=\"article:modified_time\" content=\"2017-08-08T22:48:24+00:00\" \/>\n<meta property=\"og:image\" content=\"https:\/\/noticiasemdestaque.com\/cd\/wp-content\/uploads\/2017\/08\/461363a5-9ce0-466f-98d9-ba5c97f29c13-1.jpg\" \/>\n\t<meta property=\"og:image:width\" content=\"1177\" \/>\n\t<meta property=\"og:image:height\" content=\"502\" \/>\n\t<meta property=\"og:image:type\" content=\"image\/jpeg\" \/>\n<meta name=\"author\" content=\"Not\u00edcias em Destaque\" \/>\n<meta name=\"twitter:card\" content=\"summary_large_image\" \/>\n<meta name=\"twitter:label1\" content=\"Escrito por\" \/>\n\t<meta name=\"twitter:data1\" content=\"Not\u00edcias em Destaque\" \/>\n\t<meta name=\"twitter:label2\" content=\"Est. tempo de leitura\" \/>\n\t<meta name=\"twitter:data2\" content=\"1 minuto\" \/>\n<script type=\"application\/ld+json\" class=\"yoast-schema-graph\">{\"@context\":\"https:\/\/schema.org\",\"@graph\":[{\"@type\":\"Article\",\"@id\":\"https:\/\/noticiasemdestaque.com\/cd\/?p=2827#article\",\"isPartOf\":{\"@id\":\"https:\/\/noticiasemdestaque.com\/cd\/?p=2827\"},\"author\":{\"name\":\"Not\u00edcias em Destaque\",\"@id\":\"https:\/\/noticiasemdestaque.com\/cd\/#\/schema\/person\/4a81fb71f77579d059c3045891fa1786\"},\"headline\":\"Com apoio da AMCAP; APACCO e Prefeitos ser\u00e1 implantada uma Cooperativa Central de Caprinos e Ovinos do Cariri\",\"datePublished\":\"2017-08-08T21:48:17+00:00\",\"dateModified\":\"2017-08-08T22:48:24+00:00\",\"mainEntityOfPage\":{\"@id\":\"https:\/\/noticiasemdestaque.com\/cd\/?p=2827\"},\"wordCount\":313,\"publisher\":{\"@id\":\"https:\/\/noticiasemdestaque.com\/cd\/#organization\"},\"image\":{\"@id\":\"https:\/\/noticiasemdestaque.com\/cd\/?p=2827#primaryimage\"},\"thumbnailUrl\":\"https:\/\/noticiasemdestaque.com\/cd\/wp-content\/uploads\/2017\/08\/461363a5-9ce0-466f-98d9-ba5c97f29c13-1.jpg\",\"articleSection\":[\"Cidades\"],\"inLanguage\":\"pt-BR\"},{\"@type\":\"WebPage\",\"@id\":\"https:\/\/noticiasemdestaque.com\/cd\/?p=2827\",\"url\":\"https:\/\/noticiasemdestaque.com\/cd\/?p=2827\",\"name\":\"Com apoio da AMCAP; APACCO e Prefeitos ser\u00e1 implantada uma Cooperativa Central de Caprinos e Ovinos do Cariri - Not&iacute;cias em Destaque\",\"isPartOf\":{\"@id\":\"https:\/\/noticiasemdestaque.com\/cd\/#website\"},\"primaryImageOfPage\":{\"@id\":\"https:\/\/noticiasemdestaque.com\/cd\/?p=2827#primaryimage\"},\"image\":{\"@id\":\"https:\/\/noticiasemdestaque.com\/cd\/?p=2827#primaryimage\"},\"thumbnailUrl\":\"https:\/\/noticiasemdestaque.com\/cd\/wp-content\/uploads\/2017\/08\/461363a5-9ce0-466f-98d9-ba5c97f29c13-1.jpg\",\"datePublished\":\"2017-08-08T21:48:17+00:00\",\"dateModified\":\"2017-08-08T22:48:24+00:00\",\"breadcrumb\":{\"@id\":\"https:\/\/noticiasemdestaque.com\/cd\/?p=2827#breadcrumb\"},\"inLanguage\":\"pt-BR\",\"potentialAction\":[{\"@type\":\"ReadAction\",\"target\":[\"https:\/\/noticiasemdestaque.com\/cd\/?p=2827\"]}]},{\"@type\":\"ImageObject\",\"inLanguage\":\"pt-BR\",\"@id\":\"https:\/\/noticiasemdestaque.com\/cd\/?p=2827#primaryimage\",\"url\":\"https:\/\/noticiasemdestaque.com\/cd\/wp-content\/uploads\/2017\/08\/461363a5-9ce0-466f-98d9-ba5c97f29c13-1.jpg\",\"contentUrl\":\"https:\/\/noticiasemdestaque.com\/cd\/wp-content\/uploads\/2017\/08\/461363a5-9ce0-466f-98d9-ba5c97f29c13-1.jpg\",\"width\":1177,\"height\":502},{\"@type\":\"BreadcrumbList\",\"@id\":\"https:\/\/noticiasemdestaque.com\/cd\/?p=2827#breadcrumb\",\"itemListElement\":[{\"@type\":\"ListItem\",\"position\":1,\"name\":\"In\u00edcio\",\"item\":\"https:\/\/noticiasemdestaque.com\/cd\/\"},{\"@type\":\"ListItem\",\"position\":2,\"name\":\"Com apoio da AMCAP; APACCO e Prefeitos ser\u00e1 implantada uma Cooperativa Central de Caprinos e Ovinos do Cariri\"}]},{\"@type\":\"WebSite\",\"@id\":\"https:\/\/noticiasemdestaque.com\/cd\/#website\",\"url\":\"https:\/\/noticiasemdestaque.com\/cd\/\",\"name\":\"Not&iacute;cias em Destaque\",\"description\":\"\",\"publisher\":{\"@id\":\"https:\/\/noticiasemdestaque.com\/cd\/#organization\"},\"potentialAction\":[{\"@type\":\"SearchAction\",\"target\":{\"@type\":\"EntryPoint\",\"urlTemplate\":\"https:\/\/noticiasemdestaque.com\/cd\/?s={search_term_string}\"},\"query-input\":{\"@type\":\"PropertyValueSpecification\",\"valueRequired\":true,\"valueName\":\"search_term_string\"}}],\"inLanguage\":\"pt-BR\"},{\"@type\":\"Organization\",\"@id\":\"https:\/\/noticiasemdestaque.com\/cd\/#organization\",\"name\":\"Not\u00edcias em Destaque\",\"url\":\"https:\/\/noticiasemdestaque.com\/cd\/\",\"logo\":{\"@type\":\"ImageObject\",\"inLanguage\":\"pt-BR\",\"@id\":\"https:\/\/noticiasemdestaque.com\/cd\/#\/schema\/logo\/image\/\",\"url\":\"https:\/\/noticiasemdestaque.com\/cd\/wp-content\/uploads\/2022\/05\/imagem-base-noticiasemdestaque.png\",\"contentUrl\":\"https:\/\/noticiasemdestaque.com\/cd\/wp-content\/uploads\/2022\/05\/imagem-base-noticiasemdestaque.png\",\"width\":1200,\"height\":630,\"caption\":\"Not\u00edcias em Destaque\"},\"image\":{\"@id\":\"https:\/\/noticiasemdestaque.com\/cd\/#\/schema\/logo\/image\/\"}},{\"@type\":\"Person\",\"@id\":\"https:\/\/noticiasemdestaque.com\/cd\/#\/schema\/person\/4a81fb71f77579d059c3045891fa1786\",\"name\":\"Not\u00edcias em Destaque\",\"url\":\"https:\/\/noticiasemdestaque.com\/cd\/?author=2\"}]}<\/script>\n<!-- \/ Yoast SEO plugin. -->","yoast_head_json":{"title":"Com apoio da AMCAP; APACCO e Prefeitos ser\u00e1 implantada uma Cooperativa Central de Caprinos e Ovinos do Cariri - Not&iacute;cias em Destaque","robots":{"index":"index","follow":"follow","max-snippet":"max-snippet:-1","max-image-preview":"max-image-preview:large","max-video-preview":"max-video-preview:-1"},"canonical":"https:\/\/noticiasemdestaque.com\/cd\/?p=2827","og_locale":"pt_BR","og_type":"article","og_title":"Com apoio da AMCAP; APACCO e Prefeitos ser\u00e1 implantada uma Cooperativa Central de Caprinos e Ovinos do Cariri - Not&iacute;cias em Destaque","og_description":"Aconteceu na manh\u00e3 desta ter\u00e7a-feira (08\/08), na C\u00e2mara Municipal de Serra Branca, uma audi\u00eancia p\u00fablica destinada aos envolvidos na cria\u00e7\u00e3o de caprinos e ovinos. A iniciativa se concretizou atrav\u00e9s de uma mobiliza\u00e7\u00e3o a Associa\u00e7\u00e3o dos Munic\u00edpios do Cariri Paraibano \u2013 AMCAP, da Cooperativa Paraibana dos Criadores de Caprinos e Ovinos- COOPACCO e do vereador Guilherme Gaud\u00eancio (PSB), que teve como resultado o surgimento de uma Cooperativa Central de Caprinos e Ovinos do Cariri, que ter\u00e1 sede no Munic\u00edpio de Serra Branca. Em uma entrevista exclusiva ao Cariri em Destaque, o vereador Guilherme Gaud\u00eancio disse: \u201cA Cooperativa consiste em d\u00e1 assist\u00eancia t\u00e9cnica a todos os cooperados, bem como ajudar na venda de mat\u00e9rias primas, a exemplo do leite, que inclusive j\u00e1 tem como parceira em potencial a ind\u00fastria Isis\u201d. Ou\u00e7a a entrevista na integra, no fim da mat\u00e9ria. O evento contou com as palestras de Pedro Martins Presidente da APACCO e Aldomario Rodrigues da secretaria de Estado e de Desenvolvimento da Agropecu\u00e1ria e da Pesca \u2013 DEDAP. Estivem presente na reuni\u00e3o: o prefeito de Gurj\u00e3o e Presidente da AMCAP, Ronaldo Queiroz; o prefeito de S\u00e3o Jos\u00e9 dos Cordeiros, Jefferson Roberto; o prefeito de Coxixola, Givaldo Limeira; o prefeito de Cara\u00fabas, Silvano Dudu; o prefeito de Camala\u00fa, Sandro Moco; o prefeito do Congo, Jr. Quirino; o prefeito de Pocinho, Cl\u00e1udio Chaves; e o prefeito anfitri\u00e3o n\u00e3o esteve presente, mas o vice Joda Zuza participou. Ainda compareceram o Coordenador Regional da Emater, Walmir Azevedo e presidentes de associa\u00e7\u00f5es. O pr\u00f3ximo encontro est\u00e1 marcado para o dia 25 de agosto. Ou\u00e7a a entrevista completa com o vereador Guilherme Gaud\u00eancio. Cariri em Destaque &nbsp;","og_url":"https:\/\/noticiasemdestaque.com\/cd\/?p=2827","og_site_name":"Not&iacute;cias em Destaque","article_published_time":"2017-08-08T21:48:17+00:00","article_modified_time":"2017-08-08T22:48:24+00:00","og_image":[{"width":1177,"height":502,"url":"https:\/\/noticiasemdestaque.com\/cd\/wp-content\/uploads\/2017\/08\/461363a5-9ce0-466f-98d9-ba5c97f29c13-1.jpg","type":"image\/jpeg"}],"author":"Not\u00edcias em Destaque","twitter_card":"summary_large_image","twitter_misc":{"Escrito por":"Not\u00edcias em Destaque","Est. tempo de leitura":"1 minuto"},"schema":{"@context":"https:\/\/schema.org","@graph":[{"@type":"Article","@id":"https:\/\/noticiasemdestaque.com\/cd\/?p=2827#article","isPartOf":{"@id":"https:\/\/noticiasemdestaque.com\/cd\/?p=2827"},"author":{"name":"Not\u00edcias em Destaque","@id":"https:\/\/noticiasemdestaque.com\/cd\/#\/schema\/person\/4a81fb71f77579d059c3045891fa1786"},"headline":"Com apoio da AMCAP; APACCO e Prefeitos ser\u00e1 implantada uma Cooperativa Central de Caprinos e Ovinos do Cariri","datePublished":"2017-08-08T21:48:17+00:00","dateModified":"2017-08-08T22:48:24+00:00","mainEntityOfPage":{"@id":"https:\/\/noticiasemdestaque.com\/cd\/?p=2827"},"wordCount":313,"publisher":{"@id":"https:\/\/noticiasemdestaque.com\/cd\/#organization"},"image":{"@id":"https:\/\/noticiasemdestaque.com\/cd\/?p=2827#primaryimage"},"thumbnailUrl":"https:\/\/noticiasemdestaque.com\/cd\/wp-content\/uploads\/2017\/08\/461363a5-9ce0-466f-98d9-ba5c97f29c13-1.jpg","articleSection":["Cidades"],"inLanguage":"pt-BR"},{"@type":"WebPage","@id":"https:\/\/noticiasemdestaque.com\/cd\/?p=2827","url":"https:\/\/noticiasemdestaque.com\/cd\/?p=2827","name":"Com apoio da AMCAP; APACCO e Prefeitos ser\u00e1 implantada uma Cooperativa Central de Caprinos e Ovinos do Cariri - Not&iacute;cias em Destaque","isPartOf":{"@id":"https:\/\/noticiasemdestaque.com\/cd\/#website"},"primaryImageOfPage":{"@id":"https:\/\/noticiasemdestaque.com\/cd\/?p=2827#primaryimage"},"image":{"@id":"https:\/\/noticiasemdestaque.com\/cd\/?p=2827#primaryimage"},"thumbnailUrl":"https:\/\/noticiasemdestaque.com\/cd\/wp-content\/uploads\/2017\/08\/461363a5-9ce0-466f-98d9-ba5c97f29c13-1.jpg","datePublished":"2017-08-08T21:48:17+00:00","dateModified":"2017-08-08T22:48:24+00:00","breadcrumb":{"@id":"https:\/\/noticiasemdestaque.com\/cd\/?p=2827#breadcrumb"},"inLanguage":"pt-BR","potentialAction":[{"@type":"ReadAction","target":["https:\/\/noticiasemdestaque.com\/cd\/?p=2827"]}]},{"@type":"ImageObject","inLanguage":"pt-BR","@id":"https:\/\/noticiasemdestaque.com\/cd\/?p=2827#primaryimage","url":"https:\/\/noticiasemdestaque.com\/cd\/wp-content\/uploads\/2017\/08\/461363a5-9ce0-466f-98d9-ba5c97f29c13-1.jpg","contentUrl":"https:\/\/noticiasemdestaque.com\/cd\/wp-content\/uploads\/2017\/08\/461363a5-9ce0-466f-98d9-ba5c97f29c13-1.jpg","width":1177,"height":502},{"@type":"BreadcrumbList","@id":"https:\/\/noticiasemdestaque.com\/cd\/?p=2827#breadcrumb","itemListElement":[{"@type":"ListItem","position":1,"name":"In\u00edcio","item":"https:\/\/noticiasemdestaque.com\/cd\/"},{"@type":"ListItem","position":2,"name":"Com apoio da AMCAP; APACCO e Prefeitos ser\u00e1 implantada uma Cooperativa Central de Caprinos e Ovinos do Cariri"}]},{"@type":"WebSite","@id":"https:\/\/noticiasemdestaque.com\/cd\/#website","url":"https:\/\/noticiasemdestaque.com\/cd\/","name":"Not&iacute;cias em Destaque","description":"","publisher":{"@id":"https:\/\/noticiasemdestaque.com\/cd\/#organization"},"potentialAction":[{"@type":"SearchAction","target":{"@type":"EntryPoint","urlTemplate":"https:\/\/noticiasemdestaque.com\/cd\/?s={search_term_string}"},"query-input":{"@type":"PropertyValueSpecification","valueRequired":true,"valueName":"search_term_string"}}],"inLanguage":"pt-BR"},{"@type":"Organization","@id":"https:\/\/noticiasemdestaque.com\/cd\/#organization","name":"Not\u00edcias em Destaque","url":"https:\/\/noticiasemdestaque.com\/cd\/","logo":{"@type":"ImageObject","inLanguage":"pt-BR","@id":"https:\/\/noticiasemdestaque.com\/cd\/#\/schema\/logo\/image\/","url":"https:\/\/noticiasemdestaque.com\/cd\/wp-content\/uploads\/2022\/05\/imagem-base-noticiasemdestaque.png","contentUrl":"https:\/\/noticiasemdestaque.com\/cd\/wp-content\/uploads\/2022\/05\/imagem-base-noticiasemdestaque.png","width":1200,"height":630,"caption":"Not\u00edcias em Destaque"},"image":{"@id":"https:\/\/noticiasemdestaque.com\/cd\/#\/schema\/logo\/image\/"}},{"@type":"Person","@id":"https:\/\/noticiasemdestaque.com\/cd\/#\/schema\/person\/4a81fb71f77579d059c3045891fa1786","name":"Not\u00edcias em Destaque","url":"https:\/\/noticiasemdestaque.com\/cd\/?author=2"}]}},"jetpack_featured_media_url":"https:\/\/noticiasemdestaque.com\/cd\/wp-content\/uploads\/2017\/08\/461363a5-9ce0-466f-98d9-ba5c97f29c13-1.jpg","jetpack_sharing_enabled":true,"_links":{"self":[{"href":"https:\/\/noticiasemdestaque.com\/cd\/index.php?rest_route=\/wp\/v2\/posts\/2827","targetHints":{"allow":["GET"]}}],"collection":[{"href":"https:\/\/noticiasemdestaque.com\/cd\/index.php?rest_route=\/wp\/v2\/posts"}],"about":[{"href":"https:\/\/noticiasemdestaque.com\/cd\/index.php?rest_route=\/wp\/v2\/types\/post"}],"author":[{"embeddable":true,"href":"https:\/\/noticiasemdestaque.com\/cd\/index.php?rest_route=\/wp\/v2\/users\/2"}],"replies":[{"embeddable":true,"href":"https:\/\/noticiasemdestaque.com\/cd\/index.php?rest_route=%2Fwp%2Fv2%2Fcomments&post=2827"}],"version-history":[{"count":6,"href":"https:\/\/noticiasemdestaque.com\/cd\/index.php?rest_route=\/wp\/v2\/posts\/2827\/revisions"}],"predecessor-version":[{"id":2844,"href":"https:\/\/noticiasemdestaque.com\/cd\/index.php?rest_route=\/wp\/v2\/posts\/2827\/revisions\/2844"}],"wp:featuredmedia":[{"embeddable":true,"href":"https:\/\/noticiasemdestaque.com\/cd\/index.php?rest_route=\/wp\/v2\/media\/2829"}],"wp:attachment":[{"href":"https:\/\/noticiasemdestaque.com\/cd\/index.php?rest_route=%2Fwp%2Fv2%2Fmedia&parent=2827"}],"wp:term":[{"taxonomy":"category","embeddable":true,"href":"https:\/\/noticiasemdestaque.com\/cd\/index.php?rest_route=%2Fwp%2Fv2%2Fcategories&post=2827"},{"taxonomy":"post_tag","embeddable":true,"href":"https:\/\/noticiasemdestaque.com\/cd\/index.php?rest_route=%2Fwp%2Fv2%2Ftags&post=2827"}],"curies":[{"name":"wp","href":"https:\/\/api.w.org\/{rel}","templated":true}]}}