{"id":2820,"date":"2017-08-08T10:01:36","date_gmt":"2017-08-08T13:01:36","guid":{"rendered":"http:\/\/caririemdestaque.com\/cd\/?p=2820"},"modified":"2017-08-08T10:01:36","modified_gmt":"2017-08-08T13:01:36","slug":"sao-jose-dos-cordeiros-realiza-festa-da-sagrada-familia","status":"publish","type":"post","link":"https:\/\/noticiasemdestaque.com\/cd\/?p=2820","title":{"rendered":"S\u00e3o Jos\u00e9 dos Cordeiros realiza Festa da Sagrada Fam\u00edlia"},"content":{"rendered":"<p><a href=\"http:\/\/caririemdestaque.com\/cd\/wp-content\/uploads\/2017\/08\/sagrada-familia.jpg\"><img fetchpriority=\"high\" decoding=\"async\" class=\"size-medium wp-image-2821 alignleft\" src=\"http:\/\/caririemdestaque.com\/cd\/wp-content\/uploads\/2017\/08\/sagrada-familia-231x300.jpg\" alt=\"\" width=\"231\" height=\"300\" srcset=\"https:\/\/noticiasemdestaque.com\/cd\/wp-content\/uploads\/2017\/08\/sagrada-familia-231x300.jpg 231w, https:\/\/noticiasemdestaque.com\/cd\/wp-content\/uploads\/2017\/08\/sagrada-familia.jpg 615w\" sizes=\"(max-width: 231px) 100vw, 231px\" \/><\/a>A Prefeitura Municipal de S\u00e3o Jos\u00e9 dos Cordeiros e em particular o Prefeito Jefferson Roberto est\u00e3o apoiando a Festa da Sagrada Fam\u00edlia, que nesse ano o tema \u00e9: \u201cSagrada Fam\u00edlia, nosso exemplo a seguir!\u201d, e tem inicio nesta quinta-feira(10\/08), no S\u00edtio Pedra Lavrada.<\/p>\n<p>Abrindo a programa\u00e7\u00e3o \u00e0s 18h30 tem Novena em honra da Sagrada Fam\u00edlia e Adora\u00e7\u00e3o ao Sant\u00edssimo Sacramento. A anima\u00e7\u00e3o fica por conta dos Filhos da Imaculada.<\/p>\n<p>J\u00e1 na sexta-feira, \u00e0s 19h acontece Santa Missa de Abertura, com celebra\u00e7\u00e3o do Padre Joselito Ferreira, e a anima\u00e7\u00e3o do Minist\u00e9rio de M\u00fasica Halleluya.<\/p>\n<p>S\u00e1bado, \u00e0s 18h30 ser\u00e1 realizada a celebra\u00e7\u00e3o da palavra com ECC da Par\u00f3quia, em seguida acontece o Jantar das Fam\u00edlias. E \u00e0s 22h, come\u00e7a a Quermesse e Shows ao Vivo, com Os Inacinhos do Forr\u00f3 e Artistas locais, na casa de Z\u00e9 e Zefinha.<\/p>\n<p>O encerramento da Festa da Sagrada Fam\u00edlia, ser\u00e1 no domingo, a partir das 15h30, com \u00a0concentra\u00e7\u00e3o na Capela Nossa Senhora das Vit\u00f3rias. E \u00e0s 16h, tem a Prociss\u00e3o, em seguida a Santa Missa de encerramento com o Padre Joselito Ferreira a anima\u00e7\u00e3o ser\u00e1 do Minist\u00e9rio da M\u00fasica Louvor e Santidade.<\/p>\n<p>Lembrando que todas as noites acontecer\u00e3o bingos.<\/p>\n<p><em><strong>Cariri em Destaque<\/strong><\/em><\/p>\n<p>&nbsp;<\/p>\n","protected":false},"excerpt":{"rendered":"<p>A Prefeitura Municipal de S\u00e3o Jos\u00e9 dos Cordeiros e em particular o Prefeito Jefferson Roberto est\u00e3o apoiando a Festa da Sagrada Fam\u00edlia, que nesse ano o tema \u00e9: \u201cSagrada Fam\u00edlia, nosso exemplo a seguir!\u201d, e tem inicio nesta quinta-feira(10\/08), no S\u00edtio Pedra Lavrada. Abrindo a programa\u00e7\u00e3o \u00e0s 18h30 tem Novena em honra da Sagrada Fam\u00edlia e Adora\u00e7\u00e3o ao Sant\u00edssimo Sacramento. A anima\u00e7\u00e3o fica por conta dos Filhos da Imaculada. J\u00e1 na sexta-feira, \u00e0s 19h acontece Santa Missa de Abertura, com celebra\u00e7\u00e3o do Padre Joselito Ferreira, e a anima\u00e7\u00e3o do Minist\u00e9rio de M\u00fasica Halleluya. S\u00e1bado, \u00e0s 18h30 ser\u00e1 realizada a celebra\u00e7\u00e3o da palavra com ECC da Par\u00f3quia, em seguida acontece o Jantar das Fam\u00edlias. E \u00e0s 22h, come\u00e7a a Quermesse e Shows ao Vivo, com Os Inacinhos do Forr\u00f3 e Artistas locais, na casa de Z\u00e9 e Zefinha. O encerramento da Festa da Sagrada Fam\u00edlia, ser\u00e1 no domingo, a partir das 15h30, com \u00a0concentra\u00e7\u00e3o na Capela Nossa Senhora das Vit\u00f3rias. E \u00e0s 16h, tem a Prociss\u00e3o, em seguida a Santa Missa de encerramento com o Padre Joselito Ferreira a anima\u00e7\u00e3o ser\u00e1 do Minist\u00e9rio da M\u00fasica Louvor e Santidade. Lembrando que todas as noites acontecer\u00e3o bingos. Cariri em Destaque &nbsp;<\/p>\n","protected":false},"author":2,"featured_media":2821,"comment_status":"closed","ping_status":"open","sticky":false,"template":"","format":"standard","meta":{"_eb_attr":"","_jetpack_memberships_contains_paid_content":false,"footnotes":""},"categories":[3],"tags":[],"class_list":["post-2820","post","type-post","status-publish","format-standard","has-post-thumbnail","hentry","category-cidades"],"yoast_head":"<!-- This site is optimized with the Yoast SEO plugin v26.5 - https:\/\/yoast.com\/wordpress\/plugins\/seo\/ -->\n<title>S\u00e3o Jos\u00e9 dos Cordeiros realiza Festa da Sagrada Fam\u00edlia - Not&iacute;cias em Destaque<\/title>\n<meta name=\"robots\" content=\"index, follow, max-snippet:-1, max-image-preview:large, max-video-preview:-1\" \/>\n<link rel=\"canonical\" href=\"https:\/\/noticiasemdestaque.com\/cd\/?p=2820\" \/>\n<meta property=\"og:locale\" content=\"pt_BR\" \/>\n<meta property=\"og:type\" content=\"article\" \/>\n<meta property=\"og:title\" content=\"S\u00e3o Jos\u00e9 dos Cordeiros realiza Festa da Sagrada Fam\u00edlia - Not&iacute;cias em Destaque\" \/>\n<meta property=\"og:description\" content=\"A Prefeitura Municipal de S\u00e3o Jos\u00e9 dos Cordeiros e em particular o Prefeito Jefferson Roberto est\u00e3o apoiando a Festa da Sagrada Fam\u00edlia, que nesse ano o tema \u00e9: \u201cSagrada Fam\u00edlia, nosso exemplo a seguir!\u201d, e tem inicio nesta quinta-feira(10\/08), no S\u00edtio Pedra Lavrada. Abrindo a programa\u00e7\u00e3o \u00e0s 18h30 tem Novena em honra da Sagrada Fam\u00edlia e Adora\u00e7\u00e3o ao Sant\u00edssimo Sacramento. A anima\u00e7\u00e3o fica por conta dos Filhos da Imaculada. J\u00e1 na sexta-feira, \u00e0s 19h acontece Santa Missa de Abertura, com celebra\u00e7\u00e3o do Padre Joselito Ferreira, e a anima\u00e7\u00e3o do Minist\u00e9rio de M\u00fasica Halleluya. S\u00e1bado, \u00e0s 18h30 ser\u00e1 realizada a celebra\u00e7\u00e3o da palavra com ECC da Par\u00f3quia, em seguida acontece o Jantar das Fam\u00edlias. E \u00e0s 22h, come\u00e7a a Quermesse e Shows ao Vivo, com Os Inacinhos do Forr\u00f3 e Artistas locais, na casa de Z\u00e9 e Zefinha. O encerramento da Festa da Sagrada Fam\u00edlia, ser\u00e1 no domingo, a partir das 15h30, com \u00a0concentra\u00e7\u00e3o na Capela Nossa Senhora das Vit\u00f3rias. E \u00e0s 16h, tem a Prociss\u00e3o, em seguida a Santa Missa de encerramento com o Padre Joselito Ferreira a anima\u00e7\u00e3o ser\u00e1 do Minist\u00e9rio da M\u00fasica Louvor e Santidade. Lembrando que todas as noites acontecer\u00e3o bingos. Cariri em Destaque &nbsp;\" \/>\n<meta property=\"og:url\" content=\"https:\/\/noticiasemdestaque.com\/cd\/?p=2820\" \/>\n<meta property=\"og:site_name\" content=\"Not&iacute;cias em Destaque\" \/>\n<meta property=\"article:published_time\" content=\"2017-08-08T13:01:36+00:00\" \/>\n<meta property=\"og:image\" content=\"https:\/\/noticiasemdestaque.com\/cd\/wp-content\/uploads\/2017\/08\/sagrada-familia.jpg\" \/>\n\t<meta property=\"og:image:width\" content=\"615\" \/>\n\t<meta property=\"og:image:height\" content=\"800\" \/>\n\t<meta property=\"og:image:type\" content=\"image\/jpeg\" \/>\n<meta name=\"author\" content=\"Not\u00edcias em Destaque\" \/>\n<meta name=\"twitter:card\" content=\"summary_large_image\" \/>\n<meta name=\"twitter:label1\" content=\"Escrito por\" \/>\n\t<meta name=\"twitter:data1\" content=\"Not\u00edcias em Destaque\" \/>\n\t<meta name=\"twitter:label2\" content=\"Est. tempo de leitura\" \/>\n\t<meta name=\"twitter:data2\" content=\"1 minuto\" \/>\n<script type=\"application\/ld+json\" class=\"yoast-schema-graph\">{\"@context\":\"https:\/\/schema.org\",\"@graph\":[{\"@type\":\"Article\",\"@id\":\"https:\/\/noticiasemdestaque.com\/cd\/?p=2820#article\",\"isPartOf\":{\"@id\":\"https:\/\/noticiasemdestaque.com\/cd\/?p=2820\"},\"author\":{\"name\":\"Not\u00edcias em Destaque\",\"@id\":\"https:\/\/noticiasemdestaque.com\/cd\/#\/schema\/person\/4a81fb71f77579d059c3045891fa1786\"},\"headline\":\"S\u00e3o Jos\u00e9 dos Cordeiros realiza Festa da Sagrada Fam\u00edlia\",\"datePublished\":\"2017-08-08T13:01:36+00:00\",\"mainEntityOfPage\":{\"@id\":\"https:\/\/noticiasemdestaque.com\/cd\/?p=2820\"},\"wordCount\":235,\"publisher\":{\"@id\":\"https:\/\/noticiasemdestaque.com\/cd\/#organization\"},\"image\":{\"@id\":\"https:\/\/noticiasemdestaque.com\/cd\/?p=2820#primaryimage\"},\"thumbnailUrl\":\"https:\/\/noticiasemdestaque.com\/cd\/wp-content\/uploads\/2017\/08\/sagrada-familia.jpg\",\"articleSection\":[\"Cidades\"],\"inLanguage\":\"pt-BR\"},{\"@type\":\"WebPage\",\"@id\":\"https:\/\/noticiasemdestaque.com\/cd\/?p=2820\",\"url\":\"https:\/\/noticiasemdestaque.com\/cd\/?p=2820\",\"name\":\"S\u00e3o Jos\u00e9 dos Cordeiros realiza Festa da Sagrada Fam\u00edlia - Not&iacute;cias em Destaque\",\"isPartOf\":{\"@id\":\"https:\/\/noticiasemdestaque.com\/cd\/#website\"},\"primaryImageOfPage\":{\"@id\":\"https:\/\/noticiasemdestaque.com\/cd\/?p=2820#primaryimage\"},\"image\":{\"@id\":\"https:\/\/noticiasemdestaque.com\/cd\/?p=2820#primaryimage\"},\"thumbnailUrl\":\"https:\/\/noticiasemdestaque.com\/cd\/wp-content\/uploads\/2017\/08\/sagrada-familia.jpg\",\"datePublished\":\"2017-08-08T13:01:36+00:00\",\"breadcrumb\":{\"@id\":\"https:\/\/noticiasemdestaque.com\/cd\/?p=2820#breadcrumb\"},\"inLanguage\":\"pt-BR\",\"potentialAction\":[{\"@type\":\"ReadAction\",\"target\":[\"https:\/\/noticiasemdestaque.com\/cd\/?p=2820\"]}]},{\"@type\":\"ImageObject\",\"inLanguage\":\"pt-BR\",\"@id\":\"https:\/\/noticiasemdestaque.com\/cd\/?p=2820#primaryimage\",\"url\":\"https:\/\/noticiasemdestaque.com\/cd\/wp-content\/uploads\/2017\/08\/sagrada-familia.jpg\",\"contentUrl\":\"https:\/\/noticiasemdestaque.com\/cd\/wp-content\/uploads\/2017\/08\/sagrada-familia.jpg\",\"width\":615,\"height\":800},{\"@type\":\"BreadcrumbList\",\"@id\":\"https:\/\/noticiasemdestaque.com\/cd\/?p=2820#breadcrumb\",\"itemListElement\":[{\"@type\":\"ListItem\",\"position\":1,\"name\":\"In\u00edcio\",\"item\":\"https:\/\/noticiasemdestaque.com\/cd\/\"},{\"@type\":\"ListItem\",\"position\":2,\"name\":\"S\u00e3o Jos\u00e9 dos Cordeiros realiza Festa da Sagrada Fam\u00edlia\"}]},{\"@type\":\"WebSite\",\"@id\":\"https:\/\/noticiasemdestaque.com\/cd\/#website\",\"url\":\"https:\/\/noticiasemdestaque.com\/cd\/\",\"name\":\"Not&iacute;cias em Destaque\",\"description\":\"\",\"publisher\":{\"@id\":\"https:\/\/noticiasemdestaque.com\/cd\/#organization\"},\"potentialAction\":[{\"@type\":\"SearchAction\",\"target\":{\"@type\":\"EntryPoint\",\"urlTemplate\":\"https:\/\/noticiasemdestaque.com\/cd\/?s={search_term_string}\"},\"query-input\":{\"@type\":\"PropertyValueSpecification\",\"valueRequired\":true,\"valueName\":\"search_term_string\"}}],\"inLanguage\":\"pt-BR\"},{\"@type\":\"Organization\",\"@id\":\"https:\/\/noticiasemdestaque.com\/cd\/#organization\",\"name\":\"Not\u00edcias em Destaque\",\"url\":\"https:\/\/noticiasemdestaque.com\/cd\/\",\"logo\":{\"@type\":\"ImageObject\",\"inLanguage\":\"pt-BR\",\"@id\":\"https:\/\/noticiasemdestaque.com\/cd\/#\/schema\/logo\/image\/\",\"url\":\"https:\/\/noticiasemdestaque.com\/cd\/wp-content\/uploads\/2022\/05\/imagem-base-noticiasemdestaque.png\",\"contentUrl\":\"https:\/\/noticiasemdestaque.com\/cd\/wp-content\/uploads\/2022\/05\/imagem-base-noticiasemdestaque.png\",\"width\":1200,\"height\":630,\"caption\":\"Not\u00edcias em Destaque\"},\"image\":{\"@id\":\"https:\/\/noticiasemdestaque.com\/cd\/#\/schema\/logo\/image\/\"}},{\"@type\":\"Person\",\"@id\":\"https:\/\/noticiasemdestaque.com\/cd\/#\/schema\/person\/4a81fb71f77579d059c3045891fa1786\",\"name\":\"Not\u00edcias em Destaque\",\"url\":\"https:\/\/noticiasemdestaque.com\/cd\/?author=2\"}]}<\/script>\n<!-- \/ Yoast SEO plugin. -->","yoast_head_json":{"title":"S\u00e3o Jos\u00e9 dos Cordeiros realiza Festa da Sagrada Fam\u00edlia - Not&iacute;cias em Destaque","robots":{"index":"index","follow":"follow","max-snippet":"max-snippet:-1","max-image-preview":"max-image-preview:large","max-video-preview":"max-video-preview:-1"},"canonical":"https:\/\/noticiasemdestaque.com\/cd\/?p=2820","og_locale":"pt_BR","og_type":"article","og_title":"S\u00e3o Jos\u00e9 dos Cordeiros realiza Festa da Sagrada Fam\u00edlia - Not&iacute;cias em Destaque","og_description":"A Prefeitura Municipal de S\u00e3o Jos\u00e9 dos Cordeiros e em particular o Prefeito Jefferson Roberto est\u00e3o apoiando a Festa da Sagrada Fam\u00edlia, que nesse ano o tema \u00e9: \u201cSagrada Fam\u00edlia, nosso exemplo a seguir!\u201d, e tem inicio nesta quinta-feira(10\/08), no S\u00edtio Pedra Lavrada. Abrindo a programa\u00e7\u00e3o \u00e0s 18h30 tem Novena em honra da Sagrada Fam\u00edlia e Adora\u00e7\u00e3o ao Sant\u00edssimo Sacramento. A anima\u00e7\u00e3o fica por conta dos Filhos da Imaculada. J\u00e1 na sexta-feira, \u00e0s 19h acontece Santa Missa de Abertura, com celebra\u00e7\u00e3o do Padre Joselito Ferreira, e a anima\u00e7\u00e3o do Minist\u00e9rio de M\u00fasica Halleluya. S\u00e1bado, \u00e0s 18h30 ser\u00e1 realizada a celebra\u00e7\u00e3o da palavra com ECC da Par\u00f3quia, em seguida acontece o Jantar das Fam\u00edlias. E \u00e0s 22h, come\u00e7a a Quermesse e Shows ao Vivo, com Os Inacinhos do Forr\u00f3 e Artistas locais, na casa de Z\u00e9 e Zefinha. O encerramento da Festa da Sagrada Fam\u00edlia, ser\u00e1 no domingo, a partir das 15h30, com \u00a0concentra\u00e7\u00e3o na Capela Nossa Senhora das Vit\u00f3rias. E \u00e0s 16h, tem a Prociss\u00e3o, em seguida a Santa Missa de encerramento com o Padre Joselito Ferreira a anima\u00e7\u00e3o ser\u00e1 do Minist\u00e9rio da M\u00fasica Louvor e Santidade. Lembrando que todas as noites acontecer\u00e3o bingos. Cariri em Destaque &nbsp;","og_url":"https:\/\/noticiasemdestaque.com\/cd\/?p=2820","og_site_name":"Not&iacute;cias em Destaque","article_published_time":"2017-08-08T13:01:36+00:00","og_image":[{"width":615,"height":800,"url":"https:\/\/noticiasemdestaque.com\/cd\/wp-content\/uploads\/2017\/08\/sagrada-familia.jpg","type":"image\/jpeg"}],"author":"Not\u00edcias em Destaque","twitter_card":"summary_large_image","twitter_misc":{"Escrito por":"Not\u00edcias em Destaque","Est. tempo de leitura":"1 minuto"},"schema":{"@context":"https:\/\/schema.org","@graph":[{"@type":"Article","@id":"https:\/\/noticiasemdestaque.com\/cd\/?p=2820#article","isPartOf":{"@id":"https:\/\/noticiasemdestaque.com\/cd\/?p=2820"},"author":{"name":"Not\u00edcias em Destaque","@id":"https:\/\/noticiasemdestaque.com\/cd\/#\/schema\/person\/4a81fb71f77579d059c3045891fa1786"},"headline":"S\u00e3o Jos\u00e9 dos Cordeiros realiza Festa da Sagrada Fam\u00edlia","datePublished":"2017-08-08T13:01:36+00:00","mainEntityOfPage":{"@id":"https:\/\/noticiasemdestaque.com\/cd\/?p=2820"},"wordCount":235,"publisher":{"@id":"https:\/\/noticiasemdestaque.com\/cd\/#organization"},"image":{"@id":"https:\/\/noticiasemdestaque.com\/cd\/?p=2820#primaryimage"},"thumbnailUrl":"https:\/\/noticiasemdestaque.com\/cd\/wp-content\/uploads\/2017\/08\/sagrada-familia.jpg","articleSection":["Cidades"],"inLanguage":"pt-BR"},{"@type":"WebPage","@id":"https:\/\/noticiasemdestaque.com\/cd\/?p=2820","url":"https:\/\/noticiasemdestaque.com\/cd\/?p=2820","name":"S\u00e3o Jos\u00e9 dos Cordeiros realiza Festa da Sagrada Fam\u00edlia - Not&iacute;cias em Destaque","isPartOf":{"@id":"https:\/\/noticiasemdestaque.com\/cd\/#website"},"primaryImageOfPage":{"@id":"https:\/\/noticiasemdestaque.com\/cd\/?p=2820#primaryimage"},"image":{"@id":"https:\/\/noticiasemdestaque.com\/cd\/?p=2820#primaryimage"},"thumbnailUrl":"https:\/\/noticiasemdestaque.com\/cd\/wp-content\/uploads\/2017\/08\/sagrada-familia.jpg","datePublished":"2017-08-08T13:01:36+00:00","breadcrumb":{"@id":"https:\/\/noticiasemdestaque.com\/cd\/?p=2820#breadcrumb"},"inLanguage":"pt-BR","potentialAction":[{"@type":"ReadAction","target":["https:\/\/noticiasemdestaque.com\/cd\/?p=2820"]}]},{"@type":"ImageObject","inLanguage":"pt-BR","@id":"https:\/\/noticiasemdestaque.com\/cd\/?p=2820#primaryimage","url":"https:\/\/noticiasemdestaque.com\/cd\/wp-content\/uploads\/2017\/08\/sagrada-familia.jpg","contentUrl":"https:\/\/noticiasemdestaque.com\/cd\/wp-content\/uploads\/2017\/08\/sagrada-familia.jpg","width":615,"height":800},{"@type":"BreadcrumbList","@id":"https:\/\/noticiasemdestaque.com\/cd\/?p=2820#breadcrumb","itemListElement":[{"@type":"ListItem","position":1,"name":"In\u00edcio","item":"https:\/\/noticiasemdestaque.com\/cd\/"},{"@type":"ListItem","position":2,"name":"S\u00e3o Jos\u00e9 dos Cordeiros realiza Festa da Sagrada Fam\u00edlia"}]},{"@type":"WebSite","@id":"https:\/\/noticiasemdestaque.com\/cd\/#website","url":"https:\/\/noticiasemdestaque.com\/cd\/","name":"Not&iacute;cias em Destaque","description":"","publisher":{"@id":"https:\/\/noticiasemdestaque.com\/cd\/#organization"},"potentialAction":[{"@type":"SearchAction","target":{"@type":"EntryPoint","urlTemplate":"https:\/\/noticiasemdestaque.com\/cd\/?s={search_term_string}"},"query-input":{"@type":"PropertyValueSpecification","valueRequired":true,"valueName":"search_term_string"}}],"inLanguage":"pt-BR"},{"@type":"Organization","@id":"https:\/\/noticiasemdestaque.com\/cd\/#organization","name":"Not\u00edcias em Destaque","url":"https:\/\/noticiasemdestaque.com\/cd\/","logo":{"@type":"ImageObject","inLanguage":"pt-BR","@id":"https:\/\/noticiasemdestaque.com\/cd\/#\/schema\/logo\/image\/","url":"https:\/\/noticiasemdestaque.com\/cd\/wp-content\/uploads\/2022\/05\/imagem-base-noticiasemdestaque.png","contentUrl":"https:\/\/noticiasemdestaque.com\/cd\/wp-content\/uploads\/2022\/05\/imagem-base-noticiasemdestaque.png","width":1200,"height":630,"caption":"Not\u00edcias em Destaque"},"image":{"@id":"https:\/\/noticiasemdestaque.com\/cd\/#\/schema\/logo\/image\/"}},{"@type":"Person","@id":"https:\/\/noticiasemdestaque.com\/cd\/#\/schema\/person\/4a81fb71f77579d059c3045891fa1786","name":"Not\u00edcias em Destaque","url":"https:\/\/noticiasemdestaque.com\/cd\/?author=2"}]}},"jetpack_featured_media_url":"https:\/\/noticiasemdestaque.com\/cd\/wp-content\/uploads\/2017\/08\/sagrada-familia.jpg","jetpack_sharing_enabled":true,"_links":{"self":[{"href":"https:\/\/noticiasemdestaque.com\/cd\/index.php?rest_route=\/wp\/v2\/posts\/2820","targetHints":{"allow":["GET"]}}],"collection":[{"href":"https:\/\/noticiasemdestaque.com\/cd\/index.php?rest_route=\/wp\/v2\/posts"}],"about":[{"href":"https:\/\/noticiasemdestaque.com\/cd\/index.php?rest_route=\/wp\/v2\/types\/post"}],"author":[{"embeddable":true,"href":"https:\/\/noticiasemdestaque.com\/cd\/index.php?rest_route=\/wp\/v2\/users\/2"}],"replies":[{"embeddable":true,"href":"https:\/\/noticiasemdestaque.com\/cd\/index.php?rest_route=%2Fwp%2Fv2%2Fcomments&post=2820"}],"version-history":[{"count":1,"href":"https:\/\/noticiasemdestaque.com\/cd\/index.php?rest_route=\/wp\/v2\/posts\/2820\/revisions"}],"predecessor-version":[{"id":2822,"href":"https:\/\/noticiasemdestaque.com\/cd\/index.php?rest_route=\/wp\/v2\/posts\/2820\/revisions\/2822"}],"wp:featuredmedia":[{"embeddable":true,"href":"https:\/\/noticiasemdestaque.com\/cd\/index.php?rest_route=\/wp\/v2\/media\/2821"}],"wp:attachment":[{"href":"https:\/\/noticiasemdestaque.com\/cd\/index.php?rest_route=%2Fwp%2Fv2%2Fmedia&parent=2820"}],"wp:term":[{"taxonomy":"category","embeddable":true,"href":"https:\/\/noticiasemdestaque.com\/cd\/index.php?rest_route=%2Fwp%2Fv2%2Fcategories&post=2820"},{"taxonomy":"post_tag","embeddable":true,"href":"https:\/\/noticiasemdestaque.com\/cd\/index.php?rest_route=%2Fwp%2Fv2%2Ftags&post=2820"}],"curies":[{"name":"wp","href":"https:\/\/api.w.org\/{rel}","templated":true}]}}