{"id":282,"date":"2017-06-07T20:49:44","date_gmt":"2017-06-07T23:49:44","guid":{"rendered":"http:\/\/caririemdestaque.com\/cd\/?p=282"},"modified":"2017-06-07T20:49:44","modified_gmt":"2017-06-07T23:49:44","slug":"diretor-do-insa-visita-cdsa-e-fala-sobre-parceria-com-a-ufcg-sume","status":"publish","type":"post","link":"https:\/\/noticiasemdestaque.com\/cd\/?p=282","title":{"rendered":"Diretor do INSA visita CDSA e fala sobre parceria com a UFCG-Sum\u00e9"},"content":{"rendered":"<p style=\"text-align: center;\"><a href=\"http:\/\/caririemdestaque.com\/cd\/wp-content\/uploads\/2017\/06\/visita-insa-uepb.jpg\"><img fetchpriority=\"high\" decoding=\"async\" class=\"wp-image-283 alignleft\" src=\"http:\/\/caririemdestaque.com\/cd\/wp-content\/uploads\/2017\/06\/visita-insa-uepb-300x200.jpg\" alt=\"\" width=\"323\" height=\"215\" srcset=\"https:\/\/noticiasemdestaque.com\/cd\/wp-content\/uploads\/2017\/06\/visita-insa-uepb-300x200.jpg 300w, https:\/\/noticiasemdestaque.com\/cd\/wp-content\/uploads\/2017\/06\/visita-insa-uepb-768x512.jpg 768w, https:\/\/noticiasemdestaque.com\/cd\/wp-content\/uploads\/2017\/06\/visita-insa-uepb-480x320.jpg 480w, https:\/\/noticiasemdestaque.com\/cd\/wp-content\/uploads\/2017\/06\/visita-insa-uepb.jpg 800w\" sizes=\"(max-width: 323px) 100vw, 323px\" \/><\/a><\/p>\n<p>Na \u00faltima quinta-feira (1), o Centro de Desenvolvimento Sustent\u00e1vel do Semi\u00e1rido da UFCG recebeu a visita do diretor do Instituto Nacional do Semi\u00e1rido &#8211; INSA, Salom\u00e3o de Sousa Medeiros, e do pr\u00f3-reitor adjunto de P\u00f3s-Gradua\u00e7\u00e3o da UEPB, Cidoval Morais de Sousa, para palestra do Semin\u00e1rio Integrador.<\/p>\n<p>Na oportunidade foi realizada uma reuni\u00e3o com a vice-dire\u00e7\u00e3o do CDSA e alguns pesquisadores do CDSA de algumas das unidades acad\u00eamicas do Centro, na qual foram discutidas possibilidades de parcerias entre estas o INSA, a UEPB e todas as \u00e1reas do CDSA.<\/p>\n<p>Na reuni\u00e3o ficou acertado que \u00e9 um momento posterior haver\u00e1 outra reuni\u00e3o na sede do INSA, em campina Grande-PB, para a continuidade da discuss\u00e3o sobre parcerias, inclusive de est\u00e1gios.<\/p>\n<p><strong><em>Cariri em Destaque<\/em><\/strong><\/p>\n<p>Com Rosenato Barreto<\/p>\n<p>&nbsp;<\/p>\n","protected":false},"excerpt":{"rendered":"<p>Na \u00faltima quinta-feira (1), o Centro de Desenvolvimento Sustent\u00e1vel do Semi\u00e1rido da UFCG recebeu a visita do diretor do Instituto Nacional do Semi\u00e1rido &#8211; INSA, Salom\u00e3o de Sousa Medeiros, e do pr\u00f3-reitor adjunto de P\u00f3s-Gradua\u00e7\u00e3o da UEPB, Cidoval Morais de Sousa, para palestra do Semin\u00e1rio Integrador. Na oportunidade foi realizada uma reuni\u00e3o com a vice-dire\u00e7\u00e3o do CDSA e alguns pesquisadores do CDSA de algumas das unidades acad\u00eamicas do Centro, na qual foram discutidas possibilidades de parcerias entre estas o INSA, a UEPB e todas as \u00e1reas do CDSA. Na reuni\u00e3o ficou acertado que \u00e9 um momento posterior haver\u00e1 outra reuni\u00e3o na sede do INSA, em campina Grande-PB, para a continuidade da discuss\u00e3o sobre parcerias, inclusive de est\u00e1gios. Cariri em Destaque Com Rosenato Barreto &nbsp;<\/p>\n","protected":false},"author":2,"featured_media":283,"comment_status":"closed","ping_status":"open","sticky":false,"template":"","format":"standard","meta":{"_eb_attr":"","_jetpack_memberships_contains_paid_content":false,"footnotes":""},"categories":[6],"tags":[],"class_list":["post-282","post","type-post","status-publish","format-standard","has-post-thumbnail","hentry","category-educacao"],"yoast_head":"<!-- This site is optimized with the Yoast SEO plugin v26.5 - https:\/\/yoast.com\/wordpress\/plugins\/seo\/ -->\n<title>Diretor do INSA visita CDSA e fala sobre parceria com a UFCG-Sum\u00e9 - Not&iacute;cias em Destaque<\/title>\n<meta name=\"robots\" content=\"index, follow, max-snippet:-1, max-image-preview:large, max-video-preview:-1\" \/>\n<link rel=\"canonical\" href=\"https:\/\/noticiasemdestaque.com\/cd\/?p=282\" \/>\n<meta property=\"og:locale\" content=\"pt_BR\" \/>\n<meta property=\"og:type\" content=\"article\" \/>\n<meta property=\"og:title\" content=\"Diretor do INSA visita CDSA e fala sobre parceria com a UFCG-Sum\u00e9 - Not&iacute;cias em Destaque\" \/>\n<meta property=\"og:description\" content=\"Na \u00faltima quinta-feira (1), o Centro de Desenvolvimento Sustent\u00e1vel do Semi\u00e1rido da UFCG recebeu a visita do diretor do Instituto Nacional do Semi\u00e1rido &#8211; INSA, Salom\u00e3o de Sousa Medeiros, e do pr\u00f3-reitor adjunto de P\u00f3s-Gradua\u00e7\u00e3o da UEPB, Cidoval Morais de Sousa, para palestra do Semin\u00e1rio Integrador. Na oportunidade foi realizada uma reuni\u00e3o com a vice-dire\u00e7\u00e3o do CDSA e alguns pesquisadores do CDSA de algumas das unidades acad\u00eamicas do Centro, na qual foram discutidas possibilidades de parcerias entre estas o INSA, a UEPB e todas as \u00e1reas do CDSA. Na reuni\u00e3o ficou acertado que \u00e9 um momento posterior haver\u00e1 outra reuni\u00e3o na sede do INSA, em campina Grande-PB, para a continuidade da discuss\u00e3o sobre parcerias, inclusive de est\u00e1gios. Cariri em Destaque Com Rosenato Barreto &nbsp;\" \/>\n<meta property=\"og:url\" content=\"https:\/\/noticiasemdestaque.com\/cd\/?p=282\" \/>\n<meta property=\"og:site_name\" content=\"Not&iacute;cias em Destaque\" \/>\n<meta property=\"article:published_time\" content=\"2017-06-07T23:49:44+00:00\" \/>\n<meta property=\"og:image\" content=\"https:\/\/noticiasemdestaque.com\/cd\/wp-content\/uploads\/2017\/06\/visita-insa-uepb.jpg\" \/>\n\t<meta property=\"og:image:width\" content=\"800\" \/>\n\t<meta property=\"og:image:height\" content=\"533\" \/>\n\t<meta property=\"og:image:type\" content=\"image\/jpeg\" \/>\n<meta name=\"author\" content=\"Not\u00edcias em Destaque\" \/>\n<meta name=\"twitter:card\" content=\"summary_large_image\" \/>\n<meta name=\"twitter:label1\" content=\"Escrito por\" \/>\n\t<meta name=\"twitter:data1\" content=\"Not\u00edcias em Destaque\" \/>\n\t<meta name=\"twitter:label2\" content=\"Est. tempo de leitura\" \/>\n\t<meta name=\"twitter:data2\" content=\"1 minuto\" \/>\n<script type=\"application\/ld+json\" class=\"yoast-schema-graph\">{\"@context\":\"https:\/\/schema.org\",\"@graph\":[{\"@type\":\"Article\",\"@id\":\"https:\/\/noticiasemdestaque.com\/cd\/?p=282#article\",\"isPartOf\":{\"@id\":\"https:\/\/noticiasemdestaque.com\/cd\/?p=282\"},\"author\":{\"name\":\"Not\u00edcias em Destaque\",\"@id\":\"https:\/\/noticiasemdestaque.com\/cd\/#\/schema\/person\/45ca272b3e1246ef14ebb78a48dbb218\"},\"headline\":\"Diretor do INSA visita CDSA e fala sobre parceria com a UFCG-Sum\u00e9\",\"datePublished\":\"2017-06-07T23:49:44+00:00\",\"mainEntityOfPage\":{\"@id\":\"https:\/\/noticiasemdestaque.com\/cd\/?p=282\"},\"wordCount\":149,\"publisher\":{\"@id\":\"https:\/\/noticiasemdestaque.com\/cd\/#organization\"},\"image\":{\"@id\":\"https:\/\/noticiasemdestaque.com\/cd\/?p=282#primaryimage\"},\"thumbnailUrl\":\"https:\/\/noticiasemdestaque.com\/cd\/wp-content\/uploads\/2017\/06\/visita-insa-uepb.jpg\",\"articleSection\":[\"Educa\u00e7\u00e3o\"],\"inLanguage\":\"pt-BR\"},{\"@type\":\"WebPage\",\"@id\":\"https:\/\/noticiasemdestaque.com\/cd\/?p=282\",\"url\":\"https:\/\/noticiasemdestaque.com\/cd\/?p=282\",\"name\":\"Diretor do INSA visita CDSA e fala sobre parceria com a UFCG-Sum\u00e9 - Not&iacute;cias em Destaque\",\"isPartOf\":{\"@id\":\"https:\/\/noticiasemdestaque.com\/cd\/#website\"},\"primaryImageOfPage\":{\"@id\":\"https:\/\/noticiasemdestaque.com\/cd\/?p=282#primaryimage\"},\"image\":{\"@id\":\"https:\/\/noticiasemdestaque.com\/cd\/?p=282#primaryimage\"},\"thumbnailUrl\":\"https:\/\/noticiasemdestaque.com\/cd\/wp-content\/uploads\/2017\/06\/visita-insa-uepb.jpg\",\"datePublished\":\"2017-06-07T23:49:44+00:00\",\"breadcrumb\":{\"@id\":\"https:\/\/noticiasemdestaque.com\/cd\/?p=282#breadcrumb\"},\"inLanguage\":\"pt-BR\",\"potentialAction\":[{\"@type\":\"ReadAction\",\"target\":[\"https:\/\/noticiasemdestaque.com\/cd\/?p=282\"]}]},{\"@type\":\"ImageObject\",\"inLanguage\":\"pt-BR\",\"@id\":\"https:\/\/noticiasemdestaque.com\/cd\/?p=282#primaryimage\",\"url\":\"https:\/\/noticiasemdestaque.com\/cd\/wp-content\/uploads\/2017\/06\/visita-insa-uepb.jpg\",\"contentUrl\":\"https:\/\/noticiasemdestaque.com\/cd\/wp-content\/uploads\/2017\/06\/visita-insa-uepb.jpg\",\"width\":800,\"height\":533},{\"@type\":\"BreadcrumbList\",\"@id\":\"https:\/\/noticiasemdestaque.com\/cd\/?p=282#breadcrumb\",\"itemListElement\":[{\"@type\":\"ListItem\",\"position\":1,\"name\":\"In\u00edcio\",\"item\":\"https:\/\/noticiasemdestaque.com\/cd\/\"},{\"@type\":\"ListItem\",\"position\":2,\"name\":\"Diretor do INSA visita CDSA e fala sobre parceria com a UFCG-Sum\u00e9\"}]},{\"@type\":\"WebSite\",\"@id\":\"https:\/\/noticiasemdestaque.com\/cd\/#website\",\"url\":\"https:\/\/noticiasemdestaque.com\/cd\/\",\"name\":\"Not&iacute;cias em Destaque\",\"description\":\"\",\"publisher\":{\"@id\":\"https:\/\/noticiasemdestaque.com\/cd\/#organization\"},\"potentialAction\":[{\"@type\":\"SearchAction\",\"target\":{\"@type\":\"EntryPoint\",\"urlTemplate\":\"https:\/\/noticiasemdestaque.com\/cd\/?s={search_term_string}\"},\"query-input\":{\"@type\":\"PropertyValueSpecification\",\"valueRequired\":true,\"valueName\":\"search_term_string\"}}],\"inLanguage\":\"pt-BR\"},{\"@type\":\"Organization\",\"@id\":\"https:\/\/noticiasemdestaque.com\/cd\/#organization\",\"name\":\"Not\u00edcias em Destaque\",\"url\":\"https:\/\/noticiasemdestaque.com\/cd\/\",\"logo\":{\"@type\":\"ImageObject\",\"inLanguage\":\"pt-BR\",\"@id\":\"https:\/\/noticiasemdestaque.com\/cd\/#\/schema\/logo\/image\/\",\"url\":\"https:\/\/noticiasemdestaque.com\/cd\/wp-content\/uploads\/2022\/05\/imagem-base-noticiasemdestaque.png\",\"contentUrl\":\"https:\/\/noticiasemdestaque.com\/cd\/wp-content\/uploads\/2022\/05\/imagem-base-noticiasemdestaque.png\",\"width\":1200,\"height\":630,\"caption\":\"Not\u00edcias em Destaque\"},\"image\":{\"@id\":\"https:\/\/noticiasemdestaque.com\/cd\/#\/schema\/logo\/image\/\"}},{\"@type\":\"Person\",\"@id\":\"https:\/\/noticiasemdestaque.com\/cd\/#\/schema\/person\/45ca272b3e1246ef14ebb78a48dbb218\",\"name\":\"Not\u00edcias em Destaque\",\"url\":\"https:\/\/noticiasemdestaque.com\/cd\/?author=2\"}]}<\/script>\n<!-- \/ Yoast SEO plugin. -->","yoast_head_json":{"title":"Diretor do INSA visita CDSA e fala sobre parceria com a UFCG-Sum\u00e9 - Not&iacute;cias em Destaque","robots":{"index":"index","follow":"follow","max-snippet":"max-snippet:-1","max-image-preview":"max-image-preview:large","max-video-preview":"max-video-preview:-1"},"canonical":"https:\/\/noticiasemdestaque.com\/cd\/?p=282","og_locale":"pt_BR","og_type":"article","og_title":"Diretor do INSA visita CDSA e fala sobre parceria com a UFCG-Sum\u00e9 - Not&iacute;cias em Destaque","og_description":"Na \u00faltima quinta-feira (1), o Centro de Desenvolvimento Sustent\u00e1vel do Semi\u00e1rido da UFCG recebeu a visita do diretor do Instituto Nacional do Semi\u00e1rido &#8211; INSA, Salom\u00e3o de Sousa Medeiros, e do pr\u00f3-reitor adjunto de P\u00f3s-Gradua\u00e7\u00e3o da UEPB, Cidoval Morais de Sousa, para palestra do Semin\u00e1rio Integrador. Na oportunidade foi realizada uma reuni\u00e3o com a vice-dire\u00e7\u00e3o do CDSA e alguns pesquisadores do CDSA de algumas das unidades acad\u00eamicas do Centro, na qual foram discutidas possibilidades de parcerias entre estas o INSA, a UEPB e todas as \u00e1reas do CDSA. Na reuni\u00e3o ficou acertado que \u00e9 um momento posterior haver\u00e1 outra reuni\u00e3o na sede do INSA, em campina Grande-PB, para a continuidade da discuss\u00e3o sobre parcerias, inclusive de est\u00e1gios. Cariri em Destaque Com Rosenato Barreto &nbsp;","og_url":"https:\/\/noticiasemdestaque.com\/cd\/?p=282","og_site_name":"Not&iacute;cias em Destaque","article_published_time":"2017-06-07T23:49:44+00:00","og_image":[{"width":800,"height":533,"url":"https:\/\/noticiasemdestaque.com\/cd\/wp-content\/uploads\/2017\/06\/visita-insa-uepb.jpg","type":"image\/jpeg"}],"author":"Not\u00edcias em Destaque","twitter_card":"summary_large_image","twitter_misc":{"Escrito por":"Not\u00edcias em Destaque","Est. tempo de leitura":"1 minuto"},"schema":{"@context":"https:\/\/schema.org","@graph":[{"@type":"Article","@id":"https:\/\/noticiasemdestaque.com\/cd\/?p=282#article","isPartOf":{"@id":"https:\/\/noticiasemdestaque.com\/cd\/?p=282"},"author":{"name":"Not\u00edcias em Destaque","@id":"https:\/\/noticiasemdestaque.com\/cd\/#\/schema\/person\/45ca272b3e1246ef14ebb78a48dbb218"},"headline":"Diretor do INSA visita CDSA e fala sobre parceria com a UFCG-Sum\u00e9","datePublished":"2017-06-07T23:49:44+00:00","mainEntityOfPage":{"@id":"https:\/\/noticiasemdestaque.com\/cd\/?p=282"},"wordCount":149,"publisher":{"@id":"https:\/\/noticiasemdestaque.com\/cd\/#organization"},"image":{"@id":"https:\/\/noticiasemdestaque.com\/cd\/?p=282#primaryimage"},"thumbnailUrl":"https:\/\/noticiasemdestaque.com\/cd\/wp-content\/uploads\/2017\/06\/visita-insa-uepb.jpg","articleSection":["Educa\u00e7\u00e3o"],"inLanguage":"pt-BR"},{"@type":"WebPage","@id":"https:\/\/noticiasemdestaque.com\/cd\/?p=282","url":"https:\/\/noticiasemdestaque.com\/cd\/?p=282","name":"Diretor do INSA visita CDSA e fala sobre parceria com a UFCG-Sum\u00e9 - Not&iacute;cias em Destaque","isPartOf":{"@id":"https:\/\/noticiasemdestaque.com\/cd\/#website"},"primaryImageOfPage":{"@id":"https:\/\/noticiasemdestaque.com\/cd\/?p=282#primaryimage"},"image":{"@id":"https:\/\/noticiasemdestaque.com\/cd\/?p=282#primaryimage"},"thumbnailUrl":"https:\/\/noticiasemdestaque.com\/cd\/wp-content\/uploads\/2017\/06\/visita-insa-uepb.jpg","datePublished":"2017-06-07T23:49:44+00:00","breadcrumb":{"@id":"https:\/\/noticiasemdestaque.com\/cd\/?p=282#breadcrumb"},"inLanguage":"pt-BR","potentialAction":[{"@type":"ReadAction","target":["https:\/\/noticiasemdestaque.com\/cd\/?p=282"]}]},{"@type":"ImageObject","inLanguage":"pt-BR","@id":"https:\/\/noticiasemdestaque.com\/cd\/?p=282#primaryimage","url":"https:\/\/noticiasemdestaque.com\/cd\/wp-content\/uploads\/2017\/06\/visita-insa-uepb.jpg","contentUrl":"https:\/\/noticiasemdestaque.com\/cd\/wp-content\/uploads\/2017\/06\/visita-insa-uepb.jpg","width":800,"height":533},{"@type":"BreadcrumbList","@id":"https:\/\/noticiasemdestaque.com\/cd\/?p=282#breadcrumb","itemListElement":[{"@type":"ListItem","position":1,"name":"In\u00edcio","item":"https:\/\/noticiasemdestaque.com\/cd\/"},{"@type":"ListItem","position":2,"name":"Diretor do INSA visita CDSA e fala sobre parceria com a UFCG-Sum\u00e9"}]},{"@type":"WebSite","@id":"https:\/\/noticiasemdestaque.com\/cd\/#website","url":"https:\/\/noticiasemdestaque.com\/cd\/","name":"Not&iacute;cias em Destaque","description":"","publisher":{"@id":"https:\/\/noticiasemdestaque.com\/cd\/#organization"},"potentialAction":[{"@type":"SearchAction","target":{"@type":"EntryPoint","urlTemplate":"https:\/\/noticiasemdestaque.com\/cd\/?s={search_term_string}"},"query-input":{"@type":"PropertyValueSpecification","valueRequired":true,"valueName":"search_term_string"}}],"inLanguage":"pt-BR"},{"@type":"Organization","@id":"https:\/\/noticiasemdestaque.com\/cd\/#organization","name":"Not\u00edcias em Destaque","url":"https:\/\/noticiasemdestaque.com\/cd\/","logo":{"@type":"ImageObject","inLanguage":"pt-BR","@id":"https:\/\/noticiasemdestaque.com\/cd\/#\/schema\/logo\/image\/","url":"https:\/\/noticiasemdestaque.com\/cd\/wp-content\/uploads\/2022\/05\/imagem-base-noticiasemdestaque.png","contentUrl":"https:\/\/noticiasemdestaque.com\/cd\/wp-content\/uploads\/2022\/05\/imagem-base-noticiasemdestaque.png","width":1200,"height":630,"caption":"Not\u00edcias em Destaque"},"image":{"@id":"https:\/\/noticiasemdestaque.com\/cd\/#\/schema\/logo\/image\/"}},{"@type":"Person","@id":"https:\/\/noticiasemdestaque.com\/cd\/#\/schema\/person\/45ca272b3e1246ef14ebb78a48dbb218","name":"Not\u00edcias em Destaque","url":"https:\/\/noticiasemdestaque.com\/cd\/?author=2"}]}},"jetpack_featured_media_url":"https:\/\/noticiasemdestaque.com\/cd\/wp-content\/uploads\/2017\/06\/visita-insa-uepb.jpg","jetpack_sharing_enabled":true,"_links":{"self":[{"href":"https:\/\/noticiasemdestaque.com\/cd\/index.php?rest_route=\/wp\/v2\/posts\/282","targetHints":{"allow":["GET"]}}],"collection":[{"href":"https:\/\/noticiasemdestaque.com\/cd\/index.php?rest_route=\/wp\/v2\/posts"}],"about":[{"href":"https:\/\/noticiasemdestaque.com\/cd\/index.php?rest_route=\/wp\/v2\/types\/post"}],"author":[{"embeddable":true,"href":"https:\/\/noticiasemdestaque.com\/cd\/index.php?rest_route=\/wp\/v2\/users\/2"}],"replies":[{"embeddable":true,"href":"https:\/\/noticiasemdestaque.com\/cd\/index.php?rest_route=%2Fwp%2Fv2%2Fcomments&post=282"}],"version-history":[{"count":1,"href":"https:\/\/noticiasemdestaque.com\/cd\/index.php?rest_route=\/wp\/v2\/posts\/282\/revisions"}],"predecessor-version":[{"id":284,"href":"https:\/\/noticiasemdestaque.com\/cd\/index.php?rest_route=\/wp\/v2\/posts\/282\/revisions\/284"}],"wp:featuredmedia":[{"embeddable":true,"href":"https:\/\/noticiasemdestaque.com\/cd\/index.php?rest_route=\/wp\/v2\/media\/283"}],"wp:attachment":[{"href":"https:\/\/noticiasemdestaque.com\/cd\/index.php?rest_route=%2Fwp%2Fv2%2Fmedia&parent=282"}],"wp:term":[{"taxonomy":"category","embeddable":true,"href":"https:\/\/noticiasemdestaque.com\/cd\/index.php?rest_route=%2Fwp%2Fv2%2Fcategories&post=282"},{"taxonomy":"post_tag","embeddable":true,"href":"https:\/\/noticiasemdestaque.com\/cd\/index.php?rest_route=%2Fwp%2Fv2%2Ftags&post=282"}],"curies":[{"name":"wp","href":"https:\/\/api.w.org\/{rel}","templated":true}]}}