{"id":2814,"date":"2017-08-08T07:58:06","date_gmt":"2017-08-08T10:58:06","guid":{"rendered":"http:\/\/caririemdestaque.com\/cd\/?p=2814"},"modified":"2017-08-08T07:58:06","modified_gmt":"2017-08-08T10:58:06","slug":"plano-b-para-reforma-da-previdencia-pode-afetar-trabalhadores-mais-pobres","status":"publish","type":"post","link":"https:\/\/noticiasemdestaque.com\/cd\/?p=2814","title":{"rendered":"Plano B para Reforma da Previd\u00eancia pode afetar trabalhadores mais pobres"},"content":{"rendered":"<p><a href=\"http:\/\/caririemdestaque.com\/cd\/wp-content\/uploads\/2017\/08\/carteira-de-trabalho.jpg\"><img fetchpriority=\"high\" decoding=\"async\" class=\"size-medium wp-image-2815 alignleft\" src=\"http:\/\/caririemdestaque.com\/cd\/wp-content\/uploads\/2017\/08\/carteira-de-trabalho-300x200.jpg\" alt=\"\" width=\"300\" height=\"200\" \/><\/a>O governo federal n\u00e3o precisa do apoio de 308 votos de deputados federais para aprovar a parte da Reforma da Previd\u00eancia que causar\u00e1 o maior impacto entre os trabalhadores mais vulner\u00e1veis. Enquanto a imposi\u00e7\u00e3o de uma idade m\u00ednima de 65 anos, para homens, e 62, para mulheres, depende de emenda ao artigo 201 da Constitui\u00e7\u00e3o Federal, outras mudan\u00e7as propostas podem ser desmembradas e passar como leis complementares ou ordin\u00e1rias, apresentadas na forma de medidas provis\u00f3rias pelo Pal\u00e1cio do Planalto.<\/p>\n<p>Caso o clima pol\u00edtico continue inst\u00e1vel (a Procuradoria-Geral da Rep\u00fablica ainda est\u00e1 analisando o encaminhamento de uma nova den\u00fancia contra Michel Temer), e a garantia de apoio de 308 deputados federais se torne tarefa literalmente custosa, o governo j\u00e1 sinalizou o desmembramento da proposta, buscando aprovar mudan\u00e7as que demandem maioria absoluta ou simples.<\/p>\n<p>De acordo com Diego Cherulli, vice-presidente da Comiss\u00e3o de Seguridade Social social da Ordem dos Advogados do Brasil-DF e diretor de assuntos parlamentares do Instituto Brasileiro de Direito Previdenci\u00e1rio, dentre essas mudan\u00e7as est\u00e1 o aumento da car\u00eancia de 15 para 25 anos.<\/p>\n<p>\u201dA classe m\u00e9dia n\u00e3o tem problema de jubila\u00e7\u00e3o do benef\u00edcio. O pobre tem\u201d, afirma Cherulli, referindo-se \u00e0 necessidade de alcan\u00e7ar esse per\u00edodo de contribui\u00e7\u00e3o para poder pedir a aposentadoria. Para os mais pobres, a idade m\u00ednima j\u00e1 existe no Brasil uma vez que eles n\u00e3o conseguem se aposentar por tempo de contribui\u00e7\u00e3o (35 anos, homens, 30 anos, mulheres). \u201dEsse pessoal vai acabar perdendo o que contribuiu e tendo que procurar o Benef\u00edcio de Presta\u00e7\u00e3o Continuada [BPC, o sal\u00e1rio m\u00ednimo concedido a trabalhadores idosos pobres], que pode ser menor que a pens\u00e3o que ele teria direito a receber.\u201d<\/p>\n<p>Com UOL<\/p>\n","protected":false},"excerpt":{"rendered":"<p>O governo federal n\u00e3o precisa do apoio de 308 votos de deputados federais para aprovar a parte da Reforma da Previd\u00eancia que causar\u00e1 o maior impacto entre os trabalhadores mais vulner\u00e1veis. Enquanto a imposi\u00e7\u00e3o de uma idade m\u00ednima de 65 anos, para homens, e 62, para mulheres, depende de emenda ao artigo 201 da Constitui\u00e7\u00e3o Federal, outras mudan\u00e7as propostas podem ser desmembradas e passar como leis complementares ou ordin\u00e1rias, apresentadas na forma de medidas provis\u00f3rias pelo Pal\u00e1cio do Planalto. Caso o clima pol\u00edtico continue inst\u00e1vel (a Procuradoria-Geral da Rep\u00fablica ainda est\u00e1 analisando o encaminhamento de uma nova den\u00fancia contra Michel Temer), e a garantia de apoio de 308 deputados federais se torne tarefa literalmente custosa, o governo j\u00e1 sinalizou o desmembramento da proposta, buscando aprovar mudan\u00e7as que demandem maioria absoluta ou simples. De acordo com Diego Cherulli, vice-presidente da Comiss\u00e3o de Seguridade Social social da Ordem dos Advogados do Brasil-DF e diretor de assuntos parlamentares do Instituto Brasileiro de Direito Previdenci\u00e1rio, dentre essas mudan\u00e7as est\u00e1 o aumento da car\u00eancia de 15 para 25 anos. \u201dA classe m\u00e9dia n\u00e3o tem problema de jubila\u00e7\u00e3o do benef\u00edcio. O pobre tem\u201d, afirma Cherulli, referindo-se \u00e0 necessidade de alcan\u00e7ar esse per\u00edodo de contribui\u00e7\u00e3o para poder pedir a aposentadoria. Para os mais pobres, a idade m\u00ednima j\u00e1 existe no Brasil uma vez que eles n\u00e3o conseguem se aposentar por tempo de contribui\u00e7\u00e3o (35 anos, homens, 30 anos, mulheres). \u201dEsse pessoal vai acabar perdendo o que contribuiu e tendo que procurar o Benef\u00edcio de Presta\u00e7\u00e3o Continuada [BPC, o sal\u00e1rio m\u00ednimo concedido a trabalhadores idosos pobres], que pode ser menor que a pens\u00e3o que ele teria direito a receber.\u201d Com UOL<\/p>\n","protected":false},"author":2,"featured_media":2815,"comment_status":"closed","ping_status":"open","sticky":false,"template":"","format":"standard","meta":{"_eb_attr":"","_jetpack_memberships_contains_paid_content":false,"footnotes":""},"categories":[11],"tags":[],"class_list":["post-2814","post","type-post","status-publish","format-standard","has-post-thumbnail","hentry","category-economia"],"yoast_head":"<!-- This site is optimized with the Yoast SEO plugin v26.5 - https:\/\/yoast.com\/wordpress\/plugins\/seo\/ -->\n<title>Plano B para Reforma da Previd\u00eancia pode afetar trabalhadores mais pobres - Not&iacute;cias em Destaque<\/title>\n<meta name=\"robots\" content=\"index, follow, max-snippet:-1, max-image-preview:large, max-video-preview:-1\" \/>\n<link rel=\"canonical\" href=\"https:\/\/noticiasemdestaque.com\/cd\/?p=2814\" \/>\n<meta property=\"og:locale\" content=\"pt_BR\" \/>\n<meta property=\"og:type\" content=\"article\" \/>\n<meta property=\"og:title\" content=\"Plano B para Reforma da Previd\u00eancia pode afetar trabalhadores mais pobres - Not&iacute;cias em Destaque\" \/>\n<meta property=\"og:description\" content=\"O governo federal n\u00e3o precisa do apoio de 308 votos de deputados federais para aprovar a parte da Reforma da Previd\u00eancia que causar\u00e1 o maior impacto entre os trabalhadores mais vulner\u00e1veis. Enquanto a imposi\u00e7\u00e3o de uma idade m\u00ednima de 65 anos, para homens, e 62, para mulheres, depende de emenda ao artigo 201 da Constitui\u00e7\u00e3o Federal, outras mudan\u00e7as propostas podem ser desmembradas e passar como leis complementares ou ordin\u00e1rias, apresentadas na forma de medidas provis\u00f3rias pelo Pal\u00e1cio do Planalto. Caso o clima pol\u00edtico continue inst\u00e1vel (a Procuradoria-Geral da Rep\u00fablica ainda est\u00e1 analisando o encaminhamento de uma nova den\u00fancia contra Michel Temer), e a garantia de apoio de 308 deputados federais se torne tarefa literalmente custosa, o governo j\u00e1 sinalizou o desmembramento da proposta, buscando aprovar mudan\u00e7as que demandem maioria absoluta ou simples. De acordo com Diego Cherulli, vice-presidente da Comiss\u00e3o de Seguridade Social social da Ordem dos Advogados do Brasil-DF e diretor de assuntos parlamentares do Instituto Brasileiro de Direito Previdenci\u00e1rio, dentre essas mudan\u00e7as est\u00e1 o aumento da car\u00eancia de 15 para 25 anos. \u201dA classe m\u00e9dia n\u00e3o tem problema de jubila\u00e7\u00e3o do benef\u00edcio. O pobre tem\u201d, afirma Cherulli, referindo-se \u00e0 necessidade de alcan\u00e7ar esse per\u00edodo de contribui\u00e7\u00e3o para poder pedir a aposentadoria. Para os mais pobres, a idade m\u00ednima j\u00e1 existe no Brasil uma vez que eles n\u00e3o conseguem se aposentar por tempo de contribui\u00e7\u00e3o (35 anos, homens, 30 anos, mulheres). \u201dEsse pessoal vai acabar perdendo o que contribuiu e tendo que procurar o Benef\u00edcio de Presta\u00e7\u00e3o Continuada [BPC, o sal\u00e1rio m\u00ednimo concedido a trabalhadores idosos pobres], que pode ser menor que a pens\u00e3o que ele teria direito a receber.\u201d Com UOL\" \/>\n<meta property=\"og:url\" content=\"https:\/\/noticiasemdestaque.com\/cd\/?p=2814\" \/>\n<meta property=\"og:site_name\" content=\"Not&iacute;cias em Destaque\" \/>\n<meta property=\"article:published_time\" content=\"2017-08-08T10:58:06+00:00\" \/>\n<meta property=\"og:image\" content=\"https:\/\/noticiasemdestaque.com\/cd\/wp-content\/uploads\/2017\/08\/carteira-de-trabalho.jpg\" \/>\n\t<meta property=\"og:image:width\" content=\"300\" \/>\n\t<meta property=\"og:image:height\" content=\"200\" \/>\n\t<meta property=\"og:image:type\" content=\"image\/jpeg\" \/>\n<meta name=\"author\" content=\"Not\u00edcias em Destaque\" \/>\n<meta name=\"twitter:card\" content=\"summary_large_image\" \/>\n<meta name=\"twitter:label1\" content=\"Escrito por\" \/>\n\t<meta name=\"twitter:data1\" content=\"Not\u00edcias em Destaque\" \/>\n\t<meta name=\"twitter:label2\" content=\"Est. tempo de leitura\" \/>\n\t<meta name=\"twitter:data2\" content=\"1 minuto\" \/>\n<script type=\"application\/ld+json\" class=\"yoast-schema-graph\">{\"@context\":\"https:\/\/schema.org\",\"@graph\":[{\"@type\":\"Article\",\"@id\":\"https:\/\/noticiasemdestaque.com\/cd\/?p=2814#article\",\"isPartOf\":{\"@id\":\"https:\/\/noticiasemdestaque.com\/cd\/?p=2814\"},\"author\":{\"name\":\"Not\u00edcias em Destaque\",\"@id\":\"https:\/\/noticiasemdestaque.com\/cd\/#\/schema\/person\/4a81fb71f77579d059c3045891fa1786\"},\"headline\":\"Plano B para Reforma da Previd\u00eancia pode afetar trabalhadores mais pobres\",\"datePublished\":\"2017-08-08T10:58:06+00:00\",\"mainEntityOfPage\":{\"@id\":\"https:\/\/noticiasemdestaque.com\/cd\/?p=2814\"},\"wordCount\":309,\"publisher\":{\"@id\":\"https:\/\/noticiasemdestaque.com\/cd\/#organization\"},\"image\":{\"@id\":\"https:\/\/noticiasemdestaque.com\/cd\/?p=2814#primaryimage\"},\"thumbnailUrl\":\"https:\/\/noticiasemdestaque.com\/cd\/wp-content\/uploads\/2017\/08\/carteira-de-trabalho.jpg\",\"articleSection\":[\"Economia\"],\"inLanguage\":\"pt-BR\"},{\"@type\":\"WebPage\",\"@id\":\"https:\/\/noticiasemdestaque.com\/cd\/?p=2814\",\"url\":\"https:\/\/noticiasemdestaque.com\/cd\/?p=2814\",\"name\":\"Plano B para Reforma da Previd\u00eancia pode afetar trabalhadores mais pobres - Not&iacute;cias em Destaque\",\"isPartOf\":{\"@id\":\"https:\/\/noticiasemdestaque.com\/cd\/#website\"},\"primaryImageOfPage\":{\"@id\":\"https:\/\/noticiasemdestaque.com\/cd\/?p=2814#primaryimage\"},\"image\":{\"@id\":\"https:\/\/noticiasemdestaque.com\/cd\/?p=2814#primaryimage\"},\"thumbnailUrl\":\"https:\/\/noticiasemdestaque.com\/cd\/wp-content\/uploads\/2017\/08\/carteira-de-trabalho.jpg\",\"datePublished\":\"2017-08-08T10:58:06+00:00\",\"breadcrumb\":{\"@id\":\"https:\/\/noticiasemdestaque.com\/cd\/?p=2814#breadcrumb\"},\"inLanguage\":\"pt-BR\",\"potentialAction\":[{\"@type\":\"ReadAction\",\"target\":[\"https:\/\/noticiasemdestaque.com\/cd\/?p=2814\"]}]},{\"@type\":\"ImageObject\",\"inLanguage\":\"pt-BR\",\"@id\":\"https:\/\/noticiasemdestaque.com\/cd\/?p=2814#primaryimage\",\"url\":\"https:\/\/noticiasemdestaque.com\/cd\/wp-content\/uploads\/2017\/08\/carteira-de-trabalho.jpg\",\"contentUrl\":\"https:\/\/noticiasemdestaque.com\/cd\/wp-content\/uploads\/2017\/08\/carteira-de-trabalho.jpg\",\"width\":300,\"height\":200},{\"@type\":\"BreadcrumbList\",\"@id\":\"https:\/\/noticiasemdestaque.com\/cd\/?p=2814#breadcrumb\",\"itemListElement\":[{\"@type\":\"ListItem\",\"position\":1,\"name\":\"In\u00edcio\",\"item\":\"https:\/\/noticiasemdestaque.com\/cd\/\"},{\"@type\":\"ListItem\",\"position\":2,\"name\":\"Plano B para Reforma da Previd\u00eancia pode afetar trabalhadores mais pobres\"}]},{\"@type\":\"WebSite\",\"@id\":\"https:\/\/noticiasemdestaque.com\/cd\/#website\",\"url\":\"https:\/\/noticiasemdestaque.com\/cd\/\",\"name\":\"Not&iacute;cias em Destaque\",\"description\":\"\",\"publisher\":{\"@id\":\"https:\/\/noticiasemdestaque.com\/cd\/#organization\"},\"potentialAction\":[{\"@type\":\"SearchAction\",\"target\":{\"@type\":\"EntryPoint\",\"urlTemplate\":\"https:\/\/noticiasemdestaque.com\/cd\/?s={search_term_string}\"},\"query-input\":{\"@type\":\"PropertyValueSpecification\",\"valueRequired\":true,\"valueName\":\"search_term_string\"}}],\"inLanguage\":\"pt-BR\"},{\"@type\":\"Organization\",\"@id\":\"https:\/\/noticiasemdestaque.com\/cd\/#organization\",\"name\":\"Not\u00edcias em Destaque\",\"url\":\"https:\/\/noticiasemdestaque.com\/cd\/\",\"logo\":{\"@type\":\"ImageObject\",\"inLanguage\":\"pt-BR\",\"@id\":\"https:\/\/noticiasemdestaque.com\/cd\/#\/schema\/logo\/image\/\",\"url\":\"https:\/\/noticiasemdestaque.com\/cd\/wp-content\/uploads\/2022\/05\/imagem-base-noticiasemdestaque.png\",\"contentUrl\":\"https:\/\/noticiasemdestaque.com\/cd\/wp-content\/uploads\/2022\/05\/imagem-base-noticiasemdestaque.png\",\"width\":1200,\"height\":630,\"caption\":\"Not\u00edcias em Destaque\"},\"image\":{\"@id\":\"https:\/\/noticiasemdestaque.com\/cd\/#\/schema\/logo\/image\/\"}},{\"@type\":\"Person\",\"@id\":\"https:\/\/noticiasemdestaque.com\/cd\/#\/schema\/person\/4a81fb71f77579d059c3045891fa1786\",\"name\":\"Not\u00edcias em Destaque\",\"url\":\"https:\/\/noticiasemdestaque.com\/cd\/?author=2\"}]}<\/script>\n<!-- \/ Yoast SEO plugin. -->","yoast_head_json":{"title":"Plano B para Reforma da Previd\u00eancia pode afetar trabalhadores mais pobres - Not&iacute;cias em Destaque","robots":{"index":"index","follow":"follow","max-snippet":"max-snippet:-1","max-image-preview":"max-image-preview:large","max-video-preview":"max-video-preview:-1"},"canonical":"https:\/\/noticiasemdestaque.com\/cd\/?p=2814","og_locale":"pt_BR","og_type":"article","og_title":"Plano B para Reforma da Previd\u00eancia pode afetar trabalhadores mais pobres - Not&iacute;cias em Destaque","og_description":"O governo federal n\u00e3o precisa do apoio de 308 votos de deputados federais para aprovar a parte da Reforma da Previd\u00eancia que causar\u00e1 o maior impacto entre os trabalhadores mais vulner\u00e1veis. Enquanto a imposi\u00e7\u00e3o de uma idade m\u00ednima de 65 anos, para homens, e 62, para mulheres, depende de emenda ao artigo 201 da Constitui\u00e7\u00e3o Federal, outras mudan\u00e7as propostas podem ser desmembradas e passar como leis complementares ou ordin\u00e1rias, apresentadas na forma de medidas provis\u00f3rias pelo Pal\u00e1cio do Planalto. Caso o clima pol\u00edtico continue inst\u00e1vel (a Procuradoria-Geral da Rep\u00fablica ainda est\u00e1 analisando o encaminhamento de uma nova den\u00fancia contra Michel Temer), e a garantia de apoio de 308 deputados federais se torne tarefa literalmente custosa, o governo j\u00e1 sinalizou o desmembramento da proposta, buscando aprovar mudan\u00e7as que demandem maioria absoluta ou simples. De acordo com Diego Cherulli, vice-presidente da Comiss\u00e3o de Seguridade Social social da Ordem dos Advogados do Brasil-DF e diretor de assuntos parlamentares do Instituto Brasileiro de Direito Previdenci\u00e1rio, dentre essas mudan\u00e7as est\u00e1 o aumento da car\u00eancia de 15 para 25 anos. \u201dA classe m\u00e9dia n\u00e3o tem problema de jubila\u00e7\u00e3o do benef\u00edcio. O pobre tem\u201d, afirma Cherulli, referindo-se \u00e0 necessidade de alcan\u00e7ar esse per\u00edodo de contribui\u00e7\u00e3o para poder pedir a aposentadoria. Para os mais pobres, a idade m\u00ednima j\u00e1 existe no Brasil uma vez que eles n\u00e3o conseguem se aposentar por tempo de contribui\u00e7\u00e3o (35 anos, homens, 30 anos, mulheres). \u201dEsse pessoal vai acabar perdendo o que contribuiu e tendo que procurar o Benef\u00edcio de Presta\u00e7\u00e3o Continuada [BPC, o sal\u00e1rio m\u00ednimo concedido a trabalhadores idosos pobres], que pode ser menor que a pens\u00e3o que ele teria direito a receber.\u201d Com UOL","og_url":"https:\/\/noticiasemdestaque.com\/cd\/?p=2814","og_site_name":"Not&iacute;cias em Destaque","article_published_time":"2017-08-08T10:58:06+00:00","og_image":[{"width":300,"height":200,"url":"https:\/\/noticiasemdestaque.com\/cd\/wp-content\/uploads\/2017\/08\/carteira-de-trabalho.jpg","type":"image\/jpeg"}],"author":"Not\u00edcias em Destaque","twitter_card":"summary_large_image","twitter_misc":{"Escrito por":"Not\u00edcias em Destaque","Est. tempo de leitura":"1 minuto"},"schema":{"@context":"https:\/\/schema.org","@graph":[{"@type":"Article","@id":"https:\/\/noticiasemdestaque.com\/cd\/?p=2814#article","isPartOf":{"@id":"https:\/\/noticiasemdestaque.com\/cd\/?p=2814"},"author":{"name":"Not\u00edcias em Destaque","@id":"https:\/\/noticiasemdestaque.com\/cd\/#\/schema\/person\/4a81fb71f77579d059c3045891fa1786"},"headline":"Plano B para Reforma da Previd\u00eancia pode afetar trabalhadores mais pobres","datePublished":"2017-08-08T10:58:06+00:00","mainEntityOfPage":{"@id":"https:\/\/noticiasemdestaque.com\/cd\/?p=2814"},"wordCount":309,"publisher":{"@id":"https:\/\/noticiasemdestaque.com\/cd\/#organization"},"image":{"@id":"https:\/\/noticiasemdestaque.com\/cd\/?p=2814#primaryimage"},"thumbnailUrl":"https:\/\/noticiasemdestaque.com\/cd\/wp-content\/uploads\/2017\/08\/carteira-de-trabalho.jpg","articleSection":["Economia"],"inLanguage":"pt-BR"},{"@type":"WebPage","@id":"https:\/\/noticiasemdestaque.com\/cd\/?p=2814","url":"https:\/\/noticiasemdestaque.com\/cd\/?p=2814","name":"Plano B para Reforma da Previd\u00eancia pode afetar trabalhadores mais pobres - Not&iacute;cias em Destaque","isPartOf":{"@id":"https:\/\/noticiasemdestaque.com\/cd\/#website"},"primaryImageOfPage":{"@id":"https:\/\/noticiasemdestaque.com\/cd\/?p=2814#primaryimage"},"image":{"@id":"https:\/\/noticiasemdestaque.com\/cd\/?p=2814#primaryimage"},"thumbnailUrl":"https:\/\/noticiasemdestaque.com\/cd\/wp-content\/uploads\/2017\/08\/carteira-de-trabalho.jpg","datePublished":"2017-08-08T10:58:06+00:00","breadcrumb":{"@id":"https:\/\/noticiasemdestaque.com\/cd\/?p=2814#breadcrumb"},"inLanguage":"pt-BR","potentialAction":[{"@type":"ReadAction","target":["https:\/\/noticiasemdestaque.com\/cd\/?p=2814"]}]},{"@type":"ImageObject","inLanguage":"pt-BR","@id":"https:\/\/noticiasemdestaque.com\/cd\/?p=2814#primaryimage","url":"https:\/\/noticiasemdestaque.com\/cd\/wp-content\/uploads\/2017\/08\/carteira-de-trabalho.jpg","contentUrl":"https:\/\/noticiasemdestaque.com\/cd\/wp-content\/uploads\/2017\/08\/carteira-de-trabalho.jpg","width":300,"height":200},{"@type":"BreadcrumbList","@id":"https:\/\/noticiasemdestaque.com\/cd\/?p=2814#breadcrumb","itemListElement":[{"@type":"ListItem","position":1,"name":"In\u00edcio","item":"https:\/\/noticiasemdestaque.com\/cd\/"},{"@type":"ListItem","position":2,"name":"Plano B para Reforma da Previd\u00eancia pode afetar trabalhadores mais pobres"}]},{"@type":"WebSite","@id":"https:\/\/noticiasemdestaque.com\/cd\/#website","url":"https:\/\/noticiasemdestaque.com\/cd\/","name":"Not&iacute;cias em Destaque","description":"","publisher":{"@id":"https:\/\/noticiasemdestaque.com\/cd\/#organization"},"potentialAction":[{"@type":"SearchAction","target":{"@type":"EntryPoint","urlTemplate":"https:\/\/noticiasemdestaque.com\/cd\/?s={search_term_string}"},"query-input":{"@type":"PropertyValueSpecification","valueRequired":true,"valueName":"search_term_string"}}],"inLanguage":"pt-BR"},{"@type":"Organization","@id":"https:\/\/noticiasemdestaque.com\/cd\/#organization","name":"Not\u00edcias em Destaque","url":"https:\/\/noticiasemdestaque.com\/cd\/","logo":{"@type":"ImageObject","inLanguage":"pt-BR","@id":"https:\/\/noticiasemdestaque.com\/cd\/#\/schema\/logo\/image\/","url":"https:\/\/noticiasemdestaque.com\/cd\/wp-content\/uploads\/2022\/05\/imagem-base-noticiasemdestaque.png","contentUrl":"https:\/\/noticiasemdestaque.com\/cd\/wp-content\/uploads\/2022\/05\/imagem-base-noticiasemdestaque.png","width":1200,"height":630,"caption":"Not\u00edcias em Destaque"},"image":{"@id":"https:\/\/noticiasemdestaque.com\/cd\/#\/schema\/logo\/image\/"}},{"@type":"Person","@id":"https:\/\/noticiasemdestaque.com\/cd\/#\/schema\/person\/4a81fb71f77579d059c3045891fa1786","name":"Not\u00edcias em Destaque","url":"https:\/\/noticiasemdestaque.com\/cd\/?author=2"}]}},"jetpack_featured_media_url":"https:\/\/noticiasemdestaque.com\/cd\/wp-content\/uploads\/2017\/08\/carteira-de-trabalho.jpg","jetpack_sharing_enabled":true,"_links":{"self":[{"href":"https:\/\/noticiasemdestaque.com\/cd\/index.php?rest_route=\/wp\/v2\/posts\/2814","targetHints":{"allow":["GET"]}}],"collection":[{"href":"https:\/\/noticiasemdestaque.com\/cd\/index.php?rest_route=\/wp\/v2\/posts"}],"about":[{"href":"https:\/\/noticiasemdestaque.com\/cd\/index.php?rest_route=\/wp\/v2\/types\/post"}],"author":[{"embeddable":true,"href":"https:\/\/noticiasemdestaque.com\/cd\/index.php?rest_route=\/wp\/v2\/users\/2"}],"replies":[{"embeddable":true,"href":"https:\/\/noticiasemdestaque.com\/cd\/index.php?rest_route=%2Fwp%2Fv2%2Fcomments&post=2814"}],"version-history":[{"count":1,"href":"https:\/\/noticiasemdestaque.com\/cd\/index.php?rest_route=\/wp\/v2\/posts\/2814\/revisions"}],"predecessor-version":[{"id":2816,"href":"https:\/\/noticiasemdestaque.com\/cd\/index.php?rest_route=\/wp\/v2\/posts\/2814\/revisions\/2816"}],"wp:featuredmedia":[{"embeddable":true,"href":"https:\/\/noticiasemdestaque.com\/cd\/index.php?rest_route=\/wp\/v2\/media\/2815"}],"wp:attachment":[{"href":"https:\/\/noticiasemdestaque.com\/cd\/index.php?rest_route=%2Fwp%2Fv2%2Fmedia&parent=2814"}],"wp:term":[{"taxonomy":"category","embeddable":true,"href":"https:\/\/noticiasemdestaque.com\/cd\/index.php?rest_route=%2Fwp%2Fv2%2Fcategories&post=2814"},{"taxonomy":"post_tag","embeddable":true,"href":"https:\/\/noticiasemdestaque.com\/cd\/index.php?rest_route=%2Fwp%2Fv2%2Ftags&post=2814"}],"curies":[{"name":"wp","href":"https:\/\/api.w.org\/{rel}","templated":true}]}}