{"id":2811,"date":"2017-08-08T07:50:48","date_gmt":"2017-08-08T10:50:48","guid":{"rendered":"http:\/\/caririemdestaque.com\/cd\/?p=2811"},"modified":"2017-08-08T07:50:48","modified_gmt":"2017-08-08T10:50:48","slug":"tecnicas-de-plantio-e-adubagem-melhoram-vida-e-renda-de-pequenos-produtores","status":"publish","type":"post","link":"https:\/\/noticiasemdestaque.com\/cd\/?p=2811","title":{"rendered":"T\u00e9cnicas de plantio e adubagem melhoram vida e renda de pequenos produtores"},"content":{"rendered":"<p><a href=\"http:\/\/caririemdestaque.com\/cd\/wp-content\/uploads\/2017\/08\/17722336280003622710000.jpg\"><img fetchpriority=\"high\" decoding=\"async\" class=\"size-medium wp-image-2812 alignleft\" src=\"http:\/\/caririemdestaque.com\/cd\/wp-content\/uploads\/2017\/08\/17722336280003622710000-300x225.jpg\" alt=\"\" width=\"300\" height=\"225\" srcset=\"https:\/\/noticiasemdestaque.com\/cd\/wp-content\/uploads\/2017\/08\/17722336280003622710000-300x225.jpg 300w, https:\/\/noticiasemdestaque.com\/cd\/wp-content\/uploads\/2017\/08\/17722336280003622710000.jpg 434w\" sizes=\"(max-width: 300px) 100vw, 300px\" \/><\/a>Pequenos produtores de citros e hortali\u00e7as da regi\u00e3o de Lagoa Seca, Agreste paraibano, foram orientados em como melhor vida e renda a partir da execu\u00e7\u00e3o de t\u00e9cnicas de plantio, adubagem e comercializa\u00e7\u00e3o de produtos. Setenta pequenos agricultores participaram recentemente do \u2018Dia Especial do Manejo Agroecol\u00f3gico\u2019, promovido pela Emepa, Interpa e Emater. As atividades aconteceram na Esta\u00e7\u00e3o Experimental e no S\u00edtio Pau Ferro.<\/p>\n<p>Durante o evento os agricultores puderam avaliar resultados alcan\u00e7ados com uso do p\u00f3 de rocha MB4 como fonte alternativa de fertilizante e o correto uso do solo. Segundo a coordenadora do projeto, a pesquisadora Ivonete Berto Menino, a agricultura agroecol\u00f3gica visa, entre outros fatores, a produ\u00e7\u00e3o de alimentos livres de insumos industrializados e, para isso, busca um manejo adequado do solo, com diversidade de culturas, controle de pragas pelo pr\u00f3prio cultivo e per\u00edodos para descanso da terra, a fim de que ela se refa\u00e7a em termos de equil\u00edbrio biol\u00f3gico e nutricional.<\/p>\n<p>O pesquisador da Emepa Ivanildo Cavalcanti de Albuquerque explicou e demonstrou tecnologias que permitem o cultivo agroecol\u00f3gico do citros no agreste. Ele ressaltou a import\u00e2ncia da qualidade das mudas de laranja e detalhou aspectos sobre a sele\u00e7\u00e3o da variedade copa e porta-enxerto, escolha da \u00e1rea e fertilidade do solo, lembrando os cuidados com a pr\u00e1tica do plantio e tutoramento, aduba\u00e7\u00e3o verde, usando p\u00f3 de rocha e compostos org\u00e2nicos, e cobertura morta. Tamb\u00e9m destacou a poda, identifica\u00e7\u00e3o, combate e manejo de pragas e doen\u00e7as, defensivos org\u00e2nicos, produ\u00e7\u00e3o\/raleamento dos frutos.<\/p>\n<p>A pesquisadora Ivonete Berto Menino lembrou que na regi\u00e3o do Agreste, em especial o munic\u00edpio de Matinhas, o maior produtor de citros do estado, \u00e9 fundamental incentivar o cultivo agroecol\u00f3gico e manejo adequado para proporcionar alimentos saud\u00e1veis e o desenvolvimento da cadeia produtiva.<\/p>\n<p>Outro momento do dia especial foi dedicado \u00e0 produ\u00e7\u00e3o de hortali\u00e7as, com palestras dos pesquisadores Luciano de Medeiros Pereira e Jo\u00e3o Felinto dos Santos, da Unidade de Valida\u00e7\u00e3o Tecnol\u00f3gica do S\u00edtio Pau Ferro, localizada no distrito de Alvinho, em Lagoa Seca.<\/p>\n<p>Foram apresentados os resultados de pesquisas na escolha das culturas, as esp\u00e9cies de acordo com o sistema e o mercado, aquisi\u00e7\u00e3o de sementes, escolha e preparo da \u00e1rea, aduba\u00e7\u00e3o com p\u00f3 de rocha, aduba\u00e7\u00e3o org\u00e2nica, aduba\u00e7\u00e3o verde, mucana preta e feij\u00e3o-de-porco. Tamb\u00e9m com o uso de biofertilizantes, produ\u00e7\u00e3o de mudas em bandejas, o controle alternativo de pragas e doen\u00e7as e, por fim, o sistema de irriga\u00e7\u00e3o por meio de painel solar fotovolt\u00e1ico. Entre outros assuntos, discutiram a comercializa\u00e7\u00e3o, com venda aos restaurantes, diretamente \u00e0s fam\u00edlias e por meio do Programa de Aquisi\u00e7\u00e3o de Alimentos (PAA) e Programa Nacional de Alimenta\u00e7\u00e3o Escolar (PNAE).<\/p>\n<p>O agricultor Adalberto Alves de Oliveira, que h\u00e1 tr\u00eas anos disponibiliza seu im\u00f3vel rural para a realiza\u00e7\u00e3o das pesquisas da Emepa-GU, deu testemunho sobre os excelentes resultados at\u00e9 agora obtidos com os experimentos realizados em sua propriedade. O evento serviu para demonstrar a viabilidade econ\u00f4mica, social e ambiental do sistema agroecol\u00f3gico em hortali\u00e7as.<\/p>\n<p>Adalberto trabalha em dois hectares, empregando 36 pessoas entre familiares e vizinhos, permanentes e diaristas. \u201cNosso prop\u00f3sito \u00e9 obter produtos agr\u00edcolas dentro dos padr\u00f5es exigidos pelo mercado, apesar da cont\u00ednua explora\u00e7\u00e3o da \u00e1rea\u201d, comentou.<\/p>\n<p><strong>Consumidor pode colher<\/strong><\/p>\n<p>Os produtos s\u00e3o comercializados nas feiras agroecol\u00f3gicas familiar de Lagoa Seca e Campina Grande, al\u00e9m da comercializa\u00e7\u00e3o vinculada ao PAA e PNAE e diretamente ao consumidor no pr\u00f3prio local, podendo este fazer a pr\u00f3pria colheita de suas hortali\u00e7as.<\/p>\n<p>O agricultor tem alcan\u00e7ado sucesso nas suas terras, porque segue rigorosamente as orienta\u00e7\u00f5es dos t\u00e9cnicos, no sentido de manter o equil\u00edbrio agroecol\u00f3gico do sistema. Seu pomar \u00e9 utilizado para a realiza\u00e7\u00e3o de oficina e dias especiais sobre os m\u00e9todos de trabalho.<\/p>\n<p>com Portal Correio<\/p>\n","protected":false},"excerpt":{"rendered":"<p>Pequenos produtores de citros e hortali\u00e7as da regi\u00e3o de Lagoa Seca, Agreste paraibano, foram orientados em como melhor vida e renda a partir da execu\u00e7\u00e3o de t\u00e9cnicas de plantio, adubagem e comercializa\u00e7\u00e3o de produtos. Setenta pequenos agricultores participaram recentemente do \u2018Dia Especial do Manejo Agroecol\u00f3gico\u2019, promovido pela Emepa, Interpa e Emater. As atividades aconteceram na Esta\u00e7\u00e3o Experimental e no S\u00edtio Pau Ferro. Durante o evento os agricultores puderam avaliar resultados alcan\u00e7ados com uso do p\u00f3 de rocha MB4 como fonte alternativa de fertilizante e o correto uso do solo. Segundo a coordenadora do projeto, a pesquisadora Ivonete Berto Menino, a agricultura agroecol\u00f3gica visa, entre outros fatores, a produ\u00e7\u00e3o de alimentos livres de insumos industrializados e, para isso, busca um manejo adequado do solo, com diversidade de culturas, controle de pragas pelo pr\u00f3prio cultivo e per\u00edodos para descanso da terra, a fim de que ela se refa\u00e7a em termos de equil\u00edbrio biol\u00f3gico e nutricional. O pesquisador da Emepa Ivanildo Cavalcanti de Albuquerque explicou e demonstrou tecnologias que permitem o cultivo agroecol\u00f3gico do citros no agreste. Ele ressaltou a import\u00e2ncia da qualidade das mudas de laranja e detalhou aspectos sobre a sele\u00e7\u00e3o da variedade copa e porta-enxerto, escolha da \u00e1rea e fertilidade do solo, lembrando os cuidados com a pr\u00e1tica do plantio e tutoramento, aduba\u00e7\u00e3o verde, usando p\u00f3 de rocha e compostos org\u00e2nicos, e cobertura morta. Tamb\u00e9m destacou a poda, identifica\u00e7\u00e3o, combate e manejo de pragas e doen\u00e7as, defensivos org\u00e2nicos, produ\u00e7\u00e3o\/raleamento dos frutos. A pesquisadora Ivonete Berto Menino lembrou que na regi\u00e3o do Agreste, em especial o munic\u00edpio de Matinhas, o maior produtor de citros do estado, \u00e9 fundamental incentivar o cultivo agroecol\u00f3gico e manejo adequado para proporcionar alimentos saud\u00e1veis e o desenvolvimento da cadeia produtiva. Outro momento do dia especial foi dedicado \u00e0 produ\u00e7\u00e3o de hortali\u00e7as, com palestras dos pesquisadores Luciano de Medeiros Pereira e Jo\u00e3o Felinto dos Santos, da Unidade de Valida\u00e7\u00e3o Tecnol\u00f3gica do S\u00edtio Pau Ferro, localizada no distrito de Alvinho, em Lagoa Seca. Foram apresentados os resultados de pesquisas na escolha das culturas, as esp\u00e9cies de acordo com o sistema e o mercado, aquisi\u00e7\u00e3o de sementes, escolha e preparo da \u00e1rea, aduba\u00e7\u00e3o com p\u00f3 de rocha, aduba\u00e7\u00e3o org\u00e2nica, aduba\u00e7\u00e3o verde, mucana preta e feij\u00e3o-de-porco. Tamb\u00e9m com o uso de biofertilizantes, produ\u00e7\u00e3o de mudas em bandejas, o controle alternativo de pragas e doen\u00e7as e, por fim, o sistema de irriga\u00e7\u00e3o por meio de painel solar fotovolt\u00e1ico. Entre outros assuntos, discutiram a comercializa\u00e7\u00e3o, com venda aos restaurantes, diretamente \u00e0s fam\u00edlias e por meio do Programa de Aquisi\u00e7\u00e3o de Alimentos (PAA) e Programa Nacional de Alimenta\u00e7\u00e3o Escolar (PNAE). O agricultor Adalberto Alves de Oliveira, que h\u00e1 tr\u00eas anos disponibiliza seu im\u00f3vel rural para a realiza\u00e7\u00e3o das pesquisas da Emepa-GU, deu testemunho sobre os excelentes resultados at\u00e9 agora obtidos com os experimentos realizados em sua propriedade. O evento serviu para demonstrar a viabilidade econ\u00f4mica, social e ambiental do sistema agroecol\u00f3gico em hortali\u00e7as. Adalberto trabalha em dois hectares, empregando 36 pessoas entre familiares e vizinhos, permanentes e diaristas. \u201cNosso prop\u00f3sito \u00e9 obter produtos agr\u00edcolas dentro dos padr\u00f5es exigidos pelo mercado, apesar da cont\u00ednua explora\u00e7\u00e3o da \u00e1rea\u201d, comentou. Consumidor pode colher Os produtos s\u00e3o comercializados nas feiras agroecol\u00f3gicas familiar de Lagoa Seca e Campina Grande, al\u00e9m da comercializa\u00e7\u00e3o vinculada ao PAA e PNAE e diretamente ao consumidor no pr\u00f3prio local, podendo este fazer a pr\u00f3pria colheita de suas hortali\u00e7as. O agricultor tem alcan\u00e7ado sucesso nas suas terras, porque segue rigorosamente as orienta\u00e7\u00f5es dos t\u00e9cnicos, no sentido de manter o equil\u00edbrio agroecol\u00f3gico do sistema. Seu pomar \u00e9 utilizado para a realiza\u00e7\u00e3o de oficina e dias especiais sobre os m\u00e9todos de trabalho. com Portal Correio<\/p>\n","protected":false},"author":2,"featured_media":2812,"comment_status":"closed","ping_status":"open","sticky":false,"template":"","format":"standard","meta":{"_eb_attr":"","_jetpack_memberships_contains_paid_content":false,"footnotes":""},"categories":[11],"tags":[],"class_list":["post-2811","post","type-post","status-publish","format-standard","has-post-thumbnail","hentry","category-economia"],"yoast_head":"<!-- This site is optimized with the Yoast SEO plugin v26.5 - https:\/\/yoast.com\/wordpress\/plugins\/seo\/ -->\n<title>T\u00e9cnicas de plantio e adubagem melhoram vida e renda de pequenos produtores - Not&iacute;cias em Destaque<\/title>\n<meta name=\"robots\" content=\"index, follow, max-snippet:-1, max-image-preview:large, max-video-preview:-1\" \/>\n<link rel=\"canonical\" href=\"https:\/\/noticiasemdestaque.com\/cd\/?p=2811\" \/>\n<meta property=\"og:locale\" content=\"pt_BR\" \/>\n<meta property=\"og:type\" content=\"article\" \/>\n<meta property=\"og:title\" content=\"T\u00e9cnicas de plantio e adubagem melhoram vida e renda de pequenos produtores - Not&iacute;cias em Destaque\" \/>\n<meta property=\"og:description\" content=\"Pequenos produtores de citros e hortali\u00e7as da regi\u00e3o de Lagoa Seca, Agreste paraibano, foram orientados em como melhor vida e renda a partir da execu\u00e7\u00e3o de t\u00e9cnicas de plantio, adubagem e comercializa\u00e7\u00e3o de produtos. Setenta pequenos agricultores participaram recentemente do \u2018Dia Especial do Manejo Agroecol\u00f3gico\u2019, promovido pela Emepa, Interpa e Emater. As atividades aconteceram na Esta\u00e7\u00e3o Experimental e no S\u00edtio Pau Ferro. Durante o evento os agricultores puderam avaliar resultados alcan\u00e7ados com uso do p\u00f3 de rocha MB4 como fonte alternativa de fertilizante e o correto uso do solo. Segundo a coordenadora do projeto, a pesquisadora Ivonete Berto Menino, a agricultura agroecol\u00f3gica visa, entre outros fatores, a produ\u00e7\u00e3o de alimentos livres de insumos industrializados e, para isso, busca um manejo adequado do solo, com diversidade de culturas, controle de pragas pelo pr\u00f3prio cultivo e per\u00edodos para descanso da terra, a fim de que ela se refa\u00e7a em termos de equil\u00edbrio biol\u00f3gico e nutricional. O pesquisador da Emepa Ivanildo Cavalcanti de Albuquerque explicou e demonstrou tecnologias que permitem o cultivo agroecol\u00f3gico do citros no agreste. Ele ressaltou a import\u00e2ncia da qualidade das mudas de laranja e detalhou aspectos sobre a sele\u00e7\u00e3o da variedade copa e porta-enxerto, escolha da \u00e1rea e fertilidade do solo, lembrando os cuidados com a pr\u00e1tica do plantio e tutoramento, aduba\u00e7\u00e3o verde, usando p\u00f3 de rocha e compostos org\u00e2nicos, e cobertura morta. Tamb\u00e9m destacou a poda, identifica\u00e7\u00e3o, combate e manejo de pragas e doen\u00e7as, defensivos org\u00e2nicos, produ\u00e7\u00e3o\/raleamento dos frutos. A pesquisadora Ivonete Berto Menino lembrou que na regi\u00e3o do Agreste, em especial o munic\u00edpio de Matinhas, o maior produtor de citros do estado, \u00e9 fundamental incentivar o cultivo agroecol\u00f3gico e manejo adequado para proporcionar alimentos saud\u00e1veis e o desenvolvimento da cadeia produtiva. Outro momento do dia especial foi dedicado \u00e0 produ\u00e7\u00e3o de hortali\u00e7as, com palestras dos pesquisadores Luciano de Medeiros Pereira e Jo\u00e3o Felinto dos Santos, da Unidade de Valida\u00e7\u00e3o Tecnol\u00f3gica do S\u00edtio Pau Ferro, localizada no distrito de Alvinho, em Lagoa Seca. Foram apresentados os resultados de pesquisas na escolha das culturas, as esp\u00e9cies de acordo com o sistema e o mercado, aquisi\u00e7\u00e3o de sementes, escolha e preparo da \u00e1rea, aduba\u00e7\u00e3o com p\u00f3 de rocha, aduba\u00e7\u00e3o org\u00e2nica, aduba\u00e7\u00e3o verde, mucana preta e feij\u00e3o-de-porco. Tamb\u00e9m com o uso de biofertilizantes, produ\u00e7\u00e3o de mudas em bandejas, o controle alternativo de pragas e doen\u00e7as e, por fim, o sistema de irriga\u00e7\u00e3o por meio de painel solar fotovolt\u00e1ico. Entre outros assuntos, discutiram a comercializa\u00e7\u00e3o, com venda aos restaurantes, diretamente \u00e0s fam\u00edlias e por meio do Programa de Aquisi\u00e7\u00e3o de Alimentos (PAA) e Programa Nacional de Alimenta\u00e7\u00e3o Escolar (PNAE). O agricultor Adalberto Alves de Oliveira, que h\u00e1 tr\u00eas anos disponibiliza seu im\u00f3vel rural para a realiza\u00e7\u00e3o das pesquisas da Emepa-GU, deu testemunho sobre os excelentes resultados at\u00e9 agora obtidos com os experimentos realizados em sua propriedade. O evento serviu para demonstrar a viabilidade econ\u00f4mica, social e ambiental do sistema agroecol\u00f3gico em hortali\u00e7as. Adalberto trabalha em dois hectares, empregando 36 pessoas entre familiares e vizinhos, permanentes e diaristas. \u201cNosso prop\u00f3sito \u00e9 obter produtos agr\u00edcolas dentro dos padr\u00f5es exigidos pelo mercado, apesar da cont\u00ednua explora\u00e7\u00e3o da \u00e1rea\u201d, comentou. Consumidor pode colher Os produtos s\u00e3o comercializados nas feiras agroecol\u00f3gicas familiar de Lagoa Seca e Campina Grande, al\u00e9m da comercializa\u00e7\u00e3o vinculada ao PAA e PNAE e diretamente ao consumidor no pr\u00f3prio local, podendo este fazer a pr\u00f3pria colheita de suas hortali\u00e7as. O agricultor tem alcan\u00e7ado sucesso nas suas terras, porque segue rigorosamente as orienta\u00e7\u00f5es dos t\u00e9cnicos, no sentido de manter o equil\u00edbrio agroecol\u00f3gico do sistema. Seu pomar \u00e9 utilizado para a realiza\u00e7\u00e3o de oficina e dias especiais sobre os m\u00e9todos de trabalho. com Portal Correio\" \/>\n<meta property=\"og:url\" content=\"https:\/\/noticiasemdestaque.com\/cd\/?p=2811\" \/>\n<meta property=\"og:site_name\" content=\"Not&iacute;cias em Destaque\" \/>\n<meta property=\"article:published_time\" content=\"2017-08-08T10:50:48+00:00\" \/>\n<meta property=\"og:image\" content=\"https:\/\/noticiasemdestaque.com\/cd\/wp-content\/uploads\/2017\/08\/17722336280003622710000.jpg\" \/>\n\t<meta property=\"og:image:width\" content=\"434\" \/>\n\t<meta property=\"og:image:height\" content=\"325\" \/>\n\t<meta property=\"og:image:type\" content=\"image\/jpeg\" \/>\n<meta name=\"author\" content=\"Not\u00edcias em Destaque\" \/>\n<meta name=\"twitter:card\" content=\"summary_large_image\" \/>\n<meta name=\"twitter:label1\" content=\"Escrito por\" \/>\n\t<meta name=\"twitter:data1\" content=\"Not\u00edcias em Destaque\" \/>\n\t<meta name=\"twitter:label2\" content=\"Est. tempo de leitura\" \/>\n\t<meta name=\"twitter:data2\" content=\"3 minutos\" \/>\n<script type=\"application\/ld+json\" class=\"yoast-schema-graph\">{\"@context\":\"https:\/\/schema.org\",\"@graph\":[{\"@type\":\"Article\",\"@id\":\"https:\/\/noticiasemdestaque.com\/cd\/?p=2811#article\",\"isPartOf\":{\"@id\":\"https:\/\/noticiasemdestaque.com\/cd\/?p=2811\"},\"author\":{\"name\":\"Not\u00edcias em Destaque\",\"@id\":\"https:\/\/noticiasemdestaque.com\/cd\/#\/schema\/person\/4a81fb71f77579d059c3045891fa1786\"},\"headline\":\"T\u00e9cnicas de plantio e adubagem melhoram vida e renda de pequenos produtores\",\"datePublished\":\"2017-08-08T10:50:48+00:00\",\"mainEntityOfPage\":{\"@id\":\"https:\/\/noticiasemdestaque.com\/cd\/?p=2811\"},\"wordCount\":686,\"publisher\":{\"@id\":\"https:\/\/noticiasemdestaque.com\/cd\/#organization\"},\"image\":{\"@id\":\"https:\/\/noticiasemdestaque.com\/cd\/?p=2811#primaryimage\"},\"thumbnailUrl\":\"https:\/\/noticiasemdestaque.com\/cd\/wp-content\/uploads\/2017\/08\/17722336280003622710000.jpg\",\"articleSection\":[\"Economia\"],\"inLanguage\":\"pt-BR\"},{\"@type\":\"WebPage\",\"@id\":\"https:\/\/noticiasemdestaque.com\/cd\/?p=2811\",\"url\":\"https:\/\/noticiasemdestaque.com\/cd\/?p=2811\",\"name\":\"T\u00e9cnicas de plantio e adubagem melhoram vida e renda de pequenos produtores - Not&iacute;cias em Destaque\",\"isPartOf\":{\"@id\":\"https:\/\/noticiasemdestaque.com\/cd\/#website\"},\"primaryImageOfPage\":{\"@id\":\"https:\/\/noticiasemdestaque.com\/cd\/?p=2811#primaryimage\"},\"image\":{\"@id\":\"https:\/\/noticiasemdestaque.com\/cd\/?p=2811#primaryimage\"},\"thumbnailUrl\":\"https:\/\/noticiasemdestaque.com\/cd\/wp-content\/uploads\/2017\/08\/17722336280003622710000.jpg\",\"datePublished\":\"2017-08-08T10:50:48+00:00\",\"breadcrumb\":{\"@id\":\"https:\/\/noticiasemdestaque.com\/cd\/?p=2811#breadcrumb\"},\"inLanguage\":\"pt-BR\",\"potentialAction\":[{\"@type\":\"ReadAction\",\"target\":[\"https:\/\/noticiasemdestaque.com\/cd\/?p=2811\"]}]},{\"@type\":\"ImageObject\",\"inLanguage\":\"pt-BR\",\"@id\":\"https:\/\/noticiasemdestaque.com\/cd\/?p=2811#primaryimage\",\"url\":\"https:\/\/noticiasemdestaque.com\/cd\/wp-content\/uploads\/2017\/08\/17722336280003622710000.jpg\",\"contentUrl\":\"https:\/\/noticiasemdestaque.com\/cd\/wp-content\/uploads\/2017\/08\/17722336280003622710000.jpg\",\"width\":434,\"height\":325},{\"@type\":\"BreadcrumbList\",\"@id\":\"https:\/\/noticiasemdestaque.com\/cd\/?p=2811#breadcrumb\",\"itemListElement\":[{\"@type\":\"ListItem\",\"position\":1,\"name\":\"In\u00edcio\",\"item\":\"https:\/\/noticiasemdestaque.com\/cd\/\"},{\"@type\":\"ListItem\",\"position\":2,\"name\":\"T\u00e9cnicas de plantio e adubagem melhoram vida e renda de pequenos produtores\"}]},{\"@type\":\"WebSite\",\"@id\":\"https:\/\/noticiasemdestaque.com\/cd\/#website\",\"url\":\"https:\/\/noticiasemdestaque.com\/cd\/\",\"name\":\"Not&iacute;cias em Destaque\",\"description\":\"\",\"publisher\":{\"@id\":\"https:\/\/noticiasemdestaque.com\/cd\/#organization\"},\"potentialAction\":[{\"@type\":\"SearchAction\",\"target\":{\"@type\":\"EntryPoint\",\"urlTemplate\":\"https:\/\/noticiasemdestaque.com\/cd\/?s={search_term_string}\"},\"query-input\":{\"@type\":\"PropertyValueSpecification\",\"valueRequired\":true,\"valueName\":\"search_term_string\"}}],\"inLanguage\":\"pt-BR\"},{\"@type\":\"Organization\",\"@id\":\"https:\/\/noticiasemdestaque.com\/cd\/#organization\",\"name\":\"Not\u00edcias em Destaque\",\"url\":\"https:\/\/noticiasemdestaque.com\/cd\/\",\"logo\":{\"@type\":\"ImageObject\",\"inLanguage\":\"pt-BR\",\"@id\":\"https:\/\/noticiasemdestaque.com\/cd\/#\/schema\/logo\/image\/\",\"url\":\"https:\/\/noticiasemdestaque.com\/cd\/wp-content\/uploads\/2022\/05\/imagem-base-noticiasemdestaque.png\",\"contentUrl\":\"https:\/\/noticiasemdestaque.com\/cd\/wp-content\/uploads\/2022\/05\/imagem-base-noticiasemdestaque.png\",\"width\":1200,\"height\":630,\"caption\":\"Not\u00edcias em Destaque\"},\"image\":{\"@id\":\"https:\/\/noticiasemdestaque.com\/cd\/#\/schema\/logo\/image\/\"}},{\"@type\":\"Person\",\"@id\":\"https:\/\/noticiasemdestaque.com\/cd\/#\/schema\/person\/4a81fb71f77579d059c3045891fa1786\",\"name\":\"Not\u00edcias em Destaque\",\"url\":\"https:\/\/noticiasemdestaque.com\/cd\/?author=2\"}]}<\/script>\n<!-- \/ Yoast SEO plugin. -->","yoast_head_json":{"title":"T\u00e9cnicas de plantio e adubagem melhoram vida e renda de pequenos produtores - Not&iacute;cias em Destaque","robots":{"index":"index","follow":"follow","max-snippet":"max-snippet:-1","max-image-preview":"max-image-preview:large","max-video-preview":"max-video-preview:-1"},"canonical":"https:\/\/noticiasemdestaque.com\/cd\/?p=2811","og_locale":"pt_BR","og_type":"article","og_title":"T\u00e9cnicas de plantio e adubagem melhoram vida e renda de pequenos produtores - Not&iacute;cias em Destaque","og_description":"Pequenos produtores de citros e hortali\u00e7as da regi\u00e3o de Lagoa Seca, Agreste paraibano, foram orientados em como melhor vida e renda a partir da execu\u00e7\u00e3o de t\u00e9cnicas de plantio, adubagem e comercializa\u00e7\u00e3o de produtos. Setenta pequenos agricultores participaram recentemente do \u2018Dia Especial do Manejo Agroecol\u00f3gico\u2019, promovido pela Emepa, Interpa e Emater. As atividades aconteceram na Esta\u00e7\u00e3o Experimental e no S\u00edtio Pau Ferro. Durante o evento os agricultores puderam avaliar resultados alcan\u00e7ados com uso do p\u00f3 de rocha MB4 como fonte alternativa de fertilizante e o correto uso do solo. Segundo a coordenadora do projeto, a pesquisadora Ivonete Berto Menino, a agricultura agroecol\u00f3gica visa, entre outros fatores, a produ\u00e7\u00e3o de alimentos livres de insumos industrializados e, para isso, busca um manejo adequado do solo, com diversidade de culturas, controle de pragas pelo pr\u00f3prio cultivo e per\u00edodos para descanso da terra, a fim de que ela se refa\u00e7a em termos de equil\u00edbrio biol\u00f3gico e nutricional. O pesquisador da Emepa Ivanildo Cavalcanti de Albuquerque explicou e demonstrou tecnologias que permitem o cultivo agroecol\u00f3gico do citros no agreste. Ele ressaltou a import\u00e2ncia da qualidade das mudas de laranja e detalhou aspectos sobre a sele\u00e7\u00e3o da variedade copa e porta-enxerto, escolha da \u00e1rea e fertilidade do solo, lembrando os cuidados com a pr\u00e1tica do plantio e tutoramento, aduba\u00e7\u00e3o verde, usando p\u00f3 de rocha e compostos org\u00e2nicos, e cobertura morta. Tamb\u00e9m destacou a poda, identifica\u00e7\u00e3o, combate e manejo de pragas e doen\u00e7as, defensivos org\u00e2nicos, produ\u00e7\u00e3o\/raleamento dos frutos. A pesquisadora Ivonete Berto Menino lembrou que na regi\u00e3o do Agreste, em especial o munic\u00edpio de Matinhas, o maior produtor de citros do estado, \u00e9 fundamental incentivar o cultivo agroecol\u00f3gico e manejo adequado para proporcionar alimentos saud\u00e1veis e o desenvolvimento da cadeia produtiva. Outro momento do dia especial foi dedicado \u00e0 produ\u00e7\u00e3o de hortali\u00e7as, com palestras dos pesquisadores Luciano de Medeiros Pereira e Jo\u00e3o Felinto dos Santos, da Unidade de Valida\u00e7\u00e3o Tecnol\u00f3gica do S\u00edtio Pau Ferro, localizada no distrito de Alvinho, em Lagoa Seca. Foram apresentados os resultados de pesquisas na escolha das culturas, as esp\u00e9cies de acordo com o sistema e o mercado, aquisi\u00e7\u00e3o de sementes, escolha e preparo da \u00e1rea, aduba\u00e7\u00e3o com p\u00f3 de rocha, aduba\u00e7\u00e3o org\u00e2nica, aduba\u00e7\u00e3o verde, mucana preta e feij\u00e3o-de-porco. Tamb\u00e9m com o uso de biofertilizantes, produ\u00e7\u00e3o de mudas em bandejas, o controle alternativo de pragas e doen\u00e7as e, por fim, o sistema de irriga\u00e7\u00e3o por meio de painel solar fotovolt\u00e1ico. Entre outros assuntos, discutiram a comercializa\u00e7\u00e3o, com venda aos restaurantes, diretamente \u00e0s fam\u00edlias e por meio do Programa de Aquisi\u00e7\u00e3o de Alimentos (PAA) e Programa Nacional de Alimenta\u00e7\u00e3o Escolar (PNAE). O agricultor Adalberto Alves de Oliveira, que h\u00e1 tr\u00eas anos disponibiliza seu im\u00f3vel rural para a realiza\u00e7\u00e3o das pesquisas da Emepa-GU, deu testemunho sobre os excelentes resultados at\u00e9 agora obtidos com os experimentos realizados em sua propriedade. O evento serviu para demonstrar a viabilidade econ\u00f4mica, social e ambiental do sistema agroecol\u00f3gico em hortali\u00e7as. Adalberto trabalha em dois hectares, empregando 36 pessoas entre familiares e vizinhos, permanentes e diaristas. \u201cNosso prop\u00f3sito \u00e9 obter produtos agr\u00edcolas dentro dos padr\u00f5es exigidos pelo mercado, apesar da cont\u00ednua explora\u00e7\u00e3o da \u00e1rea\u201d, comentou. Consumidor pode colher Os produtos s\u00e3o comercializados nas feiras agroecol\u00f3gicas familiar de Lagoa Seca e Campina Grande, al\u00e9m da comercializa\u00e7\u00e3o vinculada ao PAA e PNAE e diretamente ao consumidor no pr\u00f3prio local, podendo este fazer a pr\u00f3pria colheita de suas hortali\u00e7as. O agricultor tem alcan\u00e7ado sucesso nas suas terras, porque segue rigorosamente as orienta\u00e7\u00f5es dos t\u00e9cnicos, no sentido de manter o equil\u00edbrio agroecol\u00f3gico do sistema. Seu pomar \u00e9 utilizado para a realiza\u00e7\u00e3o de oficina e dias especiais sobre os m\u00e9todos de trabalho. com Portal Correio","og_url":"https:\/\/noticiasemdestaque.com\/cd\/?p=2811","og_site_name":"Not&iacute;cias em Destaque","article_published_time":"2017-08-08T10:50:48+00:00","og_image":[{"width":434,"height":325,"url":"https:\/\/noticiasemdestaque.com\/cd\/wp-content\/uploads\/2017\/08\/17722336280003622710000.jpg","type":"image\/jpeg"}],"author":"Not\u00edcias em Destaque","twitter_card":"summary_large_image","twitter_misc":{"Escrito por":"Not\u00edcias em Destaque","Est. tempo de leitura":"3 minutos"},"schema":{"@context":"https:\/\/schema.org","@graph":[{"@type":"Article","@id":"https:\/\/noticiasemdestaque.com\/cd\/?p=2811#article","isPartOf":{"@id":"https:\/\/noticiasemdestaque.com\/cd\/?p=2811"},"author":{"name":"Not\u00edcias em Destaque","@id":"https:\/\/noticiasemdestaque.com\/cd\/#\/schema\/person\/4a81fb71f77579d059c3045891fa1786"},"headline":"T\u00e9cnicas de plantio e adubagem melhoram vida e renda de pequenos produtores","datePublished":"2017-08-08T10:50:48+00:00","mainEntityOfPage":{"@id":"https:\/\/noticiasemdestaque.com\/cd\/?p=2811"},"wordCount":686,"publisher":{"@id":"https:\/\/noticiasemdestaque.com\/cd\/#organization"},"image":{"@id":"https:\/\/noticiasemdestaque.com\/cd\/?p=2811#primaryimage"},"thumbnailUrl":"https:\/\/noticiasemdestaque.com\/cd\/wp-content\/uploads\/2017\/08\/17722336280003622710000.jpg","articleSection":["Economia"],"inLanguage":"pt-BR"},{"@type":"WebPage","@id":"https:\/\/noticiasemdestaque.com\/cd\/?p=2811","url":"https:\/\/noticiasemdestaque.com\/cd\/?p=2811","name":"T\u00e9cnicas de plantio e adubagem melhoram vida e renda de pequenos produtores - Not&iacute;cias em Destaque","isPartOf":{"@id":"https:\/\/noticiasemdestaque.com\/cd\/#website"},"primaryImageOfPage":{"@id":"https:\/\/noticiasemdestaque.com\/cd\/?p=2811#primaryimage"},"image":{"@id":"https:\/\/noticiasemdestaque.com\/cd\/?p=2811#primaryimage"},"thumbnailUrl":"https:\/\/noticiasemdestaque.com\/cd\/wp-content\/uploads\/2017\/08\/17722336280003622710000.jpg","datePublished":"2017-08-08T10:50:48+00:00","breadcrumb":{"@id":"https:\/\/noticiasemdestaque.com\/cd\/?p=2811#breadcrumb"},"inLanguage":"pt-BR","potentialAction":[{"@type":"ReadAction","target":["https:\/\/noticiasemdestaque.com\/cd\/?p=2811"]}]},{"@type":"ImageObject","inLanguage":"pt-BR","@id":"https:\/\/noticiasemdestaque.com\/cd\/?p=2811#primaryimage","url":"https:\/\/noticiasemdestaque.com\/cd\/wp-content\/uploads\/2017\/08\/17722336280003622710000.jpg","contentUrl":"https:\/\/noticiasemdestaque.com\/cd\/wp-content\/uploads\/2017\/08\/17722336280003622710000.jpg","width":434,"height":325},{"@type":"BreadcrumbList","@id":"https:\/\/noticiasemdestaque.com\/cd\/?p=2811#breadcrumb","itemListElement":[{"@type":"ListItem","position":1,"name":"In\u00edcio","item":"https:\/\/noticiasemdestaque.com\/cd\/"},{"@type":"ListItem","position":2,"name":"T\u00e9cnicas de plantio e adubagem melhoram vida e renda de pequenos produtores"}]},{"@type":"WebSite","@id":"https:\/\/noticiasemdestaque.com\/cd\/#website","url":"https:\/\/noticiasemdestaque.com\/cd\/","name":"Not&iacute;cias em Destaque","description":"","publisher":{"@id":"https:\/\/noticiasemdestaque.com\/cd\/#organization"},"potentialAction":[{"@type":"SearchAction","target":{"@type":"EntryPoint","urlTemplate":"https:\/\/noticiasemdestaque.com\/cd\/?s={search_term_string}"},"query-input":{"@type":"PropertyValueSpecification","valueRequired":true,"valueName":"search_term_string"}}],"inLanguage":"pt-BR"},{"@type":"Organization","@id":"https:\/\/noticiasemdestaque.com\/cd\/#organization","name":"Not\u00edcias em Destaque","url":"https:\/\/noticiasemdestaque.com\/cd\/","logo":{"@type":"ImageObject","inLanguage":"pt-BR","@id":"https:\/\/noticiasemdestaque.com\/cd\/#\/schema\/logo\/image\/","url":"https:\/\/noticiasemdestaque.com\/cd\/wp-content\/uploads\/2022\/05\/imagem-base-noticiasemdestaque.png","contentUrl":"https:\/\/noticiasemdestaque.com\/cd\/wp-content\/uploads\/2022\/05\/imagem-base-noticiasemdestaque.png","width":1200,"height":630,"caption":"Not\u00edcias em Destaque"},"image":{"@id":"https:\/\/noticiasemdestaque.com\/cd\/#\/schema\/logo\/image\/"}},{"@type":"Person","@id":"https:\/\/noticiasemdestaque.com\/cd\/#\/schema\/person\/4a81fb71f77579d059c3045891fa1786","name":"Not\u00edcias em Destaque","url":"https:\/\/noticiasemdestaque.com\/cd\/?author=2"}]}},"jetpack_featured_media_url":"https:\/\/noticiasemdestaque.com\/cd\/wp-content\/uploads\/2017\/08\/17722336280003622710000.jpg","jetpack_sharing_enabled":true,"_links":{"self":[{"href":"https:\/\/noticiasemdestaque.com\/cd\/index.php?rest_route=\/wp\/v2\/posts\/2811","targetHints":{"allow":["GET"]}}],"collection":[{"href":"https:\/\/noticiasemdestaque.com\/cd\/index.php?rest_route=\/wp\/v2\/posts"}],"about":[{"href":"https:\/\/noticiasemdestaque.com\/cd\/index.php?rest_route=\/wp\/v2\/types\/post"}],"author":[{"embeddable":true,"href":"https:\/\/noticiasemdestaque.com\/cd\/index.php?rest_route=\/wp\/v2\/users\/2"}],"replies":[{"embeddable":true,"href":"https:\/\/noticiasemdestaque.com\/cd\/index.php?rest_route=%2Fwp%2Fv2%2Fcomments&post=2811"}],"version-history":[{"count":1,"href":"https:\/\/noticiasemdestaque.com\/cd\/index.php?rest_route=\/wp\/v2\/posts\/2811\/revisions"}],"predecessor-version":[{"id":2813,"href":"https:\/\/noticiasemdestaque.com\/cd\/index.php?rest_route=\/wp\/v2\/posts\/2811\/revisions\/2813"}],"wp:featuredmedia":[{"embeddable":true,"href":"https:\/\/noticiasemdestaque.com\/cd\/index.php?rest_route=\/wp\/v2\/media\/2812"}],"wp:attachment":[{"href":"https:\/\/noticiasemdestaque.com\/cd\/index.php?rest_route=%2Fwp%2Fv2%2Fmedia&parent=2811"}],"wp:term":[{"taxonomy":"category","embeddable":true,"href":"https:\/\/noticiasemdestaque.com\/cd\/index.php?rest_route=%2Fwp%2Fv2%2Fcategories&post=2811"},{"taxonomy":"post_tag","embeddable":true,"href":"https:\/\/noticiasemdestaque.com\/cd\/index.php?rest_route=%2Fwp%2Fv2%2Ftags&post=2811"}],"curies":[{"name":"wp","href":"https:\/\/api.w.org\/{rel}","templated":true}]}}