{"id":2802,"date":"2017-08-08T07:29:37","date_gmt":"2017-08-08T10:29:37","guid":{"rendered":"http:\/\/caririemdestaque.com\/cd\/?p=2802"},"modified":"2017-08-08T07:29:37","modified_gmt":"2017-08-08T10:29:37","slug":"pronatec-tem-575-mil-vagas-em-cursos-de-qualificacao-saiba-como-se-inscrever","status":"publish","type":"post","link":"https:\/\/noticiasemdestaque.com\/cd\/?p=2802","title":{"rendered":"Pronatec tem 575 mil vagas em cursos de qualifica\u00e7\u00e3o; saiba como se inscrever"},"content":{"rendered":"<p><a href=\"http:\/\/caririemdestaque.com\/cd\/wp-content\/uploads\/2017\/08\/17756036280003622710000.jpg\"><img fetchpriority=\"high\" decoding=\"async\" class=\"size-medium wp-image-2803 alignleft\" src=\"http:\/\/caririemdestaque.com\/cd\/wp-content\/uploads\/2017\/08\/17756036280003622710000-300x225.jpg\" alt=\"\" width=\"300\" height=\"225\" srcset=\"https:\/\/noticiasemdestaque.com\/cd\/wp-content\/uploads\/2017\/08\/17756036280003622710000-300x225.jpg 300w, https:\/\/noticiasemdestaque.com\/cd\/wp-content\/uploads\/2017\/08\/17756036280003622710000.jpg 362w\" sizes=\"(max-width: 300px) 100vw, 300px\" \/><\/a>O Programa Nacional de Acesso ao Ensino T\u00e9cnico e Emprego, o Pronatec, est\u00e1 com inscri\u00e7\u00f5es abertas at\u00e9 o dia 18 de agosto. S\u00e3o 575 mil vagas gratuitas em cursos de Forma\u00e7\u00e3o Inicial e Continuada e qualifica\u00e7\u00e3o profissional a dist\u00e2ncia. Al\u00e9m disso, ser\u00e3o ofertadas tamb\u00e9m cerca de 1,6 mil outras vagas na modalidade presencial. As inscri\u00e7\u00f5es podem ser feitas neste link e as aulas come\u00e7am a partir do dia 28 de agosto.<\/p>\n<p>O programador Mateus Avelar fez um curso t\u00e9cnico de gra\u00e7a, com dura\u00e7\u00e3o de um ano, pelo Pronatec, na \u00e1rea de desenvolvimento de jogos digitais e conta o que aprendeu.<\/p>\n<p>&#8220;Al\u00e9m das t\u00e9cnicas de desenvolvimento de jogos, como programa\u00e7\u00e3o e modelagem, cria\u00e7\u00e3o de personagem, ele me deu conhecimento t\u00e9cnico para descobrir a \u00e1rea da programa\u00e7\u00e3o em si, do desenvolvimento&#8221;, disse Mateus.<\/p>\n<p>O diretor de Educa\u00e7\u00e3o Profissional e Tecnol\u00f3gica do Minist\u00e9rio da Educa\u00e7\u00e3o, Geraldo Andrade, explica quem pode se candidatar:<\/p>\n<p>&#8220;Qualquer cidad\u00e3o brasileiro, seja ele em faixa et\u00e1ria estudantil, a partir dos 16 anos, ou at\u00e9 adulto que j\u00e1 esteja no mercado de trabalho ou desempregado pode se candidatar para ter este tipo de oferta em sua localidade&#8221;, indicou.<\/p>\n<p>H\u00e1 cursos direcionados para as \u00e1reas de Constru\u00e7\u00e3o Civil, Inform\u00e1tica, Administra\u00e7\u00e3o e Sa\u00fade e ser\u00e3o ofertados por cerca de 40 institui\u00e7\u00f5es privadas de educa\u00e7\u00e3o profissional e tecnol\u00f3gica.<\/p>\n","protected":false},"excerpt":{"rendered":"<p>O Programa Nacional de Acesso ao Ensino T\u00e9cnico e Emprego, o Pronatec, est\u00e1 com inscri\u00e7\u00f5es abertas at\u00e9 o dia 18 de agosto. S\u00e3o 575 mil vagas gratuitas em cursos de Forma\u00e7\u00e3o Inicial e Continuada e qualifica\u00e7\u00e3o profissional a dist\u00e2ncia. Al\u00e9m disso, ser\u00e3o ofertadas tamb\u00e9m cerca de 1,6 mil outras vagas na modalidade presencial. As inscri\u00e7\u00f5es podem ser feitas neste link e as aulas come\u00e7am a partir do dia 28 de agosto. O programador Mateus Avelar fez um curso t\u00e9cnico de gra\u00e7a, com dura\u00e7\u00e3o de um ano, pelo Pronatec, na \u00e1rea de desenvolvimento de jogos digitais e conta o que aprendeu. &#8220;Al\u00e9m das t\u00e9cnicas de desenvolvimento de jogos, como programa\u00e7\u00e3o e modelagem, cria\u00e7\u00e3o de personagem, ele me deu conhecimento t\u00e9cnico para descobrir a \u00e1rea da programa\u00e7\u00e3o em si, do desenvolvimento&#8221;, disse Mateus. O diretor de Educa\u00e7\u00e3o Profissional e Tecnol\u00f3gica do Minist\u00e9rio da Educa\u00e7\u00e3o, Geraldo Andrade, explica quem pode se candidatar: &#8220;Qualquer cidad\u00e3o brasileiro, seja ele em faixa et\u00e1ria estudantil, a partir dos 16 anos, ou at\u00e9 adulto que j\u00e1 esteja no mercado de trabalho ou desempregado pode se candidatar para ter este tipo de oferta em sua localidade&#8221;, indicou. H\u00e1 cursos direcionados para as \u00e1reas de Constru\u00e7\u00e3o Civil, Inform\u00e1tica, Administra\u00e7\u00e3o e Sa\u00fade e ser\u00e3o ofertados por cerca de 40 institui\u00e7\u00f5es privadas de educa\u00e7\u00e3o profissional e tecnol\u00f3gica.<\/p>\n","protected":false},"author":2,"featured_media":2803,"comment_status":"closed","ping_status":"open","sticky":false,"template":"","format":"standard","meta":{"_eb_attr":"","_jetpack_memberships_contains_paid_content":false,"footnotes":""},"categories":[6],"tags":[],"class_list":["post-2802","post","type-post","status-publish","format-standard","has-post-thumbnail","hentry","category-educacao"],"yoast_head":"<!-- This site is optimized with the Yoast SEO plugin v26.5 - https:\/\/yoast.com\/wordpress\/plugins\/seo\/ -->\n<title>Pronatec tem 575 mil vagas em cursos de qualifica\u00e7\u00e3o; saiba como se inscrever - Not&iacute;cias em Destaque<\/title>\n<meta name=\"robots\" content=\"index, follow, max-snippet:-1, max-image-preview:large, max-video-preview:-1\" \/>\n<link rel=\"canonical\" href=\"https:\/\/noticiasemdestaque.com\/cd\/?p=2802\" \/>\n<meta property=\"og:locale\" content=\"pt_BR\" \/>\n<meta property=\"og:type\" content=\"article\" \/>\n<meta property=\"og:title\" content=\"Pronatec tem 575 mil vagas em cursos de qualifica\u00e7\u00e3o; saiba como se inscrever - Not&iacute;cias em Destaque\" \/>\n<meta property=\"og:description\" content=\"O Programa Nacional de Acesso ao Ensino T\u00e9cnico e Emprego, o Pronatec, est\u00e1 com inscri\u00e7\u00f5es abertas at\u00e9 o dia 18 de agosto. S\u00e3o 575 mil vagas gratuitas em cursos de Forma\u00e7\u00e3o Inicial e Continuada e qualifica\u00e7\u00e3o profissional a dist\u00e2ncia. Al\u00e9m disso, ser\u00e3o ofertadas tamb\u00e9m cerca de 1,6 mil outras vagas na modalidade presencial. As inscri\u00e7\u00f5es podem ser feitas neste link e as aulas come\u00e7am a partir do dia 28 de agosto. O programador Mateus Avelar fez um curso t\u00e9cnico de gra\u00e7a, com dura\u00e7\u00e3o de um ano, pelo Pronatec, na \u00e1rea de desenvolvimento de jogos digitais e conta o que aprendeu. &#8220;Al\u00e9m das t\u00e9cnicas de desenvolvimento de jogos, como programa\u00e7\u00e3o e modelagem, cria\u00e7\u00e3o de personagem, ele me deu conhecimento t\u00e9cnico para descobrir a \u00e1rea da programa\u00e7\u00e3o em si, do desenvolvimento&#8221;, disse Mateus. O diretor de Educa\u00e7\u00e3o Profissional e Tecnol\u00f3gica do Minist\u00e9rio da Educa\u00e7\u00e3o, Geraldo Andrade, explica quem pode se candidatar: &#8220;Qualquer cidad\u00e3o brasileiro, seja ele em faixa et\u00e1ria estudantil, a partir dos 16 anos, ou at\u00e9 adulto que j\u00e1 esteja no mercado de trabalho ou desempregado pode se candidatar para ter este tipo de oferta em sua localidade&#8221;, indicou. H\u00e1 cursos direcionados para as \u00e1reas de Constru\u00e7\u00e3o Civil, Inform\u00e1tica, Administra\u00e7\u00e3o e Sa\u00fade e ser\u00e3o ofertados por cerca de 40 institui\u00e7\u00f5es privadas de educa\u00e7\u00e3o profissional e tecnol\u00f3gica.\" \/>\n<meta property=\"og:url\" content=\"https:\/\/noticiasemdestaque.com\/cd\/?p=2802\" \/>\n<meta property=\"og:site_name\" content=\"Not&iacute;cias em Destaque\" \/>\n<meta property=\"article:published_time\" content=\"2017-08-08T10:29:37+00:00\" \/>\n<meta property=\"og:image\" content=\"https:\/\/noticiasemdestaque.com\/cd\/wp-content\/uploads\/2017\/08\/17756036280003622710000.jpg\" \/>\n\t<meta property=\"og:image:width\" content=\"362\" \/>\n\t<meta property=\"og:image:height\" content=\"271\" \/>\n\t<meta property=\"og:image:type\" content=\"image\/jpeg\" \/>\n<meta name=\"author\" content=\"Not\u00edcias em Destaque\" \/>\n<meta name=\"twitter:card\" content=\"summary_large_image\" \/>\n<meta name=\"twitter:label1\" content=\"Escrito por\" \/>\n\t<meta name=\"twitter:data1\" content=\"Not\u00edcias em Destaque\" \/>\n\t<meta name=\"twitter:label2\" content=\"Est. tempo de leitura\" \/>\n\t<meta name=\"twitter:data2\" content=\"1 minuto\" \/>\n<script type=\"application\/ld+json\" class=\"yoast-schema-graph\">{\"@context\":\"https:\/\/schema.org\",\"@graph\":[{\"@type\":\"Article\",\"@id\":\"https:\/\/noticiasemdestaque.com\/cd\/?p=2802#article\",\"isPartOf\":{\"@id\":\"https:\/\/noticiasemdestaque.com\/cd\/?p=2802\"},\"author\":{\"name\":\"Not\u00edcias em Destaque\",\"@id\":\"https:\/\/noticiasemdestaque.com\/cd\/#\/schema\/person\/4a81fb71f77579d059c3045891fa1786\"},\"headline\":\"Pronatec tem 575 mil vagas em cursos de qualifica\u00e7\u00e3o; saiba como se inscrever\",\"datePublished\":\"2017-08-08T10:29:37+00:00\",\"mainEntityOfPage\":{\"@id\":\"https:\/\/noticiasemdestaque.com\/cd\/?p=2802\"},\"wordCount\":256,\"publisher\":{\"@id\":\"https:\/\/noticiasemdestaque.com\/cd\/#organization\"},\"image\":{\"@id\":\"https:\/\/noticiasemdestaque.com\/cd\/?p=2802#primaryimage\"},\"thumbnailUrl\":\"https:\/\/noticiasemdestaque.com\/cd\/wp-content\/uploads\/2017\/08\/17756036280003622710000.jpg\",\"articleSection\":[\"Educa\u00e7\u00e3o\"],\"inLanguage\":\"pt-BR\"},{\"@type\":\"WebPage\",\"@id\":\"https:\/\/noticiasemdestaque.com\/cd\/?p=2802\",\"url\":\"https:\/\/noticiasemdestaque.com\/cd\/?p=2802\",\"name\":\"Pronatec tem 575 mil vagas em cursos de qualifica\u00e7\u00e3o; saiba como se inscrever - Not&iacute;cias em Destaque\",\"isPartOf\":{\"@id\":\"https:\/\/noticiasemdestaque.com\/cd\/#website\"},\"primaryImageOfPage\":{\"@id\":\"https:\/\/noticiasemdestaque.com\/cd\/?p=2802#primaryimage\"},\"image\":{\"@id\":\"https:\/\/noticiasemdestaque.com\/cd\/?p=2802#primaryimage\"},\"thumbnailUrl\":\"https:\/\/noticiasemdestaque.com\/cd\/wp-content\/uploads\/2017\/08\/17756036280003622710000.jpg\",\"datePublished\":\"2017-08-08T10:29:37+00:00\",\"breadcrumb\":{\"@id\":\"https:\/\/noticiasemdestaque.com\/cd\/?p=2802#breadcrumb\"},\"inLanguage\":\"pt-BR\",\"potentialAction\":[{\"@type\":\"ReadAction\",\"target\":[\"https:\/\/noticiasemdestaque.com\/cd\/?p=2802\"]}]},{\"@type\":\"ImageObject\",\"inLanguage\":\"pt-BR\",\"@id\":\"https:\/\/noticiasemdestaque.com\/cd\/?p=2802#primaryimage\",\"url\":\"https:\/\/noticiasemdestaque.com\/cd\/wp-content\/uploads\/2017\/08\/17756036280003622710000.jpg\",\"contentUrl\":\"https:\/\/noticiasemdestaque.com\/cd\/wp-content\/uploads\/2017\/08\/17756036280003622710000.jpg\",\"width\":362,\"height\":271},{\"@type\":\"BreadcrumbList\",\"@id\":\"https:\/\/noticiasemdestaque.com\/cd\/?p=2802#breadcrumb\",\"itemListElement\":[{\"@type\":\"ListItem\",\"position\":1,\"name\":\"In\u00edcio\",\"item\":\"https:\/\/noticiasemdestaque.com\/cd\/\"},{\"@type\":\"ListItem\",\"position\":2,\"name\":\"Pronatec tem 575 mil vagas em cursos de qualifica\u00e7\u00e3o; saiba como se inscrever\"}]},{\"@type\":\"WebSite\",\"@id\":\"https:\/\/noticiasemdestaque.com\/cd\/#website\",\"url\":\"https:\/\/noticiasemdestaque.com\/cd\/\",\"name\":\"Not&iacute;cias em Destaque\",\"description\":\"\",\"publisher\":{\"@id\":\"https:\/\/noticiasemdestaque.com\/cd\/#organization\"},\"potentialAction\":[{\"@type\":\"SearchAction\",\"target\":{\"@type\":\"EntryPoint\",\"urlTemplate\":\"https:\/\/noticiasemdestaque.com\/cd\/?s={search_term_string}\"},\"query-input\":{\"@type\":\"PropertyValueSpecification\",\"valueRequired\":true,\"valueName\":\"search_term_string\"}}],\"inLanguage\":\"pt-BR\"},{\"@type\":\"Organization\",\"@id\":\"https:\/\/noticiasemdestaque.com\/cd\/#organization\",\"name\":\"Not\u00edcias em Destaque\",\"url\":\"https:\/\/noticiasemdestaque.com\/cd\/\",\"logo\":{\"@type\":\"ImageObject\",\"inLanguage\":\"pt-BR\",\"@id\":\"https:\/\/noticiasemdestaque.com\/cd\/#\/schema\/logo\/image\/\",\"url\":\"https:\/\/noticiasemdestaque.com\/cd\/wp-content\/uploads\/2022\/05\/imagem-base-noticiasemdestaque.png\",\"contentUrl\":\"https:\/\/noticiasemdestaque.com\/cd\/wp-content\/uploads\/2022\/05\/imagem-base-noticiasemdestaque.png\",\"width\":1200,\"height\":630,\"caption\":\"Not\u00edcias em Destaque\"},\"image\":{\"@id\":\"https:\/\/noticiasemdestaque.com\/cd\/#\/schema\/logo\/image\/\"}},{\"@type\":\"Person\",\"@id\":\"https:\/\/noticiasemdestaque.com\/cd\/#\/schema\/person\/4a81fb71f77579d059c3045891fa1786\",\"name\":\"Not\u00edcias em Destaque\",\"url\":\"https:\/\/noticiasemdestaque.com\/cd\/?author=2\"}]}<\/script>\n<!-- \/ Yoast SEO plugin. -->","yoast_head_json":{"title":"Pronatec tem 575 mil vagas em cursos de qualifica\u00e7\u00e3o; saiba como se inscrever - Not&iacute;cias em Destaque","robots":{"index":"index","follow":"follow","max-snippet":"max-snippet:-1","max-image-preview":"max-image-preview:large","max-video-preview":"max-video-preview:-1"},"canonical":"https:\/\/noticiasemdestaque.com\/cd\/?p=2802","og_locale":"pt_BR","og_type":"article","og_title":"Pronatec tem 575 mil vagas em cursos de qualifica\u00e7\u00e3o; saiba como se inscrever - Not&iacute;cias em Destaque","og_description":"O Programa Nacional de Acesso ao Ensino T\u00e9cnico e Emprego, o Pronatec, est\u00e1 com inscri\u00e7\u00f5es abertas at\u00e9 o dia 18 de agosto. S\u00e3o 575 mil vagas gratuitas em cursos de Forma\u00e7\u00e3o Inicial e Continuada e qualifica\u00e7\u00e3o profissional a dist\u00e2ncia. Al\u00e9m disso, ser\u00e3o ofertadas tamb\u00e9m cerca de 1,6 mil outras vagas na modalidade presencial. As inscri\u00e7\u00f5es podem ser feitas neste link e as aulas come\u00e7am a partir do dia 28 de agosto. O programador Mateus Avelar fez um curso t\u00e9cnico de gra\u00e7a, com dura\u00e7\u00e3o de um ano, pelo Pronatec, na \u00e1rea de desenvolvimento de jogos digitais e conta o que aprendeu. &#8220;Al\u00e9m das t\u00e9cnicas de desenvolvimento de jogos, como programa\u00e7\u00e3o e modelagem, cria\u00e7\u00e3o de personagem, ele me deu conhecimento t\u00e9cnico para descobrir a \u00e1rea da programa\u00e7\u00e3o em si, do desenvolvimento&#8221;, disse Mateus. O diretor de Educa\u00e7\u00e3o Profissional e Tecnol\u00f3gica do Minist\u00e9rio da Educa\u00e7\u00e3o, Geraldo Andrade, explica quem pode se candidatar: &#8220;Qualquer cidad\u00e3o brasileiro, seja ele em faixa et\u00e1ria estudantil, a partir dos 16 anos, ou at\u00e9 adulto que j\u00e1 esteja no mercado de trabalho ou desempregado pode se candidatar para ter este tipo de oferta em sua localidade&#8221;, indicou. H\u00e1 cursos direcionados para as \u00e1reas de Constru\u00e7\u00e3o Civil, Inform\u00e1tica, Administra\u00e7\u00e3o e Sa\u00fade e ser\u00e3o ofertados por cerca de 40 institui\u00e7\u00f5es privadas de educa\u00e7\u00e3o profissional e tecnol\u00f3gica.","og_url":"https:\/\/noticiasemdestaque.com\/cd\/?p=2802","og_site_name":"Not&iacute;cias em Destaque","article_published_time":"2017-08-08T10:29:37+00:00","og_image":[{"width":362,"height":271,"url":"https:\/\/noticiasemdestaque.com\/cd\/wp-content\/uploads\/2017\/08\/17756036280003622710000.jpg","type":"image\/jpeg"}],"author":"Not\u00edcias em Destaque","twitter_card":"summary_large_image","twitter_misc":{"Escrito por":"Not\u00edcias em Destaque","Est. tempo de leitura":"1 minuto"},"schema":{"@context":"https:\/\/schema.org","@graph":[{"@type":"Article","@id":"https:\/\/noticiasemdestaque.com\/cd\/?p=2802#article","isPartOf":{"@id":"https:\/\/noticiasemdestaque.com\/cd\/?p=2802"},"author":{"name":"Not\u00edcias em Destaque","@id":"https:\/\/noticiasemdestaque.com\/cd\/#\/schema\/person\/4a81fb71f77579d059c3045891fa1786"},"headline":"Pronatec tem 575 mil vagas em cursos de qualifica\u00e7\u00e3o; saiba como se inscrever","datePublished":"2017-08-08T10:29:37+00:00","mainEntityOfPage":{"@id":"https:\/\/noticiasemdestaque.com\/cd\/?p=2802"},"wordCount":256,"publisher":{"@id":"https:\/\/noticiasemdestaque.com\/cd\/#organization"},"image":{"@id":"https:\/\/noticiasemdestaque.com\/cd\/?p=2802#primaryimage"},"thumbnailUrl":"https:\/\/noticiasemdestaque.com\/cd\/wp-content\/uploads\/2017\/08\/17756036280003622710000.jpg","articleSection":["Educa\u00e7\u00e3o"],"inLanguage":"pt-BR"},{"@type":"WebPage","@id":"https:\/\/noticiasemdestaque.com\/cd\/?p=2802","url":"https:\/\/noticiasemdestaque.com\/cd\/?p=2802","name":"Pronatec tem 575 mil vagas em cursos de qualifica\u00e7\u00e3o; saiba como se inscrever - Not&iacute;cias em Destaque","isPartOf":{"@id":"https:\/\/noticiasemdestaque.com\/cd\/#website"},"primaryImageOfPage":{"@id":"https:\/\/noticiasemdestaque.com\/cd\/?p=2802#primaryimage"},"image":{"@id":"https:\/\/noticiasemdestaque.com\/cd\/?p=2802#primaryimage"},"thumbnailUrl":"https:\/\/noticiasemdestaque.com\/cd\/wp-content\/uploads\/2017\/08\/17756036280003622710000.jpg","datePublished":"2017-08-08T10:29:37+00:00","breadcrumb":{"@id":"https:\/\/noticiasemdestaque.com\/cd\/?p=2802#breadcrumb"},"inLanguage":"pt-BR","potentialAction":[{"@type":"ReadAction","target":["https:\/\/noticiasemdestaque.com\/cd\/?p=2802"]}]},{"@type":"ImageObject","inLanguage":"pt-BR","@id":"https:\/\/noticiasemdestaque.com\/cd\/?p=2802#primaryimage","url":"https:\/\/noticiasemdestaque.com\/cd\/wp-content\/uploads\/2017\/08\/17756036280003622710000.jpg","contentUrl":"https:\/\/noticiasemdestaque.com\/cd\/wp-content\/uploads\/2017\/08\/17756036280003622710000.jpg","width":362,"height":271},{"@type":"BreadcrumbList","@id":"https:\/\/noticiasemdestaque.com\/cd\/?p=2802#breadcrumb","itemListElement":[{"@type":"ListItem","position":1,"name":"In\u00edcio","item":"https:\/\/noticiasemdestaque.com\/cd\/"},{"@type":"ListItem","position":2,"name":"Pronatec tem 575 mil vagas em cursos de qualifica\u00e7\u00e3o; saiba como se inscrever"}]},{"@type":"WebSite","@id":"https:\/\/noticiasemdestaque.com\/cd\/#website","url":"https:\/\/noticiasemdestaque.com\/cd\/","name":"Not&iacute;cias em Destaque","description":"","publisher":{"@id":"https:\/\/noticiasemdestaque.com\/cd\/#organization"},"potentialAction":[{"@type":"SearchAction","target":{"@type":"EntryPoint","urlTemplate":"https:\/\/noticiasemdestaque.com\/cd\/?s={search_term_string}"},"query-input":{"@type":"PropertyValueSpecification","valueRequired":true,"valueName":"search_term_string"}}],"inLanguage":"pt-BR"},{"@type":"Organization","@id":"https:\/\/noticiasemdestaque.com\/cd\/#organization","name":"Not\u00edcias em Destaque","url":"https:\/\/noticiasemdestaque.com\/cd\/","logo":{"@type":"ImageObject","inLanguage":"pt-BR","@id":"https:\/\/noticiasemdestaque.com\/cd\/#\/schema\/logo\/image\/","url":"https:\/\/noticiasemdestaque.com\/cd\/wp-content\/uploads\/2022\/05\/imagem-base-noticiasemdestaque.png","contentUrl":"https:\/\/noticiasemdestaque.com\/cd\/wp-content\/uploads\/2022\/05\/imagem-base-noticiasemdestaque.png","width":1200,"height":630,"caption":"Not\u00edcias em Destaque"},"image":{"@id":"https:\/\/noticiasemdestaque.com\/cd\/#\/schema\/logo\/image\/"}},{"@type":"Person","@id":"https:\/\/noticiasemdestaque.com\/cd\/#\/schema\/person\/4a81fb71f77579d059c3045891fa1786","name":"Not\u00edcias em Destaque","url":"https:\/\/noticiasemdestaque.com\/cd\/?author=2"}]}},"jetpack_featured_media_url":"https:\/\/noticiasemdestaque.com\/cd\/wp-content\/uploads\/2017\/08\/17756036280003622710000.jpg","jetpack_sharing_enabled":true,"_links":{"self":[{"href":"https:\/\/noticiasemdestaque.com\/cd\/index.php?rest_route=\/wp\/v2\/posts\/2802","targetHints":{"allow":["GET"]}}],"collection":[{"href":"https:\/\/noticiasemdestaque.com\/cd\/index.php?rest_route=\/wp\/v2\/posts"}],"about":[{"href":"https:\/\/noticiasemdestaque.com\/cd\/index.php?rest_route=\/wp\/v2\/types\/post"}],"author":[{"embeddable":true,"href":"https:\/\/noticiasemdestaque.com\/cd\/index.php?rest_route=\/wp\/v2\/users\/2"}],"replies":[{"embeddable":true,"href":"https:\/\/noticiasemdestaque.com\/cd\/index.php?rest_route=%2Fwp%2Fv2%2Fcomments&post=2802"}],"version-history":[{"count":1,"href":"https:\/\/noticiasemdestaque.com\/cd\/index.php?rest_route=\/wp\/v2\/posts\/2802\/revisions"}],"predecessor-version":[{"id":2804,"href":"https:\/\/noticiasemdestaque.com\/cd\/index.php?rest_route=\/wp\/v2\/posts\/2802\/revisions\/2804"}],"wp:featuredmedia":[{"embeddable":true,"href":"https:\/\/noticiasemdestaque.com\/cd\/index.php?rest_route=\/wp\/v2\/media\/2803"}],"wp:attachment":[{"href":"https:\/\/noticiasemdestaque.com\/cd\/index.php?rest_route=%2Fwp%2Fv2%2Fmedia&parent=2802"}],"wp:term":[{"taxonomy":"category","embeddable":true,"href":"https:\/\/noticiasemdestaque.com\/cd\/index.php?rest_route=%2Fwp%2Fv2%2Fcategories&post=2802"},{"taxonomy":"post_tag","embeddable":true,"href":"https:\/\/noticiasemdestaque.com\/cd\/index.php?rest_route=%2Fwp%2Fv2%2Ftags&post=2802"}],"curies":[{"name":"wp","href":"https:\/\/api.w.org\/{rel}","templated":true}]}}