{"id":27968,"date":"2020-12-15T19:52:29","date_gmt":"2020-12-15T22:52:29","guid":{"rendered":"http:\/\/noticiasemdestaque.com\/cd\/?p=27968"},"modified":"2020-12-15T19:52:55","modified_gmt":"2020-12-15T22:52:55","slug":"monteiro-registra-71-casos-positivos-de-coronavirus-nesta-terca-feira","status":"publish","type":"post","link":"https:\/\/noticiasemdestaque.com\/cd\/?p=27968","title":{"rendered":"Monteiro registra 71 casos positivos de coronav\u00edrus nesta ter\u00e7a-feira"},"content":{"rendered":"<p><a href=\"https:\/\/noticiasemdestaque.com\/cd\/wp-content\/uploads\/2020\/12\/15.jpeg\"><img fetchpriority=\"high\" decoding=\"async\" class=\"size-medium wp-image-27970 alignleft\" src=\"https:\/\/noticiasemdestaque.com\/cd\/wp-content\/uploads\/2020\/12\/15-169x300.jpeg\" alt=\"\" width=\"169\" height=\"300\" srcset=\"https:\/\/noticiasemdestaque.com\/cd\/wp-content\/uploads\/2020\/12\/15-169x300.jpeg 169w, https:\/\/noticiasemdestaque.com\/cd\/wp-content\/uploads\/2020\/12\/15.jpeg 180w\" sizes=\"(max-width: 169px) 100vw, 169px\" \/><\/a><\/p>\n<p><span style=\"font-weight: 400;\">A Secretaria Municipal de Sa\u00fade de Monteiro informa que nesta ter\u00e7a-feira (15\/12), foram registrados 71 novos casos para Covid-19, totalizando assim 1.530.\u00a0<\/span><\/p>\n<p>Atualmente os dados do Munic\u00edpio de Monteiro com rela\u00e7\u00e3o aos casos do novo coronav\u00edrus \u00e9 o seguinte: descartados: 4202; em investiga\u00e7\u00e3o 95; recuperados: 1.252; casos ativos: 266 e desde o in\u00edcio do registro da doen\u00e7a foram confirmados 12 \u00f3bitos.<\/p>\n<p><strong>Os casos de hoje<\/strong><\/p>\n<p>Sendo 45 (quarenta e cinco) casos 16, 17, 19, 20, 22, tr\u00eas pacientes de 25 anos, 27, seis pacientes de 29anos, 30, 31, 33, 36, tr\u00eas pacientes de 37 anos, 39, 40, 42, 43, 44, 45, 46, 50, dois pacientes de 51 anos, dois pacientes de 52anos, dois pacientes de 54 anos, 55, dois pacientes de 56 anos, 57, 64, 67, 75, 76 e 85 anos sexo feminino e 26 (vinte e seis) casos 09, 22, 25, 27, 28, 30, 31, dois casos de 34 anos, 35, 36, 39, 41, 43, dois pacientes de 44 anos, 45, 48, 53, 57, 59, 60, 62, 63, 70 e 96 anos sexo masculino. Foram orientados a realizar o isolamento domiciliar e est\u00e3o sendo monitorados pela equipe de Vigil\u00e2ncia em Sa\u00fade e Unidades B\u00e1sicas de Sa\u00fade do Munic\u00edpio.<\/p>\n<p>Totalizamos 06 (seis) pacientes internos em Campina Grande sendo: 03 pacientes no Hospital das Cl\u00ednicas, 02 pacientes no Hospital Pedro I e 01 paciente no Hospital da Crian\u00e7a e do Adolescente. Permanecem est\u00e1veis.<\/p>\n<p>Atestamos que nesta data foram registrados mais 11 novos casos recuperados, totalizando 1252 casos recuperados da COVID-19.<\/p>\n<p>Focando Para\u00edba<\/p>\n","protected":false},"excerpt":{"rendered":"<p>A Secretaria Municipal de Sa\u00fade de Monteiro informa que nesta ter\u00e7a-feira (15\/12), foram registrados 71 novos casos para Covid-19, totalizando assim 1.530.\u00a0 Atualmente os dados do Munic\u00edpio de Monteiro com rela\u00e7\u00e3o aos casos do novo coronav\u00edrus \u00e9 o seguinte: descartados: 4202; em investiga\u00e7\u00e3o 95; recuperados: 1.252; casos ativos: 266 e desde o in\u00edcio do registro da doen\u00e7a foram confirmados 12 \u00f3bitos. Os casos de hoje Sendo 45 (quarenta e cinco) casos 16, 17, 19, 20, 22, tr\u00eas pacientes de 25 anos, 27, seis pacientes de 29anos, 30, 31, 33, 36, tr\u00eas pacientes de 37 anos, 39, 40, 42, 43, 44, 45, 46, 50, dois pacientes de 51 anos, dois pacientes de 52anos, dois pacientes de 54 anos, 55, dois pacientes de 56 anos, 57, 64, 67, 75, 76 e 85 anos sexo feminino e 26 (vinte e seis) casos 09, 22, 25, 27, 28, 30, 31, dois casos de 34 anos, 35, 36, 39, 41, 43, dois pacientes de 44 anos, 45, 48, 53, 57, 59, 60, 62, 63, 70 e 96 anos sexo masculino. Foram orientados a realizar o isolamento domiciliar e est\u00e3o sendo monitorados pela equipe de Vigil\u00e2ncia em Sa\u00fade e Unidades B\u00e1sicas de Sa\u00fade do Munic\u00edpio. Totalizamos 06 (seis) pacientes internos em Campina Grande sendo: 03 pacientes no Hospital das Cl\u00ednicas, 02 pacientes no Hospital Pedro I e 01 paciente no Hospital da Crian\u00e7a e do Adolescente. Permanecem est\u00e1veis. Atestamos que nesta data foram registrados mais 11 novos casos recuperados, totalizando 1252 casos recuperados da COVID-19. Focando Para\u00edba<\/p>\n","protected":false},"author":2,"featured_media":27970,"comment_status":"closed","ping_status":"open","sticky":false,"template":"","format":"standard","meta":{"_eb_attr":"","_jetpack_memberships_contains_paid_content":false,"footnotes":""},"categories":[3],"tags":[],"class_list":["post-27968","post","type-post","status-publish","format-standard","has-post-thumbnail","hentry","category-cidades"],"yoast_head":"<!-- This site is optimized with the Yoast SEO plugin v26.5 - https:\/\/yoast.com\/wordpress\/plugins\/seo\/ -->\n<title>Monteiro registra 71 casos positivos de coronav\u00edrus nesta ter\u00e7a-feira - Not&iacute;cias em Destaque<\/title>\n<meta name=\"robots\" content=\"index, follow, max-snippet:-1, max-image-preview:large, max-video-preview:-1\" \/>\n<link rel=\"canonical\" href=\"https:\/\/noticiasemdestaque.com\/cd\/?p=27968\" \/>\n<meta property=\"og:locale\" content=\"pt_BR\" \/>\n<meta property=\"og:type\" content=\"article\" \/>\n<meta property=\"og:title\" content=\"Monteiro registra 71 casos positivos de coronav\u00edrus nesta ter\u00e7a-feira - Not&iacute;cias em Destaque\" \/>\n<meta property=\"og:description\" content=\"A Secretaria Municipal de Sa\u00fade de Monteiro informa que nesta ter\u00e7a-feira (15\/12), foram registrados 71 novos casos para Covid-19, totalizando assim 1.530.\u00a0 Atualmente os dados do Munic\u00edpio de Monteiro com rela\u00e7\u00e3o aos casos do novo coronav\u00edrus \u00e9 o seguinte: descartados: 4202; em investiga\u00e7\u00e3o 95; recuperados: 1.252; casos ativos: 266 e desde o in\u00edcio do registro da doen\u00e7a foram confirmados 12 \u00f3bitos. Os casos de hoje Sendo 45 (quarenta e cinco) casos 16, 17, 19, 20, 22, tr\u00eas pacientes de 25 anos, 27, seis pacientes de 29anos, 30, 31, 33, 36, tr\u00eas pacientes de 37 anos, 39, 40, 42, 43, 44, 45, 46, 50, dois pacientes de 51 anos, dois pacientes de 52anos, dois pacientes de 54 anos, 55, dois pacientes de 56 anos, 57, 64, 67, 75, 76 e 85 anos sexo feminino e 26 (vinte e seis) casos 09, 22, 25, 27, 28, 30, 31, dois casos de 34 anos, 35, 36, 39, 41, 43, dois pacientes de 44 anos, 45, 48, 53, 57, 59, 60, 62, 63, 70 e 96 anos sexo masculino. Foram orientados a realizar o isolamento domiciliar e est\u00e3o sendo monitorados pela equipe de Vigil\u00e2ncia em Sa\u00fade e Unidades B\u00e1sicas de Sa\u00fade do Munic\u00edpio. Totalizamos 06 (seis) pacientes internos em Campina Grande sendo: 03 pacientes no Hospital das Cl\u00ednicas, 02 pacientes no Hospital Pedro I e 01 paciente no Hospital da Crian\u00e7a e do Adolescente. Permanecem est\u00e1veis. Atestamos que nesta data foram registrados mais 11 novos casos recuperados, totalizando 1252 casos recuperados da COVID-19. Focando Para\u00edba\" \/>\n<meta property=\"og:url\" content=\"https:\/\/noticiasemdestaque.com\/cd\/?p=27968\" \/>\n<meta property=\"og:site_name\" content=\"Not&iacute;cias em Destaque\" \/>\n<meta property=\"article:published_time\" content=\"2020-12-15T22:52:29+00:00\" \/>\n<meta property=\"article:modified_time\" content=\"2020-12-15T22:52:55+00:00\" \/>\n<meta property=\"og:image\" content=\"https:\/\/noticiasemdestaque.com\/cd\/wp-content\/uploads\/2020\/12\/15.jpeg\" \/>\n\t<meta property=\"og:image:width\" content=\"180\" \/>\n\t<meta property=\"og:image:height\" content=\"320\" \/>\n\t<meta property=\"og:image:type\" content=\"image\/jpeg\" \/>\n<meta name=\"author\" content=\"Not\u00edcias em Destaque\" \/>\n<meta name=\"twitter:card\" content=\"summary_large_image\" \/>\n<meta name=\"twitter:label1\" content=\"Escrito por\" \/>\n\t<meta name=\"twitter:data1\" content=\"Not\u00edcias em Destaque\" \/>\n\t<meta name=\"twitter:label2\" content=\"Est. tempo de leitura\" \/>\n\t<meta name=\"twitter:data2\" content=\"1 minuto\" \/>\n<script type=\"application\/ld+json\" class=\"yoast-schema-graph\">{\"@context\":\"https:\/\/schema.org\",\"@graph\":[{\"@type\":\"Article\",\"@id\":\"https:\/\/noticiasemdestaque.com\/cd\/?p=27968#article\",\"isPartOf\":{\"@id\":\"https:\/\/noticiasemdestaque.com\/cd\/?p=27968\"},\"author\":{\"name\":\"Not\u00edcias em Destaque\",\"@id\":\"https:\/\/noticiasemdestaque.com\/cd\/#\/schema\/person\/c1451142d5e4d7aa7848244ea9e4606f\"},\"headline\":\"Monteiro registra 71 casos positivos de coronav\u00edrus nesta ter\u00e7a-feira\",\"datePublished\":\"2020-12-15T22:52:29+00:00\",\"dateModified\":\"2020-12-15T22:52:55+00:00\",\"mainEntityOfPage\":{\"@id\":\"https:\/\/noticiasemdestaque.com\/cd\/?p=27968\"},\"wordCount\":210,\"publisher\":{\"@id\":\"https:\/\/noticiasemdestaque.com\/cd\/#organization\"},\"image\":{\"@id\":\"https:\/\/noticiasemdestaque.com\/cd\/?p=27968#primaryimage\"},\"thumbnailUrl\":\"https:\/\/noticiasemdestaque.com\/cd\/wp-content\/uploads\/2020\/12\/15.jpeg\",\"articleSection\":[\"Cidades\"],\"inLanguage\":\"pt-BR\"},{\"@type\":\"WebPage\",\"@id\":\"https:\/\/noticiasemdestaque.com\/cd\/?p=27968\",\"url\":\"https:\/\/noticiasemdestaque.com\/cd\/?p=27968\",\"name\":\"Monteiro registra 71 casos positivos de coronav\u00edrus nesta ter\u00e7a-feira - Not&iacute;cias em Destaque\",\"isPartOf\":{\"@id\":\"https:\/\/noticiasemdestaque.com\/cd\/#website\"},\"primaryImageOfPage\":{\"@id\":\"https:\/\/noticiasemdestaque.com\/cd\/?p=27968#primaryimage\"},\"image\":{\"@id\":\"https:\/\/noticiasemdestaque.com\/cd\/?p=27968#primaryimage\"},\"thumbnailUrl\":\"https:\/\/noticiasemdestaque.com\/cd\/wp-content\/uploads\/2020\/12\/15.jpeg\",\"datePublished\":\"2020-12-15T22:52:29+00:00\",\"dateModified\":\"2020-12-15T22:52:55+00:00\",\"breadcrumb\":{\"@id\":\"https:\/\/noticiasemdestaque.com\/cd\/?p=27968#breadcrumb\"},\"inLanguage\":\"pt-BR\",\"potentialAction\":[{\"@type\":\"ReadAction\",\"target\":[\"https:\/\/noticiasemdestaque.com\/cd\/?p=27968\"]}]},{\"@type\":\"ImageObject\",\"inLanguage\":\"pt-BR\",\"@id\":\"https:\/\/noticiasemdestaque.com\/cd\/?p=27968#primaryimage\",\"url\":\"https:\/\/noticiasemdestaque.com\/cd\/wp-content\/uploads\/2020\/12\/15.jpeg\",\"contentUrl\":\"https:\/\/noticiasemdestaque.com\/cd\/wp-content\/uploads\/2020\/12\/15.jpeg\",\"width\":180,\"height\":320},{\"@type\":\"BreadcrumbList\",\"@id\":\"https:\/\/noticiasemdestaque.com\/cd\/?p=27968#breadcrumb\",\"itemListElement\":[{\"@type\":\"ListItem\",\"position\":1,\"name\":\"In\u00edcio\",\"item\":\"https:\/\/noticiasemdestaque.com\/cd\/\"},{\"@type\":\"ListItem\",\"position\":2,\"name\":\"Monteiro registra 71 casos positivos de coronav\u00edrus nesta ter\u00e7a-feira\"}]},{\"@type\":\"WebSite\",\"@id\":\"https:\/\/noticiasemdestaque.com\/cd\/#website\",\"url\":\"https:\/\/noticiasemdestaque.com\/cd\/\",\"name\":\"Not&iacute;cias em Destaque\",\"description\":\"\",\"publisher\":{\"@id\":\"https:\/\/noticiasemdestaque.com\/cd\/#organization\"},\"potentialAction\":[{\"@type\":\"SearchAction\",\"target\":{\"@type\":\"EntryPoint\",\"urlTemplate\":\"https:\/\/noticiasemdestaque.com\/cd\/?s={search_term_string}\"},\"query-input\":{\"@type\":\"PropertyValueSpecification\",\"valueRequired\":true,\"valueName\":\"search_term_string\"}}],\"inLanguage\":\"pt-BR\"},{\"@type\":\"Organization\",\"@id\":\"https:\/\/noticiasemdestaque.com\/cd\/#organization\",\"name\":\"Not\u00edcias em Destaque\",\"url\":\"https:\/\/noticiasemdestaque.com\/cd\/\",\"logo\":{\"@type\":\"ImageObject\",\"inLanguage\":\"pt-BR\",\"@id\":\"https:\/\/noticiasemdestaque.com\/cd\/#\/schema\/logo\/image\/\",\"url\":\"https:\/\/noticiasemdestaque.com\/cd\/wp-content\/uploads\/2022\/05\/imagem-base-noticiasemdestaque.png\",\"contentUrl\":\"https:\/\/noticiasemdestaque.com\/cd\/wp-content\/uploads\/2022\/05\/imagem-base-noticiasemdestaque.png\",\"width\":1200,\"height\":630,\"caption\":\"Not\u00edcias em Destaque\"},\"image\":{\"@id\":\"https:\/\/noticiasemdestaque.com\/cd\/#\/schema\/logo\/image\/\"}},{\"@type\":\"Person\",\"@id\":\"https:\/\/noticiasemdestaque.com\/cd\/#\/schema\/person\/c1451142d5e4d7aa7848244ea9e4606f\",\"name\":\"Not\u00edcias em Destaque\",\"url\":\"https:\/\/noticiasemdestaque.com\/cd\/?author=2\"}]}<\/script>\n<!-- \/ Yoast SEO plugin. -->","yoast_head_json":{"title":"Monteiro registra 71 casos positivos de coronav\u00edrus nesta ter\u00e7a-feira - Not&iacute;cias em Destaque","robots":{"index":"index","follow":"follow","max-snippet":"max-snippet:-1","max-image-preview":"max-image-preview:large","max-video-preview":"max-video-preview:-1"},"canonical":"https:\/\/noticiasemdestaque.com\/cd\/?p=27968","og_locale":"pt_BR","og_type":"article","og_title":"Monteiro registra 71 casos positivos de coronav\u00edrus nesta ter\u00e7a-feira - Not&iacute;cias em Destaque","og_description":"A Secretaria Municipal de Sa\u00fade de Monteiro informa que nesta ter\u00e7a-feira (15\/12), foram registrados 71 novos casos para Covid-19, totalizando assim 1.530.\u00a0 Atualmente os dados do Munic\u00edpio de Monteiro com rela\u00e7\u00e3o aos casos do novo coronav\u00edrus \u00e9 o seguinte: descartados: 4202; em investiga\u00e7\u00e3o 95; recuperados: 1.252; casos ativos: 266 e desde o in\u00edcio do registro da doen\u00e7a foram confirmados 12 \u00f3bitos. Os casos de hoje Sendo 45 (quarenta e cinco) casos 16, 17, 19, 20, 22, tr\u00eas pacientes de 25 anos, 27, seis pacientes de 29anos, 30, 31, 33, 36, tr\u00eas pacientes de 37 anos, 39, 40, 42, 43, 44, 45, 46, 50, dois pacientes de 51 anos, dois pacientes de 52anos, dois pacientes de 54 anos, 55, dois pacientes de 56 anos, 57, 64, 67, 75, 76 e 85 anos sexo feminino e 26 (vinte e seis) casos 09, 22, 25, 27, 28, 30, 31, dois casos de 34 anos, 35, 36, 39, 41, 43, dois pacientes de 44 anos, 45, 48, 53, 57, 59, 60, 62, 63, 70 e 96 anos sexo masculino. Foram orientados a realizar o isolamento domiciliar e est\u00e3o sendo monitorados pela equipe de Vigil\u00e2ncia em Sa\u00fade e Unidades B\u00e1sicas de Sa\u00fade do Munic\u00edpio. Totalizamos 06 (seis) pacientes internos em Campina Grande sendo: 03 pacientes no Hospital das Cl\u00ednicas, 02 pacientes no Hospital Pedro I e 01 paciente no Hospital da Crian\u00e7a e do Adolescente. Permanecem est\u00e1veis. Atestamos que nesta data foram registrados mais 11 novos casos recuperados, totalizando 1252 casos recuperados da COVID-19. Focando Para\u00edba","og_url":"https:\/\/noticiasemdestaque.com\/cd\/?p=27968","og_site_name":"Not&iacute;cias em Destaque","article_published_time":"2020-12-15T22:52:29+00:00","article_modified_time":"2020-12-15T22:52:55+00:00","og_image":[{"width":180,"height":320,"url":"https:\/\/noticiasemdestaque.com\/cd\/wp-content\/uploads\/2020\/12\/15.jpeg","type":"image\/jpeg"}],"author":"Not\u00edcias em Destaque","twitter_card":"summary_large_image","twitter_misc":{"Escrito por":"Not\u00edcias em Destaque","Est. tempo de leitura":"1 minuto"},"schema":{"@context":"https:\/\/schema.org","@graph":[{"@type":"Article","@id":"https:\/\/noticiasemdestaque.com\/cd\/?p=27968#article","isPartOf":{"@id":"https:\/\/noticiasemdestaque.com\/cd\/?p=27968"},"author":{"name":"Not\u00edcias em Destaque","@id":"https:\/\/noticiasemdestaque.com\/cd\/#\/schema\/person\/c1451142d5e4d7aa7848244ea9e4606f"},"headline":"Monteiro registra 71 casos positivos de coronav\u00edrus nesta ter\u00e7a-feira","datePublished":"2020-12-15T22:52:29+00:00","dateModified":"2020-12-15T22:52:55+00:00","mainEntityOfPage":{"@id":"https:\/\/noticiasemdestaque.com\/cd\/?p=27968"},"wordCount":210,"publisher":{"@id":"https:\/\/noticiasemdestaque.com\/cd\/#organization"},"image":{"@id":"https:\/\/noticiasemdestaque.com\/cd\/?p=27968#primaryimage"},"thumbnailUrl":"https:\/\/noticiasemdestaque.com\/cd\/wp-content\/uploads\/2020\/12\/15.jpeg","articleSection":["Cidades"],"inLanguage":"pt-BR"},{"@type":"WebPage","@id":"https:\/\/noticiasemdestaque.com\/cd\/?p=27968","url":"https:\/\/noticiasemdestaque.com\/cd\/?p=27968","name":"Monteiro registra 71 casos positivos de coronav\u00edrus nesta ter\u00e7a-feira - Not&iacute;cias em Destaque","isPartOf":{"@id":"https:\/\/noticiasemdestaque.com\/cd\/#website"},"primaryImageOfPage":{"@id":"https:\/\/noticiasemdestaque.com\/cd\/?p=27968#primaryimage"},"image":{"@id":"https:\/\/noticiasemdestaque.com\/cd\/?p=27968#primaryimage"},"thumbnailUrl":"https:\/\/noticiasemdestaque.com\/cd\/wp-content\/uploads\/2020\/12\/15.jpeg","datePublished":"2020-12-15T22:52:29+00:00","dateModified":"2020-12-15T22:52:55+00:00","breadcrumb":{"@id":"https:\/\/noticiasemdestaque.com\/cd\/?p=27968#breadcrumb"},"inLanguage":"pt-BR","potentialAction":[{"@type":"ReadAction","target":["https:\/\/noticiasemdestaque.com\/cd\/?p=27968"]}]},{"@type":"ImageObject","inLanguage":"pt-BR","@id":"https:\/\/noticiasemdestaque.com\/cd\/?p=27968#primaryimage","url":"https:\/\/noticiasemdestaque.com\/cd\/wp-content\/uploads\/2020\/12\/15.jpeg","contentUrl":"https:\/\/noticiasemdestaque.com\/cd\/wp-content\/uploads\/2020\/12\/15.jpeg","width":180,"height":320},{"@type":"BreadcrumbList","@id":"https:\/\/noticiasemdestaque.com\/cd\/?p=27968#breadcrumb","itemListElement":[{"@type":"ListItem","position":1,"name":"In\u00edcio","item":"https:\/\/noticiasemdestaque.com\/cd\/"},{"@type":"ListItem","position":2,"name":"Monteiro registra 71 casos positivos de coronav\u00edrus nesta ter\u00e7a-feira"}]},{"@type":"WebSite","@id":"https:\/\/noticiasemdestaque.com\/cd\/#website","url":"https:\/\/noticiasemdestaque.com\/cd\/","name":"Not&iacute;cias em Destaque","description":"","publisher":{"@id":"https:\/\/noticiasemdestaque.com\/cd\/#organization"},"potentialAction":[{"@type":"SearchAction","target":{"@type":"EntryPoint","urlTemplate":"https:\/\/noticiasemdestaque.com\/cd\/?s={search_term_string}"},"query-input":{"@type":"PropertyValueSpecification","valueRequired":true,"valueName":"search_term_string"}}],"inLanguage":"pt-BR"},{"@type":"Organization","@id":"https:\/\/noticiasemdestaque.com\/cd\/#organization","name":"Not\u00edcias em Destaque","url":"https:\/\/noticiasemdestaque.com\/cd\/","logo":{"@type":"ImageObject","inLanguage":"pt-BR","@id":"https:\/\/noticiasemdestaque.com\/cd\/#\/schema\/logo\/image\/","url":"https:\/\/noticiasemdestaque.com\/cd\/wp-content\/uploads\/2022\/05\/imagem-base-noticiasemdestaque.png","contentUrl":"https:\/\/noticiasemdestaque.com\/cd\/wp-content\/uploads\/2022\/05\/imagem-base-noticiasemdestaque.png","width":1200,"height":630,"caption":"Not\u00edcias em Destaque"},"image":{"@id":"https:\/\/noticiasemdestaque.com\/cd\/#\/schema\/logo\/image\/"}},{"@type":"Person","@id":"https:\/\/noticiasemdestaque.com\/cd\/#\/schema\/person\/c1451142d5e4d7aa7848244ea9e4606f","name":"Not\u00edcias em Destaque","url":"https:\/\/noticiasemdestaque.com\/cd\/?author=2"}]}},"jetpack_featured_media_url":"https:\/\/noticiasemdestaque.com\/cd\/wp-content\/uploads\/2020\/12\/15.jpeg","jetpack_sharing_enabled":true,"_links":{"self":[{"href":"https:\/\/noticiasemdestaque.com\/cd\/index.php?rest_route=\/wp\/v2\/posts\/27968","targetHints":{"allow":["GET"]}}],"collection":[{"href":"https:\/\/noticiasemdestaque.com\/cd\/index.php?rest_route=\/wp\/v2\/posts"}],"about":[{"href":"https:\/\/noticiasemdestaque.com\/cd\/index.php?rest_route=\/wp\/v2\/types\/post"}],"author":[{"embeddable":true,"href":"https:\/\/noticiasemdestaque.com\/cd\/index.php?rest_route=\/wp\/v2\/users\/2"}],"replies":[{"embeddable":true,"href":"https:\/\/noticiasemdestaque.com\/cd\/index.php?rest_route=%2Fwp%2Fv2%2Fcomments&post=27968"}],"version-history":[{"count":2,"href":"https:\/\/noticiasemdestaque.com\/cd\/index.php?rest_route=\/wp\/v2\/posts\/27968\/revisions"}],"predecessor-version":[{"id":27972,"href":"https:\/\/noticiasemdestaque.com\/cd\/index.php?rest_route=\/wp\/v2\/posts\/27968\/revisions\/27972"}],"wp:featuredmedia":[{"embeddable":true,"href":"https:\/\/noticiasemdestaque.com\/cd\/index.php?rest_route=\/wp\/v2\/media\/27970"}],"wp:attachment":[{"href":"https:\/\/noticiasemdestaque.com\/cd\/index.php?rest_route=%2Fwp%2Fv2%2Fmedia&parent=27968"}],"wp:term":[{"taxonomy":"category","embeddable":true,"href":"https:\/\/noticiasemdestaque.com\/cd\/index.php?rest_route=%2Fwp%2Fv2%2Fcategories&post=27968"},{"taxonomy":"post_tag","embeddable":true,"href":"https:\/\/noticiasemdestaque.com\/cd\/index.php?rest_route=%2Fwp%2Fv2%2Ftags&post=27968"}],"curies":[{"name":"wp","href":"https:\/\/api.w.org\/{rel}","templated":true}]}}