{"id":27964,"date":"2020-12-15T16:22:07","date_gmt":"2020-12-15T19:22:07","guid":{"rendered":"http:\/\/noticiasemdestaque.com\/cd\/?p=27964"},"modified":"2020-12-15T16:22:07","modified_gmt":"2020-12-15T19:22:07","slug":"caminhao-amigo-do-peito-esteve-em-sume-para-a-realizacao-de-exames-de-mamografias","status":"publish","type":"post","link":"https:\/\/noticiasemdestaque.com\/cd\/?p=27964","title":{"rendered":"Caminh\u00e3o Amigo do Peito esteve em Sum\u00e9 para a realiza\u00e7\u00e3o de exames de Mamografias"},"content":{"rendered":"<p><a href=\"https:\/\/noticiasemdestaque.com\/cd\/wp-content\/uploads\/2020\/12\/WhatsApp-Image-2020-12-15-at-12.54.12.jpeg\"><img fetchpriority=\"high\" decoding=\"async\" class=\"size-medium wp-image-27965 alignleft\" src=\"https:\/\/noticiasemdestaque.com\/cd\/wp-content\/uploads\/2020\/12\/WhatsApp-Image-2020-12-15-at-12.54.12-300x225.jpeg\" alt=\"\" width=\"300\" height=\"225\" srcset=\"https:\/\/noticiasemdestaque.com\/cd\/wp-content\/uploads\/2020\/12\/WhatsApp-Image-2020-12-15-at-12.54.12-300x225.jpeg 300w, https:\/\/noticiasemdestaque.com\/cd\/wp-content\/uploads\/2020\/12\/WhatsApp-Image-2020-12-15-at-12.54.12-1024x768.jpeg 1024w, https:\/\/noticiasemdestaque.com\/cd\/wp-content\/uploads\/2020\/12\/WhatsApp-Image-2020-12-15-at-12.54.12-768x576.jpeg 768w, https:\/\/noticiasemdestaque.com\/cd\/wp-content\/uploads\/2020\/12\/WhatsApp-Image-2020-12-15-at-12.54.12-640x480.jpeg 640w, https:\/\/noticiasemdestaque.com\/cd\/wp-content\/uploads\/2020\/12\/WhatsApp-Image-2020-12-15-at-12.54.12.jpeg 1280w\" sizes=\"(max-width: 300px) 100vw, 300px\" \/><\/a><\/p>\n<p>O Caminh\u00e3o Amigo do Peito esteve nesta segunda e ter\u00e7a-feira, 14 e 15, em Sum\u00e9, para a realiza\u00e7\u00e3o de exames de mamografias.<\/p>\n<p>Foram atendidas mulheres na faixa et\u00e1ria de 40 a 69 anos, encaminhadas pelos profissionais das unidades b\u00e1sicas de sa\u00fade e a Prefeitura de Sum\u00e9 investiu ainda na compra de exames para pessoas de outras idades.<\/p>\n<p>Durante o ano de 2020, a Secretaria de Sa\u00fade de Sum\u00e9 j\u00e1 realizou cerca de 400 exames de mamografias, sendo 120 em setembro, 160 em outubro e neste m\u00eas 130.<\/p>\n<p>O Caminh\u00e3o Amigo do Peito \u00e9 uma unidade m\u00f3vel dotada de equipamentos modernos que realiza exames de mamografia. A vinda do caminh\u00e3o para o munic\u00edpio \u00e9 uma parceria entre a Prefeitura de Sum\u00e9 e o projeto Amigo do Peito.<\/p>\n<p>A gest\u00e3o municipal tem buscado manter os servi\u00e7os \u00e0 popula\u00e7\u00e3o, mesmo durante a pandemia do coronav\u00edrus, adotando todas as medidas necess\u00e1rias de preven\u00e7\u00e3o ao v\u00edrus.<\/p>\n<p>Ascom\/PMS<\/p>\n<p>15\/12\/2020<\/p>\n","protected":false},"excerpt":{"rendered":"<p>O Caminh\u00e3o Amigo do Peito esteve nesta segunda e ter\u00e7a-feira, 14 e 15, em Sum\u00e9, para a realiza\u00e7\u00e3o de exames de mamografias. Foram atendidas mulheres na faixa et\u00e1ria de 40 a 69 anos, encaminhadas pelos profissionais das unidades b\u00e1sicas de sa\u00fade e a Prefeitura de Sum\u00e9 investiu ainda na compra de exames para pessoas de outras idades. Durante o ano de 2020, a Secretaria de Sa\u00fade de Sum\u00e9 j\u00e1 realizou cerca de 400 exames de mamografias, sendo 120 em setembro, 160 em outubro e neste m\u00eas 130. O Caminh\u00e3o Amigo do Peito \u00e9 uma unidade m\u00f3vel dotada de equipamentos modernos que realiza exames de mamografia. A vinda do caminh\u00e3o para o munic\u00edpio \u00e9 uma parceria entre a Prefeitura de Sum\u00e9 e o projeto Amigo do Peito. A gest\u00e3o municipal tem buscado manter os servi\u00e7os \u00e0 popula\u00e7\u00e3o, mesmo durante a pandemia do coronav\u00edrus, adotando todas as medidas necess\u00e1rias de preven\u00e7\u00e3o ao v\u00edrus. Ascom\/PMS 15\/12\/2020<\/p>\n","protected":false},"author":2,"featured_media":27965,"comment_status":"closed","ping_status":"open","sticky":false,"template":"","format":"standard","meta":{"_eb_attr":"","_jetpack_memberships_contains_paid_content":false,"footnotes":""},"categories":[3],"tags":[],"class_list":["post-27964","post","type-post","status-publish","format-standard","has-post-thumbnail","hentry","category-cidades"],"yoast_head":"<!-- This site is optimized with the Yoast SEO plugin v26.5 - https:\/\/yoast.com\/wordpress\/plugins\/seo\/ -->\n<title>Caminh\u00e3o Amigo do Peito esteve em Sum\u00e9 para a realiza\u00e7\u00e3o de exames de Mamografias - Not&iacute;cias em Destaque<\/title>\n<meta name=\"robots\" content=\"index, follow, max-snippet:-1, max-image-preview:large, max-video-preview:-1\" \/>\n<link rel=\"canonical\" href=\"https:\/\/noticiasemdestaque.com\/cd\/?p=27964\" \/>\n<meta property=\"og:locale\" content=\"pt_BR\" \/>\n<meta property=\"og:type\" content=\"article\" \/>\n<meta property=\"og:title\" content=\"Caminh\u00e3o Amigo do Peito esteve em Sum\u00e9 para a realiza\u00e7\u00e3o de exames de Mamografias - Not&iacute;cias em Destaque\" \/>\n<meta property=\"og:description\" content=\"O Caminh\u00e3o Amigo do Peito esteve nesta segunda e ter\u00e7a-feira, 14 e 15, em Sum\u00e9, para a realiza\u00e7\u00e3o de exames de mamografias. Foram atendidas mulheres na faixa et\u00e1ria de 40 a 69 anos, encaminhadas pelos profissionais das unidades b\u00e1sicas de sa\u00fade e a Prefeitura de Sum\u00e9 investiu ainda na compra de exames para pessoas de outras idades. Durante o ano de 2020, a Secretaria de Sa\u00fade de Sum\u00e9 j\u00e1 realizou cerca de 400 exames de mamografias, sendo 120 em setembro, 160 em outubro e neste m\u00eas 130. O Caminh\u00e3o Amigo do Peito \u00e9 uma unidade m\u00f3vel dotada de equipamentos modernos que realiza exames de mamografia. A vinda do caminh\u00e3o para o munic\u00edpio \u00e9 uma parceria entre a Prefeitura de Sum\u00e9 e o projeto Amigo do Peito. A gest\u00e3o municipal tem buscado manter os servi\u00e7os \u00e0 popula\u00e7\u00e3o, mesmo durante a pandemia do coronav\u00edrus, adotando todas as medidas necess\u00e1rias de preven\u00e7\u00e3o ao v\u00edrus. Ascom\/PMS 15\/12\/2020\" \/>\n<meta property=\"og:url\" content=\"https:\/\/noticiasemdestaque.com\/cd\/?p=27964\" \/>\n<meta property=\"og:site_name\" content=\"Not&iacute;cias em Destaque\" \/>\n<meta property=\"article:published_time\" content=\"2020-12-15T19:22:07+00:00\" \/>\n<meta property=\"og:image\" content=\"https:\/\/noticiasemdestaque.com\/cd\/wp-content\/uploads\/2020\/12\/WhatsApp-Image-2020-12-15-at-12.54.12.jpeg\" \/>\n\t<meta property=\"og:image:width\" content=\"1280\" \/>\n\t<meta property=\"og:image:height\" content=\"960\" \/>\n\t<meta property=\"og:image:type\" content=\"image\/jpeg\" \/>\n<meta name=\"author\" content=\"Not\u00edcias em Destaque\" \/>\n<meta name=\"twitter:card\" content=\"summary_large_image\" \/>\n<meta name=\"twitter:label1\" content=\"Escrito por\" \/>\n\t<meta name=\"twitter:data1\" content=\"Not\u00edcias em Destaque\" \/>\n\t<meta name=\"twitter:label2\" content=\"Est. tempo de leitura\" \/>\n\t<meta name=\"twitter:data2\" content=\"1 minuto\" \/>\n<script type=\"application\/ld+json\" class=\"yoast-schema-graph\">{\"@context\":\"https:\/\/schema.org\",\"@graph\":[{\"@type\":\"Article\",\"@id\":\"https:\/\/noticiasemdestaque.com\/cd\/?p=27964#article\",\"isPartOf\":{\"@id\":\"https:\/\/noticiasemdestaque.com\/cd\/?p=27964\"},\"author\":{\"name\":\"Not\u00edcias em Destaque\",\"@id\":\"https:\/\/noticiasemdestaque.com\/cd\/#\/schema\/person\/c1451142d5e4d7aa7848244ea9e4606f\"},\"headline\":\"Caminh\u00e3o Amigo do Peito esteve em Sum\u00e9 para a realiza\u00e7\u00e3o de exames de Mamografias\",\"datePublished\":\"2020-12-15T19:22:07+00:00\",\"mainEntityOfPage\":{\"@id\":\"https:\/\/noticiasemdestaque.com\/cd\/?p=27964\"},\"wordCount\":176,\"publisher\":{\"@id\":\"https:\/\/noticiasemdestaque.com\/cd\/#organization\"},\"image\":{\"@id\":\"https:\/\/noticiasemdestaque.com\/cd\/?p=27964#primaryimage\"},\"thumbnailUrl\":\"https:\/\/noticiasemdestaque.com\/cd\/wp-content\/uploads\/2020\/12\/WhatsApp-Image-2020-12-15-at-12.54.12.jpeg\",\"articleSection\":[\"Cidades\"],\"inLanguage\":\"pt-BR\"},{\"@type\":\"WebPage\",\"@id\":\"https:\/\/noticiasemdestaque.com\/cd\/?p=27964\",\"url\":\"https:\/\/noticiasemdestaque.com\/cd\/?p=27964\",\"name\":\"Caminh\u00e3o Amigo do Peito esteve em Sum\u00e9 para a realiza\u00e7\u00e3o de exames de Mamografias - Not&iacute;cias em Destaque\",\"isPartOf\":{\"@id\":\"https:\/\/noticiasemdestaque.com\/cd\/#website\"},\"primaryImageOfPage\":{\"@id\":\"https:\/\/noticiasemdestaque.com\/cd\/?p=27964#primaryimage\"},\"image\":{\"@id\":\"https:\/\/noticiasemdestaque.com\/cd\/?p=27964#primaryimage\"},\"thumbnailUrl\":\"https:\/\/noticiasemdestaque.com\/cd\/wp-content\/uploads\/2020\/12\/WhatsApp-Image-2020-12-15-at-12.54.12.jpeg\",\"datePublished\":\"2020-12-15T19:22:07+00:00\",\"breadcrumb\":{\"@id\":\"https:\/\/noticiasemdestaque.com\/cd\/?p=27964#breadcrumb\"},\"inLanguage\":\"pt-BR\",\"potentialAction\":[{\"@type\":\"ReadAction\",\"target\":[\"https:\/\/noticiasemdestaque.com\/cd\/?p=27964\"]}]},{\"@type\":\"ImageObject\",\"inLanguage\":\"pt-BR\",\"@id\":\"https:\/\/noticiasemdestaque.com\/cd\/?p=27964#primaryimage\",\"url\":\"https:\/\/noticiasemdestaque.com\/cd\/wp-content\/uploads\/2020\/12\/WhatsApp-Image-2020-12-15-at-12.54.12.jpeg\",\"contentUrl\":\"https:\/\/noticiasemdestaque.com\/cd\/wp-content\/uploads\/2020\/12\/WhatsApp-Image-2020-12-15-at-12.54.12.jpeg\",\"width\":1280,\"height\":960},{\"@type\":\"BreadcrumbList\",\"@id\":\"https:\/\/noticiasemdestaque.com\/cd\/?p=27964#breadcrumb\",\"itemListElement\":[{\"@type\":\"ListItem\",\"position\":1,\"name\":\"In\u00edcio\",\"item\":\"https:\/\/noticiasemdestaque.com\/cd\/\"},{\"@type\":\"ListItem\",\"position\":2,\"name\":\"Caminh\u00e3o Amigo do Peito esteve em Sum\u00e9 para a realiza\u00e7\u00e3o de exames de Mamografias\"}]},{\"@type\":\"WebSite\",\"@id\":\"https:\/\/noticiasemdestaque.com\/cd\/#website\",\"url\":\"https:\/\/noticiasemdestaque.com\/cd\/\",\"name\":\"Not&iacute;cias em Destaque\",\"description\":\"\",\"publisher\":{\"@id\":\"https:\/\/noticiasemdestaque.com\/cd\/#organization\"},\"potentialAction\":[{\"@type\":\"SearchAction\",\"target\":{\"@type\":\"EntryPoint\",\"urlTemplate\":\"https:\/\/noticiasemdestaque.com\/cd\/?s={search_term_string}\"},\"query-input\":{\"@type\":\"PropertyValueSpecification\",\"valueRequired\":true,\"valueName\":\"search_term_string\"}}],\"inLanguage\":\"pt-BR\"},{\"@type\":\"Organization\",\"@id\":\"https:\/\/noticiasemdestaque.com\/cd\/#organization\",\"name\":\"Not\u00edcias em Destaque\",\"url\":\"https:\/\/noticiasemdestaque.com\/cd\/\",\"logo\":{\"@type\":\"ImageObject\",\"inLanguage\":\"pt-BR\",\"@id\":\"https:\/\/noticiasemdestaque.com\/cd\/#\/schema\/logo\/image\/\",\"url\":\"https:\/\/noticiasemdestaque.com\/cd\/wp-content\/uploads\/2022\/05\/imagem-base-noticiasemdestaque.png\",\"contentUrl\":\"https:\/\/noticiasemdestaque.com\/cd\/wp-content\/uploads\/2022\/05\/imagem-base-noticiasemdestaque.png\",\"width\":1200,\"height\":630,\"caption\":\"Not\u00edcias em Destaque\"},\"image\":{\"@id\":\"https:\/\/noticiasemdestaque.com\/cd\/#\/schema\/logo\/image\/\"}},{\"@type\":\"Person\",\"@id\":\"https:\/\/noticiasemdestaque.com\/cd\/#\/schema\/person\/c1451142d5e4d7aa7848244ea9e4606f\",\"name\":\"Not\u00edcias em Destaque\",\"url\":\"https:\/\/noticiasemdestaque.com\/cd\/?author=2\"}]}<\/script>\n<!-- \/ Yoast SEO plugin. -->","yoast_head_json":{"title":"Caminh\u00e3o Amigo do Peito esteve em Sum\u00e9 para a realiza\u00e7\u00e3o de exames de Mamografias - Not&iacute;cias em Destaque","robots":{"index":"index","follow":"follow","max-snippet":"max-snippet:-1","max-image-preview":"max-image-preview:large","max-video-preview":"max-video-preview:-1"},"canonical":"https:\/\/noticiasemdestaque.com\/cd\/?p=27964","og_locale":"pt_BR","og_type":"article","og_title":"Caminh\u00e3o Amigo do Peito esteve em Sum\u00e9 para a realiza\u00e7\u00e3o de exames de Mamografias - Not&iacute;cias em Destaque","og_description":"O Caminh\u00e3o Amigo do Peito esteve nesta segunda e ter\u00e7a-feira, 14 e 15, em Sum\u00e9, para a realiza\u00e7\u00e3o de exames de mamografias. Foram atendidas mulheres na faixa et\u00e1ria de 40 a 69 anos, encaminhadas pelos profissionais das unidades b\u00e1sicas de sa\u00fade e a Prefeitura de Sum\u00e9 investiu ainda na compra de exames para pessoas de outras idades. Durante o ano de 2020, a Secretaria de Sa\u00fade de Sum\u00e9 j\u00e1 realizou cerca de 400 exames de mamografias, sendo 120 em setembro, 160 em outubro e neste m\u00eas 130. O Caminh\u00e3o Amigo do Peito \u00e9 uma unidade m\u00f3vel dotada de equipamentos modernos que realiza exames de mamografia. A vinda do caminh\u00e3o para o munic\u00edpio \u00e9 uma parceria entre a Prefeitura de Sum\u00e9 e o projeto Amigo do Peito. A gest\u00e3o municipal tem buscado manter os servi\u00e7os \u00e0 popula\u00e7\u00e3o, mesmo durante a pandemia do coronav\u00edrus, adotando todas as medidas necess\u00e1rias de preven\u00e7\u00e3o ao v\u00edrus. Ascom\/PMS 15\/12\/2020","og_url":"https:\/\/noticiasemdestaque.com\/cd\/?p=27964","og_site_name":"Not&iacute;cias em Destaque","article_published_time":"2020-12-15T19:22:07+00:00","og_image":[{"width":1280,"height":960,"url":"https:\/\/noticiasemdestaque.com\/cd\/wp-content\/uploads\/2020\/12\/WhatsApp-Image-2020-12-15-at-12.54.12.jpeg","type":"image\/jpeg"}],"author":"Not\u00edcias em Destaque","twitter_card":"summary_large_image","twitter_misc":{"Escrito por":"Not\u00edcias em Destaque","Est. tempo de leitura":"1 minuto"},"schema":{"@context":"https:\/\/schema.org","@graph":[{"@type":"Article","@id":"https:\/\/noticiasemdestaque.com\/cd\/?p=27964#article","isPartOf":{"@id":"https:\/\/noticiasemdestaque.com\/cd\/?p=27964"},"author":{"name":"Not\u00edcias em Destaque","@id":"https:\/\/noticiasemdestaque.com\/cd\/#\/schema\/person\/c1451142d5e4d7aa7848244ea9e4606f"},"headline":"Caminh\u00e3o Amigo do Peito esteve em Sum\u00e9 para a realiza\u00e7\u00e3o de exames de Mamografias","datePublished":"2020-12-15T19:22:07+00:00","mainEntityOfPage":{"@id":"https:\/\/noticiasemdestaque.com\/cd\/?p=27964"},"wordCount":176,"publisher":{"@id":"https:\/\/noticiasemdestaque.com\/cd\/#organization"},"image":{"@id":"https:\/\/noticiasemdestaque.com\/cd\/?p=27964#primaryimage"},"thumbnailUrl":"https:\/\/noticiasemdestaque.com\/cd\/wp-content\/uploads\/2020\/12\/WhatsApp-Image-2020-12-15-at-12.54.12.jpeg","articleSection":["Cidades"],"inLanguage":"pt-BR"},{"@type":"WebPage","@id":"https:\/\/noticiasemdestaque.com\/cd\/?p=27964","url":"https:\/\/noticiasemdestaque.com\/cd\/?p=27964","name":"Caminh\u00e3o Amigo do Peito esteve em Sum\u00e9 para a realiza\u00e7\u00e3o de exames de Mamografias - Not&iacute;cias em Destaque","isPartOf":{"@id":"https:\/\/noticiasemdestaque.com\/cd\/#website"},"primaryImageOfPage":{"@id":"https:\/\/noticiasemdestaque.com\/cd\/?p=27964#primaryimage"},"image":{"@id":"https:\/\/noticiasemdestaque.com\/cd\/?p=27964#primaryimage"},"thumbnailUrl":"https:\/\/noticiasemdestaque.com\/cd\/wp-content\/uploads\/2020\/12\/WhatsApp-Image-2020-12-15-at-12.54.12.jpeg","datePublished":"2020-12-15T19:22:07+00:00","breadcrumb":{"@id":"https:\/\/noticiasemdestaque.com\/cd\/?p=27964#breadcrumb"},"inLanguage":"pt-BR","potentialAction":[{"@type":"ReadAction","target":["https:\/\/noticiasemdestaque.com\/cd\/?p=27964"]}]},{"@type":"ImageObject","inLanguage":"pt-BR","@id":"https:\/\/noticiasemdestaque.com\/cd\/?p=27964#primaryimage","url":"https:\/\/noticiasemdestaque.com\/cd\/wp-content\/uploads\/2020\/12\/WhatsApp-Image-2020-12-15-at-12.54.12.jpeg","contentUrl":"https:\/\/noticiasemdestaque.com\/cd\/wp-content\/uploads\/2020\/12\/WhatsApp-Image-2020-12-15-at-12.54.12.jpeg","width":1280,"height":960},{"@type":"BreadcrumbList","@id":"https:\/\/noticiasemdestaque.com\/cd\/?p=27964#breadcrumb","itemListElement":[{"@type":"ListItem","position":1,"name":"In\u00edcio","item":"https:\/\/noticiasemdestaque.com\/cd\/"},{"@type":"ListItem","position":2,"name":"Caminh\u00e3o Amigo do Peito esteve em Sum\u00e9 para a realiza\u00e7\u00e3o de exames de Mamografias"}]},{"@type":"WebSite","@id":"https:\/\/noticiasemdestaque.com\/cd\/#website","url":"https:\/\/noticiasemdestaque.com\/cd\/","name":"Not&iacute;cias em Destaque","description":"","publisher":{"@id":"https:\/\/noticiasemdestaque.com\/cd\/#organization"},"potentialAction":[{"@type":"SearchAction","target":{"@type":"EntryPoint","urlTemplate":"https:\/\/noticiasemdestaque.com\/cd\/?s={search_term_string}"},"query-input":{"@type":"PropertyValueSpecification","valueRequired":true,"valueName":"search_term_string"}}],"inLanguage":"pt-BR"},{"@type":"Organization","@id":"https:\/\/noticiasemdestaque.com\/cd\/#organization","name":"Not\u00edcias em Destaque","url":"https:\/\/noticiasemdestaque.com\/cd\/","logo":{"@type":"ImageObject","inLanguage":"pt-BR","@id":"https:\/\/noticiasemdestaque.com\/cd\/#\/schema\/logo\/image\/","url":"https:\/\/noticiasemdestaque.com\/cd\/wp-content\/uploads\/2022\/05\/imagem-base-noticiasemdestaque.png","contentUrl":"https:\/\/noticiasemdestaque.com\/cd\/wp-content\/uploads\/2022\/05\/imagem-base-noticiasemdestaque.png","width":1200,"height":630,"caption":"Not\u00edcias em Destaque"},"image":{"@id":"https:\/\/noticiasemdestaque.com\/cd\/#\/schema\/logo\/image\/"}},{"@type":"Person","@id":"https:\/\/noticiasemdestaque.com\/cd\/#\/schema\/person\/c1451142d5e4d7aa7848244ea9e4606f","name":"Not\u00edcias em Destaque","url":"https:\/\/noticiasemdestaque.com\/cd\/?author=2"}]}},"jetpack_featured_media_url":"https:\/\/noticiasemdestaque.com\/cd\/wp-content\/uploads\/2020\/12\/WhatsApp-Image-2020-12-15-at-12.54.12.jpeg","jetpack_sharing_enabled":true,"_links":{"self":[{"href":"https:\/\/noticiasemdestaque.com\/cd\/index.php?rest_route=\/wp\/v2\/posts\/27964","targetHints":{"allow":["GET"]}}],"collection":[{"href":"https:\/\/noticiasemdestaque.com\/cd\/index.php?rest_route=\/wp\/v2\/posts"}],"about":[{"href":"https:\/\/noticiasemdestaque.com\/cd\/index.php?rest_route=\/wp\/v2\/types\/post"}],"author":[{"embeddable":true,"href":"https:\/\/noticiasemdestaque.com\/cd\/index.php?rest_route=\/wp\/v2\/users\/2"}],"replies":[{"embeddable":true,"href":"https:\/\/noticiasemdestaque.com\/cd\/index.php?rest_route=%2Fwp%2Fv2%2Fcomments&post=27964"}],"version-history":[{"count":1,"href":"https:\/\/noticiasemdestaque.com\/cd\/index.php?rest_route=\/wp\/v2\/posts\/27964\/revisions"}],"predecessor-version":[{"id":27966,"href":"https:\/\/noticiasemdestaque.com\/cd\/index.php?rest_route=\/wp\/v2\/posts\/27964\/revisions\/27966"}],"wp:featuredmedia":[{"embeddable":true,"href":"https:\/\/noticiasemdestaque.com\/cd\/index.php?rest_route=\/wp\/v2\/media\/27965"}],"wp:attachment":[{"href":"https:\/\/noticiasemdestaque.com\/cd\/index.php?rest_route=%2Fwp%2Fv2%2Fmedia&parent=27964"}],"wp:term":[{"taxonomy":"category","embeddable":true,"href":"https:\/\/noticiasemdestaque.com\/cd\/index.php?rest_route=%2Fwp%2Fv2%2Fcategories&post=27964"},{"taxonomy":"post_tag","embeddable":true,"href":"https:\/\/noticiasemdestaque.com\/cd\/index.php?rest_route=%2Fwp%2Fv2%2Ftags&post=27964"}],"curies":[{"name":"wp","href":"https:\/\/api.w.org\/{rel}","templated":true}]}}