{"id":27952,"date":"2020-12-14T20:21:18","date_gmt":"2020-12-14T23:21:18","guid":{"rendered":"http:\/\/noticiasemdestaque.com\/cd\/?p=27952"},"modified":"2020-12-14T20:21:18","modified_gmt":"2020-12-14T23:21:18","slug":"assistencia-social-de-sume-planeja-2a-edicao-do-projeto-fortalecendo-vinculos-e-resgatando-sonhos","status":"publish","type":"post","link":"https:\/\/noticiasemdestaque.com\/cd\/?p=27952","title":{"rendered":"Assist\u00eancia Social de Sum\u00e9 planeja 2\u00aa edi\u00e7\u00e3o do Projeto \u201cFortalecendo V\u00ednculos e Resgatando Sonhos\u201d"},"content":{"rendered":"<p><a href=\"https:\/\/noticiasemdestaque.com\/cd\/wp-content\/uploads\/2020\/12\/WhatsApp-Image-2020-12-14-at-12.14.17-2.jpeg\"><img fetchpriority=\"high\" decoding=\"async\" class=\"size-medium wp-image-27953 alignleft\" src=\"https:\/\/noticiasemdestaque.com\/cd\/wp-content\/uploads\/2020\/12\/WhatsApp-Image-2020-12-14-at-12.14.17-2-300x225.jpeg\" alt=\"\" width=\"300\" height=\"225\" srcset=\"https:\/\/noticiasemdestaque.com\/cd\/wp-content\/uploads\/2020\/12\/WhatsApp-Image-2020-12-14-at-12.14.17-2-300x225.jpeg 300w, https:\/\/noticiasemdestaque.com\/cd\/wp-content\/uploads\/2020\/12\/WhatsApp-Image-2020-12-14-at-12.14.17-2-1024x768.jpeg 1024w, https:\/\/noticiasemdestaque.com\/cd\/wp-content\/uploads\/2020\/12\/WhatsApp-Image-2020-12-14-at-12.14.17-2-768x576.jpeg 768w, https:\/\/noticiasemdestaque.com\/cd\/wp-content\/uploads\/2020\/12\/WhatsApp-Image-2020-12-14-at-12.14.17-2-640x480.jpeg 640w, https:\/\/noticiasemdestaque.com\/cd\/wp-content\/uploads\/2020\/12\/WhatsApp-Image-2020-12-14-at-12.14.17-2.jpeg 1152w\" sizes=\"(max-width: 300px) 100vw, 300px\" \/><\/a><\/p>\n<p>A Secretaria de Assist\u00eancia Social, por meio do Cras, realizou na \u00faltima sexta-feira, 11 de dezembro, na quadra da Escola Z\u00e9lia Braz, um encontro presencial com algumas mulheres sumeenses, para tratar da segunda edi\u00e7\u00e3o do Projeto \u201cFortalecendo V\u00ednculos e Resgatando Sonhos\u201d, que culminar\u00e1 com um \u201cBaile de Debutantes\u201d, em uma data ainda a ser definida. Na ocasi\u00e3o, houve um sorteio para a defini\u00e7\u00e3o das madrinhas.<\/p>\n<p>De acordo com a secret\u00e1ria Tanniery L\u00eala, o grupo de jovens dos Servi\u00e7os de Conviv\u00eancia e Fortalecimento de V\u00ednculos (SCFV) conta hoje com 25 meninas, sendo que 15 delas participar\u00e3o da festa.<\/p>\n<p>Devido ao per\u00edodo de pandemia do novo coronav\u00edrus, segundo Tanniery, o Baile das Debutantes est\u00e1 sendo programado para o primeiro quadrimestre de 2021.<\/p>\n<p>Tanniery fez quest\u00e3o de destacar tamb\u00e9m o apoio das mulheres sumeenses parceiras do evento. \u201cA aceita\u00e7\u00e3o das madrinhas est\u00e1 sendo excelente. Muitas delas, inclusive se prontificaram amadrinhar o projeto, depois que viram o sucesso da primeira edi\u00e7\u00e3o\u201d, enfatizou a secret\u00e1ria.<\/p>\n<p><a href=\"https:\/\/noticiasemdestaque.com\/cd\/wp-content\/uploads\/2020\/12\/WhatsApp-Image-2020-12-14-at-12.17.52.jpeg\"><img decoding=\"async\" class=\"size-medium wp-image-27954 alignright\" src=\"https:\/\/noticiasemdestaque.com\/cd\/wp-content\/uploads\/2020\/12\/WhatsApp-Image-2020-12-14-at-12.17.52-300x225.jpeg\" alt=\"\" width=\"300\" height=\"225\" srcset=\"https:\/\/noticiasemdestaque.com\/cd\/wp-content\/uploads\/2020\/12\/WhatsApp-Image-2020-12-14-at-12.17.52-300x225.jpeg 300w, https:\/\/noticiasemdestaque.com\/cd\/wp-content\/uploads\/2020\/12\/WhatsApp-Image-2020-12-14-at-12.17.52-1024x768.jpeg 1024w, https:\/\/noticiasemdestaque.com\/cd\/wp-content\/uploads\/2020\/12\/WhatsApp-Image-2020-12-14-at-12.17.52-768x576.jpeg 768w, https:\/\/noticiasemdestaque.com\/cd\/wp-content\/uploads\/2020\/12\/WhatsApp-Image-2020-12-14-at-12.17.52-640x480.jpeg 640w, https:\/\/noticiasemdestaque.com\/cd\/wp-content\/uploads\/2020\/12\/WhatsApp-Image-2020-12-14-at-12.17.52.jpeg 1152w\" sizes=\"(max-width: 300px) 100vw, 300px\" \/><\/a>A debutante Camile Vit\u00f3ria, afirmou que ficou muito feliz em saber que vai participar do baile e que esse momento, para ela, est\u00e1 sendo a realiza\u00e7\u00e3o de um sonho.<\/p>\n<p>Damiana Lopes, m\u00e3e de uma das debutantes, disse que ficou muito agradecida e emocionada pelo fato de sua filha est\u00e1 participando de um momento t\u00e3o especial para a vida de toda adolescente.<\/p>\n<p>Para Euza Barbosa, diretora do Cisco, ter a oportunidade de amadrinhar uma das debutantes \u00e9 algo que lhe deixou muito feliz, pois segundo ela, \u201cum afilhado (a) \u00e9 mais um membro da fam\u00edlia que se ganha\u201d, frisou.<\/p>\n<p><em><strong>Not\u00edcias em Destaque<\/strong><\/em><\/p>\n<p>Com Ascom<\/p>\n","protected":false},"excerpt":{"rendered":"<p>A Secretaria de Assist\u00eancia Social, por meio do Cras, realizou na \u00faltima sexta-feira, 11 de dezembro, na quadra da Escola Z\u00e9lia Braz, um encontro presencial com algumas mulheres sumeenses, para tratar da segunda edi\u00e7\u00e3o do Projeto \u201cFortalecendo V\u00ednculos e Resgatando Sonhos\u201d, que culminar\u00e1 com um \u201cBaile de Debutantes\u201d, em uma data ainda a ser definida. Na ocasi\u00e3o, houve um sorteio para a defini\u00e7\u00e3o das madrinhas. De acordo com a secret\u00e1ria Tanniery L\u00eala, o grupo de jovens dos Servi\u00e7os de Conviv\u00eancia e Fortalecimento de V\u00ednculos (SCFV) conta hoje com 25 meninas, sendo que 15 delas participar\u00e3o da festa. Devido ao per\u00edodo de pandemia do novo coronav\u00edrus, segundo Tanniery, o Baile das Debutantes est\u00e1 sendo programado para o primeiro quadrimestre de 2021. Tanniery fez quest\u00e3o de destacar tamb\u00e9m o apoio das mulheres sumeenses parceiras do evento. \u201cA aceita\u00e7\u00e3o das madrinhas est\u00e1 sendo excelente. Muitas delas, inclusive se prontificaram amadrinhar o projeto, depois que viram o sucesso da primeira edi\u00e7\u00e3o\u201d, enfatizou a secret\u00e1ria. A debutante Camile Vit\u00f3ria, afirmou que ficou muito feliz em saber que vai participar do baile e que esse momento, para ela, est\u00e1 sendo a realiza\u00e7\u00e3o de um sonho. Damiana Lopes, m\u00e3e de uma das debutantes, disse que ficou muito agradecida e emocionada pelo fato de sua filha est\u00e1 participando de um momento t\u00e3o especial para a vida de toda adolescente. Para Euza Barbosa, diretora do Cisco, ter a oportunidade de amadrinhar uma das debutantes \u00e9 algo que lhe deixou muito feliz, pois segundo ela, \u201cum afilhado (a) \u00e9 mais um membro da fam\u00edlia que se ganha\u201d, frisou. Not\u00edcias em Destaque Com Ascom<\/p>\n","protected":false},"author":2,"featured_media":27953,"comment_status":"closed","ping_status":"open","sticky":false,"template":"","format":"standard","meta":{"_eb_attr":"","_jetpack_memberships_contains_paid_content":false,"footnotes":""},"categories":[12],"tags":[],"class_list":["post-27952","post","type-post","status-publish","format-standard","has-post-thumbnail","hentry","category-geral"],"yoast_head":"<!-- This site is optimized with the Yoast SEO plugin v26.5 - https:\/\/yoast.com\/wordpress\/plugins\/seo\/ -->\n<title>Assist\u00eancia Social de Sum\u00e9 planeja 2\u00aa edi\u00e7\u00e3o do Projeto \u201cFortalecendo V\u00ednculos e Resgatando Sonhos\u201d - Not&iacute;cias em Destaque<\/title>\n<meta name=\"robots\" content=\"index, follow, max-snippet:-1, max-image-preview:large, max-video-preview:-1\" \/>\n<link rel=\"canonical\" href=\"https:\/\/noticiasemdestaque.com\/cd\/?p=27952\" \/>\n<meta property=\"og:locale\" content=\"pt_BR\" \/>\n<meta property=\"og:type\" content=\"article\" \/>\n<meta property=\"og:title\" content=\"Assist\u00eancia Social de Sum\u00e9 planeja 2\u00aa edi\u00e7\u00e3o do Projeto \u201cFortalecendo V\u00ednculos e Resgatando Sonhos\u201d - Not&iacute;cias em Destaque\" \/>\n<meta property=\"og:description\" content=\"A Secretaria de Assist\u00eancia Social, por meio do Cras, realizou na \u00faltima sexta-feira, 11 de dezembro, na quadra da Escola Z\u00e9lia Braz, um encontro presencial com algumas mulheres sumeenses, para tratar da segunda edi\u00e7\u00e3o do Projeto \u201cFortalecendo V\u00ednculos e Resgatando Sonhos\u201d, que culminar\u00e1 com um \u201cBaile de Debutantes\u201d, em uma data ainda a ser definida. Na ocasi\u00e3o, houve um sorteio para a defini\u00e7\u00e3o das madrinhas. De acordo com a secret\u00e1ria Tanniery L\u00eala, o grupo de jovens dos Servi\u00e7os de Conviv\u00eancia e Fortalecimento de V\u00ednculos (SCFV) conta hoje com 25 meninas, sendo que 15 delas participar\u00e3o da festa. Devido ao per\u00edodo de pandemia do novo coronav\u00edrus, segundo Tanniery, o Baile das Debutantes est\u00e1 sendo programado para o primeiro quadrimestre de 2021. Tanniery fez quest\u00e3o de destacar tamb\u00e9m o apoio das mulheres sumeenses parceiras do evento. \u201cA aceita\u00e7\u00e3o das madrinhas est\u00e1 sendo excelente. Muitas delas, inclusive se prontificaram amadrinhar o projeto, depois que viram o sucesso da primeira edi\u00e7\u00e3o\u201d, enfatizou a secret\u00e1ria. A debutante Camile Vit\u00f3ria, afirmou que ficou muito feliz em saber que vai participar do baile e que esse momento, para ela, est\u00e1 sendo a realiza\u00e7\u00e3o de um sonho. Damiana Lopes, m\u00e3e de uma das debutantes, disse que ficou muito agradecida e emocionada pelo fato de sua filha est\u00e1 participando de um momento t\u00e3o especial para a vida de toda adolescente. Para Euza Barbosa, diretora do Cisco, ter a oportunidade de amadrinhar uma das debutantes \u00e9 algo que lhe deixou muito feliz, pois segundo ela, \u201cum afilhado (a) \u00e9 mais um membro da fam\u00edlia que se ganha\u201d, frisou. Not\u00edcias em Destaque Com Ascom\" \/>\n<meta property=\"og:url\" content=\"https:\/\/noticiasemdestaque.com\/cd\/?p=27952\" \/>\n<meta property=\"og:site_name\" content=\"Not&iacute;cias em Destaque\" \/>\n<meta property=\"article:published_time\" content=\"2020-12-14T23:21:18+00:00\" \/>\n<meta property=\"og:image\" content=\"https:\/\/noticiasemdestaque.com\/cd\/wp-content\/uploads\/2020\/12\/WhatsApp-Image-2020-12-14-at-12.14.17-2.jpeg\" \/>\n\t<meta property=\"og:image:width\" content=\"1152\" \/>\n\t<meta property=\"og:image:height\" content=\"864\" \/>\n\t<meta property=\"og:image:type\" content=\"image\/jpeg\" \/>\n<meta name=\"author\" content=\"Not\u00edcias em Destaque\" \/>\n<meta name=\"twitter:card\" content=\"summary_large_image\" \/>\n<meta name=\"twitter:label1\" content=\"Escrito por\" \/>\n\t<meta name=\"twitter:data1\" content=\"Not\u00edcias em Destaque\" \/>\n\t<meta name=\"twitter:label2\" content=\"Est. tempo de leitura\" \/>\n\t<meta name=\"twitter:data2\" content=\"1 minuto\" \/>\n<script type=\"application\/ld+json\" class=\"yoast-schema-graph\">{\"@context\":\"https:\/\/schema.org\",\"@graph\":[{\"@type\":\"Article\",\"@id\":\"https:\/\/noticiasemdestaque.com\/cd\/?p=27952#article\",\"isPartOf\":{\"@id\":\"https:\/\/noticiasemdestaque.com\/cd\/?p=27952\"},\"author\":{\"name\":\"Not\u00edcias em Destaque\",\"@id\":\"https:\/\/noticiasemdestaque.com\/cd\/#\/schema\/person\/3e6ba396ff5664a69c392f09a8e1504c\"},\"headline\":\"Assist\u00eancia Social de Sum\u00e9 planeja 2\u00aa edi\u00e7\u00e3o do Projeto \u201cFortalecendo V\u00ednculos e Resgatando Sonhos\u201d\",\"datePublished\":\"2020-12-14T23:21:18+00:00\",\"mainEntityOfPage\":{\"@id\":\"https:\/\/noticiasemdestaque.com\/cd\/?p=27952\"},\"wordCount\":298,\"publisher\":{\"@id\":\"https:\/\/noticiasemdestaque.com\/cd\/#organization\"},\"image\":{\"@id\":\"https:\/\/noticiasemdestaque.com\/cd\/?p=27952#primaryimage\"},\"thumbnailUrl\":\"https:\/\/noticiasemdestaque.com\/cd\/wp-content\/uploads\/2020\/12\/WhatsApp-Image-2020-12-14-at-12.14.17-2.jpeg\",\"articleSection\":[\"Geral\"],\"inLanguage\":\"pt-BR\"},{\"@type\":\"WebPage\",\"@id\":\"https:\/\/noticiasemdestaque.com\/cd\/?p=27952\",\"url\":\"https:\/\/noticiasemdestaque.com\/cd\/?p=27952\",\"name\":\"Assist\u00eancia Social de Sum\u00e9 planeja 2\u00aa edi\u00e7\u00e3o do Projeto \u201cFortalecendo V\u00ednculos e Resgatando Sonhos\u201d - Not&iacute;cias em Destaque\",\"isPartOf\":{\"@id\":\"https:\/\/noticiasemdestaque.com\/cd\/#website\"},\"primaryImageOfPage\":{\"@id\":\"https:\/\/noticiasemdestaque.com\/cd\/?p=27952#primaryimage\"},\"image\":{\"@id\":\"https:\/\/noticiasemdestaque.com\/cd\/?p=27952#primaryimage\"},\"thumbnailUrl\":\"https:\/\/noticiasemdestaque.com\/cd\/wp-content\/uploads\/2020\/12\/WhatsApp-Image-2020-12-14-at-12.14.17-2.jpeg\",\"datePublished\":\"2020-12-14T23:21:18+00:00\",\"breadcrumb\":{\"@id\":\"https:\/\/noticiasemdestaque.com\/cd\/?p=27952#breadcrumb\"},\"inLanguage\":\"pt-BR\",\"potentialAction\":[{\"@type\":\"ReadAction\",\"target\":[\"https:\/\/noticiasemdestaque.com\/cd\/?p=27952\"]}]},{\"@type\":\"ImageObject\",\"inLanguage\":\"pt-BR\",\"@id\":\"https:\/\/noticiasemdestaque.com\/cd\/?p=27952#primaryimage\",\"url\":\"https:\/\/noticiasemdestaque.com\/cd\/wp-content\/uploads\/2020\/12\/WhatsApp-Image-2020-12-14-at-12.14.17-2.jpeg\",\"contentUrl\":\"https:\/\/noticiasemdestaque.com\/cd\/wp-content\/uploads\/2020\/12\/WhatsApp-Image-2020-12-14-at-12.14.17-2.jpeg\",\"width\":1152,\"height\":864},{\"@type\":\"BreadcrumbList\",\"@id\":\"https:\/\/noticiasemdestaque.com\/cd\/?p=27952#breadcrumb\",\"itemListElement\":[{\"@type\":\"ListItem\",\"position\":1,\"name\":\"In\u00edcio\",\"item\":\"https:\/\/noticiasemdestaque.com\/cd\/\"},{\"@type\":\"ListItem\",\"position\":2,\"name\":\"Assist\u00eancia Social de Sum\u00e9 planeja 2\u00aa edi\u00e7\u00e3o do Projeto \u201cFortalecendo V\u00ednculos e Resgatando Sonhos\u201d\"}]},{\"@type\":\"WebSite\",\"@id\":\"https:\/\/noticiasemdestaque.com\/cd\/#website\",\"url\":\"https:\/\/noticiasemdestaque.com\/cd\/\",\"name\":\"Not&iacute;cias em Destaque\",\"description\":\"\",\"publisher\":{\"@id\":\"https:\/\/noticiasemdestaque.com\/cd\/#organization\"},\"potentialAction\":[{\"@type\":\"SearchAction\",\"target\":{\"@type\":\"EntryPoint\",\"urlTemplate\":\"https:\/\/noticiasemdestaque.com\/cd\/?s={search_term_string}\"},\"query-input\":{\"@type\":\"PropertyValueSpecification\",\"valueRequired\":true,\"valueName\":\"search_term_string\"}}],\"inLanguage\":\"pt-BR\"},{\"@type\":\"Organization\",\"@id\":\"https:\/\/noticiasemdestaque.com\/cd\/#organization\",\"name\":\"Not\u00edcias em Destaque\",\"url\":\"https:\/\/noticiasemdestaque.com\/cd\/\",\"logo\":{\"@type\":\"ImageObject\",\"inLanguage\":\"pt-BR\",\"@id\":\"https:\/\/noticiasemdestaque.com\/cd\/#\/schema\/logo\/image\/\",\"url\":\"https:\/\/noticiasemdestaque.com\/cd\/wp-content\/uploads\/2022\/05\/imagem-base-noticiasemdestaque.png\",\"contentUrl\":\"https:\/\/noticiasemdestaque.com\/cd\/wp-content\/uploads\/2022\/05\/imagem-base-noticiasemdestaque.png\",\"width\":1200,\"height\":630,\"caption\":\"Not\u00edcias em Destaque\"},\"image\":{\"@id\":\"https:\/\/noticiasemdestaque.com\/cd\/#\/schema\/logo\/image\/\"}},{\"@type\":\"Person\",\"@id\":\"https:\/\/noticiasemdestaque.com\/cd\/#\/schema\/person\/3e6ba396ff5664a69c392f09a8e1504c\",\"name\":\"Not\u00edcias em Destaque\",\"url\":\"https:\/\/noticiasemdestaque.com\/cd\/?author=2\"}]}<\/script>\n<!-- \/ Yoast SEO plugin. -->","yoast_head_json":{"title":"Assist\u00eancia Social de Sum\u00e9 planeja 2\u00aa edi\u00e7\u00e3o do Projeto \u201cFortalecendo V\u00ednculos e Resgatando Sonhos\u201d - Not&iacute;cias em Destaque","robots":{"index":"index","follow":"follow","max-snippet":"max-snippet:-1","max-image-preview":"max-image-preview:large","max-video-preview":"max-video-preview:-1"},"canonical":"https:\/\/noticiasemdestaque.com\/cd\/?p=27952","og_locale":"pt_BR","og_type":"article","og_title":"Assist\u00eancia Social de Sum\u00e9 planeja 2\u00aa edi\u00e7\u00e3o do Projeto \u201cFortalecendo V\u00ednculos e Resgatando Sonhos\u201d - Not&iacute;cias em Destaque","og_description":"A Secretaria de Assist\u00eancia Social, por meio do Cras, realizou na \u00faltima sexta-feira, 11 de dezembro, na quadra da Escola Z\u00e9lia Braz, um encontro presencial com algumas mulheres sumeenses, para tratar da segunda edi\u00e7\u00e3o do Projeto \u201cFortalecendo V\u00ednculos e Resgatando Sonhos\u201d, que culminar\u00e1 com um \u201cBaile de Debutantes\u201d, em uma data ainda a ser definida. Na ocasi\u00e3o, houve um sorteio para a defini\u00e7\u00e3o das madrinhas. De acordo com a secret\u00e1ria Tanniery L\u00eala, o grupo de jovens dos Servi\u00e7os de Conviv\u00eancia e Fortalecimento de V\u00ednculos (SCFV) conta hoje com 25 meninas, sendo que 15 delas participar\u00e3o da festa. Devido ao per\u00edodo de pandemia do novo coronav\u00edrus, segundo Tanniery, o Baile das Debutantes est\u00e1 sendo programado para o primeiro quadrimestre de 2021. Tanniery fez quest\u00e3o de destacar tamb\u00e9m o apoio das mulheres sumeenses parceiras do evento. \u201cA aceita\u00e7\u00e3o das madrinhas est\u00e1 sendo excelente. Muitas delas, inclusive se prontificaram amadrinhar o projeto, depois que viram o sucesso da primeira edi\u00e7\u00e3o\u201d, enfatizou a secret\u00e1ria. A debutante Camile Vit\u00f3ria, afirmou que ficou muito feliz em saber que vai participar do baile e que esse momento, para ela, est\u00e1 sendo a realiza\u00e7\u00e3o de um sonho. Damiana Lopes, m\u00e3e de uma das debutantes, disse que ficou muito agradecida e emocionada pelo fato de sua filha est\u00e1 participando de um momento t\u00e3o especial para a vida de toda adolescente. Para Euza Barbosa, diretora do Cisco, ter a oportunidade de amadrinhar uma das debutantes \u00e9 algo que lhe deixou muito feliz, pois segundo ela, \u201cum afilhado (a) \u00e9 mais um membro da fam\u00edlia que se ganha\u201d, frisou. Not\u00edcias em Destaque Com Ascom","og_url":"https:\/\/noticiasemdestaque.com\/cd\/?p=27952","og_site_name":"Not&iacute;cias em Destaque","article_published_time":"2020-12-14T23:21:18+00:00","og_image":[{"width":1152,"height":864,"url":"https:\/\/noticiasemdestaque.com\/cd\/wp-content\/uploads\/2020\/12\/WhatsApp-Image-2020-12-14-at-12.14.17-2.jpeg","type":"image\/jpeg"}],"author":"Not\u00edcias em Destaque","twitter_card":"summary_large_image","twitter_misc":{"Escrito por":"Not\u00edcias em Destaque","Est. tempo de leitura":"1 minuto"},"schema":{"@context":"https:\/\/schema.org","@graph":[{"@type":"Article","@id":"https:\/\/noticiasemdestaque.com\/cd\/?p=27952#article","isPartOf":{"@id":"https:\/\/noticiasemdestaque.com\/cd\/?p=27952"},"author":{"name":"Not\u00edcias em Destaque","@id":"https:\/\/noticiasemdestaque.com\/cd\/#\/schema\/person\/3e6ba396ff5664a69c392f09a8e1504c"},"headline":"Assist\u00eancia Social de Sum\u00e9 planeja 2\u00aa edi\u00e7\u00e3o do Projeto \u201cFortalecendo V\u00ednculos e Resgatando Sonhos\u201d","datePublished":"2020-12-14T23:21:18+00:00","mainEntityOfPage":{"@id":"https:\/\/noticiasemdestaque.com\/cd\/?p=27952"},"wordCount":298,"publisher":{"@id":"https:\/\/noticiasemdestaque.com\/cd\/#organization"},"image":{"@id":"https:\/\/noticiasemdestaque.com\/cd\/?p=27952#primaryimage"},"thumbnailUrl":"https:\/\/noticiasemdestaque.com\/cd\/wp-content\/uploads\/2020\/12\/WhatsApp-Image-2020-12-14-at-12.14.17-2.jpeg","articleSection":["Geral"],"inLanguage":"pt-BR"},{"@type":"WebPage","@id":"https:\/\/noticiasemdestaque.com\/cd\/?p=27952","url":"https:\/\/noticiasemdestaque.com\/cd\/?p=27952","name":"Assist\u00eancia Social de Sum\u00e9 planeja 2\u00aa edi\u00e7\u00e3o do Projeto \u201cFortalecendo V\u00ednculos e Resgatando Sonhos\u201d - Not&iacute;cias em Destaque","isPartOf":{"@id":"https:\/\/noticiasemdestaque.com\/cd\/#website"},"primaryImageOfPage":{"@id":"https:\/\/noticiasemdestaque.com\/cd\/?p=27952#primaryimage"},"image":{"@id":"https:\/\/noticiasemdestaque.com\/cd\/?p=27952#primaryimage"},"thumbnailUrl":"https:\/\/noticiasemdestaque.com\/cd\/wp-content\/uploads\/2020\/12\/WhatsApp-Image-2020-12-14-at-12.14.17-2.jpeg","datePublished":"2020-12-14T23:21:18+00:00","breadcrumb":{"@id":"https:\/\/noticiasemdestaque.com\/cd\/?p=27952#breadcrumb"},"inLanguage":"pt-BR","potentialAction":[{"@type":"ReadAction","target":["https:\/\/noticiasemdestaque.com\/cd\/?p=27952"]}]},{"@type":"ImageObject","inLanguage":"pt-BR","@id":"https:\/\/noticiasemdestaque.com\/cd\/?p=27952#primaryimage","url":"https:\/\/noticiasemdestaque.com\/cd\/wp-content\/uploads\/2020\/12\/WhatsApp-Image-2020-12-14-at-12.14.17-2.jpeg","contentUrl":"https:\/\/noticiasemdestaque.com\/cd\/wp-content\/uploads\/2020\/12\/WhatsApp-Image-2020-12-14-at-12.14.17-2.jpeg","width":1152,"height":864},{"@type":"BreadcrumbList","@id":"https:\/\/noticiasemdestaque.com\/cd\/?p=27952#breadcrumb","itemListElement":[{"@type":"ListItem","position":1,"name":"In\u00edcio","item":"https:\/\/noticiasemdestaque.com\/cd\/"},{"@type":"ListItem","position":2,"name":"Assist\u00eancia Social de Sum\u00e9 planeja 2\u00aa edi\u00e7\u00e3o do Projeto \u201cFortalecendo V\u00ednculos e Resgatando Sonhos\u201d"}]},{"@type":"WebSite","@id":"https:\/\/noticiasemdestaque.com\/cd\/#website","url":"https:\/\/noticiasemdestaque.com\/cd\/","name":"Not&iacute;cias em Destaque","description":"","publisher":{"@id":"https:\/\/noticiasemdestaque.com\/cd\/#organization"},"potentialAction":[{"@type":"SearchAction","target":{"@type":"EntryPoint","urlTemplate":"https:\/\/noticiasemdestaque.com\/cd\/?s={search_term_string}"},"query-input":{"@type":"PropertyValueSpecification","valueRequired":true,"valueName":"search_term_string"}}],"inLanguage":"pt-BR"},{"@type":"Organization","@id":"https:\/\/noticiasemdestaque.com\/cd\/#organization","name":"Not\u00edcias em Destaque","url":"https:\/\/noticiasemdestaque.com\/cd\/","logo":{"@type":"ImageObject","inLanguage":"pt-BR","@id":"https:\/\/noticiasemdestaque.com\/cd\/#\/schema\/logo\/image\/","url":"https:\/\/noticiasemdestaque.com\/cd\/wp-content\/uploads\/2022\/05\/imagem-base-noticiasemdestaque.png","contentUrl":"https:\/\/noticiasemdestaque.com\/cd\/wp-content\/uploads\/2022\/05\/imagem-base-noticiasemdestaque.png","width":1200,"height":630,"caption":"Not\u00edcias em Destaque"},"image":{"@id":"https:\/\/noticiasemdestaque.com\/cd\/#\/schema\/logo\/image\/"}},{"@type":"Person","@id":"https:\/\/noticiasemdestaque.com\/cd\/#\/schema\/person\/3e6ba396ff5664a69c392f09a8e1504c","name":"Not\u00edcias em Destaque","url":"https:\/\/noticiasemdestaque.com\/cd\/?author=2"}]}},"jetpack_featured_media_url":"https:\/\/noticiasemdestaque.com\/cd\/wp-content\/uploads\/2020\/12\/WhatsApp-Image-2020-12-14-at-12.14.17-2.jpeg","jetpack_sharing_enabled":true,"_links":{"self":[{"href":"https:\/\/noticiasemdestaque.com\/cd\/index.php?rest_route=\/wp\/v2\/posts\/27952","targetHints":{"allow":["GET"]}}],"collection":[{"href":"https:\/\/noticiasemdestaque.com\/cd\/index.php?rest_route=\/wp\/v2\/posts"}],"about":[{"href":"https:\/\/noticiasemdestaque.com\/cd\/index.php?rest_route=\/wp\/v2\/types\/post"}],"author":[{"embeddable":true,"href":"https:\/\/noticiasemdestaque.com\/cd\/index.php?rest_route=\/wp\/v2\/users\/2"}],"replies":[{"embeddable":true,"href":"https:\/\/noticiasemdestaque.com\/cd\/index.php?rest_route=%2Fwp%2Fv2%2Fcomments&post=27952"}],"version-history":[{"count":1,"href":"https:\/\/noticiasemdestaque.com\/cd\/index.php?rest_route=\/wp\/v2\/posts\/27952\/revisions"}],"predecessor-version":[{"id":27955,"href":"https:\/\/noticiasemdestaque.com\/cd\/index.php?rest_route=\/wp\/v2\/posts\/27952\/revisions\/27955"}],"wp:featuredmedia":[{"embeddable":true,"href":"https:\/\/noticiasemdestaque.com\/cd\/index.php?rest_route=\/wp\/v2\/media\/27953"}],"wp:attachment":[{"href":"https:\/\/noticiasemdestaque.com\/cd\/index.php?rest_route=%2Fwp%2Fv2%2Fmedia&parent=27952"}],"wp:term":[{"taxonomy":"category","embeddable":true,"href":"https:\/\/noticiasemdestaque.com\/cd\/index.php?rest_route=%2Fwp%2Fv2%2Fcategories&post=27952"},{"taxonomy":"post_tag","embeddable":true,"href":"https:\/\/noticiasemdestaque.com\/cd\/index.php?rest_route=%2Fwp%2Fv2%2Ftags&post=27952"}],"curies":[{"name":"wp","href":"https:\/\/api.w.org\/{rel}","templated":true}]}}