{"id":27882,"date":"2020-12-09T20:46:45","date_gmt":"2020-12-09T23:46:45","guid":{"rendered":"http:\/\/noticiasemdestaque.com\/cd\/?p=27882"},"modified":"2020-12-09T20:50:14","modified_gmt":"2020-12-09T23:50:14","slug":"poeta-e-escritor-alberto-batista-e-o-convidado-desta-semana-do-papo-de-quinta","status":"publish","type":"post","link":"https:\/\/noticiasemdestaque.com\/cd\/?p=27882","title":{"rendered":"Poeta e escritor Alberto Batista \u00e9 o convidado desta semana do Papo de Quinta"},"content":{"rendered":"<div class=\"kvgmc6g5 cxmmr5t8 oygrvhab hcukyx3x c1et5uql ii04i59q\">\n<div dir=\"auto\"><a href=\"https:\/\/noticiasemdestaque.com\/cd\/wp-content\/uploads\/2020\/12\/Post-Branco-e-Verde-de-Independencia-do-Brasil-para-Redes-Sociais-13.png\"><img fetchpriority=\"high\" decoding=\"async\" class=\"size-medium wp-image-27883 aligncenter\" src=\"https:\/\/noticiasemdestaque.com\/cd\/wp-content\/uploads\/2020\/12\/Post-Branco-e-Verde-de-Independencia-do-Brasil-para-Redes-Sociais-13-300x300.png\" alt=\"\" width=\"300\" height=\"300\" srcset=\"https:\/\/noticiasemdestaque.com\/cd\/wp-content\/uploads\/2020\/12\/Post-Branco-e-Verde-de-Independencia-do-Brasil-para-Redes-Sociais-13-300x300.png 300w, https:\/\/noticiasemdestaque.com\/cd\/wp-content\/uploads\/2020\/12\/Post-Branco-e-Verde-de-Independencia-do-Brasil-para-Redes-Sociais-13-1024x1024.png 1024w, https:\/\/noticiasemdestaque.com\/cd\/wp-content\/uploads\/2020\/12\/Post-Branco-e-Verde-de-Independencia-do-Brasil-para-Redes-Sociais-13-150x150.png 150w, https:\/\/noticiasemdestaque.com\/cd\/wp-content\/uploads\/2020\/12\/Post-Branco-e-Verde-de-Independencia-do-Brasil-para-Redes-Sociais-13-768x768.png 768w, https:\/\/noticiasemdestaque.com\/cd\/wp-content\/uploads\/2020\/12\/Post-Branco-e-Verde-de-Independencia-do-Brasil-para-Redes-Sociais-13.png 1080w\" sizes=\"(max-width: 300px) 100vw, 300px\" \/><\/a><\/div>\n<div dir=\"auto\"><\/div>\n<div dir=\"auto\">\n<p><span data-contrast=\"auto\">Nesta quinta-feira (10), o Site <em><strong>Not\u00edcias em Destaque<\/strong><\/em> realiza mais uma edi\u00e7\u00e3o do Pr<\/span><span data-contrast=\"auto\">ograma Papo de Quinta, nosso convidado ser\u00e1 o poeta e escritor Alberto Batista.<\/span><span data-ccp-props=\"{&quot;201341983&quot;:0,&quot;335559739&quot;:160,&quot;335559740&quot;:259}\">\u00a0<\/span><\/p>\n<p><span data-contrast=\"auto\">Alberto Batista est\u00e1 lan\u00e7ando o livro o N\u00e9ctar do Beija-flor: poesia escolhida \u00e0 flor da pele.<\/span><span data-ccp-props=\"{&quot;201341983&quot;:0,&quot;335559739&quot;:160,&quot;335559740&quot;:259}\">\u00a0<\/span><\/p>\n<p><span data-contrast=\"auto\">Fique ligado no Facebook do Not\u00edcias em Destaque,\u00a0<\/span><a href=\"https:\/\/www.facebook.com\/noticiasemdestaqueND\"><span data-contrast=\"none\">www.facebook.com\/noticiasemdestaqueND.\u00a0<\/span><\/a><span data-ccp-props=\"{&quot;201341983&quot;:0,&quot;335559739&quot;:160,&quot;335559740&quot;:259}\">\u00a0<\/span><\/p>\n<p><span data-contrast=\"auto\">O Papo de Quinta vai ar todas as quintas-feiras a partir das 19h, e tem apresenta\u00e7\u00e3o de Rodolfo Silva e\u00a0<\/span><span data-contrast=\"auto\">Jacquelline<\/span><span data-contrast=\"auto\">\u00a0Oliveira.<\/span><span data-ccp-props=\"{&quot;201341983&quot;:0,&quot;335559739&quot;:160,&quot;335559740&quot;:259}\">\u00a0<\/span><\/p>\n<p><em><strong>Not\u00edcias em Destaque\u00a0<\/strong><\/em><\/p>\n<p><span data-ccp-props=\"{&quot;201341983&quot;:0,&quot;335559739&quot;:160,&quot;335559740&quot;:259}\">\u00a0<\/span><\/p>\n<\/div>\n<\/div>\n<div dir=\"auto\"><\/div>\n","protected":false},"excerpt":{"rendered":"<p>Nesta quinta-feira (10), o Site Not\u00edcias em Destaque realiza mais uma edi\u00e7\u00e3o do Programa Papo de Quinta, nosso convidado ser\u00e1 o poeta e escritor Alberto Batista.\u00a0 Alberto Batista est\u00e1 lan\u00e7ando o livro o N\u00e9ctar do Beija-flor: poesia escolhida \u00e0 flor da pele.\u00a0 Fique ligado no Facebook do Not\u00edcias em Destaque,\u00a0www.facebook.com\/noticiasemdestaqueND.\u00a0\u00a0 O Papo de Quinta vai ar todas as quintas-feiras a partir das 19h, e tem apresenta\u00e7\u00e3o de Rodolfo Silva e\u00a0Jacquelline\u00a0Oliveira.\u00a0 Not\u00edcias em Destaque\u00a0 \u00a0<\/p>\n","protected":false},"author":2,"featured_media":27883,"comment_status":"closed","ping_status":"open","sticky":false,"template":"","format":"standard","meta":{"_eb_attr":"","_jetpack_memberships_contains_paid_content":false,"footnotes":""},"categories":[12],"tags":[],"class_list":["post-27882","post","type-post","status-publish","format-standard","has-post-thumbnail","hentry","category-geral"],"yoast_head":"<!-- This site is optimized with the Yoast SEO plugin v26.5 - https:\/\/yoast.com\/wordpress\/plugins\/seo\/ -->\n<title>Poeta e escritor Alberto Batista \u00e9 o convidado desta semana do Papo de Quinta - Not&iacute;cias em Destaque<\/title>\n<meta name=\"robots\" content=\"index, follow, max-snippet:-1, max-image-preview:large, max-video-preview:-1\" \/>\n<link rel=\"canonical\" href=\"https:\/\/noticiasemdestaque.com\/cd\/?p=27882\" \/>\n<meta property=\"og:locale\" content=\"pt_BR\" \/>\n<meta property=\"og:type\" content=\"article\" \/>\n<meta property=\"og:title\" content=\"Poeta e escritor Alberto Batista \u00e9 o convidado desta semana do Papo de Quinta - Not&iacute;cias em Destaque\" \/>\n<meta property=\"og:description\" content=\"Nesta quinta-feira (10), o Site Not\u00edcias em Destaque realiza mais uma edi\u00e7\u00e3o do Programa Papo de Quinta, nosso convidado ser\u00e1 o poeta e escritor Alberto Batista.\u00a0 Alberto Batista est\u00e1 lan\u00e7ando o livro o N\u00e9ctar do Beija-flor: poesia escolhida \u00e0 flor da pele.\u00a0 Fique ligado no Facebook do Not\u00edcias em Destaque,\u00a0www.facebook.com\/noticiasemdestaqueND.\u00a0\u00a0 O Papo de Quinta vai ar todas as quintas-feiras a partir das 19h, e tem apresenta\u00e7\u00e3o de Rodolfo Silva e\u00a0Jacquelline\u00a0Oliveira.\u00a0 Not\u00edcias em Destaque\u00a0 \u00a0\" \/>\n<meta property=\"og:url\" content=\"https:\/\/noticiasemdestaque.com\/cd\/?p=27882\" \/>\n<meta property=\"og:site_name\" content=\"Not&iacute;cias em Destaque\" \/>\n<meta property=\"article:published_time\" content=\"2020-12-09T23:46:45+00:00\" \/>\n<meta property=\"article:modified_time\" content=\"2020-12-09T23:50:14+00:00\" \/>\n<meta property=\"og:image\" content=\"https:\/\/noticiasemdestaque.com\/cd\/wp-content\/uploads\/2020\/12\/Post-Branco-e-Verde-de-Independencia-do-Brasil-para-Redes-Sociais-13.png\" \/>\n\t<meta property=\"og:image:width\" content=\"1080\" \/>\n\t<meta property=\"og:image:height\" content=\"1080\" \/>\n\t<meta property=\"og:image:type\" content=\"image\/png\" \/>\n<meta name=\"author\" content=\"Not\u00edcias em Destaque\" \/>\n<meta name=\"twitter:card\" content=\"summary_large_image\" \/>\n<meta name=\"twitter:label1\" content=\"Escrito por\" \/>\n\t<meta name=\"twitter:data1\" content=\"Not\u00edcias em Destaque\" \/>\n<script type=\"application\/ld+json\" class=\"yoast-schema-graph\">{\"@context\":\"https:\/\/schema.org\",\"@graph\":[{\"@type\":\"Article\",\"@id\":\"https:\/\/noticiasemdestaque.com\/cd\/?p=27882#article\",\"isPartOf\":{\"@id\":\"https:\/\/noticiasemdestaque.com\/cd\/?p=27882\"},\"author\":{\"name\":\"Not\u00edcias em Destaque\",\"@id\":\"https:\/\/noticiasemdestaque.com\/cd\/#\/schema\/person\/21320b03a7e8bb90128938dafc9b908a\"},\"headline\":\"Poeta e escritor Alberto Batista \u00e9 o convidado desta semana do Papo de Quinta\",\"datePublished\":\"2020-12-09T23:46:45+00:00\",\"dateModified\":\"2020-12-09T23:50:14+00:00\",\"mainEntityOfPage\":{\"@id\":\"https:\/\/noticiasemdestaque.com\/cd\/?p=27882\"},\"wordCount\":98,\"publisher\":{\"@id\":\"https:\/\/noticiasemdestaque.com\/cd\/#organization\"},\"image\":{\"@id\":\"https:\/\/noticiasemdestaque.com\/cd\/?p=27882#primaryimage\"},\"thumbnailUrl\":\"https:\/\/noticiasemdestaque.com\/cd\/wp-content\/uploads\/2020\/12\/Post-Branco-e-Verde-de-Independencia-do-Brasil-para-Redes-Sociais-13.png\",\"articleSection\":[\"Geral\"],\"inLanguage\":\"pt-BR\"},{\"@type\":\"WebPage\",\"@id\":\"https:\/\/noticiasemdestaque.com\/cd\/?p=27882\",\"url\":\"https:\/\/noticiasemdestaque.com\/cd\/?p=27882\",\"name\":\"Poeta e escritor Alberto Batista \u00e9 o convidado desta semana do Papo de Quinta - Not&iacute;cias em Destaque\",\"isPartOf\":{\"@id\":\"https:\/\/noticiasemdestaque.com\/cd\/#website\"},\"primaryImageOfPage\":{\"@id\":\"https:\/\/noticiasemdestaque.com\/cd\/?p=27882#primaryimage\"},\"image\":{\"@id\":\"https:\/\/noticiasemdestaque.com\/cd\/?p=27882#primaryimage\"},\"thumbnailUrl\":\"https:\/\/noticiasemdestaque.com\/cd\/wp-content\/uploads\/2020\/12\/Post-Branco-e-Verde-de-Independencia-do-Brasil-para-Redes-Sociais-13.png\",\"datePublished\":\"2020-12-09T23:46:45+00:00\",\"dateModified\":\"2020-12-09T23:50:14+00:00\",\"breadcrumb\":{\"@id\":\"https:\/\/noticiasemdestaque.com\/cd\/?p=27882#breadcrumb\"},\"inLanguage\":\"pt-BR\",\"potentialAction\":[{\"@type\":\"ReadAction\",\"target\":[\"https:\/\/noticiasemdestaque.com\/cd\/?p=27882\"]}]},{\"@type\":\"ImageObject\",\"inLanguage\":\"pt-BR\",\"@id\":\"https:\/\/noticiasemdestaque.com\/cd\/?p=27882#primaryimage\",\"url\":\"https:\/\/noticiasemdestaque.com\/cd\/wp-content\/uploads\/2020\/12\/Post-Branco-e-Verde-de-Independencia-do-Brasil-para-Redes-Sociais-13.png\",\"contentUrl\":\"https:\/\/noticiasemdestaque.com\/cd\/wp-content\/uploads\/2020\/12\/Post-Branco-e-Verde-de-Independencia-do-Brasil-para-Redes-Sociais-13.png\",\"width\":1080,\"height\":1080},{\"@type\":\"BreadcrumbList\",\"@id\":\"https:\/\/noticiasemdestaque.com\/cd\/?p=27882#breadcrumb\",\"itemListElement\":[{\"@type\":\"ListItem\",\"position\":1,\"name\":\"In\u00edcio\",\"item\":\"https:\/\/noticiasemdestaque.com\/cd\/\"},{\"@type\":\"ListItem\",\"position\":2,\"name\":\"Poeta e escritor Alberto Batista \u00e9 o convidado desta semana do Papo de Quinta\"}]},{\"@type\":\"WebSite\",\"@id\":\"https:\/\/noticiasemdestaque.com\/cd\/#website\",\"url\":\"https:\/\/noticiasemdestaque.com\/cd\/\",\"name\":\"Not&iacute;cias em Destaque\",\"description\":\"\",\"publisher\":{\"@id\":\"https:\/\/noticiasemdestaque.com\/cd\/#organization\"},\"potentialAction\":[{\"@type\":\"SearchAction\",\"target\":{\"@type\":\"EntryPoint\",\"urlTemplate\":\"https:\/\/noticiasemdestaque.com\/cd\/?s={search_term_string}\"},\"query-input\":{\"@type\":\"PropertyValueSpecification\",\"valueRequired\":true,\"valueName\":\"search_term_string\"}}],\"inLanguage\":\"pt-BR\"},{\"@type\":\"Organization\",\"@id\":\"https:\/\/noticiasemdestaque.com\/cd\/#organization\",\"name\":\"Not\u00edcias em Destaque\",\"url\":\"https:\/\/noticiasemdestaque.com\/cd\/\",\"logo\":{\"@type\":\"ImageObject\",\"inLanguage\":\"pt-BR\",\"@id\":\"https:\/\/noticiasemdestaque.com\/cd\/#\/schema\/logo\/image\/\",\"url\":\"https:\/\/noticiasemdestaque.com\/cd\/wp-content\/uploads\/2022\/05\/imagem-base-noticiasemdestaque.png\",\"contentUrl\":\"https:\/\/noticiasemdestaque.com\/cd\/wp-content\/uploads\/2022\/05\/imagem-base-noticiasemdestaque.png\",\"width\":1200,\"height\":630,\"caption\":\"Not\u00edcias em Destaque\"},\"image\":{\"@id\":\"https:\/\/noticiasemdestaque.com\/cd\/#\/schema\/logo\/image\/\"}},{\"@type\":\"Person\",\"@id\":\"https:\/\/noticiasemdestaque.com\/cd\/#\/schema\/person\/21320b03a7e8bb90128938dafc9b908a\",\"name\":\"Not\u00edcias em Destaque\",\"url\":\"https:\/\/noticiasemdestaque.com\/cd\/?author=2\"}]}<\/script>\n<!-- \/ Yoast SEO plugin. -->","yoast_head_json":{"title":"Poeta e escritor Alberto Batista \u00e9 o convidado desta semana do Papo de Quinta - Not&iacute;cias em Destaque","robots":{"index":"index","follow":"follow","max-snippet":"max-snippet:-1","max-image-preview":"max-image-preview:large","max-video-preview":"max-video-preview:-1"},"canonical":"https:\/\/noticiasemdestaque.com\/cd\/?p=27882","og_locale":"pt_BR","og_type":"article","og_title":"Poeta e escritor Alberto Batista \u00e9 o convidado desta semana do Papo de Quinta - Not&iacute;cias em Destaque","og_description":"Nesta quinta-feira (10), o Site Not\u00edcias em Destaque realiza mais uma edi\u00e7\u00e3o do Programa Papo de Quinta, nosso convidado ser\u00e1 o poeta e escritor Alberto Batista.\u00a0 Alberto Batista est\u00e1 lan\u00e7ando o livro o N\u00e9ctar do Beija-flor: poesia escolhida \u00e0 flor da pele.\u00a0 Fique ligado no Facebook do Not\u00edcias em Destaque,\u00a0www.facebook.com\/noticiasemdestaqueND.\u00a0\u00a0 O Papo de Quinta vai ar todas as quintas-feiras a partir das 19h, e tem apresenta\u00e7\u00e3o de Rodolfo Silva e\u00a0Jacquelline\u00a0Oliveira.\u00a0 Not\u00edcias em Destaque\u00a0 \u00a0","og_url":"https:\/\/noticiasemdestaque.com\/cd\/?p=27882","og_site_name":"Not&iacute;cias em Destaque","article_published_time":"2020-12-09T23:46:45+00:00","article_modified_time":"2020-12-09T23:50:14+00:00","og_image":[{"width":1080,"height":1080,"url":"https:\/\/noticiasemdestaque.com\/cd\/wp-content\/uploads\/2020\/12\/Post-Branco-e-Verde-de-Independencia-do-Brasil-para-Redes-Sociais-13.png","type":"image\/png"}],"author":"Not\u00edcias em Destaque","twitter_card":"summary_large_image","twitter_misc":{"Escrito por":"Not\u00edcias em Destaque"},"schema":{"@context":"https:\/\/schema.org","@graph":[{"@type":"Article","@id":"https:\/\/noticiasemdestaque.com\/cd\/?p=27882#article","isPartOf":{"@id":"https:\/\/noticiasemdestaque.com\/cd\/?p=27882"},"author":{"name":"Not\u00edcias em Destaque","@id":"https:\/\/noticiasemdestaque.com\/cd\/#\/schema\/person\/21320b03a7e8bb90128938dafc9b908a"},"headline":"Poeta e escritor Alberto Batista \u00e9 o convidado desta semana do Papo de Quinta","datePublished":"2020-12-09T23:46:45+00:00","dateModified":"2020-12-09T23:50:14+00:00","mainEntityOfPage":{"@id":"https:\/\/noticiasemdestaque.com\/cd\/?p=27882"},"wordCount":98,"publisher":{"@id":"https:\/\/noticiasemdestaque.com\/cd\/#organization"},"image":{"@id":"https:\/\/noticiasemdestaque.com\/cd\/?p=27882#primaryimage"},"thumbnailUrl":"https:\/\/noticiasemdestaque.com\/cd\/wp-content\/uploads\/2020\/12\/Post-Branco-e-Verde-de-Independencia-do-Brasil-para-Redes-Sociais-13.png","articleSection":["Geral"],"inLanguage":"pt-BR"},{"@type":"WebPage","@id":"https:\/\/noticiasemdestaque.com\/cd\/?p=27882","url":"https:\/\/noticiasemdestaque.com\/cd\/?p=27882","name":"Poeta e escritor Alberto Batista \u00e9 o convidado desta semana do Papo de Quinta - Not&iacute;cias em Destaque","isPartOf":{"@id":"https:\/\/noticiasemdestaque.com\/cd\/#website"},"primaryImageOfPage":{"@id":"https:\/\/noticiasemdestaque.com\/cd\/?p=27882#primaryimage"},"image":{"@id":"https:\/\/noticiasemdestaque.com\/cd\/?p=27882#primaryimage"},"thumbnailUrl":"https:\/\/noticiasemdestaque.com\/cd\/wp-content\/uploads\/2020\/12\/Post-Branco-e-Verde-de-Independencia-do-Brasil-para-Redes-Sociais-13.png","datePublished":"2020-12-09T23:46:45+00:00","dateModified":"2020-12-09T23:50:14+00:00","breadcrumb":{"@id":"https:\/\/noticiasemdestaque.com\/cd\/?p=27882#breadcrumb"},"inLanguage":"pt-BR","potentialAction":[{"@type":"ReadAction","target":["https:\/\/noticiasemdestaque.com\/cd\/?p=27882"]}]},{"@type":"ImageObject","inLanguage":"pt-BR","@id":"https:\/\/noticiasemdestaque.com\/cd\/?p=27882#primaryimage","url":"https:\/\/noticiasemdestaque.com\/cd\/wp-content\/uploads\/2020\/12\/Post-Branco-e-Verde-de-Independencia-do-Brasil-para-Redes-Sociais-13.png","contentUrl":"https:\/\/noticiasemdestaque.com\/cd\/wp-content\/uploads\/2020\/12\/Post-Branco-e-Verde-de-Independencia-do-Brasil-para-Redes-Sociais-13.png","width":1080,"height":1080},{"@type":"BreadcrumbList","@id":"https:\/\/noticiasemdestaque.com\/cd\/?p=27882#breadcrumb","itemListElement":[{"@type":"ListItem","position":1,"name":"In\u00edcio","item":"https:\/\/noticiasemdestaque.com\/cd\/"},{"@type":"ListItem","position":2,"name":"Poeta e escritor Alberto Batista \u00e9 o convidado desta semana do Papo de Quinta"}]},{"@type":"WebSite","@id":"https:\/\/noticiasemdestaque.com\/cd\/#website","url":"https:\/\/noticiasemdestaque.com\/cd\/","name":"Not&iacute;cias em Destaque","description":"","publisher":{"@id":"https:\/\/noticiasemdestaque.com\/cd\/#organization"},"potentialAction":[{"@type":"SearchAction","target":{"@type":"EntryPoint","urlTemplate":"https:\/\/noticiasemdestaque.com\/cd\/?s={search_term_string}"},"query-input":{"@type":"PropertyValueSpecification","valueRequired":true,"valueName":"search_term_string"}}],"inLanguage":"pt-BR"},{"@type":"Organization","@id":"https:\/\/noticiasemdestaque.com\/cd\/#organization","name":"Not\u00edcias em Destaque","url":"https:\/\/noticiasemdestaque.com\/cd\/","logo":{"@type":"ImageObject","inLanguage":"pt-BR","@id":"https:\/\/noticiasemdestaque.com\/cd\/#\/schema\/logo\/image\/","url":"https:\/\/noticiasemdestaque.com\/cd\/wp-content\/uploads\/2022\/05\/imagem-base-noticiasemdestaque.png","contentUrl":"https:\/\/noticiasemdestaque.com\/cd\/wp-content\/uploads\/2022\/05\/imagem-base-noticiasemdestaque.png","width":1200,"height":630,"caption":"Not\u00edcias em Destaque"},"image":{"@id":"https:\/\/noticiasemdestaque.com\/cd\/#\/schema\/logo\/image\/"}},{"@type":"Person","@id":"https:\/\/noticiasemdestaque.com\/cd\/#\/schema\/person\/21320b03a7e8bb90128938dafc9b908a","name":"Not\u00edcias em Destaque","url":"https:\/\/noticiasemdestaque.com\/cd\/?author=2"}]}},"jetpack_featured_media_url":"https:\/\/noticiasemdestaque.com\/cd\/wp-content\/uploads\/2020\/12\/Post-Branco-e-Verde-de-Independencia-do-Brasil-para-Redes-Sociais-13.png","jetpack_sharing_enabled":true,"_links":{"self":[{"href":"https:\/\/noticiasemdestaque.com\/cd\/index.php?rest_route=\/wp\/v2\/posts\/27882","targetHints":{"allow":["GET"]}}],"collection":[{"href":"https:\/\/noticiasemdestaque.com\/cd\/index.php?rest_route=\/wp\/v2\/posts"}],"about":[{"href":"https:\/\/noticiasemdestaque.com\/cd\/index.php?rest_route=\/wp\/v2\/types\/post"}],"author":[{"embeddable":true,"href":"https:\/\/noticiasemdestaque.com\/cd\/index.php?rest_route=\/wp\/v2\/users\/2"}],"replies":[{"embeddable":true,"href":"https:\/\/noticiasemdestaque.com\/cd\/index.php?rest_route=%2Fwp%2Fv2%2Fcomments&post=27882"}],"version-history":[{"count":6,"href":"https:\/\/noticiasemdestaque.com\/cd\/index.php?rest_route=\/wp\/v2\/posts\/27882\/revisions"}],"predecessor-version":[{"id":27889,"href":"https:\/\/noticiasemdestaque.com\/cd\/index.php?rest_route=\/wp\/v2\/posts\/27882\/revisions\/27889"}],"wp:featuredmedia":[{"embeddable":true,"href":"https:\/\/noticiasemdestaque.com\/cd\/index.php?rest_route=\/wp\/v2\/media\/27883"}],"wp:attachment":[{"href":"https:\/\/noticiasemdestaque.com\/cd\/index.php?rest_route=%2Fwp%2Fv2%2Fmedia&parent=27882"}],"wp:term":[{"taxonomy":"category","embeddable":true,"href":"https:\/\/noticiasemdestaque.com\/cd\/index.php?rest_route=%2Fwp%2Fv2%2Fcategories&post=27882"},{"taxonomy":"post_tag","embeddable":true,"href":"https:\/\/noticiasemdestaque.com\/cd\/index.php?rest_route=%2Fwp%2Fv2%2Ftags&post=27882"}],"curies":[{"name":"wp","href":"https:\/\/api.w.org\/{rel}","templated":true}]}}