{"id":27835,"date":"2020-12-07T21:06:08","date_gmt":"2020-12-08T00:06:08","guid":{"rendered":"http:\/\/noticiasemdestaque.com\/cd\/?p=27835"},"modified":"2020-12-07T21:16:50","modified_gmt":"2020-12-08T00:16:50","slug":"encerramento-da-festa-da-padroeira-de-sume-acontece-nesta-terca-feira","status":"publish","type":"post","link":"https:\/\/noticiasemdestaque.com\/cd\/?p=27835","title":{"rendered":"Encerramento da Festa da Padroeira de Sum\u00e9 acontece nesta ter\u00e7a-feira"},"content":{"rendered":"<p><a href=\"https:\/\/noticiasemdestaque.com\/cd\/wp-content\/uploads\/2020\/12\/129444425_2581237818784303_6986325088977589622_o.jpg\"><img fetchpriority=\"high\" decoding=\"async\" class=\"size-medium wp-image-27836 aligncenter\" src=\"https:\/\/noticiasemdestaque.com\/cd\/wp-content\/uploads\/2020\/12\/129444425_2581237818784303_6986325088977589622_o-300x244.jpg\" alt=\"\" width=\"300\" height=\"244\" srcset=\"https:\/\/noticiasemdestaque.com\/cd\/wp-content\/uploads\/2020\/12\/129444425_2581237818784303_6986325088977589622_o-300x244.jpg 300w, https:\/\/noticiasemdestaque.com\/cd\/wp-content\/uploads\/2020\/12\/129444425_2581237818784303_6986325088977589622_o-1024x832.jpg 1024w, https:\/\/noticiasemdestaque.com\/cd\/wp-content\/uploads\/2020\/12\/129444425_2581237818784303_6986325088977589622_o-768x624.jpg 768w, https:\/\/noticiasemdestaque.com\/cd\/wp-content\/uploads\/2020\/12\/129444425_2581237818784303_6986325088977589622_o-1536x1248.jpg 1536w, https:\/\/noticiasemdestaque.com\/cd\/wp-content\/uploads\/2020\/12\/129444425_2581237818784303_6986325088977589622_o.jpg 1937w\" sizes=\"(max-width: 300px) 100vw, 300px\" \/><\/a><\/p>\n<p>O encerramento da Festa da Padroeira de Sum\u00e9, acontece nesta ter\u00e7a-feira (08), Dia de Nossa Senhora da Concei\u00e7\u00e3o, depois de dias de noven\u00e1rio, lives e quermesses, a programa\u00e7\u00e3o chega ao fim em um ano totalmente diferente, em virtude da pandemia do coronav\u00edrus, n\u00e3o acontece a tradicional prociss\u00e3o, mas sim, uma carreata.<\/p>\n<p><a href=\"https:\/\/noticiasemdestaque.com\/cd\/wp-content\/uploads\/2020\/12\/130606609_2581238262117592_2141447039243221520_o.jpg\"><img decoding=\"async\" class=\"size-medium wp-image-27837 aligncenter\" src=\"https:\/\/noticiasemdestaque.com\/cd\/wp-content\/uploads\/2020\/12\/130606609_2581238262117592_2141447039243221520_o-300x225.jpg\" alt=\"\" width=\"300\" height=\"225\" srcset=\"https:\/\/noticiasemdestaque.com\/cd\/wp-content\/uploads\/2020\/12\/130606609_2581238262117592_2141447039243221520_o-300x225.jpg 300w, https:\/\/noticiasemdestaque.com\/cd\/wp-content\/uploads\/2020\/12\/130606609_2581238262117592_2141447039243221520_o-1024x768.jpg 1024w, https:\/\/noticiasemdestaque.com\/cd\/wp-content\/uploads\/2020\/12\/130606609_2581238262117592_2141447039243221520_o-768x576.jpg 768w, https:\/\/noticiasemdestaque.com\/cd\/wp-content\/uploads\/2020\/12\/130606609_2581238262117592_2141447039243221520_o-1536x1152.jpg 1536w, https:\/\/noticiasemdestaque.com\/cd\/wp-content\/uploads\/2020\/12\/130606609_2581238262117592_2141447039243221520_o-640x480.jpg 640w, https:\/\/noticiasemdestaque.com\/cd\/wp-content\/uploads\/2020\/12\/130606609_2581238262117592_2141447039243221520_o.jpg 1944w\" sizes=\"(max-width: 300px) 100vw, 300px\" \/><\/a><\/p>\n<p><em><strong>Confira a Programa\u00e7\u00e3o:\u00a0<\/strong><\/em><\/p>\n<p><b><span data-contrast=\"none\">Dia 08\/12 \u2013 TER\u00c7A-FEIRA \u2013\u00a0<\/span><\/b><b><span data-contrast=\"none\">Dia Solene da Imaculada Concei\u00e7\u00e3o<\/span><\/b><span data-ccp-props=\"{&quot;201341983&quot;:0,&quot;335551550&quot;:6,&quot;335551620&quot;:6,&quot;335559685&quot;:720,&quot;335559737&quot;:0,&quot;335559739&quot;:160,&quot;335559740&quot;:259,&quot;335559991&quot;:360}\">\u00a0<\/span><\/p>\n<p><strong>06h<\/strong>&#8211; Of\u00edcio da Imaculada Concei\u00e7\u00e3o<\/p>\n<p><b><span data-contrast=\"auto\">10h<\/span><\/b><span data-contrast=\"auto\">\u00a0<\/span><b><span data-contrast=\"auto\">\u2013<\/span><\/b><span data-contrast=\"auto\">\u00a0Missa Solene.\u00a0<\/span><span data-ccp-props=\"{&quot;201341983&quot;:0,&quot;335551550&quot;:6,&quot;335551620&quot;:6,&quot;335559739&quot;:160,&quot;335559740&quot;:259}\">\u00a0<\/span><\/p>\n<p><span data-contrast=\"auto\">Pe. Haroldo Andrade Silva \u2013 Par\u00f3quia de Puxinan\u00e3.<\/span><span data-ccp-props=\"{&quot;201341983&quot;:0,&quot;335551550&quot;:6,&quot;335551620&quot;:6,&quot;335559739&quot;:160,&quot;335559740&quot;:259}\">\u00a0<\/span><\/p>\n<p><b><span data-contrast=\"auto\">12h \u2013<\/span><\/b><span data-contrast=\"auto\">\u00a0Salvas de fogos em honra a Nossa senhora.<\/span><span data-ccp-props=\"{&quot;201341983&quot;:0,&quot;335551550&quot;:6,&quot;335551620&quot;:6,&quot;335559739&quot;:160,&quot;335559740&quot;:259}\">\u00a0<\/span><\/p>\n<p><b><span data-contrast=\"auto\">17h00 \u2013<\/span><\/b><span data-contrast=\"auto\">\u00a0Carreata com a imagem de Nossa Senhora pelas ruas da Cidade.<\/span><span data-ccp-props=\"{&quot;201341983&quot;:0,&quot;335551550&quot;:6,&quot;335551620&quot;:6,&quot;335559739&quot;:160,&quot;335559740&quot;:259}\">\u00a0<\/span><\/p>\n<p><b><span data-contrast=\"auto\">17h30<\/span><\/b><span data-contrast=\"auto\">\u00a0\u2013 Missa de encerramento na Pra\u00e7a da Matriz.<\/span><span data-ccp-props=\"{&quot;201341983&quot;:0,&quot;335551550&quot;:6,&quot;335551620&quot;:6,&quot;335559739&quot;:160,&quot;335559740&quot;:259}\">\u00a0<\/span><\/p>\n<p><span data-contrast=\"auto\">Pe. Francisco de Assis Meira \u2013 Santu\u00e1rio de Nossa Senhora dos Milagres S\u00e3o Jo\u00e3o do Cariri.<\/span><span data-ccp-props=\"{&quot;201341983&quot;:0,&quot;335551550&quot;:6,&quot;335551620&quot;:6,&quot;335559739&quot;:160,&quot;335559740&quot;:259}\">\u00a0<\/span><\/p>\n<p><a href=\"https:\/\/noticiasemdestaque.com\/cd\/wp-content\/uploads\/2020\/12\/130606609_2581238262117592_2141447039243221520_o.jpg\"><img decoding=\"async\" class=\"size-medium wp-image-27837 aligncenter\" src=\"https:\/\/noticiasemdestaque.com\/cd\/wp-content\/uploads\/2020\/12\/130606609_2581238262117592_2141447039243221520_o-300x225.jpg\" alt=\"\" width=\"300\" height=\"225\" srcset=\"https:\/\/noticiasemdestaque.com\/cd\/wp-content\/uploads\/2020\/12\/130606609_2581238262117592_2141447039243221520_o-300x225.jpg 300w, https:\/\/noticiasemdestaque.com\/cd\/wp-content\/uploads\/2020\/12\/130606609_2581238262117592_2141447039243221520_o-1024x768.jpg 1024w, https:\/\/noticiasemdestaque.com\/cd\/wp-content\/uploads\/2020\/12\/130606609_2581238262117592_2141447039243221520_o-768x576.jpg 768w, https:\/\/noticiasemdestaque.com\/cd\/wp-content\/uploads\/2020\/12\/130606609_2581238262117592_2141447039243221520_o-1536x1152.jpg 1536w, https:\/\/noticiasemdestaque.com\/cd\/wp-content\/uploads\/2020\/12\/130606609_2581238262117592_2141447039243221520_o-640x480.jpg 640w, https:\/\/noticiasemdestaque.com\/cd\/wp-content\/uploads\/2020\/12\/130606609_2581238262117592_2141447039243221520_o.jpg 1944w\" sizes=\"(max-width: 300px) 100vw, 300px\" \/><\/a><\/p>\n<p>Toda a programa\u00e7\u00e3o desta ter\u00e7a-feira ser\u00e1 transmitida pelas redes sociais da <a href=\"https:\/\/www.facebook.com\/paroquiadesume\"><strong>Par\u00f3quia Nossa Senhora da Concei\u00e7\u00e3o\/Sum\u00e9<\/strong><\/a> , Site <a href=\"https:\/\/www.facebook.com\/noticiasemdestaqueND\">Not\u00edcias em Destaque<\/a> e <a href=\"http:\/\/95fmsume.com.br\/\"><strong>R\u00e1dio 95.7 FM.\u00a0<\/strong><\/a><\/p>\n<p><em><strong>Not\u00edcias em Destaque<\/strong><\/em><\/p>\n","protected":false},"excerpt":{"rendered":"<p>O encerramento da Festa da Padroeira de Sum\u00e9, acontece nesta ter\u00e7a-feira (08), Dia de Nossa Senhora da Concei\u00e7\u00e3o, depois de dias de noven\u00e1rio, lives e quermesses, a programa\u00e7\u00e3o chega ao fim em um ano totalmente diferente, em virtude da pandemia do coronav\u00edrus, n\u00e3o acontece a tradicional prociss\u00e3o, mas sim, uma carreata. Confira a Programa\u00e7\u00e3o:\u00a0 Dia 08\/12 \u2013 TER\u00c7A-FEIRA \u2013\u00a0Dia Solene da Imaculada Concei\u00e7\u00e3o\u00a0 06h&#8211; Of\u00edcio da Imaculada Concei\u00e7\u00e3o 10h\u00a0\u2013\u00a0Missa Solene.\u00a0\u00a0 Pe. Haroldo Andrade Silva \u2013 Par\u00f3quia de Puxinan\u00e3.\u00a0 12h \u2013\u00a0Salvas de fogos em honra a Nossa senhora.\u00a0 17h00 \u2013\u00a0Carreata com a imagem de Nossa Senhora pelas ruas da Cidade.\u00a0 17h30\u00a0\u2013 Missa de encerramento na Pra\u00e7a da Matriz.\u00a0 Pe. Francisco de Assis Meira \u2013 Santu\u00e1rio de Nossa Senhora dos Milagres S\u00e3o Jo\u00e3o do Cariri.\u00a0 Toda a programa\u00e7\u00e3o desta ter\u00e7a-feira ser\u00e1 transmitida pelas redes sociais da Par\u00f3quia Nossa Senhora da Concei\u00e7\u00e3o\/Sum\u00e9 , Site Not\u00edcias em Destaque e R\u00e1dio 95.7 FM.\u00a0 Not\u00edcias em Destaque<\/p>\n","protected":false},"author":2,"featured_media":27836,"comment_status":"closed","ping_status":"open","sticky":false,"template":"","format":"standard","meta":{"_eb_attr":"","_jetpack_memberships_contains_paid_content":false,"footnotes":""},"categories":[12],"tags":[],"class_list":["post-27835","post","type-post","status-publish","format-standard","has-post-thumbnail","hentry","category-geral"],"yoast_head":"<!-- This site is optimized with the Yoast SEO plugin v26.5 - https:\/\/yoast.com\/wordpress\/plugins\/seo\/ -->\n<title>Encerramento da Festa da Padroeira de Sum\u00e9 acontece nesta ter\u00e7a-feira - Not&iacute;cias em Destaque<\/title>\n<meta name=\"robots\" content=\"index, follow, max-snippet:-1, max-image-preview:large, max-video-preview:-1\" \/>\n<link rel=\"canonical\" href=\"https:\/\/noticiasemdestaque.com\/cd\/?p=27835\" \/>\n<meta property=\"og:locale\" content=\"pt_BR\" \/>\n<meta property=\"og:type\" content=\"article\" \/>\n<meta property=\"og:title\" content=\"Encerramento da Festa da Padroeira de Sum\u00e9 acontece nesta ter\u00e7a-feira - Not&iacute;cias em Destaque\" \/>\n<meta property=\"og:description\" content=\"O encerramento da Festa da Padroeira de Sum\u00e9, acontece nesta ter\u00e7a-feira (08), Dia de Nossa Senhora da Concei\u00e7\u00e3o, depois de dias de noven\u00e1rio, lives e quermesses, a programa\u00e7\u00e3o chega ao fim em um ano totalmente diferente, em virtude da pandemia do coronav\u00edrus, n\u00e3o acontece a tradicional prociss\u00e3o, mas sim, uma carreata. Confira a Programa\u00e7\u00e3o:\u00a0 Dia 08\/12 \u2013 TER\u00c7A-FEIRA \u2013\u00a0Dia Solene da Imaculada Concei\u00e7\u00e3o\u00a0 06h&#8211; Of\u00edcio da Imaculada Concei\u00e7\u00e3o 10h\u00a0\u2013\u00a0Missa Solene.\u00a0\u00a0 Pe. Haroldo Andrade Silva \u2013 Par\u00f3quia de Puxinan\u00e3.\u00a0 12h \u2013\u00a0Salvas de fogos em honra a Nossa senhora.\u00a0 17h00 \u2013\u00a0Carreata com a imagem de Nossa Senhora pelas ruas da Cidade.\u00a0 17h30\u00a0\u2013 Missa de encerramento na Pra\u00e7a da Matriz.\u00a0 Pe. Francisco de Assis Meira \u2013 Santu\u00e1rio de Nossa Senhora dos Milagres S\u00e3o Jo\u00e3o do Cariri.\u00a0 Toda a programa\u00e7\u00e3o desta ter\u00e7a-feira ser\u00e1 transmitida pelas redes sociais da Par\u00f3quia Nossa Senhora da Concei\u00e7\u00e3o\/Sum\u00e9 , Site Not\u00edcias em Destaque e R\u00e1dio 95.7 FM.\u00a0 Not\u00edcias em Destaque\" \/>\n<meta property=\"og:url\" content=\"https:\/\/noticiasemdestaque.com\/cd\/?p=27835\" \/>\n<meta property=\"og:site_name\" content=\"Not&iacute;cias em Destaque\" \/>\n<meta property=\"article:published_time\" content=\"2020-12-08T00:06:08+00:00\" \/>\n<meta property=\"article:modified_time\" content=\"2020-12-08T00:16:50+00:00\" \/>\n<meta property=\"og:image\" content=\"https:\/\/noticiasemdestaque.com\/cd\/wp-content\/uploads\/2020\/12\/129444425_2581237818784303_6986325088977589622_o.jpg\" \/>\n\t<meta property=\"og:image:width\" content=\"1937\" \/>\n\t<meta property=\"og:image:height\" content=\"1574\" \/>\n\t<meta property=\"og:image:type\" content=\"image\/jpeg\" \/>\n<meta name=\"author\" content=\"Not\u00edcias em Destaque\" \/>\n<meta name=\"twitter:card\" content=\"summary_large_image\" \/>\n<meta name=\"twitter:label1\" content=\"Escrito por\" \/>\n\t<meta name=\"twitter:data1\" content=\"Not\u00edcias em Destaque\" \/>\n\t<meta name=\"twitter:label2\" content=\"Est. tempo de leitura\" \/>\n\t<meta name=\"twitter:data2\" content=\"1 minuto\" \/>\n<script type=\"application\/ld+json\" class=\"yoast-schema-graph\">{\"@context\":\"https:\/\/schema.org\",\"@graph\":[{\"@type\":\"Article\",\"@id\":\"https:\/\/noticiasemdestaque.com\/cd\/?p=27835#article\",\"isPartOf\":{\"@id\":\"https:\/\/noticiasemdestaque.com\/cd\/?p=27835\"},\"author\":{\"name\":\"Not\u00edcias em Destaque\",\"@id\":\"https:\/\/noticiasemdestaque.com\/cd\/#\/schema\/person\/9c05c6816b191977f47499b3494ace52\"},\"headline\":\"Encerramento da Festa da Padroeira de Sum\u00e9 acontece nesta ter\u00e7a-feira\",\"datePublished\":\"2020-12-08T00:06:08+00:00\",\"dateModified\":\"2020-12-08T00:16:50+00:00\",\"mainEntityOfPage\":{\"@id\":\"https:\/\/noticiasemdestaque.com\/cd\/?p=27835\"},\"wordCount\":181,\"publisher\":{\"@id\":\"https:\/\/noticiasemdestaque.com\/cd\/#organization\"},\"image\":{\"@id\":\"https:\/\/noticiasemdestaque.com\/cd\/?p=27835#primaryimage\"},\"thumbnailUrl\":\"https:\/\/noticiasemdestaque.com\/cd\/wp-content\/uploads\/2020\/12\/129444425_2581237818784303_6986325088977589622_o.jpg\",\"articleSection\":[\"Geral\"],\"inLanguage\":\"pt-BR\"},{\"@type\":\"WebPage\",\"@id\":\"https:\/\/noticiasemdestaque.com\/cd\/?p=27835\",\"url\":\"https:\/\/noticiasemdestaque.com\/cd\/?p=27835\",\"name\":\"Encerramento da Festa da Padroeira de Sum\u00e9 acontece nesta ter\u00e7a-feira - Not&iacute;cias em Destaque\",\"isPartOf\":{\"@id\":\"https:\/\/noticiasemdestaque.com\/cd\/#website\"},\"primaryImageOfPage\":{\"@id\":\"https:\/\/noticiasemdestaque.com\/cd\/?p=27835#primaryimage\"},\"image\":{\"@id\":\"https:\/\/noticiasemdestaque.com\/cd\/?p=27835#primaryimage\"},\"thumbnailUrl\":\"https:\/\/noticiasemdestaque.com\/cd\/wp-content\/uploads\/2020\/12\/129444425_2581237818784303_6986325088977589622_o.jpg\",\"datePublished\":\"2020-12-08T00:06:08+00:00\",\"dateModified\":\"2020-12-08T00:16:50+00:00\",\"breadcrumb\":{\"@id\":\"https:\/\/noticiasemdestaque.com\/cd\/?p=27835#breadcrumb\"},\"inLanguage\":\"pt-BR\",\"potentialAction\":[{\"@type\":\"ReadAction\",\"target\":[\"https:\/\/noticiasemdestaque.com\/cd\/?p=27835\"]}]},{\"@type\":\"ImageObject\",\"inLanguage\":\"pt-BR\",\"@id\":\"https:\/\/noticiasemdestaque.com\/cd\/?p=27835#primaryimage\",\"url\":\"https:\/\/noticiasemdestaque.com\/cd\/wp-content\/uploads\/2020\/12\/129444425_2581237818784303_6986325088977589622_o.jpg\",\"contentUrl\":\"https:\/\/noticiasemdestaque.com\/cd\/wp-content\/uploads\/2020\/12\/129444425_2581237818784303_6986325088977589622_o.jpg\",\"width\":1937,\"height\":1574},{\"@type\":\"BreadcrumbList\",\"@id\":\"https:\/\/noticiasemdestaque.com\/cd\/?p=27835#breadcrumb\",\"itemListElement\":[{\"@type\":\"ListItem\",\"position\":1,\"name\":\"In\u00edcio\",\"item\":\"https:\/\/noticiasemdestaque.com\/cd\/\"},{\"@type\":\"ListItem\",\"position\":2,\"name\":\"Encerramento da Festa da Padroeira de Sum\u00e9 acontece nesta ter\u00e7a-feira\"}]},{\"@type\":\"WebSite\",\"@id\":\"https:\/\/noticiasemdestaque.com\/cd\/#website\",\"url\":\"https:\/\/noticiasemdestaque.com\/cd\/\",\"name\":\"Not&iacute;cias em Destaque\",\"description\":\"\",\"publisher\":{\"@id\":\"https:\/\/noticiasemdestaque.com\/cd\/#organization\"},\"potentialAction\":[{\"@type\":\"SearchAction\",\"target\":{\"@type\":\"EntryPoint\",\"urlTemplate\":\"https:\/\/noticiasemdestaque.com\/cd\/?s={search_term_string}\"},\"query-input\":{\"@type\":\"PropertyValueSpecification\",\"valueRequired\":true,\"valueName\":\"search_term_string\"}}],\"inLanguage\":\"pt-BR\"},{\"@type\":\"Organization\",\"@id\":\"https:\/\/noticiasemdestaque.com\/cd\/#organization\",\"name\":\"Not\u00edcias em Destaque\",\"url\":\"https:\/\/noticiasemdestaque.com\/cd\/\",\"logo\":{\"@type\":\"ImageObject\",\"inLanguage\":\"pt-BR\",\"@id\":\"https:\/\/noticiasemdestaque.com\/cd\/#\/schema\/logo\/image\/\",\"url\":\"https:\/\/noticiasemdestaque.com\/cd\/wp-content\/uploads\/2022\/05\/imagem-base-noticiasemdestaque.png\",\"contentUrl\":\"https:\/\/noticiasemdestaque.com\/cd\/wp-content\/uploads\/2022\/05\/imagem-base-noticiasemdestaque.png\",\"width\":1200,\"height\":630,\"caption\":\"Not\u00edcias em Destaque\"},\"image\":{\"@id\":\"https:\/\/noticiasemdestaque.com\/cd\/#\/schema\/logo\/image\/\"}},{\"@type\":\"Person\",\"@id\":\"https:\/\/noticiasemdestaque.com\/cd\/#\/schema\/person\/9c05c6816b191977f47499b3494ace52\",\"name\":\"Not\u00edcias em Destaque\",\"url\":\"https:\/\/noticiasemdestaque.com\/cd\/?author=2\"}]}<\/script>\n<!-- \/ Yoast SEO plugin. -->","yoast_head_json":{"title":"Encerramento da Festa da Padroeira de Sum\u00e9 acontece nesta ter\u00e7a-feira - Not&iacute;cias em Destaque","robots":{"index":"index","follow":"follow","max-snippet":"max-snippet:-1","max-image-preview":"max-image-preview:large","max-video-preview":"max-video-preview:-1"},"canonical":"https:\/\/noticiasemdestaque.com\/cd\/?p=27835","og_locale":"pt_BR","og_type":"article","og_title":"Encerramento da Festa da Padroeira de Sum\u00e9 acontece nesta ter\u00e7a-feira - Not&iacute;cias em Destaque","og_description":"O encerramento da Festa da Padroeira de Sum\u00e9, acontece nesta ter\u00e7a-feira (08), Dia de Nossa Senhora da Concei\u00e7\u00e3o, depois de dias de noven\u00e1rio, lives e quermesses, a programa\u00e7\u00e3o chega ao fim em um ano totalmente diferente, em virtude da pandemia do coronav\u00edrus, n\u00e3o acontece a tradicional prociss\u00e3o, mas sim, uma carreata. Confira a Programa\u00e7\u00e3o:\u00a0 Dia 08\/12 \u2013 TER\u00c7A-FEIRA \u2013\u00a0Dia Solene da Imaculada Concei\u00e7\u00e3o\u00a0 06h&#8211; Of\u00edcio da Imaculada Concei\u00e7\u00e3o 10h\u00a0\u2013\u00a0Missa Solene.\u00a0\u00a0 Pe. Haroldo Andrade Silva \u2013 Par\u00f3quia de Puxinan\u00e3.\u00a0 12h \u2013\u00a0Salvas de fogos em honra a Nossa senhora.\u00a0 17h00 \u2013\u00a0Carreata com a imagem de Nossa Senhora pelas ruas da Cidade.\u00a0 17h30\u00a0\u2013 Missa de encerramento na Pra\u00e7a da Matriz.\u00a0 Pe. Francisco de Assis Meira \u2013 Santu\u00e1rio de Nossa Senhora dos Milagres S\u00e3o Jo\u00e3o do Cariri.\u00a0 Toda a programa\u00e7\u00e3o desta ter\u00e7a-feira ser\u00e1 transmitida pelas redes sociais da Par\u00f3quia Nossa Senhora da Concei\u00e7\u00e3o\/Sum\u00e9 , Site Not\u00edcias em Destaque e R\u00e1dio 95.7 FM.\u00a0 Not\u00edcias em Destaque","og_url":"https:\/\/noticiasemdestaque.com\/cd\/?p=27835","og_site_name":"Not&iacute;cias em Destaque","article_published_time":"2020-12-08T00:06:08+00:00","article_modified_time":"2020-12-08T00:16:50+00:00","og_image":[{"width":1937,"height":1574,"url":"https:\/\/noticiasemdestaque.com\/cd\/wp-content\/uploads\/2020\/12\/129444425_2581237818784303_6986325088977589622_o.jpg","type":"image\/jpeg"}],"author":"Not\u00edcias em Destaque","twitter_card":"summary_large_image","twitter_misc":{"Escrito por":"Not\u00edcias em Destaque","Est. tempo de leitura":"1 minuto"},"schema":{"@context":"https:\/\/schema.org","@graph":[{"@type":"Article","@id":"https:\/\/noticiasemdestaque.com\/cd\/?p=27835#article","isPartOf":{"@id":"https:\/\/noticiasemdestaque.com\/cd\/?p=27835"},"author":{"name":"Not\u00edcias em Destaque","@id":"https:\/\/noticiasemdestaque.com\/cd\/#\/schema\/person\/9c05c6816b191977f47499b3494ace52"},"headline":"Encerramento da Festa da Padroeira de Sum\u00e9 acontece nesta ter\u00e7a-feira","datePublished":"2020-12-08T00:06:08+00:00","dateModified":"2020-12-08T00:16:50+00:00","mainEntityOfPage":{"@id":"https:\/\/noticiasemdestaque.com\/cd\/?p=27835"},"wordCount":181,"publisher":{"@id":"https:\/\/noticiasemdestaque.com\/cd\/#organization"},"image":{"@id":"https:\/\/noticiasemdestaque.com\/cd\/?p=27835#primaryimage"},"thumbnailUrl":"https:\/\/noticiasemdestaque.com\/cd\/wp-content\/uploads\/2020\/12\/129444425_2581237818784303_6986325088977589622_o.jpg","articleSection":["Geral"],"inLanguage":"pt-BR"},{"@type":"WebPage","@id":"https:\/\/noticiasemdestaque.com\/cd\/?p=27835","url":"https:\/\/noticiasemdestaque.com\/cd\/?p=27835","name":"Encerramento da Festa da Padroeira de Sum\u00e9 acontece nesta ter\u00e7a-feira - Not&iacute;cias em Destaque","isPartOf":{"@id":"https:\/\/noticiasemdestaque.com\/cd\/#website"},"primaryImageOfPage":{"@id":"https:\/\/noticiasemdestaque.com\/cd\/?p=27835#primaryimage"},"image":{"@id":"https:\/\/noticiasemdestaque.com\/cd\/?p=27835#primaryimage"},"thumbnailUrl":"https:\/\/noticiasemdestaque.com\/cd\/wp-content\/uploads\/2020\/12\/129444425_2581237818784303_6986325088977589622_o.jpg","datePublished":"2020-12-08T00:06:08+00:00","dateModified":"2020-12-08T00:16:50+00:00","breadcrumb":{"@id":"https:\/\/noticiasemdestaque.com\/cd\/?p=27835#breadcrumb"},"inLanguage":"pt-BR","potentialAction":[{"@type":"ReadAction","target":["https:\/\/noticiasemdestaque.com\/cd\/?p=27835"]}]},{"@type":"ImageObject","inLanguage":"pt-BR","@id":"https:\/\/noticiasemdestaque.com\/cd\/?p=27835#primaryimage","url":"https:\/\/noticiasemdestaque.com\/cd\/wp-content\/uploads\/2020\/12\/129444425_2581237818784303_6986325088977589622_o.jpg","contentUrl":"https:\/\/noticiasemdestaque.com\/cd\/wp-content\/uploads\/2020\/12\/129444425_2581237818784303_6986325088977589622_o.jpg","width":1937,"height":1574},{"@type":"BreadcrumbList","@id":"https:\/\/noticiasemdestaque.com\/cd\/?p=27835#breadcrumb","itemListElement":[{"@type":"ListItem","position":1,"name":"In\u00edcio","item":"https:\/\/noticiasemdestaque.com\/cd\/"},{"@type":"ListItem","position":2,"name":"Encerramento da Festa da Padroeira de Sum\u00e9 acontece nesta ter\u00e7a-feira"}]},{"@type":"WebSite","@id":"https:\/\/noticiasemdestaque.com\/cd\/#website","url":"https:\/\/noticiasemdestaque.com\/cd\/","name":"Not&iacute;cias em Destaque","description":"","publisher":{"@id":"https:\/\/noticiasemdestaque.com\/cd\/#organization"},"potentialAction":[{"@type":"SearchAction","target":{"@type":"EntryPoint","urlTemplate":"https:\/\/noticiasemdestaque.com\/cd\/?s={search_term_string}"},"query-input":{"@type":"PropertyValueSpecification","valueRequired":true,"valueName":"search_term_string"}}],"inLanguage":"pt-BR"},{"@type":"Organization","@id":"https:\/\/noticiasemdestaque.com\/cd\/#organization","name":"Not\u00edcias em Destaque","url":"https:\/\/noticiasemdestaque.com\/cd\/","logo":{"@type":"ImageObject","inLanguage":"pt-BR","@id":"https:\/\/noticiasemdestaque.com\/cd\/#\/schema\/logo\/image\/","url":"https:\/\/noticiasemdestaque.com\/cd\/wp-content\/uploads\/2022\/05\/imagem-base-noticiasemdestaque.png","contentUrl":"https:\/\/noticiasemdestaque.com\/cd\/wp-content\/uploads\/2022\/05\/imagem-base-noticiasemdestaque.png","width":1200,"height":630,"caption":"Not\u00edcias em Destaque"},"image":{"@id":"https:\/\/noticiasemdestaque.com\/cd\/#\/schema\/logo\/image\/"}},{"@type":"Person","@id":"https:\/\/noticiasemdestaque.com\/cd\/#\/schema\/person\/9c05c6816b191977f47499b3494ace52","name":"Not\u00edcias em Destaque","url":"https:\/\/noticiasemdestaque.com\/cd\/?author=2"}]}},"jetpack_featured_media_url":"https:\/\/noticiasemdestaque.com\/cd\/wp-content\/uploads\/2020\/12\/129444425_2581237818784303_6986325088977589622_o.jpg","jetpack_sharing_enabled":true,"_links":{"self":[{"href":"https:\/\/noticiasemdestaque.com\/cd\/index.php?rest_route=\/wp\/v2\/posts\/27835","targetHints":{"allow":["GET"]}}],"collection":[{"href":"https:\/\/noticiasemdestaque.com\/cd\/index.php?rest_route=\/wp\/v2\/posts"}],"about":[{"href":"https:\/\/noticiasemdestaque.com\/cd\/index.php?rest_route=\/wp\/v2\/types\/post"}],"author":[{"embeddable":true,"href":"https:\/\/noticiasemdestaque.com\/cd\/index.php?rest_route=\/wp\/v2\/users\/2"}],"replies":[{"embeddable":true,"href":"https:\/\/noticiasemdestaque.com\/cd\/index.php?rest_route=%2Fwp%2Fv2%2Fcomments&post=27835"}],"version-history":[{"count":2,"href":"https:\/\/noticiasemdestaque.com\/cd\/index.php?rest_route=\/wp\/v2\/posts\/27835\/revisions"}],"predecessor-version":[{"id":27839,"href":"https:\/\/noticiasemdestaque.com\/cd\/index.php?rest_route=\/wp\/v2\/posts\/27835\/revisions\/27839"}],"wp:featuredmedia":[{"embeddable":true,"href":"https:\/\/noticiasemdestaque.com\/cd\/index.php?rest_route=\/wp\/v2\/media\/27836"}],"wp:attachment":[{"href":"https:\/\/noticiasemdestaque.com\/cd\/index.php?rest_route=%2Fwp%2Fv2%2Fmedia&parent=27835"}],"wp:term":[{"taxonomy":"category","embeddable":true,"href":"https:\/\/noticiasemdestaque.com\/cd\/index.php?rest_route=%2Fwp%2Fv2%2Fcategories&post=27835"},{"taxonomy":"post_tag","embeddable":true,"href":"https:\/\/noticiasemdestaque.com\/cd\/index.php?rest_route=%2Fwp%2Fv2%2Ftags&post=27835"}],"curies":[{"name":"wp","href":"https:\/\/api.w.org\/{rel}","templated":true}]}}