{"id":27832,"date":"2020-12-07T20:39:23","date_gmt":"2020-12-07T23:39:23","guid":{"rendered":"http:\/\/noticiasemdestaque.com\/cd\/?p=27832"},"modified":"2020-12-07T20:39:23","modified_gmt":"2020-12-07T23:39:23","slug":"prefeitura-de-sume-divulga-resultado-preliminar-dos-editais-emergenciais-da-lei-aldir-blanc","status":"publish","type":"post","link":"https:\/\/noticiasemdestaque.com\/cd\/?p=27832","title":{"rendered":"Prefeitura de Sum\u00e9 divulga Resultado Preliminar dos editais emergenciais da Lei Aldir Blanc"},"content":{"rendered":"<p><a href=\"https:\/\/noticiasemdestaque.com\/cd\/wp-content\/uploads\/2020\/11\/audi-blanc.png\"><img fetchpriority=\"high\" decoding=\"async\" class=\"size-medium wp-image-27440 alignleft\" src=\"https:\/\/noticiasemdestaque.com\/cd\/wp-content\/uploads\/2020\/11\/audi-blanc-300x225.png\" alt=\"\" width=\"300\" height=\"225\" srcset=\"https:\/\/noticiasemdestaque.com\/cd\/wp-content\/uploads\/2020\/11\/audi-blanc-300x225.png 300w, https:\/\/noticiasemdestaque.com\/cd\/wp-content\/uploads\/2020\/11\/audi-blanc.png 351w\" sizes=\"(max-width: 300px) 100vw, 300px\" \/><\/a><\/p>\n<p>A Secretaria de Educa\u00e7\u00e3o de Sum\u00e9 divulgou resultado preliminar dos editais emergenciais de incentivo \u00e0 Cultura por meio da Lei Aldir Blanc.<\/p>\n<p>Foram estabelecidas 70 (setenta) vagas para atender \u00e0s categorias culturais do munic\u00edpio de Sum\u00e9, sendo estabelecido o benef\u00edcio m\u00ednimo de R$ 600,00 (seiscentos reais) e m\u00e1ximo de R$ 15 mil para propostas que beneficiem de forma individual e coletiva o setor cultural do munic\u00edpio de Sum\u00e9.<\/p>\n<p>As propostas de apresenta\u00e7\u00f5es art\u00edsticos\/culturais far\u00e3o parte do Segundo Festival Z\u00e9 Marcolino, que este ano, em virtude da pandemia ocasionada pelo coronav\u00edrus, ter\u00e1 sua transmiss\u00e3o via internet.<\/p>\n<p>Foram selecionados agentes, grupos e equipamentos para concess\u00e3o de pr\u00eamios de reconhecimento do patrim\u00f4nio art\u00edstico-cultural do munic\u00edpio, al\u00e9m da aquisi\u00e7\u00e3o de acervos para museu\/memorial.<\/p>\n<p>O resultado preliminar ainda cabe recurso para os interessados, devendo ser apresentado at\u00e9 esta ter\u00e7a-feira, 08, de forma online, no link disponibilizado no site da Prefeitura de Sum\u00e9. O resultado final est\u00e1 previsto para ser divulgado na pr\u00f3xima quinta-feira, 10.<\/p>\n<p>Confira os resultados preliminares por editais:<\/p>\n<p><a href=\"https:\/\/www.sume.pb.gov.br\/wp-content\/uploads\/2020\/12\/001-RESULTADO-PRELIMINAR-Aldir-Blanc.pdf\" target=\"_blank\" rel=\"noopener noreferrer\">001 \u2013 RESULTADO PRELIMINAR \u2013 Aldir Blanc<\/a><\/p>\n<p><a href=\"https:\/\/www.sume.pb.gov.br\/wp-content\/uploads\/2020\/12\/002-RESULTADO-PRELIMINAR-Aldir-Blanc.pdf\" target=\"_blank\" rel=\"noopener noreferrer\">002 \u2013 RESULTADO PRELIMINAR \u2013 Aldir Blanc<\/a><\/p>\n<p><a href=\"https:\/\/www.sume.pb.gov.br\/wp-content\/uploads\/2020\/12\/003-RESULTADO-PRELIMINAR-Aldir-Blanc.pdf\" target=\"_blank\" rel=\"noopener noreferrer\">003 \u2013 RESULTADO PRELIMINAR \u2013 Aldir Blanc<\/a><\/p>\n<p><a href=\"https:\/\/www.sume.pb.gov.br\/wp-content\/uploads\/2020\/12\/004-RESULTADO-PRELIMINAR-Aldir-Blanc.pdf\" target=\"_blank\" rel=\"noopener noreferrer\">004 \u2013 RESULTADO PRELIMINAR \u2013 Aldir Blanc<\/a><\/p>\n<p>Ascom PMS<\/p>\n<p>07\/12\/2020<\/p>\n","protected":false},"excerpt":{"rendered":"<p>A Secretaria de Educa\u00e7\u00e3o de Sum\u00e9 divulgou resultado preliminar dos editais emergenciais de incentivo \u00e0 Cultura por meio da Lei Aldir Blanc. Foram estabelecidas 70 (setenta) vagas para atender \u00e0s categorias culturais do munic\u00edpio de Sum\u00e9, sendo estabelecido o benef\u00edcio m\u00ednimo de R$ 600,00 (seiscentos reais) e m\u00e1ximo de R$ 15 mil para propostas que beneficiem de forma individual e coletiva o setor cultural do munic\u00edpio de Sum\u00e9. As propostas de apresenta\u00e7\u00f5es art\u00edsticos\/culturais far\u00e3o parte do Segundo Festival Z\u00e9 Marcolino, que este ano, em virtude da pandemia ocasionada pelo coronav\u00edrus, ter\u00e1 sua transmiss\u00e3o via internet. Foram selecionados agentes, grupos e equipamentos para concess\u00e3o de pr\u00eamios de reconhecimento do patrim\u00f4nio art\u00edstico-cultural do munic\u00edpio, al\u00e9m da aquisi\u00e7\u00e3o de acervos para museu\/memorial. O resultado preliminar ainda cabe recurso para os interessados, devendo ser apresentado at\u00e9 esta ter\u00e7a-feira, 08, de forma online, no link disponibilizado no site da Prefeitura de Sum\u00e9. O resultado final est\u00e1 previsto para ser divulgado na pr\u00f3xima quinta-feira, 10. Confira os resultados preliminares por editais: 001 \u2013 RESULTADO PRELIMINAR \u2013 Aldir Blanc 002 \u2013 RESULTADO PRELIMINAR \u2013 Aldir Blanc 003 \u2013 RESULTADO PRELIMINAR \u2013 Aldir Blanc 004 \u2013 RESULTADO PRELIMINAR \u2013 Aldir Blanc Ascom PMS 07\/12\/2020<\/p>\n","protected":false},"author":2,"featured_media":27440,"comment_status":"closed","ping_status":"open","sticky":false,"template":"","format":"standard","meta":{"_eb_attr":"","_jetpack_memberships_contains_paid_content":false,"footnotes":""},"categories":[3],"tags":[],"class_list":["post-27832","post","type-post","status-publish","format-standard","has-post-thumbnail","hentry","category-cidades"],"yoast_head":"<!-- This site is optimized with the Yoast SEO plugin v26.5 - https:\/\/yoast.com\/wordpress\/plugins\/seo\/ -->\n<title>Prefeitura de Sum\u00e9 divulga Resultado Preliminar dos editais emergenciais da Lei Aldir Blanc - Not&iacute;cias em Destaque<\/title>\n<meta name=\"robots\" content=\"index, follow, max-snippet:-1, max-image-preview:large, max-video-preview:-1\" \/>\n<link rel=\"canonical\" href=\"https:\/\/noticiasemdestaque.com\/cd\/?p=27832\" \/>\n<meta property=\"og:locale\" content=\"pt_BR\" \/>\n<meta property=\"og:type\" content=\"article\" \/>\n<meta property=\"og:title\" content=\"Prefeitura de Sum\u00e9 divulga Resultado Preliminar dos editais emergenciais da Lei Aldir Blanc - Not&iacute;cias em Destaque\" \/>\n<meta property=\"og:description\" content=\"A Secretaria de Educa\u00e7\u00e3o de Sum\u00e9 divulgou resultado preliminar dos editais emergenciais de incentivo \u00e0 Cultura por meio da Lei Aldir Blanc. Foram estabelecidas 70 (setenta) vagas para atender \u00e0s categorias culturais do munic\u00edpio de Sum\u00e9, sendo estabelecido o benef\u00edcio m\u00ednimo de R$ 600,00 (seiscentos reais) e m\u00e1ximo de R$ 15 mil para propostas que beneficiem de forma individual e coletiva o setor cultural do munic\u00edpio de Sum\u00e9. As propostas de apresenta\u00e7\u00f5es art\u00edsticos\/culturais far\u00e3o parte do Segundo Festival Z\u00e9 Marcolino, que este ano, em virtude da pandemia ocasionada pelo coronav\u00edrus, ter\u00e1 sua transmiss\u00e3o via internet. Foram selecionados agentes, grupos e equipamentos para concess\u00e3o de pr\u00eamios de reconhecimento do patrim\u00f4nio art\u00edstico-cultural do munic\u00edpio, al\u00e9m da aquisi\u00e7\u00e3o de acervos para museu\/memorial. O resultado preliminar ainda cabe recurso para os interessados, devendo ser apresentado at\u00e9 esta ter\u00e7a-feira, 08, de forma online, no link disponibilizado no site da Prefeitura de Sum\u00e9. O resultado final est\u00e1 previsto para ser divulgado na pr\u00f3xima quinta-feira, 10. Confira os resultados preliminares por editais: 001 \u2013 RESULTADO PRELIMINAR \u2013 Aldir Blanc 002 \u2013 RESULTADO PRELIMINAR \u2013 Aldir Blanc 003 \u2013 RESULTADO PRELIMINAR \u2013 Aldir Blanc 004 \u2013 RESULTADO PRELIMINAR \u2013 Aldir Blanc Ascom PMS 07\/12\/2020\" \/>\n<meta property=\"og:url\" content=\"https:\/\/noticiasemdestaque.com\/cd\/?p=27832\" \/>\n<meta property=\"og:site_name\" content=\"Not&iacute;cias em Destaque\" \/>\n<meta property=\"article:published_time\" content=\"2020-12-07T23:39:23+00:00\" \/>\n<meta property=\"og:image\" content=\"https:\/\/noticiasemdestaque.com\/cd\/wp-content\/uploads\/2020\/11\/audi-blanc.png\" \/>\n\t<meta property=\"og:image:width\" content=\"351\" \/>\n\t<meta property=\"og:image:height\" content=\"263\" \/>\n\t<meta property=\"og:image:type\" content=\"image\/png\" \/>\n<meta name=\"author\" content=\"Not\u00edcias em Destaque\" \/>\n<meta name=\"twitter:card\" content=\"summary_large_image\" \/>\n<meta name=\"twitter:label1\" content=\"Escrito por\" \/>\n\t<meta name=\"twitter:data1\" content=\"Not\u00edcias em Destaque\" \/>\n\t<meta name=\"twitter:label2\" content=\"Est. tempo de leitura\" \/>\n\t<meta name=\"twitter:data2\" content=\"1 minuto\" \/>\n<script type=\"application\/ld+json\" class=\"yoast-schema-graph\">{\"@context\":\"https:\/\/schema.org\",\"@graph\":[{\"@type\":\"Article\",\"@id\":\"https:\/\/noticiasemdestaque.com\/cd\/?p=27832#article\",\"isPartOf\":{\"@id\":\"https:\/\/noticiasemdestaque.com\/cd\/?p=27832\"},\"author\":{\"name\":\"Not\u00edcias em Destaque\",\"@id\":\"https:\/\/noticiasemdestaque.com\/cd\/#\/schema\/person\/967a459378479d4fa07976fedd8a7b5e\"},\"headline\":\"Prefeitura de Sum\u00e9 divulga Resultado Preliminar dos editais emergenciais da Lei Aldir Blanc\",\"datePublished\":\"2020-12-07T23:39:23+00:00\",\"mainEntityOfPage\":{\"@id\":\"https:\/\/noticiasemdestaque.com\/cd\/?p=27832\"},\"wordCount\":212,\"publisher\":{\"@id\":\"https:\/\/noticiasemdestaque.com\/cd\/#organization\"},\"image\":{\"@id\":\"https:\/\/noticiasemdestaque.com\/cd\/?p=27832#primaryimage\"},\"thumbnailUrl\":\"https:\/\/noticiasemdestaque.com\/cd\/wp-content\/uploads\/2020\/11\/audi-blanc.png\",\"articleSection\":[\"Cidades\"],\"inLanguage\":\"pt-BR\"},{\"@type\":\"WebPage\",\"@id\":\"https:\/\/noticiasemdestaque.com\/cd\/?p=27832\",\"url\":\"https:\/\/noticiasemdestaque.com\/cd\/?p=27832\",\"name\":\"Prefeitura de Sum\u00e9 divulga Resultado Preliminar dos editais emergenciais da Lei Aldir Blanc - Not&iacute;cias em Destaque\",\"isPartOf\":{\"@id\":\"https:\/\/noticiasemdestaque.com\/cd\/#website\"},\"primaryImageOfPage\":{\"@id\":\"https:\/\/noticiasemdestaque.com\/cd\/?p=27832#primaryimage\"},\"image\":{\"@id\":\"https:\/\/noticiasemdestaque.com\/cd\/?p=27832#primaryimage\"},\"thumbnailUrl\":\"https:\/\/noticiasemdestaque.com\/cd\/wp-content\/uploads\/2020\/11\/audi-blanc.png\",\"datePublished\":\"2020-12-07T23:39:23+00:00\",\"breadcrumb\":{\"@id\":\"https:\/\/noticiasemdestaque.com\/cd\/?p=27832#breadcrumb\"},\"inLanguage\":\"pt-BR\",\"potentialAction\":[{\"@type\":\"ReadAction\",\"target\":[\"https:\/\/noticiasemdestaque.com\/cd\/?p=27832\"]}]},{\"@type\":\"ImageObject\",\"inLanguage\":\"pt-BR\",\"@id\":\"https:\/\/noticiasemdestaque.com\/cd\/?p=27832#primaryimage\",\"url\":\"https:\/\/noticiasemdestaque.com\/cd\/wp-content\/uploads\/2020\/11\/audi-blanc.png\",\"contentUrl\":\"https:\/\/noticiasemdestaque.com\/cd\/wp-content\/uploads\/2020\/11\/audi-blanc.png\",\"width\":351,\"height\":263},{\"@type\":\"BreadcrumbList\",\"@id\":\"https:\/\/noticiasemdestaque.com\/cd\/?p=27832#breadcrumb\",\"itemListElement\":[{\"@type\":\"ListItem\",\"position\":1,\"name\":\"In\u00edcio\",\"item\":\"https:\/\/noticiasemdestaque.com\/cd\/\"},{\"@type\":\"ListItem\",\"position\":2,\"name\":\"Prefeitura de Sum\u00e9 divulga Resultado Preliminar dos editais emergenciais da Lei Aldir Blanc\"}]},{\"@type\":\"WebSite\",\"@id\":\"https:\/\/noticiasemdestaque.com\/cd\/#website\",\"url\":\"https:\/\/noticiasemdestaque.com\/cd\/\",\"name\":\"Not&iacute;cias em Destaque\",\"description\":\"\",\"publisher\":{\"@id\":\"https:\/\/noticiasemdestaque.com\/cd\/#organization\"},\"potentialAction\":[{\"@type\":\"SearchAction\",\"target\":{\"@type\":\"EntryPoint\",\"urlTemplate\":\"https:\/\/noticiasemdestaque.com\/cd\/?s={search_term_string}\"},\"query-input\":{\"@type\":\"PropertyValueSpecification\",\"valueRequired\":true,\"valueName\":\"search_term_string\"}}],\"inLanguage\":\"pt-BR\"},{\"@type\":\"Organization\",\"@id\":\"https:\/\/noticiasemdestaque.com\/cd\/#organization\",\"name\":\"Not\u00edcias em Destaque\",\"url\":\"https:\/\/noticiasemdestaque.com\/cd\/\",\"logo\":{\"@type\":\"ImageObject\",\"inLanguage\":\"pt-BR\",\"@id\":\"https:\/\/noticiasemdestaque.com\/cd\/#\/schema\/logo\/image\/\",\"url\":\"https:\/\/noticiasemdestaque.com\/cd\/wp-content\/uploads\/2022\/05\/imagem-base-noticiasemdestaque.png\",\"contentUrl\":\"https:\/\/noticiasemdestaque.com\/cd\/wp-content\/uploads\/2022\/05\/imagem-base-noticiasemdestaque.png\",\"width\":1200,\"height\":630,\"caption\":\"Not\u00edcias em Destaque\"},\"image\":{\"@id\":\"https:\/\/noticiasemdestaque.com\/cd\/#\/schema\/logo\/image\/\"}},{\"@type\":\"Person\",\"@id\":\"https:\/\/noticiasemdestaque.com\/cd\/#\/schema\/person\/967a459378479d4fa07976fedd8a7b5e\",\"name\":\"Not\u00edcias em Destaque\",\"url\":\"https:\/\/noticiasemdestaque.com\/cd\/?author=2\"}]}<\/script>\n<!-- \/ Yoast SEO plugin. -->","yoast_head_json":{"title":"Prefeitura de Sum\u00e9 divulga Resultado Preliminar dos editais emergenciais da Lei Aldir Blanc - Not&iacute;cias em Destaque","robots":{"index":"index","follow":"follow","max-snippet":"max-snippet:-1","max-image-preview":"max-image-preview:large","max-video-preview":"max-video-preview:-1"},"canonical":"https:\/\/noticiasemdestaque.com\/cd\/?p=27832","og_locale":"pt_BR","og_type":"article","og_title":"Prefeitura de Sum\u00e9 divulga Resultado Preliminar dos editais emergenciais da Lei Aldir Blanc - Not&iacute;cias em Destaque","og_description":"A Secretaria de Educa\u00e7\u00e3o de Sum\u00e9 divulgou resultado preliminar dos editais emergenciais de incentivo \u00e0 Cultura por meio da Lei Aldir Blanc. Foram estabelecidas 70 (setenta) vagas para atender \u00e0s categorias culturais do munic\u00edpio de Sum\u00e9, sendo estabelecido o benef\u00edcio m\u00ednimo de R$ 600,00 (seiscentos reais) e m\u00e1ximo de R$ 15 mil para propostas que beneficiem de forma individual e coletiva o setor cultural do munic\u00edpio de Sum\u00e9. As propostas de apresenta\u00e7\u00f5es art\u00edsticos\/culturais far\u00e3o parte do Segundo Festival Z\u00e9 Marcolino, que este ano, em virtude da pandemia ocasionada pelo coronav\u00edrus, ter\u00e1 sua transmiss\u00e3o via internet. Foram selecionados agentes, grupos e equipamentos para concess\u00e3o de pr\u00eamios de reconhecimento do patrim\u00f4nio art\u00edstico-cultural do munic\u00edpio, al\u00e9m da aquisi\u00e7\u00e3o de acervos para museu\/memorial. O resultado preliminar ainda cabe recurso para os interessados, devendo ser apresentado at\u00e9 esta ter\u00e7a-feira, 08, de forma online, no link disponibilizado no site da Prefeitura de Sum\u00e9. O resultado final est\u00e1 previsto para ser divulgado na pr\u00f3xima quinta-feira, 10. Confira os resultados preliminares por editais: 001 \u2013 RESULTADO PRELIMINAR \u2013 Aldir Blanc 002 \u2013 RESULTADO PRELIMINAR \u2013 Aldir Blanc 003 \u2013 RESULTADO PRELIMINAR \u2013 Aldir Blanc 004 \u2013 RESULTADO PRELIMINAR \u2013 Aldir Blanc Ascom PMS 07\/12\/2020","og_url":"https:\/\/noticiasemdestaque.com\/cd\/?p=27832","og_site_name":"Not&iacute;cias em Destaque","article_published_time":"2020-12-07T23:39:23+00:00","og_image":[{"width":351,"height":263,"url":"https:\/\/noticiasemdestaque.com\/cd\/wp-content\/uploads\/2020\/11\/audi-blanc.png","type":"image\/png"}],"author":"Not\u00edcias em Destaque","twitter_card":"summary_large_image","twitter_misc":{"Escrito por":"Not\u00edcias em Destaque","Est. tempo de leitura":"1 minuto"},"schema":{"@context":"https:\/\/schema.org","@graph":[{"@type":"Article","@id":"https:\/\/noticiasemdestaque.com\/cd\/?p=27832#article","isPartOf":{"@id":"https:\/\/noticiasemdestaque.com\/cd\/?p=27832"},"author":{"name":"Not\u00edcias em Destaque","@id":"https:\/\/noticiasemdestaque.com\/cd\/#\/schema\/person\/967a459378479d4fa07976fedd8a7b5e"},"headline":"Prefeitura de Sum\u00e9 divulga Resultado Preliminar dos editais emergenciais da Lei Aldir Blanc","datePublished":"2020-12-07T23:39:23+00:00","mainEntityOfPage":{"@id":"https:\/\/noticiasemdestaque.com\/cd\/?p=27832"},"wordCount":212,"publisher":{"@id":"https:\/\/noticiasemdestaque.com\/cd\/#organization"},"image":{"@id":"https:\/\/noticiasemdestaque.com\/cd\/?p=27832#primaryimage"},"thumbnailUrl":"https:\/\/noticiasemdestaque.com\/cd\/wp-content\/uploads\/2020\/11\/audi-blanc.png","articleSection":["Cidades"],"inLanguage":"pt-BR"},{"@type":"WebPage","@id":"https:\/\/noticiasemdestaque.com\/cd\/?p=27832","url":"https:\/\/noticiasemdestaque.com\/cd\/?p=27832","name":"Prefeitura de Sum\u00e9 divulga Resultado Preliminar dos editais emergenciais da Lei Aldir Blanc - Not&iacute;cias em Destaque","isPartOf":{"@id":"https:\/\/noticiasemdestaque.com\/cd\/#website"},"primaryImageOfPage":{"@id":"https:\/\/noticiasemdestaque.com\/cd\/?p=27832#primaryimage"},"image":{"@id":"https:\/\/noticiasemdestaque.com\/cd\/?p=27832#primaryimage"},"thumbnailUrl":"https:\/\/noticiasemdestaque.com\/cd\/wp-content\/uploads\/2020\/11\/audi-blanc.png","datePublished":"2020-12-07T23:39:23+00:00","breadcrumb":{"@id":"https:\/\/noticiasemdestaque.com\/cd\/?p=27832#breadcrumb"},"inLanguage":"pt-BR","potentialAction":[{"@type":"ReadAction","target":["https:\/\/noticiasemdestaque.com\/cd\/?p=27832"]}]},{"@type":"ImageObject","inLanguage":"pt-BR","@id":"https:\/\/noticiasemdestaque.com\/cd\/?p=27832#primaryimage","url":"https:\/\/noticiasemdestaque.com\/cd\/wp-content\/uploads\/2020\/11\/audi-blanc.png","contentUrl":"https:\/\/noticiasemdestaque.com\/cd\/wp-content\/uploads\/2020\/11\/audi-blanc.png","width":351,"height":263},{"@type":"BreadcrumbList","@id":"https:\/\/noticiasemdestaque.com\/cd\/?p=27832#breadcrumb","itemListElement":[{"@type":"ListItem","position":1,"name":"In\u00edcio","item":"https:\/\/noticiasemdestaque.com\/cd\/"},{"@type":"ListItem","position":2,"name":"Prefeitura de Sum\u00e9 divulga Resultado Preliminar dos editais emergenciais da Lei Aldir Blanc"}]},{"@type":"WebSite","@id":"https:\/\/noticiasemdestaque.com\/cd\/#website","url":"https:\/\/noticiasemdestaque.com\/cd\/","name":"Not&iacute;cias em Destaque","description":"","publisher":{"@id":"https:\/\/noticiasemdestaque.com\/cd\/#organization"},"potentialAction":[{"@type":"SearchAction","target":{"@type":"EntryPoint","urlTemplate":"https:\/\/noticiasemdestaque.com\/cd\/?s={search_term_string}"},"query-input":{"@type":"PropertyValueSpecification","valueRequired":true,"valueName":"search_term_string"}}],"inLanguage":"pt-BR"},{"@type":"Organization","@id":"https:\/\/noticiasemdestaque.com\/cd\/#organization","name":"Not\u00edcias em Destaque","url":"https:\/\/noticiasemdestaque.com\/cd\/","logo":{"@type":"ImageObject","inLanguage":"pt-BR","@id":"https:\/\/noticiasemdestaque.com\/cd\/#\/schema\/logo\/image\/","url":"https:\/\/noticiasemdestaque.com\/cd\/wp-content\/uploads\/2022\/05\/imagem-base-noticiasemdestaque.png","contentUrl":"https:\/\/noticiasemdestaque.com\/cd\/wp-content\/uploads\/2022\/05\/imagem-base-noticiasemdestaque.png","width":1200,"height":630,"caption":"Not\u00edcias em Destaque"},"image":{"@id":"https:\/\/noticiasemdestaque.com\/cd\/#\/schema\/logo\/image\/"}},{"@type":"Person","@id":"https:\/\/noticiasemdestaque.com\/cd\/#\/schema\/person\/967a459378479d4fa07976fedd8a7b5e","name":"Not\u00edcias em Destaque","url":"https:\/\/noticiasemdestaque.com\/cd\/?author=2"}]}},"jetpack_featured_media_url":"https:\/\/noticiasemdestaque.com\/cd\/wp-content\/uploads\/2020\/11\/audi-blanc.png","jetpack_sharing_enabled":true,"_links":{"self":[{"href":"https:\/\/noticiasemdestaque.com\/cd\/index.php?rest_route=\/wp\/v2\/posts\/27832","targetHints":{"allow":["GET"]}}],"collection":[{"href":"https:\/\/noticiasemdestaque.com\/cd\/index.php?rest_route=\/wp\/v2\/posts"}],"about":[{"href":"https:\/\/noticiasemdestaque.com\/cd\/index.php?rest_route=\/wp\/v2\/types\/post"}],"author":[{"embeddable":true,"href":"https:\/\/noticiasemdestaque.com\/cd\/index.php?rest_route=\/wp\/v2\/users\/2"}],"replies":[{"embeddable":true,"href":"https:\/\/noticiasemdestaque.com\/cd\/index.php?rest_route=%2Fwp%2Fv2%2Fcomments&post=27832"}],"version-history":[{"count":1,"href":"https:\/\/noticiasemdestaque.com\/cd\/index.php?rest_route=\/wp\/v2\/posts\/27832\/revisions"}],"predecessor-version":[{"id":27833,"href":"https:\/\/noticiasemdestaque.com\/cd\/index.php?rest_route=\/wp\/v2\/posts\/27832\/revisions\/27833"}],"wp:featuredmedia":[{"embeddable":true,"href":"https:\/\/noticiasemdestaque.com\/cd\/index.php?rest_route=\/wp\/v2\/media\/27440"}],"wp:attachment":[{"href":"https:\/\/noticiasemdestaque.com\/cd\/index.php?rest_route=%2Fwp%2Fv2%2Fmedia&parent=27832"}],"wp:term":[{"taxonomy":"category","embeddable":true,"href":"https:\/\/noticiasemdestaque.com\/cd\/index.php?rest_route=%2Fwp%2Fv2%2Fcategories&post=27832"},{"taxonomy":"post_tag","embeddable":true,"href":"https:\/\/noticiasemdestaque.com\/cd\/index.php?rest_route=%2Fwp%2Fv2%2Ftags&post=27832"}],"curies":[{"name":"wp","href":"https:\/\/api.w.org\/{rel}","templated":true}]}}