{"id":27822,"date":"2020-12-07T09:01:26","date_gmt":"2020-12-07T12:01:26","guid":{"rendered":"http:\/\/noticiasemdestaque.com\/cd\/?p=27822"},"modified":"2020-12-07T09:01:26","modified_gmt":"2020-12-07T12:01:26","slug":"deputada-edna-henrique-cancela-mais-uma-emenda-para-o-municipio-de-monteiro","status":"publish","type":"post","link":"https:\/\/noticiasemdestaque.com\/cd\/?p=27822","title":{"rendered":"Deputada Edna Henrique cancela mais uma emenda para o munic\u00edpio de Monteiro"},"content":{"rendered":"<p><a href=\"https:\/\/noticiasemdestaque.com\/cd\/wp-content\/uploads\/2018\/07\/edna_campanha_dengue.jpg\"><img fetchpriority=\"high\" decoding=\"async\" class=\"size-medium wp-image-11591 alignleft\" src=\"https:\/\/noticiasemdestaque.com\/cd\/wp-content\/uploads\/2018\/07\/edna_campanha_dengue-300x206.jpg\" alt=\"\" width=\"300\" height=\"206\" srcset=\"https:\/\/noticiasemdestaque.com\/cd\/wp-content\/uploads\/2018\/07\/edna_campanha_dengue-300x206.jpg 300w, https:\/\/noticiasemdestaque.com\/cd\/wp-content\/uploads\/2018\/07\/edna_campanha_dengue.jpg 714w\" sizes=\"(max-width: 300px) 100vw, 300px\" \/><\/a><\/p>\n<p>A deputada federal Edna Henrique (PSDB), que foi derrotada nas elei\u00e7\u00f5es municipais do \u00faltimo dia 15 de novembro em Monteiro, cancelou mais uma emenda de sua autoria que beneficiaria o munic\u00edpio de Monteiro.<\/p>\n<p>A parlamentar havia destinado uma emenda de R$ 3.000.000,00 (tr\u00eas milh\u00f5es de reais) para implanta\u00e7\u00e3o, amplia\u00e7\u00e3o e melhoria de sistemas p\u00fablicos de Esgotamento Sanit\u00e1rio do munic\u00edpio de Monteiro, por\u00e9m, no \u00faltimo dia 25 de novembro, solicitou o cancelamento da emenda para Monteiro, e o remanejamento do recurso para os munic\u00edpios de Conde, Areia de Bara\u00fanas, Riacho de Santo Ant\u00f4nio e Mana\u00edra.<\/p>\n<p>A deputada Edna Henrique, que disputou o cargo de vice-prefeita na chapa encabe\u00e7ada por sua filha Micheila Henrique no \u00faltimo dia 15 de novembro, em Monteiro, e foram derrotadas com uma esmagadora vantagem de mais de 3 mil votos pela prefeita Anna Lorena, j\u00e1 havia cancelado anteriormente uma emenda de R$ 3 milh\u00f5es (tr\u00eas milh\u00f5es de reais) para aquisi\u00e7\u00e3o de aquisi\u00e7\u00e3o de 03 (tr\u00eas) retroescavadeiras, 01 (um) rolo compressor, 03 (tr\u00eas) ca\u00e7ambas, 01 (uma) patrol e 01 (um) caminh\u00e3o.<\/p>\n<p>Em contato com a reportagem, a prefeita Anna Lorena voltou a lamentar a atitude pequena da parlamentar, que mostrou mais uma vez que n\u00e3o tinha compromisso com a popula\u00e7\u00e3o de Monteiro, e sim compromissos unicamente de interesse pessoal.<\/p>\n<p>Confira o of\u00edcio que comprova o cancelamento\u00a0<a href=\"https:\/\/www.vitrinedocariri.com.br\/wp-content\/uploads\/2020\/12\/Of%C3%ADcio-301_2020-de-25-11-2020-Deputada-Edna-Henrique-subst.-mun.-benefici%C3%A1rio.pdf\"><strong>AQUI<\/strong><\/a>.<\/p>\n","protected":false},"excerpt":{"rendered":"<p>A deputada federal Edna Henrique (PSDB), que foi derrotada nas elei\u00e7\u00f5es municipais do \u00faltimo dia 15 de novembro em Monteiro, cancelou mais uma emenda de sua autoria que beneficiaria o munic\u00edpio de Monteiro. A parlamentar havia destinado uma emenda de R$ 3.000.000,00 (tr\u00eas milh\u00f5es de reais) para implanta\u00e7\u00e3o, amplia\u00e7\u00e3o e melhoria de sistemas p\u00fablicos de Esgotamento Sanit\u00e1rio do munic\u00edpio de Monteiro, por\u00e9m, no \u00faltimo dia 25 de novembro, solicitou o cancelamento da emenda para Monteiro, e o remanejamento do recurso para os munic\u00edpios de Conde, Areia de Bara\u00fanas, Riacho de Santo Ant\u00f4nio e Mana\u00edra. A deputada Edna Henrique, que disputou o cargo de vice-prefeita na chapa encabe\u00e7ada por sua filha Micheila Henrique no \u00faltimo dia 15 de novembro, em Monteiro, e foram derrotadas com uma esmagadora vantagem de mais de 3 mil votos pela prefeita Anna Lorena, j\u00e1 havia cancelado anteriormente uma emenda de R$ 3 milh\u00f5es (tr\u00eas milh\u00f5es de reais) para aquisi\u00e7\u00e3o de aquisi\u00e7\u00e3o de 03 (tr\u00eas) retroescavadeiras, 01 (um) rolo compressor, 03 (tr\u00eas) ca\u00e7ambas, 01 (uma) patrol e 01 (um) caminh\u00e3o. Em contato com a reportagem, a prefeita Anna Lorena voltou a lamentar a atitude pequena da parlamentar, que mostrou mais uma vez que n\u00e3o tinha compromisso com a popula\u00e7\u00e3o de Monteiro, e sim compromissos unicamente de interesse pessoal. Confira o of\u00edcio que comprova o cancelamento\u00a0AQUI.<\/p>\n","protected":false},"author":2,"featured_media":11591,"comment_status":"closed","ping_status":"open","sticky":false,"template":"","format":"standard","meta":{"_eb_attr":"","_jetpack_memberships_contains_paid_content":false,"footnotes":""},"categories":[4],"tags":[],"class_list":["post-27822","post","type-post","status-publish","format-standard","has-post-thumbnail","hentry","category-politica"],"yoast_head":"<!-- This site is optimized with the Yoast SEO plugin v26.5 - https:\/\/yoast.com\/wordpress\/plugins\/seo\/ -->\n<title>Deputada Edna Henrique cancela mais uma emenda para o munic\u00edpio de Monteiro - Not&iacute;cias em Destaque<\/title>\n<meta name=\"robots\" content=\"index, follow, max-snippet:-1, max-image-preview:large, max-video-preview:-1\" \/>\n<link rel=\"canonical\" href=\"https:\/\/noticiasemdestaque.com\/cd\/?p=27822\" \/>\n<meta property=\"og:locale\" content=\"pt_BR\" \/>\n<meta property=\"og:type\" content=\"article\" \/>\n<meta property=\"og:title\" content=\"Deputada Edna Henrique cancela mais uma emenda para o munic\u00edpio de Monteiro - Not&iacute;cias em Destaque\" \/>\n<meta property=\"og:description\" content=\"A deputada federal Edna Henrique (PSDB), que foi derrotada nas elei\u00e7\u00f5es municipais do \u00faltimo dia 15 de novembro em Monteiro, cancelou mais uma emenda de sua autoria que beneficiaria o munic\u00edpio de Monteiro. A parlamentar havia destinado uma emenda de R$ 3.000.000,00 (tr\u00eas milh\u00f5es de reais) para implanta\u00e7\u00e3o, amplia\u00e7\u00e3o e melhoria de sistemas p\u00fablicos de Esgotamento Sanit\u00e1rio do munic\u00edpio de Monteiro, por\u00e9m, no \u00faltimo dia 25 de novembro, solicitou o cancelamento da emenda para Monteiro, e o remanejamento do recurso para os munic\u00edpios de Conde, Areia de Bara\u00fanas, Riacho de Santo Ant\u00f4nio e Mana\u00edra. A deputada Edna Henrique, que disputou o cargo de vice-prefeita na chapa encabe\u00e7ada por sua filha Micheila Henrique no \u00faltimo dia 15 de novembro, em Monteiro, e foram derrotadas com uma esmagadora vantagem de mais de 3 mil votos pela prefeita Anna Lorena, j\u00e1 havia cancelado anteriormente uma emenda de R$ 3 milh\u00f5es (tr\u00eas milh\u00f5es de reais) para aquisi\u00e7\u00e3o de aquisi\u00e7\u00e3o de 03 (tr\u00eas) retroescavadeiras, 01 (um) rolo compressor, 03 (tr\u00eas) ca\u00e7ambas, 01 (uma) patrol e 01 (um) caminh\u00e3o. Em contato com a reportagem, a prefeita Anna Lorena voltou a lamentar a atitude pequena da parlamentar, que mostrou mais uma vez que n\u00e3o tinha compromisso com a popula\u00e7\u00e3o de Monteiro, e sim compromissos unicamente de interesse pessoal. Confira o of\u00edcio que comprova o cancelamento\u00a0AQUI.\" \/>\n<meta property=\"og:url\" content=\"https:\/\/noticiasemdestaque.com\/cd\/?p=27822\" \/>\n<meta property=\"og:site_name\" content=\"Not&iacute;cias em Destaque\" \/>\n<meta property=\"article:published_time\" content=\"2020-12-07T12:01:26+00:00\" \/>\n<meta property=\"og:image\" content=\"https:\/\/noticiasemdestaque.com\/cd\/wp-content\/uploads\/2018\/07\/edna_campanha_dengue.jpg\" \/>\n\t<meta property=\"og:image:width\" content=\"714\" \/>\n\t<meta property=\"og:image:height\" content=\"490\" \/>\n\t<meta property=\"og:image:type\" content=\"image\/jpeg\" \/>\n<meta name=\"author\" content=\"Not\u00edcias em Destaque\" \/>\n<meta name=\"twitter:card\" content=\"summary_large_image\" \/>\n<meta name=\"twitter:label1\" content=\"Escrito por\" \/>\n\t<meta name=\"twitter:data1\" content=\"Not\u00edcias em Destaque\" \/>\n\t<meta name=\"twitter:label2\" content=\"Est. tempo de leitura\" \/>\n\t<meta name=\"twitter:data2\" content=\"1 minuto\" \/>\n<script type=\"application\/ld+json\" class=\"yoast-schema-graph\">{\"@context\":\"https:\/\/schema.org\",\"@graph\":[{\"@type\":\"Article\",\"@id\":\"https:\/\/noticiasemdestaque.com\/cd\/?p=27822#article\",\"isPartOf\":{\"@id\":\"https:\/\/noticiasemdestaque.com\/cd\/?p=27822\"},\"author\":{\"name\":\"Not\u00edcias em Destaque\",\"@id\":\"https:\/\/noticiasemdestaque.com\/cd\/#\/schema\/person\/967a459378479d4fa07976fedd8a7b5e\"},\"headline\":\"Deputada Edna Henrique cancela mais uma emenda para o munic\u00edpio de Monteiro\",\"datePublished\":\"2020-12-07T12:01:26+00:00\",\"mainEntityOfPage\":{\"@id\":\"https:\/\/noticiasemdestaque.com\/cd\/?p=27822\"},\"wordCount\":248,\"publisher\":{\"@id\":\"https:\/\/noticiasemdestaque.com\/cd\/#organization\"},\"image\":{\"@id\":\"https:\/\/noticiasemdestaque.com\/cd\/?p=27822#primaryimage\"},\"thumbnailUrl\":\"https:\/\/noticiasemdestaque.com\/cd\/wp-content\/uploads\/2018\/07\/edna_campanha_dengue.jpg\",\"articleSection\":[\"Pol\u00edtica\"],\"inLanguage\":\"pt-BR\"},{\"@type\":\"WebPage\",\"@id\":\"https:\/\/noticiasemdestaque.com\/cd\/?p=27822\",\"url\":\"https:\/\/noticiasemdestaque.com\/cd\/?p=27822\",\"name\":\"Deputada Edna Henrique cancela mais uma emenda para o munic\u00edpio de Monteiro - Not&iacute;cias em Destaque\",\"isPartOf\":{\"@id\":\"https:\/\/noticiasemdestaque.com\/cd\/#website\"},\"primaryImageOfPage\":{\"@id\":\"https:\/\/noticiasemdestaque.com\/cd\/?p=27822#primaryimage\"},\"image\":{\"@id\":\"https:\/\/noticiasemdestaque.com\/cd\/?p=27822#primaryimage\"},\"thumbnailUrl\":\"https:\/\/noticiasemdestaque.com\/cd\/wp-content\/uploads\/2018\/07\/edna_campanha_dengue.jpg\",\"datePublished\":\"2020-12-07T12:01:26+00:00\",\"breadcrumb\":{\"@id\":\"https:\/\/noticiasemdestaque.com\/cd\/?p=27822#breadcrumb\"},\"inLanguage\":\"pt-BR\",\"potentialAction\":[{\"@type\":\"ReadAction\",\"target\":[\"https:\/\/noticiasemdestaque.com\/cd\/?p=27822\"]}]},{\"@type\":\"ImageObject\",\"inLanguage\":\"pt-BR\",\"@id\":\"https:\/\/noticiasemdestaque.com\/cd\/?p=27822#primaryimage\",\"url\":\"https:\/\/noticiasemdestaque.com\/cd\/wp-content\/uploads\/2018\/07\/edna_campanha_dengue.jpg\",\"contentUrl\":\"https:\/\/noticiasemdestaque.com\/cd\/wp-content\/uploads\/2018\/07\/edna_campanha_dengue.jpg\",\"width\":714,\"height\":490},{\"@type\":\"BreadcrumbList\",\"@id\":\"https:\/\/noticiasemdestaque.com\/cd\/?p=27822#breadcrumb\",\"itemListElement\":[{\"@type\":\"ListItem\",\"position\":1,\"name\":\"In\u00edcio\",\"item\":\"https:\/\/noticiasemdestaque.com\/cd\/\"},{\"@type\":\"ListItem\",\"position\":2,\"name\":\"Deputada Edna Henrique cancela mais uma emenda para o munic\u00edpio de Monteiro\"}]},{\"@type\":\"WebSite\",\"@id\":\"https:\/\/noticiasemdestaque.com\/cd\/#website\",\"url\":\"https:\/\/noticiasemdestaque.com\/cd\/\",\"name\":\"Not&iacute;cias em Destaque\",\"description\":\"\",\"publisher\":{\"@id\":\"https:\/\/noticiasemdestaque.com\/cd\/#organization\"},\"potentialAction\":[{\"@type\":\"SearchAction\",\"target\":{\"@type\":\"EntryPoint\",\"urlTemplate\":\"https:\/\/noticiasemdestaque.com\/cd\/?s={search_term_string}\"},\"query-input\":{\"@type\":\"PropertyValueSpecification\",\"valueRequired\":true,\"valueName\":\"search_term_string\"}}],\"inLanguage\":\"pt-BR\"},{\"@type\":\"Organization\",\"@id\":\"https:\/\/noticiasemdestaque.com\/cd\/#organization\",\"name\":\"Not\u00edcias em Destaque\",\"url\":\"https:\/\/noticiasemdestaque.com\/cd\/\",\"logo\":{\"@type\":\"ImageObject\",\"inLanguage\":\"pt-BR\",\"@id\":\"https:\/\/noticiasemdestaque.com\/cd\/#\/schema\/logo\/image\/\",\"url\":\"https:\/\/noticiasemdestaque.com\/cd\/wp-content\/uploads\/2022\/05\/imagem-base-noticiasemdestaque.png\",\"contentUrl\":\"https:\/\/noticiasemdestaque.com\/cd\/wp-content\/uploads\/2022\/05\/imagem-base-noticiasemdestaque.png\",\"width\":1200,\"height\":630,\"caption\":\"Not\u00edcias em Destaque\"},\"image\":{\"@id\":\"https:\/\/noticiasemdestaque.com\/cd\/#\/schema\/logo\/image\/\"}},{\"@type\":\"Person\",\"@id\":\"https:\/\/noticiasemdestaque.com\/cd\/#\/schema\/person\/967a459378479d4fa07976fedd8a7b5e\",\"name\":\"Not\u00edcias em Destaque\",\"url\":\"https:\/\/noticiasemdestaque.com\/cd\/?author=2\"}]}<\/script>\n<!-- \/ Yoast SEO plugin. -->","yoast_head_json":{"title":"Deputada Edna Henrique cancela mais uma emenda para o munic\u00edpio de Monteiro - Not&iacute;cias em Destaque","robots":{"index":"index","follow":"follow","max-snippet":"max-snippet:-1","max-image-preview":"max-image-preview:large","max-video-preview":"max-video-preview:-1"},"canonical":"https:\/\/noticiasemdestaque.com\/cd\/?p=27822","og_locale":"pt_BR","og_type":"article","og_title":"Deputada Edna Henrique cancela mais uma emenda para o munic\u00edpio de Monteiro - Not&iacute;cias em Destaque","og_description":"A deputada federal Edna Henrique (PSDB), que foi derrotada nas elei\u00e7\u00f5es municipais do \u00faltimo dia 15 de novembro em Monteiro, cancelou mais uma emenda de sua autoria que beneficiaria o munic\u00edpio de Monteiro. A parlamentar havia destinado uma emenda de R$ 3.000.000,00 (tr\u00eas milh\u00f5es de reais) para implanta\u00e7\u00e3o, amplia\u00e7\u00e3o e melhoria de sistemas p\u00fablicos de Esgotamento Sanit\u00e1rio do munic\u00edpio de Monteiro, por\u00e9m, no \u00faltimo dia 25 de novembro, solicitou o cancelamento da emenda para Monteiro, e o remanejamento do recurso para os munic\u00edpios de Conde, Areia de Bara\u00fanas, Riacho de Santo Ant\u00f4nio e Mana\u00edra. A deputada Edna Henrique, que disputou o cargo de vice-prefeita na chapa encabe\u00e7ada por sua filha Micheila Henrique no \u00faltimo dia 15 de novembro, em Monteiro, e foram derrotadas com uma esmagadora vantagem de mais de 3 mil votos pela prefeita Anna Lorena, j\u00e1 havia cancelado anteriormente uma emenda de R$ 3 milh\u00f5es (tr\u00eas milh\u00f5es de reais) para aquisi\u00e7\u00e3o de aquisi\u00e7\u00e3o de 03 (tr\u00eas) retroescavadeiras, 01 (um) rolo compressor, 03 (tr\u00eas) ca\u00e7ambas, 01 (uma) patrol e 01 (um) caminh\u00e3o. Em contato com a reportagem, a prefeita Anna Lorena voltou a lamentar a atitude pequena da parlamentar, que mostrou mais uma vez que n\u00e3o tinha compromisso com a popula\u00e7\u00e3o de Monteiro, e sim compromissos unicamente de interesse pessoal. Confira o of\u00edcio que comprova o cancelamento\u00a0AQUI.","og_url":"https:\/\/noticiasemdestaque.com\/cd\/?p=27822","og_site_name":"Not&iacute;cias em Destaque","article_published_time":"2020-12-07T12:01:26+00:00","og_image":[{"width":714,"height":490,"url":"https:\/\/noticiasemdestaque.com\/cd\/wp-content\/uploads\/2018\/07\/edna_campanha_dengue.jpg","type":"image\/jpeg"}],"author":"Not\u00edcias em Destaque","twitter_card":"summary_large_image","twitter_misc":{"Escrito por":"Not\u00edcias em Destaque","Est. tempo de leitura":"1 minuto"},"schema":{"@context":"https:\/\/schema.org","@graph":[{"@type":"Article","@id":"https:\/\/noticiasemdestaque.com\/cd\/?p=27822#article","isPartOf":{"@id":"https:\/\/noticiasemdestaque.com\/cd\/?p=27822"},"author":{"name":"Not\u00edcias em Destaque","@id":"https:\/\/noticiasemdestaque.com\/cd\/#\/schema\/person\/967a459378479d4fa07976fedd8a7b5e"},"headline":"Deputada Edna Henrique cancela mais uma emenda para o munic\u00edpio de Monteiro","datePublished":"2020-12-07T12:01:26+00:00","mainEntityOfPage":{"@id":"https:\/\/noticiasemdestaque.com\/cd\/?p=27822"},"wordCount":248,"publisher":{"@id":"https:\/\/noticiasemdestaque.com\/cd\/#organization"},"image":{"@id":"https:\/\/noticiasemdestaque.com\/cd\/?p=27822#primaryimage"},"thumbnailUrl":"https:\/\/noticiasemdestaque.com\/cd\/wp-content\/uploads\/2018\/07\/edna_campanha_dengue.jpg","articleSection":["Pol\u00edtica"],"inLanguage":"pt-BR"},{"@type":"WebPage","@id":"https:\/\/noticiasemdestaque.com\/cd\/?p=27822","url":"https:\/\/noticiasemdestaque.com\/cd\/?p=27822","name":"Deputada Edna Henrique cancela mais uma emenda para o munic\u00edpio de Monteiro - Not&iacute;cias em Destaque","isPartOf":{"@id":"https:\/\/noticiasemdestaque.com\/cd\/#website"},"primaryImageOfPage":{"@id":"https:\/\/noticiasemdestaque.com\/cd\/?p=27822#primaryimage"},"image":{"@id":"https:\/\/noticiasemdestaque.com\/cd\/?p=27822#primaryimage"},"thumbnailUrl":"https:\/\/noticiasemdestaque.com\/cd\/wp-content\/uploads\/2018\/07\/edna_campanha_dengue.jpg","datePublished":"2020-12-07T12:01:26+00:00","breadcrumb":{"@id":"https:\/\/noticiasemdestaque.com\/cd\/?p=27822#breadcrumb"},"inLanguage":"pt-BR","potentialAction":[{"@type":"ReadAction","target":["https:\/\/noticiasemdestaque.com\/cd\/?p=27822"]}]},{"@type":"ImageObject","inLanguage":"pt-BR","@id":"https:\/\/noticiasemdestaque.com\/cd\/?p=27822#primaryimage","url":"https:\/\/noticiasemdestaque.com\/cd\/wp-content\/uploads\/2018\/07\/edna_campanha_dengue.jpg","contentUrl":"https:\/\/noticiasemdestaque.com\/cd\/wp-content\/uploads\/2018\/07\/edna_campanha_dengue.jpg","width":714,"height":490},{"@type":"BreadcrumbList","@id":"https:\/\/noticiasemdestaque.com\/cd\/?p=27822#breadcrumb","itemListElement":[{"@type":"ListItem","position":1,"name":"In\u00edcio","item":"https:\/\/noticiasemdestaque.com\/cd\/"},{"@type":"ListItem","position":2,"name":"Deputada Edna Henrique cancela mais uma emenda para o munic\u00edpio de Monteiro"}]},{"@type":"WebSite","@id":"https:\/\/noticiasemdestaque.com\/cd\/#website","url":"https:\/\/noticiasemdestaque.com\/cd\/","name":"Not&iacute;cias em Destaque","description":"","publisher":{"@id":"https:\/\/noticiasemdestaque.com\/cd\/#organization"},"potentialAction":[{"@type":"SearchAction","target":{"@type":"EntryPoint","urlTemplate":"https:\/\/noticiasemdestaque.com\/cd\/?s={search_term_string}"},"query-input":{"@type":"PropertyValueSpecification","valueRequired":true,"valueName":"search_term_string"}}],"inLanguage":"pt-BR"},{"@type":"Organization","@id":"https:\/\/noticiasemdestaque.com\/cd\/#organization","name":"Not\u00edcias em Destaque","url":"https:\/\/noticiasemdestaque.com\/cd\/","logo":{"@type":"ImageObject","inLanguage":"pt-BR","@id":"https:\/\/noticiasemdestaque.com\/cd\/#\/schema\/logo\/image\/","url":"https:\/\/noticiasemdestaque.com\/cd\/wp-content\/uploads\/2022\/05\/imagem-base-noticiasemdestaque.png","contentUrl":"https:\/\/noticiasemdestaque.com\/cd\/wp-content\/uploads\/2022\/05\/imagem-base-noticiasemdestaque.png","width":1200,"height":630,"caption":"Not\u00edcias em Destaque"},"image":{"@id":"https:\/\/noticiasemdestaque.com\/cd\/#\/schema\/logo\/image\/"}},{"@type":"Person","@id":"https:\/\/noticiasemdestaque.com\/cd\/#\/schema\/person\/967a459378479d4fa07976fedd8a7b5e","name":"Not\u00edcias em Destaque","url":"https:\/\/noticiasemdestaque.com\/cd\/?author=2"}]}},"jetpack_featured_media_url":"https:\/\/noticiasemdestaque.com\/cd\/wp-content\/uploads\/2018\/07\/edna_campanha_dengue.jpg","jetpack_sharing_enabled":true,"_links":{"self":[{"href":"https:\/\/noticiasemdestaque.com\/cd\/index.php?rest_route=\/wp\/v2\/posts\/27822","targetHints":{"allow":["GET"]}}],"collection":[{"href":"https:\/\/noticiasemdestaque.com\/cd\/index.php?rest_route=\/wp\/v2\/posts"}],"about":[{"href":"https:\/\/noticiasemdestaque.com\/cd\/index.php?rest_route=\/wp\/v2\/types\/post"}],"author":[{"embeddable":true,"href":"https:\/\/noticiasemdestaque.com\/cd\/index.php?rest_route=\/wp\/v2\/users\/2"}],"replies":[{"embeddable":true,"href":"https:\/\/noticiasemdestaque.com\/cd\/index.php?rest_route=%2Fwp%2Fv2%2Fcomments&post=27822"}],"version-history":[{"count":1,"href":"https:\/\/noticiasemdestaque.com\/cd\/index.php?rest_route=\/wp\/v2\/posts\/27822\/revisions"}],"predecessor-version":[{"id":27823,"href":"https:\/\/noticiasemdestaque.com\/cd\/index.php?rest_route=\/wp\/v2\/posts\/27822\/revisions\/27823"}],"wp:featuredmedia":[{"embeddable":true,"href":"https:\/\/noticiasemdestaque.com\/cd\/index.php?rest_route=\/wp\/v2\/media\/11591"}],"wp:attachment":[{"href":"https:\/\/noticiasemdestaque.com\/cd\/index.php?rest_route=%2Fwp%2Fv2%2Fmedia&parent=27822"}],"wp:term":[{"taxonomy":"category","embeddable":true,"href":"https:\/\/noticiasemdestaque.com\/cd\/index.php?rest_route=%2Fwp%2Fv2%2Fcategories&post=27822"},{"taxonomy":"post_tag","embeddable":true,"href":"https:\/\/noticiasemdestaque.com\/cd\/index.php?rest_route=%2Fwp%2Fv2%2Ftags&post=27822"}],"curies":[{"name":"wp","href":"https:\/\/api.w.org\/{rel}","templated":true}]}}