{"id":2762,"date":"2017-08-07T10:49:47","date_gmt":"2017-08-07T13:49:47","guid":{"rendered":"http:\/\/caririemdestaque.com\/cd\/?p=2762"},"modified":"2017-08-07T10:49:47","modified_gmt":"2017-08-07T13:49:47","slug":"deputado-joao-henrique-se-reune-com-grupo-politico-da-cidade-de-camalau","status":"publish","type":"post","link":"https:\/\/noticiasemdestaque.com\/cd\/?p=2762","title":{"rendered":"Deputado Jo\u00e3o Henrique se re\u00fane com grupo pol\u00edtico da cidade de Camala\u00fa"},"content":{"rendered":"<p><a href=\"http:\/\/caririemdestaque.com\/cd\/wp-content\/uploads\/2017\/08\/jr2.jpg\"><img decoding=\"async\" class=\"size-medium wp-image-2763 alignleft\" src=\"http:\/\/caririemdestaque.com\/cd\/wp-content\/uploads\/2017\/08\/jr2-300x162.jpg\" alt=\"\" width=\"300\" height=\"162\" srcset=\"https:\/\/noticiasemdestaque.com\/cd\/wp-content\/uploads\/2017\/08\/jr2-300x162.jpg 300w, https:\/\/noticiasemdestaque.com\/cd\/wp-content\/uploads\/2017\/08\/jr2-768x415.jpg 768w, https:\/\/noticiasemdestaque.com\/cd\/wp-content\/uploads\/2017\/08\/jr2-1024x554.jpg 1024w, https:\/\/noticiasemdestaque.com\/cd\/wp-content\/uploads\/2017\/08\/jr2.jpg 1280w\" sizes=\"(max-width: 300px) 100vw, 300px\" \/><\/a>O deputado Jo\u00e3o Henrique esteve neste s\u00e1bado dia 05 de agosto, reunido com sua base pol\u00edtica na cidade de Camala\u00fa.<\/p>\n<p>A reuni\u00e3o aconteceu na resid\u00eancia do prefeito Sandro M\u00f4co, e estiveram presentes al\u00e9m do prefeito Sandro, o vice prefeito Kiel e os vereadores Ant\u00f4nio Bezerra, Bhira Mariano, C\u00e9lio M\u00f4co e Netinho Matias, al\u00e9m do secret\u00e1rio de Administra\u00e7\u00e3o Maric\u00e9lio Janu\u00e1rio.<\/p>\n<p>Uma reuni\u00e3o de trabalho, onde foram debatidos diversos temas, desde as elei\u00e7\u00f5es do ano que vem ao momento pol\u00edtico atual do Brasil e da Para\u00edba.<\/p>\n<p>Foram encaminhados por parte do prefeito Sandro M\u00f4co pleitos ao deputado Jo\u00e3o Henrique, principalmente com rela\u00e7\u00e3o ao abastecimento de \u00e1gua na zona rural. Jo\u00e3o Henrique se comprometeu em ajudar na aquisi\u00e7\u00e3o de um carro pipa.<\/p>\n","protected":false},"excerpt":{"rendered":"<p>O deputado Jo\u00e3o Henrique esteve neste s\u00e1bado dia 05 de agosto, reunido com sua base pol\u00edtica na cidade de Camala\u00fa. A reuni\u00e3o aconteceu na resid\u00eancia do prefeito Sandro M\u00f4co, e estiveram presentes al\u00e9m do prefeito Sandro, o vice prefeito Kiel e os vereadores Ant\u00f4nio Bezerra, Bhira Mariano, C\u00e9lio M\u00f4co e Netinho Matias, al\u00e9m do secret\u00e1rio de Administra\u00e7\u00e3o Maric\u00e9lio Janu\u00e1rio. Uma reuni\u00e3o de trabalho, onde foram debatidos diversos temas, desde as elei\u00e7\u00f5es do ano que vem ao momento pol\u00edtico atual do Brasil e da Para\u00edba. Foram encaminhados por parte do prefeito Sandro M\u00f4co pleitos ao deputado Jo\u00e3o Henrique, principalmente com rela\u00e7\u00e3o ao abastecimento de \u00e1gua na zona rural. Jo\u00e3o Henrique se comprometeu em ajudar na aquisi\u00e7\u00e3o de um carro pipa.<\/p>\n","protected":false},"author":2,"featured_media":2763,"comment_status":"closed","ping_status":"open","sticky":false,"template":"","format":"standard","meta":{"_eb_attr":"","_jetpack_memberships_contains_paid_content":false,"footnotes":""},"categories":[4],"tags":[],"class_list":["post-2762","post","type-post","status-publish","format-standard","has-post-thumbnail","hentry","category-politica"],"yoast_head":"<!-- This site is optimized with the Yoast SEO plugin v26.5 - https:\/\/yoast.com\/wordpress\/plugins\/seo\/ -->\n<title>Deputado Jo\u00e3o Henrique se re\u00fane com grupo pol\u00edtico da cidade de Camala\u00fa - Not&iacute;cias em Destaque<\/title>\n<meta name=\"robots\" content=\"index, follow, max-snippet:-1, max-image-preview:large, max-video-preview:-1\" \/>\n<link rel=\"canonical\" href=\"https:\/\/noticiasemdestaque.com\/cd\/?p=2762\" \/>\n<meta property=\"og:locale\" content=\"pt_BR\" \/>\n<meta property=\"og:type\" content=\"article\" \/>\n<meta property=\"og:title\" content=\"Deputado Jo\u00e3o Henrique se re\u00fane com grupo pol\u00edtico da cidade de Camala\u00fa - Not&iacute;cias em Destaque\" \/>\n<meta property=\"og:description\" content=\"O deputado Jo\u00e3o Henrique esteve neste s\u00e1bado dia 05 de agosto, reunido com sua base pol\u00edtica na cidade de Camala\u00fa. A reuni\u00e3o aconteceu na resid\u00eancia do prefeito Sandro M\u00f4co, e estiveram presentes al\u00e9m do prefeito Sandro, o vice prefeito Kiel e os vereadores Ant\u00f4nio Bezerra, Bhira Mariano, C\u00e9lio M\u00f4co e Netinho Matias, al\u00e9m do secret\u00e1rio de Administra\u00e7\u00e3o Maric\u00e9lio Janu\u00e1rio. Uma reuni\u00e3o de trabalho, onde foram debatidos diversos temas, desde as elei\u00e7\u00f5es do ano que vem ao momento pol\u00edtico atual do Brasil e da Para\u00edba. Foram encaminhados por parte do prefeito Sandro M\u00f4co pleitos ao deputado Jo\u00e3o Henrique, principalmente com rela\u00e7\u00e3o ao abastecimento de \u00e1gua na zona rural. Jo\u00e3o Henrique se comprometeu em ajudar na aquisi\u00e7\u00e3o de um carro pipa.\" \/>\n<meta property=\"og:url\" content=\"https:\/\/noticiasemdestaque.com\/cd\/?p=2762\" \/>\n<meta property=\"og:site_name\" content=\"Not&iacute;cias em Destaque\" \/>\n<meta property=\"article:published_time\" content=\"2017-08-07T13:49:47+00:00\" \/>\n<meta property=\"og:image\" content=\"https:\/\/noticiasemdestaque.com\/cd\/wp-content\/uploads\/2017\/08\/jr2.jpg\" \/>\n\t<meta property=\"og:image:width\" content=\"1280\" \/>\n\t<meta property=\"og:image:height\" content=\"692\" \/>\n\t<meta property=\"og:image:type\" content=\"image\/jpeg\" \/>\n<meta name=\"author\" content=\"Not\u00edcias em Destaque\" \/>\n<meta name=\"twitter:card\" content=\"summary_large_image\" \/>\n<meta name=\"twitter:label1\" content=\"Escrito por\" \/>\n\t<meta name=\"twitter:data1\" content=\"Not\u00edcias em Destaque\" \/>\n\t<meta name=\"twitter:label2\" content=\"Est. tempo de leitura\" \/>\n\t<meta name=\"twitter:data2\" content=\"1 minuto\" \/>\n<script type=\"application\/ld+json\" class=\"yoast-schema-graph\">{\"@context\":\"https:\/\/schema.org\",\"@graph\":[{\"@type\":\"Article\",\"@id\":\"https:\/\/noticiasemdestaque.com\/cd\/?p=2762#article\",\"isPartOf\":{\"@id\":\"https:\/\/noticiasemdestaque.com\/cd\/?p=2762\"},\"author\":{\"name\":\"Not\u00edcias em Destaque\",\"@id\":\"https:\/\/noticiasemdestaque.com\/cd\/#\/schema\/person\/4a81fb71f77579d059c3045891fa1786\"},\"headline\":\"Deputado Jo\u00e3o Henrique se re\u00fane com grupo pol\u00edtico da cidade de Camala\u00fa\",\"datePublished\":\"2017-08-07T13:49:47+00:00\",\"mainEntityOfPage\":{\"@id\":\"https:\/\/noticiasemdestaque.com\/cd\/?p=2762\"},\"wordCount\":157,\"publisher\":{\"@id\":\"https:\/\/noticiasemdestaque.com\/cd\/#organization\"},\"image\":{\"@id\":\"https:\/\/noticiasemdestaque.com\/cd\/?p=2762#primaryimage\"},\"thumbnailUrl\":\"https:\/\/noticiasemdestaque.com\/cd\/wp-content\/uploads\/2017\/08\/jr2.jpg\",\"articleSection\":[\"Pol\u00edtica\"],\"inLanguage\":\"pt-BR\"},{\"@type\":\"WebPage\",\"@id\":\"https:\/\/noticiasemdestaque.com\/cd\/?p=2762\",\"url\":\"https:\/\/noticiasemdestaque.com\/cd\/?p=2762\",\"name\":\"Deputado Jo\u00e3o Henrique se re\u00fane com grupo pol\u00edtico da cidade de Camala\u00fa - Not&iacute;cias em Destaque\",\"isPartOf\":{\"@id\":\"https:\/\/noticiasemdestaque.com\/cd\/#website\"},\"primaryImageOfPage\":{\"@id\":\"https:\/\/noticiasemdestaque.com\/cd\/?p=2762#primaryimage\"},\"image\":{\"@id\":\"https:\/\/noticiasemdestaque.com\/cd\/?p=2762#primaryimage\"},\"thumbnailUrl\":\"https:\/\/noticiasemdestaque.com\/cd\/wp-content\/uploads\/2017\/08\/jr2.jpg\",\"datePublished\":\"2017-08-07T13:49:47+00:00\",\"breadcrumb\":{\"@id\":\"https:\/\/noticiasemdestaque.com\/cd\/?p=2762#breadcrumb\"},\"inLanguage\":\"pt-BR\",\"potentialAction\":[{\"@type\":\"ReadAction\",\"target\":[\"https:\/\/noticiasemdestaque.com\/cd\/?p=2762\"]}]},{\"@type\":\"ImageObject\",\"inLanguage\":\"pt-BR\",\"@id\":\"https:\/\/noticiasemdestaque.com\/cd\/?p=2762#primaryimage\",\"url\":\"https:\/\/noticiasemdestaque.com\/cd\/wp-content\/uploads\/2017\/08\/jr2.jpg\",\"contentUrl\":\"https:\/\/noticiasemdestaque.com\/cd\/wp-content\/uploads\/2017\/08\/jr2.jpg\",\"width\":1280,\"height\":692},{\"@type\":\"BreadcrumbList\",\"@id\":\"https:\/\/noticiasemdestaque.com\/cd\/?p=2762#breadcrumb\",\"itemListElement\":[{\"@type\":\"ListItem\",\"position\":1,\"name\":\"In\u00edcio\",\"item\":\"https:\/\/noticiasemdestaque.com\/cd\/\"},{\"@type\":\"ListItem\",\"position\":2,\"name\":\"Deputado Jo\u00e3o Henrique se re\u00fane com grupo pol\u00edtico da cidade de Camala\u00fa\"}]},{\"@type\":\"WebSite\",\"@id\":\"https:\/\/noticiasemdestaque.com\/cd\/#website\",\"url\":\"https:\/\/noticiasemdestaque.com\/cd\/\",\"name\":\"Not&iacute;cias em Destaque\",\"description\":\"\",\"publisher\":{\"@id\":\"https:\/\/noticiasemdestaque.com\/cd\/#organization\"},\"potentialAction\":[{\"@type\":\"SearchAction\",\"target\":{\"@type\":\"EntryPoint\",\"urlTemplate\":\"https:\/\/noticiasemdestaque.com\/cd\/?s={search_term_string}\"},\"query-input\":{\"@type\":\"PropertyValueSpecification\",\"valueRequired\":true,\"valueName\":\"search_term_string\"}}],\"inLanguage\":\"pt-BR\"},{\"@type\":\"Organization\",\"@id\":\"https:\/\/noticiasemdestaque.com\/cd\/#organization\",\"name\":\"Not\u00edcias em Destaque\",\"url\":\"https:\/\/noticiasemdestaque.com\/cd\/\",\"logo\":{\"@type\":\"ImageObject\",\"inLanguage\":\"pt-BR\",\"@id\":\"https:\/\/noticiasemdestaque.com\/cd\/#\/schema\/logo\/image\/\",\"url\":\"https:\/\/noticiasemdestaque.com\/cd\/wp-content\/uploads\/2022\/05\/imagem-base-noticiasemdestaque.png\",\"contentUrl\":\"https:\/\/noticiasemdestaque.com\/cd\/wp-content\/uploads\/2022\/05\/imagem-base-noticiasemdestaque.png\",\"width\":1200,\"height\":630,\"caption\":\"Not\u00edcias em Destaque\"},\"image\":{\"@id\":\"https:\/\/noticiasemdestaque.com\/cd\/#\/schema\/logo\/image\/\"}},{\"@type\":\"Person\",\"@id\":\"https:\/\/noticiasemdestaque.com\/cd\/#\/schema\/person\/4a81fb71f77579d059c3045891fa1786\",\"name\":\"Not\u00edcias em Destaque\",\"url\":\"https:\/\/noticiasemdestaque.com\/cd\/?author=2\"}]}<\/script>\n<!-- \/ Yoast SEO plugin. -->","yoast_head_json":{"title":"Deputado Jo\u00e3o Henrique se re\u00fane com grupo pol\u00edtico da cidade de Camala\u00fa - Not&iacute;cias em Destaque","robots":{"index":"index","follow":"follow","max-snippet":"max-snippet:-1","max-image-preview":"max-image-preview:large","max-video-preview":"max-video-preview:-1"},"canonical":"https:\/\/noticiasemdestaque.com\/cd\/?p=2762","og_locale":"pt_BR","og_type":"article","og_title":"Deputado Jo\u00e3o Henrique se re\u00fane com grupo pol\u00edtico da cidade de Camala\u00fa - Not&iacute;cias em Destaque","og_description":"O deputado Jo\u00e3o Henrique esteve neste s\u00e1bado dia 05 de agosto, reunido com sua base pol\u00edtica na cidade de Camala\u00fa. A reuni\u00e3o aconteceu na resid\u00eancia do prefeito Sandro M\u00f4co, e estiveram presentes al\u00e9m do prefeito Sandro, o vice prefeito Kiel e os vereadores Ant\u00f4nio Bezerra, Bhira Mariano, C\u00e9lio M\u00f4co e Netinho Matias, al\u00e9m do secret\u00e1rio de Administra\u00e7\u00e3o Maric\u00e9lio Janu\u00e1rio. Uma reuni\u00e3o de trabalho, onde foram debatidos diversos temas, desde as elei\u00e7\u00f5es do ano que vem ao momento pol\u00edtico atual do Brasil e da Para\u00edba. Foram encaminhados por parte do prefeito Sandro M\u00f4co pleitos ao deputado Jo\u00e3o Henrique, principalmente com rela\u00e7\u00e3o ao abastecimento de \u00e1gua na zona rural. Jo\u00e3o Henrique se comprometeu em ajudar na aquisi\u00e7\u00e3o de um carro pipa.","og_url":"https:\/\/noticiasemdestaque.com\/cd\/?p=2762","og_site_name":"Not&iacute;cias em Destaque","article_published_time":"2017-08-07T13:49:47+00:00","og_image":[{"width":1280,"height":692,"url":"https:\/\/noticiasemdestaque.com\/cd\/wp-content\/uploads\/2017\/08\/jr2.jpg","type":"image\/jpeg"}],"author":"Not\u00edcias em Destaque","twitter_card":"summary_large_image","twitter_misc":{"Escrito por":"Not\u00edcias em Destaque","Est. tempo de leitura":"1 minuto"},"schema":{"@context":"https:\/\/schema.org","@graph":[{"@type":"Article","@id":"https:\/\/noticiasemdestaque.com\/cd\/?p=2762#article","isPartOf":{"@id":"https:\/\/noticiasemdestaque.com\/cd\/?p=2762"},"author":{"name":"Not\u00edcias em Destaque","@id":"https:\/\/noticiasemdestaque.com\/cd\/#\/schema\/person\/4a81fb71f77579d059c3045891fa1786"},"headline":"Deputado Jo\u00e3o Henrique se re\u00fane com grupo pol\u00edtico da cidade de Camala\u00fa","datePublished":"2017-08-07T13:49:47+00:00","mainEntityOfPage":{"@id":"https:\/\/noticiasemdestaque.com\/cd\/?p=2762"},"wordCount":157,"publisher":{"@id":"https:\/\/noticiasemdestaque.com\/cd\/#organization"},"image":{"@id":"https:\/\/noticiasemdestaque.com\/cd\/?p=2762#primaryimage"},"thumbnailUrl":"https:\/\/noticiasemdestaque.com\/cd\/wp-content\/uploads\/2017\/08\/jr2.jpg","articleSection":["Pol\u00edtica"],"inLanguage":"pt-BR"},{"@type":"WebPage","@id":"https:\/\/noticiasemdestaque.com\/cd\/?p=2762","url":"https:\/\/noticiasemdestaque.com\/cd\/?p=2762","name":"Deputado Jo\u00e3o Henrique se re\u00fane com grupo pol\u00edtico da cidade de Camala\u00fa - Not&iacute;cias em Destaque","isPartOf":{"@id":"https:\/\/noticiasemdestaque.com\/cd\/#website"},"primaryImageOfPage":{"@id":"https:\/\/noticiasemdestaque.com\/cd\/?p=2762#primaryimage"},"image":{"@id":"https:\/\/noticiasemdestaque.com\/cd\/?p=2762#primaryimage"},"thumbnailUrl":"https:\/\/noticiasemdestaque.com\/cd\/wp-content\/uploads\/2017\/08\/jr2.jpg","datePublished":"2017-08-07T13:49:47+00:00","breadcrumb":{"@id":"https:\/\/noticiasemdestaque.com\/cd\/?p=2762#breadcrumb"},"inLanguage":"pt-BR","potentialAction":[{"@type":"ReadAction","target":["https:\/\/noticiasemdestaque.com\/cd\/?p=2762"]}]},{"@type":"ImageObject","inLanguage":"pt-BR","@id":"https:\/\/noticiasemdestaque.com\/cd\/?p=2762#primaryimage","url":"https:\/\/noticiasemdestaque.com\/cd\/wp-content\/uploads\/2017\/08\/jr2.jpg","contentUrl":"https:\/\/noticiasemdestaque.com\/cd\/wp-content\/uploads\/2017\/08\/jr2.jpg","width":1280,"height":692},{"@type":"BreadcrumbList","@id":"https:\/\/noticiasemdestaque.com\/cd\/?p=2762#breadcrumb","itemListElement":[{"@type":"ListItem","position":1,"name":"In\u00edcio","item":"https:\/\/noticiasemdestaque.com\/cd\/"},{"@type":"ListItem","position":2,"name":"Deputado Jo\u00e3o Henrique se re\u00fane com grupo pol\u00edtico da cidade de Camala\u00fa"}]},{"@type":"WebSite","@id":"https:\/\/noticiasemdestaque.com\/cd\/#website","url":"https:\/\/noticiasemdestaque.com\/cd\/","name":"Not&iacute;cias em Destaque","description":"","publisher":{"@id":"https:\/\/noticiasemdestaque.com\/cd\/#organization"},"potentialAction":[{"@type":"SearchAction","target":{"@type":"EntryPoint","urlTemplate":"https:\/\/noticiasemdestaque.com\/cd\/?s={search_term_string}"},"query-input":{"@type":"PropertyValueSpecification","valueRequired":true,"valueName":"search_term_string"}}],"inLanguage":"pt-BR"},{"@type":"Organization","@id":"https:\/\/noticiasemdestaque.com\/cd\/#organization","name":"Not\u00edcias em Destaque","url":"https:\/\/noticiasemdestaque.com\/cd\/","logo":{"@type":"ImageObject","inLanguage":"pt-BR","@id":"https:\/\/noticiasemdestaque.com\/cd\/#\/schema\/logo\/image\/","url":"https:\/\/noticiasemdestaque.com\/cd\/wp-content\/uploads\/2022\/05\/imagem-base-noticiasemdestaque.png","contentUrl":"https:\/\/noticiasemdestaque.com\/cd\/wp-content\/uploads\/2022\/05\/imagem-base-noticiasemdestaque.png","width":1200,"height":630,"caption":"Not\u00edcias em Destaque"},"image":{"@id":"https:\/\/noticiasemdestaque.com\/cd\/#\/schema\/logo\/image\/"}},{"@type":"Person","@id":"https:\/\/noticiasemdestaque.com\/cd\/#\/schema\/person\/4a81fb71f77579d059c3045891fa1786","name":"Not\u00edcias em Destaque","url":"https:\/\/noticiasemdestaque.com\/cd\/?author=2"}]}},"jetpack_featured_media_url":"https:\/\/noticiasemdestaque.com\/cd\/wp-content\/uploads\/2017\/08\/jr2.jpg","jetpack_sharing_enabled":true,"_links":{"self":[{"href":"https:\/\/noticiasemdestaque.com\/cd\/index.php?rest_route=\/wp\/v2\/posts\/2762","targetHints":{"allow":["GET"]}}],"collection":[{"href":"https:\/\/noticiasemdestaque.com\/cd\/index.php?rest_route=\/wp\/v2\/posts"}],"about":[{"href":"https:\/\/noticiasemdestaque.com\/cd\/index.php?rest_route=\/wp\/v2\/types\/post"}],"author":[{"embeddable":true,"href":"https:\/\/noticiasemdestaque.com\/cd\/index.php?rest_route=\/wp\/v2\/users\/2"}],"replies":[{"embeddable":true,"href":"https:\/\/noticiasemdestaque.com\/cd\/index.php?rest_route=%2Fwp%2Fv2%2Fcomments&post=2762"}],"version-history":[{"count":1,"href":"https:\/\/noticiasemdestaque.com\/cd\/index.php?rest_route=\/wp\/v2\/posts\/2762\/revisions"}],"predecessor-version":[{"id":2764,"href":"https:\/\/noticiasemdestaque.com\/cd\/index.php?rest_route=\/wp\/v2\/posts\/2762\/revisions\/2764"}],"wp:featuredmedia":[{"embeddable":true,"href":"https:\/\/noticiasemdestaque.com\/cd\/index.php?rest_route=\/wp\/v2\/media\/2763"}],"wp:attachment":[{"href":"https:\/\/noticiasemdestaque.com\/cd\/index.php?rest_route=%2Fwp%2Fv2%2Fmedia&parent=2762"}],"wp:term":[{"taxonomy":"category","embeddable":true,"href":"https:\/\/noticiasemdestaque.com\/cd\/index.php?rest_route=%2Fwp%2Fv2%2Fcategories&post=2762"},{"taxonomy":"post_tag","embeddable":true,"href":"https:\/\/noticiasemdestaque.com\/cd\/index.php?rest_route=%2Fwp%2Fv2%2Ftags&post=2762"}],"curies":[{"name":"wp","href":"https:\/\/api.w.org\/{rel}","templated":true}]}}