{"id":27610,"date":"2020-11-22T11:48:45","date_gmt":"2020-11-22T14:48:45","guid":{"rendered":"http:\/\/noticiasemdestaque.com\/cd\/?p=27610"},"modified":"2020-11-22T11:48:45","modified_gmt":"2020-11-22T14:48:45","slug":"prefeito-reeleito-de-amparo-inacio-nobrega-destaca-importancia-da-ampla-vitoria-no-municipio","status":"publish","type":"post","link":"https:\/\/noticiasemdestaque.com\/cd\/?p=27610","title":{"rendered":"Prefeito reeleito de Amparo, In\u00e1cio N\u00f3brega, destaca import\u00e2ncia da ampla vit\u00f3ria no munic\u00edpio\u00a0\u00a0"},"content":{"rendered":"<p><a href=\"https:\/\/noticiasemdestaque.com\/cd\/wp-content\/uploads\/2020\/11\/Sem-titulo.png\"><img fetchpriority=\"high\" decoding=\"async\" class=\"size-medium wp-image-27611 aligncenter\" src=\"https:\/\/noticiasemdestaque.com\/cd\/wp-content\/uploads\/2020\/11\/Sem-titulo-300x169.png\" alt=\"\" width=\"300\" height=\"169\" srcset=\"https:\/\/noticiasemdestaque.com\/cd\/wp-content\/uploads\/2020\/11\/Sem-titulo-300x169.png 300w, https:\/\/noticiasemdestaque.com\/cd\/wp-content\/uploads\/2020\/11\/Sem-titulo-1024x576.png 1024w, https:\/\/noticiasemdestaque.com\/cd\/wp-content\/uploads\/2020\/11\/Sem-titulo-768x432.png 768w, https:\/\/noticiasemdestaque.com\/cd\/wp-content\/uploads\/2020\/11\/Sem-titulo.png 1366w\" sizes=\"(max-width: 300px) 100vw, 300px\" \/><\/a><\/p>\n<p><span data-contrast=\"auto\">Durante participa\u00e7\u00e3o no Programa da Prefeitura de Amparo, veiculado na \u00faltima sexta-feira na 95FM, o prefeito reeleito In\u00e1cio N\u00f3brega, agradeceu a popula\u00e7\u00e3o do munic\u00edpio pela ampla vit\u00f3ria.\u00a0<\/span><span data-ccp-props=\"{&quot;201341983&quot;:0,&quot;335551550&quot;:6,&quot;335551620&quot;:6,&quot;335559739&quot;:160,&quot;335559740&quot;:259}\">\u00a0<\/span><\/p>\n<p><span data-contrast=\"auto\">In\u00e1cio foi reeleito com 291 votos de diferen\u00e7a, a maior j\u00e1 vista na cidade, foram 1.312 votos contra 1.021 de Dr\u00ba Jo\u00e3o.<\/span><span data-ccp-props=\"{&quot;201341983&quot;:0,&quot;335551550&quot;:6,&quot;335551620&quot;:6,&quot;335559739&quot;:160,&quot;335559740&quot;:259}\">\u00a0<\/span><\/p>\n<p><span data-contrast=\"auto\">In\u00e1cio destacou ainda, o fato de seu grupo ter feito maioria na C\u00e2mara de Vereadores \u201cTeremos agora parlamentares prontos para aprovar projetos de interesse da popula\u00e7\u00e3o, dando mais celeridade ao nosso governo\u201d, afirmou In\u00e1cio. <\/span><span data-ccp-props=\"{&quot;201341983&quot;:0,&quot;335551550&quot;:6,&quot;335551620&quot;:6,&quot;335559739&quot;:160,&quot;335559740&quot;:259}\">\u00a0<\/span><\/p>\n<p><em><strong>Confira o Programa:\u00a0<\/strong><\/em><\/p>\n<p><iframe title=\"amos receber ao vivo no Papo de Quinta o prefeito reeleito de Sum\u00e9 @eden_duarte, acompanhe atrav\u00e9s d\" width=\"800\" height=\"450\" src=\"https:\/\/www.youtube.com\/embed\/mzI3cR_YwSM?feature=oembed\" frameborder=\"0\" allow=\"accelerometer; autoplay; clipboard-write; encrypted-media; gyroscope; picture-in-picture; web-share\" referrerpolicy=\"strict-origin-when-cross-origin\" allowfullscreen><\/iframe><\/p>\n<p><b><i><span data-contrast=\"auto\">Not\u00edcias em Destaque<\/span><\/i><\/b><span data-ccp-props=\"{&quot;201341983&quot;:0,&quot;335551550&quot;:6,&quot;335551620&quot;:6,&quot;335559739&quot;:160,&quot;335559740&quot;:259}\">\u00a0<\/span><\/p>\n<p><b><i><span data-contrast=\"auto\">\u00a0<\/span><\/i><\/b><span data-ccp-props=\"{&quot;201341983&quot;:0,&quot;335551550&quot;:6,&quot;335551620&quot;:6,&quot;335559739&quot;:160,&quot;335559740&quot;:259}\">\u00a0<\/span><\/p>\n","protected":false},"excerpt":{"rendered":"<p>Durante participa\u00e7\u00e3o no Programa da Prefeitura de Amparo, veiculado na \u00faltima sexta-feira na 95FM, o prefeito reeleito In\u00e1cio N\u00f3brega, agradeceu a popula\u00e7\u00e3o do munic\u00edpio pela ampla vit\u00f3ria.\u00a0\u00a0 In\u00e1cio foi reeleito com 291 votos de diferen\u00e7a, a maior j\u00e1 vista na cidade, foram 1.312 votos contra 1.021 de Dr\u00ba Jo\u00e3o.\u00a0 In\u00e1cio destacou ainda, o fato de seu grupo ter feito maioria na C\u00e2mara de Vereadores \u201cTeremos agora parlamentares prontos para aprovar projetos de interesse da popula\u00e7\u00e3o, dando mais celeridade ao nosso governo\u201d, afirmou In\u00e1cio. \u00a0 Confira o Programa:\u00a0 Not\u00edcias em Destaque\u00a0 \u00a0\u00a0<\/p>\n","protected":false},"author":2,"featured_media":27611,"comment_status":"closed","ping_status":"open","sticky":false,"template":"","format":"standard","meta":{"_eb_attr":"","_jetpack_memberships_contains_paid_content":false,"footnotes":""},"categories":[12],"tags":[],"class_list":["post-27610","post","type-post","status-publish","format-standard","has-post-thumbnail","hentry","category-geral"],"yoast_head":"<!-- This site is optimized with the Yoast SEO plugin v26.5 - https:\/\/yoast.com\/wordpress\/plugins\/seo\/ -->\n<title>Prefeito reeleito de Amparo, In\u00e1cio N\u00f3brega, destaca import\u00e2ncia da ampla vit\u00f3ria no munic\u00edpio\u00a0\u00a0 - Not&iacute;cias em Destaque<\/title>\n<meta name=\"robots\" content=\"index, follow, max-snippet:-1, max-image-preview:large, max-video-preview:-1\" \/>\n<link rel=\"canonical\" href=\"https:\/\/noticiasemdestaque.com\/cd\/?p=27610\" \/>\n<meta property=\"og:locale\" content=\"pt_BR\" \/>\n<meta property=\"og:type\" content=\"article\" \/>\n<meta property=\"og:title\" content=\"Prefeito reeleito de Amparo, In\u00e1cio N\u00f3brega, destaca import\u00e2ncia da ampla vit\u00f3ria no munic\u00edpio\u00a0\u00a0 - Not&iacute;cias em Destaque\" \/>\n<meta property=\"og:description\" content=\"Durante participa\u00e7\u00e3o no Programa da Prefeitura de Amparo, veiculado na \u00faltima sexta-feira na 95FM, o prefeito reeleito In\u00e1cio N\u00f3brega, agradeceu a popula\u00e7\u00e3o do munic\u00edpio pela ampla vit\u00f3ria.\u00a0\u00a0 In\u00e1cio foi reeleito com 291 votos de diferen\u00e7a, a maior j\u00e1 vista na cidade, foram 1.312 votos contra 1.021 de Dr\u00ba Jo\u00e3o.\u00a0 In\u00e1cio destacou ainda, o fato de seu grupo ter feito maioria na C\u00e2mara de Vereadores \u201cTeremos agora parlamentares prontos para aprovar projetos de interesse da popula\u00e7\u00e3o, dando mais celeridade ao nosso governo\u201d, afirmou In\u00e1cio. \u00a0 Confira o Programa:\u00a0 Not\u00edcias em Destaque\u00a0 \u00a0\u00a0\" \/>\n<meta property=\"og:url\" content=\"https:\/\/noticiasemdestaque.com\/cd\/?p=27610\" \/>\n<meta property=\"og:site_name\" content=\"Not&iacute;cias em Destaque\" \/>\n<meta property=\"article:published_time\" content=\"2020-11-22T14:48:45+00:00\" \/>\n<meta property=\"og:image\" content=\"https:\/\/noticiasemdestaque.com\/cd\/wp-content\/uploads\/2020\/11\/Sem-titulo.png\" \/>\n\t<meta property=\"og:image:width\" content=\"1366\" \/>\n\t<meta property=\"og:image:height\" content=\"768\" \/>\n\t<meta property=\"og:image:type\" content=\"image\/png\" \/>\n<meta name=\"author\" content=\"Not\u00edcias em Destaque\" \/>\n<meta name=\"twitter:card\" content=\"summary_large_image\" \/>\n<meta name=\"twitter:label1\" content=\"Escrito por\" \/>\n\t<meta name=\"twitter:data1\" content=\"Not\u00edcias em Destaque\" \/>\n\t<meta name=\"twitter:label2\" content=\"Est. tempo de leitura\" \/>\n\t<meta name=\"twitter:data2\" content=\"1 minuto\" \/>\n<script type=\"application\/ld+json\" class=\"yoast-schema-graph\">{\"@context\":\"https:\/\/schema.org\",\"@graph\":[{\"@type\":\"Article\",\"@id\":\"https:\/\/noticiasemdestaque.com\/cd\/?p=27610#article\",\"isPartOf\":{\"@id\":\"https:\/\/noticiasemdestaque.com\/cd\/?p=27610\"},\"author\":{\"name\":\"Not\u00edcias em Destaque\",\"@id\":\"https:\/\/noticiasemdestaque.com\/cd\/#\/schema\/person\/21320b03a7e8bb90128938dafc9b908a\"},\"headline\":\"Prefeito reeleito de Amparo, In\u00e1cio N\u00f3brega, destaca import\u00e2ncia da ampla vit\u00f3ria no munic\u00edpio\u00a0\u00a0\",\"datePublished\":\"2020-11-22T14:48:45+00:00\",\"mainEntityOfPage\":{\"@id\":\"https:\/\/noticiasemdestaque.com\/cd\/?p=27610\"},\"wordCount\":124,\"publisher\":{\"@id\":\"https:\/\/noticiasemdestaque.com\/cd\/#organization\"},\"image\":{\"@id\":\"https:\/\/noticiasemdestaque.com\/cd\/?p=27610#primaryimage\"},\"thumbnailUrl\":\"https:\/\/noticiasemdestaque.com\/cd\/wp-content\/uploads\/2020\/11\/Sem-titulo.png\",\"articleSection\":[\"Geral\"],\"inLanguage\":\"pt-BR\"},{\"@type\":\"WebPage\",\"@id\":\"https:\/\/noticiasemdestaque.com\/cd\/?p=27610\",\"url\":\"https:\/\/noticiasemdestaque.com\/cd\/?p=27610\",\"name\":\"Prefeito reeleito de Amparo, In\u00e1cio N\u00f3brega, destaca import\u00e2ncia da ampla vit\u00f3ria no munic\u00edpio\u00a0\u00a0 - Not&iacute;cias em Destaque\",\"isPartOf\":{\"@id\":\"https:\/\/noticiasemdestaque.com\/cd\/#website\"},\"primaryImageOfPage\":{\"@id\":\"https:\/\/noticiasemdestaque.com\/cd\/?p=27610#primaryimage\"},\"image\":{\"@id\":\"https:\/\/noticiasemdestaque.com\/cd\/?p=27610#primaryimage\"},\"thumbnailUrl\":\"https:\/\/noticiasemdestaque.com\/cd\/wp-content\/uploads\/2020\/11\/Sem-titulo.png\",\"datePublished\":\"2020-11-22T14:48:45+00:00\",\"breadcrumb\":{\"@id\":\"https:\/\/noticiasemdestaque.com\/cd\/?p=27610#breadcrumb\"},\"inLanguage\":\"pt-BR\",\"potentialAction\":[{\"@type\":\"ReadAction\",\"target\":[\"https:\/\/noticiasemdestaque.com\/cd\/?p=27610\"]}]},{\"@type\":\"ImageObject\",\"inLanguage\":\"pt-BR\",\"@id\":\"https:\/\/noticiasemdestaque.com\/cd\/?p=27610#primaryimage\",\"url\":\"https:\/\/noticiasemdestaque.com\/cd\/wp-content\/uploads\/2020\/11\/Sem-titulo.png\",\"contentUrl\":\"https:\/\/noticiasemdestaque.com\/cd\/wp-content\/uploads\/2020\/11\/Sem-titulo.png\",\"width\":1366,\"height\":768},{\"@type\":\"BreadcrumbList\",\"@id\":\"https:\/\/noticiasemdestaque.com\/cd\/?p=27610#breadcrumb\",\"itemListElement\":[{\"@type\":\"ListItem\",\"position\":1,\"name\":\"In\u00edcio\",\"item\":\"https:\/\/noticiasemdestaque.com\/cd\/\"},{\"@type\":\"ListItem\",\"position\":2,\"name\":\"Prefeito reeleito de Amparo, In\u00e1cio N\u00f3brega, destaca import\u00e2ncia da ampla vit\u00f3ria no munic\u00edpio\u00a0\u00a0\"}]},{\"@type\":\"WebSite\",\"@id\":\"https:\/\/noticiasemdestaque.com\/cd\/#website\",\"url\":\"https:\/\/noticiasemdestaque.com\/cd\/\",\"name\":\"Not&iacute;cias em Destaque\",\"description\":\"\",\"publisher\":{\"@id\":\"https:\/\/noticiasemdestaque.com\/cd\/#organization\"},\"potentialAction\":[{\"@type\":\"SearchAction\",\"target\":{\"@type\":\"EntryPoint\",\"urlTemplate\":\"https:\/\/noticiasemdestaque.com\/cd\/?s={search_term_string}\"},\"query-input\":{\"@type\":\"PropertyValueSpecification\",\"valueRequired\":true,\"valueName\":\"search_term_string\"}}],\"inLanguage\":\"pt-BR\"},{\"@type\":\"Organization\",\"@id\":\"https:\/\/noticiasemdestaque.com\/cd\/#organization\",\"name\":\"Not\u00edcias em Destaque\",\"url\":\"https:\/\/noticiasemdestaque.com\/cd\/\",\"logo\":{\"@type\":\"ImageObject\",\"inLanguage\":\"pt-BR\",\"@id\":\"https:\/\/noticiasemdestaque.com\/cd\/#\/schema\/logo\/image\/\",\"url\":\"https:\/\/noticiasemdestaque.com\/cd\/wp-content\/uploads\/2022\/05\/imagem-base-noticiasemdestaque.png\",\"contentUrl\":\"https:\/\/noticiasemdestaque.com\/cd\/wp-content\/uploads\/2022\/05\/imagem-base-noticiasemdestaque.png\",\"width\":1200,\"height\":630,\"caption\":\"Not\u00edcias em Destaque\"},\"image\":{\"@id\":\"https:\/\/noticiasemdestaque.com\/cd\/#\/schema\/logo\/image\/\"}},{\"@type\":\"Person\",\"@id\":\"https:\/\/noticiasemdestaque.com\/cd\/#\/schema\/person\/21320b03a7e8bb90128938dafc9b908a\",\"name\":\"Not\u00edcias em Destaque\",\"url\":\"https:\/\/noticiasemdestaque.com\/cd\/?author=2\"}]}<\/script>\n<!-- \/ Yoast SEO plugin. -->","yoast_head_json":{"title":"Prefeito reeleito de Amparo, In\u00e1cio N\u00f3brega, destaca import\u00e2ncia da ampla vit\u00f3ria no munic\u00edpio\u00a0\u00a0 - Not&iacute;cias em Destaque","robots":{"index":"index","follow":"follow","max-snippet":"max-snippet:-1","max-image-preview":"max-image-preview:large","max-video-preview":"max-video-preview:-1"},"canonical":"https:\/\/noticiasemdestaque.com\/cd\/?p=27610","og_locale":"pt_BR","og_type":"article","og_title":"Prefeito reeleito de Amparo, In\u00e1cio N\u00f3brega, destaca import\u00e2ncia da ampla vit\u00f3ria no munic\u00edpio\u00a0\u00a0 - Not&iacute;cias em Destaque","og_description":"Durante participa\u00e7\u00e3o no Programa da Prefeitura de Amparo, veiculado na \u00faltima sexta-feira na 95FM, o prefeito reeleito In\u00e1cio N\u00f3brega, agradeceu a popula\u00e7\u00e3o do munic\u00edpio pela ampla vit\u00f3ria.\u00a0\u00a0 In\u00e1cio foi reeleito com 291 votos de diferen\u00e7a, a maior j\u00e1 vista na cidade, foram 1.312 votos contra 1.021 de Dr\u00ba Jo\u00e3o.\u00a0 In\u00e1cio destacou ainda, o fato de seu grupo ter feito maioria na C\u00e2mara de Vereadores \u201cTeremos agora parlamentares prontos para aprovar projetos de interesse da popula\u00e7\u00e3o, dando mais celeridade ao nosso governo\u201d, afirmou In\u00e1cio. \u00a0 Confira o Programa:\u00a0 Not\u00edcias em Destaque\u00a0 \u00a0\u00a0","og_url":"https:\/\/noticiasemdestaque.com\/cd\/?p=27610","og_site_name":"Not&iacute;cias em Destaque","article_published_time":"2020-11-22T14:48:45+00:00","og_image":[{"width":1366,"height":768,"url":"https:\/\/noticiasemdestaque.com\/cd\/wp-content\/uploads\/2020\/11\/Sem-titulo.png","type":"image\/png"}],"author":"Not\u00edcias em Destaque","twitter_card":"summary_large_image","twitter_misc":{"Escrito por":"Not\u00edcias em Destaque","Est. tempo de leitura":"1 minuto"},"schema":{"@context":"https:\/\/schema.org","@graph":[{"@type":"Article","@id":"https:\/\/noticiasemdestaque.com\/cd\/?p=27610#article","isPartOf":{"@id":"https:\/\/noticiasemdestaque.com\/cd\/?p=27610"},"author":{"name":"Not\u00edcias em Destaque","@id":"https:\/\/noticiasemdestaque.com\/cd\/#\/schema\/person\/21320b03a7e8bb90128938dafc9b908a"},"headline":"Prefeito reeleito de Amparo, In\u00e1cio N\u00f3brega, destaca import\u00e2ncia da ampla vit\u00f3ria no munic\u00edpio\u00a0\u00a0","datePublished":"2020-11-22T14:48:45+00:00","mainEntityOfPage":{"@id":"https:\/\/noticiasemdestaque.com\/cd\/?p=27610"},"wordCount":124,"publisher":{"@id":"https:\/\/noticiasemdestaque.com\/cd\/#organization"},"image":{"@id":"https:\/\/noticiasemdestaque.com\/cd\/?p=27610#primaryimage"},"thumbnailUrl":"https:\/\/noticiasemdestaque.com\/cd\/wp-content\/uploads\/2020\/11\/Sem-titulo.png","articleSection":["Geral"],"inLanguage":"pt-BR"},{"@type":"WebPage","@id":"https:\/\/noticiasemdestaque.com\/cd\/?p=27610","url":"https:\/\/noticiasemdestaque.com\/cd\/?p=27610","name":"Prefeito reeleito de Amparo, In\u00e1cio N\u00f3brega, destaca import\u00e2ncia da ampla vit\u00f3ria no munic\u00edpio\u00a0\u00a0 - Not&iacute;cias em Destaque","isPartOf":{"@id":"https:\/\/noticiasemdestaque.com\/cd\/#website"},"primaryImageOfPage":{"@id":"https:\/\/noticiasemdestaque.com\/cd\/?p=27610#primaryimage"},"image":{"@id":"https:\/\/noticiasemdestaque.com\/cd\/?p=27610#primaryimage"},"thumbnailUrl":"https:\/\/noticiasemdestaque.com\/cd\/wp-content\/uploads\/2020\/11\/Sem-titulo.png","datePublished":"2020-11-22T14:48:45+00:00","breadcrumb":{"@id":"https:\/\/noticiasemdestaque.com\/cd\/?p=27610#breadcrumb"},"inLanguage":"pt-BR","potentialAction":[{"@type":"ReadAction","target":["https:\/\/noticiasemdestaque.com\/cd\/?p=27610"]}]},{"@type":"ImageObject","inLanguage":"pt-BR","@id":"https:\/\/noticiasemdestaque.com\/cd\/?p=27610#primaryimage","url":"https:\/\/noticiasemdestaque.com\/cd\/wp-content\/uploads\/2020\/11\/Sem-titulo.png","contentUrl":"https:\/\/noticiasemdestaque.com\/cd\/wp-content\/uploads\/2020\/11\/Sem-titulo.png","width":1366,"height":768},{"@type":"BreadcrumbList","@id":"https:\/\/noticiasemdestaque.com\/cd\/?p=27610#breadcrumb","itemListElement":[{"@type":"ListItem","position":1,"name":"In\u00edcio","item":"https:\/\/noticiasemdestaque.com\/cd\/"},{"@type":"ListItem","position":2,"name":"Prefeito reeleito de Amparo, In\u00e1cio N\u00f3brega, destaca import\u00e2ncia da ampla vit\u00f3ria no munic\u00edpio\u00a0\u00a0"}]},{"@type":"WebSite","@id":"https:\/\/noticiasemdestaque.com\/cd\/#website","url":"https:\/\/noticiasemdestaque.com\/cd\/","name":"Not&iacute;cias em Destaque","description":"","publisher":{"@id":"https:\/\/noticiasemdestaque.com\/cd\/#organization"},"potentialAction":[{"@type":"SearchAction","target":{"@type":"EntryPoint","urlTemplate":"https:\/\/noticiasemdestaque.com\/cd\/?s={search_term_string}"},"query-input":{"@type":"PropertyValueSpecification","valueRequired":true,"valueName":"search_term_string"}}],"inLanguage":"pt-BR"},{"@type":"Organization","@id":"https:\/\/noticiasemdestaque.com\/cd\/#organization","name":"Not\u00edcias em Destaque","url":"https:\/\/noticiasemdestaque.com\/cd\/","logo":{"@type":"ImageObject","inLanguage":"pt-BR","@id":"https:\/\/noticiasemdestaque.com\/cd\/#\/schema\/logo\/image\/","url":"https:\/\/noticiasemdestaque.com\/cd\/wp-content\/uploads\/2022\/05\/imagem-base-noticiasemdestaque.png","contentUrl":"https:\/\/noticiasemdestaque.com\/cd\/wp-content\/uploads\/2022\/05\/imagem-base-noticiasemdestaque.png","width":1200,"height":630,"caption":"Not\u00edcias em Destaque"},"image":{"@id":"https:\/\/noticiasemdestaque.com\/cd\/#\/schema\/logo\/image\/"}},{"@type":"Person","@id":"https:\/\/noticiasemdestaque.com\/cd\/#\/schema\/person\/21320b03a7e8bb90128938dafc9b908a","name":"Not\u00edcias em Destaque","url":"https:\/\/noticiasemdestaque.com\/cd\/?author=2"}]}},"jetpack_featured_media_url":"https:\/\/noticiasemdestaque.com\/cd\/wp-content\/uploads\/2020\/11\/Sem-titulo.png","jetpack_sharing_enabled":true,"_links":{"self":[{"href":"https:\/\/noticiasemdestaque.com\/cd\/index.php?rest_route=\/wp\/v2\/posts\/27610","targetHints":{"allow":["GET"]}}],"collection":[{"href":"https:\/\/noticiasemdestaque.com\/cd\/index.php?rest_route=\/wp\/v2\/posts"}],"about":[{"href":"https:\/\/noticiasemdestaque.com\/cd\/index.php?rest_route=\/wp\/v2\/types\/post"}],"author":[{"embeddable":true,"href":"https:\/\/noticiasemdestaque.com\/cd\/index.php?rest_route=\/wp\/v2\/users\/2"}],"replies":[{"embeddable":true,"href":"https:\/\/noticiasemdestaque.com\/cd\/index.php?rest_route=%2Fwp%2Fv2%2Fcomments&post=27610"}],"version-history":[{"count":1,"href":"https:\/\/noticiasemdestaque.com\/cd\/index.php?rest_route=\/wp\/v2\/posts\/27610\/revisions"}],"predecessor-version":[{"id":27612,"href":"https:\/\/noticiasemdestaque.com\/cd\/index.php?rest_route=\/wp\/v2\/posts\/27610\/revisions\/27612"}],"wp:featuredmedia":[{"embeddable":true,"href":"https:\/\/noticiasemdestaque.com\/cd\/index.php?rest_route=\/wp\/v2\/media\/27611"}],"wp:attachment":[{"href":"https:\/\/noticiasemdestaque.com\/cd\/index.php?rest_route=%2Fwp%2Fv2%2Fmedia&parent=27610"}],"wp:term":[{"taxonomy":"category","embeddable":true,"href":"https:\/\/noticiasemdestaque.com\/cd\/index.php?rest_route=%2Fwp%2Fv2%2Fcategories&post=27610"},{"taxonomy":"post_tag","embeddable":true,"href":"https:\/\/noticiasemdestaque.com\/cd\/index.php?rest_route=%2Fwp%2Fv2%2Ftags&post=27610"}],"curies":[{"name":"wp","href":"https:\/\/api.w.org\/{rel}","templated":true}]}}