{"id":27607,"date":"2020-11-22T11:33:54","date_gmt":"2020-11-22T14:33:54","guid":{"rendered":"http:\/\/noticiasemdestaque.com\/cd\/?p=27607"},"modified":"2020-11-22T11:33:54","modified_gmt":"2020-11-22T14:33:54","slug":"candidato-cicero-lucena-larga-com-114-na-frente-de-nilvan-aponta-pesquisa-do-instituto-opiniao-maispb","status":"publish","type":"post","link":"https:\/\/noticiasemdestaque.com\/cd\/?p=27607","title":{"rendered":"Candidato C\u00edcero Lucena larga com 11,4% na frente de Nilvan, aponta pesquisa do Instituto Opini\u00e3o\/MaisPB"},"content":{"rendered":"<p><a href=\"https:\/\/noticiasemdestaque.com\/cd\/wp-content\/uploads\/2020\/11\/CICERONILVAN-300x218-1.jpg\"><img fetchpriority=\"high\" decoding=\"async\" class=\"size-full wp-image-27608 aligncenter\" src=\"https:\/\/noticiasemdestaque.com\/cd\/wp-content\/uploads\/2020\/11\/CICERONILVAN-300x218-1.jpg\" alt=\"\" width=\"300\" height=\"218\" \/><\/a><\/p>\n<p>Faltando apenas 7 dias para a elei\u00e7\u00e3o do segundo turno, em Jo\u00e3o Pessoa, o portal Mais PB divulgou neste domingo (22) a primeira uma pesquisa estimulada realizada pelo Instituto Opini\u00e3o, sobre a inten\u00e7\u00e3o de voto na disputa pela prefeitura da Capital.<\/p>\n<p>A pesquisa aponta o candidato C\u00edcero Lucena (Progressistas) na lideran\u00e7a, com 43,5% das inten\u00e7\u00f5es de votos contra 32,1% do candidato Nilvan Ferreira (MDB).<\/p>\n<p>Foram entrevistados 800 eleitores entre quinta-feira (19) e essa sexta-feira (20). 15,4% dos eleitores informaram que v\u00e3o anular o voto, ou que votaram em branco ou em nenhum dos dois candidatos. 9% dissera que est\u00e3o indecisos para o pleito do pr\u00f3ximo domingo.<\/p>\n<p><strong>C\u00edcero Lucena tamb\u00e9m lidera na pesquisa espont\u00e2nea<\/strong><\/p>\n<p>C\u00edcero tem 39,0% das inten\u00e7\u00f5es de votos, contra 26,8% de Nilvan Ferreira. Branco\/nulo\/nenhum somam 14,% e Indecisos\/n\u00e3o sabem 19,8%.<\/p>\n<p>O Instituto Opini\u00e3o realizou as entrevista com os eleitores dos seguintes bairros de Jo\u00e3o Pessoa.<br \/>\nAltiplano Cabo Branco, Alto do C\u00e9u, Alto do Mateus, Bairro dos Estado, Banc\u00e1rios, Bessa, Brisamar, Cabo Branco, Castela Branco, Centro, Cidade dos Colibris, Cisto Redentor, Cruz das Armas, Ernesto Geisel , Expedicion\u00e1rios, Funcion\u00e1rios, Grot\u00e3o, Ilha do Bispo, Ip\u00eas, Jaguaribe, Jardim Oceania, Jardim Veneza, Jardim Cidade Universit\u00e1ria, Jo\u00e3o Agripino, Jo\u00e3o Paulo II, Jos\u00e9 Am\u00e9rico, Mana\u00edra, Mandacaru, Mangabeira, Miramar, Oitizeiro, Padre Z\u00e9, Paratibe, Roger, Tamba\u00fa, Tambauzinho, Torre, Treze de Maia, Valentina e Varj\u00e3o.<\/p>\n<p>O intervalo de confian\u00e7a estimando para a pesquisa \u00e9 de 95%, com margem de erro estimado em 3,5 pontos percentuais para mais ou para menos, sobre os resultados encontrado no total da amostra.<\/p>\n<p>Fonte: MaisPB<\/p>\n","protected":false},"excerpt":{"rendered":"<p>Faltando apenas 7 dias para a elei\u00e7\u00e3o do segundo turno, em Jo\u00e3o Pessoa, o portal Mais PB divulgou neste domingo (22) a primeira uma pesquisa estimulada realizada pelo Instituto Opini\u00e3o, sobre a inten\u00e7\u00e3o de voto na disputa pela prefeitura da Capital. A pesquisa aponta o candidato C\u00edcero Lucena (Progressistas) na lideran\u00e7a, com 43,5% das inten\u00e7\u00f5es de votos contra 32,1% do candidato Nilvan Ferreira (MDB). Foram entrevistados 800 eleitores entre quinta-feira (19) e essa sexta-feira (20). 15,4% dos eleitores informaram que v\u00e3o anular o voto, ou que votaram em branco ou em nenhum dos dois candidatos. 9% dissera que est\u00e3o indecisos para o pleito do pr\u00f3ximo domingo. C\u00edcero Lucena tamb\u00e9m lidera na pesquisa espont\u00e2nea C\u00edcero tem 39,0% das inten\u00e7\u00f5es de votos, contra 26,8% de Nilvan Ferreira. Branco\/nulo\/nenhum somam 14,% e Indecisos\/n\u00e3o sabem 19,8%. O Instituto Opini\u00e3o realizou as entrevista com os eleitores dos seguintes bairros de Jo\u00e3o Pessoa. Altiplano Cabo Branco, Alto do C\u00e9u, Alto do Mateus, Bairro dos Estado, Banc\u00e1rios, Bessa, Brisamar, Cabo Branco, Castela Branco, Centro, Cidade dos Colibris, Cisto Redentor, Cruz das Armas, Ernesto Geisel , Expedicion\u00e1rios, Funcion\u00e1rios, Grot\u00e3o, Ilha do Bispo, Ip\u00eas, Jaguaribe, Jardim Oceania, Jardim Veneza, Jardim Cidade Universit\u00e1ria, Jo\u00e3o Agripino, Jo\u00e3o Paulo II, Jos\u00e9 Am\u00e9rico, Mana\u00edra, Mandacaru, Mangabeira, Miramar, Oitizeiro, Padre Z\u00e9, Paratibe, Roger, Tamba\u00fa, Tambauzinho, Torre, Treze de Maia, Valentina e Varj\u00e3o. O intervalo de confian\u00e7a estimando para a pesquisa \u00e9 de 95%, com margem de erro estimado em 3,5 pontos percentuais para mais ou para menos, sobre os resultados encontrado no total da amostra. Fonte: MaisPB<\/p>\n","protected":false},"author":2,"featured_media":27608,"comment_status":"closed","ping_status":"open","sticky":false,"template":"","format":"standard","meta":{"_eb_attr":"","_jetpack_memberships_contains_paid_content":false,"footnotes":""},"categories":[4],"tags":[],"class_list":["post-27607","post","type-post","status-publish","format-standard","has-post-thumbnail","hentry","category-politica"],"yoast_head":"<!-- This site is optimized with the Yoast SEO plugin v26.5 - https:\/\/yoast.com\/wordpress\/plugins\/seo\/ -->\n<title>Candidato C\u00edcero Lucena larga com 11,4% na frente de Nilvan, aponta pesquisa do Instituto Opini\u00e3o\/MaisPB - Not&iacute;cias em Destaque<\/title>\n<meta name=\"robots\" content=\"index, follow, max-snippet:-1, max-image-preview:large, max-video-preview:-1\" \/>\n<link rel=\"canonical\" href=\"https:\/\/noticiasemdestaque.com\/cd\/?p=27607\" \/>\n<meta property=\"og:locale\" content=\"pt_BR\" \/>\n<meta property=\"og:type\" content=\"article\" \/>\n<meta property=\"og:title\" content=\"Candidato C\u00edcero Lucena larga com 11,4% na frente de Nilvan, aponta pesquisa do Instituto Opini\u00e3o\/MaisPB - Not&iacute;cias em Destaque\" \/>\n<meta property=\"og:description\" content=\"Faltando apenas 7 dias para a elei\u00e7\u00e3o do segundo turno, em Jo\u00e3o Pessoa, o portal Mais PB divulgou neste domingo (22) a primeira uma pesquisa estimulada realizada pelo Instituto Opini\u00e3o, sobre a inten\u00e7\u00e3o de voto na disputa pela prefeitura da Capital. A pesquisa aponta o candidato C\u00edcero Lucena (Progressistas) na lideran\u00e7a, com 43,5% das inten\u00e7\u00f5es de votos contra 32,1% do candidato Nilvan Ferreira (MDB). Foram entrevistados 800 eleitores entre quinta-feira (19) e essa sexta-feira (20). 15,4% dos eleitores informaram que v\u00e3o anular o voto, ou que votaram em branco ou em nenhum dos dois candidatos. 9% dissera que est\u00e3o indecisos para o pleito do pr\u00f3ximo domingo. C\u00edcero Lucena tamb\u00e9m lidera na pesquisa espont\u00e2nea C\u00edcero tem 39,0% das inten\u00e7\u00f5es de votos, contra 26,8% de Nilvan Ferreira. Branco\/nulo\/nenhum somam 14,% e Indecisos\/n\u00e3o sabem 19,8%. O Instituto Opini\u00e3o realizou as entrevista com os eleitores dos seguintes bairros de Jo\u00e3o Pessoa. Altiplano Cabo Branco, Alto do C\u00e9u, Alto do Mateus, Bairro dos Estado, Banc\u00e1rios, Bessa, Brisamar, Cabo Branco, Castela Branco, Centro, Cidade dos Colibris, Cisto Redentor, Cruz das Armas, Ernesto Geisel , Expedicion\u00e1rios, Funcion\u00e1rios, Grot\u00e3o, Ilha do Bispo, Ip\u00eas, Jaguaribe, Jardim Oceania, Jardim Veneza, Jardim Cidade Universit\u00e1ria, Jo\u00e3o Agripino, Jo\u00e3o Paulo II, Jos\u00e9 Am\u00e9rico, Mana\u00edra, Mandacaru, Mangabeira, Miramar, Oitizeiro, Padre Z\u00e9, Paratibe, Roger, Tamba\u00fa, Tambauzinho, Torre, Treze de Maia, Valentina e Varj\u00e3o. O intervalo de confian\u00e7a estimando para a pesquisa \u00e9 de 95%, com margem de erro estimado em 3,5 pontos percentuais para mais ou para menos, sobre os resultados encontrado no total da amostra. Fonte: MaisPB\" \/>\n<meta property=\"og:url\" content=\"https:\/\/noticiasemdestaque.com\/cd\/?p=27607\" \/>\n<meta property=\"og:site_name\" content=\"Not&iacute;cias em Destaque\" \/>\n<meta property=\"article:published_time\" content=\"2020-11-22T14:33:54+00:00\" \/>\n<meta property=\"og:image\" content=\"https:\/\/noticiasemdestaque.com\/cd\/wp-content\/uploads\/2020\/11\/CICERONILVAN-300x218-1.jpg\" \/>\n\t<meta property=\"og:image:width\" content=\"300\" \/>\n\t<meta property=\"og:image:height\" content=\"218\" \/>\n\t<meta property=\"og:image:type\" content=\"image\/jpeg\" \/>\n<meta name=\"author\" content=\"Not\u00edcias em Destaque\" \/>\n<meta name=\"twitter:card\" content=\"summary_large_image\" \/>\n<meta name=\"twitter:label1\" content=\"Escrito por\" \/>\n\t<meta name=\"twitter:data1\" content=\"Not\u00edcias em Destaque\" \/>\n\t<meta name=\"twitter:label2\" content=\"Est. tempo de leitura\" \/>\n\t<meta name=\"twitter:data2\" content=\"1 minuto\" \/>\n<script type=\"application\/ld+json\" class=\"yoast-schema-graph\">{\"@context\":\"https:\/\/schema.org\",\"@graph\":[{\"@type\":\"Article\",\"@id\":\"https:\/\/noticiasemdestaque.com\/cd\/?p=27607#article\",\"isPartOf\":{\"@id\":\"https:\/\/noticiasemdestaque.com\/cd\/?p=27607\"},\"author\":{\"name\":\"Not\u00edcias em Destaque\",\"@id\":\"https:\/\/noticiasemdestaque.com\/cd\/#\/schema\/person\/21320b03a7e8bb90128938dafc9b908a\"},\"headline\":\"Candidato C\u00edcero Lucena larga com 11,4% na frente de Nilvan, aponta pesquisa do Instituto Opini\u00e3o\/MaisPB\",\"datePublished\":\"2020-11-22T14:33:54+00:00\",\"mainEntityOfPage\":{\"@id\":\"https:\/\/noticiasemdestaque.com\/cd\/?p=27607\"},\"wordCount\":287,\"publisher\":{\"@id\":\"https:\/\/noticiasemdestaque.com\/cd\/#organization\"},\"image\":{\"@id\":\"https:\/\/noticiasemdestaque.com\/cd\/?p=27607#primaryimage\"},\"thumbnailUrl\":\"https:\/\/noticiasemdestaque.com\/cd\/wp-content\/uploads\/2020\/11\/CICERONILVAN-300x218-1.jpg\",\"articleSection\":[\"Pol\u00edtica\"],\"inLanguage\":\"pt-BR\"},{\"@type\":\"WebPage\",\"@id\":\"https:\/\/noticiasemdestaque.com\/cd\/?p=27607\",\"url\":\"https:\/\/noticiasemdestaque.com\/cd\/?p=27607\",\"name\":\"Candidato C\u00edcero Lucena larga com 11,4% na frente de Nilvan, aponta pesquisa do Instituto Opini\u00e3o\/MaisPB - Not&iacute;cias em Destaque\",\"isPartOf\":{\"@id\":\"https:\/\/noticiasemdestaque.com\/cd\/#website\"},\"primaryImageOfPage\":{\"@id\":\"https:\/\/noticiasemdestaque.com\/cd\/?p=27607#primaryimage\"},\"image\":{\"@id\":\"https:\/\/noticiasemdestaque.com\/cd\/?p=27607#primaryimage\"},\"thumbnailUrl\":\"https:\/\/noticiasemdestaque.com\/cd\/wp-content\/uploads\/2020\/11\/CICERONILVAN-300x218-1.jpg\",\"datePublished\":\"2020-11-22T14:33:54+00:00\",\"breadcrumb\":{\"@id\":\"https:\/\/noticiasemdestaque.com\/cd\/?p=27607#breadcrumb\"},\"inLanguage\":\"pt-BR\",\"potentialAction\":[{\"@type\":\"ReadAction\",\"target\":[\"https:\/\/noticiasemdestaque.com\/cd\/?p=27607\"]}]},{\"@type\":\"ImageObject\",\"inLanguage\":\"pt-BR\",\"@id\":\"https:\/\/noticiasemdestaque.com\/cd\/?p=27607#primaryimage\",\"url\":\"https:\/\/noticiasemdestaque.com\/cd\/wp-content\/uploads\/2020\/11\/CICERONILVAN-300x218-1.jpg\",\"contentUrl\":\"https:\/\/noticiasemdestaque.com\/cd\/wp-content\/uploads\/2020\/11\/CICERONILVAN-300x218-1.jpg\",\"width\":300,\"height\":218},{\"@type\":\"BreadcrumbList\",\"@id\":\"https:\/\/noticiasemdestaque.com\/cd\/?p=27607#breadcrumb\",\"itemListElement\":[{\"@type\":\"ListItem\",\"position\":1,\"name\":\"In\u00edcio\",\"item\":\"https:\/\/noticiasemdestaque.com\/cd\/\"},{\"@type\":\"ListItem\",\"position\":2,\"name\":\"Candidato C\u00edcero Lucena larga com 11,4% na frente de Nilvan, aponta pesquisa do Instituto Opini\u00e3o\/MaisPB\"}]},{\"@type\":\"WebSite\",\"@id\":\"https:\/\/noticiasemdestaque.com\/cd\/#website\",\"url\":\"https:\/\/noticiasemdestaque.com\/cd\/\",\"name\":\"Not&iacute;cias em Destaque\",\"description\":\"\",\"publisher\":{\"@id\":\"https:\/\/noticiasemdestaque.com\/cd\/#organization\"},\"potentialAction\":[{\"@type\":\"SearchAction\",\"target\":{\"@type\":\"EntryPoint\",\"urlTemplate\":\"https:\/\/noticiasemdestaque.com\/cd\/?s={search_term_string}\"},\"query-input\":{\"@type\":\"PropertyValueSpecification\",\"valueRequired\":true,\"valueName\":\"search_term_string\"}}],\"inLanguage\":\"pt-BR\"},{\"@type\":\"Organization\",\"@id\":\"https:\/\/noticiasemdestaque.com\/cd\/#organization\",\"name\":\"Not\u00edcias em Destaque\",\"url\":\"https:\/\/noticiasemdestaque.com\/cd\/\",\"logo\":{\"@type\":\"ImageObject\",\"inLanguage\":\"pt-BR\",\"@id\":\"https:\/\/noticiasemdestaque.com\/cd\/#\/schema\/logo\/image\/\",\"url\":\"https:\/\/noticiasemdestaque.com\/cd\/wp-content\/uploads\/2022\/05\/imagem-base-noticiasemdestaque.png\",\"contentUrl\":\"https:\/\/noticiasemdestaque.com\/cd\/wp-content\/uploads\/2022\/05\/imagem-base-noticiasemdestaque.png\",\"width\":1200,\"height\":630,\"caption\":\"Not\u00edcias em Destaque\"},\"image\":{\"@id\":\"https:\/\/noticiasemdestaque.com\/cd\/#\/schema\/logo\/image\/\"}},{\"@type\":\"Person\",\"@id\":\"https:\/\/noticiasemdestaque.com\/cd\/#\/schema\/person\/21320b03a7e8bb90128938dafc9b908a\",\"name\":\"Not\u00edcias em Destaque\",\"url\":\"https:\/\/noticiasemdestaque.com\/cd\/?author=2\"}]}<\/script>\n<!-- \/ Yoast SEO plugin. -->","yoast_head_json":{"title":"Candidato C\u00edcero Lucena larga com 11,4% na frente de Nilvan, aponta pesquisa do Instituto Opini\u00e3o\/MaisPB - Not&iacute;cias em Destaque","robots":{"index":"index","follow":"follow","max-snippet":"max-snippet:-1","max-image-preview":"max-image-preview:large","max-video-preview":"max-video-preview:-1"},"canonical":"https:\/\/noticiasemdestaque.com\/cd\/?p=27607","og_locale":"pt_BR","og_type":"article","og_title":"Candidato C\u00edcero Lucena larga com 11,4% na frente de Nilvan, aponta pesquisa do Instituto Opini\u00e3o\/MaisPB - Not&iacute;cias em Destaque","og_description":"Faltando apenas 7 dias para a elei\u00e7\u00e3o do segundo turno, em Jo\u00e3o Pessoa, o portal Mais PB divulgou neste domingo (22) a primeira uma pesquisa estimulada realizada pelo Instituto Opini\u00e3o, sobre a inten\u00e7\u00e3o de voto na disputa pela prefeitura da Capital. A pesquisa aponta o candidato C\u00edcero Lucena (Progressistas) na lideran\u00e7a, com 43,5% das inten\u00e7\u00f5es de votos contra 32,1% do candidato Nilvan Ferreira (MDB). Foram entrevistados 800 eleitores entre quinta-feira (19) e essa sexta-feira (20). 15,4% dos eleitores informaram que v\u00e3o anular o voto, ou que votaram em branco ou em nenhum dos dois candidatos. 9% dissera que est\u00e3o indecisos para o pleito do pr\u00f3ximo domingo. C\u00edcero Lucena tamb\u00e9m lidera na pesquisa espont\u00e2nea C\u00edcero tem 39,0% das inten\u00e7\u00f5es de votos, contra 26,8% de Nilvan Ferreira. Branco\/nulo\/nenhum somam 14,% e Indecisos\/n\u00e3o sabem 19,8%. O Instituto Opini\u00e3o realizou as entrevista com os eleitores dos seguintes bairros de Jo\u00e3o Pessoa. Altiplano Cabo Branco, Alto do C\u00e9u, Alto do Mateus, Bairro dos Estado, Banc\u00e1rios, Bessa, Brisamar, Cabo Branco, Castela Branco, Centro, Cidade dos Colibris, Cisto Redentor, Cruz das Armas, Ernesto Geisel , Expedicion\u00e1rios, Funcion\u00e1rios, Grot\u00e3o, Ilha do Bispo, Ip\u00eas, Jaguaribe, Jardim Oceania, Jardim Veneza, Jardim Cidade Universit\u00e1ria, Jo\u00e3o Agripino, Jo\u00e3o Paulo II, Jos\u00e9 Am\u00e9rico, Mana\u00edra, Mandacaru, Mangabeira, Miramar, Oitizeiro, Padre Z\u00e9, Paratibe, Roger, Tamba\u00fa, Tambauzinho, Torre, Treze de Maia, Valentina e Varj\u00e3o. O intervalo de confian\u00e7a estimando para a pesquisa \u00e9 de 95%, com margem de erro estimado em 3,5 pontos percentuais para mais ou para menos, sobre os resultados encontrado no total da amostra. Fonte: MaisPB","og_url":"https:\/\/noticiasemdestaque.com\/cd\/?p=27607","og_site_name":"Not&iacute;cias em Destaque","article_published_time":"2020-11-22T14:33:54+00:00","og_image":[{"width":300,"height":218,"url":"https:\/\/noticiasemdestaque.com\/cd\/wp-content\/uploads\/2020\/11\/CICERONILVAN-300x218-1.jpg","type":"image\/jpeg"}],"author":"Not\u00edcias em Destaque","twitter_card":"summary_large_image","twitter_misc":{"Escrito por":"Not\u00edcias em Destaque","Est. tempo de leitura":"1 minuto"},"schema":{"@context":"https:\/\/schema.org","@graph":[{"@type":"Article","@id":"https:\/\/noticiasemdestaque.com\/cd\/?p=27607#article","isPartOf":{"@id":"https:\/\/noticiasemdestaque.com\/cd\/?p=27607"},"author":{"name":"Not\u00edcias em Destaque","@id":"https:\/\/noticiasemdestaque.com\/cd\/#\/schema\/person\/21320b03a7e8bb90128938dafc9b908a"},"headline":"Candidato C\u00edcero Lucena larga com 11,4% na frente de Nilvan, aponta pesquisa do Instituto Opini\u00e3o\/MaisPB","datePublished":"2020-11-22T14:33:54+00:00","mainEntityOfPage":{"@id":"https:\/\/noticiasemdestaque.com\/cd\/?p=27607"},"wordCount":287,"publisher":{"@id":"https:\/\/noticiasemdestaque.com\/cd\/#organization"},"image":{"@id":"https:\/\/noticiasemdestaque.com\/cd\/?p=27607#primaryimage"},"thumbnailUrl":"https:\/\/noticiasemdestaque.com\/cd\/wp-content\/uploads\/2020\/11\/CICERONILVAN-300x218-1.jpg","articleSection":["Pol\u00edtica"],"inLanguage":"pt-BR"},{"@type":"WebPage","@id":"https:\/\/noticiasemdestaque.com\/cd\/?p=27607","url":"https:\/\/noticiasemdestaque.com\/cd\/?p=27607","name":"Candidato C\u00edcero Lucena larga com 11,4% na frente de Nilvan, aponta pesquisa do Instituto Opini\u00e3o\/MaisPB - Not&iacute;cias em Destaque","isPartOf":{"@id":"https:\/\/noticiasemdestaque.com\/cd\/#website"},"primaryImageOfPage":{"@id":"https:\/\/noticiasemdestaque.com\/cd\/?p=27607#primaryimage"},"image":{"@id":"https:\/\/noticiasemdestaque.com\/cd\/?p=27607#primaryimage"},"thumbnailUrl":"https:\/\/noticiasemdestaque.com\/cd\/wp-content\/uploads\/2020\/11\/CICERONILVAN-300x218-1.jpg","datePublished":"2020-11-22T14:33:54+00:00","breadcrumb":{"@id":"https:\/\/noticiasemdestaque.com\/cd\/?p=27607#breadcrumb"},"inLanguage":"pt-BR","potentialAction":[{"@type":"ReadAction","target":["https:\/\/noticiasemdestaque.com\/cd\/?p=27607"]}]},{"@type":"ImageObject","inLanguage":"pt-BR","@id":"https:\/\/noticiasemdestaque.com\/cd\/?p=27607#primaryimage","url":"https:\/\/noticiasemdestaque.com\/cd\/wp-content\/uploads\/2020\/11\/CICERONILVAN-300x218-1.jpg","contentUrl":"https:\/\/noticiasemdestaque.com\/cd\/wp-content\/uploads\/2020\/11\/CICERONILVAN-300x218-1.jpg","width":300,"height":218},{"@type":"BreadcrumbList","@id":"https:\/\/noticiasemdestaque.com\/cd\/?p=27607#breadcrumb","itemListElement":[{"@type":"ListItem","position":1,"name":"In\u00edcio","item":"https:\/\/noticiasemdestaque.com\/cd\/"},{"@type":"ListItem","position":2,"name":"Candidato C\u00edcero Lucena larga com 11,4% na frente de Nilvan, aponta pesquisa do Instituto Opini\u00e3o\/MaisPB"}]},{"@type":"WebSite","@id":"https:\/\/noticiasemdestaque.com\/cd\/#website","url":"https:\/\/noticiasemdestaque.com\/cd\/","name":"Not&iacute;cias em Destaque","description":"","publisher":{"@id":"https:\/\/noticiasemdestaque.com\/cd\/#organization"},"potentialAction":[{"@type":"SearchAction","target":{"@type":"EntryPoint","urlTemplate":"https:\/\/noticiasemdestaque.com\/cd\/?s={search_term_string}"},"query-input":{"@type":"PropertyValueSpecification","valueRequired":true,"valueName":"search_term_string"}}],"inLanguage":"pt-BR"},{"@type":"Organization","@id":"https:\/\/noticiasemdestaque.com\/cd\/#organization","name":"Not\u00edcias em Destaque","url":"https:\/\/noticiasemdestaque.com\/cd\/","logo":{"@type":"ImageObject","inLanguage":"pt-BR","@id":"https:\/\/noticiasemdestaque.com\/cd\/#\/schema\/logo\/image\/","url":"https:\/\/noticiasemdestaque.com\/cd\/wp-content\/uploads\/2022\/05\/imagem-base-noticiasemdestaque.png","contentUrl":"https:\/\/noticiasemdestaque.com\/cd\/wp-content\/uploads\/2022\/05\/imagem-base-noticiasemdestaque.png","width":1200,"height":630,"caption":"Not\u00edcias em Destaque"},"image":{"@id":"https:\/\/noticiasemdestaque.com\/cd\/#\/schema\/logo\/image\/"}},{"@type":"Person","@id":"https:\/\/noticiasemdestaque.com\/cd\/#\/schema\/person\/21320b03a7e8bb90128938dafc9b908a","name":"Not\u00edcias em Destaque","url":"https:\/\/noticiasemdestaque.com\/cd\/?author=2"}]}},"jetpack_featured_media_url":"https:\/\/noticiasemdestaque.com\/cd\/wp-content\/uploads\/2020\/11\/CICERONILVAN-300x218-1.jpg","jetpack_sharing_enabled":true,"_links":{"self":[{"href":"https:\/\/noticiasemdestaque.com\/cd\/index.php?rest_route=\/wp\/v2\/posts\/27607","targetHints":{"allow":["GET"]}}],"collection":[{"href":"https:\/\/noticiasemdestaque.com\/cd\/index.php?rest_route=\/wp\/v2\/posts"}],"about":[{"href":"https:\/\/noticiasemdestaque.com\/cd\/index.php?rest_route=\/wp\/v2\/types\/post"}],"author":[{"embeddable":true,"href":"https:\/\/noticiasemdestaque.com\/cd\/index.php?rest_route=\/wp\/v2\/users\/2"}],"replies":[{"embeddable":true,"href":"https:\/\/noticiasemdestaque.com\/cd\/index.php?rest_route=%2Fwp%2Fv2%2Fcomments&post=27607"}],"version-history":[{"count":1,"href":"https:\/\/noticiasemdestaque.com\/cd\/index.php?rest_route=\/wp\/v2\/posts\/27607\/revisions"}],"predecessor-version":[{"id":27609,"href":"https:\/\/noticiasemdestaque.com\/cd\/index.php?rest_route=\/wp\/v2\/posts\/27607\/revisions\/27609"}],"wp:featuredmedia":[{"embeddable":true,"href":"https:\/\/noticiasemdestaque.com\/cd\/index.php?rest_route=\/wp\/v2\/media\/27608"}],"wp:attachment":[{"href":"https:\/\/noticiasemdestaque.com\/cd\/index.php?rest_route=%2Fwp%2Fv2%2Fmedia&parent=27607"}],"wp:term":[{"taxonomy":"category","embeddable":true,"href":"https:\/\/noticiasemdestaque.com\/cd\/index.php?rest_route=%2Fwp%2Fv2%2Fcategories&post=27607"},{"taxonomy":"post_tag","embeddable":true,"href":"https:\/\/noticiasemdestaque.com\/cd\/index.php?rest_route=%2Fwp%2Fv2%2Ftags&post=27607"}],"curies":[{"name":"wp","href":"https:\/\/api.w.org\/{rel}","templated":true}]}}