{"id":276,"date":"2017-06-07T20:35:23","date_gmt":"2017-06-07T23:35:23","guid":{"rendered":"http:\/\/caririemdestaque.com\/cd\/?p=276"},"modified":"2017-06-07T20:35:23","modified_gmt":"2017-06-07T23:35:23","slug":"tse-rejeita-mais-uma-questao-preliminar-julgamento-sera-retomado-amanha-as-9h","status":"publish","type":"post","link":"https:\/\/noticiasemdestaque.com\/cd\/?p=276","title":{"rendered":"TSE rejeita mais uma quest\u00e3o preliminar; julgamento ser\u00e1 retomado amanh\u00e3 \u00e0s 9h"},"content":{"rendered":"<p>&nbsp;<\/p>\n<p>Os ministros do Tribunal Superior Eleitoral (TSE) interromperam no in\u00edcio da tarde de hoje (7) o julgamento da a\u00e7\u00e3o que pede a cassa\u00e7\u00e3o da chapa Dilma-Temer, vencedora das elei\u00e7\u00f5es presidenciais de 2014. A sess\u00e3o ser\u00e1 retomada amanh\u00e3 (8), \u00e0s 9h.<\/p>\n<p>O tempo da sess\u00e3o de hoje foi ocupado principalmente pela manifesta\u00e7\u00e3o do relator da a\u00e7\u00e3o, Herman Benjamin, sobre tr\u00eas quest\u00f5es preliminares interpostas pelas defesas de Dilma Rousseff e de Michel Temer. Todas contestam a validade dos depoimentos de executivos da Odebrecht ao TSE.<\/p>\n<p>Dessas tr\u00eas quest\u00f5es preliminares trazidas a plen\u00e1rio nesta quarta-feira, os ministros rejeitaram uma, na qual os advogados de Dilma e Temer argumentava que trechos dos depoimentos de alguns executivos ao TSE n\u00e3o poderiam servir como provas, por terem sido vazados para a imprensa, tornando-se ilegais. A decis\u00e3o pela legalidade das provas foi un\u00e2nime.<\/p>\n<p>O relator tamb\u00e9m rejeitou as outras duas preliminares, defendendo a validade dos depoimentos e provas da empreiteira Odebrecht juntados ao processo . Na sess\u00e3o de amanh\u00e3, os outros seis ministros do TSE devem se manifestar sobre essas duas quest\u00f5es pendentes. Somente em seguida, deve come\u00e7ar a ser discutido o m\u00e9rito da a\u00e7\u00e3o.<\/p>\n<p>A expectativa \u00e9 que a sess\u00e3o de amanh\u00e3 dure o dia todo. O presidente do TSE, ministro Gilmar Mendes, disse que vai conversar com a presidente do Supremo Tribunal Federal (STF), C\u00e1rmen L\u00facia, sobre o cancelamento da sess\u00e3o do STF de amanh\u00e3 para que os ministros permane\u00e7am no julgamento da chapa Dilma-Temer. O julgamento deve se estender at\u00e9 a sexta-feira (9) e, se necess\u00e1rio, tamb\u00e9m no fim de semana.<\/p>\n<p>A\u00e7\u00e3o<\/p>\n<p>Ap\u00f3s as elei\u00e7\u00f5es de 2014, o PSDB entrou com a a\u00e7\u00e3o pedindo a cassa\u00e7\u00e3o da chapa Dilma-Temer, e o TSE come\u00e7ou a julgar suspeitas de irregularidade nos repasses a gr\u00e1ficas que prestaram servi\u00e7os para a campanha eleitoral de Dilma e Temer. Recentemente, Herman Benjamin decidiu incluir no processo o depoimento dos delatores ligados \u00e0 empreiteira Odebrecht, investigados na Opera\u00e7\u00e3o Lava Jato. Os delatores relataram que fizeram repasses ilegais para a campanha presidencial.<\/p>\n<p><strong><em>Cariri em Destaque <\/em><\/strong><\/p>\n<p><em>EBC<\/em><\/p>\n","protected":false},"excerpt":{"rendered":"<p>&nbsp; Os ministros do Tribunal Superior Eleitoral (TSE) interromperam no in\u00edcio da tarde de hoje (7) o julgamento da a\u00e7\u00e3o que pede a cassa\u00e7\u00e3o da chapa Dilma-Temer, vencedora das elei\u00e7\u00f5es presidenciais de 2014. A sess\u00e3o ser\u00e1 retomada amanh\u00e3 (8), \u00e0s 9h. O tempo da sess\u00e3o de hoje foi ocupado principalmente pela manifesta\u00e7\u00e3o do relator da a\u00e7\u00e3o, Herman Benjamin, sobre tr\u00eas quest\u00f5es preliminares interpostas pelas defesas de Dilma Rousseff e de Michel Temer. Todas contestam a validade dos depoimentos de executivos da Odebrecht ao TSE. Dessas tr\u00eas quest\u00f5es preliminares trazidas a plen\u00e1rio nesta quarta-feira, os ministros rejeitaram uma, na qual os advogados de Dilma e Temer argumentava que trechos dos depoimentos de alguns executivos ao TSE n\u00e3o poderiam servir como provas, por terem sido vazados para a imprensa, tornando-se ilegais. A decis\u00e3o pela legalidade das provas foi un\u00e2nime. O relator tamb\u00e9m rejeitou as outras duas preliminares, defendendo a validade dos depoimentos e provas da empreiteira Odebrecht juntados ao processo . Na sess\u00e3o de amanh\u00e3, os outros seis ministros do TSE devem se manifestar sobre essas duas quest\u00f5es pendentes. Somente em seguida, deve come\u00e7ar a ser discutido o m\u00e9rito da a\u00e7\u00e3o. A expectativa \u00e9 que a sess\u00e3o de amanh\u00e3 dure o dia todo. O presidente do TSE, ministro Gilmar Mendes, disse que vai conversar com a presidente do Supremo Tribunal Federal (STF), C\u00e1rmen L\u00facia, sobre o cancelamento da sess\u00e3o do STF de amanh\u00e3 para que os ministros permane\u00e7am no julgamento da chapa Dilma-Temer. O julgamento deve se estender at\u00e9 a sexta-feira (9) e, se necess\u00e1rio, tamb\u00e9m no fim de semana. A\u00e7\u00e3o Ap\u00f3s as elei\u00e7\u00f5es de 2014, o PSDB entrou com a a\u00e7\u00e3o pedindo a cassa\u00e7\u00e3o da chapa Dilma-Temer, e o TSE come\u00e7ou a julgar suspeitas de irregularidade nos repasses a gr\u00e1ficas que prestaram servi\u00e7os para a campanha eleitoral de Dilma e Temer. Recentemente, Herman Benjamin decidiu incluir no processo o depoimento dos delatores ligados \u00e0 empreiteira Odebrecht, investigados na Opera\u00e7\u00e3o Lava Jato. Os delatores relataram que fizeram repasses ilegais para a campanha presidencial. Cariri em Destaque EBC<\/p>\n","protected":false},"author":2,"featured_media":277,"comment_status":"closed","ping_status":"open","sticky":false,"template":"","format":"standard","meta":{"_eb_attr":"","_jetpack_memberships_contains_paid_content":false,"footnotes":""},"categories":[4],"tags":[],"class_list":["post-276","post","type-post","status-publish","format-standard","has-post-thumbnail","hentry","category-politica"],"yoast_head":"<!-- This site is optimized with the Yoast SEO plugin v26.5 - https:\/\/yoast.com\/wordpress\/plugins\/seo\/ -->\n<title>TSE rejeita mais uma quest\u00e3o preliminar; julgamento ser\u00e1 retomado amanh\u00e3 \u00e0s 9h - Not&iacute;cias em Destaque<\/title>\n<meta name=\"robots\" content=\"index, follow, max-snippet:-1, max-image-preview:large, max-video-preview:-1\" \/>\n<link rel=\"canonical\" href=\"https:\/\/noticiasemdestaque.com\/cd\/?p=276\" \/>\n<meta property=\"og:locale\" content=\"pt_BR\" \/>\n<meta property=\"og:type\" content=\"article\" \/>\n<meta property=\"og:title\" content=\"TSE rejeita mais uma quest\u00e3o preliminar; julgamento ser\u00e1 retomado amanh\u00e3 \u00e0s 9h - Not&iacute;cias em Destaque\" \/>\n<meta property=\"og:description\" content=\"&nbsp; Os ministros do Tribunal Superior Eleitoral (TSE) interromperam no in\u00edcio da tarde de hoje (7) o julgamento da a\u00e7\u00e3o que pede a cassa\u00e7\u00e3o da chapa Dilma-Temer, vencedora das elei\u00e7\u00f5es presidenciais de 2014. A sess\u00e3o ser\u00e1 retomada amanh\u00e3 (8), \u00e0s 9h. O tempo da sess\u00e3o de hoje foi ocupado principalmente pela manifesta\u00e7\u00e3o do relator da a\u00e7\u00e3o, Herman Benjamin, sobre tr\u00eas quest\u00f5es preliminares interpostas pelas defesas de Dilma Rousseff e de Michel Temer. Todas contestam a validade dos depoimentos de executivos da Odebrecht ao TSE. Dessas tr\u00eas quest\u00f5es preliminares trazidas a plen\u00e1rio nesta quarta-feira, os ministros rejeitaram uma, na qual os advogados de Dilma e Temer argumentava que trechos dos depoimentos de alguns executivos ao TSE n\u00e3o poderiam servir como provas, por terem sido vazados para a imprensa, tornando-se ilegais. A decis\u00e3o pela legalidade das provas foi un\u00e2nime. O relator tamb\u00e9m rejeitou as outras duas preliminares, defendendo a validade dos depoimentos e provas da empreiteira Odebrecht juntados ao processo . Na sess\u00e3o de amanh\u00e3, os outros seis ministros do TSE devem se manifestar sobre essas duas quest\u00f5es pendentes. Somente em seguida, deve come\u00e7ar a ser discutido o m\u00e9rito da a\u00e7\u00e3o. A expectativa \u00e9 que a sess\u00e3o de amanh\u00e3 dure o dia todo. O presidente do TSE, ministro Gilmar Mendes, disse que vai conversar com a presidente do Supremo Tribunal Federal (STF), C\u00e1rmen L\u00facia, sobre o cancelamento da sess\u00e3o do STF de amanh\u00e3 para que os ministros permane\u00e7am no julgamento da chapa Dilma-Temer. O julgamento deve se estender at\u00e9 a sexta-feira (9) e, se necess\u00e1rio, tamb\u00e9m no fim de semana. A\u00e7\u00e3o Ap\u00f3s as elei\u00e7\u00f5es de 2014, o PSDB entrou com a a\u00e7\u00e3o pedindo a cassa\u00e7\u00e3o da chapa Dilma-Temer, e o TSE come\u00e7ou a julgar suspeitas de irregularidade nos repasses a gr\u00e1ficas que prestaram servi\u00e7os para a campanha eleitoral de Dilma e Temer. Recentemente, Herman Benjamin decidiu incluir no processo o depoimento dos delatores ligados \u00e0 empreiteira Odebrecht, investigados na Opera\u00e7\u00e3o Lava Jato. Os delatores relataram que fizeram repasses ilegais para a campanha presidencial. Cariri em Destaque EBC\" \/>\n<meta property=\"og:url\" content=\"https:\/\/noticiasemdestaque.com\/cd\/?p=276\" \/>\n<meta property=\"og:site_name\" content=\"Not&iacute;cias em Destaque\" \/>\n<meta property=\"article:published_time\" content=\"2017-06-07T23:35:23+00:00\" \/>\n<meta property=\"og:image\" content=\"https:\/\/noticiasemdestaque.com\/cd\/wp-content\/uploads\/2017\/06\/DILMA-E-TEMER-1lkjhgfds.jpg\" \/>\n\t<meta property=\"og:image:width\" content=\"2000\" \/>\n\t<meta property=\"og:image:height\" content=\"1000\" \/>\n\t<meta property=\"og:image:type\" content=\"image\/jpeg\" \/>\n<meta name=\"author\" content=\"Not\u00edcias em Destaque\" \/>\n<meta name=\"twitter:card\" content=\"summary_large_image\" \/>\n<meta name=\"twitter:label1\" content=\"Escrito por\" \/>\n\t<meta name=\"twitter:data1\" content=\"Not\u00edcias em Destaque\" \/>\n\t<meta name=\"twitter:label2\" content=\"Est. tempo de leitura\" \/>\n\t<meta name=\"twitter:data2\" content=\"2 minutos\" \/>\n<script type=\"application\/ld+json\" class=\"yoast-schema-graph\">{\"@context\":\"https:\/\/schema.org\",\"@graph\":[{\"@type\":\"Article\",\"@id\":\"https:\/\/noticiasemdestaque.com\/cd\/?p=276#article\",\"isPartOf\":{\"@id\":\"https:\/\/noticiasemdestaque.com\/cd\/?p=276\"},\"author\":{\"name\":\"Not\u00edcias em Destaque\",\"@id\":\"https:\/\/noticiasemdestaque.com\/cd\/#\/schema\/person\/45ca272b3e1246ef14ebb78a48dbb218\"},\"headline\":\"TSE rejeita mais uma quest\u00e3o preliminar; julgamento ser\u00e1 retomado amanh\u00e3 \u00e0s 9h\",\"datePublished\":\"2017-06-07T23:35:23+00:00\",\"mainEntityOfPage\":{\"@id\":\"https:\/\/noticiasemdestaque.com\/cd\/?p=276\"},\"wordCount\":378,\"publisher\":{\"@id\":\"https:\/\/noticiasemdestaque.com\/cd\/#organization\"},\"image\":{\"@id\":\"https:\/\/noticiasemdestaque.com\/cd\/?p=276#primaryimage\"},\"thumbnailUrl\":\"https:\/\/noticiasemdestaque.com\/cd\/wp-content\/uploads\/2017\/06\/DILMA-E-TEMER-1lkjhgfds.jpg\",\"articleSection\":[\"Pol\u00edtica\"],\"inLanguage\":\"pt-BR\"},{\"@type\":\"WebPage\",\"@id\":\"https:\/\/noticiasemdestaque.com\/cd\/?p=276\",\"url\":\"https:\/\/noticiasemdestaque.com\/cd\/?p=276\",\"name\":\"TSE rejeita mais uma quest\u00e3o preliminar; julgamento ser\u00e1 retomado amanh\u00e3 \u00e0s 9h - Not&iacute;cias em Destaque\",\"isPartOf\":{\"@id\":\"https:\/\/noticiasemdestaque.com\/cd\/#website\"},\"primaryImageOfPage\":{\"@id\":\"https:\/\/noticiasemdestaque.com\/cd\/?p=276#primaryimage\"},\"image\":{\"@id\":\"https:\/\/noticiasemdestaque.com\/cd\/?p=276#primaryimage\"},\"thumbnailUrl\":\"https:\/\/noticiasemdestaque.com\/cd\/wp-content\/uploads\/2017\/06\/DILMA-E-TEMER-1lkjhgfds.jpg\",\"datePublished\":\"2017-06-07T23:35:23+00:00\",\"breadcrumb\":{\"@id\":\"https:\/\/noticiasemdestaque.com\/cd\/?p=276#breadcrumb\"},\"inLanguage\":\"pt-BR\",\"potentialAction\":[{\"@type\":\"ReadAction\",\"target\":[\"https:\/\/noticiasemdestaque.com\/cd\/?p=276\"]}]},{\"@type\":\"ImageObject\",\"inLanguage\":\"pt-BR\",\"@id\":\"https:\/\/noticiasemdestaque.com\/cd\/?p=276#primaryimage\",\"url\":\"https:\/\/noticiasemdestaque.com\/cd\/wp-content\/uploads\/2017\/06\/DILMA-E-TEMER-1lkjhgfds.jpg\",\"contentUrl\":\"https:\/\/noticiasemdestaque.com\/cd\/wp-content\/uploads\/2017\/06\/DILMA-E-TEMER-1lkjhgfds.jpg\",\"width\":2000,\"height\":1000},{\"@type\":\"BreadcrumbList\",\"@id\":\"https:\/\/noticiasemdestaque.com\/cd\/?p=276#breadcrumb\",\"itemListElement\":[{\"@type\":\"ListItem\",\"position\":1,\"name\":\"In\u00edcio\",\"item\":\"https:\/\/noticiasemdestaque.com\/cd\/\"},{\"@type\":\"ListItem\",\"position\":2,\"name\":\"TSE rejeita mais uma quest\u00e3o preliminar; julgamento ser\u00e1 retomado amanh\u00e3 \u00e0s 9h\"}]},{\"@type\":\"WebSite\",\"@id\":\"https:\/\/noticiasemdestaque.com\/cd\/#website\",\"url\":\"https:\/\/noticiasemdestaque.com\/cd\/\",\"name\":\"Not&iacute;cias em Destaque\",\"description\":\"\",\"publisher\":{\"@id\":\"https:\/\/noticiasemdestaque.com\/cd\/#organization\"},\"potentialAction\":[{\"@type\":\"SearchAction\",\"target\":{\"@type\":\"EntryPoint\",\"urlTemplate\":\"https:\/\/noticiasemdestaque.com\/cd\/?s={search_term_string}\"},\"query-input\":{\"@type\":\"PropertyValueSpecification\",\"valueRequired\":true,\"valueName\":\"search_term_string\"}}],\"inLanguage\":\"pt-BR\"},{\"@type\":\"Organization\",\"@id\":\"https:\/\/noticiasemdestaque.com\/cd\/#organization\",\"name\":\"Not\u00edcias em Destaque\",\"url\":\"https:\/\/noticiasemdestaque.com\/cd\/\",\"logo\":{\"@type\":\"ImageObject\",\"inLanguage\":\"pt-BR\",\"@id\":\"https:\/\/noticiasemdestaque.com\/cd\/#\/schema\/logo\/image\/\",\"url\":\"https:\/\/noticiasemdestaque.com\/cd\/wp-content\/uploads\/2022\/05\/imagem-base-noticiasemdestaque.png\",\"contentUrl\":\"https:\/\/noticiasemdestaque.com\/cd\/wp-content\/uploads\/2022\/05\/imagem-base-noticiasemdestaque.png\",\"width\":1200,\"height\":630,\"caption\":\"Not\u00edcias em Destaque\"},\"image\":{\"@id\":\"https:\/\/noticiasemdestaque.com\/cd\/#\/schema\/logo\/image\/\"}},{\"@type\":\"Person\",\"@id\":\"https:\/\/noticiasemdestaque.com\/cd\/#\/schema\/person\/45ca272b3e1246ef14ebb78a48dbb218\",\"name\":\"Not\u00edcias em Destaque\",\"url\":\"https:\/\/noticiasemdestaque.com\/cd\/?author=2\"}]}<\/script>\n<!-- \/ Yoast SEO plugin. -->","yoast_head_json":{"title":"TSE rejeita mais uma quest\u00e3o preliminar; julgamento ser\u00e1 retomado amanh\u00e3 \u00e0s 9h - Not&iacute;cias em Destaque","robots":{"index":"index","follow":"follow","max-snippet":"max-snippet:-1","max-image-preview":"max-image-preview:large","max-video-preview":"max-video-preview:-1"},"canonical":"https:\/\/noticiasemdestaque.com\/cd\/?p=276","og_locale":"pt_BR","og_type":"article","og_title":"TSE rejeita mais uma quest\u00e3o preliminar; julgamento ser\u00e1 retomado amanh\u00e3 \u00e0s 9h - Not&iacute;cias em Destaque","og_description":"&nbsp; Os ministros do Tribunal Superior Eleitoral (TSE) interromperam no in\u00edcio da tarde de hoje (7) o julgamento da a\u00e7\u00e3o que pede a cassa\u00e7\u00e3o da chapa Dilma-Temer, vencedora das elei\u00e7\u00f5es presidenciais de 2014. A sess\u00e3o ser\u00e1 retomada amanh\u00e3 (8), \u00e0s 9h. O tempo da sess\u00e3o de hoje foi ocupado principalmente pela manifesta\u00e7\u00e3o do relator da a\u00e7\u00e3o, Herman Benjamin, sobre tr\u00eas quest\u00f5es preliminares interpostas pelas defesas de Dilma Rousseff e de Michel Temer. Todas contestam a validade dos depoimentos de executivos da Odebrecht ao TSE. Dessas tr\u00eas quest\u00f5es preliminares trazidas a plen\u00e1rio nesta quarta-feira, os ministros rejeitaram uma, na qual os advogados de Dilma e Temer argumentava que trechos dos depoimentos de alguns executivos ao TSE n\u00e3o poderiam servir como provas, por terem sido vazados para a imprensa, tornando-se ilegais. A decis\u00e3o pela legalidade das provas foi un\u00e2nime. O relator tamb\u00e9m rejeitou as outras duas preliminares, defendendo a validade dos depoimentos e provas da empreiteira Odebrecht juntados ao processo . Na sess\u00e3o de amanh\u00e3, os outros seis ministros do TSE devem se manifestar sobre essas duas quest\u00f5es pendentes. Somente em seguida, deve come\u00e7ar a ser discutido o m\u00e9rito da a\u00e7\u00e3o. A expectativa \u00e9 que a sess\u00e3o de amanh\u00e3 dure o dia todo. O presidente do TSE, ministro Gilmar Mendes, disse que vai conversar com a presidente do Supremo Tribunal Federal (STF), C\u00e1rmen L\u00facia, sobre o cancelamento da sess\u00e3o do STF de amanh\u00e3 para que os ministros permane\u00e7am no julgamento da chapa Dilma-Temer. O julgamento deve se estender at\u00e9 a sexta-feira (9) e, se necess\u00e1rio, tamb\u00e9m no fim de semana. A\u00e7\u00e3o Ap\u00f3s as elei\u00e7\u00f5es de 2014, o PSDB entrou com a a\u00e7\u00e3o pedindo a cassa\u00e7\u00e3o da chapa Dilma-Temer, e o TSE come\u00e7ou a julgar suspeitas de irregularidade nos repasses a gr\u00e1ficas que prestaram servi\u00e7os para a campanha eleitoral de Dilma e Temer. Recentemente, Herman Benjamin decidiu incluir no processo o depoimento dos delatores ligados \u00e0 empreiteira Odebrecht, investigados na Opera\u00e7\u00e3o Lava Jato. Os delatores relataram que fizeram repasses ilegais para a campanha presidencial. Cariri em Destaque EBC","og_url":"https:\/\/noticiasemdestaque.com\/cd\/?p=276","og_site_name":"Not&iacute;cias em Destaque","article_published_time":"2017-06-07T23:35:23+00:00","og_image":[{"width":2000,"height":1000,"url":"https:\/\/noticiasemdestaque.com\/cd\/wp-content\/uploads\/2017\/06\/DILMA-E-TEMER-1lkjhgfds.jpg","type":"image\/jpeg"}],"author":"Not\u00edcias em Destaque","twitter_card":"summary_large_image","twitter_misc":{"Escrito por":"Not\u00edcias em Destaque","Est. tempo de leitura":"2 minutos"},"schema":{"@context":"https:\/\/schema.org","@graph":[{"@type":"Article","@id":"https:\/\/noticiasemdestaque.com\/cd\/?p=276#article","isPartOf":{"@id":"https:\/\/noticiasemdestaque.com\/cd\/?p=276"},"author":{"name":"Not\u00edcias em Destaque","@id":"https:\/\/noticiasemdestaque.com\/cd\/#\/schema\/person\/45ca272b3e1246ef14ebb78a48dbb218"},"headline":"TSE rejeita mais uma quest\u00e3o preliminar; julgamento ser\u00e1 retomado amanh\u00e3 \u00e0s 9h","datePublished":"2017-06-07T23:35:23+00:00","mainEntityOfPage":{"@id":"https:\/\/noticiasemdestaque.com\/cd\/?p=276"},"wordCount":378,"publisher":{"@id":"https:\/\/noticiasemdestaque.com\/cd\/#organization"},"image":{"@id":"https:\/\/noticiasemdestaque.com\/cd\/?p=276#primaryimage"},"thumbnailUrl":"https:\/\/noticiasemdestaque.com\/cd\/wp-content\/uploads\/2017\/06\/DILMA-E-TEMER-1lkjhgfds.jpg","articleSection":["Pol\u00edtica"],"inLanguage":"pt-BR"},{"@type":"WebPage","@id":"https:\/\/noticiasemdestaque.com\/cd\/?p=276","url":"https:\/\/noticiasemdestaque.com\/cd\/?p=276","name":"TSE rejeita mais uma quest\u00e3o preliminar; julgamento ser\u00e1 retomado amanh\u00e3 \u00e0s 9h - Not&iacute;cias em Destaque","isPartOf":{"@id":"https:\/\/noticiasemdestaque.com\/cd\/#website"},"primaryImageOfPage":{"@id":"https:\/\/noticiasemdestaque.com\/cd\/?p=276#primaryimage"},"image":{"@id":"https:\/\/noticiasemdestaque.com\/cd\/?p=276#primaryimage"},"thumbnailUrl":"https:\/\/noticiasemdestaque.com\/cd\/wp-content\/uploads\/2017\/06\/DILMA-E-TEMER-1lkjhgfds.jpg","datePublished":"2017-06-07T23:35:23+00:00","breadcrumb":{"@id":"https:\/\/noticiasemdestaque.com\/cd\/?p=276#breadcrumb"},"inLanguage":"pt-BR","potentialAction":[{"@type":"ReadAction","target":["https:\/\/noticiasemdestaque.com\/cd\/?p=276"]}]},{"@type":"ImageObject","inLanguage":"pt-BR","@id":"https:\/\/noticiasemdestaque.com\/cd\/?p=276#primaryimage","url":"https:\/\/noticiasemdestaque.com\/cd\/wp-content\/uploads\/2017\/06\/DILMA-E-TEMER-1lkjhgfds.jpg","contentUrl":"https:\/\/noticiasemdestaque.com\/cd\/wp-content\/uploads\/2017\/06\/DILMA-E-TEMER-1lkjhgfds.jpg","width":2000,"height":1000},{"@type":"BreadcrumbList","@id":"https:\/\/noticiasemdestaque.com\/cd\/?p=276#breadcrumb","itemListElement":[{"@type":"ListItem","position":1,"name":"In\u00edcio","item":"https:\/\/noticiasemdestaque.com\/cd\/"},{"@type":"ListItem","position":2,"name":"TSE rejeita mais uma quest\u00e3o preliminar; julgamento ser\u00e1 retomado amanh\u00e3 \u00e0s 9h"}]},{"@type":"WebSite","@id":"https:\/\/noticiasemdestaque.com\/cd\/#website","url":"https:\/\/noticiasemdestaque.com\/cd\/","name":"Not&iacute;cias em Destaque","description":"","publisher":{"@id":"https:\/\/noticiasemdestaque.com\/cd\/#organization"},"potentialAction":[{"@type":"SearchAction","target":{"@type":"EntryPoint","urlTemplate":"https:\/\/noticiasemdestaque.com\/cd\/?s={search_term_string}"},"query-input":{"@type":"PropertyValueSpecification","valueRequired":true,"valueName":"search_term_string"}}],"inLanguage":"pt-BR"},{"@type":"Organization","@id":"https:\/\/noticiasemdestaque.com\/cd\/#organization","name":"Not\u00edcias em Destaque","url":"https:\/\/noticiasemdestaque.com\/cd\/","logo":{"@type":"ImageObject","inLanguage":"pt-BR","@id":"https:\/\/noticiasemdestaque.com\/cd\/#\/schema\/logo\/image\/","url":"https:\/\/noticiasemdestaque.com\/cd\/wp-content\/uploads\/2022\/05\/imagem-base-noticiasemdestaque.png","contentUrl":"https:\/\/noticiasemdestaque.com\/cd\/wp-content\/uploads\/2022\/05\/imagem-base-noticiasemdestaque.png","width":1200,"height":630,"caption":"Not\u00edcias em Destaque"},"image":{"@id":"https:\/\/noticiasemdestaque.com\/cd\/#\/schema\/logo\/image\/"}},{"@type":"Person","@id":"https:\/\/noticiasemdestaque.com\/cd\/#\/schema\/person\/45ca272b3e1246ef14ebb78a48dbb218","name":"Not\u00edcias em Destaque","url":"https:\/\/noticiasemdestaque.com\/cd\/?author=2"}]}},"jetpack_featured_media_url":"https:\/\/noticiasemdestaque.com\/cd\/wp-content\/uploads\/2017\/06\/DILMA-E-TEMER-1lkjhgfds.jpg","jetpack_sharing_enabled":true,"_links":{"self":[{"href":"https:\/\/noticiasemdestaque.com\/cd\/index.php?rest_route=\/wp\/v2\/posts\/276","targetHints":{"allow":["GET"]}}],"collection":[{"href":"https:\/\/noticiasemdestaque.com\/cd\/index.php?rest_route=\/wp\/v2\/posts"}],"about":[{"href":"https:\/\/noticiasemdestaque.com\/cd\/index.php?rest_route=\/wp\/v2\/types\/post"}],"author":[{"embeddable":true,"href":"https:\/\/noticiasemdestaque.com\/cd\/index.php?rest_route=\/wp\/v2\/users\/2"}],"replies":[{"embeddable":true,"href":"https:\/\/noticiasemdestaque.com\/cd\/index.php?rest_route=%2Fwp%2Fv2%2Fcomments&post=276"}],"version-history":[{"count":1,"href":"https:\/\/noticiasemdestaque.com\/cd\/index.php?rest_route=\/wp\/v2\/posts\/276\/revisions"}],"predecessor-version":[{"id":278,"href":"https:\/\/noticiasemdestaque.com\/cd\/index.php?rest_route=\/wp\/v2\/posts\/276\/revisions\/278"}],"wp:featuredmedia":[{"embeddable":true,"href":"https:\/\/noticiasemdestaque.com\/cd\/index.php?rest_route=\/wp\/v2\/media\/277"}],"wp:attachment":[{"href":"https:\/\/noticiasemdestaque.com\/cd\/index.php?rest_route=%2Fwp%2Fv2%2Fmedia&parent=276"}],"wp:term":[{"taxonomy":"category","embeddable":true,"href":"https:\/\/noticiasemdestaque.com\/cd\/index.php?rest_route=%2Fwp%2Fv2%2Fcategories&post=276"},{"taxonomy":"post_tag","embeddable":true,"href":"https:\/\/noticiasemdestaque.com\/cd\/index.php?rest_route=%2Fwp%2Fv2%2Ftags&post=276"}],"curies":[{"name":"wp","href":"https:\/\/api.w.org\/{rel}","templated":true}]}}