{"id":27516,"date":"2020-11-16T10:47:26","date_gmt":"2020-11-16T13:47:26","guid":{"rendered":"http:\/\/noticiasemdestaque.com\/cd\/?p=27516"},"modified":"2020-11-16T10:47:26","modified_gmt":"2020-11-16T13:47:26","slug":"silvano-dudu-do-dem-e-eleito-em-caraubas-por-ser-mais-velho-apos-empatar-com-o-segundo-colocado","status":"publish","type":"post","link":"https:\/\/noticiasemdestaque.com\/cd\/?p=27516","title":{"rendered":"Silvano Dudu, do DEM, \u00e9 eleito em Cara\u00fabas por ser mais velho ap\u00f3s empatar com o segundo colocado"},"content":{"rendered":"<p><a href=\"https:\/\/noticiasemdestaque.com\/cd\/wp-content\/uploads\/2020\/11\/caraubas.jpg\"><img fetchpriority=\"high\" decoding=\"async\" class=\"size-medium wp-image-27517 aligncenter\" src=\"https:\/\/noticiasemdestaque.com\/cd\/wp-content\/uploads\/2020\/11\/caraubas-300x191.jpg\" alt=\"\" width=\"300\" height=\"191\" srcset=\"https:\/\/noticiasemdestaque.com\/cd\/wp-content\/uploads\/2020\/11\/caraubas-300x191.jpg 300w, https:\/\/noticiasemdestaque.com\/cd\/wp-content\/uploads\/2020\/11\/caraubas-768x489.jpg 768w, https:\/\/noticiasemdestaque.com\/cd\/wp-content\/uploads\/2020\/11\/caraubas.jpg 984w\" sizes=\"(max-width: 300px) 100vw, 300px\" \/><\/a><\/p>\n<p>O Munic\u00edpio de Cara\u00fabas, na Para\u00edba, terminou com a disputa para prefeito empatada. O atual prefeito Silvano Dudu (DEM) e Nerivan (MDB) tiveram exatamente 1.761 votos cada. No fim, contudo, Silvano foi reeleito por ser o mais velho dentre os dois.<\/p>\n<div class=\"mc-column content-text active-extra-styles \" data-block-type=\"unstyled\" data-block-weight=\"45\" data-block-id=\"4\">\n<p class=\"content-text__container \" data-track-category=\"Link no Texto\" data-track-links=\"\">Silvano Dudu nasceu em 12 de mar\u00e7o de 1968 e tem 52 anos. Nerivan, por sua vez, nasceu em 24 de novembro de 1985 e completa 35 anos em menos de dez dias. Foi essa a diferen\u00e7a de idade que definiu o pleito no munic\u00edpio.<\/p>\n<\/div>\n<div class=\"mc-column content-text active-extra-styles \" data-block-type=\"unstyled\" data-block-weight=\"16\" data-block-id=\"5\">\n<p class=\"content-text__container \" data-track-category=\"Link no Texto\" data-track-links=\"\">O detalhe \u00e9 que a cidade teve um terceiro candidato. Renivan (Rede) teve apenas 94 votos.<\/p>\n<\/div>\n<div data-track-category=\"multicontent\" data-track-action=\"ultimo chunk conteudo\" data-track-noninteraction=\"false\" data-track-scroll=\"view\">\n<div class=\"mc-column content-text active-extra-styles \" data-block-type=\"unstyled\" data-block-weight=\"15\" data-block-id=\"6\">\n<p class=\"content-text__container \" data-track-category=\"Link no Texto\" data-track-links=\"\">Cara\u00fabas ainda registrou 100 votos nulos e 28 votos brancos, totalizando 3.744 votos computados.<\/p>\n<p data-track-category=\"Link no Texto\" data-track-links=\"\"><em><strong>Not\u00edcias em Destaque<\/strong><\/em><\/p>\n<p data-track-category=\"Link no Texto\" data-track-links=\"\">Com G1<\/p>\n<\/div>\n<\/div>\n","protected":false},"excerpt":{"rendered":"<p>O Munic\u00edpio de Cara\u00fabas, na Para\u00edba, terminou com a disputa para prefeito empatada. O atual prefeito Silvano Dudu (DEM) e Nerivan (MDB) tiveram exatamente 1.761 votos cada. No fim, contudo, Silvano foi reeleito por ser o mais velho dentre os dois. Silvano Dudu nasceu em 12 de mar\u00e7o de 1968 e tem 52 anos. Nerivan, por sua vez, nasceu em 24 de novembro de 1985 e completa 35 anos em menos de dez dias. Foi essa a diferen\u00e7a de idade que definiu o pleito no munic\u00edpio. O detalhe \u00e9 que a cidade teve um terceiro candidato. Renivan (Rede) teve apenas 94 votos. Cara\u00fabas ainda registrou 100 votos nulos e 28 votos brancos, totalizando 3.744 votos computados. Not\u00edcias em Destaque Com G1<\/p>\n","protected":false},"author":2,"featured_media":27517,"comment_status":"closed","ping_status":"open","sticky":false,"template":"","format":"standard","meta":{"_eb_attr":"","_jetpack_memberships_contains_paid_content":false,"footnotes":""},"categories":[12],"tags":[],"class_list":["post-27516","post","type-post","status-publish","format-standard","has-post-thumbnail","hentry","category-geral"],"yoast_head":"<!-- This site is optimized with the Yoast SEO plugin v26.5 - https:\/\/yoast.com\/wordpress\/plugins\/seo\/ -->\n<title>Silvano Dudu, do DEM, \u00e9 eleito em Cara\u00fabas por ser mais velho ap\u00f3s empatar com o segundo colocado - Not&iacute;cias em Destaque<\/title>\n<meta name=\"robots\" content=\"index, follow, max-snippet:-1, max-image-preview:large, max-video-preview:-1\" \/>\n<link rel=\"canonical\" href=\"https:\/\/noticiasemdestaque.com\/cd\/?p=27516\" \/>\n<meta property=\"og:locale\" content=\"pt_BR\" \/>\n<meta property=\"og:type\" content=\"article\" \/>\n<meta property=\"og:title\" content=\"Silvano Dudu, do DEM, \u00e9 eleito em Cara\u00fabas por ser mais velho ap\u00f3s empatar com o segundo colocado - Not&iacute;cias em Destaque\" \/>\n<meta property=\"og:description\" content=\"O Munic\u00edpio de Cara\u00fabas, na Para\u00edba, terminou com a disputa para prefeito empatada. O atual prefeito Silvano Dudu (DEM) e Nerivan (MDB) tiveram exatamente 1.761 votos cada. No fim, contudo, Silvano foi reeleito por ser o mais velho dentre os dois. Silvano Dudu nasceu em 12 de mar\u00e7o de 1968 e tem 52 anos. Nerivan, por sua vez, nasceu em 24 de novembro de 1985 e completa 35 anos em menos de dez dias. Foi essa a diferen\u00e7a de idade que definiu o pleito no munic\u00edpio. O detalhe \u00e9 que a cidade teve um terceiro candidato. Renivan (Rede) teve apenas 94 votos. Cara\u00fabas ainda registrou 100 votos nulos e 28 votos brancos, totalizando 3.744 votos computados. Not\u00edcias em Destaque Com G1\" \/>\n<meta property=\"og:url\" content=\"https:\/\/noticiasemdestaque.com\/cd\/?p=27516\" \/>\n<meta property=\"og:site_name\" content=\"Not&iacute;cias em Destaque\" \/>\n<meta property=\"article:published_time\" content=\"2020-11-16T13:47:26+00:00\" \/>\n<meta property=\"og:image\" content=\"https:\/\/noticiasemdestaque.com\/cd\/wp-content\/uploads\/2020\/11\/caraubas.jpg\" \/>\n\t<meta property=\"og:image:width\" content=\"984\" \/>\n\t<meta property=\"og:image:height\" content=\"627\" \/>\n\t<meta property=\"og:image:type\" content=\"image\/jpeg\" \/>\n<meta name=\"author\" content=\"Not\u00edcias em Destaque\" \/>\n<meta name=\"twitter:card\" content=\"summary_large_image\" \/>\n<meta name=\"twitter:label1\" content=\"Escrito por\" \/>\n\t<meta name=\"twitter:data1\" content=\"Not\u00edcias em Destaque\" \/>\n\t<meta name=\"twitter:label2\" content=\"Est. tempo de leitura\" \/>\n\t<meta name=\"twitter:data2\" content=\"1 minuto\" \/>\n<script type=\"application\/ld+json\" class=\"yoast-schema-graph\">{\"@context\":\"https:\/\/schema.org\",\"@graph\":[{\"@type\":\"Article\",\"@id\":\"https:\/\/noticiasemdestaque.com\/cd\/?p=27516#article\",\"isPartOf\":{\"@id\":\"https:\/\/noticiasemdestaque.com\/cd\/?p=27516\"},\"author\":{\"name\":\"Not\u00edcias em Destaque\",\"@id\":\"https:\/\/noticiasemdestaque.com\/cd\/#\/schema\/person\/21320b03a7e8bb90128938dafc9b908a\"},\"headline\":\"Silvano Dudu, do DEM, \u00e9 eleito em Cara\u00fabas por ser mais velho ap\u00f3s empatar com o segundo colocado\",\"datePublished\":\"2020-11-16T13:47:26+00:00\",\"mainEntityOfPage\":{\"@id\":\"https:\/\/noticiasemdestaque.com\/cd\/?p=27516\"},\"wordCount\":136,\"publisher\":{\"@id\":\"https:\/\/noticiasemdestaque.com\/cd\/#organization\"},\"image\":{\"@id\":\"https:\/\/noticiasemdestaque.com\/cd\/?p=27516#primaryimage\"},\"thumbnailUrl\":\"https:\/\/noticiasemdestaque.com\/cd\/wp-content\/uploads\/2020\/11\/caraubas.jpg\",\"articleSection\":[\"Geral\"],\"inLanguage\":\"pt-BR\"},{\"@type\":\"WebPage\",\"@id\":\"https:\/\/noticiasemdestaque.com\/cd\/?p=27516\",\"url\":\"https:\/\/noticiasemdestaque.com\/cd\/?p=27516\",\"name\":\"Silvano Dudu, do DEM, \u00e9 eleito em Cara\u00fabas por ser mais velho ap\u00f3s empatar com o segundo colocado - Not&iacute;cias em Destaque\",\"isPartOf\":{\"@id\":\"https:\/\/noticiasemdestaque.com\/cd\/#website\"},\"primaryImageOfPage\":{\"@id\":\"https:\/\/noticiasemdestaque.com\/cd\/?p=27516#primaryimage\"},\"image\":{\"@id\":\"https:\/\/noticiasemdestaque.com\/cd\/?p=27516#primaryimage\"},\"thumbnailUrl\":\"https:\/\/noticiasemdestaque.com\/cd\/wp-content\/uploads\/2020\/11\/caraubas.jpg\",\"datePublished\":\"2020-11-16T13:47:26+00:00\",\"breadcrumb\":{\"@id\":\"https:\/\/noticiasemdestaque.com\/cd\/?p=27516#breadcrumb\"},\"inLanguage\":\"pt-BR\",\"potentialAction\":[{\"@type\":\"ReadAction\",\"target\":[\"https:\/\/noticiasemdestaque.com\/cd\/?p=27516\"]}]},{\"@type\":\"ImageObject\",\"inLanguage\":\"pt-BR\",\"@id\":\"https:\/\/noticiasemdestaque.com\/cd\/?p=27516#primaryimage\",\"url\":\"https:\/\/noticiasemdestaque.com\/cd\/wp-content\/uploads\/2020\/11\/caraubas.jpg\",\"contentUrl\":\"https:\/\/noticiasemdestaque.com\/cd\/wp-content\/uploads\/2020\/11\/caraubas.jpg\",\"width\":984,\"height\":627},{\"@type\":\"BreadcrumbList\",\"@id\":\"https:\/\/noticiasemdestaque.com\/cd\/?p=27516#breadcrumb\",\"itemListElement\":[{\"@type\":\"ListItem\",\"position\":1,\"name\":\"In\u00edcio\",\"item\":\"https:\/\/noticiasemdestaque.com\/cd\/\"},{\"@type\":\"ListItem\",\"position\":2,\"name\":\"Silvano Dudu, do DEM, \u00e9 eleito em Cara\u00fabas por ser mais velho ap\u00f3s empatar com o segundo colocado\"}]},{\"@type\":\"WebSite\",\"@id\":\"https:\/\/noticiasemdestaque.com\/cd\/#website\",\"url\":\"https:\/\/noticiasemdestaque.com\/cd\/\",\"name\":\"Not&iacute;cias em Destaque\",\"description\":\"\",\"publisher\":{\"@id\":\"https:\/\/noticiasemdestaque.com\/cd\/#organization\"},\"potentialAction\":[{\"@type\":\"SearchAction\",\"target\":{\"@type\":\"EntryPoint\",\"urlTemplate\":\"https:\/\/noticiasemdestaque.com\/cd\/?s={search_term_string}\"},\"query-input\":{\"@type\":\"PropertyValueSpecification\",\"valueRequired\":true,\"valueName\":\"search_term_string\"}}],\"inLanguage\":\"pt-BR\"},{\"@type\":\"Organization\",\"@id\":\"https:\/\/noticiasemdestaque.com\/cd\/#organization\",\"name\":\"Not\u00edcias em Destaque\",\"url\":\"https:\/\/noticiasemdestaque.com\/cd\/\",\"logo\":{\"@type\":\"ImageObject\",\"inLanguage\":\"pt-BR\",\"@id\":\"https:\/\/noticiasemdestaque.com\/cd\/#\/schema\/logo\/image\/\",\"url\":\"https:\/\/noticiasemdestaque.com\/cd\/wp-content\/uploads\/2022\/05\/imagem-base-noticiasemdestaque.png\",\"contentUrl\":\"https:\/\/noticiasemdestaque.com\/cd\/wp-content\/uploads\/2022\/05\/imagem-base-noticiasemdestaque.png\",\"width\":1200,\"height\":630,\"caption\":\"Not\u00edcias em Destaque\"},\"image\":{\"@id\":\"https:\/\/noticiasemdestaque.com\/cd\/#\/schema\/logo\/image\/\"}},{\"@type\":\"Person\",\"@id\":\"https:\/\/noticiasemdestaque.com\/cd\/#\/schema\/person\/21320b03a7e8bb90128938dafc9b908a\",\"name\":\"Not\u00edcias em Destaque\",\"url\":\"https:\/\/noticiasemdestaque.com\/cd\/?author=2\"}]}<\/script>\n<!-- \/ Yoast SEO plugin. -->","yoast_head_json":{"title":"Silvano Dudu, do DEM, \u00e9 eleito em Cara\u00fabas por ser mais velho ap\u00f3s empatar com o segundo colocado - Not&iacute;cias em Destaque","robots":{"index":"index","follow":"follow","max-snippet":"max-snippet:-1","max-image-preview":"max-image-preview:large","max-video-preview":"max-video-preview:-1"},"canonical":"https:\/\/noticiasemdestaque.com\/cd\/?p=27516","og_locale":"pt_BR","og_type":"article","og_title":"Silvano Dudu, do DEM, \u00e9 eleito em Cara\u00fabas por ser mais velho ap\u00f3s empatar com o segundo colocado - Not&iacute;cias em Destaque","og_description":"O Munic\u00edpio de Cara\u00fabas, na Para\u00edba, terminou com a disputa para prefeito empatada. O atual prefeito Silvano Dudu (DEM) e Nerivan (MDB) tiveram exatamente 1.761 votos cada. No fim, contudo, Silvano foi reeleito por ser o mais velho dentre os dois. Silvano Dudu nasceu em 12 de mar\u00e7o de 1968 e tem 52 anos. Nerivan, por sua vez, nasceu em 24 de novembro de 1985 e completa 35 anos em menos de dez dias. Foi essa a diferen\u00e7a de idade que definiu o pleito no munic\u00edpio. O detalhe \u00e9 que a cidade teve um terceiro candidato. Renivan (Rede) teve apenas 94 votos. Cara\u00fabas ainda registrou 100 votos nulos e 28 votos brancos, totalizando 3.744 votos computados. Not\u00edcias em Destaque Com G1","og_url":"https:\/\/noticiasemdestaque.com\/cd\/?p=27516","og_site_name":"Not&iacute;cias em Destaque","article_published_time":"2020-11-16T13:47:26+00:00","og_image":[{"width":984,"height":627,"url":"https:\/\/noticiasemdestaque.com\/cd\/wp-content\/uploads\/2020\/11\/caraubas.jpg","type":"image\/jpeg"}],"author":"Not\u00edcias em Destaque","twitter_card":"summary_large_image","twitter_misc":{"Escrito por":"Not\u00edcias em Destaque","Est. tempo de leitura":"1 minuto"},"schema":{"@context":"https:\/\/schema.org","@graph":[{"@type":"Article","@id":"https:\/\/noticiasemdestaque.com\/cd\/?p=27516#article","isPartOf":{"@id":"https:\/\/noticiasemdestaque.com\/cd\/?p=27516"},"author":{"name":"Not\u00edcias em Destaque","@id":"https:\/\/noticiasemdestaque.com\/cd\/#\/schema\/person\/21320b03a7e8bb90128938dafc9b908a"},"headline":"Silvano Dudu, do DEM, \u00e9 eleito em Cara\u00fabas por ser mais velho ap\u00f3s empatar com o segundo colocado","datePublished":"2020-11-16T13:47:26+00:00","mainEntityOfPage":{"@id":"https:\/\/noticiasemdestaque.com\/cd\/?p=27516"},"wordCount":136,"publisher":{"@id":"https:\/\/noticiasemdestaque.com\/cd\/#organization"},"image":{"@id":"https:\/\/noticiasemdestaque.com\/cd\/?p=27516#primaryimage"},"thumbnailUrl":"https:\/\/noticiasemdestaque.com\/cd\/wp-content\/uploads\/2020\/11\/caraubas.jpg","articleSection":["Geral"],"inLanguage":"pt-BR"},{"@type":"WebPage","@id":"https:\/\/noticiasemdestaque.com\/cd\/?p=27516","url":"https:\/\/noticiasemdestaque.com\/cd\/?p=27516","name":"Silvano Dudu, do DEM, \u00e9 eleito em Cara\u00fabas por ser mais velho ap\u00f3s empatar com o segundo colocado - Not&iacute;cias em Destaque","isPartOf":{"@id":"https:\/\/noticiasemdestaque.com\/cd\/#website"},"primaryImageOfPage":{"@id":"https:\/\/noticiasemdestaque.com\/cd\/?p=27516#primaryimage"},"image":{"@id":"https:\/\/noticiasemdestaque.com\/cd\/?p=27516#primaryimage"},"thumbnailUrl":"https:\/\/noticiasemdestaque.com\/cd\/wp-content\/uploads\/2020\/11\/caraubas.jpg","datePublished":"2020-11-16T13:47:26+00:00","breadcrumb":{"@id":"https:\/\/noticiasemdestaque.com\/cd\/?p=27516#breadcrumb"},"inLanguage":"pt-BR","potentialAction":[{"@type":"ReadAction","target":["https:\/\/noticiasemdestaque.com\/cd\/?p=27516"]}]},{"@type":"ImageObject","inLanguage":"pt-BR","@id":"https:\/\/noticiasemdestaque.com\/cd\/?p=27516#primaryimage","url":"https:\/\/noticiasemdestaque.com\/cd\/wp-content\/uploads\/2020\/11\/caraubas.jpg","contentUrl":"https:\/\/noticiasemdestaque.com\/cd\/wp-content\/uploads\/2020\/11\/caraubas.jpg","width":984,"height":627},{"@type":"BreadcrumbList","@id":"https:\/\/noticiasemdestaque.com\/cd\/?p=27516#breadcrumb","itemListElement":[{"@type":"ListItem","position":1,"name":"In\u00edcio","item":"https:\/\/noticiasemdestaque.com\/cd\/"},{"@type":"ListItem","position":2,"name":"Silvano Dudu, do DEM, \u00e9 eleito em Cara\u00fabas por ser mais velho ap\u00f3s empatar com o segundo colocado"}]},{"@type":"WebSite","@id":"https:\/\/noticiasemdestaque.com\/cd\/#website","url":"https:\/\/noticiasemdestaque.com\/cd\/","name":"Not&iacute;cias em Destaque","description":"","publisher":{"@id":"https:\/\/noticiasemdestaque.com\/cd\/#organization"},"potentialAction":[{"@type":"SearchAction","target":{"@type":"EntryPoint","urlTemplate":"https:\/\/noticiasemdestaque.com\/cd\/?s={search_term_string}"},"query-input":{"@type":"PropertyValueSpecification","valueRequired":true,"valueName":"search_term_string"}}],"inLanguage":"pt-BR"},{"@type":"Organization","@id":"https:\/\/noticiasemdestaque.com\/cd\/#organization","name":"Not\u00edcias em Destaque","url":"https:\/\/noticiasemdestaque.com\/cd\/","logo":{"@type":"ImageObject","inLanguage":"pt-BR","@id":"https:\/\/noticiasemdestaque.com\/cd\/#\/schema\/logo\/image\/","url":"https:\/\/noticiasemdestaque.com\/cd\/wp-content\/uploads\/2022\/05\/imagem-base-noticiasemdestaque.png","contentUrl":"https:\/\/noticiasemdestaque.com\/cd\/wp-content\/uploads\/2022\/05\/imagem-base-noticiasemdestaque.png","width":1200,"height":630,"caption":"Not\u00edcias em Destaque"},"image":{"@id":"https:\/\/noticiasemdestaque.com\/cd\/#\/schema\/logo\/image\/"}},{"@type":"Person","@id":"https:\/\/noticiasemdestaque.com\/cd\/#\/schema\/person\/21320b03a7e8bb90128938dafc9b908a","name":"Not\u00edcias em Destaque","url":"https:\/\/noticiasemdestaque.com\/cd\/?author=2"}]}},"jetpack_featured_media_url":"https:\/\/noticiasemdestaque.com\/cd\/wp-content\/uploads\/2020\/11\/caraubas.jpg","jetpack_sharing_enabled":true,"_links":{"self":[{"href":"https:\/\/noticiasemdestaque.com\/cd\/index.php?rest_route=\/wp\/v2\/posts\/27516","targetHints":{"allow":["GET"]}}],"collection":[{"href":"https:\/\/noticiasemdestaque.com\/cd\/index.php?rest_route=\/wp\/v2\/posts"}],"about":[{"href":"https:\/\/noticiasemdestaque.com\/cd\/index.php?rest_route=\/wp\/v2\/types\/post"}],"author":[{"embeddable":true,"href":"https:\/\/noticiasemdestaque.com\/cd\/index.php?rest_route=\/wp\/v2\/users\/2"}],"replies":[{"embeddable":true,"href":"https:\/\/noticiasemdestaque.com\/cd\/index.php?rest_route=%2Fwp%2Fv2%2Fcomments&post=27516"}],"version-history":[{"count":1,"href":"https:\/\/noticiasemdestaque.com\/cd\/index.php?rest_route=\/wp\/v2\/posts\/27516\/revisions"}],"predecessor-version":[{"id":27518,"href":"https:\/\/noticiasemdestaque.com\/cd\/index.php?rest_route=\/wp\/v2\/posts\/27516\/revisions\/27518"}],"wp:featuredmedia":[{"embeddable":true,"href":"https:\/\/noticiasemdestaque.com\/cd\/index.php?rest_route=\/wp\/v2\/media\/27517"}],"wp:attachment":[{"href":"https:\/\/noticiasemdestaque.com\/cd\/index.php?rest_route=%2Fwp%2Fv2%2Fmedia&parent=27516"}],"wp:term":[{"taxonomy":"category","embeddable":true,"href":"https:\/\/noticiasemdestaque.com\/cd\/index.php?rest_route=%2Fwp%2Fv2%2Fcategories&post=27516"},{"taxonomy":"post_tag","embeddable":true,"href":"https:\/\/noticiasemdestaque.com\/cd\/index.php?rest_route=%2Fwp%2Fv2%2Ftags&post=27516"}],"curies":[{"name":"wp","href":"https:\/\/api.w.org\/{rel}","templated":true}]}}