{"id":27510,"date":"2020-11-16T07:35:02","date_gmt":"2020-11-16T10:35:02","guid":{"rendered":"http:\/\/noticiasemdestaque.com\/cd\/?p=27510"},"modified":"2020-11-16T07:35:30","modified_gmt":"2020-11-16T10:35:30","slug":"em-sume-eden-e-manezinho-sao-eleitos","status":"publish","type":"post","link":"https:\/\/noticiasemdestaque.com\/cd\/?p=27510","title":{"rendered":"\u00c9den Duarte \u00e9 reeleito em Sum\u00e9"},"content":{"rendered":"<p><a href=\"https:\/\/noticiasemdestaque.com\/cd\/wp-content\/uploads\/2020\/11\/122508900_1508875142869908_2074945050536999604_o.jpg\"><img fetchpriority=\"high\" decoding=\"async\" class=\"size-medium wp-image-27511 aligncenter\" src=\"https:\/\/noticiasemdestaque.com\/cd\/wp-content\/uploads\/2020\/11\/122508900_1508875142869908_2074945050536999604_o-300x199.jpg\" alt=\"\" width=\"300\" height=\"199\" srcset=\"https:\/\/noticiasemdestaque.com\/cd\/wp-content\/uploads\/2020\/11\/122508900_1508875142869908_2074945050536999604_o-300x199.jpg 300w, https:\/\/noticiasemdestaque.com\/cd\/wp-content\/uploads\/2020\/11\/122508900_1508875142869908_2074945050536999604_o-1024x681.jpg 1024w, https:\/\/noticiasemdestaque.com\/cd\/wp-content\/uploads\/2020\/11\/122508900_1508875142869908_2074945050536999604_o-768x511.jpg 768w, https:\/\/noticiasemdestaque.com\/cd\/wp-content\/uploads\/2020\/11\/122508900_1508875142869908_2074945050536999604_o-1536x1021.jpg 1536w, https:\/\/noticiasemdestaque.com\/cd\/wp-content\/uploads\/2020\/11\/122508900_1508875142869908_2074945050536999604_o-480x320.jpg 480w, https:\/\/noticiasemdestaque.com\/cd\/wp-content\/uploads\/2020\/11\/122508900_1508875142869908_2074945050536999604_o.jpg 1692w\" sizes=\"(max-width: 300px) 100vw, 300px\" \/><\/a><\/p>\n<p>O ent\u00e3o prefeito e candidato \u00e0 reelei\u00e7\u00e3o \u00c9den Duarte venceu juntamente com o vice Mazinho a elei\u00e7\u00e3o, em Sum\u00e9.<\/p>\n<p id=\"E48\"><span id=\"E49\" class=\"qowt-font3-Georgia\">A chapa da coliga\u00e7\u00e3o \u201cA for\u00e7a do Trabalho\u201d teve <b>55,68% <\/b>(5.695)\u00a0dos votos v\u00e1lidos, derrotando Juan Pereira que obteve <strong>44,32%<\/strong> (4.533).\u00a0<\/span><\/p>\n<p id=\"E60\"><strong>Not\u00edcias em Destaque<\/strong><\/p>\n<p id=\"E63\"><span id=\"E64\" class=\"qowt-font3-Georgia\">Focando Para\u00edba <\/span><\/p>\n","protected":false},"excerpt":{"rendered":"<p>O ent\u00e3o prefeito e candidato \u00e0 reelei\u00e7\u00e3o \u00c9den Duarte venceu juntamente com o vice Mazinho a elei\u00e7\u00e3o, em Sum\u00e9. A chapa da coliga\u00e7\u00e3o \u201cA for\u00e7a do Trabalho\u201d teve 55,68% (5.695)\u00a0dos votos v\u00e1lidos, derrotando Juan Pereira que obteve 44,32% (4.533).\u00a0 Not\u00edcias em Destaque Focando Para\u00edba<\/p>\n","protected":false},"author":2,"featured_media":27511,"comment_status":"closed","ping_status":"open","sticky":false,"template":"","format":"standard","meta":{"_eb_attr":"","_jetpack_memberships_contains_paid_content":false,"footnotes":""},"categories":[3],"tags":[],"class_list":["post-27510","post","type-post","status-publish","format-standard","has-post-thumbnail","hentry","category-cidades"],"yoast_head":"<!-- This site is optimized with the Yoast SEO plugin v26.5 - https:\/\/yoast.com\/wordpress\/plugins\/seo\/ -->\n<title>\u00c9den Duarte \u00e9 reeleito em Sum\u00e9 - Not&iacute;cias em Destaque<\/title>\n<meta name=\"robots\" content=\"index, follow, max-snippet:-1, max-image-preview:large, max-video-preview:-1\" \/>\n<link rel=\"canonical\" href=\"https:\/\/noticiasemdestaque.com\/cd\/?p=27510\" \/>\n<meta property=\"og:locale\" content=\"pt_BR\" \/>\n<meta property=\"og:type\" content=\"article\" \/>\n<meta property=\"og:title\" content=\"\u00c9den Duarte \u00e9 reeleito em Sum\u00e9 - Not&iacute;cias em Destaque\" \/>\n<meta property=\"og:description\" content=\"O ent\u00e3o prefeito e candidato \u00e0 reelei\u00e7\u00e3o \u00c9den Duarte venceu juntamente com o vice Mazinho a elei\u00e7\u00e3o, em Sum\u00e9. A chapa da coliga\u00e7\u00e3o \u201cA for\u00e7a do Trabalho\u201d teve 55,68% (5.695)\u00a0dos votos v\u00e1lidos, derrotando Juan Pereira que obteve 44,32% (4.533).\u00a0 Not\u00edcias em Destaque Focando Para\u00edba\" \/>\n<meta property=\"og:url\" content=\"https:\/\/noticiasemdestaque.com\/cd\/?p=27510\" \/>\n<meta property=\"og:site_name\" content=\"Not&iacute;cias em Destaque\" \/>\n<meta property=\"article:published_time\" content=\"2020-11-16T10:35:02+00:00\" \/>\n<meta property=\"article:modified_time\" content=\"2020-11-16T10:35:30+00:00\" \/>\n<meta property=\"og:image\" content=\"https:\/\/noticiasemdestaque.com\/cd\/wp-content\/uploads\/2020\/11\/122508900_1508875142869908_2074945050536999604_o.jpg\" \/>\n\t<meta property=\"og:image:width\" content=\"1692\" \/>\n\t<meta property=\"og:image:height\" content=\"1125\" \/>\n\t<meta property=\"og:image:type\" content=\"image\/jpeg\" \/>\n<meta name=\"author\" content=\"Not\u00edcias em Destaque\" \/>\n<meta name=\"twitter:card\" content=\"summary_large_image\" \/>\n<meta name=\"twitter:label1\" content=\"Escrito por\" \/>\n\t<meta name=\"twitter:data1\" content=\"Not\u00edcias em Destaque\" \/>\n<script type=\"application\/ld+json\" class=\"yoast-schema-graph\">{\"@context\":\"https:\/\/schema.org\",\"@graph\":[{\"@type\":\"Article\",\"@id\":\"https:\/\/noticiasemdestaque.com\/cd\/?p=27510#article\",\"isPartOf\":{\"@id\":\"https:\/\/noticiasemdestaque.com\/cd\/?p=27510\"},\"author\":{\"name\":\"Not\u00edcias em Destaque\",\"@id\":\"https:\/\/noticiasemdestaque.com\/cd\/#\/schema\/person\/21320b03a7e8bb90128938dafc9b908a\"},\"headline\":\"\u00c9den Duarte \u00e9 reeleito em Sum\u00e9\",\"datePublished\":\"2020-11-16T10:35:02+00:00\",\"dateModified\":\"2020-11-16T10:35:30+00:00\",\"mainEntityOfPage\":{\"@id\":\"https:\/\/noticiasemdestaque.com\/cd\/?p=27510\"},\"wordCount\":53,\"publisher\":{\"@id\":\"https:\/\/noticiasemdestaque.com\/cd\/#organization\"},\"image\":{\"@id\":\"https:\/\/noticiasemdestaque.com\/cd\/?p=27510#primaryimage\"},\"thumbnailUrl\":\"https:\/\/noticiasemdestaque.com\/cd\/wp-content\/uploads\/2020\/11\/122508900_1508875142869908_2074945050536999604_o.jpg\",\"articleSection\":[\"Cidades\"],\"inLanguage\":\"pt-BR\"},{\"@type\":\"WebPage\",\"@id\":\"https:\/\/noticiasemdestaque.com\/cd\/?p=27510\",\"url\":\"https:\/\/noticiasemdestaque.com\/cd\/?p=27510\",\"name\":\"\u00c9den Duarte \u00e9 reeleito em Sum\u00e9 - Not&iacute;cias em Destaque\",\"isPartOf\":{\"@id\":\"https:\/\/noticiasemdestaque.com\/cd\/#website\"},\"primaryImageOfPage\":{\"@id\":\"https:\/\/noticiasemdestaque.com\/cd\/?p=27510#primaryimage\"},\"image\":{\"@id\":\"https:\/\/noticiasemdestaque.com\/cd\/?p=27510#primaryimage\"},\"thumbnailUrl\":\"https:\/\/noticiasemdestaque.com\/cd\/wp-content\/uploads\/2020\/11\/122508900_1508875142869908_2074945050536999604_o.jpg\",\"datePublished\":\"2020-11-16T10:35:02+00:00\",\"dateModified\":\"2020-11-16T10:35:30+00:00\",\"breadcrumb\":{\"@id\":\"https:\/\/noticiasemdestaque.com\/cd\/?p=27510#breadcrumb\"},\"inLanguage\":\"pt-BR\",\"potentialAction\":[{\"@type\":\"ReadAction\",\"target\":[\"https:\/\/noticiasemdestaque.com\/cd\/?p=27510\"]}]},{\"@type\":\"ImageObject\",\"inLanguage\":\"pt-BR\",\"@id\":\"https:\/\/noticiasemdestaque.com\/cd\/?p=27510#primaryimage\",\"url\":\"https:\/\/noticiasemdestaque.com\/cd\/wp-content\/uploads\/2020\/11\/122508900_1508875142869908_2074945050536999604_o.jpg\",\"contentUrl\":\"https:\/\/noticiasemdestaque.com\/cd\/wp-content\/uploads\/2020\/11\/122508900_1508875142869908_2074945050536999604_o.jpg\",\"width\":1692,\"height\":1125},{\"@type\":\"BreadcrumbList\",\"@id\":\"https:\/\/noticiasemdestaque.com\/cd\/?p=27510#breadcrumb\",\"itemListElement\":[{\"@type\":\"ListItem\",\"position\":1,\"name\":\"In\u00edcio\",\"item\":\"https:\/\/noticiasemdestaque.com\/cd\/\"},{\"@type\":\"ListItem\",\"position\":2,\"name\":\"\u00c9den Duarte \u00e9 reeleito em Sum\u00e9\"}]},{\"@type\":\"WebSite\",\"@id\":\"https:\/\/noticiasemdestaque.com\/cd\/#website\",\"url\":\"https:\/\/noticiasemdestaque.com\/cd\/\",\"name\":\"Not&iacute;cias em Destaque\",\"description\":\"\",\"publisher\":{\"@id\":\"https:\/\/noticiasemdestaque.com\/cd\/#organization\"},\"potentialAction\":[{\"@type\":\"SearchAction\",\"target\":{\"@type\":\"EntryPoint\",\"urlTemplate\":\"https:\/\/noticiasemdestaque.com\/cd\/?s={search_term_string}\"},\"query-input\":{\"@type\":\"PropertyValueSpecification\",\"valueRequired\":true,\"valueName\":\"search_term_string\"}}],\"inLanguage\":\"pt-BR\"},{\"@type\":\"Organization\",\"@id\":\"https:\/\/noticiasemdestaque.com\/cd\/#organization\",\"name\":\"Not\u00edcias em Destaque\",\"url\":\"https:\/\/noticiasemdestaque.com\/cd\/\",\"logo\":{\"@type\":\"ImageObject\",\"inLanguage\":\"pt-BR\",\"@id\":\"https:\/\/noticiasemdestaque.com\/cd\/#\/schema\/logo\/image\/\",\"url\":\"https:\/\/noticiasemdestaque.com\/cd\/wp-content\/uploads\/2022\/05\/imagem-base-noticiasemdestaque.png\",\"contentUrl\":\"https:\/\/noticiasemdestaque.com\/cd\/wp-content\/uploads\/2022\/05\/imagem-base-noticiasemdestaque.png\",\"width\":1200,\"height\":630,\"caption\":\"Not\u00edcias em Destaque\"},\"image\":{\"@id\":\"https:\/\/noticiasemdestaque.com\/cd\/#\/schema\/logo\/image\/\"}},{\"@type\":\"Person\",\"@id\":\"https:\/\/noticiasemdestaque.com\/cd\/#\/schema\/person\/21320b03a7e8bb90128938dafc9b908a\",\"name\":\"Not\u00edcias em Destaque\",\"url\":\"https:\/\/noticiasemdestaque.com\/cd\/?author=2\"}]}<\/script>\n<!-- \/ Yoast SEO plugin. -->","yoast_head_json":{"title":"\u00c9den Duarte \u00e9 reeleito em Sum\u00e9 - Not&iacute;cias em Destaque","robots":{"index":"index","follow":"follow","max-snippet":"max-snippet:-1","max-image-preview":"max-image-preview:large","max-video-preview":"max-video-preview:-1"},"canonical":"https:\/\/noticiasemdestaque.com\/cd\/?p=27510","og_locale":"pt_BR","og_type":"article","og_title":"\u00c9den Duarte \u00e9 reeleito em Sum\u00e9 - Not&iacute;cias em Destaque","og_description":"O ent\u00e3o prefeito e candidato \u00e0 reelei\u00e7\u00e3o \u00c9den Duarte venceu juntamente com o vice Mazinho a elei\u00e7\u00e3o, em Sum\u00e9. A chapa da coliga\u00e7\u00e3o \u201cA for\u00e7a do Trabalho\u201d teve 55,68% (5.695)\u00a0dos votos v\u00e1lidos, derrotando Juan Pereira que obteve 44,32% (4.533).\u00a0 Not\u00edcias em Destaque Focando Para\u00edba","og_url":"https:\/\/noticiasemdestaque.com\/cd\/?p=27510","og_site_name":"Not&iacute;cias em Destaque","article_published_time":"2020-11-16T10:35:02+00:00","article_modified_time":"2020-11-16T10:35:30+00:00","og_image":[{"width":1692,"height":1125,"url":"https:\/\/noticiasemdestaque.com\/cd\/wp-content\/uploads\/2020\/11\/122508900_1508875142869908_2074945050536999604_o.jpg","type":"image\/jpeg"}],"author":"Not\u00edcias em Destaque","twitter_card":"summary_large_image","twitter_misc":{"Escrito por":"Not\u00edcias em Destaque"},"schema":{"@context":"https:\/\/schema.org","@graph":[{"@type":"Article","@id":"https:\/\/noticiasemdestaque.com\/cd\/?p=27510#article","isPartOf":{"@id":"https:\/\/noticiasemdestaque.com\/cd\/?p=27510"},"author":{"name":"Not\u00edcias em Destaque","@id":"https:\/\/noticiasemdestaque.com\/cd\/#\/schema\/person\/21320b03a7e8bb90128938dafc9b908a"},"headline":"\u00c9den Duarte \u00e9 reeleito em Sum\u00e9","datePublished":"2020-11-16T10:35:02+00:00","dateModified":"2020-11-16T10:35:30+00:00","mainEntityOfPage":{"@id":"https:\/\/noticiasemdestaque.com\/cd\/?p=27510"},"wordCount":53,"publisher":{"@id":"https:\/\/noticiasemdestaque.com\/cd\/#organization"},"image":{"@id":"https:\/\/noticiasemdestaque.com\/cd\/?p=27510#primaryimage"},"thumbnailUrl":"https:\/\/noticiasemdestaque.com\/cd\/wp-content\/uploads\/2020\/11\/122508900_1508875142869908_2074945050536999604_o.jpg","articleSection":["Cidades"],"inLanguage":"pt-BR"},{"@type":"WebPage","@id":"https:\/\/noticiasemdestaque.com\/cd\/?p=27510","url":"https:\/\/noticiasemdestaque.com\/cd\/?p=27510","name":"\u00c9den Duarte \u00e9 reeleito em Sum\u00e9 - Not&iacute;cias em Destaque","isPartOf":{"@id":"https:\/\/noticiasemdestaque.com\/cd\/#website"},"primaryImageOfPage":{"@id":"https:\/\/noticiasemdestaque.com\/cd\/?p=27510#primaryimage"},"image":{"@id":"https:\/\/noticiasemdestaque.com\/cd\/?p=27510#primaryimage"},"thumbnailUrl":"https:\/\/noticiasemdestaque.com\/cd\/wp-content\/uploads\/2020\/11\/122508900_1508875142869908_2074945050536999604_o.jpg","datePublished":"2020-11-16T10:35:02+00:00","dateModified":"2020-11-16T10:35:30+00:00","breadcrumb":{"@id":"https:\/\/noticiasemdestaque.com\/cd\/?p=27510#breadcrumb"},"inLanguage":"pt-BR","potentialAction":[{"@type":"ReadAction","target":["https:\/\/noticiasemdestaque.com\/cd\/?p=27510"]}]},{"@type":"ImageObject","inLanguage":"pt-BR","@id":"https:\/\/noticiasemdestaque.com\/cd\/?p=27510#primaryimage","url":"https:\/\/noticiasemdestaque.com\/cd\/wp-content\/uploads\/2020\/11\/122508900_1508875142869908_2074945050536999604_o.jpg","contentUrl":"https:\/\/noticiasemdestaque.com\/cd\/wp-content\/uploads\/2020\/11\/122508900_1508875142869908_2074945050536999604_o.jpg","width":1692,"height":1125},{"@type":"BreadcrumbList","@id":"https:\/\/noticiasemdestaque.com\/cd\/?p=27510#breadcrumb","itemListElement":[{"@type":"ListItem","position":1,"name":"In\u00edcio","item":"https:\/\/noticiasemdestaque.com\/cd\/"},{"@type":"ListItem","position":2,"name":"\u00c9den Duarte \u00e9 reeleito em Sum\u00e9"}]},{"@type":"WebSite","@id":"https:\/\/noticiasemdestaque.com\/cd\/#website","url":"https:\/\/noticiasemdestaque.com\/cd\/","name":"Not&iacute;cias em Destaque","description":"","publisher":{"@id":"https:\/\/noticiasemdestaque.com\/cd\/#organization"},"potentialAction":[{"@type":"SearchAction","target":{"@type":"EntryPoint","urlTemplate":"https:\/\/noticiasemdestaque.com\/cd\/?s={search_term_string}"},"query-input":{"@type":"PropertyValueSpecification","valueRequired":true,"valueName":"search_term_string"}}],"inLanguage":"pt-BR"},{"@type":"Organization","@id":"https:\/\/noticiasemdestaque.com\/cd\/#organization","name":"Not\u00edcias em Destaque","url":"https:\/\/noticiasemdestaque.com\/cd\/","logo":{"@type":"ImageObject","inLanguage":"pt-BR","@id":"https:\/\/noticiasemdestaque.com\/cd\/#\/schema\/logo\/image\/","url":"https:\/\/noticiasemdestaque.com\/cd\/wp-content\/uploads\/2022\/05\/imagem-base-noticiasemdestaque.png","contentUrl":"https:\/\/noticiasemdestaque.com\/cd\/wp-content\/uploads\/2022\/05\/imagem-base-noticiasemdestaque.png","width":1200,"height":630,"caption":"Not\u00edcias em Destaque"},"image":{"@id":"https:\/\/noticiasemdestaque.com\/cd\/#\/schema\/logo\/image\/"}},{"@type":"Person","@id":"https:\/\/noticiasemdestaque.com\/cd\/#\/schema\/person\/21320b03a7e8bb90128938dafc9b908a","name":"Not\u00edcias em Destaque","url":"https:\/\/noticiasemdestaque.com\/cd\/?author=2"}]}},"jetpack_featured_media_url":"https:\/\/noticiasemdestaque.com\/cd\/wp-content\/uploads\/2020\/11\/122508900_1508875142869908_2074945050536999604_o.jpg","jetpack_sharing_enabled":true,"_links":{"self":[{"href":"https:\/\/noticiasemdestaque.com\/cd\/index.php?rest_route=\/wp\/v2\/posts\/27510","targetHints":{"allow":["GET"]}}],"collection":[{"href":"https:\/\/noticiasemdestaque.com\/cd\/index.php?rest_route=\/wp\/v2\/posts"}],"about":[{"href":"https:\/\/noticiasemdestaque.com\/cd\/index.php?rest_route=\/wp\/v2\/types\/post"}],"author":[{"embeddable":true,"href":"https:\/\/noticiasemdestaque.com\/cd\/index.php?rest_route=\/wp\/v2\/users\/2"}],"replies":[{"embeddable":true,"href":"https:\/\/noticiasemdestaque.com\/cd\/index.php?rest_route=%2Fwp%2Fv2%2Fcomments&post=27510"}],"version-history":[{"count":2,"href":"https:\/\/noticiasemdestaque.com\/cd\/index.php?rest_route=\/wp\/v2\/posts\/27510\/revisions"}],"predecessor-version":[{"id":27513,"href":"https:\/\/noticiasemdestaque.com\/cd\/index.php?rest_route=\/wp\/v2\/posts\/27510\/revisions\/27513"}],"wp:featuredmedia":[{"embeddable":true,"href":"https:\/\/noticiasemdestaque.com\/cd\/index.php?rest_route=\/wp\/v2\/media\/27511"}],"wp:attachment":[{"href":"https:\/\/noticiasemdestaque.com\/cd\/index.php?rest_route=%2Fwp%2Fv2%2Fmedia&parent=27510"}],"wp:term":[{"taxonomy":"category","embeddable":true,"href":"https:\/\/noticiasemdestaque.com\/cd\/index.php?rest_route=%2Fwp%2Fv2%2Fcategories&post=27510"},{"taxonomy":"post_tag","embeddable":true,"href":"https:\/\/noticiasemdestaque.com\/cd\/index.php?rest_route=%2Fwp%2Fv2%2Ftags&post=27510"}],"curies":[{"name":"wp","href":"https:\/\/api.w.org\/{rel}","templated":true}]}}