{"id":2750,"date":"2017-08-07T10:25:27","date_gmt":"2017-08-07T13:25:27","guid":{"rendered":"http:\/\/caririemdestaque.com\/cd\/?p=2750"},"modified":"2017-08-07T10:25:27","modified_gmt":"2017-08-07T13:25:27","slug":"eden-solicita-nova-viatura-da-pm-cobra-reabertura-do-banco-do-brasil-e-firma-parceria-com-a-cagepa","status":"publish","type":"post","link":"https:\/\/noticiasemdestaque.com\/cd\/?p=2750","title":{"rendered":"\u00c9den solicita nova viatura da PM, cobra reabertura do Banco do Brasil e firma parceria com a Cagepa"},"content":{"rendered":"<p><a href=\"http:\/\/caririemdestaque.com\/cd\/wp-content\/uploads\/2017\/08\/IMG-20170805-WA0006.jpg\"><img fetchpriority=\"high\" decoding=\"async\" class=\"size-medium wp-image-2751 alignleft\" src=\"http:\/\/caririemdestaque.com\/cd\/wp-content\/uploads\/2017\/08\/IMG-20170805-WA0006-300x225.jpg\" alt=\"\" width=\"300\" height=\"225\" srcset=\"https:\/\/noticiasemdestaque.com\/cd\/wp-content\/uploads\/2017\/08\/IMG-20170805-WA0006-300x225.jpg 300w, https:\/\/noticiasemdestaque.com\/cd\/wp-content\/uploads\/2017\/08\/IMG-20170805-WA0006-768x576.jpg 768w, https:\/\/noticiasemdestaque.com\/cd\/wp-content\/uploads\/2017\/08\/IMG-20170805-WA0006-640x480.jpg 640w, https:\/\/noticiasemdestaque.com\/cd\/wp-content\/uploads\/2017\/08\/IMG-20170805-WA0006.jpg 960w\" sizes=\"(max-width: 300px) 100vw, 300px\" \/><\/a>O prefeito \u00c9den Duarte cumpriu na semana passada uma extensa agenda em Jo\u00e3o Pessoa. Ele esteve ao lado do deputado Branco Mendes participando de uma reuni\u00e3o na sede da Cagepa onde solicitou agilidade na liga\u00e7\u00e3o da \u00e1gua para uma faculdade de ensino superior que est\u00e1 sendo implantada no munic\u00edpio.<\/p>\n<p>Na Cagepa, \u00c9den tamb\u00e9m firmou um conv\u00eanio para que a institui\u00e7\u00e3o fa\u00e7a a fiscaliza\u00e7\u00e3o na obra do esgotamento sanit\u00e1rio que est\u00e1 em execu\u00e7\u00e3o e marcou uma reuni\u00e3o com o diretor Sim\u00e3o Almeida para tratar sobre a expans\u00e3o da rede em algumas localidades do munic\u00edpio.<\/p>\n<p>Ao lado do deputado Branco Mendes e da secret\u00e1ria de Assist\u00eancia Social do munic\u00edpio, Tanniery L\u00eala, o prefeito esteve participando de uma reuni\u00e3o com a secret\u00e1ria de Desenvolvimento Humano da Para\u00edba, Cida Ramos, onde foi apresentado a ela alguns pleitos para o Abrigo de Idosos Ros\u00e1lia Paulino, para que atrav\u00e9s do projeto \u201cAcolher\u201d, possam ser feitos investimentos de manuten\u00e7\u00e3o e reforma do local.<\/p>\n<p>Ainda em Jo\u00e3o Pessoa, o prefeito e o deputado Branco estiveram reunidos com o comandante-geral da Pol\u00edcia Militar da Para\u00edba, coronel Euller de Assis Chaves, para que possa ser viabilizado mais uma viatura para Sum\u00e9, al\u00e9m de tratar sobre a instala\u00e7\u00e3o de c\u00e2meras de seguran\u00e7a em locais estrat\u00e9gicos na cidade.<\/p>\n<p>\u00c9den tamb\u00e9m manteve contato com a dire\u00e7\u00e3o do Banco do Brasil para cobrar mais uma vez o funcionamento da ag\u00eancia com numer\u00e1rio, o prefeito foi informado pelo banco que ainda falta a aquisi\u00e7\u00e3o do cofre para a retomada dos servi\u00e7os.<\/p>\n<p>Ou\u00e7a entrevista com o prefeito \u00c9den Duarte:<\/p>\n<p><iframe src=\"https:\/\/w.soundcloud.com\/player\/?url=https%3A\/\/api.soundcloud.com\/tracks\/336831852&amp;color=ff5500&amp;auto_play=false&amp;hide_related=false&amp;show_comments=true&amp;show_user=true&amp;show_reposts=false\" width=\"100%\" height=\"166\" frameborder=\"no\" scrolling=\"no\"><\/iframe><\/p>\n<p>O Deputado Brancos Mendes tamb\u00e9m conversou com a nossa reportagem sobre a agenda com o prefeito \u00c9den Duarte, ou\u00e7a:<\/p>\n<p><iframe src=\"https:\/\/w.soundcloud.com\/player\/?url=https%3A\/\/api.soundcloud.com\/tracks\/336832075&amp;color=ff5500&amp;auto_play=false&amp;hide_related=false&amp;show_comments=true&amp;show_user=true&amp;show_reposts=false\" width=\"100%\" height=\"166\" frameborder=\"no\" scrolling=\"no\"><\/iframe><\/p>\n<p><em><strong>Cariri em Destaque<\/strong><\/em><\/p>\n<p>Ascom<\/p>\n","protected":false},"excerpt":{"rendered":"<p>O prefeito \u00c9den Duarte cumpriu na semana passada uma extensa agenda em Jo\u00e3o Pessoa. Ele esteve ao lado do deputado Branco Mendes participando de uma reuni\u00e3o na sede da Cagepa onde solicitou agilidade na liga\u00e7\u00e3o da \u00e1gua para uma faculdade de ensino superior que est\u00e1 sendo implantada no munic\u00edpio. Na Cagepa, \u00c9den tamb\u00e9m firmou um conv\u00eanio para que a institui\u00e7\u00e3o fa\u00e7a a fiscaliza\u00e7\u00e3o na obra do esgotamento sanit\u00e1rio que est\u00e1 em execu\u00e7\u00e3o e marcou uma reuni\u00e3o com o diretor Sim\u00e3o Almeida para tratar sobre a expans\u00e3o da rede em algumas localidades do munic\u00edpio. Ao lado do deputado Branco Mendes e da secret\u00e1ria de Assist\u00eancia Social do munic\u00edpio, Tanniery L\u00eala, o prefeito esteve participando de uma reuni\u00e3o com a secret\u00e1ria de Desenvolvimento Humano da Para\u00edba, Cida Ramos, onde foi apresentado a ela alguns pleitos para o Abrigo de Idosos Ros\u00e1lia Paulino, para que atrav\u00e9s do projeto \u201cAcolher\u201d, possam ser feitos investimentos de manuten\u00e7\u00e3o e reforma do local. Ainda em Jo\u00e3o Pessoa, o prefeito e o deputado Branco estiveram reunidos com o comandante-geral da Pol\u00edcia Militar da Para\u00edba, coronel Euller de Assis Chaves, para que possa ser viabilizado mais uma viatura para Sum\u00e9, al\u00e9m de tratar sobre a instala\u00e7\u00e3o de c\u00e2meras de seguran\u00e7a em locais estrat\u00e9gicos na cidade. \u00c9den tamb\u00e9m manteve contato com a dire\u00e7\u00e3o do Banco do Brasil para cobrar mais uma vez o funcionamento da ag\u00eancia com numer\u00e1rio, o prefeito foi informado pelo banco que ainda falta a aquisi\u00e7\u00e3o do cofre para a retomada dos servi\u00e7os. Ou\u00e7a entrevista com o prefeito \u00c9den Duarte: O Deputado Brancos Mendes tamb\u00e9m conversou com a nossa reportagem sobre a agenda com o prefeito \u00c9den Duarte, ou\u00e7a: Cariri em Destaque Ascom<\/p>\n","protected":false},"author":2,"featured_media":2751,"comment_status":"closed","ping_status":"open","sticky":false,"template":"","format":"standard","meta":{"_eb_attr":"","_jetpack_memberships_contains_paid_content":false,"footnotes":""},"categories":[3],"tags":[],"class_list":["post-2750","post","type-post","status-publish","format-standard","has-post-thumbnail","hentry","category-cidades"],"yoast_head":"<!-- This site is optimized with the Yoast SEO plugin v26.5 - https:\/\/yoast.com\/wordpress\/plugins\/seo\/ -->\n<title>\u00c9den solicita nova viatura da PM, cobra reabertura do Banco do Brasil e firma parceria com a Cagepa - Not&iacute;cias em Destaque<\/title>\n<meta name=\"robots\" content=\"index, follow, max-snippet:-1, max-image-preview:large, max-video-preview:-1\" \/>\n<link rel=\"canonical\" href=\"https:\/\/noticiasemdestaque.com\/cd\/?p=2750\" \/>\n<meta property=\"og:locale\" content=\"pt_BR\" \/>\n<meta property=\"og:type\" content=\"article\" \/>\n<meta property=\"og:title\" content=\"\u00c9den solicita nova viatura da PM, cobra reabertura do Banco do Brasil e firma parceria com a Cagepa - Not&iacute;cias em Destaque\" \/>\n<meta property=\"og:description\" content=\"O prefeito \u00c9den Duarte cumpriu na semana passada uma extensa agenda em Jo\u00e3o Pessoa. Ele esteve ao lado do deputado Branco Mendes participando de uma reuni\u00e3o na sede da Cagepa onde solicitou agilidade na liga\u00e7\u00e3o da \u00e1gua para uma faculdade de ensino superior que est\u00e1 sendo implantada no munic\u00edpio. Na Cagepa, \u00c9den tamb\u00e9m firmou um conv\u00eanio para que a institui\u00e7\u00e3o fa\u00e7a a fiscaliza\u00e7\u00e3o na obra do esgotamento sanit\u00e1rio que est\u00e1 em execu\u00e7\u00e3o e marcou uma reuni\u00e3o com o diretor Sim\u00e3o Almeida para tratar sobre a expans\u00e3o da rede em algumas localidades do munic\u00edpio. Ao lado do deputado Branco Mendes e da secret\u00e1ria de Assist\u00eancia Social do munic\u00edpio, Tanniery L\u00eala, o prefeito esteve participando de uma reuni\u00e3o com a secret\u00e1ria de Desenvolvimento Humano da Para\u00edba, Cida Ramos, onde foi apresentado a ela alguns pleitos para o Abrigo de Idosos Ros\u00e1lia Paulino, para que atrav\u00e9s do projeto \u201cAcolher\u201d, possam ser feitos investimentos de manuten\u00e7\u00e3o e reforma do local. Ainda em Jo\u00e3o Pessoa, o prefeito e o deputado Branco estiveram reunidos com o comandante-geral da Pol\u00edcia Militar da Para\u00edba, coronel Euller de Assis Chaves, para que possa ser viabilizado mais uma viatura para Sum\u00e9, al\u00e9m de tratar sobre a instala\u00e7\u00e3o de c\u00e2meras de seguran\u00e7a em locais estrat\u00e9gicos na cidade. \u00c9den tamb\u00e9m manteve contato com a dire\u00e7\u00e3o do Banco do Brasil para cobrar mais uma vez o funcionamento da ag\u00eancia com numer\u00e1rio, o prefeito foi informado pelo banco que ainda falta a aquisi\u00e7\u00e3o do cofre para a retomada dos servi\u00e7os. Ou\u00e7a entrevista com o prefeito \u00c9den Duarte: O Deputado Brancos Mendes tamb\u00e9m conversou com a nossa reportagem sobre a agenda com o prefeito \u00c9den Duarte, ou\u00e7a: Cariri em Destaque Ascom\" \/>\n<meta property=\"og:url\" content=\"https:\/\/noticiasemdestaque.com\/cd\/?p=2750\" \/>\n<meta property=\"og:site_name\" content=\"Not&iacute;cias em Destaque\" \/>\n<meta property=\"article:published_time\" content=\"2017-08-07T13:25:27+00:00\" \/>\n<meta property=\"og:image\" content=\"https:\/\/noticiasemdestaque.com\/cd\/wp-content\/uploads\/2017\/08\/IMG-20170805-WA0006.jpg\" \/>\n\t<meta property=\"og:image:width\" content=\"960\" \/>\n\t<meta property=\"og:image:height\" content=\"720\" \/>\n\t<meta property=\"og:image:type\" content=\"image\/jpeg\" \/>\n<meta name=\"author\" content=\"Not\u00edcias em Destaque\" \/>\n<meta name=\"twitter:card\" content=\"summary_large_image\" \/>\n<meta name=\"twitter:label1\" content=\"Escrito por\" \/>\n\t<meta name=\"twitter:data1\" content=\"Not\u00edcias em Destaque\" \/>\n\t<meta name=\"twitter:label2\" content=\"Est. tempo de leitura\" \/>\n\t<meta name=\"twitter:data2\" content=\"2 minutos\" \/>\n<script type=\"application\/ld+json\" class=\"yoast-schema-graph\">{\"@context\":\"https:\/\/schema.org\",\"@graph\":[{\"@type\":\"Article\",\"@id\":\"https:\/\/noticiasemdestaque.com\/cd\/?p=2750#article\",\"isPartOf\":{\"@id\":\"https:\/\/noticiasemdestaque.com\/cd\/?p=2750\"},\"author\":{\"name\":\"Not\u00edcias em Destaque\",\"@id\":\"https:\/\/noticiasemdestaque.com\/cd\/#\/schema\/person\/4a81fb71f77579d059c3045891fa1786\"},\"headline\":\"\u00c9den solicita nova viatura da PM, cobra reabertura do Banco do Brasil e firma parceria com a Cagepa\",\"datePublished\":\"2017-08-07T13:25:27+00:00\",\"mainEntityOfPage\":{\"@id\":\"https:\/\/noticiasemdestaque.com\/cd\/?p=2750\"},\"wordCount\":336,\"publisher\":{\"@id\":\"https:\/\/noticiasemdestaque.com\/cd\/#organization\"},\"image\":{\"@id\":\"https:\/\/noticiasemdestaque.com\/cd\/?p=2750#primaryimage\"},\"thumbnailUrl\":\"https:\/\/noticiasemdestaque.com\/cd\/wp-content\/uploads\/2017\/08\/IMG-20170805-WA0006.jpg\",\"articleSection\":[\"Cidades\"],\"inLanguage\":\"pt-BR\"},{\"@type\":\"WebPage\",\"@id\":\"https:\/\/noticiasemdestaque.com\/cd\/?p=2750\",\"url\":\"https:\/\/noticiasemdestaque.com\/cd\/?p=2750\",\"name\":\"\u00c9den solicita nova viatura da PM, cobra reabertura do Banco do Brasil e firma parceria com a Cagepa - Not&iacute;cias em Destaque\",\"isPartOf\":{\"@id\":\"https:\/\/noticiasemdestaque.com\/cd\/#website\"},\"primaryImageOfPage\":{\"@id\":\"https:\/\/noticiasemdestaque.com\/cd\/?p=2750#primaryimage\"},\"image\":{\"@id\":\"https:\/\/noticiasemdestaque.com\/cd\/?p=2750#primaryimage\"},\"thumbnailUrl\":\"https:\/\/noticiasemdestaque.com\/cd\/wp-content\/uploads\/2017\/08\/IMG-20170805-WA0006.jpg\",\"datePublished\":\"2017-08-07T13:25:27+00:00\",\"breadcrumb\":{\"@id\":\"https:\/\/noticiasemdestaque.com\/cd\/?p=2750#breadcrumb\"},\"inLanguage\":\"pt-BR\",\"potentialAction\":[{\"@type\":\"ReadAction\",\"target\":[\"https:\/\/noticiasemdestaque.com\/cd\/?p=2750\"]}]},{\"@type\":\"ImageObject\",\"inLanguage\":\"pt-BR\",\"@id\":\"https:\/\/noticiasemdestaque.com\/cd\/?p=2750#primaryimage\",\"url\":\"https:\/\/noticiasemdestaque.com\/cd\/wp-content\/uploads\/2017\/08\/IMG-20170805-WA0006.jpg\",\"contentUrl\":\"https:\/\/noticiasemdestaque.com\/cd\/wp-content\/uploads\/2017\/08\/IMG-20170805-WA0006.jpg\",\"width\":960,\"height\":720},{\"@type\":\"BreadcrumbList\",\"@id\":\"https:\/\/noticiasemdestaque.com\/cd\/?p=2750#breadcrumb\",\"itemListElement\":[{\"@type\":\"ListItem\",\"position\":1,\"name\":\"In\u00edcio\",\"item\":\"https:\/\/noticiasemdestaque.com\/cd\/\"},{\"@type\":\"ListItem\",\"position\":2,\"name\":\"\u00c9den solicita nova viatura da PM, cobra reabertura do Banco do Brasil e firma parceria com a Cagepa\"}]},{\"@type\":\"WebSite\",\"@id\":\"https:\/\/noticiasemdestaque.com\/cd\/#website\",\"url\":\"https:\/\/noticiasemdestaque.com\/cd\/\",\"name\":\"Not&iacute;cias em Destaque\",\"description\":\"\",\"publisher\":{\"@id\":\"https:\/\/noticiasemdestaque.com\/cd\/#organization\"},\"potentialAction\":[{\"@type\":\"SearchAction\",\"target\":{\"@type\":\"EntryPoint\",\"urlTemplate\":\"https:\/\/noticiasemdestaque.com\/cd\/?s={search_term_string}\"},\"query-input\":{\"@type\":\"PropertyValueSpecification\",\"valueRequired\":true,\"valueName\":\"search_term_string\"}}],\"inLanguage\":\"pt-BR\"},{\"@type\":\"Organization\",\"@id\":\"https:\/\/noticiasemdestaque.com\/cd\/#organization\",\"name\":\"Not\u00edcias em Destaque\",\"url\":\"https:\/\/noticiasemdestaque.com\/cd\/\",\"logo\":{\"@type\":\"ImageObject\",\"inLanguage\":\"pt-BR\",\"@id\":\"https:\/\/noticiasemdestaque.com\/cd\/#\/schema\/logo\/image\/\",\"url\":\"https:\/\/noticiasemdestaque.com\/cd\/wp-content\/uploads\/2022\/05\/imagem-base-noticiasemdestaque.png\",\"contentUrl\":\"https:\/\/noticiasemdestaque.com\/cd\/wp-content\/uploads\/2022\/05\/imagem-base-noticiasemdestaque.png\",\"width\":1200,\"height\":630,\"caption\":\"Not\u00edcias em Destaque\"},\"image\":{\"@id\":\"https:\/\/noticiasemdestaque.com\/cd\/#\/schema\/logo\/image\/\"}},{\"@type\":\"Person\",\"@id\":\"https:\/\/noticiasemdestaque.com\/cd\/#\/schema\/person\/4a81fb71f77579d059c3045891fa1786\",\"name\":\"Not\u00edcias em Destaque\",\"url\":\"https:\/\/noticiasemdestaque.com\/cd\/?author=2\"}]}<\/script>\n<!-- \/ Yoast SEO plugin. -->","yoast_head_json":{"title":"\u00c9den solicita nova viatura da PM, cobra reabertura do Banco do Brasil e firma parceria com a Cagepa - Not&iacute;cias em Destaque","robots":{"index":"index","follow":"follow","max-snippet":"max-snippet:-1","max-image-preview":"max-image-preview:large","max-video-preview":"max-video-preview:-1"},"canonical":"https:\/\/noticiasemdestaque.com\/cd\/?p=2750","og_locale":"pt_BR","og_type":"article","og_title":"\u00c9den solicita nova viatura da PM, cobra reabertura do Banco do Brasil e firma parceria com a Cagepa - Not&iacute;cias em Destaque","og_description":"O prefeito \u00c9den Duarte cumpriu na semana passada uma extensa agenda em Jo\u00e3o Pessoa. Ele esteve ao lado do deputado Branco Mendes participando de uma reuni\u00e3o na sede da Cagepa onde solicitou agilidade na liga\u00e7\u00e3o da \u00e1gua para uma faculdade de ensino superior que est\u00e1 sendo implantada no munic\u00edpio. Na Cagepa, \u00c9den tamb\u00e9m firmou um conv\u00eanio para que a institui\u00e7\u00e3o fa\u00e7a a fiscaliza\u00e7\u00e3o na obra do esgotamento sanit\u00e1rio que est\u00e1 em execu\u00e7\u00e3o e marcou uma reuni\u00e3o com o diretor Sim\u00e3o Almeida para tratar sobre a expans\u00e3o da rede em algumas localidades do munic\u00edpio. Ao lado do deputado Branco Mendes e da secret\u00e1ria de Assist\u00eancia Social do munic\u00edpio, Tanniery L\u00eala, o prefeito esteve participando de uma reuni\u00e3o com a secret\u00e1ria de Desenvolvimento Humano da Para\u00edba, Cida Ramos, onde foi apresentado a ela alguns pleitos para o Abrigo de Idosos Ros\u00e1lia Paulino, para que atrav\u00e9s do projeto \u201cAcolher\u201d, possam ser feitos investimentos de manuten\u00e7\u00e3o e reforma do local. Ainda em Jo\u00e3o Pessoa, o prefeito e o deputado Branco estiveram reunidos com o comandante-geral da Pol\u00edcia Militar da Para\u00edba, coronel Euller de Assis Chaves, para que possa ser viabilizado mais uma viatura para Sum\u00e9, al\u00e9m de tratar sobre a instala\u00e7\u00e3o de c\u00e2meras de seguran\u00e7a em locais estrat\u00e9gicos na cidade. \u00c9den tamb\u00e9m manteve contato com a dire\u00e7\u00e3o do Banco do Brasil para cobrar mais uma vez o funcionamento da ag\u00eancia com numer\u00e1rio, o prefeito foi informado pelo banco que ainda falta a aquisi\u00e7\u00e3o do cofre para a retomada dos servi\u00e7os. Ou\u00e7a entrevista com o prefeito \u00c9den Duarte: O Deputado Brancos Mendes tamb\u00e9m conversou com a nossa reportagem sobre a agenda com o prefeito \u00c9den Duarte, ou\u00e7a: Cariri em Destaque Ascom","og_url":"https:\/\/noticiasemdestaque.com\/cd\/?p=2750","og_site_name":"Not&iacute;cias em Destaque","article_published_time":"2017-08-07T13:25:27+00:00","og_image":[{"width":960,"height":720,"url":"https:\/\/noticiasemdestaque.com\/cd\/wp-content\/uploads\/2017\/08\/IMG-20170805-WA0006.jpg","type":"image\/jpeg"}],"author":"Not\u00edcias em Destaque","twitter_card":"summary_large_image","twitter_misc":{"Escrito por":"Not\u00edcias em Destaque","Est. tempo de leitura":"2 minutos"},"schema":{"@context":"https:\/\/schema.org","@graph":[{"@type":"Article","@id":"https:\/\/noticiasemdestaque.com\/cd\/?p=2750#article","isPartOf":{"@id":"https:\/\/noticiasemdestaque.com\/cd\/?p=2750"},"author":{"name":"Not\u00edcias em Destaque","@id":"https:\/\/noticiasemdestaque.com\/cd\/#\/schema\/person\/4a81fb71f77579d059c3045891fa1786"},"headline":"\u00c9den solicita nova viatura da PM, cobra reabertura do Banco do Brasil e firma parceria com a Cagepa","datePublished":"2017-08-07T13:25:27+00:00","mainEntityOfPage":{"@id":"https:\/\/noticiasemdestaque.com\/cd\/?p=2750"},"wordCount":336,"publisher":{"@id":"https:\/\/noticiasemdestaque.com\/cd\/#organization"},"image":{"@id":"https:\/\/noticiasemdestaque.com\/cd\/?p=2750#primaryimage"},"thumbnailUrl":"https:\/\/noticiasemdestaque.com\/cd\/wp-content\/uploads\/2017\/08\/IMG-20170805-WA0006.jpg","articleSection":["Cidades"],"inLanguage":"pt-BR"},{"@type":"WebPage","@id":"https:\/\/noticiasemdestaque.com\/cd\/?p=2750","url":"https:\/\/noticiasemdestaque.com\/cd\/?p=2750","name":"\u00c9den solicita nova viatura da PM, cobra reabertura do Banco do Brasil e firma parceria com a Cagepa - Not&iacute;cias em Destaque","isPartOf":{"@id":"https:\/\/noticiasemdestaque.com\/cd\/#website"},"primaryImageOfPage":{"@id":"https:\/\/noticiasemdestaque.com\/cd\/?p=2750#primaryimage"},"image":{"@id":"https:\/\/noticiasemdestaque.com\/cd\/?p=2750#primaryimage"},"thumbnailUrl":"https:\/\/noticiasemdestaque.com\/cd\/wp-content\/uploads\/2017\/08\/IMG-20170805-WA0006.jpg","datePublished":"2017-08-07T13:25:27+00:00","breadcrumb":{"@id":"https:\/\/noticiasemdestaque.com\/cd\/?p=2750#breadcrumb"},"inLanguage":"pt-BR","potentialAction":[{"@type":"ReadAction","target":["https:\/\/noticiasemdestaque.com\/cd\/?p=2750"]}]},{"@type":"ImageObject","inLanguage":"pt-BR","@id":"https:\/\/noticiasemdestaque.com\/cd\/?p=2750#primaryimage","url":"https:\/\/noticiasemdestaque.com\/cd\/wp-content\/uploads\/2017\/08\/IMG-20170805-WA0006.jpg","contentUrl":"https:\/\/noticiasemdestaque.com\/cd\/wp-content\/uploads\/2017\/08\/IMG-20170805-WA0006.jpg","width":960,"height":720},{"@type":"BreadcrumbList","@id":"https:\/\/noticiasemdestaque.com\/cd\/?p=2750#breadcrumb","itemListElement":[{"@type":"ListItem","position":1,"name":"In\u00edcio","item":"https:\/\/noticiasemdestaque.com\/cd\/"},{"@type":"ListItem","position":2,"name":"\u00c9den solicita nova viatura da PM, cobra reabertura do Banco do Brasil e firma parceria com a Cagepa"}]},{"@type":"WebSite","@id":"https:\/\/noticiasemdestaque.com\/cd\/#website","url":"https:\/\/noticiasemdestaque.com\/cd\/","name":"Not&iacute;cias em Destaque","description":"","publisher":{"@id":"https:\/\/noticiasemdestaque.com\/cd\/#organization"},"potentialAction":[{"@type":"SearchAction","target":{"@type":"EntryPoint","urlTemplate":"https:\/\/noticiasemdestaque.com\/cd\/?s={search_term_string}"},"query-input":{"@type":"PropertyValueSpecification","valueRequired":true,"valueName":"search_term_string"}}],"inLanguage":"pt-BR"},{"@type":"Organization","@id":"https:\/\/noticiasemdestaque.com\/cd\/#organization","name":"Not\u00edcias em Destaque","url":"https:\/\/noticiasemdestaque.com\/cd\/","logo":{"@type":"ImageObject","inLanguage":"pt-BR","@id":"https:\/\/noticiasemdestaque.com\/cd\/#\/schema\/logo\/image\/","url":"https:\/\/noticiasemdestaque.com\/cd\/wp-content\/uploads\/2022\/05\/imagem-base-noticiasemdestaque.png","contentUrl":"https:\/\/noticiasemdestaque.com\/cd\/wp-content\/uploads\/2022\/05\/imagem-base-noticiasemdestaque.png","width":1200,"height":630,"caption":"Not\u00edcias em Destaque"},"image":{"@id":"https:\/\/noticiasemdestaque.com\/cd\/#\/schema\/logo\/image\/"}},{"@type":"Person","@id":"https:\/\/noticiasemdestaque.com\/cd\/#\/schema\/person\/4a81fb71f77579d059c3045891fa1786","name":"Not\u00edcias em Destaque","url":"https:\/\/noticiasemdestaque.com\/cd\/?author=2"}]}},"jetpack_featured_media_url":"https:\/\/noticiasemdestaque.com\/cd\/wp-content\/uploads\/2017\/08\/IMG-20170805-WA0006.jpg","jetpack_sharing_enabled":true,"_links":{"self":[{"href":"https:\/\/noticiasemdestaque.com\/cd\/index.php?rest_route=\/wp\/v2\/posts\/2750","targetHints":{"allow":["GET"]}}],"collection":[{"href":"https:\/\/noticiasemdestaque.com\/cd\/index.php?rest_route=\/wp\/v2\/posts"}],"about":[{"href":"https:\/\/noticiasemdestaque.com\/cd\/index.php?rest_route=\/wp\/v2\/types\/post"}],"author":[{"embeddable":true,"href":"https:\/\/noticiasemdestaque.com\/cd\/index.php?rest_route=\/wp\/v2\/users\/2"}],"replies":[{"embeddable":true,"href":"https:\/\/noticiasemdestaque.com\/cd\/index.php?rest_route=%2Fwp%2Fv2%2Fcomments&post=2750"}],"version-history":[{"count":1,"href":"https:\/\/noticiasemdestaque.com\/cd\/index.php?rest_route=\/wp\/v2\/posts\/2750\/revisions"}],"predecessor-version":[{"id":2752,"href":"https:\/\/noticiasemdestaque.com\/cd\/index.php?rest_route=\/wp\/v2\/posts\/2750\/revisions\/2752"}],"wp:featuredmedia":[{"embeddable":true,"href":"https:\/\/noticiasemdestaque.com\/cd\/index.php?rest_route=\/wp\/v2\/media\/2751"}],"wp:attachment":[{"href":"https:\/\/noticiasemdestaque.com\/cd\/index.php?rest_route=%2Fwp%2Fv2%2Fmedia&parent=2750"}],"wp:term":[{"taxonomy":"category","embeddable":true,"href":"https:\/\/noticiasemdestaque.com\/cd\/index.php?rest_route=%2Fwp%2Fv2%2Fcategories&post=2750"},{"taxonomy":"post_tag","embeddable":true,"href":"https:\/\/noticiasemdestaque.com\/cd\/index.php?rest_route=%2Fwp%2Fv2%2Ftags&post=2750"}],"curies":[{"name":"wp","href":"https:\/\/api.w.org\/{rel}","templated":true}]}}