{"id":27496,"date":"2020-11-13T15:44:01","date_gmt":"2020-11-13T18:44:01","guid":{"rendered":"http:\/\/noticiasemdestaque.com\/cd\/?p=27496"},"modified":"2020-11-13T15:44:01","modified_gmt":"2020-11-13T18:44:01","slug":"ifpb-lanca-edital-de-selecao-para-cursos-tecnicos-integrados-e-subsequentes-para-2021","status":"publish","type":"post","link":"https:\/\/noticiasemdestaque.com\/cd\/?p=27496","title":{"rendered":"IFPB lan\u00e7a edital de sele\u00e7\u00e3o para cursos t\u00e9cnicos integrados e subsequentes para 2021"},"content":{"rendered":"<p><a href=\"https:\/\/noticiasemdestaque.com\/cd\/wp-content\/uploads\/2020\/11\/WhatsApp-Image-2020-11-13-at-08.52.47.jpeg\"><img fetchpriority=\"high\" decoding=\"async\" class=\"size-medium wp-image-27497 aligncenter\" src=\"https:\/\/noticiasemdestaque.com\/cd\/wp-content\/uploads\/2020\/11\/WhatsApp-Image-2020-11-13-at-08.52.47-300x223.jpeg\" alt=\"\" width=\"300\" height=\"223\" srcset=\"https:\/\/noticiasemdestaque.com\/cd\/wp-content\/uploads\/2020\/11\/WhatsApp-Image-2020-11-13-at-08.52.47-300x223.jpeg 300w, https:\/\/noticiasemdestaque.com\/cd\/wp-content\/uploads\/2020\/11\/WhatsApp-Image-2020-11-13-at-08.52.47.jpeg 400w\" sizes=\"(max-width: 300px) 100vw, 300px\" \/><\/a><\/p>\n<p style=\"font-weight: 400;\">A IFPB est\u00e1 ofertando em torno de 3.690 vagas em diversos cursos, em todos os campi da institui\u00e7\u00e3o.<\/p>\n<p style=\"font-weight: 400;\">As inscri\u00e7\u00f5es come\u00e7am no dia 17 de novembro e v\u00e3o at\u00e9 o dia 18 de dezembro. A sele\u00e7\u00e3o ser\u00e1 feita por an\u00e1lise do hist\u00f3rico escolar.<\/p>\n<p>Para mais informa\u00e7\u00f5es acesse o site da institui\u00e7\u00e3o:<\/p>\n<p><a href=\"https:\/\/www.ifpb.edu.br\/\">https:\/\/www.ifpb.edu.br\/<\/a><\/p>\n<p>Focando Para\u00edba<\/p>\n","protected":false},"excerpt":{"rendered":"<p>A IFPB est\u00e1 ofertando em torno de 3.690 vagas em diversos cursos, em todos os campi da institui\u00e7\u00e3o. As inscri\u00e7\u00f5es come\u00e7am no dia 17 de novembro e v\u00e3o at\u00e9 o dia 18 de dezembro. A sele\u00e7\u00e3o ser\u00e1 feita por an\u00e1lise do hist\u00f3rico escolar. Para mais informa\u00e7\u00f5es acesse o site da institui\u00e7\u00e3o: https:\/\/www.ifpb.edu.br\/ Focando Para\u00edba<\/p>\n","protected":false},"author":2,"featured_media":27497,"comment_status":"closed","ping_status":"open","sticky":false,"template":"","format":"standard","meta":{"_eb_attr":"","_jetpack_memberships_contains_paid_content":false,"footnotes":""},"categories":[6],"tags":[],"class_list":["post-27496","post","type-post","status-publish","format-standard","has-post-thumbnail","hentry","category-educacao"],"yoast_head":"<!-- This site is optimized with the Yoast SEO plugin v26.5 - https:\/\/yoast.com\/wordpress\/plugins\/seo\/ -->\n<title>IFPB lan\u00e7a edital de sele\u00e7\u00e3o para cursos t\u00e9cnicos integrados e subsequentes para 2021 - Not&iacute;cias em Destaque<\/title>\n<meta name=\"robots\" content=\"index, follow, max-snippet:-1, max-image-preview:large, max-video-preview:-1\" \/>\n<link rel=\"canonical\" href=\"https:\/\/noticiasemdestaque.com\/cd\/?p=27496\" \/>\n<meta property=\"og:locale\" content=\"pt_BR\" \/>\n<meta property=\"og:type\" content=\"article\" \/>\n<meta property=\"og:title\" content=\"IFPB lan\u00e7a edital de sele\u00e7\u00e3o para cursos t\u00e9cnicos integrados e subsequentes para 2021 - Not&iacute;cias em Destaque\" \/>\n<meta property=\"og:description\" content=\"A IFPB est\u00e1 ofertando em torno de 3.690 vagas em diversos cursos, em todos os campi da institui\u00e7\u00e3o. As inscri\u00e7\u00f5es come\u00e7am no dia 17 de novembro e v\u00e3o at\u00e9 o dia 18 de dezembro. A sele\u00e7\u00e3o ser\u00e1 feita por an\u00e1lise do hist\u00f3rico escolar. Para mais informa\u00e7\u00f5es acesse o site da institui\u00e7\u00e3o: https:\/\/www.ifpb.edu.br\/ Focando Para\u00edba\" \/>\n<meta property=\"og:url\" content=\"https:\/\/noticiasemdestaque.com\/cd\/?p=27496\" \/>\n<meta property=\"og:site_name\" content=\"Not&iacute;cias em Destaque\" \/>\n<meta property=\"article:published_time\" content=\"2020-11-13T18:44:01+00:00\" \/>\n<meta property=\"og:image\" content=\"https:\/\/noticiasemdestaque.com\/cd\/wp-content\/uploads\/2020\/11\/WhatsApp-Image-2020-11-13-at-08.52.47.jpeg\" \/>\n\t<meta property=\"og:image:width\" content=\"400\" \/>\n\t<meta property=\"og:image:height\" content=\"297\" \/>\n\t<meta property=\"og:image:type\" content=\"image\/jpeg\" \/>\n<meta name=\"author\" content=\"Not\u00edcias em Destaque\" \/>\n<meta name=\"twitter:card\" content=\"summary_large_image\" \/>\n<meta name=\"twitter:label1\" content=\"Escrito por\" \/>\n\t<meta name=\"twitter:data1\" content=\"Not\u00edcias em Destaque\" \/>\n<script type=\"application\/ld+json\" class=\"yoast-schema-graph\">{\"@context\":\"https:\/\/schema.org\",\"@graph\":[{\"@type\":\"Article\",\"@id\":\"https:\/\/noticiasemdestaque.com\/cd\/?p=27496#article\",\"isPartOf\":{\"@id\":\"https:\/\/noticiasemdestaque.com\/cd\/?p=27496\"},\"author\":{\"name\":\"Not\u00edcias em Destaque\",\"@id\":\"https:\/\/noticiasemdestaque.com\/cd\/#\/schema\/person\/21320b03a7e8bb90128938dafc9b908a\"},\"headline\":\"IFPB lan\u00e7a edital de sele\u00e7\u00e3o para cursos t\u00e9cnicos integrados e subsequentes para 2021\",\"datePublished\":\"2020-11-13T18:44:01+00:00\",\"mainEntityOfPage\":{\"@id\":\"https:\/\/noticiasemdestaque.com\/cd\/?p=27496\"},\"wordCount\":80,\"publisher\":{\"@id\":\"https:\/\/noticiasemdestaque.com\/cd\/#organization\"},\"image\":{\"@id\":\"https:\/\/noticiasemdestaque.com\/cd\/?p=27496#primaryimage\"},\"thumbnailUrl\":\"https:\/\/noticiasemdestaque.com\/cd\/wp-content\/uploads\/2020\/11\/WhatsApp-Image-2020-11-13-at-08.52.47.jpeg\",\"articleSection\":[\"Educa\u00e7\u00e3o\"],\"inLanguage\":\"pt-BR\"},{\"@type\":\"WebPage\",\"@id\":\"https:\/\/noticiasemdestaque.com\/cd\/?p=27496\",\"url\":\"https:\/\/noticiasemdestaque.com\/cd\/?p=27496\",\"name\":\"IFPB lan\u00e7a edital de sele\u00e7\u00e3o para cursos t\u00e9cnicos integrados e subsequentes para 2021 - Not&iacute;cias em Destaque\",\"isPartOf\":{\"@id\":\"https:\/\/noticiasemdestaque.com\/cd\/#website\"},\"primaryImageOfPage\":{\"@id\":\"https:\/\/noticiasemdestaque.com\/cd\/?p=27496#primaryimage\"},\"image\":{\"@id\":\"https:\/\/noticiasemdestaque.com\/cd\/?p=27496#primaryimage\"},\"thumbnailUrl\":\"https:\/\/noticiasemdestaque.com\/cd\/wp-content\/uploads\/2020\/11\/WhatsApp-Image-2020-11-13-at-08.52.47.jpeg\",\"datePublished\":\"2020-11-13T18:44:01+00:00\",\"breadcrumb\":{\"@id\":\"https:\/\/noticiasemdestaque.com\/cd\/?p=27496#breadcrumb\"},\"inLanguage\":\"pt-BR\",\"potentialAction\":[{\"@type\":\"ReadAction\",\"target\":[\"https:\/\/noticiasemdestaque.com\/cd\/?p=27496\"]}]},{\"@type\":\"ImageObject\",\"inLanguage\":\"pt-BR\",\"@id\":\"https:\/\/noticiasemdestaque.com\/cd\/?p=27496#primaryimage\",\"url\":\"https:\/\/noticiasemdestaque.com\/cd\/wp-content\/uploads\/2020\/11\/WhatsApp-Image-2020-11-13-at-08.52.47.jpeg\",\"contentUrl\":\"https:\/\/noticiasemdestaque.com\/cd\/wp-content\/uploads\/2020\/11\/WhatsApp-Image-2020-11-13-at-08.52.47.jpeg\",\"width\":400,\"height\":297},{\"@type\":\"BreadcrumbList\",\"@id\":\"https:\/\/noticiasemdestaque.com\/cd\/?p=27496#breadcrumb\",\"itemListElement\":[{\"@type\":\"ListItem\",\"position\":1,\"name\":\"In\u00edcio\",\"item\":\"https:\/\/noticiasemdestaque.com\/cd\/\"},{\"@type\":\"ListItem\",\"position\":2,\"name\":\"IFPB lan\u00e7a edital de sele\u00e7\u00e3o para cursos t\u00e9cnicos integrados e subsequentes para 2021\"}]},{\"@type\":\"WebSite\",\"@id\":\"https:\/\/noticiasemdestaque.com\/cd\/#website\",\"url\":\"https:\/\/noticiasemdestaque.com\/cd\/\",\"name\":\"Not&iacute;cias em Destaque\",\"description\":\"\",\"publisher\":{\"@id\":\"https:\/\/noticiasemdestaque.com\/cd\/#organization\"},\"potentialAction\":[{\"@type\":\"SearchAction\",\"target\":{\"@type\":\"EntryPoint\",\"urlTemplate\":\"https:\/\/noticiasemdestaque.com\/cd\/?s={search_term_string}\"},\"query-input\":{\"@type\":\"PropertyValueSpecification\",\"valueRequired\":true,\"valueName\":\"search_term_string\"}}],\"inLanguage\":\"pt-BR\"},{\"@type\":\"Organization\",\"@id\":\"https:\/\/noticiasemdestaque.com\/cd\/#organization\",\"name\":\"Not\u00edcias em Destaque\",\"url\":\"https:\/\/noticiasemdestaque.com\/cd\/\",\"logo\":{\"@type\":\"ImageObject\",\"inLanguage\":\"pt-BR\",\"@id\":\"https:\/\/noticiasemdestaque.com\/cd\/#\/schema\/logo\/image\/\",\"url\":\"https:\/\/noticiasemdestaque.com\/cd\/wp-content\/uploads\/2022\/05\/imagem-base-noticiasemdestaque.png\",\"contentUrl\":\"https:\/\/noticiasemdestaque.com\/cd\/wp-content\/uploads\/2022\/05\/imagem-base-noticiasemdestaque.png\",\"width\":1200,\"height\":630,\"caption\":\"Not\u00edcias em Destaque\"},\"image\":{\"@id\":\"https:\/\/noticiasemdestaque.com\/cd\/#\/schema\/logo\/image\/\"}},{\"@type\":\"Person\",\"@id\":\"https:\/\/noticiasemdestaque.com\/cd\/#\/schema\/person\/21320b03a7e8bb90128938dafc9b908a\",\"name\":\"Not\u00edcias em Destaque\",\"url\":\"https:\/\/noticiasemdestaque.com\/cd\/?author=2\"}]}<\/script>\n<!-- \/ Yoast SEO plugin. -->","yoast_head_json":{"title":"IFPB lan\u00e7a edital de sele\u00e7\u00e3o para cursos t\u00e9cnicos integrados e subsequentes para 2021 - Not&iacute;cias em Destaque","robots":{"index":"index","follow":"follow","max-snippet":"max-snippet:-1","max-image-preview":"max-image-preview:large","max-video-preview":"max-video-preview:-1"},"canonical":"https:\/\/noticiasemdestaque.com\/cd\/?p=27496","og_locale":"pt_BR","og_type":"article","og_title":"IFPB lan\u00e7a edital de sele\u00e7\u00e3o para cursos t\u00e9cnicos integrados e subsequentes para 2021 - Not&iacute;cias em Destaque","og_description":"A IFPB est\u00e1 ofertando em torno de 3.690 vagas em diversos cursos, em todos os campi da institui\u00e7\u00e3o. As inscri\u00e7\u00f5es come\u00e7am no dia 17 de novembro e v\u00e3o at\u00e9 o dia 18 de dezembro. A sele\u00e7\u00e3o ser\u00e1 feita por an\u00e1lise do hist\u00f3rico escolar. Para mais informa\u00e7\u00f5es acesse o site da institui\u00e7\u00e3o: https:\/\/www.ifpb.edu.br\/ Focando Para\u00edba","og_url":"https:\/\/noticiasemdestaque.com\/cd\/?p=27496","og_site_name":"Not&iacute;cias em Destaque","article_published_time":"2020-11-13T18:44:01+00:00","og_image":[{"width":400,"height":297,"url":"https:\/\/noticiasemdestaque.com\/cd\/wp-content\/uploads\/2020\/11\/WhatsApp-Image-2020-11-13-at-08.52.47.jpeg","type":"image\/jpeg"}],"author":"Not\u00edcias em Destaque","twitter_card":"summary_large_image","twitter_misc":{"Escrito por":"Not\u00edcias em Destaque"},"schema":{"@context":"https:\/\/schema.org","@graph":[{"@type":"Article","@id":"https:\/\/noticiasemdestaque.com\/cd\/?p=27496#article","isPartOf":{"@id":"https:\/\/noticiasemdestaque.com\/cd\/?p=27496"},"author":{"name":"Not\u00edcias em Destaque","@id":"https:\/\/noticiasemdestaque.com\/cd\/#\/schema\/person\/21320b03a7e8bb90128938dafc9b908a"},"headline":"IFPB lan\u00e7a edital de sele\u00e7\u00e3o para cursos t\u00e9cnicos integrados e subsequentes para 2021","datePublished":"2020-11-13T18:44:01+00:00","mainEntityOfPage":{"@id":"https:\/\/noticiasemdestaque.com\/cd\/?p=27496"},"wordCount":80,"publisher":{"@id":"https:\/\/noticiasemdestaque.com\/cd\/#organization"},"image":{"@id":"https:\/\/noticiasemdestaque.com\/cd\/?p=27496#primaryimage"},"thumbnailUrl":"https:\/\/noticiasemdestaque.com\/cd\/wp-content\/uploads\/2020\/11\/WhatsApp-Image-2020-11-13-at-08.52.47.jpeg","articleSection":["Educa\u00e7\u00e3o"],"inLanguage":"pt-BR"},{"@type":"WebPage","@id":"https:\/\/noticiasemdestaque.com\/cd\/?p=27496","url":"https:\/\/noticiasemdestaque.com\/cd\/?p=27496","name":"IFPB lan\u00e7a edital de sele\u00e7\u00e3o para cursos t\u00e9cnicos integrados e subsequentes para 2021 - Not&iacute;cias em Destaque","isPartOf":{"@id":"https:\/\/noticiasemdestaque.com\/cd\/#website"},"primaryImageOfPage":{"@id":"https:\/\/noticiasemdestaque.com\/cd\/?p=27496#primaryimage"},"image":{"@id":"https:\/\/noticiasemdestaque.com\/cd\/?p=27496#primaryimage"},"thumbnailUrl":"https:\/\/noticiasemdestaque.com\/cd\/wp-content\/uploads\/2020\/11\/WhatsApp-Image-2020-11-13-at-08.52.47.jpeg","datePublished":"2020-11-13T18:44:01+00:00","breadcrumb":{"@id":"https:\/\/noticiasemdestaque.com\/cd\/?p=27496#breadcrumb"},"inLanguage":"pt-BR","potentialAction":[{"@type":"ReadAction","target":["https:\/\/noticiasemdestaque.com\/cd\/?p=27496"]}]},{"@type":"ImageObject","inLanguage":"pt-BR","@id":"https:\/\/noticiasemdestaque.com\/cd\/?p=27496#primaryimage","url":"https:\/\/noticiasemdestaque.com\/cd\/wp-content\/uploads\/2020\/11\/WhatsApp-Image-2020-11-13-at-08.52.47.jpeg","contentUrl":"https:\/\/noticiasemdestaque.com\/cd\/wp-content\/uploads\/2020\/11\/WhatsApp-Image-2020-11-13-at-08.52.47.jpeg","width":400,"height":297},{"@type":"BreadcrumbList","@id":"https:\/\/noticiasemdestaque.com\/cd\/?p=27496#breadcrumb","itemListElement":[{"@type":"ListItem","position":1,"name":"In\u00edcio","item":"https:\/\/noticiasemdestaque.com\/cd\/"},{"@type":"ListItem","position":2,"name":"IFPB lan\u00e7a edital de sele\u00e7\u00e3o para cursos t\u00e9cnicos integrados e subsequentes para 2021"}]},{"@type":"WebSite","@id":"https:\/\/noticiasemdestaque.com\/cd\/#website","url":"https:\/\/noticiasemdestaque.com\/cd\/","name":"Not&iacute;cias em Destaque","description":"","publisher":{"@id":"https:\/\/noticiasemdestaque.com\/cd\/#organization"},"potentialAction":[{"@type":"SearchAction","target":{"@type":"EntryPoint","urlTemplate":"https:\/\/noticiasemdestaque.com\/cd\/?s={search_term_string}"},"query-input":{"@type":"PropertyValueSpecification","valueRequired":true,"valueName":"search_term_string"}}],"inLanguage":"pt-BR"},{"@type":"Organization","@id":"https:\/\/noticiasemdestaque.com\/cd\/#organization","name":"Not\u00edcias em Destaque","url":"https:\/\/noticiasemdestaque.com\/cd\/","logo":{"@type":"ImageObject","inLanguage":"pt-BR","@id":"https:\/\/noticiasemdestaque.com\/cd\/#\/schema\/logo\/image\/","url":"https:\/\/noticiasemdestaque.com\/cd\/wp-content\/uploads\/2022\/05\/imagem-base-noticiasemdestaque.png","contentUrl":"https:\/\/noticiasemdestaque.com\/cd\/wp-content\/uploads\/2022\/05\/imagem-base-noticiasemdestaque.png","width":1200,"height":630,"caption":"Not\u00edcias em Destaque"},"image":{"@id":"https:\/\/noticiasemdestaque.com\/cd\/#\/schema\/logo\/image\/"}},{"@type":"Person","@id":"https:\/\/noticiasemdestaque.com\/cd\/#\/schema\/person\/21320b03a7e8bb90128938dafc9b908a","name":"Not\u00edcias em Destaque","url":"https:\/\/noticiasemdestaque.com\/cd\/?author=2"}]}},"jetpack_featured_media_url":"https:\/\/noticiasemdestaque.com\/cd\/wp-content\/uploads\/2020\/11\/WhatsApp-Image-2020-11-13-at-08.52.47.jpeg","jetpack_sharing_enabled":true,"_links":{"self":[{"href":"https:\/\/noticiasemdestaque.com\/cd\/index.php?rest_route=\/wp\/v2\/posts\/27496","targetHints":{"allow":["GET"]}}],"collection":[{"href":"https:\/\/noticiasemdestaque.com\/cd\/index.php?rest_route=\/wp\/v2\/posts"}],"about":[{"href":"https:\/\/noticiasemdestaque.com\/cd\/index.php?rest_route=\/wp\/v2\/types\/post"}],"author":[{"embeddable":true,"href":"https:\/\/noticiasemdestaque.com\/cd\/index.php?rest_route=\/wp\/v2\/users\/2"}],"replies":[{"embeddable":true,"href":"https:\/\/noticiasemdestaque.com\/cd\/index.php?rest_route=%2Fwp%2Fv2%2Fcomments&post=27496"}],"version-history":[{"count":1,"href":"https:\/\/noticiasemdestaque.com\/cd\/index.php?rest_route=\/wp\/v2\/posts\/27496\/revisions"}],"predecessor-version":[{"id":27498,"href":"https:\/\/noticiasemdestaque.com\/cd\/index.php?rest_route=\/wp\/v2\/posts\/27496\/revisions\/27498"}],"wp:featuredmedia":[{"embeddable":true,"href":"https:\/\/noticiasemdestaque.com\/cd\/index.php?rest_route=\/wp\/v2\/media\/27497"}],"wp:attachment":[{"href":"https:\/\/noticiasemdestaque.com\/cd\/index.php?rest_route=%2Fwp%2Fv2%2Fmedia&parent=27496"}],"wp:term":[{"taxonomy":"category","embeddable":true,"href":"https:\/\/noticiasemdestaque.com\/cd\/index.php?rest_route=%2Fwp%2Fv2%2Fcategories&post=27496"},{"taxonomy":"post_tag","embeddable":true,"href":"https:\/\/noticiasemdestaque.com\/cd\/index.php?rest_route=%2Fwp%2Fv2%2Ftags&post=27496"}],"curies":[{"name":"wp","href":"https:\/\/api.w.org\/{rel}","templated":true}]}}