{"id":27393,"date":"2020-10-30T11:27:39","date_gmt":"2020-10-30T14:27:39","guid":{"rendered":"http:\/\/noticiasemdestaque.com\/cd\/?p=27393"},"modified":"2020-10-30T11:27:39","modified_gmt":"2020-10-30T14:27:39","slug":"lula-e-ciro-se-encontram-em-sp-e-retomam-dialogo","status":"publish","type":"post","link":"https:\/\/noticiasemdestaque.com\/cd\/?p=27393","title":{"rendered":"Lula e Ciro se encontram em SP e retomam di\u00e1logo"},"content":{"rendered":"<p><a href=\"https:\/\/noticiasemdestaque.com\/cd\/wp-content\/uploads\/2020\/10\/lula-e-ciro.jpg.750x0_q95_crop.jpg\"><img fetchpriority=\"high\" decoding=\"async\" class=\"size-medium wp-image-27394 alignleft\" src=\"https:\/\/noticiasemdestaque.com\/cd\/wp-content\/uploads\/2020\/10\/lula-e-ciro.jpg.750x0_q95_crop-300x180.jpg\" alt=\"\" width=\"300\" height=\"180\" srcset=\"https:\/\/noticiasemdestaque.com\/cd\/wp-content\/uploads\/2020\/10\/lula-e-ciro.jpg.750x0_q95_crop-300x180.jpg 300w, https:\/\/noticiasemdestaque.com\/cd\/wp-content\/uploads\/2020\/10\/lula-e-ciro.jpg.750x0_q95_crop-1024x615.jpg 1024w, https:\/\/noticiasemdestaque.com\/cd\/wp-content\/uploads\/2020\/10\/lula-e-ciro.jpg.750x0_q95_crop-768x461.jpg 768w, https:\/\/noticiasemdestaque.com\/cd\/wp-content\/uploads\/2020\/10\/lula-e-ciro.jpg.750x0_q95_crop.jpg 1086w\" sizes=\"(max-width: 300px) 100vw, 300px\" \/><\/a><\/p>\n<p>Mesmo com a not\u00edcia de que o ex-presidente Luiz In\u00e1cio Lula da Silva e o ex-ministro Ciro Gomes se encontraram em setembro e fizeram as pazes, interlocutores do petista e do pedetista disseram que eles n\u00e3o chegaram a tra\u00e7ar planos ou estrat\u00e9gias eleitorais conjuntas.<\/p>\n<p>Lula e Ciro se reuniram no m\u00eas passado, na sede do Instituto Lula, em S\u00e3o Paulo, e conversaram durante toda a tarde. A necessidade de uma uni\u00e3o da esquerda para combater o bolsonarismo foi tratada superficialmente, ainda de acordo com os interlocutores. O encontro, revelado pelo jornal\u00a0<i>O Globo<\/i>, foi intermediado pelo governador do Cear\u00e1, Camilo Santana, petista e um dos aliados da fam\u00edlia Gomes no Estado.<\/p>\n<p>Somente os tr\u00eas participaram da conversa. &#8220;Isso sinaliza a necessidade de unidade das esquerdas. Espero que este encontro tenha uma proje\u00e7\u00e3o para 2022 e para o segundo turno das elei\u00e7\u00f5es deste ano&#8221;, afirmou o deputado Paulo Teixeira (PT-SP), secret\u00e1rio-geral da sigla.<\/p>\n<p>A pedido de Lula o encontro estava sendo mantido em sigilo para n\u00e3o melindrar a base petista, que elegeu Ciro como advers\u00e1rio, \u00e0s v\u00e9speras das elei\u00e7\u00f5es municipais. A assessoria do petista n\u00e3o quis comentar.<\/p>\n<div id=\"ad-video-inread--wrapper\">\n<div id=\"ad-video-inread\" class=\"ad-video-inread\" data-google-query-id=\"CIGrrMvC3OwCFQAJuQYdUOsI8w\"><\/div>\n<\/div>\n<div class=\"related-news-shell\">\n<div class=\"related-news anchor-right border-news \"><\/div>\n<\/div>\n","protected":false},"excerpt":{"rendered":"<p>Mesmo com a not\u00edcia de que o ex-presidente Luiz In\u00e1cio Lula da Silva e o ex-ministro Ciro Gomes se encontraram em setembro e fizeram as pazes, interlocutores do petista e do pedetista disseram que eles n\u00e3o chegaram a tra\u00e7ar planos ou estrat\u00e9gias eleitorais conjuntas. Lula e Ciro se reuniram no m\u00eas passado, na sede do Instituto Lula, em S\u00e3o Paulo, e conversaram durante toda a tarde. A necessidade de uma uni\u00e3o da esquerda para combater o bolsonarismo foi tratada superficialmente, ainda de acordo com os interlocutores. O encontro, revelado pelo jornal\u00a0O Globo, foi intermediado pelo governador do Cear\u00e1, Camilo Santana, petista e um dos aliados da fam\u00edlia Gomes no Estado. Somente os tr\u00eas participaram da conversa. &#8220;Isso sinaliza a necessidade de unidade das esquerdas. Espero que este encontro tenha uma proje\u00e7\u00e3o para 2022 e para o segundo turno das elei\u00e7\u00f5es deste ano&#8221;, afirmou o deputado Paulo Teixeira (PT-SP), secret\u00e1rio-geral da sigla. A pedido de Lula o encontro estava sendo mantido em sigilo para n\u00e3o melindrar a base petista, que elegeu Ciro como advers\u00e1rio, \u00e0s v\u00e9speras das elei\u00e7\u00f5es municipais. A assessoria do petista n\u00e3o quis comentar.<\/p>\n","protected":false},"author":2,"featured_media":27394,"comment_status":"closed","ping_status":"open","sticky":false,"template":"","format":"standard","meta":{"_eb_attr":"","_jetpack_memberships_contains_paid_content":false,"footnotes":""},"categories":[4],"tags":[],"class_list":["post-27393","post","type-post","status-publish","format-standard","has-post-thumbnail","hentry","category-politica"],"yoast_head":"<!-- This site is optimized with the Yoast SEO plugin v26.5 - https:\/\/yoast.com\/wordpress\/plugins\/seo\/ -->\n<title>Lula e Ciro se encontram em SP e retomam di\u00e1logo - Not&iacute;cias em Destaque<\/title>\n<meta name=\"robots\" content=\"index, follow, max-snippet:-1, max-image-preview:large, max-video-preview:-1\" \/>\n<link rel=\"canonical\" href=\"https:\/\/noticiasemdestaque.com\/cd\/?p=27393\" \/>\n<meta property=\"og:locale\" content=\"pt_BR\" \/>\n<meta property=\"og:type\" content=\"article\" \/>\n<meta property=\"og:title\" content=\"Lula e Ciro se encontram em SP e retomam di\u00e1logo - Not&iacute;cias em Destaque\" \/>\n<meta property=\"og:description\" content=\"Mesmo com a not\u00edcia de que o ex-presidente Luiz In\u00e1cio Lula da Silva e o ex-ministro Ciro Gomes se encontraram em setembro e fizeram as pazes, interlocutores do petista e do pedetista disseram que eles n\u00e3o chegaram a tra\u00e7ar planos ou estrat\u00e9gias eleitorais conjuntas. Lula e Ciro se reuniram no m\u00eas passado, na sede do Instituto Lula, em S\u00e3o Paulo, e conversaram durante toda a tarde. A necessidade de uma uni\u00e3o da esquerda para combater o bolsonarismo foi tratada superficialmente, ainda de acordo com os interlocutores. O encontro, revelado pelo jornal\u00a0O Globo, foi intermediado pelo governador do Cear\u00e1, Camilo Santana, petista e um dos aliados da fam\u00edlia Gomes no Estado. Somente os tr\u00eas participaram da conversa. &#8220;Isso sinaliza a necessidade de unidade das esquerdas. Espero que este encontro tenha uma proje\u00e7\u00e3o para 2022 e para o segundo turno das elei\u00e7\u00f5es deste ano&#8221;, afirmou o deputado Paulo Teixeira (PT-SP), secret\u00e1rio-geral da sigla. A pedido de Lula o encontro estava sendo mantido em sigilo para n\u00e3o melindrar a base petista, que elegeu Ciro como advers\u00e1rio, \u00e0s v\u00e9speras das elei\u00e7\u00f5es municipais. A assessoria do petista n\u00e3o quis comentar.\" \/>\n<meta property=\"og:url\" content=\"https:\/\/noticiasemdestaque.com\/cd\/?p=27393\" \/>\n<meta property=\"og:site_name\" content=\"Not&iacute;cias em Destaque\" \/>\n<meta property=\"article:published_time\" content=\"2020-10-30T14:27:39+00:00\" \/>\n<meta property=\"og:image\" content=\"https:\/\/noticiasemdestaque.com\/cd\/wp-content\/uploads\/2020\/10\/lula-e-ciro.jpg.750x0_q95_crop.jpg\" \/>\n\t<meta property=\"og:image:width\" content=\"1086\" \/>\n\t<meta property=\"og:image:height\" content=\"652\" \/>\n\t<meta property=\"og:image:type\" content=\"image\/jpeg\" \/>\n<meta name=\"author\" content=\"Not\u00edcias em Destaque\" \/>\n<meta name=\"twitter:card\" content=\"summary_large_image\" \/>\n<meta name=\"twitter:label1\" content=\"Escrito por\" \/>\n\t<meta name=\"twitter:data1\" content=\"Not\u00edcias em Destaque\" \/>\n\t<meta name=\"twitter:label2\" content=\"Est. tempo de leitura\" \/>\n\t<meta name=\"twitter:data2\" content=\"1 minuto\" \/>\n<script type=\"application\/ld+json\" class=\"yoast-schema-graph\">{\"@context\":\"https:\/\/schema.org\",\"@graph\":[{\"@type\":\"Article\",\"@id\":\"https:\/\/noticiasemdestaque.com\/cd\/?p=27393#article\",\"isPartOf\":{\"@id\":\"https:\/\/noticiasemdestaque.com\/cd\/?p=27393\"},\"author\":{\"name\":\"Not\u00edcias em Destaque\",\"@id\":\"https:\/\/noticiasemdestaque.com\/cd\/#\/schema\/person\/967a459378479d4fa07976fedd8a7b5e\"},\"headline\":\"Lula e Ciro se encontram em SP e retomam di\u00e1logo\",\"datePublished\":\"2020-10-30T14:27:39+00:00\",\"mainEntityOfPage\":{\"@id\":\"https:\/\/noticiasemdestaque.com\/cd\/?p=27393\"},\"wordCount\":214,\"publisher\":{\"@id\":\"https:\/\/noticiasemdestaque.com\/cd\/#organization\"},\"image\":{\"@id\":\"https:\/\/noticiasemdestaque.com\/cd\/?p=27393#primaryimage\"},\"thumbnailUrl\":\"https:\/\/noticiasemdestaque.com\/cd\/wp-content\/uploads\/2020\/10\/lula-e-ciro.jpg.750x0_q95_crop.jpg\",\"articleSection\":[\"Pol\u00edtica\"],\"inLanguage\":\"pt-BR\"},{\"@type\":\"WebPage\",\"@id\":\"https:\/\/noticiasemdestaque.com\/cd\/?p=27393\",\"url\":\"https:\/\/noticiasemdestaque.com\/cd\/?p=27393\",\"name\":\"Lula e Ciro se encontram em SP e retomam di\u00e1logo - Not&iacute;cias em Destaque\",\"isPartOf\":{\"@id\":\"https:\/\/noticiasemdestaque.com\/cd\/#website\"},\"primaryImageOfPage\":{\"@id\":\"https:\/\/noticiasemdestaque.com\/cd\/?p=27393#primaryimage\"},\"image\":{\"@id\":\"https:\/\/noticiasemdestaque.com\/cd\/?p=27393#primaryimage\"},\"thumbnailUrl\":\"https:\/\/noticiasemdestaque.com\/cd\/wp-content\/uploads\/2020\/10\/lula-e-ciro.jpg.750x0_q95_crop.jpg\",\"datePublished\":\"2020-10-30T14:27:39+00:00\",\"breadcrumb\":{\"@id\":\"https:\/\/noticiasemdestaque.com\/cd\/?p=27393#breadcrumb\"},\"inLanguage\":\"pt-BR\",\"potentialAction\":[{\"@type\":\"ReadAction\",\"target\":[\"https:\/\/noticiasemdestaque.com\/cd\/?p=27393\"]}]},{\"@type\":\"ImageObject\",\"inLanguage\":\"pt-BR\",\"@id\":\"https:\/\/noticiasemdestaque.com\/cd\/?p=27393#primaryimage\",\"url\":\"https:\/\/noticiasemdestaque.com\/cd\/wp-content\/uploads\/2020\/10\/lula-e-ciro.jpg.750x0_q95_crop.jpg\",\"contentUrl\":\"https:\/\/noticiasemdestaque.com\/cd\/wp-content\/uploads\/2020\/10\/lula-e-ciro.jpg.750x0_q95_crop.jpg\",\"width\":1086,\"height\":652},{\"@type\":\"BreadcrumbList\",\"@id\":\"https:\/\/noticiasemdestaque.com\/cd\/?p=27393#breadcrumb\",\"itemListElement\":[{\"@type\":\"ListItem\",\"position\":1,\"name\":\"In\u00edcio\",\"item\":\"https:\/\/noticiasemdestaque.com\/cd\/\"},{\"@type\":\"ListItem\",\"position\":2,\"name\":\"Lula e Ciro se encontram em SP e retomam di\u00e1logo\"}]},{\"@type\":\"WebSite\",\"@id\":\"https:\/\/noticiasemdestaque.com\/cd\/#website\",\"url\":\"https:\/\/noticiasemdestaque.com\/cd\/\",\"name\":\"Not&iacute;cias em Destaque\",\"description\":\"\",\"publisher\":{\"@id\":\"https:\/\/noticiasemdestaque.com\/cd\/#organization\"},\"potentialAction\":[{\"@type\":\"SearchAction\",\"target\":{\"@type\":\"EntryPoint\",\"urlTemplate\":\"https:\/\/noticiasemdestaque.com\/cd\/?s={search_term_string}\"},\"query-input\":{\"@type\":\"PropertyValueSpecification\",\"valueRequired\":true,\"valueName\":\"search_term_string\"}}],\"inLanguage\":\"pt-BR\"},{\"@type\":\"Organization\",\"@id\":\"https:\/\/noticiasemdestaque.com\/cd\/#organization\",\"name\":\"Not\u00edcias em Destaque\",\"url\":\"https:\/\/noticiasemdestaque.com\/cd\/\",\"logo\":{\"@type\":\"ImageObject\",\"inLanguage\":\"pt-BR\",\"@id\":\"https:\/\/noticiasemdestaque.com\/cd\/#\/schema\/logo\/image\/\",\"url\":\"https:\/\/noticiasemdestaque.com\/cd\/wp-content\/uploads\/2022\/05\/imagem-base-noticiasemdestaque.png\",\"contentUrl\":\"https:\/\/noticiasemdestaque.com\/cd\/wp-content\/uploads\/2022\/05\/imagem-base-noticiasemdestaque.png\",\"width\":1200,\"height\":630,\"caption\":\"Not\u00edcias em Destaque\"},\"image\":{\"@id\":\"https:\/\/noticiasemdestaque.com\/cd\/#\/schema\/logo\/image\/\"}},{\"@type\":\"Person\",\"@id\":\"https:\/\/noticiasemdestaque.com\/cd\/#\/schema\/person\/967a459378479d4fa07976fedd8a7b5e\",\"name\":\"Not\u00edcias em Destaque\",\"url\":\"https:\/\/noticiasemdestaque.com\/cd\/?author=2\"}]}<\/script>\n<!-- \/ Yoast SEO plugin. -->","yoast_head_json":{"title":"Lula e Ciro se encontram em SP e retomam di\u00e1logo - Not&iacute;cias em Destaque","robots":{"index":"index","follow":"follow","max-snippet":"max-snippet:-1","max-image-preview":"max-image-preview:large","max-video-preview":"max-video-preview:-1"},"canonical":"https:\/\/noticiasemdestaque.com\/cd\/?p=27393","og_locale":"pt_BR","og_type":"article","og_title":"Lula e Ciro se encontram em SP e retomam di\u00e1logo - Not&iacute;cias em Destaque","og_description":"Mesmo com a not\u00edcia de que o ex-presidente Luiz In\u00e1cio Lula da Silva e o ex-ministro Ciro Gomes se encontraram em setembro e fizeram as pazes, interlocutores do petista e do pedetista disseram que eles n\u00e3o chegaram a tra\u00e7ar planos ou estrat\u00e9gias eleitorais conjuntas. Lula e Ciro se reuniram no m\u00eas passado, na sede do Instituto Lula, em S\u00e3o Paulo, e conversaram durante toda a tarde. A necessidade de uma uni\u00e3o da esquerda para combater o bolsonarismo foi tratada superficialmente, ainda de acordo com os interlocutores. O encontro, revelado pelo jornal\u00a0O Globo, foi intermediado pelo governador do Cear\u00e1, Camilo Santana, petista e um dos aliados da fam\u00edlia Gomes no Estado. Somente os tr\u00eas participaram da conversa. &#8220;Isso sinaliza a necessidade de unidade das esquerdas. Espero que este encontro tenha uma proje\u00e7\u00e3o para 2022 e para o segundo turno das elei\u00e7\u00f5es deste ano&#8221;, afirmou o deputado Paulo Teixeira (PT-SP), secret\u00e1rio-geral da sigla. A pedido de Lula o encontro estava sendo mantido em sigilo para n\u00e3o melindrar a base petista, que elegeu Ciro como advers\u00e1rio, \u00e0s v\u00e9speras das elei\u00e7\u00f5es municipais. A assessoria do petista n\u00e3o quis comentar.","og_url":"https:\/\/noticiasemdestaque.com\/cd\/?p=27393","og_site_name":"Not&iacute;cias em Destaque","article_published_time":"2020-10-30T14:27:39+00:00","og_image":[{"width":1086,"height":652,"url":"https:\/\/noticiasemdestaque.com\/cd\/wp-content\/uploads\/2020\/10\/lula-e-ciro.jpg.750x0_q95_crop.jpg","type":"image\/jpeg"}],"author":"Not\u00edcias em Destaque","twitter_card":"summary_large_image","twitter_misc":{"Escrito por":"Not\u00edcias em Destaque","Est. tempo de leitura":"1 minuto"},"schema":{"@context":"https:\/\/schema.org","@graph":[{"@type":"Article","@id":"https:\/\/noticiasemdestaque.com\/cd\/?p=27393#article","isPartOf":{"@id":"https:\/\/noticiasemdestaque.com\/cd\/?p=27393"},"author":{"name":"Not\u00edcias em Destaque","@id":"https:\/\/noticiasemdestaque.com\/cd\/#\/schema\/person\/967a459378479d4fa07976fedd8a7b5e"},"headline":"Lula e Ciro se encontram em SP e retomam di\u00e1logo","datePublished":"2020-10-30T14:27:39+00:00","mainEntityOfPage":{"@id":"https:\/\/noticiasemdestaque.com\/cd\/?p=27393"},"wordCount":214,"publisher":{"@id":"https:\/\/noticiasemdestaque.com\/cd\/#organization"},"image":{"@id":"https:\/\/noticiasemdestaque.com\/cd\/?p=27393#primaryimage"},"thumbnailUrl":"https:\/\/noticiasemdestaque.com\/cd\/wp-content\/uploads\/2020\/10\/lula-e-ciro.jpg.750x0_q95_crop.jpg","articleSection":["Pol\u00edtica"],"inLanguage":"pt-BR"},{"@type":"WebPage","@id":"https:\/\/noticiasemdestaque.com\/cd\/?p=27393","url":"https:\/\/noticiasemdestaque.com\/cd\/?p=27393","name":"Lula e Ciro se encontram em SP e retomam di\u00e1logo - Not&iacute;cias em Destaque","isPartOf":{"@id":"https:\/\/noticiasemdestaque.com\/cd\/#website"},"primaryImageOfPage":{"@id":"https:\/\/noticiasemdestaque.com\/cd\/?p=27393#primaryimage"},"image":{"@id":"https:\/\/noticiasemdestaque.com\/cd\/?p=27393#primaryimage"},"thumbnailUrl":"https:\/\/noticiasemdestaque.com\/cd\/wp-content\/uploads\/2020\/10\/lula-e-ciro.jpg.750x0_q95_crop.jpg","datePublished":"2020-10-30T14:27:39+00:00","breadcrumb":{"@id":"https:\/\/noticiasemdestaque.com\/cd\/?p=27393#breadcrumb"},"inLanguage":"pt-BR","potentialAction":[{"@type":"ReadAction","target":["https:\/\/noticiasemdestaque.com\/cd\/?p=27393"]}]},{"@type":"ImageObject","inLanguage":"pt-BR","@id":"https:\/\/noticiasemdestaque.com\/cd\/?p=27393#primaryimage","url":"https:\/\/noticiasemdestaque.com\/cd\/wp-content\/uploads\/2020\/10\/lula-e-ciro.jpg.750x0_q95_crop.jpg","contentUrl":"https:\/\/noticiasemdestaque.com\/cd\/wp-content\/uploads\/2020\/10\/lula-e-ciro.jpg.750x0_q95_crop.jpg","width":1086,"height":652},{"@type":"BreadcrumbList","@id":"https:\/\/noticiasemdestaque.com\/cd\/?p=27393#breadcrumb","itemListElement":[{"@type":"ListItem","position":1,"name":"In\u00edcio","item":"https:\/\/noticiasemdestaque.com\/cd\/"},{"@type":"ListItem","position":2,"name":"Lula e Ciro se encontram em SP e retomam di\u00e1logo"}]},{"@type":"WebSite","@id":"https:\/\/noticiasemdestaque.com\/cd\/#website","url":"https:\/\/noticiasemdestaque.com\/cd\/","name":"Not&iacute;cias em Destaque","description":"","publisher":{"@id":"https:\/\/noticiasemdestaque.com\/cd\/#organization"},"potentialAction":[{"@type":"SearchAction","target":{"@type":"EntryPoint","urlTemplate":"https:\/\/noticiasemdestaque.com\/cd\/?s={search_term_string}"},"query-input":{"@type":"PropertyValueSpecification","valueRequired":true,"valueName":"search_term_string"}}],"inLanguage":"pt-BR"},{"@type":"Organization","@id":"https:\/\/noticiasemdestaque.com\/cd\/#organization","name":"Not\u00edcias em Destaque","url":"https:\/\/noticiasemdestaque.com\/cd\/","logo":{"@type":"ImageObject","inLanguage":"pt-BR","@id":"https:\/\/noticiasemdestaque.com\/cd\/#\/schema\/logo\/image\/","url":"https:\/\/noticiasemdestaque.com\/cd\/wp-content\/uploads\/2022\/05\/imagem-base-noticiasemdestaque.png","contentUrl":"https:\/\/noticiasemdestaque.com\/cd\/wp-content\/uploads\/2022\/05\/imagem-base-noticiasemdestaque.png","width":1200,"height":630,"caption":"Not\u00edcias em Destaque"},"image":{"@id":"https:\/\/noticiasemdestaque.com\/cd\/#\/schema\/logo\/image\/"}},{"@type":"Person","@id":"https:\/\/noticiasemdestaque.com\/cd\/#\/schema\/person\/967a459378479d4fa07976fedd8a7b5e","name":"Not\u00edcias em Destaque","url":"https:\/\/noticiasemdestaque.com\/cd\/?author=2"}]}},"jetpack_featured_media_url":"https:\/\/noticiasemdestaque.com\/cd\/wp-content\/uploads\/2020\/10\/lula-e-ciro.jpg.750x0_q95_crop.jpg","jetpack_sharing_enabled":true,"_links":{"self":[{"href":"https:\/\/noticiasemdestaque.com\/cd\/index.php?rest_route=\/wp\/v2\/posts\/27393","targetHints":{"allow":["GET"]}}],"collection":[{"href":"https:\/\/noticiasemdestaque.com\/cd\/index.php?rest_route=\/wp\/v2\/posts"}],"about":[{"href":"https:\/\/noticiasemdestaque.com\/cd\/index.php?rest_route=\/wp\/v2\/types\/post"}],"author":[{"embeddable":true,"href":"https:\/\/noticiasemdestaque.com\/cd\/index.php?rest_route=\/wp\/v2\/users\/2"}],"replies":[{"embeddable":true,"href":"https:\/\/noticiasemdestaque.com\/cd\/index.php?rest_route=%2Fwp%2Fv2%2Fcomments&post=27393"}],"version-history":[{"count":1,"href":"https:\/\/noticiasemdestaque.com\/cd\/index.php?rest_route=\/wp\/v2\/posts\/27393\/revisions"}],"predecessor-version":[{"id":27395,"href":"https:\/\/noticiasemdestaque.com\/cd\/index.php?rest_route=\/wp\/v2\/posts\/27393\/revisions\/27395"}],"wp:featuredmedia":[{"embeddable":true,"href":"https:\/\/noticiasemdestaque.com\/cd\/index.php?rest_route=\/wp\/v2\/media\/27394"}],"wp:attachment":[{"href":"https:\/\/noticiasemdestaque.com\/cd\/index.php?rest_route=%2Fwp%2Fv2%2Fmedia&parent=27393"}],"wp:term":[{"taxonomy":"category","embeddable":true,"href":"https:\/\/noticiasemdestaque.com\/cd\/index.php?rest_route=%2Fwp%2Fv2%2Fcategories&post=27393"},{"taxonomy":"post_tag","embeddable":true,"href":"https:\/\/noticiasemdestaque.com\/cd\/index.php?rest_route=%2Fwp%2Fv2%2Ftags&post=27393"}],"curies":[{"name":"wp","href":"https:\/\/api.w.org\/{rel}","templated":true}]}}