{"id":27377,"date":"2020-10-27T10:14:14","date_gmt":"2020-10-27T13:14:14","guid":{"rendered":"http:\/\/noticiasemdestaque.com\/cd\/?p=27377"},"modified":"2020-10-27T10:14:14","modified_gmt":"2020-10-27T13:14:14","slug":"branco-mendes-assume-candidatura-em-alhandra-com-apoio-de-renato-mendes","status":"publish","type":"post","link":"https:\/\/noticiasemdestaque.com\/cd\/?p=27377","title":{"rendered":"Branco Mendes assume candidatura em Alhandra com apoio de Renato Mendes"},"content":{"rendered":"<p><a href=\"https:\/\/noticiasemdestaque.com\/cd\/wp-content\/uploads\/2018\/04\/branco.jpg\"><img fetchpriority=\"high\" decoding=\"async\" class=\"size-medium wp-image-9092 alignleft\" src=\"https:\/\/noticiasemdestaque.com\/cd\/wp-content\/uploads\/2018\/04\/branco-300x188.jpg\" alt=\"\" width=\"300\" height=\"188\" srcset=\"https:\/\/noticiasemdestaque.com\/cd\/wp-content\/uploads\/2018\/04\/branco-300x188.jpg 300w, https:\/\/noticiasemdestaque.com\/cd\/wp-content\/uploads\/2018\/04\/branco-768x480.jpg 768w, https:\/\/noticiasemdestaque.com\/cd\/wp-content\/uploads\/2018\/04\/branco-1024x640.jpg 1024w, https:\/\/noticiasemdestaque.com\/cd\/wp-content\/uploads\/2018\/04\/branco.jpg 1280w\" sizes=\"(max-width: 300px) 100vw, 300px\" \/><\/a><\/p>\n<p>A onda de indeferimentos e substitui\u00e7\u00f5es de candidaturas na Para\u00edba n\u00e3o para e hoje (27) gerou mais uma mudan\u00e7a desta vez na cidade de Alhandra. Na cidade ocorreu que o grupo de situa\u00e7\u00e3o decidiu pelo nome do deputado Branco Mendes (Podemos) para disputar o cargo de prefeito de Alhandra, ap\u00f3s o indeferimento da candidatura do atual prefeito Renato Mendes pela Justi\u00e7a Eleitoral. O vice permanece sendo L\u00eado Salvino.<\/p>\n<p>O prazo final para substitui\u00e7\u00e3o de candidatos encerrou nesta segunda-feira (26) e ap\u00f3s uma reuniu com a coliga\u00e7\u00e3o \u201cA For\u00e7a do Bem\u201d e os candidatos dos partidos Cidadania, Podemos, Democratas e PT, ficou decidido que Branco Mendes \u00e9 o melhor nome para substituir Renato Mendes na disputa, para que Alhandra n\u00e3o volte ao retrocesso e muito menos volte a ser comandada por quem passou quatro anos perseguindo e humilhando os mais humildes.<\/p>\n<p>Branco Mendes foi vereador e presidente da C\u00e2mara Municipal de Alhandra, prefeito por dois mandatos, sendo que em 2000, ano de sua reelei\u00e7\u00e3o como prefeito, obteve 86% dos votos do eleitorado de Alhandra. Deixou um legado de administrador \u00e9tico e sens\u00edvel. Em sua administra\u00e7\u00e3o foram priorizadas obras essenciais nas \u00e1reas de infraestrutura, educa\u00e7\u00e3o, sa\u00fade, esporte, implanta\u00e7\u00e3o do Distrito Industrial.<\/p>\n<p>Em 2006 disputou sua primeira elei\u00e7\u00e3o para o mandato de deputado estadual, obtendo 28.970 votos, foi o 2\u00ba mais bem votado do seu partido (DEM) e o 14\u00ba na classifica\u00e7\u00e3o dos mais bem votados. Foi reeleito nas elei\u00e7\u00f5es seguintes (2010, 2014 e 2018) e est\u00e1 em seu 4\u00ba mandato na Assembleia.<\/p>\n<div id=\"extra_content\" class=\"extra_content\">\n<p>Nos quatro mandatos de deputado, sempre foi o mais bem votado de Alhandra por desenvolver um trabalho di\u00e1rio de aten\u00e7\u00e3o com o povo alhandrense, sempre presente no munic\u00edpio.<\/p>\n<p>Com PB Agora<\/p>\n<\/div>\n","protected":false},"excerpt":{"rendered":"<p>A onda de indeferimentos e substitui\u00e7\u00f5es de candidaturas na Para\u00edba n\u00e3o para e hoje (27) gerou mais uma mudan\u00e7a desta vez na cidade de Alhandra. Na cidade ocorreu que o grupo de situa\u00e7\u00e3o decidiu pelo nome do deputado Branco Mendes (Podemos) para disputar o cargo de prefeito de Alhandra, ap\u00f3s o indeferimento da candidatura do atual prefeito Renato Mendes pela Justi\u00e7a Eleitoral. O vice permanece sendo L\u00eado Salvino. O prazo final para substitui\u00e7\u00e3o de candidatos encerrou nesta segunda-feira (26) e ap\u00f3s uma reuniu com a coliga\u00e7\u00e3o \u201cA For\u00e7a do Bem\u201d e os candidatos dos partidos Cidadania, Podemos, Democratas e PT, ficou decidido que Branco Mendes \u00e9 o melhor nome para substituir Renato Mendes na disputa, para que Alhandra n\u00e3o volte ao retrocesso e muito menos volte a ser comandada por quem passou quatro anos perseguindo e humilhando os mais humildes. Branco Mendes foi vereador e presidente da C\u00e2mara Municipal de Alhandra, prefeito por dois mandatos, sendo que em 2000, ano de sua reelei\u00e7\u00e3o como prefeito, obteve 86% dos votos do eleitorado de Alhandra. Deixou um legado de administrador \u00e9tico e sens\u00edvel. Em sua administra\u00e7\u00e3o foram priorizadas obras essenciais nas \u00e1reas de infraestrutura, educa\u00e7\u00e3o, sa\u00fade, esporte, implanta\u00e7\u00e3o do Distrito Industrial. Em 2006 disputou sua primeira elei\u00e7\u00e3o para o mandato de deputado estadual, obtendo 28.970 votos, foi o 2\u00ba mais bem votado do seu partido (DEM) e o 14\u00ba na classifica\u00e7\u00e3o dos mais bem votados. Foi reeleito nas elei\u00e7\u00f5es seguintes (2010, 2014 e 2018) e est\u00e1 em seu 4\u00ba mandato na Assembleia. Nos quatro mandatos de deputado, sempre foi o mais bem votado de Alhandra por desenvolver um trabalho di\u00e1rio de aten\u00e7\u00e3o com o povo alhandrense, sempre presente no munic\u00edpio. Com PB Agora<\/p>\n","protected":false},"author":2,"featured_media":8555,"comment_status":"closed","ping_status":"open","sticky":false,"template":"","format":"standard","meta":{"_eb_attr":"","_jetpack_memberships_contains_paid_content":false,"footnotes":""},"categories":[4],"tags":[],"class_list":["post-27377","post","type-post","status-publish","format-standard","has-post-thumbnail","hentry","category-politica"],"yoast_head":"<!-- This site is optimized with the Yoast SEO plugin v26.5 - https:\/\/yoast.com\/wordpress\/plugins\/seo\/ -->\n<title>Branco Mendes assume candidatura em Alhandra com apoio de Renato Mendes - Not&iacute;cias em Destaque<\/title>\n<meta name=\"robots\" content=\"index, follow, max-snippet:-1, max-image-preview:large, max-video-preview:-1\" \/>\n<link rel=\"canonical\" href=\"https:\/\/noticiasemdestaque.com\/cd\/?p=27377\" \/>\n<meta property=\"og:locale\" content=\"pt_BR\" \/>\n<meta property=\"og:type\" content=\"article\" \/>\n<meta property=\"og:title\" content=\"Branco Mendes assume candidatura em Alhandra com apoio de Renato Mendes - Not&iacute;cias em Destaque\" \/>\n<meta property=\"og:description\" content=\"A onda de indeferimentos e substitui\u00e7\u00f5es de candidaturas na Para\u00edba n\u00e3o para e hoje (27) gerou mais uma mudan\u00e7a desta vez na cidade de Alhandra. Na cidade ocorreu que o grupo de situa\u00e7\u00e3o decidiu pelo nome do deputado Branco Mendes (Podemos) para disputar o cargo de prefeito de Alhandra, ap\u00f3s o indeferimento da candidatura do atual prefeito Renato Mendes pela Justi\u00e7a Eleitoral. O vice permanece sendo L\u00eado Salvino. O prazo final para substitui\u00e7\u00e3o de candidatos encerrou nesta segunda-feira (26) e ap\u00f3s uma reuniu com a coliga\u00e7\u00e3o \u201cA For\u00e7a do Bem\u201d e os candidatos dos partidos Cidadania, Podemos, Democratas e PT, ficou decidido que Branco Mendes \u00e9 o melhor nome para substituir Renato Mendes na disputa, para que Alhandra n\u00e3o volte ao retrocesso e muito menos volte a ser comandada por quem passou quatro anos perseguindo e humilhando os mais humildes. Branco Mendes foi vereador e presidente da C\u00e2mara Municipal de Alhandra, prefeito por dois mandatos, sendo que em 2000, ano de sua reelei\u00e7\u00e3o como prefeito, obteve 86% dos votos do eleitorado de Alhandra. Deixou um legado de administrador \u00e9tico e sens\u00edvel. Em sua administra\u00e7\u00e3o foram priorizadas obras essenciais nas \u00e1reas de infraestrutura, educa\u00e7\u00e3o, sa\u00fade, esporte, implanta\u00e7\u00e3o do Distrito Industrial. Em 2006 disputou sua primeira elei\u00e7\u00e3o para o mandato de deputado estadual, obtendo 28.970 votos, foi o 2\u00ba mais bem votado do seu partido (DEM) e o 14\u00ba na classifica\u00e7\u00e3o dos mais bem votados. Foi reeleito nas elei\u00e7\u00f5es seguintes (2010, 2014 e 2018) e est\u00e1 em seu 4\u00ba mandato na Assembleia. Nos quatro mandatos de deputado, sempre foi o mais bem votado de Alhandra por desenvolver um trabalho di\u00e1rio de aten\u00e7\u00e3o com o povo alhandrense, sempre presente no munic\u00edpio. Com PB Agora\" \/>\n<meta property=\"og:url\" content=\"https:\/\/noticiasemdestaque.com\/cd\/?p=27377\" \/>\n<meta property=\"og:site_name\" content=\"Not&iacute;cias em Destaque\" \/>\n<meta property=\"article:published_time\" content=\"2020-10-27T13:14:14+00:00\" \/>\n<meta property=\"og:image\" content=\"https:\/\/noticiasemdestaque.com\/cd\/wp-content\/uploads\/2018\/03\/branco-mendes-599x465.jpg\" \/>\n\t<meta property=\"og:image:width\" content=\"599\" \/>\n\t<meta property=\"og:image:height\" content=\"465\" \/>\n\t<meta property=\"og:image:type\" content=\"image\/jpeg\" \/>\n<meta name=\"author\" content=\"Not\u00edcias em Destaque\" \/>\n<meta name=\"twitter:card\" content=\"summary_large_image\" \/>\n<meta name=\"twitter:label1\" content=\"Escrito por\" \/>\n\t<meta name=\"twitter:data1\" content=\"Not\u00edcias em Destaque\" \/>\n\t<meta name=\"twitter:label2\" content=\"Est. tempo de leitura\" \/>\n\t<meta name=\"twitter:data2\" content=\"1 minuto\" \/>\n<script type=\"application\/ld+json\" class=\"yoast-schema-graph\">{\"@context\":\"https:\/\/schema.org\",\"@graph\":[{\"@type\":\"Article\",\"@id\":\"https:\/\/noticiasemdestaque.com\/cd\/?p=27377#article\",\"isPartOf\":{\"@id\":\"https:\/\/noticiasemdestaque.com\/cd\/?p=27377\"},\"author\":{\"name\":\"Not\u00edcias em Destaque\",\"@id\":\"https:\/\/noticiasemdestaque.com\/cd\/#\/schema\/person\/967a459378479d4fa07976fedd8a7b5e\"},\"headline\":\"Branco Mendes assume candidatura em Alhandra com apoio de Renato Mendes\",\"datePublished\":\"2020-10-27T13:14:14+00:00\",\"mainEntityOfPage\":{\"@id\":\"https:\/\/noticiasemdestaque.com\/cd\/?p=27377\"},\"wordCount\":305,\"publisher\":{\"@id\":\"https:\/\/noticiasemdestaque.com\/cd\/#organization\"},\"image\":{\"@id\":\"https:\/\/noticiasemdestaque.com\/cd\/?p=27377#primaryimage\"},\"thumbnailUrl\":\"https:\/\/noticiasemdestaque.com\/cd\/wp-content\/uploads\/2018\/03\/branco-mendes-599x465.jpg\",\"articleSection\":[\"Pol\u00edtica\"],\"inLanguage\":\"pt-BR\"},{\"@type\":\"WebPage\",\"@id\":\"https:\/\/noticiasemdestaque.com\/cd\/?p=27377\",\"url\":\"https:\/\/noticiasemdestaque.com\/cd\/?p=27377\",\"name\":\"Branco Mendes assume candidatura em Alhandra com apoio de Renato Mendes - Not&iacute;cias em Destaque\",\"isPartOf\":{\"@id\":\"https:\/\/noticiasemdestaque.com\/cd\/#website\"},\"primaryImageOfPage\":{\"@id\":\"https:\/\/noticiasemdestaque.com\/cd\/?p=27377#primaryimage\"},\"image\":{\"@id\":\"https:\/\/noticiasemdestaque.com\/cd\/?p=27377#primaryimage\"},\"thumbnailUrl\":\"https:\/\/noticiasemdestaque.com\/cd\/wp-content\/uploads\/2018\/03\/branco-mendes-599x465.jpg\",\"datePublished\":\"2020-10-27T13:14:14+00:00\",\"breadcrumb\":{\"@id\":\"https:\/\/noticiasemdestaque.com\/cd\/?p=27377#breadcrumb\"},\"inLanguage\":\"pt-BR\",\"potentialAction\":[{\"@type\":\"ReadAction\",\"target\":[\"https:\/\/noticiasemdestaque.com\/cd\/?p=27377\"]}]},{\"@type\":\"ImageObject\",\"inLanguage\":\"pt-BR\",\"@id\":\"https:\/\/noticiasemdestaque.com\/cd\/?p=27377#primaryimage\",\"url\":\"https:\/\/noticiasemdestaque.com\/cd\/wp-content\/uploads\/2018\/03\/branco-mendes-599x465.jpg\",\"contentUrl\":\"https:\/\/noticiasemdestaque.com\/cd\/wp-content\/uploads\/2018\/03\/branco-mendes-599x465.jpg\",\"width\":599,\"height\":465},{\"@type\":\"BreadcrumbList\",\"@id\":\"https:\/\/noticiasemdestaque.com\/cd\/?p=27377#breadcrumb\",\"itemListElement\":[{\"@type\":\"ListItem\",\"position\":1,\"name\":\"In\u00edcio\",\"item\":\"https:\/\/noticiasemdestaque.com\/cd\/\"},{\"@type\":\"ListItem\",\"position\":2,\"name\":\"Branco Mendes assume candidatura em Alhandra com apoio de Renato Mendes\"}]},{\"@type\":\"WebSite\",\"@id\":\"https:\/\/noticiasemdestaque.com\/cd\/#website\",\"url\":\"https:\/\/noticiasemdestaque.com\/cd\/\",\"name\":\"Not&iacute;cias em Destaque\",\"description\":\"\",\"publisher\":{\"@id\":\"https:\/\/noticiasemdestaque.com\/cd\/#organization\"},\"potentialAction\":[{\"@type\":\"SearchAction\",\"target\":{\"@type\":\"EntryPoint\",\"urlTemplate\":\"https:\/\/noticiasemdestaque.com\/cd\/?s={search_term_string}\"},\"query-input\":{\"@type\":\"PropertyValueSpecification\",\"valueRequired\":true,\"valueName\":\"search_term_string\"}}],\"inLanguage\":\"pt-BR\"},{\"@type\":\"Organization\",\"@id\":\"https:\/\/noticiasemdestaque.com\/cd\/#organization\",\"name\":\"Not\u00edcias em Destaque\",\"url\":\"https:\/\/noticiasemdestaque.com\/cd\/\",\"logo\":{\"@type\":\"ImageObject\",\"inLanguage\":\"pt-BR\",\"@id\":\"https:\/\/noticiasemdestaque.com\/cd\/#\/schema\/logo\/image\/\",\"url\":\"https:\/\/noticiasemdestaque.com\/cd\/wp-content\/uploads\/2022\/05\/imagem-base-noticiasemdestaque.png\",\"contentUrl\":\"https:\/\/noticiasemdestaque.com\/cd\/wp-content\/uploads\/2022\/05\/imagem-base-noticiasemdestaque.png\",\"width\":1200,\"height\":630,\"caption\":\"Not\u00edcias em Destaque\"},\"image\":{\"@id\":\"https:\/\/noticiasemdestaque.com\/cd\/#\/schema\/logo\/image\/\"}},{\"@type\":\"Person\",\"@id\":\"https:\/\/noticiasemdestaque.com\/cd\/#\/schema\/person\/967a459378479d4fa07976fedd8a7b5e\",\"name\":\"Not\u00edcias em Destaque\",\"url\":\"https:\/\/noticiasemdestaque.com\/cd\/?author=2\"}]}<\/script>\n<!-- \/ Yoast SEO plugin. -->","yoast_head_json":{"title":"Branco Mendes assume candidatura em Alhandra com apoio de Renato Mendes - Not&iacute;cias em Destaque","robots":{"index":"index","follow":"follow","max-snippet":"max-snippet:-1","max-image-preview":"max-image-preview:large","max-video-preview":"max-video-preview:-1"},"canonical":"https:\/\/noticiasemdestaque.com\/cd\/?p=27377","og_locale":"pt_BR","og_type":"article","og_title":"Branco Mendes assume candidatura em Alhandra com apoio de Renato Mendes - Not&iacute;cias em Destaque","og_description":"A onda de indeferimentos e substitui\u00e7\u00f5es de candidaturas na Para\u00edba n\u00e3o para e hoje (27) gerou mais uma mudan\u00e7a desta vez na cidade de Alhandra. Na cidade ocorreu que o grupo de situa\u00e7\u00e3o decidiu pelo nome do deputado Branco Mendes (Podemos) para disputar o cargo de prefeito de Alhandra, ap\u00f3s o indeferimento da candidatura do atual prefeito Renato Mendes pela Justi\u00e7a Eleitoral. O vice permanece sendo L\u00eado Salvino. O prazo final para substitui\u00e7\u00e3o de candidatos encerrou nesta segunda-feira (26) e ap\u00f3s uma reuniu com a coliga\u00e7\u00e3o \u201cA For\u00e7a do Bem\u201d e os candidatos dos partidos Cidadania, Podemos, Democratas e PT, ficou decidido que Branco Mendes \u00e9 o melhor nome para substituir Renato Mendes na disputa, para que Alhandra n\u00e3o volte ao retrocesso e muito menos volte a ser comandada por quem passou quatro anos perseguindo e humilhando os mais humildes. Branco Mendes foi vereador e presidente da C\u00e2mara Municipal de Alhandra, prefeito por dois mandatos, sendo que em 2000, ano de sua reelei\u00e7\u00e3o como prefeito, obteve 86% dos votos do eleitorado de Alhandra. Deixou um legado de administrador \u00e9tico e sens\u00edvel. Em sua administra\u00e7\u00e3o foram priorizadas obras essenciais nas \u00e1reas de infraestrutura, educa\u00e7\u00e3o, sa\u00fade, esporte, implanta\u00e7\u00e3o do Distrito Industrial. Em 2006 disputou sua primeira elei\u00e7\u00e3o para o mandato de deputado estadual, obtendo 28.970 votos, foi o 2\u00ba mais bem votado do seu partido (DEM) e o 14\u00ba na classifica\u00e7\u00e3o dos mais bem votados. Foi reeleito nas elei\u00e7\u00f5es seguintes (2010, 2014 e 2018) e est\u00e1 em seu 4\u00ba mandato na Assembleia. Nos quatro mandatos de deputado, sempre foi o mais bem votado de Alhandra por desenvolver um trabalho di\u00e1rio de aten\u00e7\u00e3o com o povo alhandrense, sempre presente no munic\u00edpio. Com PB Agora","og_url":"https:\/\/noticiasemdestaque.com\/cd\/?p=27377","og_site_name":"Not&iacute;cias em Destaque","article_published_time":"2020-10-27T13:14:14+00:00","og_image":[{"width":599,"height":465,"url":"https:\/\/noticiasemdestaque.com\/cd\/wp-content\/uploads\/2018\/03\/branco-mendes-599x465.jpg","type":"image\/jpeg"}],"author":"Not\u00edcias em Destaque","twitter_card":"summary_large_image","twitter_misc":{"Escrito por":"Not\u00edcias em Destaque","Est. tempo de leitura":"1 minuto"},"schema":{"@context":"https:\/\/schema.org","@graph":[{"@type":"Article","@id":"https:\/\/noticiasemdestaque.com\/cd\/?p=27377#article","isPartOf":{"@id":"https:\/\/noticiasemdestaque.com\/cd\/?p=27377"},"author":{"name":"Not\u00edcias em Destaque","@id":"https:\/\/noticiasemdestaque.com\/cd\/#\/schema\/person\/967a459378479d4fa07976fedd8a7b5e"},"headline":"Branco Mendes assume candidatura em Alhandra com apoio de Renato Mendes","datePublished":"2020-10-27T13:14:14+00:00","mainEntityOfPage":{"@id":"https:\/\/noticiasemdestaque.com\/cd\/?p=27377"},"wordCount":305,"publisher":{"@id":"https:\/\/noticiasemdestaque.com\/cd\/#organization"},"image":{"@id":"https:\/\/noticiasemdestaque.com\/cd\/?p=27377#primaryimage"},"thumbnailUrl":"https:\/\/noticiasemdestaque.com\/cd\/wp-content\/uploads\/2018\/03\/branco-mendes-599x465.jpg","articleSection":["Pol\u00edtica"],"inLanguage":"pt-BR"},{"@type":"WebPage","@id":"https:\/\/noticiasemdestaque.com\/cd\/?p=27377","url":"https:\/\/noticiasemdestaque.com\/cd\/?p=27377","name":"Branco Mendes assume candidatura em Alhandra com apoio de Renato Mendes - Not&iacute;cias em Destaque","isPartOf":{"@id":"https:\/\/noticiasemdestaque.com\/cd\/#website"},"primaryImageOfPage":{"@id":"https:\/\/noticiasemdestaque.com\/cd\/?p=27377#primaryimage"},"image":{"@id":"https:\/\/noticiasemdestaque.com\/cd\/?p=27377#primaryimage"},"thumbnailUrl":"https:\/\/noticiasemdestaque.com\/cd\/wp-content\/uploads\/2018\/03\/branco-mendes-599x465.jpg","datePublished":"2020-10-27T13:14:14+00:00","breadcrumb":{"@id":"https:\/\/noticiasemdestaque.com\/cd\/?p=27377#breadcrumb"},"inLanguage":"pt-BR","potentialAction":[{"@type":"ReadAction","target":["https:\/\/noticiasemdestaque.com\/cd\/?p=27377"]}]},{"@type":"ImageObject","inLanguage":"pt-BR","@id":"https:\/\/noticiasemdestaque.com\/cd\/?p=27377#primaryimage","url":"https:\/\/noticiasemdestaque.com\/cd\/wp-content\/uploads\/2018\/03\/branco-mendes-599x465.jpg","contentUrl":"https:\/\/noticiasemdestaque.com\/cd\/wp-content\/uploads\/2018\/03\/branco-mendes-599x465.jpg","width":599,"height":465},{"@type":"BreadcrumbList","@id":"https:\/\/noticiasemdestaque.com\/cd\/?p=27377#breadcrumb","itemListElement":[{"@type":"ListItem","position":1,"name":"In\u00edcio","item":"https:\/\/noticiasemdestaque.com\/cd\/"},{"@type":"ListItem","position":2,"name":"Branco Mendes assume candidatura em Alhandra com apoio de Renato Mendes"}]},{"@type":"WebSite","@id":"https:\/\/noticiasemdestaque.com\/cd\/#website","url":"https:\/\/noticiasemdestaque.com\/cd\/","name":"Not&iacute;cias em Destaque","description":"","publisher":{"@id":"https:\/\/noticiasemdestaque.com\/cd\/#organization"},"potentialAction":[{"@type":"SearchAction","target":{"@type":"EntryPoint","urlTemplate":"https:\/\/noticiasemdestaque.com\/cd\/?s={search_term_string}"},"query-input":{"@type":"PropertyValueSpecification","valueRequired":true,"valueName":"search_term_string"}}],"inLanguage":"pt-BR"},{"@type":"Organization","@id":"https:\/\/noticiasemdestaque.com\/cd\/#organization","name":"Not\u00edcias em Destaque","url":"https:\/\/noticiasemdestaque.com\/cd\/","logo":{"@type":"ImageObject","inLanguage":"pt-BR","@id":"https:\/\/noticiasemdestaque.com\/cd\/#\/schema\/logo\/image\/","url":"https:\/\/noticiasemdestaque.com\/cd\/wp-content\/uploads\/2022\/05\/imagem-base-noticiasemdestaque.png","contentUrl":"https:\/\/noticiasemdestaque.com\/cd\/wp-content\/uploads\/2022\/05\/imagem-base-noticiasemdestaque.png","width":1200,"height":630,"caption":"Not\u00edcias em Destaque"},"image":{"@id":"https:\/\/noticiasemdestaque.com\/cd\/#\/schema\/logo\/image\/"}},{"@type":"Person","@id":"https:\/\/noticiasemdestaque.com\/cd\/#\/schema\/person\/967a459378479d4fa07976fedd8a7b5e","name":"Not\u00edcias em Destaque","url":"https:\/\/noticiasemdestaque.com\/cd\/?author=2"}]}},"jetpack_featured_media_url":"https:\/\/noticiasemdestaque.com\/cd\/wp-content\/uploads\/2018\/03\/branco-mendes-599x465.jpg","jetpack_sharing_enabled":true,"_links":{"self":[{"href":"https:\/\/noticiasemdestaque.com\/cd\/index.php?rest_route=\/wp\/v2\/posts\/27377","targetHints":{"allow":["GET"]}}],"collection":[{"href":"https:\/\/noticiasemdestaque.com\/cd\/index.php?rest_route=\/wp\/v2\/posts"}],"about":[{"href":"https:\/\/noticiasemdestaque.com\/cd\/index.php?rest_route=\/wp\/v2\/types\/post"}],"author":[{"embeddable":true,"href":"https:\/\/noticiasemdestaque.com\/cd\/index.php?rest_route=\/wp\/v2\/users\/2"}],"replies":[{"embeddable":true,"href":"https:\/\/noticiasemdestaque.com\/cd\/index.php?rest_route=%2Fwp%2Fv2%2Fcomments&post=27377"}],"version-history":[{"count":1,"href":"https:\/\/noticiasemdestaque.com\/cd\/index.php?rest_route=\/wp\/v2\/posts\/27377\/revisions"}],"predecessor-version":[{"id":27378,"href":"https:\/\/noticiasemdestaque.com\/cd\/index.php?rest_route=\/wp\/v2\/posts\/27377\/revisions\/27378"}],"wp:featuredmedia":[{"embeddable":true,"href":"https:\/\/noticiasemdestaque.com\/cd\/index.php?rest_route=\/wp\/v2\/media\/8555"}],"wp:attachment":[{"href":"https:\/\/noticiasemdestaque.com\/cd\/index.php?rest_route=%2Fwp%2Fv2%2Fmedia&parent=27377"}],"wp:term":[{"taxonomy":"category","embeddable":true,"href":"https:\/\/noticiasemdestaque.com\/cd\/index.php?rest_route=%2Fwp%2Fv2%2Fcategories&post=27377"},{"taxonomy":"post_tag","embeddable":true,"href":"https:\/\/noticiasemdestaque.com\/cd\/index.php?rest_route=%2Fwp%2Fv2%2Ftags&post=27377"}],"curies":[{"name":"wp","href":"https:\/\/api.w.org\/{rel}","templated":true}]}}