{"id":27372,"date":"2020-10-21T06:16:00","date_gmt":"2020-10-21T09:16:00","guid":{"rendered":"http:\/\/noticiasemdestaque.com\/cd\/?p=27372"},"modified":"2020-10-21T06:16:00","modified_gmt":"2020-10-21T09:16:00","slug":"saude-de-sume-registra-01-casos-positivo-para-coronavirus-e-12-recuperados-nesta-terca-feira-20","status":"publish","type":"post","link":"https:\/\/noticiasemdestaque.com\/cd\/?p=27372","title":{"rendered":"Sa\u00fade de Sum\u00e9 registra 01 casos positivo para coronav\u00edrus e 12 recuperados nesta ter\u00e7a-feira, 20."},"content":{"rendered":"<p><a href=\"https:\/\/noticiasemdestaque.com\/cd\/wp-content\/uploads\/2020\/05\/covid-19-2.jpg\"><img fetchpriority=\"high\" decoding=\"async\" class=\"size-medium wp-image-24885 aligncenter\" src=\"https:\/\/noticiasemdestaque.com\/cd\/wp-content\/uploads\/2020\/05\/covid-19-2-300x168.jpg\" alt=\"\" width=\"300\" height=\"168\" srcset=\"https:\/\/noticiasemdestaque.com\/cd\/wp-content\/uploads\/2020\/05\/covid-19-2-300x168.jpg 300w, https:\/\/noticiasemdestaque.com\/cd\/wp-content\/uploads\/2020\/05\/covid-19-2.jpg 673w\" sizes=\"(max-width: 300px) 100vw, 300px\" \/><\/a><\/p>\n<p>A Secretaria Municipal de Sa\u00fade de Sum\u00e9 informa que foi registrado 01 caso positivo para coronav\u00edrus nesta ter\u00e7a-feira, 20. Trata-se de uma paciente do sexo feminino, 36 anos, com comorbidades, moradora do Centro da cidade.<\/p>\n<p>Tamb\u00e9m foram registrados na data de hoje:<\/p>\n<ul>\n<li>12 casos recuperados;<\/li>\n<li>11 casos em investiga\u00e7\u00e3o;<\/li>\n<li>1.157 casos descartados;<\/li>\n<li>648 casos confirmados;<\/li>\n<li>605 recuperados;<\/li>\n<li>38 casos ativos;<\/li>\n<li>04 \u00f3bitos.<\/li>\n<\/ul>\n<p>N\u00e3o se descuide, ao sair use m\u00e1scara, cubra bem o nariz e a boca, lave sempre as m\u00e3os e use \u00e1lcool em gel 70%.<\/p>\n<p>Ascom PMS<\/p>\n<p>20\/10\/2020<\/p>\n","protected":false},"excerpt":{"rendered":"<p>A Secretaria Municipal de Sa\u00fade de Sum\u00e9 informa que foi registrado 01 caso positivo para coronav\u00edrus nesta ter\u00e7a-feira, 20. Trata-se de uma paciente do sexo feminino, 36 anos, com comorbidades, moradora do Centro da cidade. Tamb\u00e9m foram registrados na data de hoje: 12 casos recuperados; 11 casos em investiga\u00e7\u00e3o; 1.157 casos descartados; 648 casos confirmados; 605 recuperados; 38 casos ativos; 04 \u00f3bitos. N\u00e3o se descuide, ao sair use m\u00e1scara, cubra bem o nariz e a boca, lave sempre as m\u00e3os e use \u00e1lcool em gel 70%. Ascom PMS 20\/10\/2020<\/p>\n","protected":false},"author":2,"featured_media":24885,"comment_status":"closed","ping_status":"open","sticky":false,"template":"","format":"standard","meta":{"_eb_attr":"","_jetpack_memberships_contains_paid_content":false,"footnotes":""},"categories":[3],"tags":[],"class_list":["post-27372","post","type-post","status-publish","format-standard","has-post-thumbnail","hentry","category-cidades"],"yoast_head":"<!-- This site is optimized with the Yoast SEO plugin v26.5 - https:\/\/yoast.com\/wordpress\/plugins\/seo\/ -->\n<title>Sa\u00fade de Sum\u00e9 registra 01 casos positivo para coronav\u00edrus e 12 recuperados nesta ter\u00e7a-feira, 20. - Not&iacute;cias em Destaque<\/title>\n<meta name=\"robots\" content=\"index, follow, max-snippet:-1, max-image-preview:large, max-video-preview:-1\" \/>\n<link rel=\"canonical\" href=\"https:\/\/noticiasemdestaque.com\/cd\/?p=27372\" \/>\n<meta property=\"og:locale\" content=\"pt_BR\" \/>\n<meta property=\"og:type\" content=\"article\" \/>\n<meta property=\"og:title\" content=\"Sa\u00fade de Sum\u00e9 registra 01 casos positivo para coronav\u00edrus e 12 recuperados nesta ter\u00e7a-feira, 20. - Not&iacute;cias em Destaque\" \/>\n<meta property=\"og:description\" content=\"A Secretaria Municipal de Sa\u00fade de Sum\u00e9 informa que foi registrado 01 caso positivo para coronav\u00edrus nesta ter\u00e7a-feira, 20. Trata-se de uma paciente do sexo feminino, 36 anos, com comorbidades, moradora do Centro da cidade. Tamb\u00e9m foram registrados na data de hoje: 12 casos recuperados; 11 casos em investiga\u00e7\u00e3o; 1.157 casos descartados; 648 casos confirmados; 605 recuperados; 38 casos ativos; 04 \u00f3bitos. N\u00e3o se descuide, ao sair use m\u00e1scara, cubra bem o nariz e a boca, lave sempre as m\u00e3os e use \u00e1lcool em gel 70%. Ascom PMS 20\/10\/2020\" \/>\n<meta property=\"og:url\" content=\"https:\/\/noticiasemdestaque.com\/cd\/?p=27372\" \/>\n<meta property=\"og:site_name\" content=\"Not&iacute;cias em Destaque\" \/>\n<meta property=\"article:published_time\" content=\"2020-10-21T09:16:00+00:00\" \/>\n<meta property=\"og:image\" content=\"https:\/\/noticiasemdestaque.com\/cd\/wp-content\/uploads\/2020\/05\/covid-19-2.jpg\" \/>\n\t<meta property=\"og:image:width\" content=\"673\" \/>\n\t<meta property=\"og:image:height\" content=\"378\" \/>\n\t<meta property=\"og:image:type\" content=\"image\/jpeg\" \/>\n<meta name=\"author\" content=\"Not\u00edcias em Destaque\" \/>\n<meta name=\"twitter:card\" content=\"summary_large_image\" \/>\n<meta name=\"twitter:label1\" content=\"Escrito por\" \/>\n\t<meta name=\"twitter:data1\" content=\"Not\u00edcias em Destaque\" \/>\n<script type=\"application\/ld+json\" class=\"yoast-schema-graph\">{\"@context\":\"https:\/\/schema.org\",\"@graph\":[{\"@type\":\"Article\",\"@id\":\"https:\/\/noticiasemdestaque.com\/cd\/?p=27372#article\",\"isPartOf\":{\"@id\":\"https:\/\/noticiasemdestaque.com\/cd\/?p=27372\"},\"author\":{\"name\":\"Not\u00edcias em Destaque\",\"@id\":\"https:\/\/noticiasemdestaque.com\/cd\/#\/schema\/person\/967a459378479d4fa07976fedd8a7b5e\"},\"headline\":\"Sa\u00fade de Sum\u00e9 registra 01 casos positivo para coronav\u00edrus e 12 recuperados nesta ter\u00e7a-feira, 20.\",\"datePublished\":\"2020-10-21T09:16:00+00:00\",\"mainEntityOfPage\":{\"@id\":\"https:\/\/noticiasemdestaque.com\/cd\/?p=27372\"},\"wordCount\":100,\"publisher\":{\"@id\":\"https:\/\/noticiasemdestaque.com\/cd\/#organization\"},\"image\":{\"@id\":\"https:\/\/noticiasemdestaque.com\/cd\/?p=27372#primaryimage\"},\"thumbnailUrl\":\"https:\/\/noticiasemdestaque.com\/cd\/wp-content\/uploads\/2020\/05\/covid-19-2.jpg\",\"articleSection\":[\"Cidades\"],\"inLanguage\":\"pt-BR\"},{\"@type\":\"WebPage\",\"@id\":\"https:\/\/noticiasemdestaque.com\/cd\/?p=27372\",\"url\":\"https:\/\/noticiasemdestaque.com\/cd\/?p=27372\",\"name\":\"Sa\u00fade de Sum\u00e9 registra 01 casos positivo para coronav\u00edrus e 12 recuperados nesta ter\u00e7a-feira, 20. - Not&iacute;cias em Destaque\",\"isPartOf\":{\"@id\":\"https:\/\/noticiasemdestaque.com\/cd\/#website\"},\"primaryImageOfPage\":{\"@id\":\"https:\/\/noticiasemdestaque.com\/cd\/?p=27372#primaryimage\"},\"image\":{\"@id\":\"https:\/\/noticiasemdestaque.com\/cd\/?p=27372#primaryimage\"},\"thumbnailUrl\":\"https:\/\/noticiasemdestaque.com\/cd\/wp-content\/uploads\/2020\/05\/covid-19-2.jpg\",\"datePublished\":\"2020-10-21T09:16:00+00:00\",\"breadcrumb\":{\"@id\":\"https:\/\/noticiasemdestaque.com\/cd\/?p=27372#breadcrumb\"},\"inLanguage\":\"pt-BR\",\"potentialAction\":[{\"@type\":\"ReadAction\",\"target\":[\"https:\/\/noticiasemdestaque.com\/cd\/?p=27372\"]}]},{\"@type\":\"ImageObject\",\"inLanguage\":\"pt-BR\",\"@id\":\"https:\/\/noticiasemdestaque.com\/cd\/?p=27372#primaryimage\",\"url\":\"https:\/\/noticiasemdestaque.com\/cd\/wp-content\/uploads\/2020\/05\/covid-19-2.jpg\",\"contentUrl\":\"https:\/\/noticiasemdestaque.com\/cd\/wp-content\/uploads\/2020\/05\/covid-19-2.jpg\",\"width\":673,\"height\":378},{\"@type\":\"BreadcrumbList\",\"@id\":\"https:\/\/noticiasemdestaque.com\/cd\/?p=27372#breadcrumb\",\"itemListElement\":[{\"@type\":\"ListItem\",\"position\":1,\"name\":\"In\u00edcio\",\"item\":\"https:\/\/noticiasemdestaque.com\/cd\/\"},{\"@type\":\"ListItem\",\"position\":2,\"name\":\"Sa\u00fade de Sum\u00e9 registra 01 casos positivo para coronav\u00edrus e 12 recuperados nesta ter\u00e7a-feira, 20.\"}]},{\"@type\":\"WebSite\",\"@id\":\"https:\/\/noticiasemdestaque.com\/cd\/#website\",\"url\":\"https:\/\/noticiasemdestaque.com\/cd\/\",\"name\":\"Not&iacute;cias em Destaque\",\"description\":\"\",\"publisher\":{\"@id\":\"https:\/\/noticiasemdestaque.com\/cd\/#organization\"},\"potentialAction\":[{\"@type\":\"SearchAction\",\"target\":{\"@type\":\"EntryPoint\",\"urlTemplate\":\"https:\/\/noticiasemdestaque.com\/cd\/?s={search_term_string}\"},\"query-input\":{\"@type\":\"PropertyValueSpecification\",\"valueRequired\":true,\"valueName\":\"search_term_string\"}}],\"inLanguage\":\"pt-BR\"},{\"@type\":\"Organization\",\"@id\":\"https:\/\/noticiasemdestaque.com\/cd\/#organization\",\"name\":\"Not\u00edcias em Destaque\",\"url\":\"https:\/\/noticiasemdestaque.com\/cd\/\",\"logo\":{\"@type\":\"ImageObject\",\"inLanguage\":\"pt-BR\",\"@id\":\"https:\/\/noticiasemdestaque.com\/cd\/#\/schema\/logo\/image\/\",\"url\":\"https:\/\/noticiasemdestaque.com\/cd\/wp-content\/uploads\/2022\/05\/imagem-base-noticiasemdestaque.png\",\"contentUrl\":\"https:\/\/noticiasemdestaque.com\/cd\/wp-content\/uploads\/2022\/05\/imagem-base-noticiasemdestaque.png\",\"width\":1200,\"height\":630,\"caption\":\"Not\u00edcias em Destaque\"},\"image\":{\"@id\":\"https:\/\/noticiasemdestaque.com\/cd\/#\/schema\/logo\/image\/\"}},{\"@type\":\"Person\",\"@id\":\"https:\/\/noticiasemdestaque.com\/cd\/#\/schema\/person\/967a459378479d4fa07976fedd8a7b5e\",\"name\":\"Not\u00edcias em Destaque\",\"url\":\"https:\/\/noticiasemdestaque.com\/cd\/?author=2\"}]}<\/script>\n<!-- \/ Yoast SEO plugin. -->","yoast_head_json":{"title":"Sa\u00fade de Sum\u00e9 registra 01 casos positivo para coronav\u00edrus e 12 recuperados nesta ter\u00e7a-feira, 20. - Not&iacute;cias em Destaque","robots":{"index":"index","follow":"follow","max-snippet":"max-snippet:-1","max-image-preview":"max-image-preview:large","max-video-preview":"max-video-preview:-1"},"canonical":"https:\/\/noticiasemdestaque.com\/cd\/?p=27372","og_locale":"pt_BR","og_type":"article","og_title":"Sa\u00fade de Sum\u00e9 registra 01 casos positivo para coronav\u00edrus e 12 recuperados nesta ter\u00e7a-feira, 20. - Not&iacute;cias em Destaque","og_description":"A Secretaria Municipal de Sa\u00fade de Sum\u00e9 informa que foi registrado 01 caso positivo para coronav\u00edrus nesta ter\u00e7a-feira, 20. Trata-se de uma paciente do sexo feminino, 36 anos, com comorbidades, moradora do Centro da cidade. Tamb\u00e9m foram registrados na data de hoje: 12 casos recuperados; 11 casos em investiga\u00e7\u00e3o; 1.157 casos descartados; 648 casos confirmados; 605 recuperados; 38 casos ativos; 04 \u00f3bitos. N\u00e3o se descuide, ao sair use m\u00e1scara, cubra bem o nariz e a boca, lave sempre as m\u00e3os e use \u00e1lcool em gel 70%. Ascom PMS 20\/10\/2020","og_url":"https:\/\/noticiasemdestaque.com\/cd\/?p=27372","og_site_name":"Not&iacute;cias em Destaque","article_published_time":"2020-10-21T09:16:00+00:00","og_image":[{"width":673,"height":378,"url":"https:\/\/noticiasemdestaque.com\/cd\/wp-content\/uploads\/2020\/05\/covid-19-2.jpg","type":"image\/jpeg"}],"author":"Not\u00edcias em Destaque","twitter_card":"summary_large_image","twitter_misc":{"Escrito por":"Not\u00edcias em Destaque"},"schema":{"@context":"https:\/\/schema.org","@graph":[{"@type":"Article","@id":"https:\/\/noticiasemdestaque.com\/cd\/?p=27372#article","isPartOf":{"@id":"https:\/\/noticiasemdestaque.com\/cd\/?p=27372"},"author":{"name":"Not\u00edcias em Destaque","@id":"https:\/\/noticiasemdestaque.com\/cd\/#\/schema\/person\/967a459378479d4fa07976fedd8a7b5e"},"headline":"Sa\u00fade de Sum\u00e9 registra 01 casos positivo para coronav\u00edrus e 12 recuperados nesta ter\u00e7a-feira, 20.","datePublished":"2020-10-21T09:16:00+00:00","mainEntityOfPage":{"@id":"https:\/\/noticiasemdestaque.com\/cd\/?p=27372"},"wordCount":100,"publisher":{"@id":"https:\/\/noticiasemdestaque.com\/cd\/#organization"},"image":{"@id":"https:\/\/noticiasemdestaque.com\/cd\/?p=27372#primaryimage"},"thumbnailUrl":"https:\/\/noticiasemdestaque.com\/cd\/wp-content\/uploads\/2020\/05\/covid-19-2.jpg","articleSection":["Cidades"],"inLanguage":"pt-BR"},{"@type":"WebPage","@id":"https:\/\/noticiasemdestaque.com\/cd\/?p=27372","url":"https:\/\/noticiasemdestaque.com\/cd\/?p=27372","name":"Sa\u00fade de Sum\u00e9 registra 01 casos positivo para coronav\u00edrus e 12 recuperados nesta ter\u00e7a-feira, 20. - Not&iacute;cias em Destaque","isPartOf":{"@id":"https:\/\/noticiasemdestaque.com\/cd\/#website"},"primaryImageOfPage":{"@id":"https:\/\/noticiasemdestaque.com\/cd\/?p=27372#primaryimage"},"image":{"@id":"https:\/\/noticiasemdestaque.com\/cd\/?p=27372#primaryimage"},"thumbnailUrl":"https:\/\/noticiasemdestaque.com\/cd\/wp-content\/uploads\/2020\/05\/covid-19-2.jpg","datePublished":"2020-10-21T09:16:00+00:00","breadcrumb":{"@id":"https:\/\/noticiasemdestaque.com\/cd\/?p=27372#breadcrumb"},"inLanguage":"pt-BR","potentialAction":[{"@type":"ReadAction","target":["https:\/\/noticiasemdestaque.com\/cd\/?p=27372"]}]},{"@type":"ImageObject","inLanguage":"pt-BR","@id":"https:\/\/noticiasemdestaque.com\/cd\/?p=27372#primaryimage","url":"https:\/\/noticiasemdestaque.com\/cd\/wp-content\/uploads\/2020\/05\/covid-19-2.jpg","contentUrl":"https:\/\/noticiasemdestaque.com\/cd\/wp-content\/uploads\/2020\/05\/covid-19-2.jpg","width":673,"height":378},{"@type":"BreadcrumbList","@id":"https:\/\/noticiasemdestaque.com\/cd\/?p=27372#breadcrumb","itemListElement":[{"@type":"ListItem","position":1,"name":"In\u00edcio","item":"https:\/\/noticiasemdestaque.com\/cd\/"},{"@type":"ListItem","position":2,"name":"Sa\u00fade de Sum\u00e9 registra 01 casos positivo para coronav\u00edrus e 12 recuperados nesta ter\u00e7a-feira, 20."}]},{"@type":"WebSite","@id":"https:\/\/noticiasemdestaque.com\/cd\/#website","url":"https:\/\/noticiasemdestaque.com\/cd\/","name":"Not&iacute;cias em Destaque","description":"","publisher":{"@id":"https:\/\/noticiasemdestaque.com\/cd\/#organization"},"potentialAction":[{"@type":"SearchAction","target":{"@type":"EntryPoint","urlTemplate":"https:\/\/noticiasemdestaque.com\/cd\/?s={search_term_string}"},"query-input":{"@type":"PropertyValueSpecification","valueRequired":true,"valueName":"search_term_string"}}],"inLanguage":"pt-BR"},{"@type":"Organization","@id":"https:\/\/noticiasemdestaque.com\/cd\/#organization","name":"Not\u00edcias em Destaque","url":"https:\/\/noticiasemdestaque.com\/cd\/","logo":{"@type":"ImageObject","inLanguage":"pt-BR","@id":"https:\/\/noticiasemdestaque.com\/cd\/#\/schema\/logo\/image\/","url":"https:\/\/noticiasemdestaque.com\/cd\/wp-content\/uploads\/2022\/05\/imagem-base-noticiasemdestaque.png","contentUrl":"https:\/\/noticiasemdestaque.com\/cd\/wp-content\/uploads\/2022\/05\/imagem-base-noticiasemdestaque.png","width":1200,"height":630,"caption":"Not\u00edcias em Destaque"},"image":{"@id":"https:\/\/noticiasemdestaque.com\/cd\/#\/schema\/logo\/image\/"}},{"@type":"Person","@id":"https:\/\/noticiasemdestaque.com\/cd\/#\/schema\/person\/967a459378479d4fa07976fedd8a7b5e","name":"Not\u00edcias em Destaque","url":"https:\/\/noticiasemdestaque.com\/cd\/?author=2"}]}},"jetpack_featured_media_url":"https:\/\/noticiasemdestaque.com\/cd\/wp-content\/uploads\/2020\/05\/covid-19-2.jpg","jetpack_sharing_enabled":true,"_links":{"self":[{"href":"https:\/\/noticiasemdestaque.com\/cd\/index.php?rest_route=\/wp\/v2\/posts\/27372","targetHints":{"allow":["GET"]}}],"collection":[{"href":"https:\/\/noticiasemdestaque.com\/cd\/index.php?rest_route=\/wp\/v2\/posts"}],"about":[{"href":"https:\/\/noticiasemdestaque.com\/cd\/index.php?rest_route=\/wp\/v2\/types\/post"}],"author":[{"embeddable":true,"href":"https:\/\/noticiasemdestaque.com\/cd\/index.php?rest_route=\/wp\/v2\/users\/2"}],"replies":[{"embeddable":true,"href":"https:\/\/noticiasemdestaque.com\/cd\/index.php?rest_route=%2Fwp%2Fv2%2Fcomments&post=27372"}],"version-history":[{"count":1,"href":"https:\/\/noticiasemdestaque.com\/cd\/index.php?rest_route=\/wp\/v2\/posts\/27372\/revisions"}],"predecessor-version":[{"id":27373,"href":"https:\/\/noticiasemdestaque.com\/cd\/index.php?rest_route=\/wp\/v2\/posts\/27372\/revisions\/27373"}],"wp:featuredmedia":[{"embeddable":true,"href":"https:\/\/noticiasemdestaque.com\/cd\/index.php?rest_route=\/wp\/v2\/media\/24885"}],"wp:attachment":[{"href":"https:\/\/noticiasemdestaque.com\/cd\/index.php?rest_route=%2Fwp%2Fv2%2Fmedia&parent=27372"}],"wp:term":[{"taxonomy":"category","embeddable":true,"href":"https:\/\/noticiasemdestaque.com\/cd\/index.php?rest_route=%2Fwp%2Fv2%2Fcategories&post=27372"},{"taxonomy":"post_tag","embeddable":true,"href":"https:\/\/noticiasemdestaque.com\/cd\/index.php?rest_route=%2Fwp%2Fv2%2Ftags&post=27372"}],"curies":[{"name":"wp","href":"https:\/\/api.w.org\/{rel}","templated":true}]}}