{"id":27362,"date":"2020-10-20T09:06:27","date_gmt":"2020-10-20T12:06:27","guid":{"rendered":"http:\/\/noticiasemdestaque.com\/cd\/?p=27362"},"modified":"2020-10-20T09:06:27","modified_gmt":"2020-10-20T12:06:27","slug":"em-sume-dro-e-dr-neto-visitam-zona-rural-e-reafirmam-apoio-a-reeleicao-de-eden-duarte","status":"publish","type":"post","link":"https:\/\/noticiasemdestaque.com\/cd\/?p=27362","title":{"rendered":"EM SUM\u00c9: Dr\u00f3 e Dr. Neto visitam zona rural e reafirmam apoio a reelei\u00e7\u00e3o de \u00c9den Duarte"},"content":{"rendered":"<p><a href=\"https:\/\/noticiasemdestaque.com\/cd\/wp-content\/uploads\/2020\/10\/drnetoeforlan-1-768x582-1.jpeg\"><img fetchpriority=\"high\" decoding=\"async\" class=\"size-medium wp-image-27363 aligncenter\" src=\"https:\/\/noticiasemdestaque.com\/cd\/wp-content\/uploads\/2020\/10\/drnetoeforlan-1-768x582-1-300x227.jpeg\" alt=\"\" width=\"300\" height=\"227\" srcset=\"https:\/\/noticiasemdestaque.com\/cd\/wp-content\/uploads\/2020\/10\/drnetoeforlan-1-768x582-1-300x227.jpeg 300w, https:\/\/noticiasemdestaque.com\/cd\/wp-content\/uploads\/2020\/10\/drnetoeforlan-1-768x582-1.jpeg 768w\" sizes=\"(max-width: 300px) 100vw, 300px\" \/><\/a><\/p>\n<p>O atual vice-prefeito e candidato a vereador de Sum\u00e9, Dr\u00f3, esteve visitando a zona rural munic\u00edpio, mais especificamente nos s\u00edtios Catonho, Caititu, Olho D\u2019\u00e1gua do Padre e regi\u00e3o. Ele estava acompanhado do ex-prefeito Dr. Neto, que apoia irrestritamente sua candidatura, e do advogado Pablo Forlan.<\/p>\n<p><a href=\"https:\/\/noticiasemdestaque.com\/cd\/wp-content\/uploads\/2020\/10\/drnetoeforlan-2-768x539-1.jpeg\"><img decoding=\"async\" class=\"size-medium wp-image-27364 alignleft\" src=\"https:\/\/noticiasemdestaque.com\/cd\/wp-content\/uploads\/2020\/10\/drnetoeforlan-2-768x539-1-300x211.jpeg\" alt=\"\" width=\"300\" height=\"211\" srcset=\"https:\/\/noticiasemdestaque.com\/cd\/wp-content\/uploads\/2020\/10\/drnetoeforlan-2-768x539-1-300x211.jpeg 300w, https:\/\/noticiasemdestaque.com\/cd\/wp-content\/uploads\/2020\/10\/drnetoeforlan-2-768x539-1.jpeg 768w\" sizes=\"(max-width: 300px) 100vw, 300px\" \/><\/a><\/p>\n<p>Na oportunidade, eles defenderam a reelei\u00e7\u00e3o do prefeito \u00c9den Duarte e ouviram os pleitos dos moradores locais. \u201cSentimos o carinho da popula\u00e7\u00e3o por todas as regi\u00f5es onde passamos, sinal de que continuaremos seguindo no caminho certo, junto com o povo\u201d, comentou Dr. Neto em entrevista ao\u00a0<em>Cariri Ligado<\/em>.<\/p>\n<p>Desde a gest\u00e3o do ex-prefeito Dr. Neto que a regi\u00e3o \u00e9 contemplada com v\u00e1rias obras estruturantes. Todas as casas receberam cisternas, a escola foi reformada e ampliada, 50 casas de taipa foram substitu\u00eddas por outras de alvenaria, po\u00e7os foram constru\u00eddos, estradas recuperadas, ve\u00edculos para transportar pessoas doentes, transporte escolar e constru\u00e7\u00e3o do a\u00e7ude Mulung\u00fa.<\/p>\n<p><em><strong>Not\u00edcias em Destaque<\/strong><\/em><\/p>\n<p>Com Cariri Ligado<\/p>\n","protected":false},"excerpt":{"rendered":"<p>O atual vice-prefeito e candidato a vereador de Sum\u00e9, Dr\u00f3, esteve visitando a zona rural munic\u00edpio, mais especificamente nos s\u00edtios Catonho, Caititu, Olho D\u2019\u00e1gua do Padre e regi\u00e3o. Ele estava acompanhado do ex-prefeito Dr. Neto, que apoia irrestritamente sua candidatura, e do advogado Pablo Forlan. Na oportunidade, eles defenderam a reelei\u00e7\u00e3o do prefeito \u00c9den Duarte e ouviram os pleitos dos moradores locais. \u201cSentimos o carinho da popula\u00e7\u00e3o por todas as regi\u00f5es onde passamos, sinal de que continuaremos seguindo no caminho certo, junto com o povo\u201d, comentou Dr. Neto em entrevista ao\u00a0Cariri Ligado. Desde a gest\u00e3o do ex-prefeito Dr. Neto que a regi\u00e3o \u00e9 contemplada com v\u00e1rias obras estruturantes. Todas as casas receberam cisternas, a escola foi reformada e ampliada, 50 casas de taipa foram substitu\u00eddas por outras de alvenaria, po\u00e7os foram constru\u00eddos, estradas recuperadas, ve\u00edculos para transportar pessoas doentes, transporte escolar e constru\u00e7\u00e3o do a\u00e7ude Mulung\u00fa. Not\u00edcias em Destaque Com Cariri Ligado<\/p>\n","protected":false},"author":2,"featured_media":27363,"comment_status":"closed","ping_status":"open","sticky":false,"template":"","format":"standard","meta":{"_eb_attr":"","_jetpack_memberships_contains_paid_content":false,"footnotes":""},"categories":[4],"tags":[],"class_list":["post-27362","post","type-post","status-publish","format-standard","has-post-thumbnail","hentry","category-politica"],"yoast_head":"<!-- This site is optimized with the Yoast SEO plugin v26.5 - https:\/\/yoast.com\/wordpress\/plugins\/seo\/ -->\n<title>EM SUM\u00c9: Dr\u00f3 e Dr. Neto visitam zona rural e reafirmam apoio a reelei\u00e7\u00e3o de \u00c9den Duarte - Not&iacute;cias em Destaque<\/title>\n<meta name=\"robots\" content=\"index, follow, max-snippet:-1, max-image-preview:large, max-video-preview:-1\" \/>\n<link rel=\"canonical\" href=\"https:\/\/noticiasemdestaque.com\/cd\/?p=27362\" \/>\n<meta property=\"og:locale\" content=\"pt_BR\" \/>\n<meta property=\"og:type\" content=\"article\" \/>\n<meta property=\"og:title\" content=\"EM SUM\u00c9: Dr\u00f3 e Dr. Neto visitam zona rural e reafirmam apoio a reelei\u00e7\u00e3o de \u00c9den Duarte - Not&iacute;cias em Destaque\" \/>\n<meta property=\"og:description\" content=\"O atual vice-prefeito e candidato a vereador de Sum\u00e9, Dr\u00f3, esteve visitando a zona rural munic\u00edpio, mais especificamente nos s\u00edtios Catonho, Caititu, Olho D\u2019\u00e1gua do Padre e regi\u00e3o. Ele estava acompanhado do ex-prefeito Dr. Neto, que apoia irrestritamente sua candidatura, e do advogado Pablo Forlan. Na oportunidade, eles defenderam a reelei\u00e7\u00e3o do prefeito \u00c9den Duarte e ouviram os pleitos dos moradores locais. \u201cSentimos o carinho da popula\u00e7\u00e3o por todas as regi\u00f5es onde passamos, sinal de que continuaremos seguindo no caminho certo, junto com o povo\u201d, comentou Dr. Neto em entrevista ao\u00a0Cariri Ligado. Desde a gest\u00e3o do ex-prefeito Dr. Neto que a regi\u00e3o \u00e9 contemplada com v\u00e1rias obras estruturantes. Todas as casas receberam cisternas, a escola foi reformada e ampliada, 50 casas de taipa foram substitu\u00eddas por outras de alvenaria, po\u00e7os foram constru\u00eddos, estradas recuperadas, ve\u00edculos para transportar pessoas doentes, transporte escolar e constru\u00e7\u00e3o do a\u00e7ude Mulung\u00fa. Not\u00edcias em Destaque Com Cariri Ligado\" \/>\n<meta property=\"og:url\" content=\"https:\/\/noticiasemdestaque.com\/cd\/?p=27362\" \/>\n<meta property=\"og:site_name\" content=\"Not&iacute;cias em Destaque\" \/>\n<meta property=\"article:published_time\" content=\"2020-10-20T12:06:27+00:00\" \/>\n<meta property=\"og:image\" content=\"https:\/\/noticiasemdestaque.com\/cd\/wp-content\/uploads\/2020\/10\/drnetoeforlan-1-768x582-1.jpeg\" \/>\n\t<meta property=\"og:image:width\" content=\"768\" \/>\n\t<meta property=\"og:image:height\" content=\"582\" \/>\n\t<meta property=\"og:image:type\" content=\"image\/jpeg\" \/>\n<meta name=\"author\" content=\"Not\u00edcias em Destaque\" \/>\n<meta name=\"twitter:card\" content=\"summary_large_image\" \/>\n<meta name=\"twitter:label1\" content=\"Escrito por\" \/>\n\t<meta name=\"twitter:data1\" content=\"Not\u00edcias em Destaque\" \/>\n\t<meta name=\"twitter:label2\" content=\"Est. tempo de leitura\" \/>\n\t<meta name=\"twitter:data2\" content=\"1 minuto\" \/>\n<script type=\"application\/ld+json\" class=\"yoast-schema-graph\">{\"@context\":\"https:\/\/schema.org\",\"@graph\":[{\"@type\":\"Article\",\"@id\":\"https:\/\/noticiasemdestaque.com\/cd\/?p=27362#article\",\"isPartOf\":{\"@id\":\"https:\/\/noticiasemdestaque.com\/cd\/?p=27362\"},\"author\":{\"name\":\"Not\u00edcias em Destaque\",\"@id\":\"https:\/\/noticiasemdestaque.com\/cd\/#\/schema\/person\/967a459378479d4fa07976fedd8a7b5e\"},\"headline\":\"EM SUM\u00c9: Dr\u00f3 e Dr. Neto visitam zona rural e reafirmam apoio a reelei\u00e7\u00e3o de \u00c9den Duarte\",\"datePublished\":\"2020-10-20T12:06:27+00:00\",\"mainEntityOfPage\":{\"@id\":\"https:\/\/noticiasemdestaque.com\/cd\/?p=27362\"},\"wordCount\":186,\"publisher\":{\"@id\":\"https:\/\/noticiasemdestaque.com\/cd\/#organization\"},\"image\":{\"@id\":\"https:\/\/noticiasemdestaque.com\/cd\/?p=27362#primaryimage\"},\"thumbnailUrl\":\"https:\/\/noticiasemdestaque.com\/cd\/wp-content\/uploads\/2020\/10\/drnetoeforlan-1-768x582-1.jpeg\",\"articleSection\":[\"Pol\u00edtica\"],\"inLanguage\":\"pt-BR\"},{\"@type\":\"WebPage\",\"@id\":\"https:\/\/noticiasemdestaque.com\/cd\/?p=27362\",\"url\":\"https:\/\/noticiasemdestaque.com\/cd\/?p=27362\",\"name\":\"EM SUM\u00c9: Dr\u00f3 e Dr. Neto visitam zona rural e reafirmam apoio a reelei\u00e7\u00e3o de \u00c9den Duarte - Not&iacute;cias em Destaque\",\"isPartOf\":{\"@id\":\"https:\/\/noticiasemdestaque.com\/cd\/#website\"},\"primaryImageOfPage\":{\"@id\":\"https:\/\/noticiasemdestaque.com\/cd\/?p=27362#primaryimage\"},\"image\":{\"@id\":\"https:\/\/noticiasemdestaque.com\/cd\/?p=27362#primaryimage\"},\"thumbnailUrl\":\"https:\/\/noticiasemdestaque.com\/cd\/wp-content\/uploads\/2020\/10\/drnetoeforlan-1-768x582-1.jpeg\",\"datePublished\":\"2020-10-20T12:06:27+00:00\",\"breadcrumb\":{\"@id\":\"https:\/\/noticiasemdestaque.com\/cd\/?p=27362#breadcrumb\"},\"inLanguage\":\"pt-BR\",\"potentialAction\":[{\"@type\":\"ReadAction\",\"target\":[\"https:\/\/noticiasemdestaque.com\/cd\/?p=27362\"]}]},{\"@type\":\"ImageObject\",\"inLanguage\":\"pt-BR\",\"@id\":\"https:\/\/noticiasemdestaque.com\/cd\/?p=27362#primaryimage\",\"url\":\"https:\/\/noticiasemdestaque.com\/cd\/wp-content\/uploads\/2020\/10\/drnetoeforlan-1-768x582-1.jpeg\",\"contentUrl\":\"https:\/\/noticiasemdestaque.com\/cd\/wp-content\/uploads\/2020\/10\/drnetoeforlan-1-768x582-1.jpeg\",\"width\":768,\"height\":582},{\"@type\":\"BreadcrumbList\",\"@id\":\"https:\/\/noticiasemdestaque.com\/cd\/?p=27362#breadcrumb\",\"itemListElement\":[{\"@type\":\"ListItem\",\"position\":1,\"name\":\"In\u00edcio\",\"item\":\"https:\/\/noticiasemdestaque.com\/cd\/\"},{\"@type\":\"ListItem\",\"position\":2,\"name\":\"EM SUM\u00c9: Dr\u00f3 e Dr. Neto visitam zona rural e reafirmam apoio a reelei\u00e7\u00e3o de \u00c9den Duarte\"}]},{\"@type\":\"WebSite\",\"@id\":\"https:\/\/noticiasemdestaque.com\/cd\/#website\",\"url\":\"https:\/\/noticiasemdestaque.com\/cd\/\",\"name\":\"Not&iacute;cias em Destaque\",\"description\":\"\",\"publisher\":{\"@id\":\"https:\/\/noticiasemdestaque.com\/cd\/#organization\"},\"potentialAction\":[{\"@type\":\"SearchAction\",\"target\":{\"@type\":\"EntryPoint\",\"urlTemplate\":\"https:\/\/noticiasemdestaque.com\/cd\/?s={search_term_string}\"},\"query-input\":{\"@type\":\"PropertyValueSpecification\",\"valueRequired\":true,\"valueName\":\"search_term_string\"}}],\"inLanguage\":\"pt-BR\"},{\"@type\":\"Organization\",\"@id\":\"https:\/\/noticiasemdestaque.com\/cd\/#organization\",\"name\":\"Not\u00edcias em Destaque\",\"url\":\"https:\/\/noticiasemdestaque.com\/cd\/\",\"logo\":{\"@type\":\"ImageObject\",\"inLanguage\":\"pt-BR\",\"@id\":\"https:\/\/noticiasemdestaque.com\/cd\/#\/schema\/logo\/image\/\",\"url\":\"https:\/\/noticiasemdestaque.com\/cd\/wp-content\/uploads\/2022\/05\/imagem-base-noticiasemdestaque.png\",\"contentUrl\":\"https:\/\/noticiasemdestaque.com\/cd\/wp-content\/uploads\/2022\/05\/imagem-base-noticiasemdestaque.png\",\"width\":1200,\"height\":630,\"caption\":\"Not\u00edcias em Destaque\"},\"image\":{\"@id\":\"https:\/\/noticiasemdestaque.com\/cd\/#\/schema\/logo\/image\/\"}},{\"@type\":\"Person\",\"@id\":\"https:\/\/noticiasemdestaque.com\/cd\/#\/schema\/person\/967a459378479d4fa07976fedd8a7b5e\",\"name\":\"Not\u00edcias em Destaque\",\"url\":\"https:\/\/noticiasemdestaque.com\/cd\/?author=2\"}]}<\/script>\n<!-- \/ Yoast SEO plugin. -->","yoast_head_json":{"title":"EM SUM\u00c9: Dr\u00f3 e Dr. Neto visitam zona rural e reafirmam apoio a reelei\u00e7\u00e3o de \u00c9den Duarte - Not&iacute;cias em Destaque","robots":{"index":"index","follow":"follow","max-snippet":"max-snippet:-1","max-image-preview":"max-image-preview:large","max-video-preview":"max-video-preview:-1"},"canonical":"https:\/\/noticiasemdestaque.com\/cd\/?p=27362","og_locale":"pt_BR","og_type":"article","og_title":"EM SUM\u00c9: Dr\u00f3 e Dr. Neto visitam zona rural e reafirmam apoio a reelei\u00e7\u00e3o de \u00c9den Duarte - Not&iacute;cias em Destaque","og_description":"O atual vice-prefeito e candidato a vereador de Sum\u00e9, Dr\u00f3, esteve visitando a zona rural munic\u00edpio, mais especificamente nos s\u00edtios Catonho, Caititu, Olho D\u2019\u00e1gua do Padre e regi\u00e3o. Ele estava acompanhado do ex-prefeito Dr. Neto, que apoia irrestritamente sua candidatura, e do advogado Pablo Forlan. Na oportunidade, eles defenderam a reelei\u00e7\u00e3o do prefeito \u00c9den Duarte e ouviram os pleitos dos moradores locais. \u201cSentimos o carinho da popula\u00e7\u00e3o por todas as regi\u00f5es onde passamos, sinal de que continuaremos seguindo no caminho certo, junto com o povo\u201d, comentou Dr. Neto em entrevista ao\u00a0Cariri Ligado. Desde a gest\u00e3o do ex-prefeito Dr. Neto que a regi\u00e3o \u00e9 contemplada com v\u00e1rias obras estruturantes. Todas as casas receberam cisternas, a escola foi reformada e ampliada, 50 casas de taipa foram substitu\u00eddas por outras de alvenaria, po\u00e7os foram constru\u00eddos, estradas recuperadas, ve\u00edculos para transportar pessoas doentes, transporte escolar e constru\u00e7\u00e3o do a\u00e7ude Mulung\u00fa. Not\u00edcias em Destaque Com Cariri Ligado","og_url":"https:\/\/noticiasemdestaque.com\/cd\/?p=27362","og_site_name":"Not&iacute;cias em Destaque","article_published_time":"2020-10-20T12:06:27+00:00","og_image":[{"width":768,"height":582,"url":"https:\/\/noticiasemdestaque.com\/cd\/wp-content\/uploads\/2020\/10\/drnetoeforlan-1-768x582-1.jpeg","type":"image\/jpeg"}],"author":"Not\u00edcias em Destaque","twitter_card":"summary_large_image","twitter_misc":{"Escrito por":"Not\u00edcias em Destaque","Est. tempo de leitura":"1 minuto"},"schema":{"@context":"https:\/\/schema.org","@graph":[{"@type":"Article","@id":"https:\/\/noticiasemdestaque.com\/cd\/?p=27362#article","isPartOf":{"@id":"https:\/\/noticiasemdestaque.com\/cd\/?p=27362"},"author":{"name":"Not\u00edcias em Destaque","@id":"https:\/\/noticiasemdestaque.com\/cd\/#\/schema\/person\/967a459378479d4fa07976fedd8a7b5e"},"headline":"EM SUM\u00c9: Dr\u00f3 e Dr. Neto visitam zona rural e reafirmam apoio a reelei\u00e7\u00e3o de \u00c9den Duarte","datePublished":"2020-10-20T12:06:27+00:00","mainEntityOfPage":{"@id":"https:\/\/noticiasemdestaque.com\/cd\/?p=27362"},"wordCount":186,"publisher":{"@id":"https:\/\/noticiasemdestaque.com\/cd\/#organization"},"image":{"@id":"https:\/\/noticiasemdestaque.com\/cd\/?p=27362#primaryimage"},"thumbnailUrl":"https:\/\/noticiasemdestaque.com\/cd\/wp-content\/uploads\/2020\/10\/drnetoeforlan-1-768x582-1.jpeg","articleSection":["Pol\u00edtica"],"inLanguage":"pt-BR"},{"@type":"WebPage","@id":"https:\/\/noticiasemdestaque.com\/cd\/?p=27362","url":"https:\/\/noticiasemdestaque.com\/cd\/?p=27362","name":"EM SUM\u00c9: Dr\u00f3 e Dr. Neto visitam zona rural e reafirmam apoio a reelei\u00e7\u00e3o de \u00c9den Duarte - Not&iacute;cias em Destaque","isPartOf":{"@id":"https:\/\/noticiasemdestaque.com\/cd\/#website"},"primaryImageOfPage":{"@id":"https:\/\/noticiasemdestaque.com\/cd\/?p=27362#primaryimage"},"image":{"@id":"https:\/\/noticiasemdestaque.com\/cd\/?p=27362#primaryimage"},"thumbnailUrl":"https:\/\/noticiasemdestaque.com\/cd\/wp-content\/uploads\/2020\/10\/drnetoeforlan-1-768x582-1.jpeg","datePublished":"2020-10-20T12:06:27+00:00","breadcrumb":{"@id":"https:\/\/noticiasemdestaque.com\/cd\/?p=27362#breadcrumb"},"inLanguage":"pt-BR","potentialAction":[{"@type":"ReadAction","target":["https:\/\/noticiasemdestaque.com\/cd\/?p=27362"]}]},{"@type":"ImageObject","inLanguage":"pt-BR","@id":"https:\/\/noticiasemdestaque.com\/cd\/?p=27362#primaryimage","url":"https:\/\/noticiasemdestaque.com\/cd\/wp-content\/uploads\/2020\/10\/drnetoeforlan-1-768x582-1.jpeg","contentUrl":"https:\/\/noticiasemdestaque.com\/cd\/wp-content\/uploads\/2020\/10\/drnetoeforlan-1-768x582-1.jpeg","width":768,"height":582},{"@type":"BreadcrumbList","@id":"https:\/\/noticiasemdestaque.com\/cd\/?p=27362#breadcrumb","itemListElement":[{"@type":"ListItem","position":1,"name":"In\u00edcio","item":"https:\/\/noticiasemdestaque.com\/cd\/"},{"@type":"ListItem","position":2,"name":"EM SUM\u00c9: Dr\u00f3 e Dr. Neto visitam zona rural e reafirmam apoio a reelei\u00e7\u00e3o de \u00c9den Duarte"}]},{"@type":"WebSite","@id":"https:\/\/noticiasemdestaque.com\/cd\/#website","url":"https:\/\/noticiasemdestaque.com\/cd\/","name":"Not&iacute;cias em Destaque","description":"","publisher":{"@id":"https:\/\/noticiasemdestaque.com\/cd\/#organization"},"potentialAction":[{"@type":"SearchAction","target":{"@type":"EntryPoint","urlTemplate":"https:\/\/noticiasemdestaque.com\/cd\/?s={search_term_string}"},"query-input":{"@type":"PropertyValueSpecification","valueRequired":true,"valueName":"search_term_string"}}],"inLanguage":"pt-BR"},{"@type":"Organization","@id":"https:\/\/noticiasemdestaque.com\/cd\/#organization","name":"Not\u00edcias em Destaque","url":"https:\/\/noticiasemdestaque.com\/cd\/","logo":{"@type":"ImageObject","inLanguage":"pt-BR","@id":"https:\/\/noticiasemdestaque.com\/cd\/#\/schema\/logo\/image\/","url":"https:\/\/noticiasemdestaque.com\/cd\/wp-content\/uploads\/2022\/05\/imagem-base-noticiasemdestaque.png","contentUrl":"https:\/\/noticiasemdestaque.com\/cd\/wp-content\/uploads\/2022\/05\/imagem-base-noticiasemdestaque.png","width":1200,"height":630,"caption":"Not\u00edcias em Destaque"},"image":{"@id":"https:\/\/noticiasemdestaque.com\/cd\/#\/schema\/logo\/image\/"}},{"@type":"Person","@id":"https:\/\/noticiasemdestaque.com\/cd\/#\/schema\/person\/967a459378479d4fa07976fedd8a7b5e","name":"Not\u00edcias em Destaque","url":"https:\/\/noticiasemdestaque.com\/cd\/?author=2"}]}},"jetpack_featured_media_url":"https:\/\/noticiasemdestaque.com\/cd\/wp-content\/uploads\/2020\/10\/drnetoeforlan-1-768x582-1.jpeg","jetpack_sharing_enabled":true,"_links":{"self":[{"href":"https:\/\/noticiasemdestaque.com\/cd\/index.php?rest_route=\/wp\/v2\/posts\/27362","targetHints":{"allow":["GET"]}}],"collection":[{"href":"https:\/\/noticiasemdestaque.com\/cd\/index.php?rest_route=\/wp\/v2\/posts"}],"about":[{"href":"https:\/\/noticiasemdestaque.com\/cd\/index.php?rest_route=\/wp\/v2\/types\/post"}],"author":[{"embeddable":true,"href":"https:\/\/noticiasemdestaque.com\/cd\/index.php?rest_route=\/wp\/v2\/users\/2"}],"replies":[{"embeddable":true,"href":"https:\/\/noticiasemdestaque.com\/cd\/index.php?rest_route=%2Fwp%2Fv2%2Fcomments&post=27362"}],"version-history":[{"count":1,"href":"https:\/\/noticiasemdestaque.com\/cd\/index.php?rest_route=\/wp\/v2\/posts\/27362\/revisions"}],"predecessor-version":[{"id":27365,"href":"https:\/\/noticiasemdestaque.com\/cd\/index.php?rest_route=\/wp\/v2\/posts\/27362\/revisions\/27365"}],"wp:featuredmedia":[{"embeddable":true,"href":"https:\/\/noticiasemdestaque.com\/cd\/index.php?rest_route=\/wp\/v2\/media\/27363"}],"wp:attachment":[{"href":"https:\/\/noticiasemdestaque.com\/cd\/index.php?rest_route=%2Fwp%2Fv2%2Fmedia&parent=27362"}],"wp:term":[{"taxonomy":"category","embeddable":true,"href":"https:\/\/noticiasemdestaque.com\/cd\/index.php?rest_route=%2Fwp%2Fv2%2Fcategories&post=27362"},{"taxonomy":"post_tag","embeddable":true,"href":"https:\/\/noticiasemdestaque.com\/cd\/index.php?rest_route=%2Fwp%2Fv2%2Ftags&post=27362"}],"curies":[{"name":"wp","href":"https:\/\/api.w.org\/{rel}","templated":true}]}}