{"id":27320,"date":"2020-10-19T10:21:04","date_gmt":"2020-10-19T13:21:04","guid":{"rendered":"http:\/\/noticiasemdestaque.com\/cd\/?p=27320"},"modified":"2020-10-19T10:21:04","modified_gmt":"2020-10-19T13:21:04","slug":"comprovacao-de-vida-para-o-inss-esta-suspensa-ate-novembro","status":"publish","type":"post","link":"https:\/\/noticiasemdestaque.com\/cd\/?p=27320","title":{"rendered":"Comprova\u00e7\u00e3o de vida para o INSS est\u00e1 suspensa at\u00e9 novembro"},"content":{"rendered":"<p><a href=\"https:\/\/noticiasemdestaque.com\/cd\/wp-content\/uploads\/2019\/12\/inss-serra-branca.jpg\"><img fetchpriority=\"high\" decoding=\"async\" class=\"size-medium wp-image-21464 alignleft\" src=\"https:\/\/noticiasemdestaque.com\/cd\/wp-content\/uploads\/2019\/12\/inss-serra-branca-300x225.jpg\" alt=\"\" width=\"300\" height=\"225\" srcset=\"https:\/\/noticiasemdestaque.com\/cd\/wp-content\/uploads\/2019\/12\/inss-serra-branca-300x225.jpg 300w, https:\/\/noticiasemdestaque.com\/cd\/wp-content\/uploads\/2019\/12\/inss-serra-branca-768x576.jpg 768w, https:\/\/noticiasemdestaque.com\/cd\/wp-content\/uploads\/2019\/12\/inss-serra-branca-1024x768.jpg 1024w, https:\/\/noticiasemdestaque.com\/cd\/wp-content\/uploads\/2019\/12\/inss-serra-branca-640x480.jpg 640w, https:\/\/noticiasemdestaque.com\/cd\/wp-content\/uploads\/2019\/12\/inss-serra-branca.jpg 1600w\" sizes=\"(max-width: 300px) 100vw, 300px\" \/><\/a><\/p>\n<p style=\"font-weight: 400;\">A suspens\u00e3o da prova de vida de benefici\u00e1rios do Instituto Nacional do Seguro Social (INSS) est\u00e1 prorrogada at\u00e9 o dia 31 de outubro, de acordo com uma portaria publicada no Di\u00e1rio Oficial da Uni\u00e3o. Com isso, quem n\u00e3o fizer o procedimento poder\u00e1 continuar recebendo seu benef\u00edcio.<\/p>\n<p style=\"font-weight: 400;\">Segundo o item, a prorroga\u00e7\u00e3o vale, a princ\u00edpio, por mais uma compet\u00eancia (outubro de 2020). Assim sendo, s\u00f3 a partir de novembro o benefici\u00e1rio correr\u00e1 risco de perder o benef\u00edcio, caso a medida n\u00e3o seja novamente prorrogada ou caso ele n\u00e3o fa\u00e7a a comprova\u00e7\u00e3o de vida.<\/p>\n<p style=\"font-weight: 400;\">O INSS esclarece que essa suspens\u00e3o n\u00e3o prejudicar\u00e1 a rotina e as obriga\u00e7\u00f5es contratuais estabelecidas entre o instituto e a rede banc\u00e1ria pagadora dos benef\u00edcios. Com isso, a comprova\u00e7\u00e3o de vida junto aos bancos deve ser feita normalmente.<\/p>\n<p style=\"font-weight: 400;\">Residentes no exterior devem fazer as comprova\u00e7\u00f5es de vida junto a representa\u00e7\u00f5es diplom\u00e1ticas ou consulares brasileiras no exterior ou por interm\u00e9dio do preenchimento do Formul\u00e1rio Espec\u00edfico de Atestado de Vida para comprova\u00e7\u00e3o perante o INSS. Esse formul\u00e1rio precisa ser assinado na presen\u00e7a de um not\u00e1rio p\u00fablico local e devidamente apostilado pelos \u00f3rg\u00e3os designados em cada pa\u00eds.<\/p>\n<p style=\"font-weight: 400;\">Fonte: Brasil 61<\/p>\n","protected":false},"excerpt":{"rendered":"<p>A suspens\u00e3o da prova de vida de benefici\u00e1rios do Instituto Nacional do Seguro Social (INSS) est\u00e1 prorrogada at\u00e9 o dia 31 de outubro, de acordo com uma portaria publicada no Di\u00e1rio Oficial da Uni\u00e3o. Com isso, quem n\u00e3o fizer o procedimento poder\u00e1 continuar recebendo seu benef\u00edcio. Segundo o item, a prorroga\u00e7\u00e3o vale, a princ\u00edpio, por mais uma compet\u00eancia (outubro de 2020). Assim sendo, s\u00f3 a partir de novembro o benefici\u00e1rio correr\u00e1 risco de perder o benef\u00edcio, caso a medida n\u00e3o seja novamente prorrogada ou caso ele n\u00e3o fa\u00e7a a comprova\u00e7\u00e3o de vida. O INSS esclarece que essa suspens\u00e3o n\u00e3o prejudicar\u00e1 a rotina e as obriga\u00e7\u00f5es contratuais estabelecidas entre o instituto e a rede banc\u00e1ria pagadora dos benef\u00edcios. Com isso, a comprova\u00e7\u00e3o de vida junto aos bancos deve ser feita normalmente. Residentes no exterior devem fazer as comprova\u00e7\u00f5es de vida junto a representa\u00e7\u00f5es diplom\u00e1ticas ou consulares brasileiras no exterior ou por interm\u00e9dio do preenchimento do Formul\u00e1rio Espec\u00edfico de Atestado de Vida para comprova\u00e7\u00e3o perante o INSS. Esse formul\u00e1rio precisa ser assinado na presen\u00e7a de um not\u00e1rio p\u00fablico local e devidamente apostilado pelos \u00f3rg\u00e3os designados em cada pa\u00eds. Fonte: Brasil 61<\/p>\n","protected":false},"author":2,"featured_media":13784,"comment_status":"closed","ping_status":"open","sticky":false,"template":"","format":"standard","meta":{"_eb_attr":"","_jetpack_memberships_contains_paid_content":false,"footnotes":""},"categories":[12],"tags":[],"class_list":["post-27320","post","type-post","status-publish","format-standard","has-post-thumbnail","hentry","category-geral"],"yoast_head":"<!-- This site is optimized with the Yoast SEO plugin v26.5 - https:\/\/yoast.com\/wordpress\/plugins\/seo\/ -->\n<title>Comprova\u00e7\u00e3o de vida para o INSS est\u00e1 suspensa at\u00e9 novembro - Not&iacute;cias em Destaque<\/title>\n<meta name=\"robots\" content=\"index, follow, max-snippet:-1, max-image-preview:large, max-video-preview:-1\" \/>\n<link rel=\"canonical\" href=\"https:\/\/noticiasemdestaque.com\/cd\/?p=27320\" \/>\n<meta property=\"og:locale\" content=\"pt_BR\" \/>\n<meta property=\"og:type\" content=\"article\" \/>\n<meta property=\"og:title\" content=\"Comprova\u00e7\u00e3o de vida para o INSS est\u00e1 suspensa at\u00e9 novembro - Not&iacute;cias em Destaque\" \/>\n<meta property=\"og:description\" content=\"A suspens\u00e3o da prova de vida de benefici\u00e1rios do Instituto Nacional do Seguro Social (INSS) est\u00e1 prorrogada at\u00e9 o dia 31 de outubro, de acordo com uma portaria publicada no Di\u00e1rio Oficial da Uni\u00e3o. Com isso, quem n\u00e3o fizer o procedimento poder\u00e1 continuar recebendo seu benef\u00edcio. Segundo o item, a prorroga\u00e7\u00e3o vale, a princ\u00edpio, por mais uma compet\u00eancia (outubro de 2020). Assim sendo, s\u00f3 a partir de novembro o benefici\u00e1rio correr\u00e1 risco de perder o benef\u00edcio, caso a medida n\u00e3o seja novamente prorrogada ou caso ele n\u00e3o fa\u00e7a a comprova\u00e7\u00e3o de vida. O INSS esclarece que essa suspens\u00e3o n\u00e3o prejudicar\u00e1 a rotina e as obriga\u00e7\u00f5es contratuais estabelecidas entre o instituto e a rede banc\u00e1ria pagadora dos benef\u00edcios. Com isso, a comprova\u00e7\u00e3o de vida junto aos bancos deve ser feita normalmente. Residentes no exterior devem fazer as comprova\u00e7\u00f5es de vida junto a representa\u00e7\u00f5es diplom\u00e1ticas ou consulares brasileiras no exterior ou por interm\u00e9dio do preenchimento do Formul\u00e1rio Espec\u00edfico de Atestado de Vida para comprova\u00e7\u00e3o perante o INSS. Esse formul\u00e1rio precisa ser assinado na presen\u00e7a de um not\u00e1rio p\u00fablico local e devidamente apostilado pelos \u00f3rg\u00e3os designados em cada pa\u00eds. Fonte: Brasil 61\" \/>\n<meta property=\"og:url\" content=\"https:\/\/noticiasemdestaque.com\/cd\/?p=27320\" \/>\n<meta property=\"og:site_name\" content=\"Not&iacute;cias em Destaque\" \/>\n<meta property=\"article:published_time\" content=\"2020-10-19T13:21:04+00:00\" \/>\n<meta property=\"og:image\" content=\"https:\/\/noticiasemdestaque.com\/cd\/wp-content\/uploads\/2018\/11\/INSS.jpg\" \/>\n\t<meta property=\"og:image:width\" content=\"876\" \/>\n\t<meta property=\"og:image:height\" content=\"585\" \/>\n\t<meta property=\"og:image:type\" content=\"image\/jpeg\" \/>\n<meta name=\"author\" content=\"Not\u00edcias em Destaque\" \/>\n<meta name=\"twitter:card\" content=\"summary_large_image\" \/>\n<meta name=\"twitter:label1\" content=\"Escrito por\" \/>\n\t<meta name=\"twitter:data1\" content=\"Not\u00edcias em Destaque\" \/>\n\t<meta name=\"twitter:label2\" content=\"Est. tempo de leitura\" \/>\n\t<meta name=\"twitter:data2\" content=\"1 minuto\" \/>\n<script type=\"application\/ld+json\" class=\"yoast-schema-graph\">{\"@context\":\"https:\/\/schema.org\",\"@graph\":[{\"@type\":\"Article\",\"@id\":\"https:\/\/noticiasemdestaque.com\/cd\/?p=27320#article\",\"isPartOf\":{\"@id\":\"https:\/\/noticiasemdestaque.com\/cd\/?p=27320\"},\"author\":{\"name\":\"Not\u00edcias em Destaque\",\"@id\":\"https:\/\/noticiasemdestaque.com\/cd\/#\/schema\/person\/c1451142d5e4d7aa7848244ea9e4606f\"},\"headline\":\"Comprova\u00e7\u00e3o de vida para o INSS est\u00e1 suspensa at\u00e9 novembro\",\"datePublished\":\"2020-10-19T13:21:04+00:00\",\"mainEntityOfPage\":{\"@id\":\"https:\/\/noticiasemdestaque.com\/cd\/?p=27320\"},\"wordCount\":231,\"publisher\":{\"@id\":\"https:\/\/noticiasemdestaque.com\/cd\/#organization\"},\"image\":{\"@id\":\"https:\/\/noticiasemdestaque.com\/cd\/?p=27320#primaryimage\"},\"thumbnailUrl\":\"https:\/\/noticiasemdestaque.com\/cd\/wp-content\/uploads\/2018\/11\/INSS.jpg\",\"articleSection\":[\"Geral\"],\"inLanguage\":\"pt-BR\"},{\"@type\":\"WebPage\",\"@id\":\"https:\/\/noticiasemdestaque.com\/cd\/?p=27320\",\"url\":\"https:\/\/noticiasemdestaque.com\/cd\/?p=27320\",\"name\":\"Comprova\u00e7\u00e3o de vida para o INSS est\u00e1 suspensa at\u00e9 novembro - Not&iacute;cias em Destaque\",\"isPartOf\":{\"@id\":\"https:\/\/noticiasemdestaque.com\/cd\/#website\"},\"primaryImageOfPage\":{\"@id\":\"https:\/\/noticiasemdestaque.com\/cd\/?p=27320#primaryimage\"},\"image\":{\"@id\":\"https:\/\/noticiasemdestaque.com\/cd\/?p=27320#primaryimage\"},\"thumbnailUrl\":\"https:\/\/noticiasemdestaque.com\/cd\/wp-content\/uploads\/2018\/11\/INSS.jpg\",\"datePublished\":\"2020-10-19T13:21:04+00:00\",\"breadcrumb\":{\"@id\":\"https:\/\/noticiasemdestaque.com\/cd\/?p=27320#breadcrumb\"},\"inLanguage\":\"pt-BR\",\"potentialAction\":[{\"@type\":\"ReadAction\",\"target\":[\"https:\/\/noticiasemdestaque.com\/cd\/?p=27320\"]}]},{\"@type\":\"ImageObject\",\"inLanguage\":\"pt-BR\",\"@id\":\"https:\/\/noticiasemdestaque.com\/cd\/?p=27320#primaryimage\",\"url\":\"https:\/\/noticiasemdestaque.com\/cd\/wp-content\/uploads\/2018\/11\/INSS.jpg\",\"contentUrl\":\"https:\/\/noticiasemdestaque.com\/cd\/wp-content\/uploads\/2018\/11\/INSS.jpg\",\"width\":876,\"height\":585,\"caption\":\"Foto: \u00a9 Marcelo Camargo\/Ag\u00eancia Brasil\"},{\"@type\":\"BreadcrumbList\",\"@id\":\"https:\/\/noticiasemdestaque.com\/cd\/?p=27320#breadcrumb\",\"itemListElement\":[{\"@type\":\"ListItem\",\"position\":1,\"name\":\"In\u00edcio\",\"item\":\"https:\/\/noticiasemdestaque.com\/cd\/\"},{\"@type\":\"ListItem\",\"position\":2,\"name\":\"Comprova\u00e7\u00e3o de vida para o INSS est\u00e1 suspensa at\u00e9 novembro\"}]},{\"@type\":\"WebSite\",\"@id\":\"https:\/\/noticiasemdestaque.com\/cd\/#website\",\"url\":\"https:\/\/noticiasemdestaque.com\/cd\/\",\"name\":\"Not&iacute;cias em Destaque\",\"description\":\"\",\"publisher\":{\"@id\":\"https:\/\/noticiasemdestaque.com\/cd\/#organization\"},\"potentialAction\":[{\"@type\":\"SearchAction\",\"target\":{\"@type\":\"EntryPoint\",\"urlTemplate\":\"https:\/\/noticiasemdestaque.com\/cd\/?s={search_term_string}\"},\"query-input\":{\"@type\":\"PropertyValueSpecification\",\"valueRequired\":true,\"valueName\":\"search_term_string\"}}],\"inLanguage\":\"pt-BR\"},{\"@type\":\"Organization\",\"@id\":\"https:\/\/noticiasemdestaque.com\/cd\/#organization\",\"name\":\"Not\u00edcias em Destaque\",\"url\":\"https:\/\/noticiasemdestaque.com\/cd\/\",\"logo\":{\"@type\":\"ImageObject\",\"inLanguage\":\"pt-BR\",\"@id\":\"https:\/\/noticiasemdestaque.com\/cd\/#\/schema\/logo\/image\/\",\"url\":\"https:\/\/noticiasemdestaque.com\/cd\/wp-content\/uploads\/2022\/05\/imagem-base-noticiasemdestaque.png\",\"contentUrl\":\"https:\/\/noticiasemdestaque.com\/cd\/wp-content\/uploads\/2022\/05\/imagem-base-noticiasemdestaque.png\",\"width\":1200,\"height\":630,\"caption\":\"Not\u00edcias em Destaque\"},\"image\":{\"@id\":\"https:\/\/noticiasemdestaque.com\/cd\/#\/schema\/logo\/image\/\"}},{\"@type\":\"Person\",\"@id\":\"https:\/\/noticiasemdestaque.com\/cd\/#\/schema\/person\/c1451142d5e4d7aa7848244ea9e4606f\",\"name\":\"Not\u00edcias em Destaque\",\"url\":\"https:\/\/noticiasemdestaque.com\/cd\/?author=2\"}]}<\/script>\n<!-- \/ Yoast SEO plugin. -->","yoast_head_json":{"title":"Comprova\u00e7\u00e3o de vida para o INSS est\u00e1 suspensa at\u00e9 novembro - Not&iacute;cias em Destaque","robots":{"index":"index","follow":"follow","max-snippet":"max-snippet:-1","max-image-preview":"max-image-preview:large","max-video-preview":"max-video-preview:-1"},"canonical":"https:\/\/noticiasemdestaque.com\/cd\/?p=27320","og_locale":"pt_BR","og_type":"article","og_title":"Comprova\u00e7\u00e3o de vida para o INSS est\u00e1 suspensa at\u00e9 novembro - Not&iacute;cias em Destaque","og_description":"A suspens\u00e3o da prova de vida de benefici\u00e1rios do Instituto Nacional do Seguro Social (INSS) est\u00e1 prorrogada at\u00e9 o dia 31 de outubro, de acordo com uma portaria publicada no Di\u00e1rio Oficial da Uni\u00e3o. Com isso, quem n\u00e3o fizer o procedimento poder\u00e1 continuar recebendo seu benef\u00edcio. Segundo o item, a prorroga\u00e7\u00e3o vale, a princ\u00edpio, por mais uma compet\u00eancia (outubro de 2020). Assim sendo, s\u00f3 a partir de novembro o benefici\u00e1rio correr\u00e1 risco de perder o benef\u00edcio, caso a medida n\u00e3o seja novamente prorrogada ou caso ele n\u00e3o fa\u00e7a a comprova\u00e7\u00e3o de vida. O INSS esclarece que essa suspens\u00e3o n\u00e3o prejudicar\u00e1 a rotina e as obriga\u00e7\u00f5es contratuais estabelecidas entre o instituto e a rede banc\u00e1ria pagadora dos benef\u00edcios. Com isso, a comprova\u00e7\u00e3o de vida junto aos bancos deve ser feita normalmente. Residentes no exterior devem fazer as comprova\u00e7\u00f5es de vida junto a representa\u00e7\u00f5es diplom\u00e1ticas ou consulares brasileiras no exterior ou por interm\u00e9dio do preenchimento do Formul\u00e1rio Espec\u00edfico de Atestado de Vida para comprova\u00e7\u00e3o perante o INSS. Esse formul\u00e1rio precisa ser assinado na presen\u00e7a de um not\u00e1rio p\u00fablico local e devidamente apostilado pelos \u00f3rg\u00e3os designados em cada pa\u00eds. Fonte: Brasil 61","og_url":"https:\/\/noticiasemdestaque.com\/cd\/?p=27320","og_site_name":"Not&iacute;cias em Destaque","article_published_time":"2020-10-19T13:21:04+00:00","og_image":[{"width":876,"height":585,"url":"https:\/\/noticiasemdestaque.com\/cd\/wp-content\/uploads\/2018\/11\/INSS.jpg","type":"image\/jpeg"}],"author":"Not\u00edcias em Destaque","twitter_card":"summary_large_image","twitter_misc":{"Escrito por":"Not\u00edcias em Destaque","Est. tempo de leitura":"1 minuto"},"schema":{"@context":"https:\/\/schema.org","@graph":[{"@type":"Article","@id":"https:\/\/noticiasemdestaque.com\/cd\/?p=27320#article","isPartOf":{"@id":"https:\/\/noticiasemdestaque.com\/cd\/?p=27320"},"author":{"name":"Not\u00edcias em Destaque","@id":"https:\/\/noticiasemdestaque.com\/cd\/#\/schema\/person\/c1451142d5e4d7aa7848244ea9e4606f"},"headline":"Comprova\u00e7\u00e3o de vida para o INSS est\u00e1 suspensa at\u00e9 novembro","datePublished":"2020-10-19T13:21:04+00:00","mainEntityOfPage":{"@id":"https:\/\/noticiasemdestaque.com\/cd\/?p=27320"},"wordCount":231,"publisher":{"@id":"https:\/\/noticiasemdestaque.com\/cd\/#organization"},"image":{"@id":"https:\/\/noticiasemdestaque.com\/cd\/?p=27320#primaryimage"},"thumbnailUrl":"https:\/\/noticiasemdestaque.com\/cd\/wp-content\/uploads\/2018\/11\/INSS.jpg","articleSection":["Geral"],"inLanguage":"pt-BR"},{"@type":"WebPage","@id":"https:\/\/noticiasemdestaque.com\/cd\/?p=27320","url":"https:\/\/noticiasemdestaque.com\/cd\/?p=27320","name":"Comprova\u00e7\u00e3o de vida para o INSS est\u00e1 suspensa at\u00e9 novembro - Not&iacute;cias em Destaque","isPartOf":{"@id":"https:\/\/noticiasemdestaque.com\/cd\/#website"},"primaryImageOfPage":{"@id":"https:\/\/noticiasemdestaque.com\/cd\/?p=27320#primaryimage"},"image":{"@id":"https:\/\/noticiasemdestaque.com\/cd\/?p=27320#primaryimage"},"thumbnailUrl":"https:\/\/noticiasemdestaque.com\/cd\/wp-content\/uploads\/2018\/11\/INSS.jpg","datePublished":"2020-10-19T13:21:04+00:00","breadcrumb":{"@id":"https:\/\/noticiasemdestaque.com\/cd\/?p=27320#breadcrumb"},"inLanguage":"pt-BR","potentialAction":[{"@type":"ReadAction","target":["https:\/\/noticiasemdestaque.com\/cd\/?p=27320"]}]},{"@type":"ImageObject","inLanguage":"pt-BR","@id":"https:\/\/noticiasemdestaque.com\/cd\/?p=27320#primaryimage","url":"https:\/\/noticiasemdestaque.com\/cd\/wp-content\/uploads\/2018\/11\/INSS.jpg","contentUrl":"https:\/\/noticiasemdestaque.com\/cd\/wp-content\/uploads\/2018\/11\/INSS.jpg","width":876,"height":585,"caption":"Foto: \u00a9 Marcelo Camargo\/Ag\u00eancia Brasil"},{"@type":"BreadcrumbList","@id":"https:\/\/noticiasemdestaque.com\/cd\/?p=27320#breadcrumb","itemListElement":[{"@type":"ListItem","position":1,"name":"In\u00edcio","item":"https:\/\/noticiasemdestaque.com\/cd\/"},{"@type":"ListItem","position":2,"name":"Comprova\u00e7\u00e3o de vida para o INSS est\u00e1 suspensa at\u00e9 novembro"}]},{"@type":"WebSite","@id":"https:\/\/noticiasemdestaque.com\/cd\/#website","url":"https:\/\/noticiasemdestaque.com\/cd\/","name":"Not&iacute;cias em Destaque","description":"","publisher":{"@id":"https:\/\/noticiasemdestaque.com\/cd\/#organization"},"potentialAction":[{"@type":"SearchAction","target":{"@type":"EntryPoint","urlTemplate":"https:\/\/noticiasemdestaque.com\/cd\/?s={search_term_string}"},"query-input":{"@type":"PropertyValueSpecification","valueRequired":true,"valueName":"search_term_string"}}],"inLanguage":"pt-BR"},{"@type":"Organization","@id":"https:\/\/noticiasemdestaque.com\/cd\/#organization","name":"Not\u00edcias em Destaque","url":"https:\/\/noticiasemdestaque.com\/cd\/","logo":{"@type":"ImageObject","inLanguage":"pt-BR","@id":"https:\/\/noticiasemdestaque.com\/cd\/#\/schema\/logo\/image\/","url":"https:\/\/noticiasemdestaque.com\/cd\/wp-content\/uploads\/2022\/05\/imagem-base-noticiasemdestaque.png","contentUrl":"https:\/\/noticiasemdestaque.com\/cd\/wp-content\/uploads\/2022\/05\/imagem-base-noticiasemdestaque.png","width":1200,"height":630,"caption":"Not\u00edcias em Destaque"},"image":{"@id":"https:\/\/noticiasemdestaque.com\/cd\/#\/schema\/logo\/image\/"}},{"@type":"Person","@id":"https:\/\/noticiasemdestaque.com\/cd\/#\/schema\/person\/c1451142d5e4d7aa7848244ea9e4606f","name":"Not\u00edcias em Destaque","url":"https:\/\/noticiasemdestaque.com\/cd\/?author=2"}]}},"jetpack_featured_media_url":"https:\/\/noticiasemdestaque.com\/cd\/wp-content\/uploads\/2018\/11\/INSS.jpg","jetpack_sharing_enabled":true,"_links":{"self":[{"href":"https:\/\/noticiasemdestaque.com\/cd\/index.php?rest_route=\/wp\/v2\/posts\/27320","targetHints":{"allow":["GET"]}}],"collection":[{"href":"https:\/\/noticiasemdestaque.com\/cd\/index.php?rest_route=\/wp\/v2\/posts"}],"about":[{"href":"https:\/\/noticiasemdestaque.com\/cd\/index.php?rest_route=\/wp\/v2\/types\/post"}],"author":[{"embeddable":true,"href":"https:\/\/noticiasemdestaque.com\/cd\/index.php?rest_route=\/wp\/v2\/users\/2"}],"replies":[{"embeddable":true,"href":"https:\/\/noticiasemdestaque.com\/cd\/index.php?rest_route=%2Fwp%2Fv2%2Fcomments&post=27320"}],"version-history":[{"count":1,"href":"https:\/\/noticiasemdestaque.com\/cd\/index.php?rest_route=\/wp\/v2\/posts\/27320\/revisions"}],"predecessor-version":[{"id":27321,"href":"https:\/\/noticiasemdestaque.com\/cd\/index.php?rest_route=\/wp\/v2\/posts\/27320\/revisions\/27321"}],"wp:featuredmedia":[{"embeddable":true,"href":"https:\/\/noticiasemdestaque.com\/cd\/index.php?rest_route=\/wp\/v2\/media\/13784"}],"wp:attachment":[{"href":"https:\/\/noticiasemdestaque.com\/cd\/index.php?rest_route=%2Fwp%2Fv2%2Fmedia&parent=27320"}],"wp:term":[{"taxonomy":"category","embeddable":true,"href":"https:\/\/noticiasemdestaque.com\/cd\/index.php?rest_route=%2Fwp%2Fv2%2Fcategories&post=27320"},{"taxonomy":"post_tag","embeddable":true,"href":"https:\/\/noticiasemdestaque.com\/cd\/index.php?rest_route=%2Fwp%2Fv2%2Ftags&post=27320"}],"curies":[{"name":"wp","href":"https:\/\/api.w.org\/{rel}","templated":true}]}}