{"id":27302,"date":"2020-10-18T18:51:30","date_gmt":"2020-10-18T21:51:30","guid":{"rendered":"http:\/\/noticiasemdestaque.com\/cd\/?p=27302"},"modified":"2020-10-18T18:51:30","modified_gmt":"2020-10-18T21:51:30","slug":"pb-agora-datavox-lorena-lidera-disputa-em-monteiro-com-53-das-intencoes-de-voto","status":"publish","type":"post","link":"https:\/\/noticiasemdestaque.com\/cd\/?p=27302","title":{"rendered":"PB Agora\/Datavox: Lorena lidera disputa em Monteiro com 53% das inten\u00e7\u00f5es de voto"},"content":{"rendered":"<p><a href=\"https:\/\/noticiasemdestaque.com\/cd\/wp-content\/uploads\/2020\/10\/A62F1D7B-E00C-4CCA-A8BD-0F9059B905B7.jpeg\"><img fetchpriority=\"high\" decoding=\"async\" class=\"size-medium wp-image-27293 alignleft\" src=\"https:\/\/noticiasemdestaque.com\/cd\/wp-content\/uploads\/2020\/10\/A62F1D7B-E00C-4CCA-A8BD-0F9059B905B7-300x200.jpeg\" alt=\"\" width=\"300\" height=\"200\" srcset=\"https:\/\/noticiasemdestaque.com\/cd\/wp-content\/uploads\/2020\/10\/A62F1D7B-E00C-4CCA-A8BD-0F9059B905B7-300x200.jpeg 300w, https:\/\/noticiasemdestaque.com\/cd\/wp-content\/uploads\/2020\/10\/A62F1D7B-E00C-4CCA-A8BD-0F9059B905B7-480x320.jpeg 480w, https:\/\/noticiasemdestaque.com\/cd\/wp-content\/uploads\/2020\/10\/A62F1D7B-E00C-4CCA-A8BD-0F9059B905B7.jpeg 768w\" sizes=\"(max-width: 300px) 100vw, 300px\" \/><\/a><\/p>\n<p>A atual prefeita do munic\u00edpio de Monteiro, Lorena, do PL, lidera a disputa pela sucess\u00e3o municipal na cidade com 53,0% das inten\u00e7\u00f5es de voto, praticamente o dobro da porcentagem alcan\u00e7ada pela segunda colocada, a m\u00e9dica Micheila Henrique, que aparece com 27,8%.<\/p>\n<p>A pesquisa ainda aponta que o n\u00famero de indecisos \u00e9 de 13,0%, j\u00e1 os brancos e nulos somam 6,2%.<\/p>\n<p>Os n\u00fameros foram divulgados pelo Instituto Datavox neste domingo (18) ap\u00f3s a justi\u00e7a eleitoral atestar a lisura da pesquisa contratada pelo portal PB Agora e s\u00e3o o resultado da pesquisa estimulada \u2013 aquela em que o entrevistado escolhe entre as op\u00e7\u00f5es existentes \u2013 sinalizando o term\u00f4metro da corrida eleitoral a menos de 30 dias para a realiza\u00e7\u00e3o do pleito na cidade.<\/p>\n<p>CONFIRA O GR\u00c1FICO<\/p>\n<p><img decoding=\"async\" src=\"https:\/\/i1.wp.com\/www.vitrinedocariri.com.br\/wp-content\/uploads\/2020\/10\/MONTEIRO-ESTIMULADA.jpg?resize=835%2C565&amp;ssl=1\" \/><\/p>\n<p>&nbsp;<\/p>\n<p>SOBRE A PESQUISA<\/p>\n<p>A pesquisa Datavox foi registrada no Tribunal Regional Eleitoral no dia 12 de outubro de 2020 com o Protocolo PB-09884\/2020 \u2013 TSE \u2013 TRE. As entrevistas foram realizadas no dia 13 de outubro de 2020 e ouviu 400 pessoas com mais de 16 anos.<\/p>\n<p>O intervalo de confian\u00e7a estimado \u00e9 de 95% e a margem de erro m\u00e1xima estimada \u00e9 de 4,9% pontos percentuais para mais ou para menos sobre os resultados encontrados.<\/p>\n<p>As entrevistas foram pessoais com utiliza\u00e7\u00e3o de question\u00e1rio elaborado de acordo com os objetivos da pesquisa e foram realizadas por uma equipe de entrevistadores do DATAVOX \u2013 Pesquisas de Opini\u00e3o P\u00fablica e Estat\u00edsticas Ltda, devidamente treinada para abordagem na zona urbana e rural da cidade.<\/p>\n","protected":false},"excerpt":{"rendered":"<p>A atual prefeita do munic\u00edpio de Monteiro, Lorena, do PL, lidera a disputa pela sucess\u00e3o municipal na cidade com 53,0% das inten\u00e7\u00f5es de voto, praticamente o dobro da porcentagem alcan\u00e7ada pela segunda colocada, a m\u00e9dica Micheila Henrique, que aparece com 27,8%. A pesquisa ainda aponta que o n\u00famero de indecisos \u00e9 de 13,0%, j\u00e1 os brancos e nulos somam 6,2%. Os n\u00fameros foram divulgados pelo Instituto Datavox neste domingo (18) ap\u00f3s a justi\u00e7a eleitoral atestar a lisura da pesquisa contratada pelo portal PB Agora e s\u00e3o o resultado da pesquisa estimulada \u2013 aquela em que o entrevistado escolhe entre as op\u00e7\u00f5es existentes \u2013 sinalizando o term\u00f4metro da corrida eleitoral a menos de 30 dias para a realiza\u00e7\u00e3o do pleito na cidade. CONFIRA O GR\u00c1FICO &nbsp; SOBRE A PESQUISA A pesquisa Datavox foi registrada no Tribunal Regional Eleitoral no dia 12 de outubro de 2020 com o Protocolo PB-09884\/2020 \u2013 TSE \u2013 TRE. As entrevistas foram realizadas no dia 13 de outubro de 2020 e ouviu 400 pessoas com mais de 16 anos. O intervalo de confian\u00e7a estimado \u00e9 de 95% e a margem de erro m\u00e1xima estimada \u00e9 de 4,9% pontos percentuais para mais ou para menos sobre os resultados encontrados. As entrevistas foram pessoais com utiliza\u00e7\u00e3o de question\u00e1rio elaborado de acordo com os objetivos da pesquisa e foram realizadas por uma equipe de entrevistadores do DATAVOX \u2013 Pesquisas de Opini\u00e3o P\u00fablica e Estat\u00edsticas Ltda, devidamente treinada para abordagem na zona urbana e rural da cidade.<\/p>\n","protected":false},"author":2,"featured_media":27293,"comment_status":"closed","ping_status":"open","sticky":false,"template":"","format":"standard","meta":{"_eb_attr":"","_jetpack_memberships_contains_paid_content":false,"footnotes":""},"categories":[4],"tags":[],"class_list":["post-27302","post","type-post","status-publish","format-standard","has-post-thumbnail","hentry","category-politica"],"yoast_head":"<!-- This site is optimized with the Yoast SEO plugin v26.5 - https:\/\/yoast.com\/wordpress\/plugins\/seo\/ -->\n<title>PB Agora\/Datavox: Lorena lidera disputa em Monteiro com 53% das inten\u00e7\u00f5es de voto - Not&iacute;cias em Destaque<\/title>\n<meta name=\"robots\" content=\"index, follow, max-snippet:-1, max-image-preview:large, max-video-preview:-1\" \/>\n<link rel=\"canonical\" href=\"https:\/\/noticiasemdestaque.com\/cd\/?p=27302\" \/>\n<meta property=\"og:locale\" content=\"pt_BR\" \/>\n<meta property=\"og:type\" content=\"article\" \/>\n<meta property=\"og:title\" content=\"PB Agora\/Datavox: Lorena lidera disputa em Monteiro com 53% das inten\u00e7\u00f5es de voto - Not&iacute;cias em Destaque\" \/>\n<meta property=\"og:description\" content=\"A atual prefeita do munic\u00edpio de Monteiro, Lorena, do PL, lidera a disputa pela sucess\u00e3o municipal na cidade com 53,0% das inten\u00e7\u00f5es de voto, praticamente o dobro da porcentagem alcan\u00e7ada pela segunda colocada, a m\u00e9dica Micheila Henrique, que aparece com 27,8%. A pesquisa ainda aponta que o n\u00famero de indecisos \u00e9 de 13,0%, j\u00e1 os brancos e nulos somam 6,2%. Os n\u00fameros foram divulgados pelo Instituto Datavox neste domingo (18) ap\u00f3s a justi\u00e7a eleitoral atestar a lisura da pesquisa contratada pelo portal PB Agora e s\u00e3o o resultado da pesquisa estimulada \u2013 aquela em que o entrevistado escolhe entre as op\u00e7\u00f5es existentes \u2013 sinalizando o term\u00f4metro da corrida eleitoral a menos de 30 dias para a realiza\u00e7\u00e3o do pleito na cidade. CONFIRA O GR\u00c1FICO &nbsp; SOBRE A PESQUISA A pesquisa Datavox foi registrada no Tribunal Regional Eleitoral no dia 12 de outubro de 2020 com o Protocolo PB-09884\/2020 \u2013 TSE \u2013 TRE. As entrevistas foram realizadas no dia 13 de outubro de 2020 e ouviu 400 pessoas com mais de 16 anos. O intervalo de confian\u00e7a estimado \u00e9 de 95% e a margem de erro m\u00e1xima estimada \u00e9 de 4,9% pontos percentuais para mais ou para menos sobre os resultados encontrados. As entrevistas foram pessoais com utiliza\u00e7\u00e3o de question\u00e1rio elaborado de acordo com os objetivos da pesquisa e foram realizadas por uma equipe de entrevistadores do DATAVOX \u2013 Pesquisas de Opini\u00e3o P\u00fablica e Estat\u00edsticas Ltda, devidamente treinada para abordagem na zona urbana e rural da cidade.\" \/>\n<meta property=\"og:url\" content=\"https:\/\/noticiasemdestaque.com\/cd\/?p=27302\" \/>\n<meta property=\"og:site_name\" content=\"Not&iacute;cias em Destaque\" \/>\n<meta property=\"article:published_time\" content=\"2020-10-18T21:51:30+00:00\" \/>\n<meta property=\"og:image\" content=\"https:\/\/noticiasemdestaque.com\/cd\/wp-content\/uploads\/2020\/10\/A62F1D7B-E00C-4CCA-A8BD-0F9059B905B7.jpeg\" \/>\n\t<meta property=\"og:image:width\" content=\"768\" \/>\n\t<meta property=\"og:image:height\" content=\"512\" \/>\n\t<meta property=\"og:image:type\" content=\"image\/jpeg\" \/>\n<meta name=\"author\" content=\"Not\u00edcias em Destaque\" \/>\n<meta name=\"twitter:card\" content=\"summary_large_image\" \/>\n<meta name=\"twitter:label1\" content=\"Escrito por\" \/>\n\t<meta name=\"twitter:data1\" content=\"Not\u00edcias em Destaque\" \/>\n\t<meta name=\"twitter:label2\" content=\"Est. tempo de leitura\" \/>\n\t<meta name=\"twitter:data2\" content=\"1 minuto\" \/>\n<script type=\"application\/ld+json\" class=\"yoast-schema-graph\">{\"@context\":\"https:\/\/schema.org\",\"@graph\":[{\"@type\":\"Article\",\"@id\":\"https:\/\/noticiasemdestaque.com\/cd\/?p=27302#article\",\"isPartOf\":{\"@id\":\"https:\/\/noticiasemdestaque.com\/cd\/?p=27302\"},\"author\":{\"name\":\"Not\u00edcias em Destaque\",\"@id\":\"https:\/\/noticiasemdestaque.com\/cd\/#\/schema\/person\/c1451142d5e4d7aa7848244ea9e4606f\"},\"headline\":\"PB Agora\/Datavox: Lorena lidera disputa em Monteiro com 53% das inten\u00e7\u00f5es de voto\",\"datePublished\":\"2020-10-18T21:51:30+00:00\",\"mainEntityOfPage\":{\"@id\":\"https:\/\/noticiasemdestaque.com\/cd\/?p=27302\"},\"wordCount\":259,\"publisher\":{\"@id\":\"https:\/\/noticiasemdestaque.com\/cd\/#organization\"},\"image\":{\"@id\":\"https:\/\/noticiasemdestaque.com\/cd\/?p=27302#primaryimage\"},\"thumbnailUrl\":\"https:\/\/noticiasemdestaque.com\/cd\/wp-content\/uploads\/2020\/10\/A62F1D7B-E00C-4CCA-A8BD-0F9059B905B7.jpeg\",\"articleSection\":[\"Pol\u00edtica\"],\"inLanguage\":\"pt-BR\"},{\"@type\":\"WebPage\",\"@id\":\"https:\/\/noticiasemdestaque.com\/cd\/?p=27302\",\"url\":\"https:\/\/noticiasemdestaque.com\/cd\/?p=27302\",\"name\":\"PB Agora\/Datavox: Lorena lidera disputa em Monteiro com 53% das inten\u00e7\u00f5es de voto - Not&iacute;cias em Destaque\",\"isPartOf\":{\"@id\":\"https:\/\/noticiasemdestaque.com\/cd\/#website\"},\"primaryImageOfPage\":{\"@id\":\"https:\/\/noticiasemdestaque.com\/cd\/?p=27302#primaryimage\"},\"image\":{\"@id\":\"https:\/\/noticiasemdestaque.com\/cd\/?p=27302#primaryimage\"},\"thumbnailUrl\":\"https:\/\/noticiasemdestaque.com\/cd\/wp-content\/uploads\/2020\/10\/A62F1D7B-E00C-4CCA-A8BD-0F9059B905B7.jpeg\",\"datePublished\":\"2020-10-18T21:51:30+00:00\",\"breadcrumb\":{\"@id\":\"https:\/\/noticiasemdestaque.com\/cd\/?p=27302#breadcrumb\"},\"inLanguage\":\"pt-BR\",\"potentialAction\":[{\"@type\":\"ReadAction\",\"target\":[\"https:\/\/noticiasemdestaque.com\/cd\/?p=27302\"]}]},{\"@type\":\"ImageObject\",\"inLanguage\":\"pt-BR\",\"@id\":\"https:\/\/noticiasemdestaque.com\/cd\/?p=27302#primaryimage\",\"url\":\"https:\/\/noticiasemdestaque.com\/cd\/wp-content\/uploads\/2020\/10\/A62F1D7B-E00C-4CCA-A8BD-0F9059B905B7.jpeg\",\"contentUrl\":\"https:\/\/noticiasemdestaque.com\/cd\/wp-content\/uploads\/2020\/10\/A62F1D7B-E00C-4CCA-A8BD-0F9059B905B7.jpeg\",\"width\":768,\"height\":512},{\"@type\":\"BreadcrumbList\",\"@id\":\"https:\/\/noticiasemdestaque.com\/cd\/?p=27302#breadcrumb\",\"itemListElement\":[{\"@type\":\"ListItem\",\"position\":1,\"name\":\"In\u00edcio\",\"item\":\"https:\/\/noticiasemdestaque.com\/cd\/\"},{\"@type\":\"ListItem\",\"position\":2,\"name\":\"PB Agora\/Datavox: Lorena lidera disputa em Monteiro com 53% das inten\u00e7\u00f5es de voto\"}]},{\"@type\":\"WebSite\",\"@id\":\"https:\/\/noticiasemdestaque.com\/cd\/#website\",\"url\":\"https:\/\/noticiasemdestaque.com\/cd\/\",\"name\":\"Not&iacute;cias em Destaque\",\"description\":\"\",\"publisher\":{\"@id\":\"https:\/\/noticiasemdestaque.com\/cd\/#organization\"},\"potentialAction\":[{\"@type\":\"SearchAction\",\"target\":{\"@type\":\"EntryPoint\",\"urlTemplate\":\"https:\/\/noticiasemdestaque.com\/cd\/?s={search_term_string}\"},\"query-input\":{\"@type\":\"PropertyValueSpecification\",\"valueRequired\":true,\"valueName\":\"search_term_string\"}}],\"inLanguage\":\"pt-BR\"},{\"@type\":\"Organization\",\"@id\":\"https:\/\/noticiasemdestaque.com\/cd\/#organization\",\"name\":\"Not\u00edcias em Destaque\",\"url\":\"https:\/\/noticiasemdestaque.com\/cd\/\",\"logo\":{\"@type\":\"ImageObject\",\"inLanguage\":\"pt-BR\",\"@id\":\"https:\/\/noticiasemdestaque.com\/cd\/#\/schema\/logo\/image\/\",\"url\":\"https:\/\/noticiasemdestaque.com\/cd\/wp-content\/uploads\/2022\/05\/imagem-base-noticiasemdestaque.png\",\"contentUrl\":\"https:\/\/noticiasemdestaque.com\/cd\/wp-content\/uploads\/2022\/05\/imagem-base-noticiasemdestaque.png\",\"width\":1200,\"height\":630,\"caption\":\"Not\u00edcias em Destaque\"},\"image\":{\"@id\":\"https:\/\/noticiasemdestaque.com\/cd\/#\/schema\/logo\/image\/\"}},{\"@type\":\"Person\",\"@id\":\"https:\/\/noticiasemdestaque.com\/cd\/#\/schema\/person\/c1451142d5e4d7aa7848244ea9e4606f\",\"name\":\"Not\u00edcias em Destaque\",\"url\":\"https:\/\/noticiasemdestaque.com\/cd\/?author=2\"}]}<\/script>\n<!-- \/ Yoast SEO plugin. -->","yoast_head_json":{"title":"PB Agora\/Datavox: Lorena lidera disputa em Monteiro com 53% das inten\u00e7\u00f5es de voto - Not&iacute;cias em Destaque","robots":{"index":"index","follow":"follow","max-snippet":"max-snippet:-1","max-image-preview":"max-image-preview:large","max-video-preview":"max-video-preview:-1"},"canonical":"https:\/\/noticiasemdestaque.com\/cd\/?p=27302","og_locale":"pt_BR","og_type":"article","og_title":"PB Agora\/Datavox: Lorena lidera disputa em Monteiro com 53% das inten\u00e7\u00f5es de voto - Not&iacute;cias em Destaque","og_description":"A atual prefeita do munic\u00edpio de Monteiro, Lorena, do PL, lidera a disputa pela sucess\u00e3o municipal na cidade com 53,0% das inten\u00e7\u00f5es de voto, praticamente o dobro da porcentagem alcan\u00e7ada pela segunda colocada, a m\u00e9dica Micheila Henrique, que aparece com 27,8%. A pesquisa ainda aponta que o n\u00famero de indecisos \u00e9 de 13,0%, j\u00e1 os brancos e nulos somam 6,2%. Os n\u00fameros foram divulgados pelo Instituto Datavox neste domingo (18) ap\u00f3s a justi\u00e7a eleitoral atestar a lisura da pesquisa contratada pelo portal PB Agora e s\u00e3o o resultado da pesquisa estimulada \u2013 aquela em que o entrevistado escolhe entre as op\u00e7\u00f5es existentes \u2013 sinalizando o term\u00f4metro da corrida eleitoral a menos de 30 dias para a realiza\u00e7\u00e3o do pleito na cidade. CONFIRA O GR\u00c1FICO &nbsp; SOBRE A PESQUISA A pesquisa Datavox foi registrada no Tribunal Regional Eleitoral no dia 12 de outubro de 2020 com o Protocolo PB-09884\/2020 \u2013 TSE \u2013 TRE. As entrevistas foram realizadas no dia 13 de outubro de 2020 e ouviu 400 pessoas com mais de 16 anos. O intervalo de confian\u00e7a estimado \u00e9 de 95% e a margem de erro m\u00e1xima estimada \u00e9 de 4,9% pontos percentuais para mais ou para menos sobre os resultados encontrados. As entrevistas foram pessoais com utiliza\u00e7\u00e3o de question\u00e1rio elaborado de acordo com os objetivos da pesquisa e foram realizadas por uma equipe de entrevistadores do DATAVOX \u2013 Pesquisas de Opini\u00e3o P\u00fablica e Estat\u00edsticas Ltda, devidamente treinada para abordagem na zona urbana e rural da cidade.","og_url":"https:\/\/noticiasemdestaque.com\/cd\/?p=27302","og_site_name":"Not&iacute;cias em Destaque","article_published_time":"2020-10-18T21:51:30+00:00","og_image":[{"width":768,"height":512,"url":"https:\/\/noticiasemdestaque.com\/cd\/wp-content\/uploads\/2020\/10\/A62F1D7B-E00C-4CCA-A8BD-0F9059B905B7.jpeg","type":"image\/jpeg"}],"author":"Not\u00edcias em Destaque","twitter_card":"summary_large_image","twitter_misc":{"Escrito por":"Not\u00edcias em Destaque","Est. tempo de leitura":"1 minuto"},"schema":{"@context":"https:\/\/schema.org","@graph":[{"@type":"Article","@id":"https:\/\/noticiasemdestaque.com\/cd\/?p=27302#article","isPartOf":{"@id":"https:\/\/noticiasemdestaque.com\/cd\/?p=27302"},"author":{"name":"Not\u00edcias em Destaque","@id":"https:\/\/noticiasemdestaque.com\/cd\/#\/schema\/person\/c1451142d5e4d7aa7848244ea9e4606f"},"headline":"PB Agora\/Datavox: Lorena lidera disputa em Monteiro com 53% das inten\u00e7\u00f5es de voto","datePublished":"2020-10-18T21:51:30+00:00","mainEntityOfPage":{"@id":"https:\/\/noticiasemdestaque.com\/cd\/?p=27302"},"wordCount":259,"publisher":{"@id":"https:\/\/noticiasemdestaque.com\/cd\/#organization"},"image":{"@id":"https:\/\/noticiasemdestaque.com\/cd\/?p=27302#primaryimage"},"thumbnailUrl":"https:\/\/noticiasemdestaque.com\/cd\/wp-content\/uploads\/2020\/10\/A62F1D7B-E00C-4CCA-A8BD-0F9059B905B7.jpeg","articleSection":["Pol\u00edtica"],"inLanguage":"pt-BR"},{"@type":"WebPage","@id":"https:\/\/noticiasemdestaque.com\/cd\/?p=27302","url":"https:\/\/noticiasemdestaque.com\/cd\/?p=27302","name":"PB Agora\/Datavox: Lorena lidera disputa em Monteiro com 53% das inten\u00e7\u00f5es de voto - Not&iacute;cias em Destaque","isPartOf":{"@id":"https:\/\/noticiasemdestaque.com\/cd\/#website"},"primaryImageOfPage":{"@id":"https:\/\/noticiasemdestaque.com\/cd\/?p=27302#primaryimage"},"image":{"@id":"https:\/\/noticiasemdestaque.com\/cd\/?p=27302#primaryimage"},"thumbnailUrl":"https:\/\/noticiasemdestaque.com\/cd\/wp-content\/uploads\/2020\/10\/A62F1D7B-E00C-4CCA-A8BD-0F9059B905B7.jpeg","datePublished":"2020-10-18T21:51:30+00:00","breadcrumb":{"@id":"https:\/\/noticiasemdestaque.com\/cd\/?p=27302#breadcrumb"},"inLanguage":"pt-BR","potentialAction":[{"@type":"ReadAction","target":["https:\/\/noticiasemdestaque.com\/cd\/?p=27302"]}]},{"@type":"ImageObject","inLanguage":"pt-BR","@id":"https:\/\/noticiasemdestaque.com\/cd\/?p=27302#primaryimage","url":"https:\/\/noticiasemdestaque.com\/cd\/wp-content\/uploads\/2020\/10\/A62F1D7B-E00C-4CCA-A8BD-0F9059B905B7.jpeg","contentUrl":"https:\/\/noticiasemdestaque.com\/cd\/wp-content\/uploads\/2020\/10\/A62F1D7B-E00C-4CCA-A8BD-0F9059B905B7.jpeg","width":768,"height":512},{"@type":"BreadcrumbList","@id":"https:\/\/noticiasemdestaque.com\/cd\/?p=27302#breadcrumb","itemListElement":[{"@type":"ListItem","position":1,"name":"In\u00edcio","item":"https:\/\/noticiasemdestaque.com\/cd\/"},{"@type":"ListItem","position":2,"name":"PB Agora\/Datavox: Lorena lidera disputa em Monteiro com 53% das inten\u00e7\u00f5es de voto"}]},{"@type":"WebSite","@id":"https:\/\/noticiasemdestaque.com\/cd\/#website","url":"https:\/\/noticiasemdestaque.com\/cd\/","name":"Not&iacute;cias em Destaque","description":"","publisher":{"@id":"https:\/\/noticiasemdestaque.com\/cd\/#organization"},"potentialAction":[{"@type":"SearchAction","target":{"@type":"EntryPoint","urlTemplate":"https:\/\/noticiasemdestaque.com\/cd\/?s={search_term_string}"},"query-input":{"@type":"PropertyValueSpecification","valueRequired":true,"valueName":"search_term_string"}}],"inLanguage":"pt-BR"},{"@type":"Organization","@id":"https:\/\/noticiasemdestaque.com\/cd\/#organization","name":"Not\u00edcias em Destaque","url":"https:\/\/noticiasemdestaque.com\/cd\/","logo":{"@type":"ImageObject","inLanguage":"pt-BR","@id":"https:\/\/noticiasemdestaque.com\/cd\/#\/schema\/logo\/image\/","url":"https:\/\/noticiasemdestaque.com\/cd\/wp-content\/uploads\/2022\/05\/imagem-base-noticiasemdestaque.png","contentUrl":"https:\/\/noticiasemdestaque.com\/cd\/wp-content\/uploads\/2022\/05\/imagem-base-noticiasemdestaque.png","width":1200,"height":630,"caption":"Not\u00edcias em Destaque"},"image":{"@id":"https:\/\/noticiasemdestaque.com\/cd\/#\/schema\/logo\/image\/"}},{"@type":"Person","@id":"https:\/\/noticiasemdestaque.com\/cd\/#\/schema\/person\/c1451142d5e4d7aa7848244ea9e4606f","name":"Not\u00edcias em Destaque","url":"https:\/\/noticiasemdestaque.com\/cd\/?author=2"}]}},"jetpack_featured_media_url":"https:\/\/noticiasemdestaque.com\/cd\/wp-content\/uploads\/2020\/10\/A62F1D7B-E00C-4CCA-A8BD-0F9059B905B7.jpeg","jetpack_sharing_enabled":true,"_links":{"self":[{"href":"https:\/\/noticiasemdestaque.com\/cd\/index.php?rest_route=\/wp\/v2\/posts\/27302","targetHints":{"allow":["GET"]}}],"collection":[{"href":"https:\/\/noticiasemdestaque.com\/cd\/index.php?rest_route=\/wp\/v2\/posts"}],"about":[{"href":"https:\/\/noticiasemdestaque.com\/cd\/index.php?rest_route=\/wp\/v2\/types\/post"}],"author":[{"embeddable":true,"href":"https:\/\/noticiasemdestaque.com\/cd\/index.php?rest_route=\/wp\/v2\/users\/2"}],"replies":[{"embeddable":true,"href":"https:\/\/noticiasemdestaque.com\/cd\/index.php?rest_route=%2Fwp%2Fv2%2Fcomments&post=27302"}],"version-history":[{"count":1,"href":"https:\/\/noticiasemdestaque.com\/cd\/index.php?rest_route=\/wp\/v2\/posts\/27302\/revisions"}],"predecessor-version":[{"id":27307,"href":"https:\/\/noticiasemdestaque.com\/cd\/index.php?rest_route=\/wp\/v2\/posts\/27302\/revisions\/27307"}],"wp:featuredmedia":[{"embeddable":true,"href":"https:\/\/noticiasemdestaque.com\/cd\/index.php?rest_route=\/wp\/v2\/media\/27293"}],"wp:attachment":[{"href":"https:\/\/noticiasemdestaque.com\/cd\/index.php?rest_route=%2Fwp%2Fv2%2Fmedia&parent=27302"}],"wp:term":[{"taxonomy":"category","embeddable":true,"href":"https:\/\/noticiasemdestaque.com\/cd\/index.php?rest_route=%2Fwp%2Fv2%2Fcategories&post=27302"},{"taxonomy":"post_tag","embeddable":true,"href":"https:\/\/noticiasemdestaque.com\/cd\/index.php?rest_route=%2Fwp%2Fv2%2Ftags&post=27302"}],"curies":[{"name":"wp","href":"https:\/\/api.w.org\/{rel}","templated":true}]}}