{"id":27295,"date":"2020-10-16T10:48:33","date_gmt":"2020-10-16T13:48:33","guid":{"rendered":"http:\/\/noticiasemdestaque.com\/cd\/?p=27295"},"modified":"2020-10-16T11:00:30","modified_gmt":"2020-10-16T14:00:30","slug":"eden-duarte-propoe-criar-programa-renda-basica-em-sume","status":"publish","type":"post","link":"https:\/\/noticiasemdestaque.com\/cd\/?p=27295","title":{"rendered":"\u00c9den Duarte prop\u00f5e criar Programa Renda B\u00e1sica em Sum\u00e9"},"content":{"rendered":"<p><a href=\"https:\/\/noticiasemdestaque.com\/cd\/wp-content\/uploads\/2020\/10\/121460887_1485333028557453_907688168395524777_o.jpg\"><img fetchpriority=\"high\" decoding=\"async\" class=\"size-medium wp-image-27296 alignleft\" src=\"https:\/\/noticiasemdestaque.com\/cd\/wp-content\/uploads\/2020\/10\/121460887_1485333028557453_907688168395524777_o-300x199.jpg\" alt=\"\" width=\"300\" height=\"199\" srcset=\"https:\/\/noticiasemdestaque.com\/cd\/wp-content\/uploads\/2020\/10\/121460887_1485333028557453_907688168395524777_o-300x199.jpg 300w, https:\/\/noticiasemdestaque.com\/cd\/wp-content\/uploads\/2020\/10\/121460887_1485333028557453_907688168395524777_o-1024x681.jpg 1024w, https:\/\/noticiasemdestaque.com\/cd\/wp-content\/uploads\/2020\/10\/121460887_1485333028557453_907688168395524777_o-768x511.jpg 768w, https:\/\/noticiasemdestaque.com\/cd\/wp-content\/uploads\/2020\/10\/121460887_1485333028557453_907688168395524777_o-1536x1021.jpg 1536w, https:\/\/noticiasemdestaque.com\/cd\/wp-content\/uploads\/2020\/10\/121460887_1485333028557453_907688168395524777_o-480x320.jpg 480w, https:\/\/noticiasemdestaque.com\/cd\/wp-content\/uploads\/2020\/10\/121460887_1485333028557453_907688168395524777_o.jpg 1692w\" sizes=\"(max-width: 300px) 100vw, 300px\" \/><\/a><\/p>\n<p>No Plano de Governo do prefeito de Sum\u00e9 e candidato a reelei\u00e7\u00e3o, \u00c9den Duarte, foi apresentado a posposta de cria\u00e7\u00e3o do Programa Renda B\u00e1sica.<\/p>\n<p>De acordo com o plano, o Renda B\u00e1sica Sum\u00e9, disponibilizar\u00e1 um vale compras para aquisi\u00e7\u00e3o de alimentos junto as mercearias de bairro, quitandas, sacol\u00f5es feira agroecol\u00f3gica e agricultores familiares com DAP.<\/p>\n<p>Ainda no plano de governo de \u00c9den destaque para a proposta de Fortalecer o programa Cozinha Solid\u00e1ria para distribui\u00e7\u00e3o de refei\u00e7\u00f5es a popula\u00e7\u00e3o mais carente.<\/p>\n<p><strong>Not\u00edcias em Destaque<\/strong><\/p>\n","protected":false},"excerpt":{"rendered":"<p>No Plano de Governo do prefeito de Sum\u00e9 e candidato a reelei\u00e7\u00e3o, \u00c9den Duarte, foi apresentado a posposta de cria\u00e7\u00e3o do Programa Renda B\u00e1sica. De acordo com o plano, o Renda B\u00e1sica Sum\u00e9, disponibilizar\u00e1 um vale compras para aquisi\u00e7\u00e3o de alimentos junto as mercearias de bairro, quitandas, sacol\u00f5es feira agroecol\u00f3gica e agricultores familiares com DAP. Ainda no plano de governo de \u00c9den destaque para a proposta de Fortalecer o programa Cozinha Solid\u00e1ria para distribui\u00e7\u00e3o de refei\u00e7\u00f5es a popula\u00e7\u00e3o mais carente. Not\u00edcias em Destaque<\/p>\n","protected":false},"author":2,"featured_media":27296,"comment_status":"closed","ping_status":"open","sticky":false,"template":"","format":"standard","meta":{"_eb_attr":"","_jetpack_memberships_contains_paid_content":false,"footnotes":""},"categories":[12],"tags":[],"class_list":["post-27295","post","type-post","status-publish","format-standard","has-post-thumbnail","hentry","category-geral"],"yoast_head":"<!-- This site is optimized with the Yoast SEO plugin v26.5 - https:\/\/yoast.com\/wordpress\/plugins\/seo\/ -->\n<title>\u00c9den Duarte prop\u00f5e criar Programa Renda B\u00e1sica em Sum\u00e9 - Not&iacute;cias em Destaque<\/title>\n<meta name=\"robots\" content=\"index, follow, max-snippet:-1, max-image-preview:large, max-video-preview:-1\" \/>\n<link rel=\"canonical\" href=\"https:\/\/noticiasemdestaque.com\/cd\/?p=27295\" \/>\n<meta property=\"og:locale\" content=\"pt_BR\" \/>\n<meta property=\"og:type\" content=\"article\" \/>\n<meta property=\"og:title\" content=\"\u00c9den Duarte prop\u00f5e criar Programa Renda B\u00e1sica em Sum\u00e9 - Not&iacute;cias em Destaque\" \/>\n<meta property=\"og:description\" content=\"No Plano de Governo do prefeito de Sum\u00e9 e candidato a reelei\u00e7\u00e3o, \u00c9den Duarte, foi apresentado a posposta de cria\u00e7\u00e3o do Programa Renda B\u00e1sica. De acordo com o plano, o Renda B\u00e1sica Sum\u00e9, disponibilizar\u00e1 um vale compras para aquisi\u00e7\u00e3o de alimentos junto as mercearias de bairro, quitandas, sacol\u00f5es feira agroecol\u00f3gica e agricultores familiares com DAP. Ainda no plano de governo de \u00c9den destaque para a proposta de Fortalecer o programa Cozinha Solid\u00e1ria para distribui\u00e7\u00e3o de refei\u00e7\u00f5es a popula\u00e7\u00e3o mais carente. Not\u00edcias em Destaque\" \/>\n<meta property=\"og:url\" content=\"https:\/\/noticiasemdestaque.com\/cd\/?p=27295\" \/>\n<meta property=\"og:site_name\" content=\"Not&iacute;cias em Destaque\" \/>\n<meta property=\"article:published_time\" content=\"2020-10-16T13:48:33+00:00\" \/>\n<meta property=\"article:modified_time\" content=\"2020-10-16T14:00:30+00:00\" \/>\n<meta property=\"og:image\" content=\"https:\/\/noticiasemdestaque.com\/cd\/wp-content\/uploads\/2020\/10\/121460887_1485333028557453_907688168395524777_o.jpg\" \/>\n\t<meta property=\"og:image:width\" content=\"1692\" \/>\n\t<meta property=\"og:image:height\" content=\"1125\" \/>\n\t<meta property=\"og:image:type\" content=\"image\/jpeg\" \/>\n<meta name=\"author\" content=\"Not\u00edcias em Destaque\" \/>\n<meta name=\"twitter:card\" content=\"summary_large_image\" \/>\n<meta name=\"twitter:label1\" content=\"Escrito por\" \/>\n\t<meta name=\"twitter:data1\" content=\"Not\u00edcias em Destaque\" \/>\n<script type=\"application\/ld+json\" class=\"yoast-schema-graph\">{\"@context\":\"https:\/\/schema.org\",\"@graph\":[{\"@type\":\"Article\",\"@id\":\"https:\/\/noticiasemdestaque.com\/cd\/?p=27295#article\",\"isPartOf\":{\"@id\":\"https:\/\/noticiasemdestaque.com\/cd\/?p=27295\"},\"author\":{\"name\":\"Not\u00edcias em Destaque\",\"@id\":\"https:\/\/noticiasemdestaque.com\/cd\/#\/schema\/person\/c1451142d5e4d7aa7848244ea9e4606f\"},\"headline\":\"\u00c9den Duarte prop\u00f5e criar Programa Renda B\u00e1sica em Sum\u00e9\",\"datePublished\":\"2020-10-16T13:48:33+00:00\",\"dateModified\":\"2020-10-16T14:00:30+00:00\",\"mainEntityOfPage\":{\"@id\":\"https:\/\/noticiasemdestaque.com\/cd\/?p=27295\"},\"wordCount\":106,\"publisher\":{\"@id\":\"https:\/\/noticiasemdestaque.com\/cd\/#organization\"},\"image\":{\"@id\":\"https:\/\/noticiasemdestaque.com\/cd\/?p=27295#primaryimage\"},\"thumbnailUrl\":\"https:\/\/noticiasemdestaque.com\/cd\/wp-content\/uploads\/2020\/10\/121460887_1485333028557453_907688168395524777_o.jpg\",\"articleSection\":[\"Geral\"],\"inLanguage\":\"pt-BR\"},{\"@type\":\"WebPage\",\"@id\":\"https:\/\/noticiasemdestaque.com\/cd\/?p=27295\",\"url\":\"https:\/\/noticiasemdestaque.com\/cd\/?p=27295\",\"name\":\"\u00c9den Duarte prop\u00f5e criar Programa Renda B\u00e1sica em Sum\u00e9 - Not&iacute;cias em Destaque\",\"isPartOf\":{\"@id\":\"https:\/\/noticiasemdestaque.com\/cd\/#website\"},\"primaryImageOfPage\":{\"@id\":\"https:\/\/noticiasemdestaque.com\/cd\/?p=27295#primaryimage\"},\"image\":{\"@id\":\"https:\/\/noticiasemdestaque.com\/cd\/?p=27295#primaryimage\"},\"thumbnailUrl\":\"https:\/\/noticiasemdestaque.com\/cd\/wp-content\/uploads\/2020\/10\/121460887_1485333028557453_907688168395524777_o.jpg\",\"datePublished\":\"2020-10-16T13:48:33+00:00\",\"dateModified\":\"2020-10-16T14:00:30+00:00\",\"breadcrumb\":{\"@id\":\"https:\/\/noticiasemdestaque.com\/cd\/?p=27295#breadcrumb\"},\"inLanguage\":\"pt-BR\",\"potentialAction\":[{\"@type\":\"ReadAction\",\"target\":[\"https:\/\/noticiasemdestaque.com\/cd\/?p=27295\"]}]},{\"@type\":\"ImageObject\",\"inLanguage\":\"pt-BR\",\"@id\":\"https:\/\/noticiasemdestaque.com\/cd\/?p=27295#primaryimage\",\"url\":\"https:\/\/noticiasemdestaque.com\/cd\/wp-content\/uploads\/2020\/10\/121460887_1485333028557453_907688168395524777_o.jpg\",\"contentUrl\":\"https:\/\/noticiasemdestaque.com\/cd\/wp-content\/uploads\/2020\/10\/121460887_1485333028557453_907688168395524777_o.jpg\",\"width\":1692,\"height\":1125},{\"@type\":\"BreadcrumbList\",\"@id\":\"https:\/\/noticiasemdestaque.com\/cd\/?p=27295#breadcrumb\",\"itemListElement\":[{\"@type\":\"ListItem\",\"position\":1,\"name\":\"In\u00edcio\",\"item\":\"https:\/\/noticiasemdestaque.com\/cd\/\"},{\"@type\":\"ListItem\",\"position\":2,\"name\":\"\u00c9den Duarte prop\u00f5e criar Programa Renda B\u00e1sica em Sum\u00e9\"}]},{\"@type\":\"WebSite\",\"@id\":\"https:\/\/noticiasemdestaque.com\/cd\/#website\",\"url\":\"https:\/\/noticiasemdestaque.com\/cd\/\",\"name\":\"Not&iacute;cias em Destaque\",\"description\":\"\",\"publisher\":{\"@id\":\"https:\/\/noticiasemdestaque.com\/cd\/#organization\"},\"potentialAction\":[{\"@type\":\"SearchAction\",\"target\":{\"@type\":\"EntryPoint\",\"urlTemplate\":\"https:\/\/noticiasemdestaque.com\/cd\/?s={search_term_string}\"},\"query-input\":{\"@type\":\"PropertyValueSpecification\",\"valueRequired\":true,\"valueName\":\"search_term_string\"}}],\"inLanguage\":\"pt-BR\"},{\"@type\":\"Organization\",\"@id\":\"https:\/\/noticiasemdestaque.com\/cd\/#organization\",\"name\":\"Not\u00edcias em Destaque\",\"url\":\"https:\/\/noticiasemdestaque.com\/cd\/\",\"logo\":{\"@type\":\"ImageObject\",\"inLanguage\":\"pt-BR\",\"@id\":\"https:\/\/noticiasemdestaque.com\/cd\/#\/schema\/logo\/image\/\",\"url\":\"https:\/\/noticiasemdestaque.com\/cd\/wp-content\/uploads\/2022\/05\/imagem-base-noticiasemdestaque.png\",\"contentUrl\":\"https:\/\/noticiasemdestaque.com\/cd\/wp-content\/uploads\/2022\/05\/imagem-base-noticiasemdestaque.png\",\"width\":1200,\"height\":630,\"caption\":\"Not\u00edcias em Destaque\"},\"image\":{\"@id\":\"https:\/\/noticiasemdestaque.com\/cd\/#\/schema\/logo\/image\/\"}},{\"@type\":\"Person\",\"@id\":\"https:\/\/noticiasemdestaque.com\/cd\/#\/schema\/person\/c1451142d5e4d7aa7848244ea9e4606f\",\"name\":\"Not\u00edcias em Destaque\",\"url\":\"https:\/\/noticiasemdestaque.com\/cd\/?author=2\"}]}<\/script>\n<!-- \/ Yoast SEO plugin. -->","yoast_head_json":{"title":"\u00c9den Duarte prop\u00f5e criar Programa Renda B\u00e1sica em Sum\u00e9 - Not&iacute;cias em Destaque","robots":{"index":"index","follow":"follow","max-snippet":"max-snippet:-1","max-image-preview":"max-image-preview:large","max-video-preview":"max-video-preview:-1"},"canonical":"https:\/\/noticiasemdestaque.com\/cd\/?p=27295","og_locale":"pt_BR","og_type":"article","og_title":"\u00c9den Duarte prop\u00f5e criar Programa Renda B\u00e1sica em Sum\u00e9 - Not&iacute;cias em Destaque","og_description":"No Plano de Governo do prefeito de Sum\u00e9 e candidato a reelei\u00e7\u00e3o, \u00c9den Duarte, foi apresentado a posposta de cria\u00e7\u00e3o do Programa Renda B\u00e1sica. De acordo com o plano, o Renda B\u00e1sica Sum\u00e9, disponibilizar\u00e1 um vale compras para aquisi\u00e7\u00e3o de alimentos junto as mercearias de bairro, quitandas, sacol\u00f5es feira agroecol\u00f3gica e agricultores familiares com DAP. Ainda no plano de governo de \u00c9den destaque para a proposta de Fortalecer o programa Cozinha Solid\u00e1ria para distribui\u00e7\u00e3o de refei\u00e7\u00f5es a popula\u00e7\u00e3o mais carente. Not\u00edcias em Destaque","og_url":"https:\/\/noticiasemdestaque.com\/cd\/?p=27295","og_site_name":"Not&iacute;cias em Destaque","article_published_time":"2020-10-16T13:48:33+00:00","article_modified_time":"2020-10-16T14:00:30+00:00","og_image":[{"width":1692,"height":1125,"url":"https:\/\/noticiasemdestaque.com\/cd\/wp-content\/uploads\/2020\/10\/121460887_1485333028557453_907688168395524777_o.jpg","type":"image\/jpeg"}],"author":"Not\u00edcias em Destaque","twitter_card":"summary_large_image","twitter_misc":{"Escrito por":"Not\u00edcias em Destaque"},"schema":{"@context":"https:\/\/schema.org","@graph":[{"@type":"Article","@id":"https:\/\/noticiasemdestaque.com\/cd\/?p=27295#article","isPartOf":{"@id":"https:\/\/noticiasemdestaque.com\/cd\/?p=27295"},"author":{"name":"Not\u00edcias em Destaque","@id":"https:\/\/noticiasemdestaque.com\/cd\/#\/schema\/person\/c1451142d5e4d7aa7848244ea9e4606f"},"headline":"\u00c9den Duarte prop\u00f5e criar Programa Renda B\u00e1sica em Sum\u00e9","datePublished":"2020-10-16T13:48:33+00:00","dateModified":"2020-10-16T14:00:30+00:00","mainEntityOfPage":{"@id":"https:\/\/noticiasemdestaque.com\/cd\/?p=27295"},"wordCount":106,"publisher":{"@id":"https:\/\/noticiasemdestaque.com\/cd\/#organization"},"image":{"@id":"https:\/\/noticiasemdestaque.com\/cd\/?p=27295#primaryimage"},"thumbnailUrl":"https:\/\/noticiasemdestaque.com\/cd\/wp-content\/uploads\/2020\/10\/121460887_1485333028557453_907688168395524777_o.jpg","articleSection":["Geral"],"inLanguage":"pt-BR"},{"@type":"WebPage","@id":"https:\/\/noticiasemdestaque.com\/cd\/?p=27295","url":"https:\/\/noticiasemdestaque.com\/cd\/?p=27295","name":"\u00c9den Duarte prop\u00f5e criar Programa Renda B\u00e1sica em Sum\u00e9 - Not&iacute;cias em Destaque","isPartOf":{"@id":"https:\/\/noticiasemdestaque.com\/cd\/#website"},"primaryImageOfPage":{"@id":"https:\/\/noticiasemdestaque.com\/cd\/?p=27295#primaryimage"},"image":{"@id":"https:\/\/noticiasemdestaque.com\/cd\/?p=27295#primaryimage"},"thumbnailUrl":"https:\/\/noticiasemdestaque.com\/cd\/wp-content\/uploads\/2020\/10\/121460887_1485333028557453_907688168395524777_o.jpg","datePublished":"2020-10-16T13:48:33+00:00","dateModified":"2020-10-16T14:00:30+00:00","breadcrumb":{"@id":"https:\/\/noticiasemdestaque.com\/cd\/?p=27295#breadcrumb"},"inLanguage":"pt-BR","potentialAction":[{"@type":"ReadAction","target":["https:\/\/noticiasemdestaque.com\/cd\/?p=27295"]}]},{"@type":"ImageObject","inLanguage":"pt-BR","@id":"https:\/\/noticiasemdestaque.com\/cd\/?p=27295#primaryimage","url":"https:\/\/noticiasemdestaque.com\/cd\/wp-content\/uploads\/2020\/10\/121460887_1485333028557453_907688168395524777_o.jpg","contentUrl":"https:\/\/noticiasemdestaque.com\/cd\/wp-content\/uploads\/2020\/10\/121460887_1485333028557453_907688168395524777_o.jpg","width":1692,"height":1125},{"@type":"BreadcrumbList","@id":"https:\/\/noticiasemdestaque.com\/cd\/?p=27295#breadcrumb","itemListElement":[{"@type":"ListItem","position":1,"name":"In\u00edcio","item":"https:\/\/noticiasemdestaque.com\/cd\/"},{"@type":"ListItem","position":2,"name":"\u00c9den Duarte prop\u00f5e criar Programa Renda B\u00e1sica em Sum\u00e9"}]},{"@type":"WebSite","@id":"https:\/\/noticiasemdestaque.com\/cd\/#website","url":"https:\/\/noticiasemdestaque.com\/cd\/","name":"Not&iacute;cias em Destaque","description":"","publisher":{"@id":"https:\/\/noticiasemdestaque.com\/cd\/#organization"},"potentialAction":[{"@type":"SearchAction","target":{"@type":"EntryPoint","urlTemplate":"https:\/\/noticiasemdestaque.com\/cd\/?s={search_term_string}"},"query-input":{"@type":"PropertyValueSpecification","valueRequired":true,"valueName":"search_term_string"}}],"inLanguage":"pt-BR"},{"@type":"Organization","@id":"https:\/\/noticiasemdestaque.com\/cd\/#organization","name":"Not\u00edcias em Destaque","url":"https:\/\/noticiasemdestaque.com\/cd\/","logo":{"@type":"ImageObject","inLanguage":"pt-BR","@id":"https:\/\/noticiasemdestaque.com\/cd\/#\/schema\/logo\/image\/","url":"https:\/\/noticiasemdestaque.com\/cd\/wp-content\/uploads\/2022\/05\/imagem-base-noticiasemdestaque.png","contentUrl":"https:\/\/noticiasemdestaque.com\/cd\/wp-content\/uploads\/2022\/05\/imagem-base-noticiasemdestaque.png","width":1200,"height":630,"caption":"Not\u00edcias em Destaque"},"image":{"@id":"https:\/\/noticiasemdestaque.com\/cd\/#\/schema\/logo\/image\/"}},{"@type":"Person","@id":"https:\/\/noticiasemdestaque.com\/cd\/#\/schema\/person\/c1451142d5e4d7aa7848244ea9e4606f","name":"Not\u00edcias em Destaque","url":"https:\/\/noticiasemdestaque.com\/cd\/?author=2"}]}},"jetpack_featured_media_url":"https:\/\/noticiasemdestaque.com\/cd\/wp-content\/uploads\/2020\/10\/121460887_1485333028557453_907688168395524777_o.jpg","jetpack_sharing_enabled":true,"_links":{"self":[{"href":"https:\/\/noticiasemdestaque.com\/cd\/index.php?rest_route=\/wp\/v2\/posts\/27295","targetHints":{"allow":["GET"]}}],"collection":[{"href":"https:\/\/noticiasemdestaque.com\/cd\/index.php?rest_route=\/wp\/v2\/posts"}],"about":[{"href":"https:\/\/noticiasemdestaque.com\/cd\/index.php?rest_route=\/wp\/v2\/types\/post"}],"author":[{"embeddable":true,"href":"https:\/\/noticiasemdestaque.com\/cd\/index.php?rest_route=\/wp\/v2\/users\/2"}],"replies":[{"embeddable":true,"href":"https:\/\/noticiasemdestaque.com\/cd\/index.php?rest_route=%2Fwp%2Fv2%2Fcomments&post=27295"}],"version-history":[{"count":3,"href":"https:\/\/noticiasemdestaque.com\/cd\/index.php?rest_route=\/wp\/v2\/posts\/27295\/revisions"}],"predecessor-version":[{"id":27299,"href":"https:\/\/noticiasemdestaque.com\/cd\/index.php?rest_route=\/wp\/v2\/posts\/27295\/revisions\/27299"}],"wp:featuredmedia":[{"embeddable":true,"href":"https:\/\/noticiasemdestaque.com\/cd\/index.php?rest_route=\/wp\/v2\/media\/27296"}],"wp:attachment":[{"href":"https:\/\/noticiasemdestaque.com\/cd\/index.php?rest_route=%2Fwp%2Fv2%2Fmedia&parent=27295"}],"wp:term":[{"taxonomy":"category","embeddable":true,"href":"https:\/\/noticiasemdestaque.com\/cd\/index.php?rest_route=%2Fwp%2Fv2%2Fcategories&post=27295"},{"taxonomy":"post_tag","embeddable":true,"href":"https:\/\/noticiasemdestaque.com\/cd\/index.php?rest_route=%2Fwp%2Fv2%2Ftags&post=27295"}],"curies":[{"name":"wp","href":"https:\/\/api.w.org\/{rel}","templated":true}]}}